{"id":20171,"date":"2023-12-24T13:05:18","date_gmt":"2023-12-24T16:05:18","guid":{"rendered":"https:\/\/noticiasribeiraopreto.com.br\/index.php\/2023\/12\/24\/azul-passa-a-fazer-voos-para-cidade-do-litoral-norte-de-sao-paulo\/"},"modified":"2023-12-24T13:05:18","modified_gmt":"2023-12-24T16:05:18","slug":"azul-passa-a-fazer-voos-para-cidade-do-litoral-norte-de-sao-paulo","status":"publish","type":"post","link":"https:\/\/noticiasribeiraopreto.com.br\/index.php\/2023\/12\/24\/azul-passa-a-fazer-voos-para-cidade-do-litoral-norte-de-sao-paulo\/","title":{"rendered":"Azul passa a fazer voos para cidade do litoral norte de S\u00e3o Paulo"},"content":{"rendered":"<div class='code-block code-block-1' style='margin: 8px 0 8px auto; text-align: right; display: block; clear: both;'>\n<p><a href=\"https:\/\/wa.link\/vpicfd\"><img data-recalc-dims=\"1\" class=\"wp-image-4922\" style=\"aspect-ratio: 2.0253164556962027; width: 561px; height: auto;\" src=\"https:\/\/i0.wp.com\/ismaelcolosi.com.br\/wp-content\/uploads\/2023\/11\/grupo-de-empregos-whatsapp-e-facebook-ismael-colosi-vagas.jpg?ssl=1\" alt=\"\" \/><\/a><\/p>\n<!-- \/wp:image -->\n<\/div>\n<p> <br \/>\n<\/p>\n<div>\n<p>Grande not\u00edcia para os residentes e visitantes do litoral norte de S\u00e3o Paulo: a Azul Conecta, subsidi\u00e1ria da Azul, recebeu permiss\u00e3o para fazer voos fretados para o aeroporto Gast\u00e3o Madeira, em <a href=\"https:\/\/catracalivre.com.br\/viagem-livre\/trilha-das-7-praias-de-ubatuba-tudo-que-voce-precisa-saber\/\">Ubatuba<\/a>.<\/p>\n<div id=\"attachment_2316085\" class=\"wp-caption aligncenter\">\n<div class=\"d-flex justify-content-center\" data-attachment-id=\"2316085\">\n<div class=\"position-relative d-inline-block\"><img data-recalc-dims=\"1\" data-portal-copyright=\"Gustavo_Asciutti\/iStock\" fetchpriority=\"high\" decoding=\"async\" class=\"size-full wp-image-2316085\" src=\"https:\/\/i0.wp.com\/catracalivre.com.br\/wp-content\/uploads\/2023\/12\/ilha-das-couves-ubatuba.jpg?resize=1254%2C836&#038;ssl=1\" alt=\"Ilha das Couves, em Ubatuba\" width=\"1254\" height=\"836\" srcset=\"https:\/\/catracalivre.com.br\/wp-content\/uploads\/2023\/12\/ilha-das-couves-ubatuba.jpg 1254w, https:\/\/catracalivre.com.br\/wp-content\/uploads\/2023\/12\/ilha-das-couves-ubatuba-450x300.jpg 450w, https:\/\/catracalivre.com.br\/wp-content\/uploads\/2023\/12\/ilha-das-couves-ubatuba-768x512.jpg 768w\" sizes=\"(max-width: 1254px) 100vw, 1254px\"\/><\/p>\n<p>Cr\u00e9ditos: Gustavo_Asciutti\/iStock<\/p>\n<\/div>\n<\/div>\n<p><span class=\"post-imagem__legenda\">Ilha das Couves, em Ubatuba<\/span><\/p>\n<\/div>\n<p>O aeroporto, localizado no centro de Ubatuba, tem uma pista relativamente pequena \u2013 com 940 metros de comprimento e 30 de largura. Foi justamente por isso que a empresa escolheu operar seus voos com aeronaves Cessna Grand Caravan, que comportam at\u00e9 nove passageiros.<\/p>\n<h2>O que a Azul Conecta planeja para Ubatuba?<\/h2>\n<p>Em comunicado \u00e0 imprensa, o gerente comercial da Azul Conecta, C\u00e9sar Avallone Merigo, explicou que esses voos podem partir de qualquer aeroporto brasileiro, desde que haja aprova\u00e7\u00e3o da equipe operacional da empresa.<\/p>\n<p>Contudo, ele destacou que \u201cn\u00e3o se trata de uma opera\u00e7\u00e3o regular, e sim, voos dedicados que n\u00e3o ser\u00e3o comercializados pela empresa em seus canais de vendas\u201d.<\/p>\n<h2>Quanto custar\u00e1 as passagens a\u00e9reas de e para Ubatuba?<\/h2>\n<p>Entre as estrat\u00e9gias definidas pela Azul Conecta para optimizar a sua presen\u00e7a no litoral norte de S\u00e3o Paulo, est\u00e1 a liga\u00e7\u00e3o a outros aeroportos da regi\u00e3o. Por exemplo, a companhia a\u00e9rea calcula um custo de R$ 700,00 para operar uma rota entre S\u00e3o Jos\u00e9 dos Campos e Ubatuba, e R$ 1.400,00 para um voo entre S\u00e3o Paulo e Ubatuba, por passageiro.<\/p>\n<div id=\"attachment_2329169\" class=\"wp-caption aligncenter\">\n<div class=\"d-flex justify-content-center\" data-attachment-id=\"2329169\">\n<div class=\"position-relative d-inline-block\"><img data-recalc-dims=\"1\" loading=\"lazy\" data-portal-copyright=\"Depositphotos\" decoding=\"async\" class=\"size-full wp-image-2329169\" src=\"https:\/\/i0.wp.com\/catracalivre.com.br\/wp-content\/uploads\/2023\/12\/depositphotos-51901253-l.jpg?resize=2000%2C1151&#038;ssl=1\" alt=\"Azul inicia voos para Ubatuba (SP); confira essa novidade!\" width=\"2000\" height=\"1151\" srcset=\"https:\/\/catracalivre.com.br\/wp-content\/uploads\/2023\/12\/depositphotos-51901253-l.jpg 2000w, https:\/\/catracalivre.com.br\/wp-content\/uploads\/2023\/12\/depositphotos-51901253-l-450x259.jpg 450w, https:\/\/catracalivre.com.br\/wp-content\/uploads\/2023\/12\/depositphotos-51901253-l-768x442.jpg 768w\" sizes=\"auto, (max-width: 2000px) 100vw, 2000px\"\/><\/p>\n<p>Cr\u00e9ditos: Depositphotos<\/p>\n<\/div>\n<\/div>\n<p><span class=\"post-imagem__legenda\">Azul inicia voos para Ubatuba (SP); confira essa novidade!<\/span><\/p>\n<\/div>\n<p>A pr\u00f3pria Ubatuba foi escolhida por suas estruturas adequadas e seguras para o tipo de voo que a empresa planeja operar, atestadas por sua equipe t\u00e9cnica.<\/p>\n<h2>Transporte de cargas em voos fretados da Azul para o litoral norte<\/h2>\n<p>A <a href=\"https:\/\/www.voeazul.com.br\/br\/pt\/sobreazul\/experiencia-azul\/azul-conecta\" target=\"_blank\" rel=\"noopener\">Azul Conecta<\/a> tamb\u00e9m est\u00e1 de olho no transporte de cargas, com a inten\u00e7\u00e3o de operar voos fretados para esse fim. Cada uma dessas aeronaves fretadas vai ser capaz de transportar at\u00e9 uma tonelada de carga.<\/p>\n<p>Isso \u00e9 uma novidade especialmente importante porque a empresa tem licen\u00e7a para levar produtos controlados, como materiais qu\u00edmicos e f\u00e1rmacos. Essa capacidade abre uma nova via para a economia da regi\u00e3o, impactando tanto as empresas quanto os cidad\u00e3os locais.<\/p>\n<p>Vale lembrar de que esta \u00e9 uma opera\u00e7\u00e3o in\u00e9dita para a Azul Conecta, que visa explorar cada vez mais o mercado de voos fretados para destinos estrat\u00e9gicos, como Ubatuba, construindo uma rede de conex\u00f5es regionais mais eficiente.<\/p>\n<\/div>\n<p><script>\n\t\t! function(f, b, e, v, n, t, s) {\n\t\t\tif (f.fbq) return;\n\t\t\tn = f.fbq = function() {\n\t\t\t\tn.callMethod ?\n\t\t\t\t\tn.callMethod.apply(n, arguments) : n.queue.push(arguments)\n\t\t\t};\n\t\t\tif (!f._fbq) f._fbq = n;\n\t\t\tn.push = n;\n\t\t\tn.loaded = !0;\n\t\t\tn.version = '2.0';\n\t\t\tn.queue = [];\n\t\t\tt = b.createElement(e);\n\t\t\tt.async = !0;\n\t\t\tt.src = v;\n\t\t\ts = b.getElementsByTagName(e)[0];\n\t\t\ts.parentNode.insertBefore(t, s)\n\t\t}(window, document, 'script',\n\t\t\t'https:\/\/connect.facebook.net\/en_US\/fbevents.js');\n\t\tfbq('init', '338315473262380');\n\t\tfbq('track', 'PageView');\n\t<\/script><br \/>\n<br \/><br \/>\n<br \/><a href=\"https:\/\/catracalivre.com.br\/viagem-livre\/azul-passa-a-fazer-voos-para-cidade-do-litoral-norte-de-sao-paulo\/\">Source link <\/a><\/p>\n<!-- CONTENT END 1 -->\n","protected":false},"excerpt":{"rendered":"<p>Grande not\u00edcia para os residentes e visitantes do litoral norte de S\u00e3o Paulo: a Azul Conecta, subsidi\u00e1ria da Azul, recebeu permiss\u00e3o para fazer voos fretados&#8230;<\/p>\n","protected":false},"author":1,"featured_media":20172,"comment_status":"open","ping_status":"open","sticky":false,"template":"","format":"standard","meta":{"advanced_seo_description":"","jetpack_seo_html_title":"","jetpack_seo_noindex":false,"jetpack_post_was_ever_published":false,"_jetpack_newsletter_access":"","_jetpack_dont_email_post_to_subs":false,"_jetpack_newsletter_tier_id":0,"_jetpack_memberships_contains_paywalled_content":false,"_jetpack_memberships_contains_paid_content":false,"footnotes":"","jetpack_publicize_message":"","jetpack_publicize_feature_enabled":true,"jetpack_social_post_already_shared":true,"jetpack_social_options":{"image_generator_settings":{"template":"highway","default_image_id":0,"font":"","enabled":false},"version":2}},"categories":[19],"tags":[],"class_list":["post-20171","post","type-post","status-publish","format-standard","has-post-thumbnail","hentry","category-variedades"],"jetpack_publicize_connections":[],"jetpack_featured_media_url":"https:\/\/i0.wp.com\/noticiasribeiraopreto.com.br\/wp-content\/uploads\/2023\/12\/1703433921_ilha-das-couves-ubatuba.jpg?fit=1200%2C638&ssl=1","jetpack-related-posts":[{"id":17762,"url":"https:\/\/noticiasribeiraopreto.com.br\/index.php\/2023\/12\/19\/ubatuba-sp-passa-a-receber-voos-da-azul-confira-precos\/","url_meta":{"origin":20171,"position":0},"title":"Ubatuba (SP) passa a receber voos da Azul; confira pre\u00e7os","author":"noticiasribeiraopreto.com.br","date":"19 de December de 2023","format":false,"excerpt":"A Azul Conecta, empresa sub-regional da Azul, foi liberada para operar voos no aeroporto Gast\u00e3o Madeira, na regi\u00e3o central de Ubatuba, no litoral norte paulista. Por conta da pista pequena, que tem 940 metros de largura e 30 de largura, os voos em parceria com a VoaSP ser\u00e3o operados com\u2026","rel":"","context":"In &quot;Variedades&quot;","block_context":{"text":"Variedades","link":"https:\/\/noticiasribeiraopreto.com.br\/index.php\/category\/variedades\/"},"img":{"alt_text":"","src":"https:\/\/i0.wp.com\/noticiasribeiraopreto.com.br\/wp-content\/uploads\/2023\/12\/aeroporto-de-ubatuba.jpg?fit=1200%2C638&ssl=1&resize=350%2C200","width":350,"height":200,"srcset":"https:\/\/i0.wp.com\/noticiasribeiraopreto.com.br\/wp-content\/uploads\/2023\/12\/aeroporto-de-ubatuba.jpg?fit=1200%2C638&ssl=1&resize=350%2C200 1x, https:\/\/i0.wp.com\/noticiasribeiraopreto.com.br\/wp-content\/uploads\/2023\/12\/aeroporto-de-ubatuba.jpg?fit=1200%2C638&ssl=1&resize=525%2C300 1.5x, https:\/\/i0.wp.com\/noticiasribeiraopreto.com.br\/wp-content\/uploads\/2023\/12\/aeroporto-de-ubatuba.jpg?fit=1200%2C638&ssl=1&resize=700%2C400 2x, https:\/\/i0.wp.com\/noticiasribeiraopreto.com.br\/wp-content\/uploads\/2023\/12\/aeroporto-de-ubatuba.jpg?fit=1200%2C638&ssl=1&resize=1050%2C600 3x"},"classes":[]},{"id":78624,"url":"https:\/\/noticiasribeiraopreto.com.br\/index.php\/2025\/10\/15\/cancelamentos-em-voo-seguram-casal-de-ribeirao-na-espanha\/","url_meta":{"origin":20171,"position":1},"title":"Cancelamentos em voo seguram casal de Ribeir\u00e3o na Espanha","author":"noticiasribeiraopreto.com.br","date":"15 de October de 2025","format":false,"excerpt":"Voo da Azul foi cancelado quatro vezes; passageiros ficam sem comer e t\u00eam hotel negado em Madri\u2028\u2028 Jos\u00e9 Maria \u2028Tomazela (AE) Os passageiros de um voo da Azul Lins A\u00e9reas que deveria partir de Madri (Espanha) no s\u00e1bado, 11 de outubro, com destino ao Aeroporto de Viracopos, em Campinas, interior\u2026","rel":"","context":"In &quot;Not\u00edcias de Ribeir\u00e3o Preto-SP e Regi\u00e3o&quot;","block_context":{"text":"Not\u00edcias de Ribeir\u00e3o Preto-SP e Regi\u00e3o","link":"https:\/\/noticiasribeiraopreto.com.br\/index.php\/category\/noticias-de-ribeirao-preto-sp-e-regiao-ismael-colosi\/"},"img":{"alt_text":"","src":"https:\/\/i0.wp.com\/noticiasribeiraopreto.com.br\/wp-content\/uploads\/2025\/10\/Azul-Detalhe-Gustavo-Marsico-Acervo-pessoal.jpg?fit=600%2C500&ssl=1&resize=350%2C200","width":350,"height":200,"srcset":"https:\/\/i0.wp.com\/noticiasribeiraopreto.com.br\/wp-content\/uploads\/2025\/10\/Azul-Detalhe-Gustavo-Marsico-Acervo-pessoal.jpg?fit=600%2C500&ssl=1&resize=350%2C200 1x, https:\/\/i0.wp.com\/noticiasribeiraopreto.com.br\/wp-content\/uploads\/2025\/10\/Azul-Detalhe-Gustavo-Marsico-Acervo-pessoal.jpg?fit=600%2C500&ssl=1&resize=525%2C300 1.5x"},"classes":[]},{"id":62492,"url":"https:\/\/noticiasribeiraopreto.com.br\/index.php\/2025\/01\/15\/azul-e-gol-firmam-fusao-historica-o-que-muda-para-o-mercado-aereo\/","url_meta":{"origin":20171,"position":2},"title":"Azul e Gol firmam fus\u00e3o hist\u00f3rica: O que muda para o mercado a\u00e9reo?","author":"noticiasribeiraopreto.com.br","date":"15 de January de 2025","format":false,"excerpt":"As companhias a\u00e9reas Azul (AZUL4) e Gol (GOLL3) assinaram, nesta quarta-feira (15), um acordo para fus\u00e3o e cria\u00e7\u00e3o de uma nova empresa que ter\u00e1 mais de 60% do mercado de avia\u00e7\u00e3o no Brasil. John Rodgerson, CEO da Azul, ser\u00e1 o presidente do novo grupo, que come\u00e7ar\u00e1 a operar em 2026,\u2026","rel":"","context":"In &quot;Not\u00edcias de Ribeir\u00e3o Preto-SP e Regi\u00e3o&quot;","block_context":{"text":"Not\u00edcias de Ribeir\u00e3o Preto-SP e Regi\u00e3o","link":"https:\/\/noticiasribeiraopreto.com.br\/index.php\/category\/noticias-de-ribeirao-preto-sp-e-regiao-ismael-colosi\/"},"img":{"alt_text":"","src":"https:\/\/i0.wp.com\/noticiasribeiraopreto.com.br\/wp-content\/uploads\/2025\/01\/Copia-de-Copia-de-Copia-de-TAMANHO-EXATO-PARA-FOTOS-NO-SISTEMA-NOVO-2025-01-15T203917.178_2025-01-15_23-39-23_png_2025-01-15_23-39-23.webp.webp?fit=1200%2C675&ssl=1&resize=350%2C200","width":350,"height":200,"srcset":"https:\/\/i0.wp.com\/noticiasribeiraopreto.com.br\/wp-content\/uploads\/2025\/01\/Copia-de-Copia-de-Copia-de-TAMANHO-EXATO-PARA-FOTOS-NO-SISTEMA-NOVO-2025-01-15T203917.178_2025-01-15_23-39-23_png_2025-01-15_23-39-23.webp.webp?fit=1200%2C675&ssl=1&resize=350%2C200 1x, https:\/\/i0.wp.com\/noticiasribeiraopreto.com.br\/wp-content\/uploads\/2025\/01\/Copia-de-Copia-de-Copia-de-TAMANHO-EXATO-PARA-FOTOS-NO-SISTEMA-NOVO-2025-01-15T203917.178_2025-01-15_23-39-23_png_2025-01-15_23-39-23.webp.webp?fit=1200%2C675&ssl=1&resize=525%2C300 1.5x, https:\/\/i0.wp.com\/noticiasribeiraopreto.com.br\/wp-content\/uploads\/2025\/01\/Copia-de-Copia-de-Copia-de-TAMANHO-EXATO-PARA-FOTOS-NO-SISTEMA-NOVO-2025-01-15T203917.178_2025-01-15_23-39-23_png_2025-01-15_23-39-23.webp.webp?fit=1200%2C675&ssl=1&resize=700%2C400 2x, https:\/\/i0.wp.com\/noticiasribeiraopreto.com.br\/wp-content\/uploads\/2025\/01\/Copia-de-Copia-de-Copia-de-TAMANHO-EXATO-PARA-FOTOS-NO-SISTEMA-NOVO-2025-01-15T203917.178_2025-01-15_23-39-23_png_2025-01-15_23-39-23.webp.webp?fit=1200%2C675&ssl=1&resize=1050%2C600 3x"},"classes":[]},{"id":18885,"url":"https:\/\/noticiasribeiraopreto.com.br\/index.php\/2023\/12\/21\/6-praias-fotogenicas-no-litoral-de-sao-paulo\/","url_meta":{"origin":20171,"position":3},"title":"6 praias fotog\u00eanicas no litoral de S\u00e3o Paulo","author":"noticiasribeiraopreto.com.br","date":"21 de December de 2023","format":false,"excerpt":"O litoral de S\u00e3o Paulo guarda verdadeiros cen\u00e1rios de cart\u00e3o postal, praias que n\u00e3o apenas encantam os olhos, mas que tamb\u00e9m s\u00e3o um deleite para fot\u00f3grafos em busca de imagens deslumbrantes. Longe da agita\u00e7\u00e3o urbana, essas seis praias se destacam por sua beleza singular, proporcionando momentos fotogr\u00e1ficos memor\u00e1veis. Abaixo, a\u2026","rel":"","context":"In &quot;Variedades&quot;","block_context":{"text":"Variedades","link":"https:\/\/noticiasribeiraopreto.com.br\/index.php\/category\/variedades\/"},"img":{"alt_text":"","src":"https:\/\/i0.wp.com\/noticiasribeiraopreto.com.br\/wp-content\/uploads\/2023\/12\/ilha-bela.jpg?fit=1200%2C638&ssl=1&resize=350%2C200","width":350,"height":200,"srcset":"https:\/\/i0.wp.com\/noticiasribeiraopreto.com.br\/wp-content\/uploads\/2023\/12\/ilha-bela.jpg?fit=1200%2C638&ssl=1&resize=350%2C200 1x, https:\/\/i0.wp.com\/noticiasribeiraopreto.com.br\/wp-content\/uploads\/2023\/12\/ilha-bela.jpg?fit=1200%2C638&ssl=1&resize=525%2C300 1.5x, https:\/\/i0.wp.com\/noticiasribeiraopreto.com.br\/wp-content\/uploads\/2023\/12\/ilha-bela.jpg?fit=1200%2C638&ssl=1&resize=700%2C400 2x, https:\/\/i0.wp.com\/noticiasribeiraopreto.com.br\/wp-content\/uploads\/2023\/12\/ilha-bela.jpg?fit=1200%2C638&ssl=1&resize=1050%2C600 3x"},"classes":[]},{"id":45711,"url":"https:\/\/noticiasribeiraopreto.com.br\/index.php\/2024\/04\/05\/azul-disponibiliza-voos-para-show-de-madonna\/","url_meta":{"origin":20171,"position":4},"title":"Azul disponibiliza voos para show de Madonna\u00a0","author":"noticiasribeiraopreto.com.br","date":"5 de April de 2024","format":false,"excerpt":"5 de abril de 2024 | 17:005 de abril de 2024 | 12:41 0 A Azul Linhas A\u00e9reas, l\u00edder no Brasil em voos e cidades atendidas, anuncia uma ampla oferta de voos extras para o aguardado show da Madonna no Rio de Janeiro, partindo do Aeroporto Estadual Doutor Leite Lopes,\u2026","rel":"","context":"In &quot;Not\u00edcias de Ribeir\u00e3o Preto-SP e Regi\u00e3o&quot;","block_context":{"text":"Not\u00edcias de Ribeir\u00e3o Preto-SP e Regi\u00e3o","link":"https:\/\/noticiasribeiraopreto.com.br\/index.php\/category\/noticias-de-ribeirao-preto-sp-e-regiao-ismael-colosi\/"},"img":{"alt_text":"","src":"","width":0,"height":0},"classes":[]},{"id":78596,"url":"https:\/\/noticiasribeiraopreto.com.br\/index.php\/2025\/10\/14\/e-uma-coisa-muito-triste-diz-passageiro-de-ribeirao-que-teve-voo-de-madri-cancelado-4-vezes\/","url_meta":{"origin":20171,"position":5},"title":"&#8216;\u00c9 uma coisa muito triste&#8217;, diz passageiro de Ribeir\u00e3o que teve voo de Madri cancelado 4 vezes","author":"noticiasribeiraopreto.com.br","date":"14 de October de 2025","format":false,"excerpt":"Os passageiros de um voo da Azul que deveria partir de Madri, na Espanha, no \u00faltimo s\u00e1bado (11), com destino ao aeroporto de Viracopos, em Campinas, interior de S\u00e3o Paulo, enfrentaram ao menos quatro cancelamentos e muitos ainda est\u00e3o sem previs\u00e3o de voltar ao Brasil. Entre eles, est\u00e1 um casal\u2026","rel":"","context":"In &quot;Not\u00edcias de Ribeir\u00e3o Preto-SP e Regi\u00e3o&quot;","block_context":{"text":"Not\u00edcias de Ribeir\u00e3o Preto-SP e Regi\u00e3o","link":"https:\/\/noticiasribeiraopreto.com.br\/index.php\/category\/noticias-de-ribeirao-preto-sp-e-regiao-ismael-colosi\/"},"img":{"alt_text":"","src":"https:\/\/i0.wp.com\/noticiasribeiraopreto.com.br\/wp-content\/uploads\/2025\/10\/voos-madri_2025-10-14_16-12-06.webp.webp?fit=1200%2C674&ssl=1&resize=350%2C200","width":350,"height":200,"srcset":"https:\/\/i0.wp.com\/noticiasribeiraopreto.com.br\/wp-content\/uploads\/2025\/10\/voos-madri_2025-10-14_16-12-06.webp.webp?fit=1200%2C674&ssl=1&resize=350%2C200 1x, https:\/\/i0.wp.com\/noticiasribeiraopreto.com.br\/wp-content\/uploads\/2025\/10\/voos-madri_2025-10-14_16-12-06.webp.webp?fit=1200%2C674&ssl=1&resize=525%2C300 1.5x, https:\/\/i0.wp.com\/noticiasribeiraopreto.com.br\/wp-content\/uploads\/2025\/10\/voos-madri_2025-10-14_16-12-06.webp.webp?fit=1200%2C674&ssl=1&resize=700%2C400 2x, https:\/\/i0.wp.com\/noticiasribeiraopreto.com.br\/wp-content\/uploads\/2025\/10\/voos-madri_2025-10-14_16-12-06.webp.webp?fit=1200%2C674&ssl=1&resize=1050%2C600 3x"},"classes":[]}],"jetpack_sharing_enabled":true,"jetpack_shortlink":"https:\/\/wp.me\/peQAOb-5fl","_links":{"self":[{"href":"https:\/\/noticiasribeiraopreto.com.br\/index.php\/wp-json\/wp\/v2\/posts\/20171","targetHints":{"allow":["GET"]}}],"collection":[{"href":"https:\/\/noticiasribeiraopreto.com.br\/index.php\/wp-json\/wp\/v2\/posts"}],"about":[{"href":"https:\/\/noticiasribeiraopreto.com.br\/index.php\/wp-json\/wp\/v2\/types\/post"}],"author":[{"embeddable":true,"href":"https:\/\/noticiasribeiraopreto.com.br\/index.php\/wp-json\/wp\/v2\/users\/1"}],"replies":[{"embeddable":true,"href":"https:\/\/noticiasribeiraopreto.com.br\/index.php\/wp-json\/wp\/v2\/comments?post=20171"}],"version-history":[{"count":0,"href":"https:\/\/noticiasribeiraopreto.com.br\/index.php\/wp-json\/wp\/v2\/posts\/20171\/revisions"}],"wp:featuredmedia":[{"embeddable":true,"href":"https:\/\/noticiasribeiraopreto.com.br\/index.php\/wp-json\/wp\/v2\/media\/20172"}],"wp:attachment":[{"href":"https:\/\/noticiasribeiraopreto.com.br\/index.php\/wp-json\/wp\/v2\/media?parent=20171"}],"wp:term":[{"taxonomy":"category","embeddable":true,"href":"https:\/\/noticiasribeiraopreto.com.br\/index.php\/wp-json\/wp\/v2\/categories?post=20171"},{"taxonomy":"post_tag","embeddable":true,"href":"https:\/\/noticiasribeiraopreto.com.br\/index.php\/wp-json\/wp\/v2\/tags?post=20171"}],"curies":[{"name":"wp","href":"https:\/\/api.w.org\/{rel}","templated":true}]}}