{"id":20173,"date":"2023-12-24T13:10:02","date_gmt":"2023-12-24T16:10:02","guid":{"rendered":"https:\/\/noticiasribeiraopreto.com.br\/index.php\/2023\/12\/24\/explosao-em-forno-de-fundicao-deixa-pelo-menos-13-vitimas-fatais-e-dezenas-de-feridos\/"},"modified":"2023-12-24T13:10:02","modified_gmt":"2023-12-24T16:10:02","slug":"explosao-em-forno-de-fundicao-deixa-pelo-menos-13-vitimas-fatais-e-dezenas-de-feridos","status":"publish","type":"post","link":"https:\/\/noticiasribeiraopreto.com.br\/index.php\/2023\/12\/24\/explosao-em-forno-de-fundicao-deixa-pelo-menos-13-vitimas-fatais-e-dezenas-de-feridos\/","title":{"rendered":"Explos\u00e3o em forno de fundi\u00e7\u00e3o deixa pelo menos 13 v\u00edtimas fatais e dezenas de feridos"},"content":{"rendered":"<div class='code-block code-block-1' style='margin: 8px 0 8px auto; text-align: right; display: block; clear: both;'>\n<p><a href=\"https:\/\/wa.link\/vpicfd\"><img data-recalc-dims=\"1\" class=\"wp-image-4922\" style=\"aspect-ratio: 2.0253164556962027; width: 561px; height: auto;\" src=\"https:\/\/i0.wp.com\/ismaelcolosi.com.br\/wp-content\/uploads\/2023\/11\/grupo-de-empregos-whatsapp-e-facebook-ismael-colosi-vagas.jpg?ssl=1\" alt=\"\" \/><\/a><\/p>\n<!-- \/wp:image -->\n<\/div>\n<p> <br \/>\n<\/p>\n<div itemprop=\"text\">\n<p>Um grave acidente em um parque industrial provocou uma verdadeira trag\u00e9dia, deixando pelo menos 13 v\u00edtimas fatais e cerca de 38 pessoas feridas. No \u00faltimo s\u00e1bado (23), ocorreu uma explos\u00e3o em um forno de fundi\u00e7\u00e3o localizado no parque industrial de n\u00edquel de Morowali, na Indon\u00e9sia.<\/p>\n<p>De acordo com as autoridades locais, as 13 v\u00edtimas fatais incluem oito cidad\u00e3os indon\u00e9sios e cinco chineses. Conforme informa\u00e7\u00f5es divulgadas, a explos\u00e3o nas instala\u00e7\u00f5es fabris, situadas na Ilha Sulawesi, teve lugar durante atividades de manuten\u00e7\u00e3o no forno, por volta das 5h30 no fuso hor\u00e1rio local (18h30 do s\u00e1bado, no hor\u00e1rio de Bras\u00edlia).<\/p>\n<p>O inc\u00eandio foi controlado pelos socorristas do Corpo de Bombeiros aproximadamente quatro horas mais tarde.<\/p>\n<p><i>\u201cCom base nas investiga\u00e7\u00f5es iniciais, a explos\u00e3o (foi) possivelmente causada porque ainda havia algum l\u00edquido indutor de explos\u00e3o no fundo do forno. Durante o processo de reparo, ocorreu uma explos\u00e3o\u201d,<\/i> disse um porta-voz do parque industrial.<\/p>\n<p>A explos\u00e3o inicial desencadeou uma s\u00e9rie de outras explos\u00f5es devido \u00e0 presen\u00e7a de numerosos cilindros de oxig\u00eanio utilizados na soldagem e corte de componentes do forno durante os reparos, conforme informou o porta-voz.<\/p>\n<p>De acordo com o comunicado, a gest\u00e3o do parque industrial ir\u00e1 colaborar com as partes envolvidas para conduzir uma investiga\u00e7\u00e3o sobre o incidente, assumindo todos os custos relacionados ao tratamento das v\u00edtimas.<\/p>\n<blockquote class=\"twitter-tweet\" data-width=\"550\" data-dnt=\"true\">\n<p lang=\"es\" dir=\"ltr\">\ud83c\uddee\ud83c\udde9\ud83d\udca5 Una docena de muertos y casi 40 heridos deja una explosi\u00f3n en una planta industrial en Indonesia<\/p>\n<p>De: Sputnik Mundo<a href=\"https:\/\/twitter.com\/hashtag\/donnalisi?src=hash&amp;ref_src=twsrc%5Etfw\">#donnalisi<\/a> <a href=\"https:\/\/twitter.com\/hashtag\/oriele?src=hash&amp;ref_src=twsrc%5Etfw\">#oriele<\/a> <a href=\"https:\/\/twitter.com\/hashtag\/Donalisi?src=hash&amp;ref_src=twsrc%5Etfw\">#Donalisi<\/a> <a href=\"https:\/\/t.co\/UtHAKR2RTZ\">pic.twitter.com\/UtHAKR2RTZ<\/a><\/p>\n<p>\u2014 Karen (@_Karenpnt) <a href=\"https:\/\/twitter.com\/_Karenpnt\/status\/1738876306467533163?ref_src=twsrc%5Etfw\">December 24, 2023<\/a><\/p>\n<\/blockquote>\n<p>A \u00e1rea industrial de Morowali tem como \u00eanfase a produ\u00e7\u00e3o de n\u00edquel e est\u00e1 sob a propriedade da empresa chinesa Tsingshan, em parceria com o grupo local Bintang Delapan. Esta associa\u00e7\u00e3o \u00e9 especializada na fabrica\u00e7\u00e3o de a\u00e7o inoxid\u00e1vel e a\u00e7o carbono.<\/p>\n<p>A Indon\u00e9sia det\u00e9m a posi\u00e7\u00e3o de maior produtora global de n\u00edquel, atraindo significativos investimentos globais, especialmente ap\u00f3s a proibi\u00e7\u00e3o governamental das exporta\u00e7\u00f5es de min\u00e9rio n\u00e3o processado em 2020.<\/p>\n<\/div>\n<p><script async src=\"\/\/platform.twitter.com\/widgets.js\" charset=\"utf-8\"><\/script><br \/>\n<br \/><br \/>\n<br \/><a href=\"https:\/\/fnmais.com\/video-explosao-em-forno-fundicao-deixa-pelo-menos-13-vitimas-fatais-dezenas-feridos\/\">Source link <\/a><\/p>\n<!-- CONTENT END 1 -->\n","protected":false},"excerpt":{"rendered":"<p>Um grave acidente em um parque industrial provocou uma verdadeira trag\u00e9dia, deixando pelo menos 13 v\u00edtimas fatais e cerca de 38 pessoas feridas. No \u00faltimo&#8230;<\/p>\n","protected":false},"author":1,"featured_media":20174,"comment_status":"open","ping_status":"open","sticky":false,"template":"","format":"standard","meta":{"advanced_seo_description":"","jetpack_seo_html_title":"","jetpack_seo_noindex":false,"jetpack_post_was_ever_published":false,"_jetpack_newsletter_access":"","_jetpack_dont_email_post_to_subs":false,"_jetpack_newsletter_tier_id":0,"_jetpack_memberships_contains_paywalled_content":false,"_jetpack_memberships_contains_paid_content":false,"footnotes":"","jetpack_publicize_message":"","jetpack_publicize_feature_enabled":true,"jetpack_social_post_already_shared":true,"jetpack_social_options":{"image_generator_settings":{"template":"highway","default_image_id":0,"font":"","enabled":false},"version":2}},"categories":[1],"tags":[],"class_list":["post-20173","post","type-post","status-publish","format-standard","has-post-thumbnail","hentry","category-blog"],"jetpack_publicize_connections":[],"jetpack_featured_media_url":"https:\/\/i0.wp.com\/noticiasribeiraopreto.com.br\/wp-content\/uploads\/2023\/12\/postimg-6588516a496778303.jpg?fit=1200%2C628&ssl=1","jetpack-related-posts":[{"id":42670,"url":"https:\/\/noticiasribeiraopreto.com.br\/index.php\/2024\/03\/15\/homem-fica-em-estado-grave-apos-explosao-de-forno-industrial-na-regiao-de-ribeirao\/","url_meta":{"origin":20173,"position":0},"title":"Homem fica em estado grave ap\u00f3s explos\u00e3o de forno industrial na regi\u00e3o de Ribeir\u00e3o","author":"noticiasribeiraopreto.com.br","date":"15 de March de 2024","format":false,"excerpt":"Um jovem de 26 anos ficou em estado grave ap\u00f3s um forno industrial explodir em uma f\u00e1brica de frios no Parque das \u00c1rvores, em Franca, na regi\u00e3o de Ribeir\u00e3o Preto. O acidente aconteceu na manh\u00e3 da \u00faltima quarta (13). A v\u00edtima sofreu ferimentos no rosto. De acordo com os familiares,\u2026","rel":"","context":"In &quot;Not\u00edcias de Ribeir\u00e3o Preto-SP e Regi\u00e3o&quot;","block_context":{"text":"Not\u00edcias de Ribeir\u00e3o Preto-SP e Regi\u00e3o","link":"https:\/\/noticiasribeiraopreto.com.br\/index.php\/category\/noticias-de-ribeirao-preto-sp-e-regiao-ismael-colosi\/"},"img":{"alt_text":"","src":"https:\/\/i0.wp.com\/noticiasribeiraopreto.com.br\/wp-content\/uploads\/2024\/03\/AnyConv.com__claudio-ademir.webp.webp?fit=1200%2C675&ssl=1&resize=350%2C200","width":350,"height":200,"srcset":"https:\/\/i0.wp.com\/noticiasribeiraopreto.com.br\/wp-content\/uploads\/2024\/03\/AnyConv.com__claudio-ademir.webp.webp?fit=1200%2C675&ssl=1&resize=350%2C200 1x, https:\/\/i0.wp.com\/noticiasribeiraopreto.com.br\/wp-content\/uploads\/2024\/03\/AnyConv.com__claudio-ademir.webp.webp?fit=1200%2C675&ssl=1&resize=525%2C300 1.5x, https:\/\/i0.wp.com\/noticiasribeiraopreto.com.br\/wp-content\/uploads\/2024\/03\/AnyConv.com__claudio-ademir.webp.webp?fit=1200%2C675&ssl=1&resize=700%2C400 2x, https:\/\/i0.wp.com\/noticiasribeiraopreto.com.br\/wp-content\/uploads\/2024\/03\/AnyConv.com__claudio-ademir.webp.webp?fit=1200%2C675&ssl=1&resize=1050%2C600 3x"},"classes":[]},{"id":23247,"url":"https:\/\/noticiasribeiraopreto.com.br\/index.php\/2024\/01\/01\/desabamento-de-casa-provocado-por-explosao-deixa-vitimas-fatais-e-feridos-em-se-video\/","url_meta":{"origin":20173,"position":1},"title":"Desabamento de casa provocado por explos\u00e3o deixa v\u00edtimas fatais e feridos em SE; v\u00eddeo","author":"noticiasribeiraopreto.com.br","date":"1 de January de 2024","format":false,"excerpt":"Uma trag\u00e9dia aconteceu na regi\u00e3o de Aracaju, em Sergipe, ap\u00f3s um edif\u00edcio ter desabado, assim causando a explos\u00e3o de uma edifica\u00e7\u00e3o resid\u00eancial. A situa\u00e7\u00e3o deixou ao menos tr\u00eas mortos e quatorze feridos.O incidente aconteceu durante o per\u00edodo da manh\u00e3, e agora, as equipes de resgate continuam a realizar buscas para\u2026","rel":"","context":"In &quot;Blog&quot;","block_context":{"text":"Blog","link":"https:\/\/noticiasribeiraopreto.com.br\/index.php\/category\/blog\/"},"img":{"alt_text":"","src":"https:\/\/i0.wp.com\/noticiasribeiraopreto.com.br\/wp-content\/uploads\/2024\/01\/postimg-65931c7be63155663.jpg?fit=1200%2C628&ssl=1&resize=350%2C200","width":350,"height":200,"srcset":"https:\/\/i0.wp.com\/noticiasribeiraopreto.com.br\/wp-content\/uploads\/2024\/01\/postimg-65931c7be63155663.jpg?fit=1200%2C628&ssl=1&resize=350%2C200 1x, https:\/\/i0.wp.com\/noticiasribeiraopreto.com.br\/wp-content\/uploads\/2024\/01\/postimg-65931c7be63155663.jpg?fit=1200%2C628&ssl=1&resize=525%2C300 1.5x, https:\/\/i0.wp.com\/noticiasribeiraopreto.com.br\/wp-content\/uploads\/2024\/01\/postimg-65931c7be63155663.jpg?fit=1200%2C628&ssl=1&resize=700%2C400 2x, https:\/\/i0.wp.com\/noticiasribeiraopreto.com.br\/wp-content\/uploads\/2024\/01\/postimg-65931c7be63155663.jpg?fit=1200%2C628&ssl=1&resize=1050%2C600 3x"},"classes":[]},{"id":46390,"url":"https:\/\/noticiasribeiraopreto.com.br\/index.php\/2024\/04\/11\/explosao-de-rechaud-deixa-3-mulheres-feridas-em-restaurante-na-regiao-de-ribeirao\/","url_meta":{"origin":20173,"position":2},"title":"Explos\u00e3o de rechaud deixa 3 mulheres feridas em restaurante na regi\u00e3o de Ribeir\u00e3o","author":"noticiasribeiraopreto.com.br","date":"11 de April de 2024","format":false,"excerpt":"A explos\u00e3o de um rechaud feriu tr\u00eas mulheres na tarde desta quarta-feira (10), durante o almo\u00e7o em um restaurante de Cravinhos, na regi\u00e3o de Ribeir\u00e3o Preto. Uma das v\u00edtimas \u00e9 cliente do estabelecimento, localizado no Jardim Itapu\u00e3. Segundo boletim de ocorr\u00eancia (BO), as v\u00edtimas sofreram queimaduras e foram socorridas pelo\u2026","rel":"","context":"In &quot;Not\u00edcias de Ribeir\u00e3o Preto-SP e Regi\u00e3o&quot;","block_context":{"text":"Not\u00edcias de Ribeir\u00e3o Preto-SP e Regi\u00e3o","link":"https:\/\/noticiasribeiraopreto.com.br\/index.php\/category\/noticias-de-ribeirao-preto-sp-e-regiao-ismael-colosi\/"},"img":{"alt_text":"","src":"https:\/\/i0.wp.com\/noticiasribeiraopreto.com.br\/wp-content\/uploads\/2024\/04\/policia_qru_1024x576_05012021161940.jpg?fit=1024%2C576&ssl=1&resize=350%2C200","width":350,"height":200,"srcset":"https:\/\/i0.wp.com\/noticiasribeiraopreto.com.br\/wp-content\/uploads\/2024\/04\/policia_qru_1024x576_05012021161940.jpg?fit=1024%2C576&ssl=1&resize=350%2C200 1x, https:\/\/i0.wp.com\/noticiasribeiraopreto.com.br\/wp-content\/uploads\/2024\/04\/policia_qru_1024x576_05012021161940.jpg?fit=1024%2C576&ssl=1&resize=525%2C300 1.5x, https:\/\/i0.wp.com\/noticiasribeiraopreto.com.br\/wp-content\/uploads\/2024\/04\/policia_qru_1024x576_05012021161940.jpg?fit=1024%2C576&ssl=1&resize=700%2C400 2x"},"classes":[]},{"id":59300,"url":"https:\/\/noticiasribeiraopreto.com.br\/index.php\/2024\/10\/20\/morre-3a-vitima-de-explosao-em-industria-quimica-de-sertaozinho\/","url_meta":{"origin":20173,"position":3},"title":"Morre 3\u00aa v\u00edtima de explos\u00e3o em ind\u00fastria qu\u00edmica de Sert\u00e3ozinho","author":"noticiasribeiraopreto.com.br","date":"20 de October de 2024","format":false,"excerpt":"Morreu na manh\u00e3 deste domingo (20) a terceira v\u00edtima da explos\u00e3o em ind\u00fastria qu\u00edmica de Sert\u00e3ozinho, na regi\u00e3o de Ribeir\u00e3o Preto. A fam\u00edlia e a empresa Innove Qu\u00edmica confirmaram o falecimento de Gabriel Augusto da Silva, 24 anos. Ele estava internado em um hospital particular de Ribeir\u00e3o. A fam\u00edlia informou\u2026","rel":"","context":"In &quot;Not\u00edcias de Ribeir\u00e3o Preto-SP e Regi\u00e3o&quot;","block_context":{"text":"Not\u00edcias de Ribeir\u00e3o Preto-SP e Regi\u00e3o","link":"https:\/\/noticiasribeiraopreto.com.br\/index.php\/category\/noticias-de-ribeirao-preto-sp-e-regiao-ismael-colosi\/"},"img":{"alt_text":"","src":"https:\/\/i0.wp.com\/noticiasribeiraopreto.com.br\/wp-content\/uploads\/2024\/10\/WhatsApp-Image-2024-10-11-at-15.37.58_2024-10-11_18-45-56_jpeg_2024-10-11_18-45-57-scaled.webp.webp?fit=1200%2C900&ssl=1&resize=350%2C200","width":350,"height":200,"srcset":"https:\/\/i0.wp.com\/noticiasribeiraopreto.com.br\/wp-content\/uploads\/2024\/10\/WhatsApp-Image-2024-10-11-at-15.37.58_2024-10-11_18-45-56_jpeg_2024-10-11_18-45-57-scaled.webp.webp?fit=1200%2C900&ssl=1&resize=350%2C200 1x, https:\/\/i0.wp.com\/noticiasribeiraopreto.com.br\/wp-content\/uploads\/2024\/10\/WhatsApp-Image-2024-10-11-at-15.37.58_2024-10-11_18-45-56_jpeg_2024-10-11_18-45-57-scaled.webp.webp?fit=1200%2C900&ssl=1&resize=525%2C300 1.5x, https:\/\/i0.wp.com\/noticiasribeiraopreto.com.br\/wp-content\/uploads\/2024\/10\/WhatsApp-Image-2024-10-11-at-15.37.58_2024-10-11_18-45-56_jpeg_2024-10-11_18-45-57-scaled.webp.webp?fit=1200%2C900&ssl=1&resize=700%2C400 2x, https:\/\/i0.wp.com\/noticiasribeiraopreto.com.br\/wp-content\/uploads\/2024\/10\/WhatsApp-Image-2024-10-11-at-15.37.58_2024-10-11_18-45-56_jpeg_2024-10-11_18-45-57-scaled.webp.webp?fit=1200%2C900&ssl=1&resize=1050%2C600 3x"},"classes":[]},{"id":59157,"url":"https:\/\/noticiasribeiraopreto.com.br\/index.php\/2024\/10\/16\/morre-vitima-de-explosao-em-industria-quimica-de-sertaozinho\/","url_meta":{"origin":20173,"position":4},"title":"Morre v\u00edtima de explos\u00e3o em ind\u00fastria qu\u00edmica de Sert\u00e3ozinho","author":"noticiasribeiraopreto.com.br","date":"16 de October de 2024","format":false,"excerpt":"Um homem de 27 anos, v\u00edtima da explos\u00e3o em ind\u00fastria qu\u00edmica de\u00a0Sert\u00e3ozinho, na regi\u00e3o de Ribeir\u00e3o Preto, morreu na madrugada desta quarta-feira (16). O Hospital das Cl\u00ednicas \u2013 Unidade de Emerg\u00eancia (HC-UE) confirmou o falecimento de Estev\u00e3o Felisberto Campanini, ocorrido \u00e0s 3h28. Outras tr\u00eas v\u00edtimas ainda seguiam internadas, das quais\u2026","rel":"","context":"In &quot;Not\u00edcias de Ribeir\u00e3o Preto-SP e Regi\u00e3o&quot;","block_context":{"text":"Not\u00edcias de Ribeir\u00e3o Preto-SP e Regi\u00e3o","link":"https:\/\/noticiasribeiraopreto.com.br\/index.php\/category\/noticias-de-ribeirao-preto-sp-e-regiao-ismael-colosi\/"},"img":{"alt_text":"","src":"https:\/\/i0.wp.com\/noticiasribeiraopreto.com.br\/wp-content\/uploads\/2024\/10\/hcue_hospital_500x320_08052018121430.jpg?fit=500%2C322&ssl=1&resize=350%2C200","width":350,"height":200},"classes":[]},{"id":59080,"url":"https:\/\/noticiasribeiraopreto.com.br\/index.php\/2024\/10\/14\/tres-vitimas-de-explosao-em-industria-quimica-seguem-internadas-no-hc-ribeirao\/","url_meta":{"origin":20173,"position":5},"title":"Tr\u00eas v\u00edtimas de explos\u00e3o em ind\u00fastria qu\u00edmica seguem internadas no HC Ribeir\u00e3o","author":"noticiasribeiraopreto.com.br","date":"14 de October de 2024","format":false,"excerpt":"O HC-UE (Hospital das Cl\u00ednicas \u2013 Unidade de Emerg\u00eancia) de Ribeir\u00e3o Preto informou que tr\u00eas v\u00edtimas da explos\u00e3o em ind\u00fastria qu\u00edmica em Sert\u00e3ozinho seguem internadas na unidade. O acidente aconteceu na tarde da \u00faltima sexta-feira (11). O estado de sa\u00fade delas n\u00e3o foi informado. Em nota, o hospital informou que\u2026","rel":"","context":"In &quot;Not\u00edcias de Ribeir\u00e3o Preto-SP e Regi\u00e3o&quot;","block_context":{"text":"Not\u00edcias de Ribeir\u00e3o Preto-SP e Regi\u00e3o","link":"https:\/\/noticiasribeiraopreto.com.br\/index.php\/category\/noticias-de-ribeirao-preto-sp-e-regiao-ismael-colosi\/"},"img":{"alt_text":"","src":"https:\/\/i0.wp.com\/noticiasribeiraopreto.com.br\/wp-content\/uploads\/2024\/10\/WhatsApp-Image-2024-10-11-at-15.37.58_2024-10-11_18-45-56_jpeg_2024-10-11_18-45-57-scaled.webp.webp?fit=1200%2C900&ssl=1&resize=350%2C200","width":350,"height":200,"srcset":"https:\/\/i0.wp.com\/noticiasribeiraopreto.com.br\/wp-content\/uploads\/2024\/10\/WhatsApp-Image-2024-10-11-at-15.37.58_2024-10-11_18-45-56_jpeg_2024-10-11_18-45-57-scaled.webp.webp?fit=1200%2C900&ssl=1&resize=350%2C200 1x, https:\/\/i0.wp.com\/noticiasribeiraopreto.com.br\/wp-content\/uploads\/2024\/10\/WhatsApp-Image-2024-10-11-at-15.37.58_2024-10-11_18-45-56_jpeg_2024-10-11_18-45-57-scaled.webp.webp?fit=1200%2C900&ssl=1&resize=525%2C300 1.5x, https:\/\/i0.wp.com\/noticiasribeiraopreto.com.br\/wp-content\/uploads\/2024\/10\/WhatsApp-Image-2024-10-11-at-15.37.58_2024-10-11_18-45-56_jpeg_2024-10-11_18-45-57-scaled.webp.webp?fit=1200%2C900&ssl=1&resize=700%2C400 2x, https:\/\/i0.wp.com\/noticiasribeiraopreto.com.br\/wp-content\/uploads\/2024\/10\/WhatsApp-Image-2024-10-11-at-15.37.58_2024-10-11_18-45-56_jpeg_2024-10-11_18-45-57-scaled.webp.webp?fit=1200%2C900&ssl=1&resize=1050%2C600 3x"},"classes":[]}],"jetpack_sharing_enabled":true,"jetpack_shortlink":"https:\/\/wp.me\/peQAOb-5fn","_links":{"self":[{"href":"https:\/\/noticiasribeiraopreto.com.br\/index.php\/wp-json\/wp\/v2\/posts\/20173","targetHints":{"allow":["GET"]}}],"collection":[{"href":"https:\/\/noticiasribeiraopreto.com.br\/index.php\/wp-json\/wp\/v2\/posts"}],"about":[{"href":"https:\/\/noticiasribeiraopreto.com.br\/index.php\/wp-json\/wp\/v2\/types\/post"}],"author":[{"embeddable":true,"href":"https:\/\/noticiasribeiraopreto.com.br\/index.php\/wp-json\/wp\/v2\/users\/1"}],"replies":[{"embeddable":true,"href":"https:\/\/noticiasribeiraopreto.com.br\/index.php\/wp-json\/wp\/v2\/comments?post=20173"}],"version-history":[{"count":0,"href":"https:\/\/noticiasribeiraopreto.com.br\/index.php\/wp-json\/wp\/v2\/posts\/20173\/revisions"}],"wp:featuredmedia":[{"embeddable":true,"href":"https:\/\/noticiasribeiraopreto.com.br\/index.php\/wp-json\/wp\/v2\/media\/20174"}],"wp:attachment":[{"href":"https:\/\/noticiasribeiraopreto.com.br\/index.php\/wp-json\/wp\/v2\/media?parent=20173"}],"wp:term":[{"taxonomy":"category","embeddable":true,"href":"https:\/\/noticiasribeiraopreto.com.br\/index.php\/wp-json\/wp\/v2\/categories?post=20173"},{"taxonomy":"post_tag","embeddable":true,"href":"https:\/\/noticiasribeiraopreto.com.br\/index.php\/wp-json\/wp\/v2\/tags?post=20173"}],"curies":[{"name":"wp","href":"https:\/\/api.w.org\/{rel}","templated":true}]}}