{"id":20175,"date":"2023-12-24T13:13:16","date_gmt":"2023-12-24T16:13:16","guid":{"rendered":"https:\/\/noticiasribeiraopreto.com.br\/index.php\/2023\/12\/24\/rp-mobi-altera-linha-alimentadora-da-zona-sul-de-ribeirao-preto\/"},"modified":"2023-12-24T13:13:16","modified_gmt":"2023-12-24T16:13:16","slug":"rp-mobi-altera-linha-alimentadora-da-zona-sul-de-ribeirao-preto","status":"publish","type":"post","link":"https:\/\/noticiasribeiraopreto.com.br\/index.php\/2023\/12\/24\/rp-mobi-altera-linha-alimentadora-da-zona-sul-de-ribeirao-preto\/","title":{"rendered":"RP Mobi altera linha alimentadora da zona Sul de Ribeir\u00e3o Preto"},"content":{"rendered":"<div class='code-block code-block-1' style='margin: 8px 0 8px auto; text-align: right; display: block; clear: both;'>\n<p><a href=\"https:\/\/wa.link\/vpicfd\"><img data-recalc-dims=\"1\" class=\"wp-image-4922\" style=\"aspect-ratio: 2.0253164556962027; width: 561px; height: auto;\" src=\"https:\/\/i0.wp.com\/ismaelcolosi.com.br\/wp-content\/uploads\/2023\/11\/grupo-de-empregos-whatsapp-e-facebook-ismael-colosi-vagas.jpg?ssl=1\" alt=\"\" \/><\/a><\/p>\n<!-- \/wp:image -->\n<\/div>\n<p> <br \/>\n<\/p>\n<div>\n<p><strong>A RP Mobi, antiga Transerp, anunciou que, a partir da pr\u00f3xima ter\u00e7a-feira (26), a \u2018linha alimentadora 14 \u2013 Jardim Bot\u00e2nico\u2019 ter\u00e1 seu quadro de hor\u00e1rios alterado e o itiner\u00e1rio estendido nos dias \u00fateis, de segunda a sexta-feira<\/strong>.<\/p>\n<p>\u201cA altera\u00e7\u00e3o nos hor\u00e1rios da linha tem como objetivo proporcionar melhores condi\u00e7\u00f5es de acessibilidade ao transporte coletivo urbano\u201d, informou a RP Mobi.<\/p>\n<p>A altera\u00e7\u00e3o atende os moradores do\u00a0<strong>condom\u00ednio residencial Aspen e Recreio Humait\u00e1<\/strong>\u00a0situados ao longo da <strong>rodovia Ant\u00f4nio Machado Sant\u2019Anna<\/strong>.<\/p>\n<h4 class=\"wp-block-heading\"><strong>Confira a altera\u00e7\u00e3o do itiner\u00e1rio:<\/strong><\/h4>\n<p><em>Normal at\u00e9 a rodovia Ant\u00f4nio Machado Sant\u2019Anna (sentido Araraquara), seguindo por esta at\u00e9 o acesso ao distrito de Bonfim Paulista \u2013 Sa\u00edda 10, seguindo \u00e0 esquerda, retorno, passagem sob a rodovia Ant\u00f4nio Machado Sant\u2019Anna, rotat\u00f3ria, acesso ao condom\u00ednio residencial Aspen, Alameda Dr. Celso Pinheiro Machado de Souza, retorno junto \u00e0 portaria do Condom\u00ednio Residencial Aspen, Alameda Dr. Celso Pinheiro Machado de Souza, rotat\u00f3ria, al\u00e7a de acesso \u00e0 rodovia, Rodovia Ant\u00f4nio Machado Sant\u2019Anna (sentido Ribeir\u00e3o Preto), retomando ao seu itiner\u00e1rio normal.<\/em><\/p>\n<h4 class=\"wp-block-heading\"><strong>Hor\u00e1rios:<\/strong><\/h4>\n<p>Segunda a sexta-feira<\/p>\n<p>06:10 \u2013\u00a006:50*\u00a0\u2013\u00a008:10#\u00a0\u2013 12:00 \u2013 13:00 \u2013 14:00 \u2013 15:00 \u2013\u00a015:50*\u00a0\u2013\u00a017:00**\u00a0\u2013 18:00 \u2013 19:00<\/p>\n<p>*Extens\u00e3o at\u00e9 Alto do Castelo e Aspen \/ Humait\u00e1<\/p>\n<p>**Extens\u00e3o at\u00e9 Aspen \/ Humait\u00e1<\/p>\n<p>VEJA TAMB\u00c9M<br \/>Saiba quem s\u00e3o as v\u00edtimas que morreram na queda de avi\u00e3o na regi\u00e3o de Ribeir\u00e3o<\/p>\n<h4 class=\"wp-block-heading\"><strong>FIQUE ON<\/strong><\/h4>\n<p>Fique ligado em tudo que acontece em Ribeir\u00e3o Preto e regi\u00e3o. Siga os perfis do\u00a0<strong>acidade on<\/strong>\u00a0no\u00a0<a href=\"https:\/\/www.instagram.com\/acidadeonribeirao\" target=\"_blank\" rel=\"noreferrer noopener\">Instagram\u00a0<\/a>e no<a href=\"https:\/\/www.facebook.com\/acidadeonribeirao\" target=\"_blank\" rel=\"noreferrer noopener\">\u00a0Facebook.<\/a><\/p>\n<p>Receba not\u00edcias do\u00a0<strong>acidade on\u00a0<\/strong>no WhatsApp.\u00a0<a href=\"https:\/\/chat.whatsapp.com\/Bnv2w66ZT4VDyZW3oiZ69n\" target=\"_blank\" rel=\"noreferrer noopener\">Para entrar no grupo, basta clicar aqui.<\/a><\/p>\n<p>Fa\u00e7a uma den\u00fancia ou sugira uma reportagem sobre Ribeir\u00e3o Preto e regi\u00e3o pelo WhatsApp:\u00a0<strong>(16) 99117 7802.<\/strong><\/p>\n<p>LEIA MAIS<br \/>Litoral de S\u00e3o Paulo tem 33 praias impr\u00f3prias; Veja quais s\u00e3o<\/p>\n<p><!-- AI CONTENT END 1 -->\n<\/div>\n<p><script async src=\"\/\/www.instagram.com\/embed.js\"><\/script><br \/>\n<br \/><br \/>\n<br \/><a href=\"https:\/\/www.acidadeon.com\/ribeiraopreto\/cotidiano\/rp-mobi-altera-linha-alimentadora-da-zona-sul-de-ribeirao-preto\/\">Source link <\/a><\/p>\n<!-- CONTENT END 1 -->\n","protected":false},"excerpt":{"rendered":"<p>A RP Mobi, antiga Transerp, anunciou que, a partir da pr\u00f3xima ter\u00e7a-feira (26), a \u2018linha alimentadora 14 \u2013 Jardim Bot\u00e2nico\u2019 ter\u00e1 seu quadro de hor\u00e1rios&#8230;<\/p>\n","protected":false},"author":1,"featured_media":20176,"comment_status":"open","ping_status":"open","sticky":false,"template":"","format":"standard","meta":{"advanced_seo_description":"","jetpack_seo_html_title":"","jetpack_seo_noindex":false,"jetpack_post_was_ever_published":false,"_jetpack_newsletter_access":"","_jetpack_dont_email_post_to_subs":false,"_jetpack_newsletter_tier_id":0,"_jetpack_memberships_contains_paywalled_content":false,"_jetpack_memberships_contains_paid_content":false,"footnotes":"","jetpack_publicize_message":"","jetpack_publicize_feature_enabled":true,"jetpack_social_post_already_shared":true,"jetpack_social_options":{"image_generator_settings":{"template":"highway","default_image_id":0,"font":"","enabled":false},"version":2}},"categories":[11],"tags":[2615,2614,1158,40,27,26,420,340],"class_list":["post-20175","post","type-post","status-publish","format-standard","has-post-thumbnail","hentry","category-noticias-de-ribeirao-preto-sp-e-regiao-ismael-colosi","tag-alimentadora","tag-altera","tag-linha","tag-mobi","tag-preto","tag-ribeirao","tag-sul","tag-zona"],"jetpack_publicize_connections":[],"jetpack_featured_media_url":"https:\/\/i0.wp.com\/noticiasribeiraopreto.com.br\/wp-content\/uploads\/2023\/12\/onibus.jpeg?fit=1156%2C867&ssl=1","jetpack-related-posts":[{"id":20493,"url":"https:\/\/noticiasribeiraopreto.com.br\/index.php\/2023\/12\/25\/linha-de-onibus-14-jardim-botanico-tera-quadro-de-horarios-alterado-nesta-terca-26\/","url_meta":{"origin":20175,"position":0},"title":"Linha de \u00f4nibus 14 \u2013 Jardim Bot\u00e2nico ter\u00e1 quadro de hor\u00e1rios alterado nesta ter\u00e7a, 26","author":"noticiasribeiraopreto.com.br","date":"25 de December de 2023","format":false,"excerpt":"25 de dezembro de 2023 | 18:0022 de dezembro de 2023 | 17:53 0A RP Mobi anunciou que a partir da pr\u00f3xima ter\u00e7a-feira, dia 26 de janeiro, a linha alimentadora 14 \u2013 Jardim Bot\u00e2nico ter\u00e1 seu quadro de hor\u00e1rios alterado e o itiner\u00e1rio estendido nos dias \u00fateis, de segunda a\u2026","rel":"","context":"In &quot;Not\u00edcias de Ribeir\u00e3o Preto-SP e Regi\u00e3o&quot;","block_context":{"text":"Not\u00edcias de Ribeir\u00e3o Preto-SP e Regi\u00e3o","link":"https:\/\/noticiasribeiraopreto.com.br\/index.php\/category\/noticias-de-ribeirao-preto-sp-e-regiao-ismael-colosi\/"},"img":{"alt_text":"","src":"https:\/\/i0.wp.com\/noticiasribeiraopreto.com.br\/wp-content\/uploads\/2023\/12\/foto_jd_botanico-scaled.jpeg?fit=860%2C645&ssl=1&resize=350%2C200","width":350,"height":200,"srcset":"https:\/\/i0.wp.com\/noticiasribeiraopreto.com.br\/wp-content\/uploads\/2023\/12\/foto_jd_botanico-scaled.jpeg?fit=860%2C645&ssl=1&resize=350%2C200 1x, https:\/\/i0.wp.com\/noticiasribeiraopreto.com.br\/wp-content\/uploads\/2023\/12\/foto_jd_botanico-scaled.jpeg?fit=860%2C645&ssl=1&resize=525%2C300 1.5x, https:\/\/i0.wp.com\/noticiasribeiraopreto.com.br\/wp-content\/uploads\/2023\/12\/foto_jd_botanico-scaled.jpeg?fit=860%2C645&ssl=1&resize=700%2C400 2x"},"classes":[]},{"id":80695,"url":"https:\/\/noticiasribeiraopreto.com.br\/index.php\/2025\/12\/11\/linha-de-onibus-muda-de-nome-e-passa-a-ter-novo-trajeto-em-ribeirao-preto\/","url_meta":{"origin":20175,"position":1},"title":"Linha de \u00f4nibus muda de nome e passa a ter novo trajeto em Ribeir\u00e3o Preto","author":"noticiasribeiraopreto.com.br","date":"11 de December de 2025","format":false,"excerpt":"A partir da pr\u00f3xima segunda-feira (15) a linha de \u00f4nibus alimentadora 45 \u2013 Vila do Ip\u00ea, do transporte coletivo de Ribeir\u00e3o Preto, passar\u00e1 a se chamar 45 \u2013 Vila do Golfe. Segundo a RP Mobi, a linha contar\u00e1 com novos itiner\u00e1rios e quadros de hor\u00e1rios. A empresa respons\u00e1vel pelo gerenciamento\u2026","rel":"","context":"In &quot;Not\u00edcias de Ribeir\u00e3o Preto-SP e Regi\u00e3o&quot;","block_context":{"text":"Not\u00edcias de Ribeir\u00e3o Preto-SP e Regi\u00e3o","link":"https:\/\/noticiasribeiraopreto.com.br\/index.php\/category\/noticias-de-ribeirao-preto-sp-e-regiao-ismael-colosi\/"},"img":{"alt_text":"","src":"https:\/\/i0.wp.com\/noticiasribeiraopreto.com.br\/wp-content\/uploads\/2025\/12\/linha-de-onibus_2025-12-10_19-46-45.webp.webp?fit=1200%2C799&ssl=1&resize=350%2C200","width":350,"height":200,"srcset":"https:\/\/i0.wp.com\/noticiasribeiraopreto.com.br\/wp-content\/uploads\/2025\/12\/linha-de-onibus_2025-12-10_19-46-45.webp.webp?fit=1200%2C799&ssl=1&resize=350%2C200 1x, https:\/\/i0.wp.com\/noticiasribeiraopreto.com.br\/wp-content\/uploads\/2025\/12\/linha-de-onibus_2025-12-10_19-46-45.webp.webp?fit=1200%2C799&ssl=1&resize=525%2C300 1.5x, https:\/\/i0.wp.com\/noticiasribeiraopreto.com.br\/wp-content\/uploads\/2025\/12\/linha-de-onibus_2025-12-10_19-46-45.webp.webp?fit=1200%2C799&ssl=1&resize=700%2C400 2x, https:\/\/i0.wp.com\/noticiasribeiraopreto.com.br\/wp-content\/uploads\/2025\/12\/linha-de-onibus_2025-12-10_19-46-45.webp.webp?fit=1200%2C799&ssl=1&resize=1050%2C600 3x"},"classes":[]},{"id":8719,"url":"https:\/\/noticiasribeiraopreto.com.br\/index.php\/2023\/11\/30\/alteracao-no-trajeto-da-linha-de-onibus-norte-sul-comeca-nesta-sexta-feira-veja-o-itinerario\/","url_meta":{"origin":20175,"position":2},"title":"Altera\u00e7\u00e3o no trajeto da linha de \u00f4nibus Norte-Sul come\u00e7a nesta sexta-feira; Veja o itiner\u00e1rio","author":"noticiasribeiraopreto.com.br","date":"30 de November de 2023","format":false,"excerpt":"A partir desta sexta-feira (1\u00ba), o trajeto da linha 910 \u2013 Norte-Sul 1 B, ser\u00e1 alterado no sentido Ribeir\u00e3o Verde ao Ribeir\u00e3o Shopping. A altera\u00e7\u00e3o foi anunciada pela RP Mobi, empresa que gerencia o tr\u00e2nsito e transporte urbano de Ribeir\u00e3o Preto. De acordo com o \u00f3rg\u00e3o, a modifica\u00e7\u00e3o acontece para\u2026","rel":"","context":"In &quot;Not\u00edcias de Ribeir\u00e3o Preto-SP e Regi\u00e3o&quot;","block_context":{"text":"Not\u00edcias de Ribeir\u00e3o Preto-SP e Regi\u00e3o","link":"https:\/\/noticiasribeiraopreto.com.br\/index.php\/category\/noticias-de-ribeirao-preto-sp-e-regiao-ismael-colosi\/"},"img":{"alt_text":"","src":"https:\/\/i0.wp.com\/noticiasribeiraopreto.com.br\/wp-content\/uploads\/2023\/11\/1701379214_novos-onibus-ribeirao-preto.jpg?fit=1200%2C800&ssl=1&resize=350%2C200","width":350,"height":200,"srcset":"https:\/\/i0.wp.com\/noticiasribeiraopreto.com.br\/wp-content\/uploads\/2023\/11\/1701379214_novos-onibus-ribeirao-preto.jpg?fit=1200%2C800&ssl=1&resize=350%2C200 1x, https:\/\/i0.wp.com\/noticiasribeiraopreto.com.br\/wp-content\/uploads\/2023\/11\/1701379214_novos-onibus-ribeirao-preto.jpg?fit=1200%2C800&ssl=1&resize=525%2C300 1.5x, https:\/\/i0.wp.com\/noticiasribeiraopreto.com.br\/wp-content\/uploads\/2023\/11\/1701379214_novos-onibus-ribeirao-preto.jpg?fit=1200%2C800&ssl=1&resize=700%2C400 2x, https:\/\/i0.wp.com\/noticiasribeiraopreto.com.br\/wp-content\/uploads\/2023\/11\/1701379214_novos-onibus-ribeirao-preto.jpg?fit=1200%2C800&ssl=1&resize=1050%2C600 3x"},"classes":[]},{"id":63572,"url":"https:\/\/noticiasribeiraopreto.com.br\/index.php\/2025\/02\/16\/linha-do-transporte-coletivo-tem-mudanca-no-itinerario-em-ribeirao-preto-confira\/","url_meta":{"origin":20175,"position":3},"title":"Linha do transporte coletivo tem mudan\u00e7a no itiner\u00e1rio em Ribeir\u00e3o Preto; Confira","author":"noticiasribeiraopreto.com.br","date":"16 de February de 2025","format":false,"excerpt":"A RP Mobi, empresa que gerencia o tr\u00e2nsito e o transporte coletivo de Ribeir\u00e3o Preto, definiu com o cons\u00f3rcio Pr\u00f3Urbano a amplia\u00e7\u00e3o do itiner\u00e1rio da linha 55 \u2013 Royal Park. A mudan\u00e7a \u00e9 v\u00e1lida a partir da pr\u00f3xima segunda-feira (17). Segundo a RP Mobi, a amplia\u00e7\u00e3o do trajeto visa proporcionar\u2026","rel":"","context":"In &quot;Not\u00edcias de Ribeir\u00e3o Preto-SP e Regi\u00e3o&quot;","block_context":{"text":"Not\u00edcias de Ribeir\u00e3o Preto-SP e Regi\u00e3o","link":"https:\/\/noticiasribeiraopreto.com.br\/index.php\/category\/noticias-de-ribeirao-preto-sp-e-regiao-ismael-colosi\/"},"img":{"alt_text":"","src":"https:\/\/i0.wp.com\/noticiasribeiraopreto.com.br\/wp-content\/uploads\/2025\/02\/onibus.jpeg?fit=1000%2C666&ssl=1&resize=350%2C200","width":350,"height":200,"srcset":"https:\/\/i0.wp.com\/noticiasribeiraopreto.com.br\/wp-content\/uploads\/2025\/02\/onibus.jpeg?fit=1000%2C666&ssl=1&resize=350%2C200 1x, https:\/\/i0.wp.com\/noticiasribeiraopreto.com.br\/wp-content\/uploads\/2025\/02\/onibus.jpeg?fit=1000%2C666&ssl=1&resize=525%2C300 1.5x, https:\/\/i0.wp.com\/noticiasribeiraopreto.com.br\/wp-content\/uploads\/2025\/02\/onibus.jpeg?fit=1000%2C666&ssl=1&resize=700%2C400 2x"},"classes":[]},{"id":24659,"url":"https:\/\/noticiasribeiraopreto.com.br\/index.php\/2024\/01\/04\/linha-de-onibus-da-zona-oeste-tem-alteracao-no-trajeto-em-ribeirao-confira-o-itinerario\/","url_meta":{"origin":20175,"position":4},"title":"Linha de \u00f4nibus da zona Oeste tem altera\u00e7\u00e3o no trajeto em Ribeir\u00e3o; Confira o itiner\u00e1rio","author":"noticiasribeiraopreto.com.br","date":"4 de January de 2024","format":false,"excerpt":"A linha 506 \u2013 Jardim Progresso \u2013 do transporte p\u00fablico de Ribeir\u00e3o Preto ter\u00e1 o trajeto alterado, nesta sexta-feira (5). De acordo com a RP Mobi, empresa que opera o transporte coletivo na cidade, a altera\u00e7\u00e3o acontece devido ao servi\u00e7o de manuten\u00e7\u00e3o na rede de energia el\u00e9trica na rua B\u2026","rel":"","context":"In &quot;Not\u00edcias de Ribeir\u00e3o Preto-SP e Regi\u00e3o&quot;","block_context":{"text":"Not\u00edcias de Ribeir\u00e3o Preto-SP e Regi\u00e3o","link":"https:\/\/noticiasribeiraopreto.com.br\/index.php\/category\/noticias-de-ribeirao-preto-sp-e-regiao-ismael-colosi\/"},"img":{"alt_text":"","src":"https:\/\/i0.wp.com\/noticiasribeiraopreto.com.br\/wp-content\/uploads\/2024\/01\/rp-mobi.jpg?fit=1200%2C675&ssl=1&resize=350%2C200","width":350,"height":200,"srcset":"https:\/\/i0.wp.com\/noticiasribeiraopreto.com.br\/wp-content\/uploads\/2024\/01\/rp-mobi.jpg?fit=1200%2C675&ssl=1&resize=350%2C200 1x, https:\/\/i0.wp.com\/noticiasribeiraopreto.com.br\/wp-content\/uploads\/2024\/01\/rp-mobi.jpg?fit=1200%2C675&ssl=1&resize=525%2C300 1.5x, https:\/\/i0.wp.com\/noticiasribeiraopreto.com.br\/wp-content\/uploads\/2024\/01\/rp-mobi.jpg?fit=1200%2C675&ssl=1&resize=700%2C400 2x, https:\/\/i0.wp.com\/noticiasribeiraopreto.com.br\/wp-content\/uploads\/2024\/01\/rp-mobi.jpg?fit=1200%2C675&ssl=1&resize=1050%2C600 3x"},"classes":[]},{"id":78187,"url":"https:\/\/noticiasribeiraopreto.com.br\/index.php\/2025\/10\/03\/rp-mobi-altera-horarios-de-11-linhas-de-onibus-a-partir-deste-sabado-confira\/","url_meta":{"origin":20175,"position":5},"title":"RP Mobi altera hor\u00e1rios de 11 linhas de \u00f4nibus a partir deste s\u00e1bado; Confira","author":"noticiasribeiraopreto.com.br","date":"3 de October de 2025","format":false,"excerpt":"A RP Mobi, empresa que gerencia o transporte urbano de Ribeir\u00e3o Preto, informou que a os quadros de hor\u00e1rios de 11 linhas ser\u00e3o alterados ou ampliados a partir deste s\u00e1bado (4). O objetivo, segundo a Prefeitura Municipal, \u00e9 adequar a oferta de viagens \u00e0 demanda dos usu\u00e1rios, garantindo mais op\u00e7\u00f5es\u2026","rel":"","context":"In &quot;Not\u00edcias de Ribeir\u00e3o Preto-SP e Regi\u00e3o&quot;","block_context":{"text":"Not\u00edcias de Ribeir\u00e3o Preto-SP e Regi\u00e3o","link":"https:\/\/noticiasribeiraopreto.com.br\/index.php\/category\/noticias-de-ribeirao-preto-sp-e-regiao-ismael-colosi\/"},"img":{"alt_text":"","src":"https:\/\/i0.wp.com\/noticiasribeiraopreto.com.br\/wp-content\/uploads\/2025\/10\/linhaonibus__2025-10-03_18-15-05.webp.webp?fit=1200%2C800&ssl=1&resize=350%2C200","width":350,"height":200,"srcset":"https:\/\/i0.wp.com\/noticiasribeiraopreto.com.br\/wp-content\/uploads\/2025\/10\/linhaonibus__2025-10-03_18-15-05.webp.webp?fit=1200%2C800&ssl=1&resize=350%2C200 1x, https:\/\/i0.wp.com\/noticiasribeiraopreto.com.br\/wp-content\/uploads\/2025\/10\/linhaonibus__2025-10-03_18-15-05.webp.webp?fit=1200%2C800&ssl=1&resize=525%2C300 1.5x, https:\/\/i0.wp.com\/noticiasribeiraopreto.com.br\/wp-content\/uploads\/2025\/10\/linhaonibus__2025-10-03_18-15-05.webp.webp?fit=1200%2C800&ssl=1&resize=700%2C400 2x, https:\/\/i0.wp.com\/noticiasribeiraopreto.com.br\/wp-content\/uploads\/2025\/10\/linhaonibus__2025-10-03_18-15-05.webp.webp?fit=1200%2C800&ssl=1&resize=1050%2C600 3x"},"classes":[]}],"jetpack_sharing_enabled":true,"jetpack_shortlink":"https:\/\/wp.me\/peQAOb-5fp","_links":{"self":[{"href":"https:\/\/noticiasribeiraopreto.com.br\/index.php\/wp-json\/wp\/v2\/posts\/20175","targetHints":{"allow":["GET"]}}],"collection":[{"href":"https:\/\/noticiasribeiraopreto.com.br\/index.php\/wp-json\/wp\/v2\/posts"}],"about":[{"href":"https:\/\/noticiasribeiraopreto.com.br\/index.php\/wp-json\/wp\/v2\/types\/post"}],"author":[{"embeddable":true,"href":"https:\/\/noticiasribeiraopreto.com.br\/index.php\/wp-json\/wp\/v2\/users\/1"}],"replies":[{"embeddable":true,"href":"https:\/\/noticiasribeiraopreto.com.br\/index.php\/wp-json\/wp\/v2\/comments?post=20175"}],"version-history":[{"count":0,"href":"https:\/\/noticiasribeiraopreto.com.br\/index.php\/wp-json\/wp\/v2\/posts\/20175\/revisions"}],"wp:featuredmedia":[{"embeddable":true,"href":"https:\/\/noticiasribeiraopreto.com.br\/index.php\/wp-json\/wp\/v2\/media\/20176"}],"wp:attachment":[{"href":"https:\/\/noticiasribeiraopreto.com.br\/index.php\/wp-json\/wp\/v2\/media?parent=20175"}],"wp:term":[{"taxonomy":"category","embeddable":true,"href":"https:\/\/noticiasribeiraopreto.com.br\/index.php\/wp-json\/wp\/v2\/categories?post=20175"},{"taxonomy":"post_tag","embeddable":true,"href":"https:\/\/noticiasribeiraopreto.com.br\/index.php\/wp-json\/wp\/v2\/tags?post=20175"}],"curies":[{"name":"wp","href":"https:\/\/api.w.org\/{rel}","templated":true}]}}