{"id":20181,"date":"2023-12-24T13:48:37","date_gmt":"2023-12-24T16:48:37","guid":{"rendered":"https:\/\/noticiasribeiraopreto.com.br\/index.php\/2023\/12\/24\/cinco-pessoas-perderam-suas-vidas-ao-se-envolver-em-tragico-acidente-com-viatura-na-br-010\/"},"modified":"2023-12-24T13:48:37","modified_gmt":"2023-12-24T16:48:37","slug":"cinco-pessoas-perderam-suas-vidas-ao-se-envolver-em-tragico-acidente-com-viatura-na-br-010","status":"publish","type":"post","link":"https:\/\/noticiasribeiraopreto.com.br\/index.php\/2023\/12\/24\/cinco-pessoas-perderam-suas-vidas-ao-se-envolver-em-tragico-acidente-com-viatura-na-br-010\/","title":{"rendered":"Cinco pessoas perderam suas vidas ao se envolver em tr\u00e1gico acidente com viatura na BR-010"},"content":{"rendered":"<div class='code-block code-block-1' style='margin: 8px 0 8px auto; text-align: right; display: block; clear: both;'>\n<p><a href=\"https:\/\/wa.link\/vpicfd\"><img data-recalc-dims=\"1\" class=\"wp-image-4922\" style=\"aspect-ratio: 2.0253164556962027; width: 561px; height: auto;\" src=\"https:\/\/i0.wp.com\/ismaelcolosi.com.br\/wp-content\/uploads\/2023\/11\/grupo-de-empregos-whatsapp-e-facebook-ismael-colosi-vagas.jpg?ssl=1\" alt=\"\" \/><\/a><\/p>\n<!-- \/wp:image -->\n<\/div>\n<p> <br \/>\n<\/p>\n<div itemprop=\"text\">\n<p>Na tarde deste \u00faltimo s\u00e1bado, dia 23 de dezembro, na rodovia BR-010, conhecida como Bel\u00e9m-Bras\u00edlia, nas proximidades da cidade de Aurora do Par\u00e1, no nordeste paraentese, uma trag\u00e9dia aconteceu.<\/p>\n<p>Uma viatura da Pol\u00edcia Militar colidiu contra um ve\u00edculo de passeio, o que resultou na morte de cinco pessoas, incluindo dois policiais. O acidente ocorreu ap\u00f3s a viatura da PM ter se chocado contra um carro que seguia no sentido contr\u00e1rio.<\/p>\n<p>Assim que populares se depararam com a triste cena, eles tentaram realizar os primeiros socorros no local. Entre as v\u00edtimas fatais est\u00e3o os soldados Fid\u00e9lis, do 22\u00b0 BPM, e Douglas, do 18\u00b0 BPM.<\/p>\n<p>Um terceiro policial que estava na viatura ficou gravemente ferido e foi encaminhado para uma outra unidade de sa\u00fade. As outras tr\u00eas v\u00edtimas que perderam a vida estavam no ve\u00edculo particular envolvido no acidente.<\/p>\n<p>Diante do ocorrido, a Pol\u00edcia Cient\u00edfica foi acionada realizar os devidos procedimentos que envolvem a remo\u00e7\u00e3o dos corpos. O incidente destaca a gravidade dos acidentes rodovi\u00e1rios e suas consequ\u00eancias tr\u00e1gicas, algo que impacta n\u00e3o apenas os envolvidos na trag\u00e9dia, mas tamb\u00e9m suas fam\u00edlias e a comunidade geral.<\/p>\n<p>Diante\u00a0do ocorrido,\u00a0a\u00a0Pol\u00edcia\u00a0e\u00a0as\u00a0autoridades\u00a0locais\u00a0ir\u00e3o continuar\u00a0a\u00a0investigar\u00a0as\u00a0circust\u00e2ncias\u00a0que\u00a0levaram\u00a0ao acidente,\u00a0para\u00a0determinar\u00a0a\u00a0responsabilidade\u00a0e prevenir\u00a0futuros\u00a0incidentes.<\/p>\n<\/div>\n<p><br \/>\n<br \/><a href=\"https:\/\/fnmais.com\/cinco-pessoas-perderam-suas-vidas-ao-se-envolver-em-tragico-acidente-com-viatura-na-br-010\/\">Source link <\/a><\/p>\n<!-- CONTENT END 1 -->\n","protected":false},"excerpt":{"rendered":"<p>Na tarde deste \u00faltimo s\u00e1bado, dia 23 de dezembro, na rodovia BR-010, conhecida como Bel\u00e9m-Bras\u00edlia, nas proximidades da cidade de Aurora do Par\u00e1, no nordeste&#8230;<\/p>\n","protected":false},"author":1,"featured_media":20182,"comment_status":"open","ping_status":"open","sticky":false,"template":"","format":"standard","meta":{"advanced_seo_description":"","jetpack_seo_html_title":"","jetpack_seo_noindex":false,"jetpack_post_was_ever_published":false,"_jetpack_newsletter_access":"","_jetpack_dont_email_post_to_subs":false,"_jetpack_newsletter_tier_id":0,"_jetpack_memberships_contains_paywalled_content":false,"_jetpack_memberships_contains_paid_content":false,"footnotes":"","jetpack_publicize_message":"","jetpack_publicize_feature_enabled":true,"jetpack_social_post_already_shared":true,"jetpack_social_options":{"image_generator_settings":{"template":"highway","default_image_id":0,"font":"","enabled":false},"version":2}},"categories":[1],"tags":[],"class_list":["post-20181","post","type-post","status-publish","format-standard","has-post-thumbnail","hentry","category-blog"],"jetpack_publicize_connections":[],"jetpack_featured_media_url":"https:\/\/i0.wp.com\/noticiasribeiraopreto.com.br\/wp-content\/uploads\/2023\/12\/postimg-65885ea1cf71b4419.jpg?fit=1200%2C628&ssl=1","jetpack-related-posts":[{"id":29479,"url":"https:\/\/noticiasribeiraopreto.com.br\/index.php\/2024\/01\/18\/cinco-mulheres-da-mesma-familia-perderam-a-vida-em-acidente-com-caminhao-reboque\/","url_meta":{"origin":20181,"position":0},"title":"Cinco mulheres da mesma fam\u00edlia perderam a vida em acidente com caminh\u00e3o reboque","author":"noticiasribeiraopreto.com.br","date":"18 de January de 2024","format":false,"excerpt":"Um acidente de tr\u00e2nsito provocou uma verdadeira trag\u00e9dia e dizimou uma fam\u00edlia, deixando para tr\u00e1s choque em toda a popula\u00e7\u00e3o local.A brutalidade do acidente que ceifou as cinco vidas se tornou destaque e viralizou ap\u00f3s ganhar destaque nos principais portais de not\u00edcias de todo o mundo.De acordo com as informa\u00e7\u00f5es\u2026","rel":"","context":"In &quot;Blog&quot;","block_context":{"text":"Blog","link":"https:\/\/noticiasribeiraopreto.com.br\/index.php\/category\/blog\/"},"img":{"alt_text":"","src":"https:\/\/i0.wp.com\/noticiasribeiraopreto.com.br\/wp-content\/uploads\/2024\/01\/postimg-65a9391c7a7b49401.jpg?fit=1200%2C628&ssl=1&resize=350%2C200","width":350,"height":200,"srcset":"https:\/\/i0.wp.com\/noticiasribeiraopreto.com.br\/wp-content\/uploads\/2024\/01\/postimg-65a9391c7a7b49401.jpg?fit=1200%2C628&ssl=1&resize=350%2C200 1x, https:\/\/i0.wp.com\/noticiasribeiraopreto.com.br\/wp-content\/uploads\/2024\/01\/postimg-65a9391c7a7b49401.jpg?fit=1200%2C628&ssl=1&resize=525%2C300 1.5x, https:\/\/i0.wp.com\/noticiasribeiraopreto.com.br\/wp-content\/uploads\/2024\/01\/postimg-65a9391c7a7b49401.jpg?fit=1200%2C628&ssl=1&resize=700%2C400 2x, https:\/\/i0.wp.com\/noticiasribeiraopreto.com.br\/wp-content\/uploads\/2024\/01\/postimg-65a9391c7a7b49401.jpg?fit=1200%2C628&ssl=1&resize=1050%2C600 3x"},"classes":[]},{"id":84805,"url":"https:\/\/noticiasribeiraopreto.com.br\/index.php\/2026\/04\/16\/mulher-e-presa-apos-ferir-policial-ao-jogar-carro-contra-moto-viatura-e-adega-video\/","url_meta":{"origin":20181,"position":1},"title":"Mulher \u00e9 presa ap\u00f3s ferir policial ao jogar carro contra moto, viatura e adega; V\u00eddeo","author":"noticiasribeiraopreto.com.br","date":"16 de April de 2026","format":false,"excerpt":"Ler o resumo da not\u00edcia Mulher de 45 anos foi presa ap\u00f3s dirigir carro contra moto, viatura da PM e adega em Monte Alto, a 80 km de Ribeir\u00e3o Preto, na noite de quarta-feira (15). A suspeita feriu um policial que estava na viatura; ele sofreu les\u00f5es na cabe\u00e7a e\u2026","rel":"","context":"In &quot;Not\u00edcias de Ribeir\u00e3o Preto-SP e Regi\u00e3o&quot;","block_context":{"text":"Not\u00edcias de Ribeir\u00e3o Preto-SP e Regi\u00e3o","link":"https:\/\/noticiasribeiraopreto.com.br\/index.php\/category\/noticias-de-ribeirao-preto-sp-e-regiao-ismael-colosi\/"},"img":{"alt_text":"","src":"https:\/\/i0.wp.com\/noticiasribeiraopreto.com.br\/wp-content\/uploads\/2026\/04\/WhatsApp-Image-2026-04-16-at-08.04.50_2026-04-16_11-05-09.webp.webp?fit=712%2C409&ssl=1&resize=350%2C200","width":350,"height":200,"srcset":"https:\/\/i0.wp.com\/noticiasribeiraopreto.com.br\/wp-content\/uploads\/2026\/04\/WhatsApp-Image-2026-04-16-at-08.04.50_2026-04-16_11-05-09.webp.webp?fit=712%2C409&ssl=1&resize=350%2C200 1x, https:\/\/i0.wp.com\/noticiasribeiraopreto.com.br\/wp-content\/uploads\/2026\/04\/WhatsApp-Image-2026-04-16-at-08.04.50_2026-04-16_11-05-09.webp.webp?fit=712%2C409&ssl=1&resize=525%2C300 1.5x, https:\/\/i0.wp.com\/noticiasribeiraopreto.com.br\/wp-content\/uploads\/2026\/04\/WhatsApp-Image-2026-04-16-at-08.04.50_2026-04-16_11-05-09.webp.webp?fit=712%2C409&ssl=1&resize=700%2C400 2x"},"classes":[]},{"id":29642,"url":"https:\/\/noticiasribeiraopreto.com.br\/index.php\/2024\/01\/18\/mais-um-gravissimo-acidente-na-br-116-tira-a-vida-de-pai-e-filho\/","url_meta":{"origin":20181,"position":2},"title":"Mais um grav\u00edssimo acidente na BR-116 tira a vida de pai e filho","author":"noticiasribeiraopreto.com.br","date":"18 de January de 2024","format":false,"excerpt":"Duas trag\u00e9dias separadas, ambas igualmente devastadoras, ocorreram na BR-116, deixando um rastro de luto e perguntas sem respostas.Em Correia Pinto, na Serra catarinense, um pai e seu filho foram as v\u00edtimas fatais de um grave acidente no in\u00edcio da noite de quinta, dia 18 de janeiro.O acidente, que envolveu dois\u2026","rel":"","context":"In &quot;Blog&quot;","block_context":{"text":"Blog","link":"https:\/\/noticiasribeiraopreto.com.br\/index.php\/category\/blog\/"},"img":{"alt_text":"","src":"https:\/\/i0.wp.com\/noticiasribeiraopreto.com.br\/wp-content\/uploads\/2024\/01\/postimg-65a9ccf44ece48566.jpg?fit=1200%2C628&ssl=1&resize=350%2C200","width":350,"height":200,"srcset":"https:\/\/i0.wp.com\/noticiasribeiraopreto.com.br\/wp-content\/uploads\/2024\/01\/postimg-65a9ccf44ece48566.jpg?fit=1200%2C628&ssl=1&resize=350%2C200 1x, https:\/\/i0.wp.com\/noticiasribeiraopreto.com.br\/wp-content\/uploads\/2024\/01\/postimg-65a9ccf44ece48566.jpg?fit=1200%2C628&ssl=1&resize=525%2C300 1.5x, https:\/\/i0.wp.com\/noticiasribeiraopreto.com.br\/wp-content\/uploads\/2024\/01\/postimg-65a9ccf44ece48566.jpg?fit=1200%2C628&ssl=1&resize=700%2C400 2x, https:\/\/i0.wp.com\/noticiasribeiraopreto.com.br\/wp-content\/uploads\/2024\/01\/postimg-65a9ccf44ece48566.jpg?fit=1200%2C628&ssl=1&resize=1050%2C600 3x"},"classes":[]},{"id":29648,"url":"https:\/\/noticiasribeiraopreto.com.br\/index.php\/2024\/01\/18\/sc-acidente-grave-provoca-tragedia-deixa-pai-e-filho-sem-vida-e-varios-feridos-na-br-116\/","url_meta":{"origin":20181,"position":3},"title":"SC: Acidente grave provoca trag\u00e9dia, deixa pai e filho sem vida e v\u00e1rios feridos na BR-116","author":"noticiasribeiraopreto.com.br","date":"18 de January de 2024","format":false,"excerpt":"No in\u00edcio da noite desta quinta-feira (18), um grave acidente provocou uma verdadeira trag\u00e9dia que teve como cen\u00e1rio a rodovia BR-116.De acordo com as autoridades respons\u00e1veis por atender a ocorr\u00eancia, a colis\u00e3o entre dois carros, aconteceu no trecho que corta a cidade de Correia Pinto, localizada no interior do estado\u2026","rel":"","context":"In &quot;Blog&quot;","block_context":{"text":"Blog","link":"https:\/\/noticiasribeiraopreto.com.br\/index.php\/category\/blog\/"},"img":{"alt_text":"","src":"https:\/\/i0.wp.com\/noticiasribeiraopreto.com.br\/wp-content\/uploads\/2024\/01\/postimg-65a9ca4600ae64584.jpg?fit=1200%2C628&ssl=1&resize=350%2C200","width":350,"height":200,"srcset":"https:\/\/i0.wp.com\/noticiasribeiraopreto.com.br\/wp-content\/uploads\/2024\/01\/postimg-65a9ca4600ae64584.jpg?fit=1200%2C628&ssl=1&resize=350%2C200 1x, https:\/\/i0.wp.com\/noticiasribeiraopreto.com.br\/wp-content\/uploads\/2024\/01\/postimg-65a9ca4600ae64584.jpg?fit=1200%2C628&ssl=1&resize=525%2C300 1.5x, https:\/\/i0.wp.com\/noticiasribeiraopreto.com.br\/wp-content\/uploads\/2024\/01\/postimg-65a9ca4600ae64584.jpg?fit=1200%2C628&ssl=1&resize=700%2C400 2x, https:\/\/i0.wp.com\/noticiasribeiraopreto.com.br\/wp-content\/uploads\/2024\/01\/postimg-65a9ca4600ae64584.jpg?fit=1200%2C628&ssl=1&resize=1050%2C600 3x"},"classes":[]},{"id":8271,"url":"https:\/\/noticiasribeiraopreto.com.br\/index.php\/2023\/11\/29\/tragedia-na-br-265-acidente-entre-2-carros-e-um-caminhao-deixa-vitimas-fatais\/","url_meta":{"origin":20181,"position":4},"title":"Trag\u00e9dia na BR-265 &#8211; acidente entre 2 carros e um caminh\u00e3o deixa v\u00edtimas fatais","author":"noticiasribeiraopreto.com.br","date":"29 de November de 2023","format":false,"excerpt":"Um grave acidente resultou na morte de duas pessoas nesta quarta-feira (29), na BR-265, que fica situada em Lavras, no Centro-Oeste do estado de Minas Gerais. A trag\u00e9dia envolveu um caminh\u00e3o e outros dois ve\u00edculos.Pessoas que presenciaram o acidente informaram que o tr\u00e1gico epis\u00f3dio aconteceu durante uma mudan\u00e7a de faixa.\u2026","rel":"","context":"In &quot;Blog&quot;","block_context":{"text":"Blog","link":"https:\/\/noticiasribeiraopreto.com.br\/index.php\/category\/blog\/"},"img":{"alt_text":"","src":"https:\/\/i0.wp.com\/noticiasribeiraopreto.com.br\/wp-content\/uploads\/2023\/11\/postimg-6567bb49b7d246376.jpg?fit=1200%2C628&ssl=1&resize=350%2C200","width":350,"height":200,"srcset":"https:\/\/i0.wp.com\/noticiasribeiraopreto.com.br\/wp-content\/uploads\/2023\/11\/postimg-6567bb49b7d246376.jpg?fit=1200%2C628&ssl=1&resize=350%2C200 1x, https:\/\/i0.wp.com\/noticiasribeiraopreto.com.br\/wp-content\/uploads\/2023\/11\/postimg-6567bb49b7d246376.jpg?fit=1200%2C628&ssl=1&resize=525%2C300 1.5x, https:\/\/i0.wp.com\/noticiasribeiraopreto.com.br\/wp-content\/uploads\/2023\/11\/postimg-6567bb49b7d246376.jpg?fit=1200%2C628&ssl=1&resize=700%2C400 2x, https:\/\/i0.wp.com\/noticiasribeiraopreto.com.br\/wp-content\/uploads\/2023\/11\/postimg-6567bb49b7d246376.jpg?fit=1200%2C628&ssl=1&resize=1050%2C600 3x"},"classes":[]},{"id":25934,"url":"https:\/\/noticiasribeiraopreto.com.br\/index.php\/2024\/01\/08\/em-surto-psicotico-homem-tenta-machucar-pessoas-e-falece-sozinho-dentro-de-viatura-da-pm\/","url_meta":{"origin":20181,"position":5},"title":"em surto psic\u00f3tico, homem tenta machucar pessoas e falece sozinho dentro de viatura da PM","author":"noticiasribeiraopreto.com.br","date":"8 de January de 2024","format":false,"excerpt":"Uma ocorr\u00eancia policial terminou em trag\u00e9dia na cidade de Blumenau, no estado de Santa Catarina, na noite do \u00faltimo domingo, dia 07 de janeiro.A Pol\u00edcia Militar foi acionada para conter um homem em aparente surto psic\u00f3tico o qual, armado com uma faca, amea\u00e7ava ferir populares e atentar contra a pr\u00f3pria\u2026","rel":"","context":"In &quot;Blog&quot;","block_context":{"text":"Blog","link":"https:\/\/noticiasribeiraopreto.com.br\/index.php\/category\/blog\/"},"img":{"alt_text":"","src":"https:\/\/i0.wp.com\/noticiasribeiraopreto.com.br\/wp-content\/uploads\/2024\/01\/postimg-659c44c1a77ee9065.jpg?fit=1200%2C628&ssl=1&resize=350%2C200","width":350,"height":200,"srcset":"https:\/\/i0.wp.com\/noticiasribeiraopreto.com.br\/wp-content\/uploads\/2024\/01\/postimg-659c44c1a77ee9065.jpg?fit=1200%2C628&ssl=1&resize=350%2C200 1x, https:\/\/i0.wp.com\/noticiasribeiraopreto.com.br\/wp-content\/uploads\/2024\/01\/postimg-659c44c1a77ee9065.jpg?fit=1200%2C628&ssl=1&resize=525%2C300 1.5x, https:\/\/i0.wp.com\/noticiasribeiraopreto.com.br\/wp-content\/uploads\/2024\/01\/postimg-659c44c1a77ee9065.jpg?fit=1200%2C628&ssl=1&resize=700%2C400 2x, https:\/\/i0.wp.com\/noticiasribeiraopreto.com.br\/wp-content\/uploads\/2024\/01\/postimg-659c44c1a77ee9065.jpg?fit=1200%2C628&ssl=1&resize=1050%2C600 3x"},"classes":[]}],"jetpack_sharing_enabled":true,"jetpack_shortlink":"https:\/\/wp.me\/peQAOb-5fv","_links":{"self":[{"href":"https:\/\/noticiasribeiraopreto.com.br\/index.php\/wp-json\/wp\/v2\/posts\/20181","targetHints":{"allow":["GET"]}}],"collection":[{"href":"https:\/\/noticiasribeiraopreto.com.br\/index.php\/wp-json\/wp\/v2\/posts"}],"about":[{"href":"https:\/\/noticiasribeiraopreto.com.br\/index.php\/wp-json\/wp\/v2\/types\/post"}],"author":[{"embeddable":true,"href":"https:\/\/noticiasribeiraopreto.com.br\/index.php\/wp-json\/wp\/v2\/users\/1"}],"replies":[{"embeddable":true,"href":"https:\/\/noticiasribeiraopreto.com.br\/index.php\/wp-json\/wp\/v2\/comments?post=20181"}],"version-history":[{"count":0,"href":"https:\/\/noticiasribeiraopreto.com.br\/index.php\/wp-json\/wp\/v2\/posts\/20181\/revisions"}],"wp:featuredmedia":[{"embeddable":true,"href":"https:\/\/noticiasribeiraopreto.com.br\/index.php\/wp-json\/wp\/v2\/media\/20182"}],"wp:attachment":[{"href":"https:\/\/noticiasribeiraopreto.com.br\/index.php\/wp-json\/wp\/v2\/media?parent=20181"}],"wp:term":[{"taxonomy":"category","embeddable":true,"href":"https:\/\/noticiasribeiraopreto.com.br\/index.php\/wp-json\/wp\/v2\/categories?post=20181"},{"taxonomy":"post_tag","embeddable":true,"href":"https:\/\/noticiasribeiraopreto.com.br\/index.php\/wp-json\/wp\/v2\/tags?post=20181"}],"curies":[{"name":"wp","href":"https:\/\/api.w.org\/{rel}","templated":true}]}}