{"id":20188,"date":"2023-12-24T14:01:23","date_gmt":"2023-12-24T17:01:23","guid":{"rendered":"https:\/\/noticiasribeiraopreto.com.br\/index.php\/2023\/12\/24\/mina-da-braskem-brkm5-sem-novos-riscos-defesa-civil-ve-estabilizacao-na-regiao-do-afundamento\/"},"modified":"2023-12-24T14:01:23","modified_gmt":"2023-12-24T17:01:23","slug":"mina-da-braskem-brkm5-sem-novos-riscos-defesa-civil-ve-estabilizacao-na-regiao-do-afundamento","status":"publish","type":"post","link":"https:\/\/noticiasribeiraopreto.com.br\/index.php\/2023\/12\/24\/mina-da-braskem-brkm5-sem-novos-riscos-defesa-civil-ve-estabilizacao-na-regiao-do-afundamento\/","title":{"rendered":"Mina da Braskem (BRKM5) sem novos riscos? Defesa Civil v\u00ea estabiliza\u00e7\u00e3o na regi\u00e3o do afundamento"},"content":{"rendered":"<div class='code-block code-block-1' style='margin: 8px 0 8px auto; text-align: right; display: block; clear: both;'>\n<p><a href=\"https:\/\/wa.link\/vpicfd\"><img data-recalc-dims=\"1\" class=\"wp-image-4922\" style=\"aspect-ratio: 2.0253164556962027; width: 561px; height: auto;\" src=\"https:\/\/i0.wp.com\/ismaelcolosi.com.br\/wp-content\/uploads\/2023\/11\/grupo-de-empregos-whatsapp-e-facebook-ismael-colosi-vagas.jpg?ssl=1\" alt=\"\" \/><\/a><\/p>\n<!-- \/wp:image -->\n<\/div>\n<p> <br \/>\n<\/p>\n<div id=\"js-first-letter\">\n<p><a href=\"https:\/\/www.seudinheiro.com\/2023\/empresas\/antiga-mina-da-braskem-brkm5-se-rompe-em-maceio-apos-solo-ter-afundado-125cm-em-24-horas-veja-video-julw\/\" target=\"_blank\" rel=\"noreferrer noopener\">Duas semanas ap\u00f3s o rompimento<\/a>, a mina 18 pertencente \u00e0 Braskem (BRKM5) caminha para a estabiliza\u00e7\u00e3o, segundo o coordenador-geral da Defesa Civil de Macei\u00f3, Abelardo Nobre. <\/p>\n<p>Na vis\u00e3o de Nobre, o cen\u00e1rio de preocupa\u00e7\u00e3o e riscos de deslocamentos de terra praticamente n\u00e3o existe mais.<\/p>\n<p>&#8220;Aquele cen\u00e1rio de preocupa\u00e7\u00e3o que t\u00ednhamos antes j\u00e1 n\u00e3o existe. O afundamento reduziu significativamente, o que nos leva a entender que o solo pode se acomodar e estabilizar&#8221;, disse Abelardo.<\/p>\n<p>A avalia\u00e7\u00e3o foi feita ap\u00f3s dez dias de monitoramento do novo equipamento instalado nas proximidades da mina 18 da Braskem.<\/p>\n<p>Isso porque o equipamento anterior havia sido perdido durante o rompimento parcial na regi\u00e3o no dia 10 de dezembro, quando aconteceu o rompimento da mina.<\/p>\n<p>A velocidade de afundamento chegou a 5cm\/h no dia 29 de novembro, antes do rompimento da mina da Braskem, de acordo com os dados capitados pelo novo equipamento.<\/p>\n<p>Agora, a movimenta\u00e7\u00e3o se aproxima dos mil\u00edmetros por hora. Nas \u00faltimas 24 horas, o deslocamento vertical foi de 2,5 cent\u00edmetros, com uma velocidade de 1 mil\u00edmetro por hora.<\/p>\n<p>Apesar da redu\u00e7\u00e3o dos riscos, a Defesa Civil permanece em alerta e mant\u00e9m a recomenda\u00e7\u00e3o para a popula\u00e7\u00e3o n\u00e3o transitar na \u00e1rea desocupada por precau\u00e7\u00e3o.<\/p>\n<p>A equipe de an\u00e1lise da Defesa Civil ressalta que essas informa\u00e7\u00f5es s\u00e3o baseadas em dados cont\u00ednuos, incluindo an\u00e1lises s\u00edsmicas.<\/p>\n<ul>\n<li><strong>ONDE INVESTIR EM 2024:<\/strong> Descubra o que esperar do cen\u00e1rio econ\u00f4mico brasileiro e internacional e quais s\u00e3o os melhores investimentos para a sua carteira, em diferentes classes de ativos. <a href=\"https:\/\/lp.seudinheiro.com\/onde-investir-oinv01-a\/?xpromo=XD-MEL-SD-OINV01-AUDSD-X-CHLTB-EDITORIAL1-MKTPORTAIS\" target=\"_blank\" rel=\"noreferrer noopener\"><strong>Clique aqui.\u00a0<\/strong><\/a><\/li>\n<\/ul>\n<\/div>\n<p><br \/>\n<br \/><a href=\"https:\/\/www.seudinheiro.com\/2023\/empresas\/mina-da-braskem-brkm5-sem-novos-riscos-defesa-civil-ve-estabilizacao-na-regiao-do-afundamento-miql-miql\/\">Source link <\/a><\/p>\n<!-- CONTENT END 1 -->\n","protected":false},"excerpt":{"rendered":"<p>Duas semanas ap\u00f3s o rompimento, a mina 18 pertencente \u00e0 Braskem (BRKM5) caminha para a estabiliza\u00e7\u00e3o, segundo o coordenador-geral da Defesa Civil de Macei\u00f3, Abelardo&#8230;<\/p>\n","protected":false},"author":1,"featured_media":20189,"comment_status":"open","ping_status":"open","sticky":false,"template":"","format":"standard","meta":{"advanced_seo_description":"","jetpack_seo_html_title":"","jetpack_seo_noindex":false,"jetpack_post_was_ever_published":false,"_jetpack_newsletter_access":"","_jetpack_dont_email_post_to_subs":false,"_jetpack_newsletter_tier_id":0,"_jetpack_memberships_contains_paywalled_content":false,"_jetpack_memberships_contains_paid_content":false,"footnotes":"","jetpack_publicize_message":"","jetpack_publicize_feature_enabled":true,"jetpack_social_post_already_shared":true,"jetpack_social_options":{"image_generator_settings":{"template":"highway","default_image_id":0,"font":"","enabled":false},"version":2}},"categories":[1235],"tags":[],"class_list":["post-20188","post","type-post","status-publish","format-standard","has-post-thumbnail","hentry","category-dinheiro-e-investimento-como-fazer-como-ganhar"],"jetpack_publicize_connections":[],"jetpack_featured_media_url":"https:\/\/i0.wp.com\/noticiasribeiraopreto.com.br\/wp-content\/uploads\/2023\/12\/1703437288_Planta-Cloro-Soda_Maceio-braskem-628x353.jpg?fit=628%2C353&ssl=1","jetpack-related-posts":[{"id":13572,"url":"https:\/\/noticiasribeiraopreto.com.br\/index.php\/2023\/12\/10\/antiga-mina-da-braskem-brkm5-se-rompe-em-maceio-apos-solo-ter-afundado-125cm-em-24-horas-veja-video\/","url_meta":{"origin":20188,"position":0},"title":"Antiga mina da Braskem (BRKM5) se rompe em Macei\u00f3, ap\u00f3s solo ter afundado 12,5cm em 24 horas; veja v\u00eddeo","author":"noticiasribeiraopreto.com.br","date":"10 de December de 2023","format":false,"excerpt":"A Defesa Civil de Macei\u00f3 informou, na come\u00e7o da tarde deste domingo (18), que a mina 18, antiga mina da Braskem (BRKM5), sofreu um rompimento parcial \u00e0s 13h15 que p\u00f4de ser percebido num trecho da Lagoa Munda\u00fa, no bairro do Mutange. \"No momento, t\u00e9cnicos da Defesa Civil est\u00e3o monitorando o\u2026","rel":"","context":"In &quot;Dinheiro e Investimento&quot;","block_context":{"text":"Dinheiro e Investimento","link":"https:\/\/noticiasribeiraopreto.com.br\/index.php\/category\/dinheiro-e-investimento-como-fazer-como-ganhar\/"},"img":{"alt_text":"","src":"https:\/\/i0.wp.com\/noticiasribeiraopreto.com.br\/wp-content\/uploads\/2023\/12\/rompimento-mina-braskem-mod-715x402.jpg?fit=715%2C402&ssl=1&resize=350%2C200","width":350,"height":200,"srcset":"https:\/\/i0.wp.com\/noticiasribeiraopreto.com.br\/wp-content\/uploads\/2023\/12\/rompimento-mina-braskem-mod-715x402.jpg?fit=715%2C402&ssl=1&resize=350%2C200 1x, https:\/\/i0.wp.com\/noticiasribeiraopreto.com.br\/wp-content\/uploads\/2023\/12\/rompimento-mina-braskem-mod-715x402.jpg?fit=715%2C402&ssl=1&resize=525%2C300 1.5x, https:\/\/i0.wp.com\/noticiasribeiraopreto.com.br\/wp-content\/uploads\/2023\/12\/rompimento-mina-braskem-mod-715x402.jpg?fit=715%2C402&ssl=1&resize=700%2C400 2x"},"classes":[]},{"id":9637,"url":"https:\/\/noticiasribeiraopreto.com.br\/index.php\/2023\/12\/02\/maceio-registra-abalo-sismico-na-regiao-de-mina-da-braskem-brkm5-ameacada-de-desabamento\/","url_meta":{"origin":20188,"position":1},"title":"Macei\u00f3 registra abalo s\u00edsmico na regi\u00e3o de mina da Braskem (BRKM5) amea\u00e7ada de desabamento","author":"noticiasribeiraopreto.com.br","date":"2 de December de 2023","format":false,"excerpt":"A Defesa Civil de Macei\u00f3 informou que na \u00faltima sexta-feira (1) foi registrado um evento s\u00edsmico de magnitude de 0,39Ml a 330m de profundidade na regi\u00e3o do Mutange, onde est\u00e1 localizada a mina n\u00famero 18 de explora\u00e7\u00e3o de sal-gema pela Braskem (BRKM5). O \u00f3rg\u00e3o informou que mant\u00e9m alerta m\u00e1ximo e\u2026","rel":"","context":"In &quot;Dinheiro e Investimento&quot;","block_context":{"text":"Dinheiro e Investimento","link":"https:\/\/noticiasribeiraopreto.com.br\/index.php\/category\/dinheiro-e-investimento-como-fazer-como-ganhar\/"},"img":{"alt_text":"","src":"https:\/\/i0.wp.com\/noticiasribeiraopreto.com.br\/wp-content\/uploads\/2023\/12\/Planta-Cloro-Soda_Maceio-braskem-628x353.jpg?fit=628%2C353&ssl=1&resize=350%2C200","width":350,"height":200,"srcset":"https:\/\/i0.wp.com\/noticiasribeiraopreto.com.br\/wp-content\/uploads\/2023\/12\/Planta-Cloro-Soda_Maceio-braskem-628x353.jpg?fit=628%2C353&ssl=1&resize=350%2C200 1x, https:\/\/i0.wp.com\/noticiasribeiraopreto.com.br\/wp-content\/uploads\/2023\/12\/Planta-Cloro-Soda_Maceio-braskem-628x353.jpg?fit=628%2C353&ssl=1&resize=525%2C300 1.5x"},"classes":[]},{"id":21172,"url":"https:\/\/noticiasribeiraopreto.com.br\/index.php\/2023\/12\/27\/um-presente-de-natal-para-a-braskem-brkm5-justica-rejeita-pedido-de-bloqueio-de-r-1-bilhao-da-petroquimica\/","url_meta":{"origin":20188,"position":2},"title":"Um presente de Natal para a Braskem (BRKM5)? Justi\u00e7a rejeita pedido de bloqueio de R$ 1 bilh\u00e3o da petroqu\u00edmica","author":"noticiasribeiraopreto.com.br","date":"27 de December de 2023","format":false,"excerpt":"Um presente de Natal caiu aos p\u00e9s da \u00e1rvore da Braskem (BRKM5) nesta semana. A Justi\u00e7a Federal em Alagoas negou pedido do Minist\u00e9rio P\u00fablico Federal (MPF) e da Defensoria P\u00fablica da Uni\u00e3o (DPU) para bloquear R$ 1 bilh\u00e3o nas contas da petroqu\u00edmica. Isso porque no dia 14 de dezembro, os\u2026","rel":"","context":"In &quot;Dinheiro e Investimento&quot;","block_context":{"text":"Dinheiro e Investimento","link":"https:\/\/noticiasribeiraopreto.com.br\/index.php\/category\/dinheiro-e-investimento-como-fazer-como-ganhar\/"},"img":{"alt_text":"","src":"https:\/\/i0.wp.com\/noticiasribeiraopreto.com.br\/wp-content\/uploads\/2023\/12\/1703680514_Planta-Cloro-Soda_Maceio-braskem-628x353.jpg?fit=628%2C353&ssl=1&resize=350%2C200","width":350,"height":200,"srcset":"https:\/\/i0.wp.com\/noticiasribeiraopreto.com.br\/wp-content\/uploads\/2023\/12\/1703680514_Planta-Cloro-Soda_Maceio-braskem-628x353.jpg?fit=628%2C353&ssl=1&resize=350%2C200 1x, https:\/\/i0.wp.com\/noticiasribeiraopreto.com.br\/wp-content\/uploads\/2023\/12\/1703680514_Planta-Cloro-Soda_Maceio-braskem-628x353.jpg?fit=628%2C353&ssl=1&resize=525%2C300 1.5x"},"classes":[]},{"id":10529,"url":"https:\/\/noticiasribeiraopreto.com.br\/index.php\/2023\/12\/04\/braskem-brkm5-segue-no-indice-das-empresas-mais-sustentaveis-da-b3-apesar-dos-problemas-em-maceio\/","url_meta":{"origin":20188,"position":3},"title":"Braskem (BRKM5) segue no \u00edndice das empresas mais sustent\u00e1veis da B3 apesar dos problemas em Macei\u00f3","author":"noticiasribeiraopreto.com.br","date":"4 de December de 2023","format":false,"excerpt":"Uma empresa apontada como respons\u00e1vel por um desastre ambiental pode ser considerada sustent\u00e1vel? Pelo menos no caso da Braskem (BRKM5), a resposta \u00e9 sim. Apesar dos problemas com o afundamento de bairros em Macei\u00f3 (AL), a petroqu\u00edmica se mant\u00e9m em um grupo seleto: o do \u00cdndice de Sustentabilidade Empresarial (ISE)\u2026","rel":"","context":"In &quot;Dinheiro e Investimento&quot;","block_context":{"text":"Dinheiro e Investimento","link":"https:\/\/noticiasribeiraopreto.com.br\/index.php\/category\/dinheiro-e-investimento-como-fazer-como-ganhar\/"},"img":{"alt_text":"","src":"https:\/\/i0.wp.com\/noticiasribeiraopreto.com.br\/wp-content\/uploads\/2023\/12\/Unidade-da-Braskem-715x402.jpg?fit=715%2C402&ssl=1&resize=350%2C200","width":350,"height":200,"srcset":"https:\/\/i0.wp.com\/noticiasribeiraopreto.com.br\/wp-content\/uploads\/2023\/12\/Unidade-da-Braskem-715x402.jpg?fit=715%2C402&ssl=1&resize=350%2C200 1x, https:\/\/i0.wp.com\/noticiasribeiraopreto.com.br\/wp-content\/uploads\/2023\/12\/Unidade-da-Braskem-715x402.jpg?fit=715%2C402&ssl=1&resize=525%2C300 1.5x, https:\/\/i0.wp.com\/noticiasribeiraopreto.com.br\/wp-content\/uploads\/2023\/12\/Unidade-da-Braskem-715x402.jpg?fit=715%2C402&ssl=1&resize=700%2C400 2x"},"classes":[]},{"id":13191,"url":"https:\/\/noticiasribeiraopreto.com.br\/index.php\/2023\/12\/09\/braskem-brkm5-confirma-que-prefeitura-de-maceio-quer-rever-valor-da-indenizacao-por-afundamento-de-bairros\/","url_meta":{"origin":20188,"position":4},"title":"Braskem (BRKM5) confirma que Prefeitura de Macei\u00f3 quer rever valor da indeniza\u00e7\u00e3o por afundamento de bairros","author":"noticiasribeiraopreto.com.br","date":"9 de December de 2023","format":false,"excerpt":"A Braskem (BRKM5) confirmou \u00e0 Comiss\u00e3o de Valores Mobili\u00e1rios (CVM), na noite da \u00faltima sexta-feira (09), que recebeu correspond\u00eancia da Prefeitura de Macei\u00f3 com pedido para reabrir acordo selado em julho em que a petroqu\u00edmica se comprometeu a pagar indeniza\u00e7\u00e3o de R$ 1,7 bilh\u00e3o ao munic\u00edpio em raz\u00e3o do afundamento\u2026","rel":"","context":"In &quot;Dinheiro e Investimento&quot;","block_context":{"text":"Dinheiro e Investimento","link":"https:\/\/noticiasribeiraopreto.com.br\/index.php\/category\/dinheiro-e-investimento-como-fazer-como-ganhar\/"},"img":{"alt_text":"","src":"https:\/\/i0.wp.com\/noticiasribeiraopreto.com.br\/wp-content\/uploads\/2023\/12\/1702138274_Planta-Cloro-Soda_Maceio-braskem-628x353.jpg?fit=628%2C353&ssl=1&resize=350%2C200","width":350,"height":200,"srcset":"https:\/\/i0.wp.com\/noticiasribeiraopreto.com.br\/wp-content\/uploads\/2023\/12\/1702138274_Planta-Cloro-Soda_Maceio-braskem-628x353.jpg?fit=628%2C353&ssl=1&resize=350%2C200 1x, https:\/\/i0.wp.com\/noticiasribeiraopreto.com.br\/wp-content\/uploads\/2023\/12\/1702138274_Planta-Cloro-Soda_Maceio-braskem-628x353.jpg?fit=628%2C353&ssl=1&resize=525%2C300 1.5x"},"classes":[]},{"id":10042,"url":"https:\/\/noticiasribeiraopreto.com.br\/index.php\/2023\/12\/03\/defesa-civil-indica-avanco-na-movimentacao-do-solo-em-maceio\/","url_meta":{"origin":20188,"position":5},"title":"Defesa Civil indica avan\u00e7o na movimenta\u00e7\u00e3o do solo em Macei\u00f3","author":"noticiasribeiraopreto.com.br","date":"3 de December de 2023","format":false,"excerpt":"3 de dezembro de 2023 | 12:26 0Registros da Defesa Civil de Macei\u00f3 indicam a diminui\u00e7\u00e3o do ritmo de afundamento da mina de extra\u00e7\u00e3o de sal-gema n\u00famero 18, da Braskem, no bairro Mutange, na capital alagoana. Apesar disso, os dados divulgados neste domingo (3) mostram que a movimenta\u00e7\u00e3o do solo\u2026","rel":"","context":"In &quot;Not\u00edcias de Ribeir\u00e3o Preto-SP e Regi\u00e3o&quot;","block_context":{"text":"Not\u00edcias de Ribeir\u00e3o Preto-SP e Regi\u00e3o","link":"https:\/\/noticiasribeiraopreto.com.br\/index.php\/category\/noticias-de-ribeirao-preto-sp-e-regiao-ismael-colosi\/"},"img":{"alt_text":"","src":"https:\/\/i0.wp.com\/noticiasribeiraopreto.com.br\/wp-content\/uploads\/2023\/12\/braskem-scaled.jpg?fit=1000%2C598&ssl=1&resize=350%2C200","width":350,"height":200,"srcset":"https:\/\/i0.wp.com\/noticiasribeiraopreto.com.br\/wp-content\/uploads\/2023\/12\/braskem-scaled.jpg?fit=1000%2C598&ssl=1&resize=350%2C200 1x, https:\/\/i0.wp.com\/noticiasribeiraopreto.com.br\/wp-content\/uploads\/2023\/12\/braskem-scaled.jpg?fit=1000%2C598&ssl=1&resize=525%2C300 1.5x, https:\/\/i0.wp.com\/noticiasribeiraopreto.com.br\/wp-content\/uploads\/2023\/12\/braskem-scaled.jpg?fit=1000%2C598&ssl=1&resize=700%2C400 2x"},"classes":[]}],"jetpack_sharing_enabled":true,"jetpack_shortlink":"https:\/\/wp.me\/peQAOb-5fC","_links":{"self":[{"href":"https:\/\/noticiasribeiraopreto.com.br\/index.php\/wp-json\/wp\/v2\/posts\/20188","targetHints":{"allow":["GET"]}}],"collection":[{"href":"https:\/\/noticiasribeiraopreto.com.br\/index.php\/wp-json\/wp\/v2\/posts"}],"about":[{"href":"https:\/\/noticiasribeiraopreto.com.br\/index.php\/wp-json\/wp\/v2\/types\/post"}],"author":[{"embeddable":true,"href":"https:\/\/noticiasribeiraopreto.com.br\/index.php\/wp-json\/wp\/v2\/users\/1"}],"replies":[{"embeddable":true,"href":"https:\/\/noticiasribeiraopreto.com.br\/index.php\/wp-json\/wp\/v2\/comments?post=20188"}],"version-history":[{"count":0,"href":"https:\/\/noticiasribeiraopreto.com.br\/index.php\/wp-json\/wp\/v2\/posts\/20188\/revisions"}],"wp:featuredmedia":[{"embeddable":true,"href":"https:\/\/noticiasribeiraopreto.com.br\/index.php\/wp-json\/wp\/v2\/media\/20189"}],"wp:attachment":[{"href":"https:\/\/noticiasribeiraopreto.com.br\/index.php\/wp-json\/wp\/v2\/media?parent=20188"}],"wp:term":[{"taxonomy":"category","embeddable":true,"href":"https:\/\/noticiasribeiraopreto.com.br\/index.php\/wp-json\/wp\/v2\/categories?post=20188"},{"taxonomy":"post_tag","embeddable":true,"href":"https:\/\/noticiasribeiraopreto.com.br\/index.php\/wp-json\/wp\/v2\/tags?post=20188"}],"curies":[{"name":"wp","href":"https:\/\/api.w.org\/{rel}","templated":true}]}}