{"id":20194,"date":"2023-12-24T14:17:31","date_gmt":"2023-12-24T17:17:31","guid":{"rendered":"https:\/\/noticiasribeiraopreto.com.br\/index.php\/2023\/12\/24\/camara-na-escola-atrai-mais-de-dois-mil-estudantes\/"},"modified":"2023-12-24T14:17:31","modified_gmt":"2023-12-24T17:17:31","slug":"camara-na-escola-atrai-mais-de-dois-mil-estudantes","status":"publish","type":"post","link":"https:\/\/noticiasribeiraopreto.com.br\/index.php\/2023\/12\/24\/camara-na-escola-atrai-mais-de-dois-mil-estudantes\/","title":{"rendered":"C\u00e2mara na Escola\u00a0atrai mais de dois mil estudantes"},"content":{"rendered":"<div class='code-block code-block-1' style='margin: 8px 0 8px auto; text-align: right; display: block; clear: both;'>\n<p><a href=\"https:\/\/wa.link\/vpicfd\"><img data-recalc-dims=\"1\" class=\"wp-image-4922\" style=\"aspect-ratio: 2.0253164556962027; width: 561px; height: auto;\" src=\"https:\/\/i0.wp.com\/ismaelcolosi.com.br\/wp-content\/uploads\/2023\/11\/grupo-de-empregos-whatsapp-e-facebook-ismael-colosi-vagas.jpg?ssl=1\" alt=\"\" \/><\/a><\/p>\n<!-- \/wp:image -->\n<\/div>\n<p> <br \/>\n<\/p>\n<div id=\"\">\n<p> <span class=\"entry-meta-item penci-posted-on\"><i class=\"fa fa-clock-o\"\/><time class=\"entry-date published\" datetime=\"2023-12-24T14:00:33-03:00\">24 de dezembro de 2023 | 14:00<\/time><time class=\"updated\" datetime=\"2023-12-24T11:00:30-03:00\">24 de dezembro de 2023 | 11:00<\/time><\/span><\/p>\n<p> <span class=\"penci-social-buttons penci-social-share-footer\"><a href=\"#\" class=\"penci-post-like penci_post-meta_item  single-like-button penci-social-item like\" data-post_id=\"368332\" title=\"Like\" data-like=\"Like\" data-unlike=\"Unlike\"><i class=\"fa fa-thumbs-o-up\"\/><span class=\"penci-share-number\">0<\/span><\/a><i class=\"fa fa-facebook\"\/><a class=\"penci-social-item twitter\" target=\"_blank\" rel=\"noopener\" title=\"\" href=\"https:\/\/twitter.com\/intent\/tweet?text=C\u00e2mara%20na%20Escola\u00a0atrai%20mais%20de%20dois%20mil%20estudantes%20-%20https:\/\/www.tribunaribeirao.com.br\/site\/camara-na-escola-atrai-mais-de-dois-mil-estudantes\/\"><i class=\"fa fa-twitter\"\/><\/a><i class=\"fa fa-whatsapp\"\/><\/span><\/div>\n<div>\n<p><span data-contrast=\"auto\">Este ano o programa C\u00e2mara na Escola, realizado pelo Legislativo de Ribeir\u00e3o Preto recebeu 33 escolas totalizando 2.392 estudantes nas visitas monitoradas e nas palestras realizadas. Foram 83 visitas guiadas em que os alunos aprenderam sobre a hist\u00f3ria do Poder Legislativo municipal atrav\u00e9s de pain\u00e9is que ilustram fatos e curiosidades da cidade e palestras que explicam de forma did\u00e1tica o funcionamento da Casa de Leis.\u00a0<\/span><span data-ccp-props=\"{&quot;201341983&quot;:0,&quot;335559739&quot;:0,&quot;335559740&quot;:240}\">\u00a0<\/span><\/p>\n<p><span data-contrast=\"auto\">Os estudantes ainda foram recebidos por vereadores que responderam e esclareceram perguntas e d\u00favidas, al\u00e9m de acolheram sugest\u00f5es apresentadas pelos estudantes. O programa \u00e9 aberto para alunos desde o ensino fundamental at\u00e9 o n\u00edvel superior.<\/span><span data-ccp-props=\"{&quot;201341983&quot;:0,&quot;335559739&quot;:0,&quot;335559740&quot;:240}\">\u00a0<\/span><\/p>\n<p><span data-contrast=\"auto\">Nas visitas, os estudantes conheceram o est\u00fadio da TV C\u00e2mara e aprenderam como \u00e9 feita a transmiss\u00e3o dos programas exibidos pelo canal. Em algumas oportunidades os alunos foram protagonistas de grava\u00e7\u00f5es de entrevistas e debates produzidos pelo canal.\u00a0\u00a0<\/span><span data-ccp-props=\"{&quot;201341983&quot;:0,&quot;335559739&quot;:0,&quot;335559740&quot;:240}\">\u00a0<\/span><\/p>\n<p><span data-contrast=\"auto\">O C\u00e2mara na Escola tem como proposta proporcionar aos estudantes a oportunidade de conhecer e fazer parte da pol\u00edtica. Aprendem desde como a cidade de Ribeir\u00e3o Preto foi formada e seus personagens importantes, o funcionamento de uma sess\u00e3o, os tr\u00e2mites de um projeto e a diferen\u00e7a entre os poderes Legislativo, Executivo e Judici\u00e1rio.<\/span><span data-ccp-props=\"{&quot;201341983&quot;:0,&quot;335559739&quot;:0,&quot;335559740&quot;:240}\">\u00a0<\/span><\/p>\n<p><span data-contrast=\"auto\">O programa tamb\u00e9m tem o prop\u00f3sito de despertar os estudantes para o exerc\u00edcio da cidadania, j\u00e1 que no futuro ter\u00e3o a responsabilidade de decidir sobre o futuro de sua cidade, seja como eleitores ou caso ingressem na vida p\u00fablica partid\u00e1ria.\u00a0<\/span><span data-ccp-props=\"{&quot;201341983&quot;:0,&quot;335559739&quot;:0,&quot;335559740&quot;:240}\">\u00a0<\/span><\/p>\n<p><span data-contrast=\"auto\">Segundo a professora de geografia, Regiane Rangel, o projeto possibilita aos estudantes uma viv\u00eancia \u00fanica. \u201cAo entenderem a import\u00e2ncia de acompanhar as a\u00e7\u00f5es do Poder Legislativo, estimula o interesse sobre conhecer melhor a hist\u00f3ria da nossa cidade, al\u00e9m de despertar um olhar com mais encanto para os estudos\u201d, afirma. Ela d\u00e1 aulas no Sesi Castelo Branco e na Escola Municipal Alcides Corr\u00eaa.<\/span><span data-ccp-props=\"{&quot;201341983&quot;:0,&quot;335559739&quot;:0,&quot;335559740&quot;:240}\">\u00a0<\/span><\/p>\n<p><span data-contrast=\"auto\">Este ano, o programa tamb\u00e9m recebeu os alunos do Centro de Educa\u00e7\u00e3o Especial Egydio Pedreschi. Tamb\u00e9m foi destaque a aula ministrada ap\u00f3s as palestras aos alunos do Senac, que na visita tamb\u00e9m estudaram as atas secretas da C\u00e2mara do per\u00edodo da Ditadura Militar, guardadas pelo Legislativo (ver texto nesta p\u00e1gina).<\/span><span data-ccp-props=\"{&quot;201341983&quot;:0,&quot;335559739&quot;:0,&quot;335559740&quot;:240}\">\u00a0<\/span><\/p>\n<p><span data-contrast=\"auto\">\u201cA C\u00e2mara Municipal de Ribeir\u00e3o Preto sente-se honrada em receber estudantes de todas as escolas do munic\u00edpio, contribuindo para que a cidadania seja despertada em cada jovem, incentivando a participa\u00e7\u00e3o democr\u00e1tica na vida p\u00fablica. Parabenizo o Programa C\u00e2mara na Escola que \u00e9 eficiente em disseminar a hist\u00f3ria e o papel do Legislativo Municipal aos estudantes\u201d, afirma o presidente da Casa, Franco Ferro (PRTB).<\/span><span data-ccp-props=\"{&quot;201341983&quot;:0,&quot;335559739&quot;:0,&quot;335559740&quot;:240}\">\u00a0<\/span><\/p>\n<p><span data-contrast=\"auto\">A RP Mobi \u2013 empresa municipal respons\u00e1vel pelo tr\u00e2nsito e pelo transporte p\u00fablico em Ribeir\u00e3o Preto -, participa do projeto oferecendo transporte dos alunos das escolas. Foram beneficiadas este ano, 1.036 crian\u00e7as e adolescentes de 15 escolas.<\/span><span data-ccp-props=\"{&quot;201341983&quot;:0,&quot;335559739&quot;:0,&quot;335559740&quot;:240}\">\u00a0<\/span><\/p>\n<p><span data-ccp-props=\"{&quot;201341983&quot;:0,&quot;335559739&quot;:0,&quot;335559740&quot;:240}\">\u00a0<\/span><\/p>\n<p><span data-ccp-props=\"{&quot;201341983&quot;:0,&quot;335559739&quot;:0,&quot;335559740&quot;:240}\">\u00a0<\/span><\/p>\n<p>\u00a0<\/p>\n<p><span data-ccp-props=\"{&quot;201341983&quot;:0,&quot;335559739&quot;:0,&quot;335559740&quot;:240}\">\u00a0<\/span><\/p>\n<p><span data-ccp-props=\"{&quot;201341983&quot;:0,&quot;335559739&quot;:0,&quot;335559740&quot;:240}\">\u00a0<\/span><\/p>\n<p>\u00a0<\/p>\n<p><span data-ccp-props=\"{&quot;201341983&quot;:0,&quot;335559739&quot;:0,&quot;335559740&quot;:240}\">\u00a0<\/span><\/p>\n<p>\u00a0<\/p>\n<\/div>\n<p><script async src=\"\/\/platform.twitter.com\/widgets.js\" charset=\"utf-8\"><\/script><br \/>\n<br \/><br \/>\n<br \/><a href=\"https:\/\/www.tribunaribeirao.com.br\/site\/camara-na-escola-atrai-mais-de-dois-mil-estudantes\/\">Source link <\/a><\/p>\n<!-- CONTENT END 1 -->\n","protected":false},"excerpt":{"rendered":"<p>24 de dezembro de 2023 | 14:0024 de dezembro de 2023 | 11:00 0 Este ano o programa C\u00e2mara na Escola, realizado pelo Legislativo de&#8230;<\/p>\n","protected":false},"author":1,"featured_media":20195,"comment_status":"open","ping_status":"open","sticky":false,"template":"","format":"standard","meta":{"advanced_seo_description":"","jetpack_seo_html_title":"","jetpack_seo_noindex":false,"jetpack_post_was_ever_published":false,"_jetpack_newsletter_access":"","_jetpack_dont_email_post_to_subs":false,"_jetpack_newsletter_tier_id":0,"_jetpack_memberships_contains_paywalled_content":false,"_jetpack_memberships_contains_paid_content":false,"footnotes":"","jetpack_publicize_message":"","jetpack_publicize_feature_enabled":true,"jetpack_social_post_already_shared":true,"jetpack_social_options":{"image_generator_settings":{"template":"highway","default_image_id":0,"font":"","enabled":false},"version":2}},"categories":[11],"tags":[154,618,2616,1387,276,402],"class_list":["post-20194","post","type-post","status-publish","format-standard","has-post-thumbnail","hentry","category-noticias-de-ribeirao-preto-sp-e-regiao-ismael-colosi","tag-camara","tag-dois","tag-escolaatrai","tag-estudantes","tag-mais","tag-mil"],"jetpack_publicize_connections":[],"jetpack_featured_media_url":"https:\/\/i0.wp.com\/noticiasribeiraopreto.com.br\/wp-content\/uploads\/2023\/12\/1-camara-escola-1_credioSilviaMoaraes-scaled.jpg?fit=933%2C645&ssl=1","jetpack-related-posts":[{"id":29194,"url":"https:\/\/noticiasribeiraopreto.com.br\/index.php\/2024\/01\/17\/camara-agenda-visitas-guiadas\/","url_meta":{"origin":20194,"position":0},"title":"C\u00e2mara agenda visitas guiadas\u00a0 &#8211; Jornal Tribuna Ribeir\u00e3o","author":"noticiasribeiraopreto.com.br","date":"17 de January de 2024","format":false,"excerpt":"17 de janeiro de 2024 | 17:0017 de janeiro de 2024 | 10:18 0A C\u00e2mara de Vereadores de Ribeir\u00e3o Preto abriu o per\u00edodo de agendamento para escolas p\u00fablicas e particulares interessadas em participar de visitas guiadas ao Legislativo por meio do Programa C\u00e2mara na Escola, criado h\u00e1 15 anos.\u00a0\u00a0O programa\u2026","rel":"","context":"In &quot;Not\u00edcias de Ribeir\u00e3o Preto-SP e Regi\u00e3o&quot;","block_context":{"text":"Not\u00edcias de Ribeir\u00e3o Preto-SP e Regi\u00e3o","link":"https:\/\/noticiasribeiraopreto.com.br\/index.php\/category\/noticias-de-ribeirao-preto-sp-e-regiao-ismael-colosi\/"},"img":{"alt_text":"","src":"https:\/\/i0.wp.com\/noticiasribeiraopreto.com.br\/wp-content\/uploads\/2024\/01\/Camara-Silvia-Morais-scaled.jpg?fit=1000%2C565&ssl=1&resize=350%2C200","width":350,"height":200,"srcset":"https:\/\/i0.wp.com\/noticiasribeiraopreto.com.br\/wp-content\/uploads\/2024\/01\/Camara-Silvia-Morais-scaled.jpg?fit=1000%2C565&ssl=1&resize=350%2C200 1x, https:\/\/i0.wp.com\/noticiasribeiraopreto.com.br\/wp-content\/uploads\/2024\/01\/Camara-Silvia-Morais-scaled.jpg?fit=1000%2C565&ssl=1&resize=525%2C300 1.5x, https:\/\/i0.wp.com\/noticiasribeiraopreto.com.br\/wp-content\/uploads\/2024\/01\/Camara-Silvia-Morais-scaled.jpg?fit=1000%2C565&ssl=1&resize=700%2C400 2x"},"classes":[]},{"id":69340,"url":"https:\/\/noticiasribeiraopreto.com.br\/index.php\/2025\/05\/05\/jornal-da-franca-implantacao-de-escola-civico-militar-em-franca-e-tema-de-debates-na-camara-municipal\/","url_meta":{"origin":20194,"position":1},"title":"Jornal da Franca &#8211; Implanta\u00e7\u00e3o de escola c\u00edvico-militar em Franca \u00e9 tema de debates na C\u00e2mara Municipal","author":"noticiasribeiraopreto.com.br","date":"5 de May de 2025","format":false,"excerpt":"compartilhar no whatsapp compartilhar no telegram compartilhar no facebook compartilhar no linkedin Mun\u00edcipe agradece apoio de vereadores e parlamentares para que Franca fosse contemplada com o modelo educacional A implanta\u00e7\u00e3o do Programa das Escolas C\u00edvico-Militares em Franca, pauta defendida pela direita, foi tema abordado durante a sess\u00e3o ordin\u00e1ria da C\u00e2mara\u2026","rel":"","context":"In &quot;Not\u00edcias de Franca-SP&quot;","block_context":{"text":"Not\u00edcias de Franca-SP","link":"https:\/\/noticiasribeiraopreto.com.br\/index.php\/category\/noticias-de-ribeirao-preto-sp-e-regiao-ismael-colosi\/noticias-franca-sp\/"},"img":{"alt_text":"","src":"https:\/\/i0.wp.com\/noticiasribeiraopreto.com.br\/wp-content\/uploads\/2025\/05\/1746449336_plenariodiagonal_0.jpg?fit=930%2C558&ssl=1&resize=350%2C200","width":350,"height":200,"srcset":"https:\/\/i0.wp.com\/noticiasribeiraopreto.com.br\/wp-content\/uploads\/2025\/05\/1746449336_plenariodiagonal_0.jpg?fit=930%2C558&ssl=1&resize=350%2C200 1x, https:\/\/i0.wp.com\/noticiasribeiraopreto.com.br\/wp-content\/uploads\/2025\/05\/1746449336_plenariodiagonal_0.jpg?fit=930%2C558&ssl=1&resize=525%2C300 1.5x, https:\/\/i0.wp.com\/noticiasribeiraopreto.com.br\/wp-content\/uploads\/2025\/05\/1746449336_plenariodiagonal_0.jpg?fit=930%2C558&ssl=1&resize=700%2C400 2x"},"classes":[]},{"id":33289,"url":"https:\/\/noticiasribeiraopreto.com.br\/index.php\/2024\/01\/29\/em-rp-absorventes-tem-pouca-adesao-nas-escolas-municipais\/","url_meta":{"origin":20194,"position":2},"title":"Em RP absorventes tem pouca ades\u00e3o nas escolas municipais\u00a0","author":"noticiasribeiraopreto.com.br","date":"29 de January de 2024","format":false,"excerpt":"28 de janeiro de 2024 | 14:0027 de janeiro de 2024 | 19:30 0Os 3.250 absorventes \u00edntimos adquiridos pela Secretaria Municipal de Educa\u00e7\u00e3o de Ribeir\u00e3o Preto para serem distribu\u00eddos para alunas em situa\u00e7\u00e3o de vulnerabilidade social encalharam nas escolas do munic\u00edpio. Comprados em agosto de 2021 por meio de preg\u00e3o\u2026","rel":"","context":"In &quot;Not\u00edcias de Ribeir\u00e3o Preto-SP e Regi\u00e3o&quot;","block_context":{"text":"Not\u00edcias de Ribeir\u00e3o Preto-SP e Regi\u00e3o","link":"https:\/\/noticiasribeiraopreto.com.br\/index.php\/category\/noticias-de-ribeirao-preto-sp-e-regiao-ismael-colosi\/"},"img":{"alt_text":"","src":"https:\/\/i0.wp.com\/noticiasribeiraopreto.com.br\/wp-content\/uploads\/2024\/01\/recessoescolar__foto_guilherme_sircili_-scaled.jpeg?fit=967%2C645&ssl=1&resize=350%2C200","width":350,"height":200,"srcset":"https:\/\/i0.wp.com\/noticiasribeiraopreto.com.br\/wp-content\/uploads\/2024\/01\/recessoescolar__foto_guilherme_sircili_-scaled.jpeg?fit=967%2C645&ssl=1&resize=350%2C200 1x, https:\/\/i0.wp.com\/noticiasribeiraopreto.com.br\/wp-content\/uploads\/2024\/01\/recessoescolar__foto_guilherme_sircili_-scaled.jpeg?fit=967%2C645&ssl=1&resize=525%2C300 1.5x, https:\/\/i0.wp.com\/noticiasribeiraopreto.com.br\/wp-content\/uploads\/2024\/01\/recessoescolar__foto_guilherme_sircili_-scaled.jpeg?fit=967%2C645&ssl=1&resize=700%2C400 2x"},"classes":[]},{"id":31853,"url":"https:\/\/noticiasribeiraopreto.com.br\/index.php\/2024\/01\/23\/camara-discutira-plano-municipal-de-educacao\/","url_meta":{"origin":20194,"position":3},"title":"C\u00e2mara discutir\u00e1 Plano Municipal de Educa\u00e7\u00e3o\u00a0","author":"noticiasribeiraopreto.com.br","date":"23 de January de 2024","format":false,"excerpt":"A C\u00e2mara de Vereadores, por meio da Comiss\u00e3o Permanente de Educa\u00e7\u00e3o, realizar\u00e1 duas audi\u00eancias p\u00fablicas para analisar e propor sugest\u00f5es ao projeto de lei da prefeitura de Ribeir\u00e3o Preto que institui o Plano Municipal de Educa\u00e7\u00e3o (PME).O projeto foi elaborado pela Secretaria Municipal de Educa\u00e7\u00e3o, com a participa\u00e7\u00e3o do Conselho\u2026","rel":"","context":"In &quot;Not\u00edcias de Ribeir\u00e3o Preto-SP e Regi\u00e3o&quot;","block_context":{"text":"Not\u00edcias de Ribeir\u00e3o Preto-SP e Regi\u00e3o","link":"https:\/\/noticiasribeiraopreto.com.br\/index.php\/category\/noticias-de-ribeirao-preto-sp-e-regiao-ismael-colosi\/"},"img":{"alt_text":"","src":"https:\/\/i0.wp.com\/noticiasribeiraopreto.com.br\/wp-content\/uploads\/2024\/01\/EducaPME-Guilherme-Sircili-scaled.jpg?fit=967%2C645&ssl=1&resize=350%2C200","width":350,"height":200,"srcset":"https:\/\/i0.wp.com\/noticiasribeiraopreto.com.br\/wp-content\/uploads\/2024\/01\/EducaPME-Guilherme-Sircili-scaled.jpg?fit=967%2C645&ssl=1&resize=350%2C200 1x, https:\/\/i0.wp.com\/noticiasribeiraopreto.com.br\/wp-content\/uploads\/2024\/01\/EducaPME-Guilherme-Sircili-scaled.jpg?fit=967%2C645&ssl=1&resize=525%2C300 1.5x, https:\/\/i0.wp.com\/noticiasribeiraopreto.com.br\/wp-content\/uploads\/2024\/01\/EducaPME-Guilherme-Sircili-scaled.jpg?fit=967%2C645&ssl=1&resize=700%2C400 2x"},"classes":[]},{"id":67942,"url":"https:\/\/noticiasribeiraopreto.com.br\/index.php\/2025\/04\/21\/jornal-da-franca-camara-vota-na-sessao-de-terca-criacao-do-programa-municipal-escola-iluminada\/","url_meta":{"origin":20194,"position":4},"title":"Jornal da Franca &#8211; C\u00e2mara vota na sess\u00e3o de ter\u00e7a cria\u00e7\u00e3o do Programa Municipal &#8220;Escola Iluminada&#8221;","author":"noticiasribeiraopreto.com.br","date":"21 de April de 2025","format":false,"excerpt":"compartilhar no whatsapp compartilhar no telegram compartilhar no facebook compartilhar no linkedin Seguran\u00e7a das pessoas \u00e9 o principal objetivo do projeto de lei que ser\u00e1 votado Ser\u00e1 votado tamb\u00e9m o Projeto de Lei Ordin\u00e1ria n\u00ba 32\/2025, de autoria da vereadora Mar\u00edlia Martins (PSOL), que institui o Programa Municipal Escola Iluminada.\u2026","rel":"","context":"In &quot;Not\u00edcias de Franca-SP&quot;","block_context":{"text":"Not\u00edcias de Franca-SP","link":"https:\/\/noticiasribeiraopreto.com.br\/index.php\/category\/noticias-de-ribeirao-preto-sp-e-regiao-ismael-colosi\/noticias-franca-sp\/"},"img":{"alt_text":"","src":"https:\/\/i0.wp.com\/noticiasribeiraopreto.com.br\/wp-content\/uploads\/2025\/04\/plenariodiagonal_1.jpg?fit=930%2C558&ssl=1&resize=350%2C200","width":350,"height":200,"srcset":"https:\/\/i0.wp.com\/noticiasribeiraopreto.com.br\/wp-content\/uploads\/2025\/04\/plenariodiagonal_1.jpg?fit=930%2C558&ssl=1&resize=350%2C200 1x, https:\/\/i0.wp.com\/noticiasribeiraopreto.com.br\/wp-content\/uploads\/2025\/04\/plenariodiagonal_1.jpg?fit=930%2C558&ssl=1&resize=525%2C300 1.5x, https:\/\/i0.wp.com\/noticiasribeiraopreto.com.br\/wp-content\/uploads\/2025\/04\/plenariodiagonal_1.jpg?fit=930%2C558&ssl=1&resize=700%2C400 2x"},"classes":[]},{"id":1246,"url":"https:\/\/noticiasribeiraopreto.com.br\/index.php\/2023\/11\/11\/rp-camara-aprova-botao-de-alerta-para-escolas\/","url_meta":{"origin":20194,"position":5},"title":"RP: C\u00e2mara aprova \u2018bot\u00e3o de alerta\u2019 para escolas","author":"noticiasribeiraopreto.com.br","date":"11 de November de 2023","format":false,"excerpt":"Ataques a escolas t\u00eam crescido em todo o pa\u00eds nos \u00faltimos anos. Entre janeiro e outubro deste ano foram nove ataques em institui\u00e7\u00f5es de ensino, com nove mortes registradas \u2013 ano de maior incid\u00eancia esse tipo de crime no Brasil. Nesta semana, a C\u00e2mara de Ribeir\u00e3o Preto aprovou, na quinta-feira,\u2026","rel":"","context":"In &quot;Not\u00edcias de Ribeir\u00e3o Preto-SP e Regi\u00e3o&quot;","block_context":{"text":"Not\u00edcias de Ribeir\u00e3o Preto-SP e Regi\u00e3o","link":"https:\/\/noticiasribeiraopreto.com.br\/index.php\/category\/noticias-de-ribeirao-preto-sp-e-regiao-ismael-colosi\/"},"img":{"alt_text":"","src":"https:\/\/i0.wp.com\/noticiasribeiraopreto.com.br\/wp-content\/uploads\/2023\/11\/ataqueescolas-scaled.jpg?fit=1000%2C605&ssl=1&resize=350%2C200","width":350,"height":200,"srcset":"https:\/\/i0.wp.com\/noticiasribeiraopreto.com.br\/wp-content\/uploads\/2023\/11\/ataqueescolas-scaled.jpg?fit=1000%2C605&ssl=1&resize=350%2C200 1x, https:\/\/i0.wp.com\/noticiasribeiraopreto.com.br\/wp-content\/uploads\/2023\/11\/ataqueescolas-scaled.jpg?fit=1000%2C605&ssl=1&resize=525%2C300 1.5x, https:\/\/i0.wp.com\/noticiasribeiraopreto.com.br\/wp-content\/uploads\/2023\/11\/ataqueescolas-scaled.jpg?fit=1000%2C605&ssl=1&resize=700%2C400 2x"},"classes":[]}],"jetpack_sharing_enabled":true,"jetpack_shortlink":"https:\/\/wp.me\/peQAOb-5fI","_links":{"self":[{"href":"https:\/\/noticiasribeiraopreto.com.br\/index.php\/wp-json\/wp\/v2\/posts\/20194","targetHints":{"allow":["GET"]}}],"collection":[{"href":"https:\/\/noticiasribeiraopreto.com.br\/index.php\/wp-json\/wp\/v2\/posts"}],"about":[{"href":"https:\/\/noticiasribeiraopreto.com.br\/index.php\/wp-json\/wp\/v2\/types\/post"}],"author":[{"embeddable":true,"href":"https:\/\/noticiasribeiraopreto.com.br\/index.php\/wp-json\/wp\/v2\/users\/1"}],"replies":[{"embeddable":true,"href":"https:\/\/noticiasribeiraopreto.com.br\/index.php\/wp-json\/wp\/v2\/comments?post=20194"}],"version-history":[{"count":0,"href":"https:\/\/noticiasribeiraopreto.com.br\/index.php\/wp-json\/wp\/v2\/posts\/20194\/revisions"}],"wp:featuredmedia":[{"embeddable":true,"href":"https:\/\/noticiasribeiraopreto.com.br\/index.php\/wp-json\/wp\/v2\/media\/20195"}],"wp:attachment":[{"href":"https:\/\/noticiasribeiraopreto.com.br\/index.php\/wp-json\/wp\/v2\/media?parent=20194"}],"wp:term":[{"taxonomy":"category","embeddable":true,"href":"https:\/\/noticiasribeiraopreto.com.br\/index.php\/wp-json\/wp\/v2\/categories?post=20194"},{"taxonomy":"post_tag","embeddable":true,"href":"https:\/\/noticiasribeiraopreto.com.br\/index.php\/wp-json\/wp\/v2\/tags?post=20194"}],"curies":[{"name":"wp","href":"https:\/\/api.w.org\/{rel}","templated":true}]}}