{"id":20196,"date":"2023-12-24T14:38:01","date_gmt":"2023-12-24T17:38:01","guid":{"rendered":"https:\/\/noticiasribeiraopreto.com.br\/index.php\/2023\/12\/24\/faber-castell-oferece-empregos-no-nordeste-e-no-sudeste\/"},"modified":"2023-12-24T14:38:01","modified_gmt":"2023-12-24T17:38:01","slug":"faber-castell-oferece-empregos-no-nordeste-e-no-sudeste","status":"publish","type":"post","link":"https:\/\/noticiasribeiraopreto.com.br\/index.php\/2023\/12\/24\/faber-castell-oferece-empregos-no-nordeste-e-no-sudeste\/","title":{"rendered":"Faber-Castell OFERECE EMPREGOS no Nordeste e no Sudeste"},"content":{"rendered":"<div class='code-block code-block-1' style='margin: 8px 0 8px auto; text-align: right; display: block; clear: both;'>\n<p><a href=\"https:\/\/wa.link\/vpicfd\"><img data-recalc-dims=\"1\" class=\"wp-image-4922\" style=\"aspect-ratio: 2.0253164556962027; width: 561px; height: auto;\" src=\"https:\/\/i0.wp.com\/ismaelcolosi.com.br\/wp-content\/uploads\/2023\/11\/grupo-de-empregos-whatsapp-e-facebook-ismael-colosi-vagas.jpg?ssl=1\" alt=\"\" \/><\/a><\/p>\n<!-- \/wp:image -->\n<\/div>\n<p> <br \/>\n<\/p>\n<div>\n<p>A Faber-Castell, empresa que \u00e9 l\u00edder mundial na produ\u00e7\u00e3o de EcoL\u00e1pis (l\u00e1pis fabricado a partir de madeira de reflorestamento) e no com\u00e9rcio de materiais <a href=\"https:\/\/noticiasconcursos.com.br\/prefeitura-na-bahia-libera-edital-com-quase-1-700-vagas-para-varios-niveis-de-escolaridade\/\">escolares<\/a>, est\u00e1 contratando novos colaboradores para preencher o seu quadro. Sendo assim, confira quais s\u00e3o as op\u00e7\u00f5es dispon\u00edveis:<\/p>\n<ul>\n<li>Analista de Planejamento de Vendas PL. (S\u00e3o Paulo) \u2013 S\u00e3o Paulo \u2013 SP e H\u00edbrido \u2013 Efetivo;<\/li>\n<li>Assistente de Recursos Humanos \u2013 Prata \u2013 MG \u2013 Efetivo;<\/li>\n<li>Banco de Talentos \u2013 SP \u2013 Banco de talentos;<\/li>\n<li>Bombeiro (a) Florestal \u2013 Prata \u2013 MG \u2013 Tempor\u00e1rio;<\/li>\n<li>Designer Educacional Sr. \u2013 Vaga Afirmativa (pessoas pretas e pardas) \u2013 Recife \u2013 PE \u2013 Efetivo;<\/li>\n<li>Estagi\u00e1rio (a) em Recursos Humanos \u2013 Prata \u2013 MG \u2013 Est\u00e1gio;<\/li>\n<li>Operador (a) de Produ\u00e7\u00e3o Multifuncional \u2013 Vaga afirmativa para PCD \u2013 S\u00e3o Carlos \u2013 SP \u2013 Efetivo;<\/li>\n<li>Pesquisador (a) I \u2013 S\u00e3o Carlos \u2013 SP \u2013 Efetivo;<\/li>\n<li>Processista \u2013 Prata \u2013 MG \u2013 Efetivo.<\/li>\n<\/ul>\n<figure id=\"attachment_782146\" aria-describedby=\"caption-attachment-782146\" style=\"width: 1164px\" class=\"wp-caption alignnone\"><img data-recalc-dims=\"1\" fetchpriority=\"high\" decoding=\"async\" class=\"size-full wp-image-782146\" alt=\"Faber-Castell OFERECE EMPREGOS no Nordeste e no Sudeste\" width=\"1164\" height=\"609\" srcset=\"https:\/\/noticiasconcursos.com.br\/wp-content\/uploads\/2023\/12\/noticiasconcursos.com.br-faber-castell-oferece-empregos-no-nordeste-e-no-sudeste-loja-faber-castelll-og.jpeg 1164w, https:\/\/noticiasconcursos.com.br\/wp-content\/uploads\/2023\/12\/noticiasconcursos.com.br-faber-castell-oferece-empregos-no-nordeste-e-no-sudeste-loja-faber-castelll-og-300x157.jpeg 300w, https:\/\/noticiasconcursos.com.br\/wp-content\/uploads\/2023\/12\/noticiasconcursos.com.br-faber-castell-oferece-empregos-no-nordeste-e-no-sudeste-loja-faber-castelll-og-768x402.jpeg 768w\" data-lazy-sizes=\"(max-width: 1164px) 100vw, 1164px\" src=\"https:\/\/i0.wp.com\/noticiasconcursos.com.br\/wp-content\/uploads\/2023\/12\/noticiasconcursos.com.br-faber-castell-oferece-empregos-no-nordeste-e-no-sudeste-loja-faber-castelll-og.jpeg?resize=1164%2C609&#038;ssl=1\"\/><noscript><img data-recalc-dims=\"1\" fetchpriority=\"high\" decoding=\"async\" class=\"size-full wp-image-782146\" src=\"https:\/\/i0.wp.com\/noticiasconcursos.com.br\/wp-content\/uploads\/2023\/12\/noticiasconcursos.com.br-faber-castell-oferece-empregos-no-nordeste-e-no-sudeste-loja-faber-castelll-og.jpeg?resize=1164%2C609&#038;ssl=1\" alt=\"Faber-Castell OFERECE EMPREGOS no Nordeste e no Sudeste\" width=\"1164\" height=\"609\" srcset=\"https:\/\/noticiasconcursos.com.br\/wp-content\/uploads\/2023\/12\/noticiasconcursos.com.br-faber-castell-oferece-empregos-no-nordeste-e-no-sudeste-loja-faber-castelll-og.jpeg 1164w, https:\/\/noticiasconcursos.com.br\/wp-content\/uploads\/2023\/12\/noticiasconcursos.com.br-faber-castell-oferece-empregos-no-nordeste-e-no-sudeste-loja-faber-castelll-og-300x157.jpeg 300w, https:\/\/noticiasconcursos.com.br\/wp-content\/uploads\/2023\/12\/noticiasconcursos.com.br-faber-castell-oferece-empregos-no-nordeste-e-no-sudeste-loja-faber-castelll-og-768x402.jpeg 768w\" sizes=\"(max-width: 1164px) 100vw, 1164px\"\/><\/noscript><figcaption id=\"caption-attachment-782146\" class=\"wp-caption-text\">Faber-Castell \u00e9 refer\u00eancia na \u00e1rea em que atua. Foto: Divulga\u00e7\u00e3o.<\/figcaption><\/figure>\n<h3><strong>Mais sobre a Faber-Castell<\/strong><\/h3>\n<p>Sobre a Faber-Castell, \u00e9 v\u00e1lido destacar que s\u00e3o cerca de 3.000 colaboradores trabalhando no Brasil. A empresa \u00e9 formada por uma unidade de produ\u00e7\u00e3o em S\u00e3o Carlos, no interior de <a href=\"https:\/\/noticiasconcursos.com.br\/concurso-camara-de-sao-paulo-ultimos-dias-de-inscricao-confira-cargos-e-participe\/\">S\u00e3o Paulo<\/a>, uma unidade de produ\u00e7\u00e3o de mudas e opera\u00e7\u00f5es florestais com industrializa\u00e7\u00e3o da madeira em Prata (MG), uma unidade de fabrica\u00e7\u00e3o de produtos pl\u00e1sticos em Manaus (AM) e uma \u00e1rea de preserva\u00e7\u00e3o permanente em Morretes, Paran\u00e1.<\/p>\n<p>A Faber-Castell do Brasil foi a primeira empresa a plantar suas \u00e1rvores para a produ\u00e7\u00e3o de l\u00e1pis quando, na d\u00e9cada de 50, importou as primeiras sementes de Pinus com o <a href=\"https:\/\/noticiasconcursos.com.br\/metas-de-ano-novo-como-estabelecer-objetivos-realistas-e-alcancaveis\/\">objetivo<\/a> de ocupar antigas pastagens com o plantio de florestas que iriam fornecer a mat\u00e9ria-prima para a produ\u00e7\u00e3o de l\u00e1pis.<\/p>\n<p>Por fim, com produtos distribu\u00eddos em milhares de pontos de vendas do varejo no Brasil e exporta\u00e7\u00e3o para mais de 20 pa\u00edses, a Faber-Castell Brasil se destaca pela combina\u00e7\u00e3o \u00fanica da <a href=\"https:\/\/noticiasconcursos.com.br\/tradicao-mineira-gourmet-abre-vagas-para-garcom-atendente-e-muito-mais\/\">tradi\u00e7\u00e3o<\/a> e qualidade de seus produtos e servi\u00e7os, que h\u00e1 d\u00e9cadas servem como ferramentas para despertar a criatividade na vida das pessoas.<\/p>\n<h3><strong>Confira alguns benef\u00edcios<\/strong><\/h3>\n<ul>\n<li>Assist\u00eancia M\u00e9dica;<\/li>\n<li>Assist\u00eancia Odontol\u00f3gica;<\/li>\n<li>Desconto em Produtos;<\/li>\n<li>Participa\u00e7\u00e3o nos Lucros ou Resultados;<\/li>\n<li>Seguro de Vida;<\/li>\n<li>Refeit\u00f3rio no local;<\/li>\n<li>Vale Alimenta\u00e7\u00e3o;<\/li>\n<li>Vale Transporte\/Estacionamento;<\/li>\n<li>Reembolso de Medicamento;<\/li>\n<li>Auxilio \u00d3tica.<\/li>\n<\/ul>\n<div class=\"bs-irp left bs-irp-thumbnail-1\">\n<p>&#13;<br \/><span class=\"h-text heading-typo\">Voc\u00ea tamb\u00e9m pode gostar:<\/span>&#13; <\/p>\n<\/p><\/div>\n<h3><strong>O que \u00e9 preciso para se inscrever?<\/strong><\/h3>\n<p>Como voc\u00ea j\u00e1 p\u00f4de verificar a lista de cargos da <strong>Faber-Castell,<\/strong> a inscri\u00e7\u00e3o acontece de forma bastante intuitiva e r\u00e1pida. Voc\u00ea s\u00f3 precisa <strong><em><a href=\"https:\/\/fabercastell.gupy.io\/\" target=\"_blank\" rel=\"noopener\">acessar este link<\/a><\/em><\/strong> para ir automaticamente \u00e0 p\u00e1gina da <strong>Gupy<\/strong>.<\/p>\n<p>Por l\u00e1, \u00e9 s\u00f3 conferir todos os detalhes referentes \u00e0 vaga (requisitos, fun\u00e7\u00f5es, benef\u00edcios, hor\u00e1rio de trabalho, etc..) com aten\u00e7\u00e3o e se candidatar.<\/p>\n<p>Acesse agora mesmo o <strong>Not\u00edcias Concursos<\/strong> para se manter inteirado(a) em todas as principais not\u00edcias do pa\u00eds e ainda ficar ligado(a) nas diversas vagas de empregos espalhadas pelo <strong>Brasil<\/strong>!<\/p>\n<\/p><\/div>\n<p><br \/>\n<br \/><a href=\"https:\/\/ismaelcolosi.com.br\/faber-castell-oferece-empregos-no-nordeste-e-no-sudeste\/\">Source link <\/a><\/p>\n<!-- CONTENT END 1 -->\n","protected":false},"excerpt":{"rendered":"<p>A Faber-Castell, empresa que \u00e9 l\u00edder mundial na produ\u00e7\u00e3o de EcoL\u00e1pis (l\u00e1pis fabricado a partir de madeira de reflorestamento) e no com\u00e9rcio de materiais escolares,&#8230;<\/p>\n","protected":false},"author":1,"featured_media":20197,"comment_status":"open","ping_status":"open","sticky":false,"template":"","format":"standard","meta":{"advanced_seo_description":"","jetpack_seo_html_title":"","jetpack_seo_noindex":false,"jetpack_post_was_ever_published":false,"_jetpack_newsletter_access":"","_jetpack_dont_email_post_to_subs":false,"_jetpack_newsletter_tier_id":0,"_jetpack_memberships_contains_paywalled_content":false,"_jetpack_memberships_contains_paid_content":false,"footnotes":"","jetpack_publicize_message":"","jetpack_publicize_feature_enabled":true,"jetpack_social_post_already_shared":true,"jetpack_social_options":{"image_generator_settings":{"template":"highway","default_image_id":0,"font":"","enabled":false},"version":2}},"categories":[7],"tags":[],"class_list":["post-20196","post","type-post","status-publish","format-standard","has-post-thumbnail","hentry","category-vagas-de-empregos-em-ribeirao-preto-regiao-brasil"],"jetpack_publicize_connections":[],"jetpack_featured_media_url":"https:\/\/i0.wp.com\/noticiasribeiraopreto.com.br\/wp-content\/uploads\/2023\/12\/noticiasconcursos.com_.br-faber-castell-oferece-empregos-no-nordeste-e-no-sudeste-loja-faber-castelll-og.jpeg?fit=1164%2C609&ssl=1","jetpack-related-posts":[{"id":22862,"url":"https:\/\/noticiasribeiraopreto.com.br\/index.php\/2023\/12\/31\/quata-alimentos-contrata-profissionais-no-seu-ramo\/","url_meta":{"origin":20196,"position":0},"title":"Quat\u00e1 Alimentos CONTRATA profissionais no seu ramo!","author":"noticiasribeiraopreto.com.br","date":"31 de December de 2023","format":false,"excerpt":"A Quat\u00e1 Alimentos, empresa que \u00e9\u00a0uma das maiores ind\u00fastrias de latic\u00ednios no pa\u00eds, est\u00e1 contratando profissionais no mercado de trabalho. Quer dizer, antes mesmo de falar mais sobre a companhia,, confira quais s\u00e3o as vagas da empresa atua para levar os melhores produtos de base l\u00e1ctea \u00e0 mesa das fam\u00edlias:\u2026","rel":"","context":"In &quot;Vagas de Emprego em Ribeir\u00e3o Preto-SP&quot;","block_context":{"text":"Vagas de Emprego em Ribeir\u00e3o Preto-SP","link":"https:\/\/noticiasribeiraopreto.com.br\/index.php\/category\/empregos-classificados-vagas-trabalho\/vagas-de-empregos-em-ribeirao-preto-regiao-brasil\/"},"img":{"alt_text":"","src":"https:\/\/i0.wp.com\/noticiasribeiraopreto.com.br\/wp-content\/uploads\/2023\/12\/noticiasconcursos.com_.br-quer-trabalhar-na-quata-alimentos-conheca-os-cargos-quata.jpg?fit=800%2C490&ssl=1&resize=350%2C200","width":350,"height":200,"srcset":"https:\/\/i0.wp.com\/noticiasribeiraopreto.com.br\/wp-content\/uploads\/2023\/12\/noticiasconcursos.com_.br-quer-trabalhar-na-quata-alimentos-conheca-os-cargos-quata.jpg?fit=800%2C490&ssl=1&resize=350%2C200 1x, https:\/\/i0.wp.com\/noticiasribeiraopreto.com.br\/wp-content\/uploads\/2023\/12\/noticiasconcursos.com_.br-quer-trabalhar-na-quata-alimentos-conheca-os-cargos-quata.jpg?fit=800%2C490&ssl=1&resize=525%2C300 1.5x, https:\/\/i0.wp.com\/noticiasribeiraopreto.com.br\/wp-content\/uploads\/2023\/12\/noticiasconcursos.com_.br-quer-trabalhar-na-quata-alimentos-conheca-os-cargos-quata.jpg?fit=800%2C490&ssl=1&resize=700%2C400 2x"},"classes":[]},{"id":54681,"url":"https:\/\/noticiasribeiraopreto.com.br\/index.php\/2024\/07\/18\/vagas-de-emprego-para-enfermagem-em-ribeirao-preto-sp-3\/","url_meta":{"origin":20196,"position":1},"title":"Vagas de emprego para Enfermagem em Ribeir\u00e3o Preto-SP","author":"noticiasribeiraopreto.com.br","date":"18 de July de 2024","format":false,"excerpt":"TECNICO ENFERMAGEM - PRONTO SOCORRO ADULTO - HOSPITAL RIBEIRAO PRETO RIBEIR\u00c3O PRETO - SP Efetivo T\u00e9cnico de Enfermagem Ribeir\u00e3o Preto - SP Efetivo TECNICO ENFERMAGEM - UNIDADE TERAPIA INTENSIVA - HOSPITAL RIBEIRAO PRETO RIBEIR\u00c3O PRETO - SP Efetivo AUXILIAR DE LABORAT\u00d3RIO - RIBP AUXILIAR DE LABORAT\u00d3RIO - RIBP AUXILIAR DE\u2026","rel":"","context":"In &quot;Vagas de Emprego em Ribeir\u00e3o Preto-SP&quot;","block_context":{"text":"Vagas de Emprego em Ribeir\u00e3o Preto-SP","link":"https:\/\/noticiasribeiraopreto.com.br\/index.php\/category\/empregos-classificados-vagas-trabalho\/vagas-de-empregos-em-ribeirao-preto-regiao-brasil\/"},"img":{"alt_text":"","src":"https:\/\/i0.wp.com\/noticiasribeiraopreto.com.br\/wp-content\/uploads\/2024\/07\/matriz-de-bordado-simbolo-enfermagem-matriz-emb.jpg?fit=1200%2C900&ssl=1&resize=350%2C200","width":350,"height":200,"srcset":"https:\/\/i0.wp.com\/noticiasribeiraopreto.com.br\/wp-content\/uploads\/2024\/07\/matriz-de-bordado-simbolo-enfermagem-matriz-emb.jpg?fit=1200%2C900&ssl=1&resize=350%2C200 1x, https:\/\/i0.wp.com\/noticiasribeiraopreto.com.br\/wp-content\/uploads\/2024\/07\/matriz-de-bordado-simbolo-enfermagem-matriz-emb.jpg?fit=1200%2C900&ssl=1&resize=525%2C300 1.5x, https:\/\/i0.wp.com\/noticiasribeiraopreto.com.br\/wp-content\/uploads\/2024\/07\/matriz-de-bordado-simbolo-enfermagem-matriz-emb.jpg?fit=1200%2C900&ssl=1&resize=700%2C400 2x, https:\/\/i0.wp.com\/noticiasribeiraopreto.com.br\/wp-content\/uploads\/2024\/07\/matriz-de-bordado-simbolo-enfermagem-matriz-emb.jpg?fit=1200%2C900&ssl=1&resize=1050%2C600 3x"},"classes":[]},{"id":47070,"url":"https:\/\/noticiasribeiraopreto.com.br\/index.php\/2024\/04\/19\/vagas-de-empregos-na-ems-para-trabalhar-de-casa-em-ribeirao-preto-sp-ou-qualquer-lugar-do-brasil-vagas-home-office-ems-27\/","url_meta":{"origin":20196,"position":2},"title":"Vagas de empregos na EMS para trabalhar de casa em Ribeir\u00e3o Preto-SP ou qualquer lugar do Brasil (vagas home office EMS)","author":"noticiasribeiraopreto.com.br","date":"19 de April de 2024","format":false,"excerpt":"SOMOS A EMSCuidar das pessoas: essa \u00e9 a miss\u00e3o da EMS, empresa do Grupo NC e o maior laborat\u00f3rio farmac\u00eautico no Brasil, l\u00edder de mercado h\u00e1 mais de 15 anos consecutivos e l\u00edder no segmento de gen\u00e9ricos desde 2013. Com quase 60 anos de hist\u00f3ria e mais de cinco mil\u2026","rel":"","context":"In &quot;Vagas de Emprego em Ribeir\u00e3o Preto-SP&quot;","block_context":{"text":"Vagas de Emprego em Ribeir\u00e3o Preto-SP","link":"https:\/\/noticiasribeiraopreto.com.br\/index.php\/category\/empregos-classificados-vagas-trabalho\/vagas-de-empregos-em-ribeirao-preto-regiao-brasil\/"},"img":{"alt_text":"","src":"https:\/\/i0.wp.com\/noticiasribeiraopreto.com.br\/wp-content\/uploads\/2024\/04\/ems.jpg?fit=1200%2C675&ssl=1&resize=350%2C200","width":350,"height":200,"srcset":"https:\/\/i0.wp.com\/noticiasribeiraopreto.com.br\/wp-content\/uploads\/2024\/04\/ems.jpg?fit=1200%2C675&ssl=1&resize=350%2C200 1x, https:\/\/i0.wp.com\/noticiasribeiraopreto.com.br\/wp-content\/uploads\/2024\/04\/ems.jpg?fit=1200%2C675&ssl=1&resize=525%2C300 1.5x, https:\/\/i0.wp.com\/noticiasribeiraopreto.com.br\/wp-content\/uploads\/2024\/04\/ems.jpg?fit=1200%2C675&ssl=1&resize=700%2C400 2x, https:\/\/i0.wp.com\/noticiasribeiraopreto.com.br\/wp-content\/uploads\/2024\/04\/ems.jpg?fit=1200%2C675&ssl=1&resize=1050%2C600 3x"},"classes":[]},{"id":54720,"url":"https:\/\/noticiasribeiraopreto.com.br\/index.php\/2024\/07\/19\/vagas-de-empregos-na-ems-para-trabalhar-de-casa-em-ribeirao-preto-sp-ou-qualquer-lugar-do-brasil-vagas-home-office-ems-30\/","url_meta":{"origin":20196,"position":3},"title":"Vagas de empregos na EMS para trabalhar de casa em Ribeir\u00e3o Preto-SP ou qualquer lugar do Brasil (vagas home office EMS)","author":"noticiasribeiraopreto.com.br","date":"19 de July de 2024","format":false,"excerpt":"SOMOS A EMSCuidar das pessoas: essa \u00e9 a miss\u00e3o da EMS, empresa do Grupo NC e o maior laborat\u00f3rio farmac\u00eautico no Brasil, l\u00edder de mercado h\u00e1 mais de 15 anos consecutivos e l\u00edder no segmento de gen\u00e9ricos desde 2013. Com quase 60 anos de hist\u00f3ria e mais de cinco mil\u2026","rel":"","context":"In &quot;Vagas de Emprego em Ribeir\u00e3o Preto-SP&quot;","block_context":{"text":"Vagas de Emprego em Ribeir\u00e3o Preto-SP","link":"https:\/\/noticiasribeiraopreto.com.br\/index.php\/category\/empregos-classificados-vagas-trabalho\/vagas-de-empregos-em-ribeirao-preto-regiao-brasil\/"},"img":{"alt_text":"","src":"https:\/\/i0.wp.com\/noticiasribeiraopreto.com.br\/wp-content\/uploads\/2024\/07\/ems.jpg?fit=1200%2C675&ssl=1&resize=350%2C200","width":350,"height":200,"srcset":"https:\/\/i0.wp.com\/noticiasribeiraopreto.com.br\/wp-content\/uploads\/2024\/07\/ems.jpg?fit=1200%2C675&ssl=1&resize=350%2C200 1x, https:\/\/i0.wp.com\/noticiasribeiraopreto.com.br\/wp-content\/uploads\/2024\/07\/ems.jpg?fit=1200%2C675&ssl=1&resize=525%2C300 1.5x, https:\/\/i0.wp.com\/noticiasribeiraopreto.com.br\/wp-content\/uploads\/2024\/07\/ems.jpg?fit=1200%2C675&ssl=1&resize=700%2C400 2x, https:\/\/i0.wp.com\/noticiasribeiraopreto.com.br\/wp-content\/uploads\/2024\/07\/ems.jpg?fit=1200%2C675&ssl=1&resize=1050%2C600 3x"},"classes":[]},{"id":53292,"url":"https:\/\/noticiasribeiraopreto.com.br\/index.php\/2024\/06\/18\/vagas-de-empregos-na-ems-para-trabalhar-de-casa-em-ribeirao-preto-sp-ou-qualquer-lugar-do-brasil-vagas-home-office-ems-29\/","url_meta":{"origin":20196,"position":4},"title":"Vagas de empregos na EMS para trabalhar de casa em Ribeir\u00e3o Preto-SP ou qualquer lugar do Brasil (vagas home office EMS)","author":"noticiasribeiraopreto.com.br","date":"18 de June de 2024","format":false,"excerpt":"SOMOS A EMSCuidar das pessoas: essa \u00e9 a miss\u00e3o da EMS, empresa do Grupo NC e o maior laborat\u00f3rio farmac\u00eautico no Brasil, l\u00edder de mercado h\u00e1 mais de 15 anos consecutivos e l\u00edder no segmento de gen\u00e9ricos desde 2013. Com quase 60 anos de hist\u00f3ria e mais de cinco mil\u2026","rel":"","context":"In &quot;Vagas de Emprego em Ribeir\u00e3o Preto-SP&quot;","block_context":{"text":"Vagas de Emprego em Ribeir\u00e3o Preto-SP","link":"https:\/\/noticiasribeiraopreto.com.br\/index.php\/category\/empregos-classificados-vagas-trabalho\/vagas-de-empregos-em-ribeirao-preto-regiao-brasil\/"},"img":{"alt_text":"","src":"https:\/\/i0.wp.com\/noticiasribeiraopreto.com.br\/wp-content\/uploads\/2024\/06\/ems.jpg?fit=1200%2C675&ssl=1&resize=350%2C200","width":350,"height":200,"srcset":"https:\/\/i0.wp.com\/noticiasribeiraopreto.com.br\/wp-content\/uploads\/2024\/06\/ems.jpg?fit=1200%2C675&ssl=1&resize=350%2C200 1x, https:\/\/i0.wp.com\/noticiasribeiraopreto.com.br\/wp-content\/uploads\/2024\/06\/ems.jpg?fit=1200%2C675&ssl=1&resize=525%2C300 1.5x, https:\/\/i0.wp.com\/noticiasribeiraopreto.com.br\/wp-content\/uploads\/2024\/06\/ems.jpg?fit=1200%2C675&ssl=1&resize=700%2C400 2x, https:\/\/i0.wp.com\/noticiasribeiraopreto.com.br\/wp-content\/uploads\/2024\/06\/ems.jpg?fit=1200%2C675&ssl=1&resize=1050%2C600 3x"},"classes":[]},{"id":53404,"url":"https:\/\/noticiasribeiraopreto.com.br\/index.php\/2024\/06\/19\/vagas-de-emprego-para-enfermagem-em-ribeirao-preto-sp-2\/","url_meta":{"origin":20196,"position":5},"title":"Vagas de emprego para Enfermagem em Ribeir\u00e3o Preto-SP","author":"noticiasribeiraopreto.com.br","date":"19 de June de 2024","format":false,"excerpt":"SESI - T\u00e9cnico de Enfermagem - Ribeir\u00e3o Preto | 348-2024 TECNICO ENFERMAGEM - PRONTO SOCORRO ADULTO - HOSPITAL RIBEIRAO PRETO RIBEIR\u00c3O PRETO - SP Efetivo Colhedor Ribeir\u00e3o Preto - SP Efetivo Colhedor Colhedor Auxiliar \/ T\u00e9cnico de Enfermagem - Enfermaria HSL REPOSITOR ATIVADOR - RIBP ASSISTENTE ADM I - RIBP\u2026","rel":"","context":"In &quot;Vagas de Emprego em Ribeir\u00e3o Preto-SP&quot;","block_context":{"text":"Vagas de Emprego em Ribeir\u00e3o Preto-SP","link":"https:\/\/noticiasribeiraopreto.com.br\/index.php\/category\/empregos-classificados-vagas-trabalho\/vagas-de-empregos-em-ribeirao-preto-regiao-brasil\/"},"img":{"alt_text":"","src":"https:\/\/i0.wp.com\/noticiasribeiraopreto.com.br\/wp-content\/uploads\/2024\/06\/matriz-de-bordado-simbolo-enfermagem-matriz-emb.jpg?fit=1200%2C900&ssl=1&resize=350%2C200","width":350,"height":200,"srcset":"https:\/\/i0.wp.com\/noticiasribeiraopreto.com.br\/wp-content\/uploads\/2024\/06\/matriz-de-bordado-simbolo-enfermagem-matriz-emb.jpg?fit=1200%2C900&ssl=1&resize=350%2C200 1x, https:\/\/i0.wp.com\/noticiasribeiraopreto.com.br\/wp-content\/uploads\/2024\/06\/matriz-de-bordado-simbolo-enfermagem-matriz-emb.jpg?fit=1200%2C900&ssl=1&resize=525%2C300 1.5x, https:\/\/i0.wp.com\/noticiasribeiraopreto.com.br\/wp-content\/uploads\/2024\/06\/matriz-de-bordado-simbolo-enfermagem-matriz-emb.jpg?fit=1200%2C900&ssl=1&resize=700%2C400 2x, https:\/\/i0.wp.com\/noticiasribeiraopreto.com.br\/wp-content\/uploads\/2024\/06\/matriz-de-bordado-simbolo-enfermagem-matriz-emb.jpg?fit=1200%2C900&ssl=1&resize=1050%2C600 3x"},"classes":[]}],"jetpack_sharing_enabled":true,"jetpack_shortlink":"https:\/\/wp.me\/peQAOb-5fK","_links":{"self":[{"href":"https:\/\/noticiasribeiraopreto.com.br\/index.php\/wp-json\/wp\/v2\/posts\/20196","targetHints":{"allow":["GET"]}}],"collection":[{"href":"https:\/\/noticiasribeiraopreto.com.br\/index.php\/wp-json\/wp\/v2\/posts"}],"about":[{"href":"https:\/\/noticiasribeiraopreto.com.br\/index.php\/wp-json\/wp\/v2\/types\/post"}],"author":[{"embeddable":true,"href":"https:\/\/noticiasribeiraopreto.com.br\/index.php\/wp-json\/wp\/v2\/users\/1"}],"replies":[{"embeddable":true,"href":"https:\/\/noticiasribeiraopreto.com.br\/index.php\/wp-json\/wp\/v2\/comments?post=20196"}],"version-history":[{"count":0,"href":"https:\/\/noticiasribeiraopreto.com.br\/index.php\/wp-json\/wp\/v2\/posts\/20196\/revisions"}],"wp:featuredmedia":[{"embeddable":true,"href":"https:\/\/noticiasribeiraopreto.com.br\/index.php\/wp-json\/wp\/v2\/media\/20197"}],"wp:attachment":[{"href":"https:\/\/noticiasribeiraopreto.com.br\/index.php\/wp-json\/wp\/v2\/media?parent=20196"}],"wp:term":[{"taxonomy":"category","embeddable":true,"href":"https:\/\/noticiasribeiraopreto.com.br\/index.php\/wp-json\/wp\/v2\/categories?post=20196"},{"taxonomy":"post_tag","embeddable":true,"href":"https:\/\/noticiasribeiraopreto.com.br\/index.php\/wp-json\/wp\/v2\/tags?post=20196"}],"curies":[{"name":"wp","href":"https:\/\/api.w.org\/{rel}","templated":true}]}}