{"id":20204,"date":"2023-12-24T15:13:52","date_gmt":"2023-12-24T18:13:52","guid":{"rendered":"https:\/\/noticiasribeiraopreto.com.br\/index.php\/2023\/12\/24\/praia-brasileira-ultrapassa-rivais-e-se-consagra-a-melhor-praia-do-mundo-em-2023\/"},"modified":"2023-12-24T15:13:52","modified_gmt":"2023-12-24T18:13:52","slug":"praia-brasileira-ultrapassa-rivais-e-se-consagra-a-melhor-praia-do-mundo-em-2023","status":"publish","type":"post","link":"https:\/\/noticiasribeiraopreto.com.br\/index.php\/2023\/12\/24\/praia-brasileira-ultrapassa-rivais-e-se-consagra-a-melhor-praia-do-mundo-em-2023\/","title":{"rendered":"Praia brasileira ultrapassa rivais e se consagra a Melhor Praia do Mundo em 2023!&#8221;"},"content":{"rendered":"<div class='code-block code-block-1' style='margin: 8px 0 8px auto; text-align: right; display: block; clear: both;'>\n<p><a href=\"https:\/\/wa.link\/vpicfd\"><img data-recalc-dims=\"1\" class=\"wp-image-4922\" style=\"aspect-ratio: 2.0253164556962027; width: 561px; height: auto;\" src=\"https:\/\/i0.wp.com\/ismaelcolosi.com.br\/wp-content\/uploads\/2023\/11\/grupo-de-empregos-whatsapp-e-facebook-ismael-colosi-vagas.jpg?ssl=1\" alt=\"\" \/><\/a><\/p>\n<!-- \/wp:image -->\n<\/div>\n<p> <br \/>\n<\/p>\n<div>\n<p>A renomada Ba\u00eda do Sancho, localizada no arquip\u00e9lago de <a href=\"https:\/\/catracalivre.com.br\/viagem-livre\/roteiro-de-5-dias-na-paradisiaca-fernando-de-noronha-pe\/\">Fernando de Noronha (PE)<\/a>, acaba de adicionar mais uma boa not\u00edcia \u00e0 sua longa lista de conquistas.<\/p>\n<p>Segundo o site de viagens <a href=\"https:\/\/www.tripadvisor.com.br\/\" target=\"_blank\" rel=\"noopener\">TripAdvisor<\/a>, ela mais uma vez conquistou o t\u00edtulo de melhor praia do mundo na premia\u00e7\u00e3o Traveler\u2019s Choice Beach. Al\u00e9m dela, a ic\u00f4nica praia de Ipanema, localizada na zona sul do Rio de Janeiro, tamb\u00e9m ganhou destaque na lista divulgada neste ano de 2023.<\/p>\n<div id=\"attachment_2149326\" class=\"wp-caption aligncenter\">\n<div class=\"d-flex justify-content-center\" data-attachment-id=\"2149326\">\n<div class=\"position-relative d-inline-block\"><img data-recalc-dims=\"1\" data-portal-copyright=\"MaFelipe\/iStock\" fetchpriority=\"high\" decoding=\"async\" class=\"size-full wp-image-2149326\" src=\"https:\/\/i0.wp.com\/catracalivre.com.br\/wp-content\/uploads\/2021\/03\/baia-do-sancho.jpg?resize=2121%2C1414&#038;ssl=1\" alt=\"Praia do Sancho, Fernando de Noronha, \u00e9 considerada a melhor praia do mundo\" width=\"2121\" height=\"1414\" srcset=\"https:\/\/catracalivre.com.br\/wp-content\/uploads\/2021\/03\/baia-do-sancho.jpg 2121w, https:\/\/catracalivre.com.br\/wp-content\/uploads\/2021\/03\/baia-do-sancho-450x300.jpg 450w, https:\/\/catracalivre.com.br\/wp-content\/uploads\/2021\/03\/baia-do-sancho-768x512.jpg 768w\" sizes=\"(max-width: 2121px) 100vw, 2121px\"\/><\/p>\n<p>Cr\u00e9ditos: MaFelipe\/iStock<\/p>\n<\/div>\n<\/div>\n<p><span class=\"post-imagem__legenda\">Praia do Sancho, Fernando de Noronha, \u00e9 considerada a melhor praia do mundo<\/span><\/p>\n<\/div>\n<p>Foram destacudas al\u00e9m destas duas, entre as cinco melhores praias do mundo, a refrescante Eagle Beach, em Aruba, a deslumbrante Cable Beach, na Austr\u00e1lia, a misteriosa Reynisfjara Beach na Isl\u00e2ndia, e a sedutora Grace Bay Beach, nas ilhas Provid\u00eancias.<\/p>\n<p>As praias foram avaliadas pela qualidade e quantidade de opini\u00f5es e avalia\u00e7\u00f5es dos viajantes no site TripAdvisor, ao longo dos \u00faltimos 12 meses.<\/p>\n<h2>Por que a Ba\u00eda do Sancho \u00e9 a melhor praia do mundo?<\/h2>\n<p>A Ba\u00eda do Sancho tem uma presen\u00e7a constante no ranking do Traveler\u2019s Choice. Em 2022, conseguiu uma honrosa s\u00e9tima coloca\u00e7\u00e3o e, no ano anterior, 2021, obteve uma impressionante terceira posi\u00e7\u00e3o.<\/p>\n<div id=\"attachment_2240499\" class=\"wp-caption aligncenter\">\n<div class=\"d-flex justify-content-center\" data-attachment-id=\"2240499\">\n<div class=\"position-relative d-inline-block\"><img data-recalc-dims=\"1\" loading=\"lazy\" data-portal-copyright=\"Antonio Melcop\/Divulga\u00e7\u00e3o\" decoding=\"async\" class=\"size-full wp-image-2240499\" src=\"https:\/\/i0.wp.com\/catracalivre.com.br\/wp-content\/uploads\/2022\/11\/fernando-de-noronha-pernambuco-barcos-na-baia-do-sancho-foto-antonio-melcop-scaled.jpg?resize=2560%2C1707&#038;ssl=1\" alt=\"A preferida dos turistas brasileiros: a pernambucana Sancho\" width=\"2560\" height=\"1707\" srcset=\"https:\/\/catracalivre.com.br\/wp-content\/uploads\/2022\/11\/fernando-de-noronha-pernambuco-barcos-na-baia-do-sancho-foto-antonio-melcop-scaled.jpg 2560w, https:\/\/catracalivre.com.br\/wp-content\/uploads\/2022\/11\/fernando-de-noronha-pernambuco-barcos-na-baia-do-sancho-foto-antonio-melcop-450x300.jpg 450w, https:\/\/catracalivre.com.br\/wp-content\/uploads\/2022\/11\/fernando-de-noronha-pernambuco-barcos-na-baia-do-sancho-foto-antonio-melcop-768x512.jpg 768w\" sizes=\"auto, (max-width: 2560px) 100vw, 2560px\"\/><\/p>\n<p>Cr\u00e9ditos: Antonio Melcop\/Divulga\u00e7\u00e3o<\/p>\n<\/div>\n<\/div>\n<p><span class=\"post-imagem__legenda\">A preferida dos turistas brasileiros: a pernambucana Sancho<\/span><\/p>\n<\/div>\n<p>Sua localiza\u00e7\u00e3o em uma ba\u00eda protegida por fal\u00e9sias s\u00f3 aumenta seu apelo e o acesso a esta praia \u00e9 feito por uma passarela de 320 metros feita com madeira biossint\u00e9tica, culminando em um mirante espl\u00eandido que oferece uma vista panor\u00e2mica indescrit\u00edvel.<\/p>\n<p>O mar azul-turquesa se mescla ao c\u00e9u azul em uma paisagem deslumbrante, onde a linha do horizonte quase desaparece.<\/p>\n<h2>Como se pode chegar a Ba\u00eda do Sancho?<\/h2>\n<p>A aventura de chegar at\u00e9 a areia pode ser realizada de duas maneiras: ou descendo uma escada de 30 metros que fica no interior de uma fenda nas rochas ou de barco. As \u00e1guas cristalinas da Ba\u00eda do Sancho s\u00e3o perfeitas para o mergulho livre e a observa\u00e7\u00e3o da vida marinha.<\/p>\n<div id=\"attachment_2139304\" class=\"wp-caption aligncenter\">\n<div class=\"d-flex justify-content-center\" data-attachment-id=\"2139304\">\n<div class=\"position-relative d-inline-block\"><img data-recalc-dims=\"1\" loading=\"lazy\" data-portal-copyright=\"Thais Moura\" decoding=\"async\" class=\"size-full wp-image-2139304\" src=\"https:\/\/i0.wp.com\/catracalivre.com.br\/wp-content\/uploads\/2020\/12\/mirante-baia-sancho-fernando-de-noronha.jpg?resize=1200%2C915&#038;ssl=1\" alt=\"Ba\u00eda do Sancho: a melhor praia do mundo\" width=\"1200\" height=\"915\" srcset=\"https:\/\/catracalivre.com.br\/wp-content\/uploads\/2020\/12\/mirante-baia-sancho-fernando-de-noronha.jpg 1200w, https:\/\/catracalivre.com.br\/wp-content\/uploads\/2020\/12\/mirante-baia-sancho-fernando-de-noronha-450x343.jpg 450w, https:\/\/catracalivre.com.br\/wp-content\/uploads\/2020\/12\/mirante-baia-sancho-fernando-de-noronha-768x586.jpg 768w\" sizes=\"auto, (max-width: 1200px) 100vw, 1200px\"\/><\/p>\n<p>Cr\u00e9ditos: Thais Moura<\/p>\n<\/div>\n<\/div>\n<p><span class=\"post-imagem__legenda\">Ba\u00eda do Sancho: a melhor praia do mundo<\/span><\/p>\n<\/div>\n<p>Com uma vis\u00e3o clara do fundo do mar, \u00e9 poss\u00edvel observar as aves em seus ninhos e v\u00e1rias esp\u00e9cies da fauna local, como o fat\u00eddico mabuya e o ador\u00e1vel moc\u00f3.<\/p>\n<h2>E o Brasil no ranking das melhores praias da Am\u00e9rica do Sul?<\/h2>\n<p>Quando o foco se volta para a Am\u00e9rica do Sul, o dom\u00ednio brasileiro \u00e9 ainda mais evidente. Conforme o Travelers\u2019 Choice Awards 2023, das 10 melhores praias da regi\u00e3o, sete s\u00e3o brasileiras.<\/p>\n<p>Entre elas, Ba\u00eda do Sancho em Pernambuco (1\u00ba lugar), Praia de Ipanema no Rio de Janeiro (2\u00ba lugar), Quarta Praia na Bahia (3\u00ba lugar), Ba\u00eda dos Golfinhos no Rio Grande do Norte (4\u00ba lugar), Praia da Pitinga na Bahia (5\u00ba lugar), Praia de Genipabu no Rio Grande do Norte (8\u00ba lugar) e Praia de Gerib\u00e1 no Rio de Janeiro (9\u00ba lugar).<\/p>\n<p>Este pr\u00eamio s\u00f3 refor\u00e7a o potencial das praias brasileiras no segmento de sol e praia, e coloca o Brasil em uma posi\u00e7\u00e3o de destaque no cen\u00e1rio de viagens mundial. As praias brasileiras s\u00e3o um lugar obrigat\u00f3rio para os amantes de praia de todo o mundo.<\/p>\n<\/div>\n<p><script>\n\t\t! function(f, b, e, v, n, t, s) {\n\t\t\tif (f.fbq) return;\n\t\t\tn = f.fbq = function() {\n\t\t\t\tn.callMethod ?\n\t\t\t\t\tn.callMethod.apply(n, arguments) : n.queue.push(arguments)\n\t\t\t};\n\t\t\tif (!f._fbq) f._fbq = n;\n\t\t\tn.push = n;\n\t\t\tn.loaded = !0;\n\t\t\tn.version = '2.0';\n\t\t\tn.queue = [];\n\t\t\tt = b.createElement(e);\n\t\t\tt.async = !0;\n\t\t\tt.src = v;\n\t\t\ts = b.getElementsByTagName(e)[0];\n\t\t\ts.parentNode.insertBefore(t, s)\n\t\t}(window, document, 'script',\n\t\t\t'https:\/\/connect.facebook.net\/en_US\/fbevents.js');\n\t\tfbq('init', '338315473262380');\n\t\tfbq('track', 'PageView');\n\t<\/script><br \/>\n<br \/><br \/>\n<br \/><a href=\"https:\/\/catracalivre.com.br\/viagem-livre\/praia-brasileira-ultrapassa-rivais-e-se-consagra-a-melhor-praia-do-mundo-em-2023\/\">Source link <\/a><\/p>\n<!-- CONTENT END 1 -->\n","protected":false},"excerpt":{"rendered":"<p>A renomada Ba\u00eda do Sancho, localizada no arquip\u00e9lago de Fernando de Noronha (PE), acaba de adicionar mais uma boa not\u00edcia \u00e0 sua longa lista de&#8230;<\/p>\n","protected":false},"author":1,"featured_media":20205,"comment_status":"open","ping_status":"open","sticky":false,"template":"","format":"standard","meta":{"advanced_seo_description":"","jetpack_seo_html_title":"","jetpack_seo_noindex":false,"jetpack_post_was_ever_published":false,"_jetpack_newsletter_access":"","_jetpack_dont_email_post_to_subs":false,"_jetpack_newsletter_tier_id":0,"_jetpack_memberships_contains_paywalled_content":false,"_jetpack_memberships_contains_paid_content":false,"footnotes":"","jetpack_publicize_message":"","jetpack_publicize_feature_enabled":true,"jetpack_social_post_already_shared":true,"jetpack_social_options":{"image_generator_settings":{"template":"highway","default_image_id":0,"font":"","enabled":false},"version":2}},"categories":[19],"tags":[],"class_list":["post-20204","post","type-post","status-publish","format-standard","has-post-thumbnail","hentry","category-variedades"],"jetpack_publicize_connections":[],"jetpack_featured_media_url":"https:\/\/i0.wp.com\/noticiasribeiraopreto.com.br\/wp-content\/uploads\/2023\/12\/baia-do-sancho.jpg?fit=1200%2C638&ssl=1","jetpack-related-posts":[{"id":15321,"url":"https:\/\/noticiasribeiraopreto.com.br\/index.php\/2023\/12\/13\/brasil-tem-melhor-praia-do-mundo-saiba-onde-ela-fica\/","url_meta":{"origin":20204,"position":0},"title":"Brasil tem melhor praia do mundo; saiba onde ela fica","author":"noticiasribeiraopreto.com.br","date":"13 de December de 2023","format":false,"excerpt":"Sabia que a melhor praia do mundo fica no Brasil? A Ba\u00eda do Sancho, no arquip\u00e9lago de Fernando de Noronha (PE), desbancou mais uma vez as famosas praias do Caribe e da \u00c1sia e ficou com o primeiro lugar no ranking anual do site TripAdvisor. A praia pernambucana, ali\u00e1s, \u00e9\u2026","rel":"","context":"In &quot;Variedades&quot;","block_context":{"text":"Variedades","link":"https:\/\/noticiasribeiraopreto.com.br\/index.php\/category\/variedades\/"},"img":{"alt_text":"","src":"https:\/\/i0.wp.com\/noticiasribeiraopreto.com.br\/wp-content\/uploads\/2023\/12\/melhores-praias-do-brasil-praia-do-sancho-fernando-de-noronha-foto-antonio-melcop.jpg?fit=1200%2C638&ssl=1&resize=350%2C200","width":350,"height":200,"srcset":"https:\/\/i0.wp.com\/noticiasribeiraopreto.com.br\/wp-content\/uploads\/2023\/12\/melhores-praias-do-brasil-praia-do-sancho-fernando-de-noronha-foto-antonio-melcop.jpg?fit=1200%2C638&ssl=1&resize=350%2C200 1x, https:\/\/i0.wp.com\/noticiasribeiraopreto.com.br\/wp-content\/uploads\/2023\/12\/melhores-praias-do-brasil-praia-do-sancho-fernando-de-noronha-foto-antonio-melcop.jpg?fit=1200%2C638&ssl=1&resize=525%2C300 1.5x, https:\/\/i0.wp.com\/noticiasribeiraopreto.com.br\/wp-content\/uploads\/2023\/12\/melhores-praias-do-brasil-praia-do-sancho-fernando-de-noronha-foto-antonio-melcop.jpg?fit=1200%2C638&ssl=1&resize=700%2C400 2x, https:\/\/i0.wp.com\/noticiasribeiraopreto.com.br\/wp-content\/uploads\/2023\/12\/melhores-praias-do-brasil-praia-do-sancho-fernando-de-noronha-foto-antonio-melcop.jpg?fit=1200%2C638&ssl=1&resize=1050%2C600 3x"},"classes":[]},{"id":22200,"url":"https:\/\/noticiasribeiraopreto.com.br\/index.php\/2023\/12\/29\/10-melhores-praias-para-conhecer-no-nordeste-brasileiro\/","url_meta":{"origin":20204,"position":1},"title":"10 melhores praias para conhecer no Nordeste brasileiro","author":"noticiasribeiraopreto.com.br","date":"29 de December de 2023","format":false,"excerpt":"Com mais de 3 mil quil\u00f4metros de extens\u00e3o, o litoral nordestino guarda praias que est\u00e3o entre as mais bonitas do mundo. Mas voc\u00ea sabe quais s\u00e3o as 10 melhores praias do Nordeste do Brasil? Venha comigo que irei te apresentar. \u00c1guas mornas e transparentes, coqueirais, fal\u00e9sias e visuais de tirar\u2026","rel":"","context":"In &quot;Variedades&quot;","block_context":{"text":"Variedades","link":"https:\/\/noticiasribeiraopreto.com.br\/index.php\/category\/variedades\/"},"img":{"alt_text":"","src":"https:\/\/i0.wp.com\/noticiasribeiraopreto.com.br\/wp-content\/uploads\/2023\/12\/paraias-mais-bonitos-noredeste.jpg?fit=1200%2C638&ssl=1&resize=350%2C200","width":350,"height":200,"srcset":"https:\/\/i0.wp.com\/noticiasribeiraopreto.com.br\/wp-content\/uploads\/2023\/12\/paraias-mais-bonitos-noredeste.jpg?fit=1200%2C638&ssl=1&resize=350%2C200 1x, https:\/\/i0.wp.com\/noticiasribeiraopreto.com.br\/wp-content\/uploads\/2023\/12\/paraias-mais-bonitos-noredeste.jpg?fit=1200%2C638&ssl=1&resize=525%2C300 1.5x, https:\/\/i0.wp.com\/noticiasribeiraopreto.com.br\/wp-content\/uploads\/2023\/12\/paraias-mais-bonitos-noredeste.jpg?fit=1200%2C638&ssl=1&resize=700%2C400 2x, https:\/\/i0.wp.com\/noticiasribeiraopreto.com.br\/wp-content\/uploads\/2023\/12\/paraias-mais-bonitos-noredeste.jpg?fit=1200%2C638&ssl=1&resize=1050%2C600 3x"},"classes":[]},{"id":27024,"url":"https:\/\/noticiasribeiraopreto.com.br\/index.php\/2024\/01\/11\/morar-na-praia-vagas-abertas-nas-melhores-praias-do-brasil\/","url_meta":{"origin":20204,"position":2},"title":"Morar na praia: vagas abertas nas melhores praias do Brasil","author":"noticiasribeiraopreto.com.br","date":"11 de January de 2024","format":false,"excerpt":"Voc\u00ea tem pensado em morar na praia ou conhece algu\u00e9m que pretende realizar essa mudan\u00e7a em 2024? Ent\u00e3o este conte\u00fado \u00e9 para voc\u00ea! Selecionamos uma lista com mais de 40 mil vagas de emprego nas melhores praias do Brasil, de diferentes perfis e com \u00f3timos sal\u00e1rios. Vamos conferir? Vagas para\u2026","rel":"","context":"In &quot;Blog&quot;","block_context":{"text":"Blog","link":"https:\/\/noticiasribeiraopreto.com.br\/index.php\/category\/blog\/"},"img":{"alt_text":"","src":"https:\/\/i0.wp.com\/noticiasribeiraopreto.com.br\/wp-content\/uploads\/2024\/01\/morar-na-praia.jpg?fit=1200%2C675&ssl=1&resize=350%2C200","width":350,"height":200,"srcset":"https:\/\/i0.wp.com\/noticiasribeiraopreto.com.br\/wp-content\/uploads\/2024\/01\/morar-na-praia.jpg?fit=1200%2C675&ssl=1&resize=350%2C200 1x, https:\/\/i0.wp.com\/noticiasribeiraopreto.com.br\/wp-content\/uploads\/2024\/01\/morar-na-praia.jpg?fit=1200%2C675&ssl=1&resize=525%2C300 1.5x, https:\/\/i0.wp.com\/noticiasribeiraopreto.com.br\/wp-content\/uploads\/2024\/01\/morar-na-praia.jpg?fit=1200%2C675&ssl=1&resize=700%2C400 2x, https:\/\/i0.wp.com\/noticiasribeiraopreto.com.br\/wp-content\/uploads\/2024\/01\/morar-na-praia.jpg?fit=1200%2C675&ssl=1&resize=1050%2C600 3x"},"classes":[]},{"id":19117,"url":"https:\/\/noticiasribeiraopreto.com.br\/index.php\/2023\/12\/21\/5-destinos-ensolarados-recomendados-para-viajar-no-verao-2024\/","url_meta":{"origin":20204,"position":3},"title":"5 destinos ensolarados recomendados para viajar no ver\u00e3o 2024","author":"noticiasribeiraopreto.com.br","date":"21 de December de 2023","format":false,"excerpt":"Apesar das altas temperaturas que v\u00eam sendo registradas h\u00e1 alguns meses no Brasil, o ver\u00e3o no hemisf\u00e9rio Sul come\u00e7a oficialmente na madrugada desta sexta-feira, 22. Com o clima quente, vale a pena se planejar para conhecer novos lugares, passear bastante para aproveitar os dias mais longos, que s\u00e3o caracter\u00edsticos da\u2026","rel":"","context":"In &quot;Variedades&quot;","block_context":{"text":"Variedades","link":"https:\/\/noticiasribeiraopreto.com.br\/index.php\/category\/variedades\/"},"img":{"alt_text":"","src":"https:\/\/i0.wp.com\/noticiasribeiraopreto.com.br\/wp-content\/uploads\/2023\/12\/pontal-de-maracaipe.jpg?fit=1200%2C638&ssl=1&resize=350%2C200","width":350,"height":200,"srcset":"https:\/\/i0.wp.com\/noticiasribeiraopreto.com.br\/wp-content\/uploads\/2023\/12\/pontal-de-maracaipe.jpg?fit=1200%2C638&ssl=1&resize=350%2C200 1x, https:\/\/i0.wp.com\/noticiasribeiraopreto.com.br\/wp-content\/uploads\/2023\/12\/pontal-de-maracaipe.jpg?fit=1200%2C638&ssl=1&resize=525%2C300 1.5x, https:\/\/i0.wp.com\/noticiasribeiraopreto.com.br\/wp-content\/uploads\/2023\/12\/pontal-de-maracaipe.jpg?fit=1200%2C638&ssl=1&resize=700%2C400 2x, https:\/\/i0.wp.com\/noticiasribeiraopreto.com.br\/wp-content\/uploads\/2023\/12\/pontal-de-maracaipe.jpg?fit=1200%2C638&ssl=1&resize=1050%2C600 3x"},"classes":[]},{"id":64020,"url":"https:\/\/noticiasribeiraopreto.com.br\/index.php\/2025\/02\/27\/litoral-de-sp-tem-45-praias-improprias-durante-o-carnaval-veja-lista\/","url_meta":{"origin":20204,"position":4},"title":"Litoral de SP tem 45 praias impr\u00f3prias durante o Carnaval; Veja lista","author":"noticiasribeiraopreto.com.br","date":"27 de February de 2025","format":false,"excerpt":"Vai descer a serra e aproveitar o Carnaval na praia? Ent\u00e3o fique de olho. A Cetesb (Companhia Ambiental do Estado de S\u00e3o Paulo) informou nesta quinta-feira (27) que 45 praias do litoral de S\u00e3o Paulo est\u00e3o impr\u00f3prias para o banho. Itanha\u00e9m \u00e9 o destino com mais locais impr\u00f3prios, de acordo\u2026","rel":"","context":"In &quot;Not\u00edcias de Ribeir\u00e3o Preto-SP e Regi\u00e3o&quot;","block_context":{"text":"Not\u00edcias de Ribeir\u00e3o Preto-SP e Regi\u00e3o","link":"https:\/\/noticiasribeiraopreto.com.br\/index.php\/category\/noticias-de-ribeirao-preto-sp-e-regiao-ismael-colosi\/"},"img":{"alt_text":"","src":"https:\/\/i0.wp.com\/noticiasribeiraopreto.com.br\/wp-content\/uploads\/2024\/03\/AnyConv.com__guaruja.webp.webp?fit=1200%2C900&ssl=1&resize=350%2C200","width":350,"height":200,"srcset":"https:\/\/i0.wp.com\/noticiasribeiraopreto.com.br\/wp-content\/uploads\/2024\/03\/AnyConv.com__guaruja.webp.webp?fit=1200%2C900&ssl=1&resize=350%2C200 1x, https:\/\/i0.wp.com\/noticiasribeiraopreto.com.br\/wp-content\/uploads\/2024\/03\/AnyConv.com__guaruja.webp.webp?fit=1200%2C900&ssl=1&resize=525%2C300 1.5x, https:\/\/i0.wp.com\/noticiasribeiraopreto.com.br\/wp-content\/uploads\/2024\/03\/AnyConv.com__guaruja.webp.webp?fit=1200%2C900&ssl=1&resize=700%2C400 2x, https:\/\/i0.wp.com\/noticiasribeiraopreto.com.br\/wp-content\/uploads\/2024\/03\/AnyConv.com__guaruja.webp.webp?fit=1200%2C900&ssl=1&resize=1050%2C600 3x"},"classes":[]},{"id":22641,"url":"https:\/\/noticiasribeiraopreto.com.br\/index.php\/2023\/12\/30\/as-melhores-praias-para-criancas-no-litoral-de-sp\/","url_meta":{"origin":20204,"position":5},"title":"As melhores praias para crian\u00e7as no litoral de SP","author":"noticiasribeiraopreto.com.br","date":"30 de December de 2023","format":false,"excerpt":"Apesar das f\u00e9rias escolares estarem no fim, ainda d\u00e1 tempo de passar alguns dias na praia e aproveitar o ver\u00e3o com as crian\u00e7as na praia. A Catraca Livre fez um levantamento das melhores praias para fam\u00edlias que viajam com crian\u00e7as pequenas. Do litoral norte ao sul, a lista inclui praias\u2026","rel":"","context":"In &quot;Variedades&quot;","block_context":{"text":"Variedades","link":"https:\/\/noticiasribeiraopreto.com.br\/index.php\/category\/variedades\/"},"img":{"alt_text":"","src":"https:\/\/i0.wp.com\/noticiasribeiraopreto.com.br\/wp-content\/uploads\/2023\/12\/ilha-do-cardoso.jpg?fit=1200%2C638&ssl=1&resize=350%2C200","width":350,"height":200,"srcset":"https:\/\/i0.wp.com\/noticiasribeiraopreto.com.br\/wp-content\/uploads\/2023\/12\/ilha-do-cardoso.jpg?fit=1200%2C638&ssl=1&resize=350%2C200 1x, https:\/\/i0.wp.com\/noticiasribeiraopreto.com.br\/wp-content\/uploads\/2023\/12\/ilha-do-cardoso.jpg?fit=1200%2C638&ssl=1&resize=525%2C300 1.5x, https:\/\/i0.wp.com\/noticiasribeiraopreto.com.br\/wp-content\/uploads\/2023\/12\/ilha-do-cardoso.jpg?fit=1200%2C638&ssl=1&resize=700%2C400 2x, https:\/\/i0.wp.com\/noticiasribeiraopreto.com.br\/wp-content\/uploads\/2023\/12\/ilha-do-cardoso.jpg?fit=1200%2C638&ssl=1&resize=1050%2C600 3x"},"classes":[]}],"jetpack_sharing_enabled":true,"jetpack_shortlink":"https:\/\/wp.me\/peQAOb-5fS","_links":{"self":[{"href":"https:\/\/noticiasribeiraopreto.com.br\/index.php\/wp-json\/wp\/v2\/posts\/20204","targetHints":{"allow":["GET"]}}],"collection":[{"href":"https:\/\/noticiasribeiraopreto.com.br\/index.php\/wp-json\/wp\/v2\/posts"}],"about":[{"href":"https:\/\/noticiasribeiraopreto.com.br\/index.php\/wp-json\/wp\/v2\/types\/post"}],"author":[{"embeddable":true,"href":"https:\/\/noticiasribeiraopreto.com.br\/index.php\/wp-json\/wp\/v2\/users\/1"}],"replies":[{"embeddable":true,"href":"https:\/\/noticiasribeiraopreto.com.br\/index.php\/wp-json\/wp\/v2\/comments?post=20204"}],"version-history":[{"count":0,"href":"https:\/\/noticiasribeiraopreto.com.br\/index.php\/wp-json\/wp\/v2\/posts\/20204\/revisions"}],"wp:featuredmedia":[{"embeddable":true,"href":"https:\/\/noticiasribeiraopreto.com.br\/index.php\/wp-json\/wp\/v2\/media\/20205"}],"wp:attachment":[{"href":"https:\/\/noticiasribeiraopreto.com.br\/index.php\/wp-json\/wp\/v2\/media?parent=20204"}],"wp:term":[{"taxonomy":"category","embeddable":true,"href":"https:\/\/noticiasribeiraopreto.com.br\/index.php\/wp-json\/wp\/v2\/categories?post=20204"},{"taxonomy":"post_tag","embeddable":true,"href":"https:\/\/noticiasribeiraopreto.com.br\/index.php\/wp-json\/wp\/v2\/tags?post=20204"}],"curies":[{"name":"wp","href":"https:\/\/api.w.org\/{rel}","templated":true}]}}