{"id":20206,"date":"2023-12-24T15:18:01","date_gmt":"2023-12-24T18:18:01","guid":{"rendered":"https:\/\/noticiasribeiraopreto.com.br\/index.php\/2023\/12\/24\/suzano-segue-com-mais-de-50-vagas-abertas-se-candidate\/"},"modified":"2023-12-24T15:18:01","modified_gmt":"2023-12-24T18:18:01","slug":"suzano-segue-com-mais-de-50-vagas-abertas-se-candidate","status":"publish","type":"post","link":"https:\/\/noticiasribeiraopreto.com.br\/index.php\/2023\/12\/24\/suzano-segue-com-mais-de-50-vagas-abertas-se-candidate\/","title":{"rendered":"Suzano segue com MAIS DE 50 VAGAS ABERTAS; Se candidate!"},"content":{"rendered":"<div class='code-block code-block-1' style='margin: 8px 0 8px auto; text-align: right; display: block; clear: both;'>\n<p><a href=\"https:\/\/wa.link\/vpicfd\"><img data-recalc-dims=\"1\" class=\"wp-image-4922\" style=\"aspect-ratio: 2.0253164556962027; width: 561px; height: auto;\" src=\"https:\/\/i0.wp.com\/ismaelcolosi.com.br\/wp-content\/uploads\/2023\/11\/grupo-de-empregos-whatsapp-e-facebook-ismael-colosi-vagas.jpg?ssl=1\" alt=\"\" \/><\/a><\/p>\n<!-- \/wp:image -->\n<\/div>\n<p> <br \/>\n<\/p>\n<div>\n<div>\n<p>A Suzano, empresa multinacional brasileira, refer\u00eancia global no desenvolvimento de solu\u00e7\u00f5es sustent\u00e1veis e inovadoras, de origem renov\u00e1vel, por meio do plantio de \u00e1rvores de eucalipto, est\u00e1 contratando no mercado. Quer dizer, antes de falar mais sobre a empresa, confira quais s\u00e3o os <a href=\"https:\/\/noticiasconcursos.com.br\/concurso-medio-e-superior-anuncia-edital-com-244-vagas-confira-os-cargos\/\">cargos<\/a> dispon\u00edveis:<\/p>\n<div class=\"sc-78c96a81-2 gqUSWe\">\n<ul>\n<li class=\"sc-78c96a81-3 ghFbaI\">Agente Florestal \u2013 Ribas do Rio Pardo \u2013 MS \u2013 Efetivo;<\/li>\n<li class=\"sc-78c96a81-3 ghFbaI\">Analista Comunica\u00e7\u00e3o \u2013 Tempor\u00e1rio \u2013<\/li>\n<li class=\"sc-78c96a81-3 ghFbaI\">Analista Intelig\u00eancia Comercial \u2013 S\u00e3o Paulo \u2013 SP e H\u00edbrido \u2013 Efetivo;<\/li>\n<li class=\"sc-78c96a81-3 ghFbaI\">Analista Manuten\u00e7\u00e3o \u2013 Aracruz \u2013 ES \u2013 Efetivo;<\/li>\n<li class=\"sc-78c96a81-3 ghFbaI\">Analista Recursos Humanos \u2013 Ribas Do Rio Pardo \u2013 MS \u2013 Efetivo;<\/li>\n<li class=\"sc-78c96a81-3 ghFbaI\">Analista de Tecnologia Informa\u00e7\u00e3o \u2013 S\u00e3o Paulo \u2013 SP e H\u00edbrido \u2013 Efetivo;<\/li>\n<li class=\"sc-78c96a81-3 ghFbaI\">Assistente Opera\u00e7\u00f5es Florestais \u2013 Ribas Do Rio Pardo \u2013 MS \u2013 Efetivo;<\/li>\n<li class=\"sc-78c96a81-3 ghFbaI\">Assistente Recursos Humanos I \u2013 Limeira \u2013 SP -Efetivo;<\/li>\n<li class=\"sc-78c96a81-3 ghFbaI\">Consultor (a) de Manuten\u00e7\u00e3o II \u2013 Mucuri \u2013 BA \u2013\u00a0 Efetivo;<\/li>\n<li class=\"sc-78c96a81-3 ghFbaI\">Consultor (a) de Processos II \u2013 Limeira \u2013 SP \u2013 Efetivo;<\/li>\n<li class=\"sc-78c96a81-3 ghFbaI\">Controlador (a) de Recebimento CSC \u2013 Jacare\u00ed \u2013 SP \u2013 Efetivo;<\/li>\n<li class=\"sc-78c96a81-3 ghFbaI\">Coordenador (a) de Engenharia de Manuten\u00e7\u00e3o e Confiabilidade \u2013 Mogi Das Cruzes \u2013 SP \u2013 Efetivo;<\/li>\n<li class=\"sc-78c96a81-3 ghFbaI\">Coordenador (a) Log\u00edstica Florestal \u2013 Malha Vi\u00e1ria \u2013 Imperatriz \u2013 MA \u2013 Efetivo;<\/li>\n<li class=\"sc-78c96a81-3 ghFbaI\">Gerente de Produ\u00e7\u00e3o \u2013 Jacare\u00ed \u2013 SP \u2013 Efetivo;<\/li>\n<li class=\"sc-78c96a81-3 ghFbaI\">Supervisor (a) de Manuten\u00e7\u00e3o \u2013 A\u00e7ail\u00e2ndia \u2013 MA \u2013 Efetivo;<\/li>\n<li class=\"sc-78c96a81-3 ghFbaI\">T\u00e9cnico (a) Log\u00edstica Florestal II \u2013 Tr\u00eas Lagoas \u2013 MS \u2013 Efetivo;<\/li>\n<li class=\"sc-78c96a81-3 ghFbaI\">T\u00e9cnico (a) Manuten\u00e7\u00e3o El\u00e9trica III \u2013 Imperatriz \u2013 MA \u2013 Efetivo;<\/li>\n<li class=\"sc-78c96a81-3 ghFbaI\">T\u00e9cnico (a) de Opera\u00e7\u00f5es Florestais II \u2013 Afirmativa Para Mulheres \u2013 Tr\u00eas Lagoas \u2013 MS \u2013 Efetivo;<\/li>\n<li class=\"sc-78c96a81-3 ghFbaI\">T\u00e9cnico (a) de Silvicultura III \u2013 Ribas Do Rio Pardo \u2013 MS \u2013 Efetivo.<\/li>\n<\/ul>\n<figure id=\"attachment_690366\" aria-describedby=\"caption-attachment-690366\" style=\"width: 1200px\" class=\"wp-caption alignnone\"><img data-recalc-dims=\"1\" fetchpriority=\"high\" decoding=\"async\" class=\"size-full wp-image-690366\" alt=\"Suzano segue com MAIS DE 50 VAGAS ABERTAS; Se candidate!\" width=\"1200\" height=\"689\" srcset=\"https:\/\/noticiasconcursos.com.br\/wp-content\/uploads\/2023\/07\/noticiasconcursos.com.br-suzano-abre-mais-de-25-vagas-em-sp-ba-ma-ce-es-e-ms-suzano-1.jpg 1200w, https:\/\/noticiasconcursos.com.br\/wp-content\/uploads\/2023\/07\/noticiasconcursos.com.br-suzano-abre-mais-de-25-vagas-em-sp-ba-ma-ce-es-e-ms-suzano-1-300x172.jpg 300w, https:\/\/noticiasconcursos.com.br\/wp-content\/uploads\/2023\/07\/noticiasconcursos.com.br-suzano-abre-mais-de-25-vagas-em-sp-ba-ma-ce-es-e-ms-suzano-1-768x441.jpg 768w, https:\/\/noticiasconcursos.com.br\/wp-content\/uploads\/2023\/07\/noticiasconcursos.com.br-suzano-abre-mais-de-25-vagas-em-sp-ba-ma-ce-es-e-ms-suzano-1-750x430.jpg 750w\" data-lazy-sizes=\"(max-width: 1200px) 100vw, 1200px\" src=\"https:\/\/i0.wp.com\/noticiasconcursos.com.br\/wp-content\/uploads\/2023\/07\/noticiasconcursos.com.br-suzano-abre-mais-de-25-vagas-em-sp-ba-ma-ce-es-e-ms-suzano-1.jpg?resize=1200%2C689&#038;ssl=1\"\/><noscript><img data-recalc-dims=\"1\" fetchpriority=\"high\" decoding=\"async\" class=\"size-full wp-image-690366\" src=\"https:\/\/i0.wp.com\/noticiasconcursos.com.br\/wp-content\/uploads\/2023\/07\/noticiasconcursos.com.br-suzano-abre-mais-de-25-vagas-em-sp-ba-ma-ce-es-e-ms-suzano-1.jpg?resize=1200%2C689&#038;ssl=1\" alt=\"Suzano segue com MAIS DE 50 VAGAS ABERTAS; Se candidate!\" width=\"1200\" height=\"689\" srcset=\"https:\/\/noticiasconcursos.com.br\/wp-content\/uploads\/2023\/07\/noticiasconcursos.com.br-suzano-abre-mais-de-25-vagas-em-sp-ba-ma-ce-es-e-ms-suzano-1.jpg 1200w, https:\/\/noticiasconcursos.com.br\/wp-content\/uploads\/2023\/07\/noticiasconcursos.com.br-suzano-abre-mais-de-25-vagas-em-sp-ba-ma-ce-es-e-ms-suzano-1-300x172.jpg 300w, https:\/\/noticiasconcursos.com.br\/wp-content\/uploads\/2023\/07\/noticiasconcursos.com.br-suzano-abre-mais-de-25-vagas-em-sp-ba-ma-ce-es-e-ms-suzano-1-768x441.jpg 768w, https:\/\/noticiasconcursos.com.br\/wp-content\/uploads\/2023\/07\/noticiasconcursos.com.br-suzano-abre-mais-de-25-vagas-em-sp-ba-ma-ce-es-e-ms-suzano-1-750x430.jpg 750w\" sizes=\"(max-width: 1200px) 100vw, 1200px\"\/><\/noscript><figcaption id=\"caption-attachment-690366\" class=\"wp-caption-text\">Suzano \u00e9 refer\u00eancia no setor industrial. Foto: Divulga\u00e7\u00e3o.<\/figcaption><\/figure>\n<\/p><\/div>\n<h3><strong>Mais sobre a Suzano\u00a0<\/strong><\/h3>\n<p>Sobre a Suzano, podemos frisar que a empresa est\u00e1 entre as principais fabricantes de pap\u00e9is da Am\u00e9rica Latina e exporta seus produtos para mais de 100 <a href=\"https:\/\/noticiasconcursos.com.br\/lista-de-paises-que-podem-perder-exigencia-de-visto-em-breve\/\">pa\u00edses<\/a>, por meio dos quais se faz presente na vida de bilh\u00f5es de <a href=\"https:\/\/noticiasconcursos.com.br\/grupo-boticario-contrata-pessoas-em-dezembro-saiba-mais\/\">pessoas<\/a>.<\/p>\n<p>Al\u00e9m disso, investindo h\u00e1 cerca de 90 anos em inova\u00e7\u00e3o e tecnologia, atualmente possui capacidade instalada de 10,9 milh\u00f5es de toneladas de celulose de mercado e 1,4 milh\u00e3o de toneladas de pap\u00e9is por ano. Para que todos esses avan\u00e7os sejam poss\u00edveis, conta com equipes de aproximadamente 35 mil <a href=\"https:\/\/noticiasconcursos.com.br\/livelo-esta-na-procura-por-novos-colaboradores-saiba-mais\/\">colaboradores<\/a>.<\/p>\n<p>Em resumo, trata-se da maior fabricante de celulose do mundo e uma das maiores produtoras de pap\u00e9is da Am\u00e9rica Latina. Seus produtos atendem mais de 2 bilh\u00f5es de pessoas ao redor do planeta e exporta para mais de 100 pa\u00edses.<\/p>\n<h3><strong>Como enviar o seu curr\u00edculo?<\/strong><\/h3>\n<p>Como voc\u00ea j\u00e1 p\u00f4de ver a lista de cargos, \u00e9 s\u00f3 <em><strong><a href=\"https:\/\/suzano.gupy.io\/\" target=\"_blank\" rel=\"noopener\">clicar nesse link<\/a><\/strong><\/em> para ser redirecionado \u00e0 p\u00e1gina da <strong>Gupy<\/strong>. Por l\u00e1, tudo o que voc\u00ea precisa fazer \u00e9 verificar todos os detalhes referentes \u00e0 vaga com aten\u00e7\u00e3o e se candidatar.<\/p>\n<p>N\u00e3o fique a\u00ed parado (a) e fique sabendo das principais not\u00edcias do pa\u00eds e das melhores vagas de empregos aqui no <strong>Not\u00edcias Concursos!<\/strong><\/p>\n<\/p><\/div>\n<p><a href=\"https:\/\/noticiasconcursos.com.br\/suzano-segue-com-mais-de-50-vagas-abertas-se-candidate\/\">Source link <\/a><\/p>\n<\/p><\/div>\n<p><br \/>\n<br \/><a href=\"https:\/\/ismaelcolosi.com.br\/suzano-segue-com-mais-de-50-vagas-abertas-se-candidate\/\">Source link <\/a><\/p>\n<!-- CONTENT END 1 -->\n","protected":false},"excerpt":{"rendered":"<p>A Suzano, empresa multinacional brasileira, refer\u00eancia global no desenvolvimento de solu\u00e7\u00f5es sustent\u00e1veis e inovadoras, de origem renov\u00e1vel, por meio do plantio de \u00e1rvores de eucalipto,&#8230;<\/p>\n","protected":false},"author":1,"featured_media":20207,"comment_status":"open","ping_status":"open","sticky":false,"template":"","format":"standard","meta":{"advanced_seo_description":"","jetpack_seo_html_title":"","jetpack_seo_noindex":false,"jetpack_post_was_ever_published":false,"_jetpack_newsletter_access":"","_jetpack_dont_email_post_to_subs":false,"_jetpack_newsletter_tier_id":0,"_jetpack_memberships_contains_paywalled_content":false,"_jetpack_memberships_contains_paid_content":false,"footnotes":"","jetpack_publicize_message":"","jetpack_publicize_feature_enabled":true,"jetpack_social_post_already_shared":true,"jetpack_social_options":{"image_generator_settings":{"template":"highway","default_image_id":0,"font":"","enabled":false},"version":2}},"categories":[7],"tags":[],"class_list":["post-20206","post","type-post","status-publish","format-standard","has-post-thumbnail","hentry","category-vagas-de-empregos-em-ribeirao-preto-regiao-brasil"],"jetpack_publicize_connections":[],"jetpack_featured_media_url":"https:\/\/i0.wp.com\/noticiasribeiraopreto.com.br\/wp-content\/uploads\/2023\/12\/noticiasconcursos.com_.br-suzano-abre-mais-de-25-vagas-em-sp-ba-ma-ce-es-e-ms-suzano-1.jpg?fit=1200%2C689&ssl=1","jetpack-related-posts":[{"id":13522,"url":"https:\/\/noticiasribeiraopreto.com.br\/index.php\/2023\/12\/10\/quer-trabalhar-no-grupo-tigre-veja-a-lista-de-vagas-abertas\/","url_meta":{"origin":20206,"position":0},"title":"Quer trabalhar no Grupo Tigre? Veja a lista de VAGAS ABERTAS!","author":"noticiasribeiraopreto.com.br","date":"10 de December de 2023","format":false,"excerpt":"O Grupo Tigre, empresa com mais de 80 anos de hist\u00f3ria, atuando em 10 pa\u00edses e sendo l\u00edder na oferta de solu\u00e7\u00f5es para os mercados de constru\u00e7\u00e3o civil, infraestrutura, irriga\u00e7\u00e3o e industrial, est\u00e1 contratando novos profissionais no mercado. Isto \u00e9, antes de falar mais sobre, confira quais s\u00e3o as vagas\u2026","rel":"","context":"In &quot;Vagas de Emprego em Ribeir\u00e3o Preto-SP&quot;","block_context":{"text":"Vagas de Emprego em Ribeir\u00e3o Preto-SP","link":"https:\/\/noticiasribeiraopreto.com.br\/index.php\/category\/empregos-classificados-vagas-trabalho\/vagas-de-empregos-em-ribeirao-preto-regiao-brasil\/"},"img":{"alt_text":"","src":"https:\/\/i0.wp.com\/noticiasribeiraopreto.com.br\/wp-content\/uploads\/2023\/12\/noticiasconcursos.com_.br-grupo-tigre-abre-novas-vagas-para-seu-programa-de-estagio-grupo-tigre-logo.jpg?fit=1000%2C700&ssl=1&resize=350%2C200","width":350,"height":200,"srcset":"https:\/\/i0.wp.com\/noticiasribeiraopreto.com.br\/wp-content\/uploads\/2023\/12\/noticiasconcursos.com_.br-grupo-tigre-abre-novas-vagas-para-seu-programa-de-estagio-grupo-tigre-logo.jpg?fit=1000%2C700&ssl=1&resize=350%2C200 1x, https:\/\/i0.wp.com\/noticiasribeiraopreto.com.br\/wp-content\/uploads\/2023\/12\/noticiasconcursos.com_.br-grupo-tigre-abre-novas-vagas-para-seu-programa-de-estagio-grupo-tigre-logo.jpg?fit=1000%2C700&ssl=1&resize=525%2C300 1.5x, https:\/\/i0.wp.com\/noticiasribeiraopreto.com.br\/wp-content\/uploads\/2023\/12\/noticiasconcursos.com_.br-grupo-tigre-abre-novas-vagas-para-seu-programa-de-estagio-grupo-tigre-logo.jpg?fit=1000%2C700&ssl=1&resize=700%2C400 2x"},"classes":[]},{"id":17182,"url":"https:\/\/noticiasribeiraopreto.com.br\/index.php\/2023\/12\/17\/quer-trabalhar-na-gocase-brasil-conheca-as-oportunidades\/","url_meta":{"origin":20206,"position":1},"title":"Quer trabalhar na Gocase Brasil? Conhe\u00e7a as OPORTUNIDADES!","author":"noticiasribeiraopreto.com.br","date":"17 de December de 2023","format":false,"excerpt":"A Gocase Brasil, empresa que \u00e9 uma startup brasileira com 8 anos de exist\u00eancia, dona do maior e-commerce de acess\u00f3rios personalizados do Brasil, est\u00e1 em busca de novos colaboradores pelo Brasil. Dessa forma, antes de falar com mais detalhes sobre a empresa, veja quais s\u00e3o os cargos dispon\u00edveis: Almoxarife \u2013\u2026","rel":"","context":"In &quot;Vagas de Emprego em Ribeir\u00e3o Preto-SP&quot;","block_context":{"text":"Vagas de Emprego em Ribeir\u00e3o Preto-SP","link":"https:\/\/noticiasribeiraopreto.com.br\/index.php\/category\/empregos-classificados-vagas-trabalho\/vagas-de-empregos-em-ribeirao-preto-regiao-brasil\/"},"img":{"alt_text":"","src":"https:\/\/i0.wp.com\/noticiasribeiraopreto.com.br\/wp-content\/uploads\/2023\/12\/noticiasconcursos.com_.br-gocase-brasil-abre-cargos-em-sp-ce-mg-e-df-ren-1503.jpg?fit=1200%2C815&ssl=1&resize=350%2C200","width":350,"height":200,"srcset":"https:\/\/i0.wp.com\/noticiasribeiraopreto.com.br\/wp-content\/uploads\/2023\/12\/noticiasconcursos.com_.br-gocase-brasil-abre-cargos-em-sp-ce-mg-e-df-ren-1503.jpg?fit=1200%2C815&ssl=1&resize=350%2C200 1x, https:\/\/i0.wp.com\/noticiasribeiraopreto.com.br\/wp-content\/uploads\/2023\/12\/noticiasconcursos.com_.br-gocase-brasil-abre-cargos-em-sp-ce-mg-e-df-ren-1503.jpg?fit=1200%2C815&ssl=1&resize=525%2C300 1.5x, https:\/\/i0.wp.com\/noticiasribeiraopreto.com.br\/wp-content\/uploads\/2023\/12\/noticiasconcursos.com_.br-gocase-brasil-abre-cargos-em-sp-ce-mg-e-df-ren-1503.jpg?fit=1200%2C815&ssl=1&resize=700%2C400 2x, https:\/\/i0.wp.com\/noticiasribeiraopreto.com.br\/wp-content\/uploads\/2023\/12\/noticiasconcursos.com_.br-gocase-brasil-abre-cargos-em-sp-ce-mg-e-df-ren-1503.jpg?fit=1200%2C815&ssl=1&resize=1050%2C600 3x"},"classes":[]},{"id":22862,"url":"https:\/\/noticiasribeiraopreto.com.br\/index.php\/2023\/12\/31\/quata-alimentos-contrata-profissionais-no-seu-ramo\/","url_meta":{"origin":20206,"position":2},"title":"Quat\u00e1 Alimentos CONTRATA profissionais no seu ramo!","author":"noticiasribeiraopreto.com.br","date":"31 de December de 2023","format":false,"excerpt":"A Quat\u00e1 Alimentos, empresa que \u00e9\u00a0uma das maiores ind\u00fastrias de latic\u00ednios no pa\u00eds, est\u00e1 contratando profissionais no mercado de trabalho. Quer dizer, antes mesmo de falar mais sobre a companhia,, confira quais s\u00e3o as vagas da empresa atua para levar os melhores produtos de base l\u00e1ctea \u00e0 mesa das fam\u00edlias:\u2026","rel":"","context":"In &quot;Vagas de Emprego em Ribeir\u00e3o Preto-SP&quot;","block_context":{"text":"Vagas de Emprego em Ribeir\u00e3o Preto-SP","link":"https:\/\/noticiasribeiraopreto.com.br\/index.php\/category\/empregos-classificados-vagas-trabalho\/vagas-de-empregos-em-ribeirao-preto-regiao-brasil\/"},"img":{"alt_text":"","src":"https:\/\/i0.wp.com\/noticiasribeiraopreto.com.br\/wp-content\/uploads\/2023\/12\/noticiasconcursos.com_.br-quer-trabalhar-na-quata-alimentos-conheca-os-cargos-quata.jpg?fit=800%2C490&ssl=1&resize=350%2C200","width":350,"height":200,"srcset":"https:\/\/i0.wp.com\/noticiasribeiraopreto.com.br\/wp-content\/uploads\/2023\/12\/noticiasconcursos.com_.br-quer-trabalhar-na-quata-alimentos-conheca-os-cargos-quata.jpg?fit=800%2C490&ssl=1&resize=350%2C200 1x, https:\/\/i0.wp.com\/noticiasribeiraopreto.com.br\/wp-content\/uploads\/2023\/12\/noticiasconcursos.com_.br-quer-trabalhar-na-quata-alimentos-conheca-os-cargos-quata.jpg?fit=800%2C490&ssl=1&resize=525%2C300 1.5x, https:\/\/i0.wp.com\/noticiasribeiraopreto.com.br\/wp-content\/uploads\/2023\/12\/noticiasconcursos.com_.br-quer-trabalhar-na-quata-alimentos-conheca-os-cargos-quata.jpg?fit=800%2C490&ssl=1&resize=700%2C400 2x"},"classes":[]},{"id":13559,"url":"https:\/\/noticiasribeiraopreto.com.br\/index.php\/2023\/12\/10\/ale-combustiveis-oferece-empregos-em-quatro-regioes\/","url_meta":{"origin":20206,"position":3},"title":"ALE Combust\u00edveis OFERECE EMPREGOS em QUATRO REGI\u00d5ES","author":"noticiasribeiraopreto.com.br","date":"10 de December de 2023","format":false,"excerpt":"A ALE Combust\u00edveis, empresa que faz faz parte da Glencore, multinacional anglo-su\u00ed\u00e7a de commodities, que atua em 4 neg\u00f3cios (minera\u00e7\u00e3o, energia, agricultura e trading), est\u00e1 contratando novos colaboradores para preencher o seu quadro. Dessa forma, confira abaixo quais s\u00e3o as vagas abertas: Analista de Estrat\u00e9gia JR \u2013 S\u00e3o Paulo \u2013\u2026","rel":"","context":"In &quot;Vagas de Emprego em Ribeir\u00e3o Preto-SP&quot;","block_context":{"text":"Vagas de Emprego em Ribeir\u00e3o Preto-SP","link":"https:\/\/noticiasribeiraopreto.com.br\/index.php\/category\/empregos-classificados-vagas-trabalho\/vagas-de-empregos-em-ribeirao-preto-regiao-brasil\/"},"img":{"alt_text":"","src":"https:\/\/i0.wp.com\/noticiasribeiraopreto.com.br\/wp-content\/uploads\/2023\/12\/noticiasconcursos.com_.br-ale-combustiveis-abre-vagas-em-mg-sp-go-pi-e-rn-285205345-10158939432393565-7992631153653039367-n-e1682349136875.jpg?fit=1200%2C831&ssl=1&resize=350%2C200","width":350,"height":200,"srcset":"https:\/\/i0.wp.com\/noticiasribeiraopreto.com.br\/wp-content\/uploads\/2023\/12\/noticiasconcursos.com_.br-ale-combustiveis-abre-vagas-em-mg-sp-go-pi-e-rn-285205345-10158939432393565-7992631153653039367-n-e1682349136875.jpg?fit=1200%2C831&ssl=1&resize=350%2C200 1x, https:\/\/i0.wp.com\/noticiasribeiraopreto.com.br\/wp-content\/uploads\/2023\/12\/noticiasconcursos.com_.br-ale-combustiveis-abre-vagas-em-mg-sp-go-pi-e-rn-285205345-10158939432393565-7992631153653039367-n-e1682349136875.jpg?fit=1200%2C831&ssl=1&resize=525%2C300 1.5x, https:\/\/i0.wp.com\/noticiasribeiraopreto.com.br\/wp-content\/uploads\/2023\/12\/noticiasconcursos.com_.br-ale-combustiveis-abre-vagas-em-mg-sp-go-pi-e-rn-285205345-10158939432393565-7992631153653039367-n-e1682349136875.jpg?fit=1200%2C831&ssl=1&resize=700%2C400 2x, https:\/\/i0.wp.com\/noticiasribeiraopreto.com.br\/wp-content\/uploads\/2023\/12\/noticiasconcursos.com_.br-ale-combustiveis-abre-vagas-em-mg-sp-go-pi-e-rn-285205345-10158939432393565-7992631153653039367-n-e1682349136875.jpg?fit=1200%2C831&ssl=1&resize=1050%2C600 3x"},"classes":[]},{"id":20080,"url":"https:\/\/noticiasribeiraopreto.com.br\/index.php\/2023\/12\/24\/housi-abre-vagas-hibridas-no-sudeste-do-brasil\/","url_meta":{"origin":20206,"position":4},"title":"Housi ABRE VAGAS h\u00edbridas no Sudeste do Brasil","author":"noticiasribeiraopreto.com.br","date":"24 de December de 2023","format":false,"excerpt":"A Housi, startup que iniciou sua trajet\u00f3ria em 2019 com o conceito de moradia sob demanda para quem deseja um aluguel flex\u00edvel, online e sem burocracia, est\u00e1 com \u00f3timos cargos dispon\u00edveis no presente momento. Desse modo, antes mesmo de falar mais sobre a empresa, verifique quais s\u00e3o as possibilidades abertas:\u2026","rel":"","context":"In &quot;Vagas de Emprego em Ribeir\u00e3o Preto-SP&quot;","block_context":{"text":"Vagas de Emprego em Ribeir\u00e3o Preto-SP","link":"https:\/\/noticiasribeiraopreto.com.br\/index.php\/category\/empregos-classificados-vagas-trabalho\/vagas-de-empregos-em-ribeirao-preto-regiao-brasil\/"},"img":{"alt_text":"","src":"https:\/\/i0.wp.com\/noticiasribeiraopreto.com.br\/wp-content\/uploads\/2023\/12\/noticiasconcursos.com_.br-sa292-bastidores03.jpeg?fit=1200%2C799&ssl=1&resize=350%2C200","width":350,"height":200,"srcset":"https:\/\/i0.wp.com\/noticiasribeiraopreto.com.br\/wp-content\/uploads\/2023\/12\/noticiasconcursos.com_.br-sa292-bastidores03.jpeg?fit=1200%2C799&ssl=1&resize=350%2C200 1x, https:\/\/i0.wp.com\/noticiasribeiraopreto.com.br\/wp-content\/uploads\/2023\/12\/noticiasconcursos.com_.br-sa292-bastidores03.jpeg?fit=1200%2C799&ssl=1&resize=525%2C300 1.5x, https:\/\/i0.wp.com\/noticiasribeiraopreto.com.br\/wp-content\/uploads\/2023\/12\/noticiasconcursos.com_.br-sa292-bastidores03.jpeg?fit=1200%2C799&ssl=1&resize=700%2C400 2x, https:\/\/i0.wp.com\/noticiasribeiraopreto.com.br\/wp-content\/uploads\/2023\/12\/noticiasconcursos.com_.br-sa292-bastidores03.jpeg?fit=1200%2C799&ssl=1&resize=1050%2C600 3x"},"classes":[]},{"id":22917,"url":"https:\/\/noticiasribeiraopreto.com.br\/index.php\/2023\/12\/31\/wickbold-segue-contratando-veja-cargos-e-locais\/","url_meta":{"origin":20206,"position":5},"title":"Wickbold SEGUE CONTRATANDO; Veja cargos e locais!","author":"noticiasribeiraopreto.com.br","date":"31 de December de 2023","format":false,"excerpt":"A Wickbold, empresa que \u00e9 uma famosa marca pioneira e inovadora na cria\u00e7\u00e3o de linhas diferenciadas de p\u00e3es especiais e com gr\u00e3os, est\u00e1 recrutando novos profissionais para sua equipe. Isto \u00e9, antes mesmo de ler mais sobre a empresa, conhe\u00e7a a lista de op\u00e7\u00f5es dispon\u00edveis: Analista Cont\u00e1bil Jr. | Vaga\u2026","rel":"","context":"In &quot;Vagas de Emprego em Ribeir\u00e3o Preto-SP&quot;","block_context":{"text":"Vagas de Emprego em Ribeir\u00e3o Preto-SP","link":"https:\/\/noticiasribeiraopreto.com.br\/index.php\/category\/empregos-classificados-vagas-trabalho\/vagas-de-empregos-em-ribeirao-preto-regiao-brasil\/"},"img":{"alt_text":"","src":"https:\/\/i0.wp.com\/noticiasribeiraopreto.com.br\/wp-content\/uploads\/2023\/12\/noticiasconcursos.com_.br-wickbold-volta-a-contratar-por-todo-o-pais-340830580-773587967461553-7189986353265732539-n-e1690541753877.jpg?fit=1080%2C853&ssl=1&resize=350%2C200","width":350,"height":200,"srcset":"https:\/\/i0.wp.com\/noticiasribeiraopreto.com.br\/wp-content\/uploads\/2023\/12\/noticiasconcursos.com_.br-wickbold-volta-a-contratar-por-todo-o-pais-340830580-773587967461553-7189986353265732539-n-e1690541753877.jpg?fit=1080%2C853&ssl=1&resize=350%2C200 1x, https:\/\/i0.wp.com\/noticiasribeiraopreto.com.br\/wp-content\/uploads\/2023\/12\/noticiasconcursos.com_.br-wickbold-volta-a-contratar-por-todo-o-pais-340830580-773587967461553-7189986353265732539-n-e1690541753877.jpg?fit=1080%2C853&ssl=1&resize=525%2C300 1.5x, https:\/\/i0.wp.com\/noticiasribeiraopreto.com.br\/wp-content\/uploads\/2023\/12\/noticiasconcursos.com_.br-wickbold-volta-a-contratar-por-todo-o-pais-340830580-773587967461553-7189986353265732539-n-e1690541753877.jpg?fit=1080%2C853&ssl=1&resize=700%2C400 2x, https:\/\/i0.wp.com\/noticiasribeiraopreto.com.br\/wp-content\/uploads\/2023\/12\/noticiasconcursos.com_.br-wickbold-volta-a-contratar-por-todo-o-pais-340830580-773587967461553-7189986353265732539-n-e1690541753877.jpg?fit=1080%2C853&ssl=1&resize=1050%2C600 3x"},"classes":[]}],"jetpack_sharing_enabled":true,"jetpack_shortlink":"https:\/\/wp.me\/peQAOb-5fU","_links":{"self":[{"href":"https:\/\/noticiasribeiraopreto.com.br\/index.php\/wp-json\/wp\/v2\/posts\/20206","targetHints":{"allow":["GET"]}}],"collection":[{"href":"https:\/\/noticiasribeiraopreto.com.br\/index.php\/wp-json\/wp\/v2\/posts"}],"about":[{"href":"https:\/\/noticiasribeiraopreto.com.br\/index.php\/wp-json\/wp\/v2\/types\/post"}],"author":[{"embeddable":true,"href":"https:\/\/noticiasribeiraopreto.com.br\/index.php\/wp-json\/wp\/v2\/users\/1"}],"replies":[{"embeddable":true,"href":"https:\/\/noticiasribeiraopreto.com.br\/index.php\/wp-json\/wp\/v2\/comments?post=20206"}],"version-history":[{"count":0,"href":"https:\/\/noticiasribeiraopreto.com.br\/index.php\/wp-json\/wp\/v2\/posts\/20206\/revisions"}],"wp:featuredmedia":[{"embeddable":true,"href":"https:\/\/noticiasribeiraopreto.com.br\/index.php\/wp-json\/wp\/v2\/media\/20207"}],"wp:attachment":[{"href":"https:\/\/noticiasribeiraopreto.com.br\/index.php\/wp-json\/wp\/v2\/media?parent=20206"}],"wp:term":[{"taxonomy":"category","embeddable":true,"href":"https:\/\/noticiasribeiraopreto.com.br\/index.php\/wp-json\/wp\/v2\/categories?post=20206"},{"taxonomy":"post_tag","embeddable":true,"href":"https:\/\/noticiasribeiraopreto.com.br\/index.php\/wp-json\/wp\/v2\/tags?post=20206"}],"curies":[{"name":"wp","href":"https:\/\/api.w.org\/{rel}","templated":true}]}}