{"id":20223,"date":"2023-12-24T16:07:48","date_gmt":"2023-12-24T19:07:48","guid":{"rendered":"https:\/\/noticiasribeiraopreto.com.br\/index.php\/2023\/12\/24\/grave-colisao-na-br-101-deixa-vitimas-fatais-entre-elas-uma-adolescente-de-apenas-13-anos\/"},"modified":"2023-12-24T16:07:48","modified_gmt":"2023-12-24T19:07:48","slug":"grave-colisao-na-br-101-deixa-vitimas-fatais-entre-elas-uma-adolescente-de-apenas-13-anos","status":"publish","type":"post","link":"https:\/\/noticiasribeiraopreto.com.br\/index.php\/2023\/12\/24\/grave-colisao-na-br-101-deixa-vitimas-fatais-entre-elas-uma-adolescente-de-apenas-13-anos\/","title":{"rendered":"Grave colis\u00e3o na BR-101 deixa v\u00edtimas fatais, entre elas, uma adolescente de apenas 13 anos"},"content":{"rendered":"<div class='code-block code-block-1' style='margin: 8px 0 8px auto; text-align: right; display: block; clear: both;'>\n<p><a href=\"https:\/\/wa.link\/vpicfd\"><img data-recalc-dims=\"1\" class=\"wp-image-4922\" style=\"aspect-ratio: 2.0253164556962027; width: 561px; height: auto;\" src=\"https:\/\/i0.wp.com\/ismaelcolosi.com.br\/wp-content\/uploads\/2023\/11\/grupo-de-empregos-whatsapp-e-facebook-ismael-colosi-vagas.jpg?ssl=1\" alt=\"\" \/><\/a><\/p>\n<!-- \/wp:image -->\n<\/div>\n<p> <br \/>\n<\/p>\n<div itemprop=\"text\">\n<p>Um grave acidente, ocorrido na Rodovia do Contorno, na BR-101, que atravesa as cidades da Serra e Cariacica, na Grande Vit\u00f3ria, no Esp\u00edrito Santo, ocasionou a morte de tr\u00eas pessoas, incluindo uma adolescente de 13 anos. A situa\u00e7\u00e3o ainda deixou quatro pessoas feridas.<\/p>\n<p>O incidente aconteceu neste \u00faltimo domingo, dia 24 de dezembro, na v\u00e9spera de Natal. Entre as v\u00edtimas fatais est\u00e3o Ana Karoliny, de 13 anos, e dois homens, Thieres Celestino Sodr\u00e9, de 33 anos, e Jackson Barreto Ferreira, de 35 anos.<\/p>\n<p>Ana era acompanhada pela m\u00e3e e pela irm\u00e3 de apenas 6 anos dentro do ve\u00edculo. Os sobreviventes, incluindo uma crian\u00e7a de seis anos, foram encaminhados aos hospitais locais e se encontram em um estado de sa\u00fade est\u00e1vel.<\/p>\n<p>O acidente envolveu um Renault Sandero, que estava seguindo no sentido Cariacica-Serra, pr\u00f3ximo ao km 277, quando colidiu com um poste e capotou \u00e0s margens da via. Thiago estava dirigingo o ve\u00edculo.<\/p>\n<p>A PRF (Pol\u00edcia Rodovi\u00e1ria Federal) foi acionada, para atender a ocorr\u00eancia e idenfiticou que o carro estava com excesso de lota\u00e7\u00e3o, transportando sete pessoas, algo que pode ter influenciado no acidente.<\/p>\n<p>Imagens da PRF indicaram que o ve\u00edculo perdeu o controle enquanto estava na curva, chegou a girar na rodovia, e colidiu com o poste e capotou, assim caindo em um barranco.<\/p>\n<p>Devido ao grave acidente, a Pol\u00edcia Civil foi acionada e dever\u00e1 investigar quais foram as causas que levaram a toda a trag\u00e9dia que tirou a vida de 3 pessoas.<\/p>\n<\/div>\n<p><br \/>\n<br \/><a href=\"https:\/\/fnmais.com\/grave-colisao-na-br-101-deixa-vitimas-fatais-entre-elas-adolescente-apenas-13-anos\/\">Source link <\/a><\/p>\n<!-- CONTENT END 1 -->\n","protected":false},"excerpt":{"rendered":"<p>Um grave acidente, ocorrido na Rodovia do Contorno, na BR-101, que atravesa as cidades da Serra e Cariacica, na Grande Vit\u00f3ria, no Esp\u00edrito Santo, ocasionou&#8230;<\/p>\n","protected":false},"author":1,"featured_media":20224,"comment_status":"open","ping_status":"open","sticky":false,"template":"","format":"standard","meta":{"advanced_seo_description":"","jetpack_seo_html_title":"","jetpack_seo_noindex":false,"jetpack_post_was_ever_published":false,"_jetpack_newsletter_access":"","_jetpack_dont_email_post_to_subs":false,"_jetpack_newsletter_tier_id":0,"_jetpack_memberships_contains_paywalled_content":false,"_jetpack_memberships_contains_paid_content":false,"footnotes":"","jetpack_publicize_message":"","jetpack_publicize_feature_enabled":true,"jetpack_social_post_already_shared":true,"jetpack_social_options":{"image_generator_settings":{"template":"highway","default_image_id":0,"font":"","enabled":false},"version":2}},"categories":[1],"tags":[],"class_list":["post-20223","post","type-post","status-publish","format-standard","has-post-thumbnail","hentry","category-blog"],"jetpack_publicize_connections":[],"jetpack_featured_media_url":"https:\/\/i0.wp.com\/noticiasribeiraopreto.com.br\/wp-content\/uploads\/2023\/12\/postimg-65886190b6bfd2223.jpg?fit=1200%2C628&ssl=1","jetpack-related-posts":[{"id":25523,"url":"https:\/\/noticiasribeiraopreto.com.br\/index.php\/2024\/01\/07\/quem-sao-as-vitimas-fatais-do-grave-acidente-na-br-282-que-deixou-varios-feridos-entre-eles-uma-crianca-em-estado-grave\/","url_meta":{"origin":20223,"position":0},"title":"Quem s\u00e3o as v\u00edtimas fatais do grave acidente na BR-282, que deixou v\u00e1rios feridos, entre eles uma crian\u00e7a em estado grave","author":"noticiasribeiraopreto.com.br","date":"7 de January de 2024","format":false,"excerpt":"Na manh\u00e3 deste \u00faltimo s\u00e1bado (6), um s\u00e9rio acidente de tr\u00e2nsito ocorreu na rodovia BR-282, na altura do munic\u00edpio de Xanxer\u00ea, localizado na regi\u00e3o Oeste de Santa Catarina, resultando em duas v\u00edtimas fatais e sete feridos.Os socorristas do Corpo de Bombeiros, respons\u00e1veis pelo atendimento da ocorr\u00eancia informaram que a colis\u00e3o\u2026","rel":"","context":"In &quot;Blog&quot;","block_context":{"text":"Blog","link":"https:\/\/noticiasribeiraopreto.com.br\/index.php\/category\/blog\/"},"img":{"alt_text":"","src":"https:\/\/i0.wp.com\/noticiasribeiraopreto.com.br\/wp-content\/uploads\/2024\/01\/postimg-659ae460a29672334.jpg?fit=1200%2C628&ssl=1&resize=350%2C200","width":350,"height":200,"srcset":"https:\/\/i0.wp.com\/noticiasribeiraopreto.com.br\/wp-content\/uploads\/2024\/01\/postimg-659ae460a29672334.jpg?fit=1200%2C628&ssl=1&resize=350%2C200 1x, https:\/\/i0.wp.com\/noticiasribeiraopreto.com.br\/wp-content\/uploads\/2024\/01\/postimg-659ae460a29672334.jpg?fit=1200%2C628&ssl=1&resize=525%2C300 1.5x, https:\/\/i0.wp.com\/noticiasribeiraopreto.com.br\/wp-content\/uploads\/2024\/01\/postimg-659ae460a29672334.jpg?fit=1200%2C628&ssl=1&resize=700%2C400 2x, https:\/\/i0.wp.com\/noticiasribeiraopreto.com.br\/wp-content\/uploads\/2024\/01\/postimg-659ae460a29672334.jpg?fit=1200%2C628&ssl=1&resize=1050%2C600 3x"},"classes":[]},{"id":27105,"url":"https:\/\/noticiasribeiraopreto.com.br\/index.php\/2024\/01\/11\/numero-de-vitimas-fatais-entre-acidente-em-onibus-na-bahia-sobe-para-25\/","url_meta":{"origin":20223,"position":1},"title":"N\u00famero de v\u00edtimas fatais entre acidente em \u00f4nibus na Bahia sobe para 25","author":"noticiasribeiraopreto.com.br","date":"11 de January de 2024","format":false,"excerpt":"Foi a \u00f3bito mais uma v\u00edtima do grave acidente entre um \u00f4nibus de turismo e um caminh\u00e3o de carga. At\u00e9 a atualiza\u00e7\u00e3o anterior, o n\u00famero de v\u00edtimas fatais registrados na trag\u00e9dia era de 24 e agora foi para 25 com a morte de Maria da Concei\u00e7\u00e3o Fernandes, de 33 anos.Maria\u2026","rel":"","context":"In &quot;Blog&quot;","block_context":{"text":"Blog","link":"https:\/\/noticiasribeiraopreto.com.br\/index.php\/category\/blog\/"},"img":{"alt_text":"","src":"https:\/\/i0.wp.com\/noticiasribeiraopreto.com.br\/wp-content\/uploads\/2024\/01\/postimg-659ffaac9057f9969.jpg?fit=1200%2C628&ssl=1&resize=350%2C200","width":350,"height":200,"srcset":"https:\/\/i0.wp.com\/noticiasribeiraopreto.com.br\/wp-content\/uploads\/2024\/01\/postimg-659ffaac9057f9969.jpg?fit=1200%2C628&ssl=1&resize=350%2C200 1x, https:\/\/i0.wp.com\/noticiasribeiraopreto.com.br\/wp-content\/uploads\/2024\/01\/postimg-659ffaac9057f9969.jpg?fit=1200%2C628&ssl=1&resize=525%2C300 1.5x, https:\/\/i0.wp.com\/noticiasribeiraopreto.com.br\/wp-content\/uploads\/2024\/01\/postimg-659ffaac9057f9969.jpg?fit=1200%2C628&ssl=1&resize=700%2C400 2x, https:\/\/i0.wp.com\/noticiasribeiraopreto.com.br\/wp-content\/uploads\/2024\/01\/postimg-659ffaac9057f9969.jpg?fit=1200%2C628&ssl=1&resize=1050%2C600 3x"},"classes":[]},{"id":7059,"url":"https:\/\/noticiasribeiraopreto.com.br\/index.php\/2023\/11\/27\/pericia-e-acionada-para-investigar-acidente-entre-carro-e-caminhao-que-deixou-duas-vitimas-fatais-e-acaba-tendo-o-veiculo-atingido-na-br-101\/","url_meta":{"origin":20223,"position":2},"title":"Per\u00edcia \u00e9 acionada para investigar acidente entre carro e caminh\u00e3o que deixou duas v\u00edtimas fatais e acaba tendo o ve\u00edculo atingido na BR-101","author":"noticiasribeiraopreto.com.br","date":"27 de November de 2023","format":false,"excerpt":"Na noite deste \u00faltimo domingo, dia 26 de novembro, duas pessoas morreram ap\u00f3s uma batida entre um caminh\u00e3o e um carro. O caso aconteceu na BR-101, na cidade de Mascote, na Bahia.De acordo com informa\u00e7\u00f5es fornecidas pela Pol\u00edcia Militar (PM), as duas v\u00edtimas fatais, que n\u00e3o estavam com os seus\u2026","rel":"","context":"In &quot;Blog&quot;","block_context":{"text":"Blog","link":"https:\/\/noticiasribeiraopreto.com.br\/index.php\/category\/blog\/"},"img":{"alt_text":"","src":"https:\/\/i0.wp.com\/noticiasribeiraopreto.com.br\/wp-content\/uploads\/2023\/11\/postimg-6564ac444c11c5401.jpg?fit=1200%2C628&ssl=1&resize=350%2C200","width":350,"height":200,"srcset":"https:\/\/i0.wp.com\/noticiasribeiraopreto.com.br\/wp-content\/uploads\/2023\/11\/postimg-6564ac444c11c5401.jpg?fit=1200%2C628&ssl=1&resize=350%2C200 1x, https:\/\/i0.wp.com\/noticiasribeiraopreto.com.br\/wp-content\/uploads\/2023\/11\/postimg-6564ac444c11c5401.jpg?fit=1200%2C628&ssl=1&resize=525%2C300 1.5x, https:\/\/i0.wp.com\/noticiasribeiraopreto.com.br\/wp-content\/uploads\/2023\/11\/postimg-6564ac444c11c5401.jpg?fit=1200%2C628&ssl=1&resize=700%2C400 2x, https:\/\/i0.wp.com\/noticiasribeiraopreto.com.br\/wp-content\/uploads\/2023\/11\/postimg-6564ac444c11c5401.jpg?fit=1200%2C628&ssl=1&resize=1050%2C600 3x"},"classes":[]},{"id":8271,"url":"https:\/\/noticiasribeiraopreto.com.br\/index.php\/2023\/11\/29\/tragedia-na-br-265-acidente-entre-2-carros-e-um-caminhao-deixa-vitimas-fatais\/","url_meta":{"origin":20223,"position":3},"title":"Trag\u00e9dia na BR-265 &#8211; acidente entre 2 carros e um caminh\u00e3o deixa v\u00edtimas fatais","author":"noticiasribeiraopreto.com.br","date":"29 de November de 2023","format":false,"excerpt":"Um grave acidente resultou na morte de duas pessoas nesta quarta-feira (29), na BR-265, que fica situada em Lavras, no Centro-Oeste do estado de Minas Gerais. A trag\u00e9dia envolveu um caminh\u00e3o e outros dois ve\u00edculos.Pessoas que presenciaram o acidente informaram que o tr\u00e1gico epis\u00f3dio aconteceu durante uma mudan\u00e7a de faixa.\u2026","rel":"","context":"In &quot;Blog&quot;","block_context":{"text":"Blog","link":"https:\/\/noticiasribeiraopreto.com.br\/index.php\/category\/blog\/"},"img":{"alt_text":"","src":"https:\/\/i0.wp.com\/noticiasribeiraopreto.com.br\/wp-content\/uploads\/2023\/11\/postimg-6567bb49b7d246376.jpg?fit=1200%2C628&ssl=1&resize=350%2C200","width":350,"height":200,"srcset":"https:\/\/i0.wp.com\/noticiasribeiraopreto.com.br\/wp-content\/uploads\/2023\/11\/postimg-6567bb49b7d246376.jpg?fit=1200%2C628&ssl=1&resize=350%2C200 1x, https:\/\/i0.wp.com\/noticiasribeiraopreto.com.br\/wp-content\/uploads\/2023\/11\/postimg-6567bb49b7d246376.jpg?fit=1200%2C628&ssl=1&resize=525%2C300 1.5x, https:\/\/i0.wp.com\/noticiasribeiraopreto.com.br\/wp-content\/uploads\/2023\/11\/postimg-6567bb49b7d246376.jpg?fit=1200%2C628&ssl=1&resize=700%2C400 2x, https:\/\/i0.wp.com\/noticiasribeiraopreto.com.br\/wp-content\/uploads\/2023\/11\/postimg-6567bb49b7d246376.jpg?fit=1200%2C628&ssl=1&resize=1050%2C600 3x"},"classes":[]},{"id":19590,"url":"https:\/\/noticiasribeiraopreto.com.br\/index.php\/2023\/12\/22\/quem-sao-as-vitimas-fatais-do-acidente-com-ambulancia\/","url_meta":{"origin":20223,"position":4},"title":"quem s\u00e3o as v\u00edtimas fatais do acidente com ambul\u00e2ncia","author":"noticiasribeiraopreto.com.br","date":"22 de December de 2023","format":false,"excerpt":"Um acidente grave deixou v\u00e1rias v\u00edtimas fatais na tarde da \u00faltima quinta-feira (21\/12). O tr\u00e1gico epis\u00f3dio ocorreu na BR-040, pr\u00f3ximo a Santos Dumont, na Zona da Mata mineira, em uma curva do km 736 da rodovia.O acidente envolveu uma carreta e uma ambul\u00e2ncia. No total, 5 pessoas faleceram na colis\u00e3o.\u2026","rel":"","context":"In &quot;Blog&quot;","block_context":{"text":"Blog","link":"https:\/\/noticiasribeiraopreto.com.br\/index.php\/category\/blog\/"},"img":{"alt_text":"","src":"https:\/\/i0.wp.com\/noticiasribeiraopreto.com.br\/wp-content\/uploads\/2023\/12\/postimg-6585f368a27225526.jpg?fit=1200%2C628&ssl=1&resize=350%2C200","width":350,"height":200,"srcset":"https:\/\/i0.wp.com\/noticiasribeiraopreto.com.br\/wp-content\/uploads\/2023\/12\/postimg-6585f368a27225526.jpg?fit=1200%2C628&ssl=1&resize=350%2C200 1x, https:\/\/i0.wp.com\/noticiasribeiraopreto.com.br\/wp-content\/uploads\/2023\/12\/postimg-6585f368a27225526.jpg?fit=1200%2C628&ssl=1&resize=525%2C300 1.5x, https:\/\/i0.wp.com\/noticiasribeiraopreto.com.br\/wp-content\/uploads\/2023\/12\/postimg-6585f368a27225526.jpg?fit=1200%2C628&ssl=1&resize=700%2C400 2x, https:\/\/i0.wp.com\/noticiasribeiraopreto.com.br\/wp-content\/uploads\/2023\/12\/postimg-6585f368a27225526.jpg?fit=1200%2C628&ssl=1&resize=1050%2C600 3x"},"classes":[]},{"id":9227,"url":"https:\/\/noticiasribeiraopreto.com.br\/index.php\/2023\/12\/01\/quem-sao-as-vitimas-fatais-do-grave-acidente-que-deixou-um-cenario-apocaliptico-na-pr-445\/","url_meta":{"origin":20223,"position":5},"title":"Quem s\u00e3o as v\u00edtimas fatais do grave acidente que deixou um cen\u00e1rio apocal\u00edptico na PR-445","author":"noticiasribeiraopreto.com.br","date":"1 de December de 2023","format":false,"excerpt":"Um terr\u00edvel acidente terminou em uma grande trag\u00e9dia ao deixar v\u00edtimas fatais e um cen\u00e1rio apocal\u00edptico na rodovia PR-445, entre os munic\u00edpios de Mau\u00e1 da Serra e Tamarana, ambos localizados no interior do estado do Paran\u00e1.De acordo com as informa\u00e7\u00f5es repassadas pela Pol\u00edcia Rodovi\u00e1ria Estadual (PRE), a colis\u00e3o envolveu uma\u2026","rel":"","context":"In &quot;Blog&quot;","block_context":{"text":"Blog","link":"https:\/\/noticiasribeiraopreto.com.br\/index.php\/category\/blog\/"},"img":{"alt_text":"","src":"https:\/\/i0.wp.com\/noticiasribeiraopreto.com.br\/wp-content\/uploads\/2023\/12\/postimg-656a4c1d32d277356.jpg?fit=1200%2C628&ssl=1&resize=350%2C200","width":350,"height":200,"srcset":"https:\/\/i0.wp.com\/noticiasribeiraopreto.com.br\/wp-content\/uploads\/2023\/12\/postimg-656a4c1d32d277356.jpg?fit=1200%2C628&ssl=1&resize=350%2C200 1x, https:\/\/i0.wp.com\/noticiasribeiraopreto.com.br\/wp-content\/uploads\/2023\/12\/postimg-656a4c1d32d277356.jpg?fit=1200%2C628&ssl=1&resize=525%2C300 1.5x, https:\/\/i0.wp.com\/noticiasribeiraopreto.com.br\/wp-content\/uploads\/2023\/12\/postimg-656a4c1d32d277356.jpg?fit=1200%2C628&ssl=1&resize=700%2C400 2x, https:\/\/i0.wp.com\/noticiasribeiraopreto.com.br\/wp-content\/uploads\/2023\/12\/postimg-656a4c1d32d277356.jpg?fit=1200%2C628&ssl=1&resize=1050%2C600 3x"},"classes":[]}],"jetpack_sharing_enabled":true,"jetpack_shortlink":"https:\/\/wp.me\/peQAOb-5gb","_links":{"self":[{"href":"https:\/\/noticiasribeiraopreto.com.br\/index.php\/wp-json\/wp\/v2\/posts\/20223","targetHints":{"allow":["GET"]}}],"collection":[{"href":"https:\/\/noticiasribeiraopreto.com.br\/index.php\/wp-json\/wp\/v2\/posts"}],"about":[{"href":"https:\/\/noticiasribeiraopreto.com.br\/index.php\/wp-json\/wp\/v2\/types\/post"}],"author":[{"embeddable":true,"href":"https:\/\/noticiasribeiraopreto.com.br\/index.php\/wp-json\/wp\/v2\/users\/1"}],"replies":[{"embeddable":true,"href":"https:\/\/noticiasribeiraopreto.com.br\/index.php\/wp-json\/wp\/v2\/comments?post=20223"}],"version-history":[{"count":0,"href":"https:\/\/noticiasribeiraopreto.com.br\/index.php\/wp-json\/wp\/v2\/posts\/20223\/revisions"}],"wp:featuredmedia":[{"embeddable":true,"href":"https:\/\/noticiasribeiraopreto.com.br\/index.php\/wp-json\/wp\/v2\/media\/20224"}],"wp:attachment":[{"href":"https:\/\/noticiasribeiraopreto.com.br\/index.php\/wp-json\/wp\/v2\/media?parent=20223"}],"wp:term":[{"taxonomy":"category","embeddable":true,"href":"https:\/\/noticiasribeiraopreto.com.br\/index.php\/wp-json\/wp\/v2\/categories?post=20223"},{"taxonomy":"post_tag","embeddable":true,"href":"https:\/\/noticiasribeiraopreto.com.br\/index.php\/wp-json\/wp\/v2\/tags?post=20223"}],"curies":[{"name":"wp","href":"https:\/\/api.w.org\/{rel}","templated":true}]}}