{"id":20225,"date":"2023-12-24T16:10:21","date_gmt":"2023-12-24T19:10:21","guid":{"rendered":"https:\/\/noticiasribeiraopreto.com.br\/index.php\/2023\/12\/24\/grupo-lagoa-oferece-vagas-de-emprego-em-diversas-areas-oportunidade-de-comecar-o-ano-novo-com-carteira-assinada\/"},"modified":"2023-12-24T16:10:21","modified_gmt":"2023-12-24T19:10:21","slug":"grupo-lagoa-oferece-vagas-de-emprego-em-diversas-areas-oportunidade-de-comecar-o-ano-novo-com-carteira-assinada","status":"publish","type":"post","link":"https:\/\/noticiasribeiraopreto.com.br\/index.php\/2023\/12\/24\/grupo-lagoa-oferece-vagas-de-emprego-em-diversas-areas-oportunidade-de-comecar-o-ano-novo-com-carteira-assinada\/","title":{"rendered":"Grupo Lagoa oferece vagas de emprego em diversas \u00e1reas, oportunidade de come\u00e7ar o ano novo com carteira assinada"},"content":{"rendered":"<div class='code-block code-block-1' style='margin: 8px 0 8px auto; text-align: right; display: block; clear: both;'>\n<p><a href=\"https:\/\/wa.link\/vpicfd\"><img data-recalc-dims=\"1\" class=\"wp-image-4922\" style=\"aspect-ratio: 2.0253164556962027; width: 561px; height: auto;\" src=\"https:\/\/i0.wp.com\/ismaelcolosi.com.br\/wp-content\/uploads\/2023\/11\/grupo-de-empregos-whatsapp-e-facebook-ismael-colosi-vagas.jpg?ssl=1\" alt=\"\" \/><\/a><\/p>\n<!-- \/wp:image -->\n<\/div>\n<p> <br \/>\n<\/p>\n<div> <head><noscript\/><meta name=\"viewport\" content=\"width=0\"\/> <meta charset=\"UTF-8\"\/>  <link rel=\"profile\" href=\"http:\/\/gmpg.org\/xfn\/11\"\/>  <meta name=\"robots\" content=\"index, follow, max-image-preview:large, max-snippet:-1, max-video-preview:-1\"\/>  <title>Grupo Lagoa oferece vagas de emprego em diversas \u00e1reas, oportunidade de come\u00e7ar o ano novo com carteira assinada &#8211; Ismael Colosi<\/title> <link rel=\"canonical\" href=\"https:\/\/ismaelcolosi.com.br\/grupo-lagoa-oferece-vagas-de-emprego-em-diversas-areas-oportunidade-de-comecar-o-ano-novo-com-carteira-assinada\/\"\/> <meta property=\"og:locale\" content=\"pt_BR\"\/> <meta property=\"og:type\" content=\"article\"\/> <meta property=\"og:title\" content=\"Grupo Lagoa oferece vagas de emprego em diversas \u00e1reas, oportunidade de come\u00e7ar o ano novo com carteira assinada - Ismael Colosi\"\/> <meta property=\"og:description\" content=\"Foto: Divulga\u00e7\u00e3o\/Grupo Lagoa O Grupo Lagoa, que come\u00e7ou sua jornada em 1991 em Fortaleza e hoje conta com 16 lojas,\"\/> <meta property=\"og:url\" content=\"https:\/\/ismaelcolosi.com.br\/grupo-lagoa-oferece-vagas-de-emprego-em-diversas-areas-oportunidade-de-comecar-o-ano-novo-com-carteira-assinada\/\"\/> <meta property=\"og:site_name\" content=\"Ismael Colosi\"\/> <meta property=\"article:published_time\" content=\"2023-12-24T18:04:12+00:00\"\/> <meta property=\"og:image\" content=\"https:\/\/clickpetroleoegas.com.br\/wp-content\/uploads\/2023\/12\/Grupo-Lagoa-oferece-oportunidades-de-emprego-em-diversas-areas-comece-o-ano-novo-com-carteira-assinada-830x450.jpg\"\/> <meta name=\"author\" content=\"administrador\"\/> <meta name=\"twitter:card\" content=\"summary_large_image\"\/> <meta name=\"twitter:label1\" content=\"Escrito por\"\/> <meta name=\"twitter:data1\" content=\"administrador\"\/> <meta name=\"twitter:label2\" content=\"Est. tempo de leitura\"\/> <meta name=\"twitter:data2\" content=\"2 minutos\"\/>   <link rel=\"dns-prefetch\" href=\"https:\/\/mliq9rbhanfv.i.optimole.com\"\/> <link rel=\"dns-prefetch\" href=\"https:\/\/pagead2.googlesyndication.com\"\/> <link rel=\"preconnect\" href=\"https:\/\/mliq9rbhanfv.i.optimole.com\"\/> <link rel=\"alternate\" type=\"application\/rss+xml\" title=\"Feed para   Ismael Colosi \u00bb\" href=\"https:\/\/ismaelcolosi.com.br\/feed\/\"\/> <link rel=\"alternate\" type=\"application\/rss+xml\" title=\"Feed de coment\u00e1rios para   Ismael Colosi \u00bb\" href=\"https:\/\/ismaelcolosi.com.br\/comments\/feed\/\"\/> <link rel=\"alternate\" type=\"application\/rss+xml\" title=\"Feed de coment\u00e1rios para   Ismael Colosi \u00bb Grupo Lagoa oferece vagas de emprego em diversas \u00e1reas, oportunidade de come\u00e7ar o ano novo com carteira assinada\" href=\"https:\/\/ismaelcolosi.com.br\/grupo-lagoa-oferece-vagas-de-emprego-em-diversas-areas-oportunidade-de-comecar-o-ano-novo-com-carteira-assinada\/feed\/\"\/>   <link rel=\"stylesheet\" id=\"wp-block-library-css\" href=\"https:\/\/ismaelcolosi.com.br\/wp-includes\/css\/dist\/block-library\/style.min.css?ver=6.4.2\" type=\"text\/css\" media=\"print\" onload=\"this.media=\" all=\"\"\/><noscript><link rel=\"stylesheet\" id=\"wp-block-library-css\" href=\"https:\/\/ismaelcolosi.com.br\/wp-includes\/css\/dist\/block-library\/style.min.css?ver=6.4.2\" type=\"text\/css\" media=\"all\"\/><\/noscript>   <link rel=\"stylesheet\" href=\"https:\/\/ismaelcolosi.com.br\/s\/724a12.css\" media=\"print\" onload=\"this.media=\" all=\"\"\/><noscript><link rel=\"stylesheet\" href=\"https:\/\/ismaelcolosi.com.br\/s\/724a12.css\"\/><\/noscript> <link rel=\"stylesheet\" id=\"spab-front-end-style-css\" href=\"https:\/\/ismaelcolosi.com.br\/wp-content\/plugins\/social-pug-author-box\/assets\/css\/style-front-end.css?ver=6.4.2\" type=\"text\/css\" media=\"print\" onload=\"this.media=\" all=\"\"\/><noscript><link rel=\"stylesheet\" id=\"spab-front-end-style-css\" href=\"https:\/\/ismaelcolosi.com.br\/wp-content\/plugins\/social-pug-author-box\/assets\/css\/style-front-end.css?ver=6.4.2\" type=\"text\/css\" media=\"all\"\/><\/noscript> <link rel=\"stylesheet\" id=\"wp_automatic_gallery_style-css\" href=\"https:\/\/ismaelcolosi.com.br\/wp-content\/plugins\/wp-automatic\/css\/wp-automatic.css?ver=1.0.0\" type=\"text\/css\" media=\"print\" onload=\"this.media=\" all=\"\"\/><noscript><link rel=\"stylesheet\" id=\"wp_automatic_gallery_style-css\" href=\"https:\/\/ismaelcolosi.com.br\/wp-content\/plugins\/wp-automatic\/css\/wp-automatic.css?ver=1.0.0\" type=\"text\/css\" media=\"all\"\/><\/noscript> <link rel=\"stylesheet\" id=\"wpmaquina-css\" href=\"https:\/\/ismaelcolosi.com.br\/wp-content\/plugins\/wpmaquina\/public\/css\/wpmaquina-public.css?ver=1.0\" type=\"text\/css\" media=\"print\" onload=\"this.media=\" all=\"\"\/><noscript><link rel=\"stylesheet\" id=\"wpmaquina-css\" href=\"https:\/\/ismaelcolosi.com.br\/wp-content\/plugins\/wpmaquina\/public\/css\/wpmaquina-public.css?ver=1.0\" type=\"text\/css\" media=\"all\"\/><\/noscript> <link rel=\"stylesheet\" id=\"cmplz-general-css\" href=\"https:\/\/ismaelcolosi.com.br\/wp-content\/plugins\/complianz-gdpr\/assets\/css\/cookieblocker.min.css?ver=6.5.6\" type=\"text\/css\" media=\"print\" onload=\"this.media=\" all=\"\"\/><noscript><link rel=\"stylesheet\" id=\"cmplz-general-css\" href=\"https:\/\/ismaelcolosi.com.br\/wp-content\/plugins\/complianz-gdpr\/assets\/css\/cookieblocker.min.css?ver=6.5.6\" type=\"text\/css\" media=\"all\"\/><\/noscript> <link rel=\"stylesheet\" id=\"colormag_style-css\" href=\"https:\/\/ismaelcolosi.com.br\/wp-content\/themes\/colormag\/style.css?ver=3.0.9\" type=\"text\/css\" media=\"print\" onload=\"this.media=\" all=\"\"\/><noscript><link rel=\"stylesheet\" id=\"colormag_style-css\" href=\"https:\/\/ismaelcolosi.com.br\/wp-content\/themes\/colormag\/style.css?ver=3.0.9\" type=\"text\/css\" media=\"all\"\/><\/noscript>  <link rel=\"stylesheet\" id=\"colormag-fontawesome-css\" href=\"https:\/\/ismaelcolosi.com.br\/wp-content\/themes\/colormag\/assets\/library\/fontawesome\/css\/font-awesome.min.css?ver=3.0.9\" type=\"text\/css\" media=\"print\" onload=\"this.media=\" all=\"\"\/><noscript><link rel=\"stylesheet\" id=\"colormag-fontawesome-css\" href=\"https:\/\/ismaelcolosi.com.br\/wp-content\/themes\/colormag\/assets\/library\/fontawesome\/css\/font-awesome.min.css?ver=3.0.9\" type=\"text\/css\" media=\"all\"\/><\/noscript>        <link rel=\"https:\/\/api.w.org\/\" href=\"https:\/\/ismaelcolosi.com.br\/wp-json\/\"\/><link rel=\"alternate\" type=\"application\/json\" href=\"https:\/\/ismaelcolosi.com.br\/wp-json\/wp\/v2\/posts\/15105\"\/><link rel=\"EditURI\" type=\"application\/rsd+xml\" title=\"RSD\" href=\"https:\/\/ismaelcolosi.com.br\/xmlrpc.php?rsd\"\/> <meta name=\"generator\" content=\"WordPress 6.4.2\"\/> <link rel=\"shortlink\" href=\"https:\/\/ismaelcolosi.com.br\/?p=15105\"\/> <link rel=\"alternate\" type=\"application\/json+oembed\" href=\"https:\/\/ismaelcolosi.com.br\/wp-json\/oembed\/1.0\/embed?url=https%3A%2F%2Fismaelcolosi.com.br%2Fgrupo-lagoa-oferece-vagas-de-emprego-em-diversas-areas-oportunidade-de-comecar-o-ano-novo-com-carteira-assinada%2F\"\/> <link rel=\"alternate\" type=\"text\/xml+oembed\" href=\"https:\/\/ismaelcolosi.com.br\/wp-json\/oembed\/1.0\/embed?url=https%3A%2F%2Fismaelcolosi.com.br%2Fgrupo-lagoa-oferece-vagas-de-emprego-em-diversas-areas-oportunidade-de-comecar-o-ano-novo-com-carteira-assinada%2F&amp;format=xml\"\/>     <meta name=\"generator\" content=\"Site Kit by Google 1.116.0\"\/><link rel=\"alternate\" type=\"text\/html\" media=\"only screen and (max-width: 640px)\" href=\"https:\/\/ismaelcolosi.com.br\/grupo-lagoa-oferece-vagas-de-emprego-em-diversas-areas-oportunidade-de-comecar-o-ano-novo-com-carteira-assinada\/?amp=1\"\/><meta name=\"google-site-verification\" content=\"wdDWNNvFdK0Uq9firAHimyBy4bnZNpHgKUqny3AS9zc\"\/>  <meta name=\"google-adsense-platform-account\" content=\"ca-host-pub-2644536267352236\"\/> <meta name=\"google-adsense-platform-domain\" content=\"sitekit.withgoogle.com\"\/>  <link rel=\"amphtml\" href=\"https:\/\/ismaelcolosi.com.br\/grupo-lagoa-oferece-vagas-de-emprego-em-diversas-areas-oportunidade-de-comecar-o-ano-novo-com-carteira-assinada\/?amp=1\"\/><meta name=\"generator\" content=\"Optimole 3.12.1\"\/>      <link rel=\"icon\" href=\"https:\/\/mliq9rbhanfv.i.optimole.com\/w:32\/h:32\/q:mauto\/f:best\/https:\/\/ismaelcolosi.com.br\/wp-content\/uploads\/2023\/04\/cropped-ismael-colosi-foto-perfil-2.jpg\" sizes=\"32x32\"\/> <link rel=\"icon\" href=\"https:\/\/mliq9rbhanfv.i.optimole.com\/w:192\/h:192\/q:mauto\/f:best\/https:\/\/ismaelcolosi.com.br\/wp-content\/uploads\/2023\/04\/cropped-ismael-colosi-foto-perfil-2.jpg\" sizes=\"192x192\"\/> <link rel=\"apple-touch-icon\" href=\"https:\/\/mliq9rbhanfv.i.optimole.com\/w:180\/h:180\/q:mauto\/f:best\/https:\/\/ismaelcolosi.com.br\/wp-content\/uploads\/2023\/04\/cropped-ismael-colosi-foto-perfil-2.jpg\"\/> <meta name=\"msapplication-TileImage\" content=\"https:\/\/mliq9rbhanfv.i.optimole.com\/w:270\/h:270\/q:mauto\/f:best\/https:\/\/ismaelcolosi.com.br\/wp-content\/uploads\/2023\/04\/cropped-ismael-colosi-foto-perfil-2.jpg\"\/>   <\/head> <body data-cmplz=\"1\" class=\"post-template-default single single-post postid-15105 single-format-standard wp-custom-logo wp-embed-responsive cm-header-layout-1 adv-style-1  wide aa-prefix-ismae-\" id=\"wp_automatic_ReadabilityBody\"> <\/p>\n<div id=\"page\" class=\"hfeed site\"> <a class=\"skip-link screen-reader-text\" href=\"#main\">Pular para o conte\u00fado<\/a>  <\/p>\n<div id=\"cm-content\" class=\"cm-content\">\n<div class=\"cm-container\">\n<div class=\"cm-row\">\n<div id=\"cm-primary\" class=\"cm-primary\">\n<div class=\"cm-posts\">\n<article id=\"post-15105\" class=\"post-15105 post type-post status-publish format-standard has-post-thumbnail hentry category-emprego\">\n<div class=\"cm-featured-image\"> <img data-recalc-dims=\"1\" width=\"800\" height=\"445\" src=\"https:\/\/i0.wp.com\/mliq9rbhanfv.i.optimole.com\/w%3A800\/h%3A445\/q%3Amauto\/rt%3Afill\/g%3Ace\/f%3Abest\/https%3A\/\/ismaelcolosi.com.br\/wp-content\/uploads\/2023\/12\/Grupo-Lagoa-oferece-oportunidades-de-emprego-em-diversas-areas-comece-o-ano-novo-com-carteira-assinada.jpg?resize=800%2C445&#038;ssl=1\" class=\"attachment-colormag-featured-image size-colormag-featured-image wp-post-image lazy\" alt=\"\" decoding=\"async\" loading=\"lazy\"\/><noscript><img data-recalc-dims=\"1\" loading=\"lazy\" width=\"800\" height=\"445\" src=\"https:\/\/i0.wp.com\/mliq9rbhanfv.i.optimole.com\/w%3A800\/h%3A445\/q%3Amauto\/rt%3Afill\/g%3Ace\/f%3Abest\/https%3A\/\/ismaelcolosi.com.br\/wp-content\/uploads\/2023\/12\/Grupo-Lagoa-oferece-oportunidades-de-emprego-em-diversas-areas-comece-o-ano-novo-com-carteira-assinada.jpg?resize=800%2C445&#038;ssl=1\" class=\"attachment-colormag-featured-image size-colormag-featured-image wp-post-image\" alt=\"\" decoding=\"async\"\/><\/noscript> <\/div>\n<div class=\"cm-post-content\">\n<div class=\"cm-entry-summary\">\n<div>\n<figure><picture><source srcset=\"https:\/\/clickpetroleoegas.com.br\/wp-content\/uploads\/2023\/12\/Grupo-Lagoa-oferece-oportunidades-de-emprego-em-diversas-areas-comece-o-ano-novo-com-carteira-assinada-830x450.jpg.webp\" type=\"image\/webp\"><img data-recalc-dims=\"1\" loading=\"lazy\" width=\"830\" height=\"450\" src=\"https:\/\/i0.wp.com\/clickpetroleoegas.com.br\/wp-content\/uploads\/2023\/12\/Grupo-Lagoa-oferece-oportunidades-de-emprego-em-diversas-areas-comece-o-ano-novo-com-carteira-assinada-830x450.jpg?resize=830%2C450&#038;ssl=1\" class=\"fdnw-post-thumbnail fdnw-first-card-thumbnail wp-post-image\" alt=\"Grupo Lagoa oferece vagas de emprego em diversas \u00e1reas, oportunidade de come\u00e7ar o ano novo com carteira assinada\" decoding=\"async\" data-eio=\"p\"\/><\/source><\/picture><figcaption class=\"fdnw-image-caption\">Foto: Divulga\u00e7\u00e3o\/Grupo Lagoa<\/figcaption><\/figure>\n<p>O Grupo Lagoa, que come\u00e7ou sua jornada em 1991 em Fortaleza e hoje conta com 16 lojas, est\u00e1 em busca de novos talentos para se juntar \u00e0 sua equipe. Com vagas de emprego abertas em diversas \u00e1reas, desde aprendizes at\u00e9 assistentes administrativos, o Grupo busca indiv\u00edduos apaixonados e comprometidos para contribuir com seu legado de excel\u00eancia e inova\u00e7\u00e3o no setor de varejo e atacarejo.<\/p>\n<h2 class=\"wp-block-heading\" id=\"h-lista-de-vagas\">Lista de vagas<\/h2>\n<ul>\n<li>Aprendiz de Loja (Fortaleza)<\/li>\n<li>Assistente Administrativo \u2013 Manuten\u00e7\u00e3o (Fortaleza)<\/li>\n<li>Assistente de Opera\u00e7\u00f5es (Fortaleza)<\/li>\n<li>Atendente de Restaurante (Juazeiro do Norte)<\/li>\n<li>Auxiliar de Cozinha (Fortaleza)<\/li>\n<li>Auxiliar de Padaria (Fortaleza)<\/li>\n<li>Auxiliar de Servi\u00e7os Gerais (Fortaleza)<\/li>\n<li>Balconista de Atendimento (Maracana\u00fa, Sobral)<\/li>\n<li>Balconista de Frios (Iguatu)<\/li>\n<li>Banco de Talentos \u2013 PCD (Juazeiro do Norte, Iguatu)<\/li>\n<li>Caixa Repositor (diversas localidades em Fortaleza, Iguatu)<\/li>\n<li>Conferente (Fortaleza)<\/li>\n<li>Empacotador Part Time (Fortaleza)<\/li>\n<\/ul>\n<h2 class=\"wp-block-heading\" id=\"h-beneficios-oferecidos\">Benef\u00edcios oferecidos<\/h2>\n<ul>\n<li>P\u00e3o quentinho com caf\u00e9<\/li>\n<li>Comidinhas com tempero caseiro<\/li>\n<li>Espa\u00e7o soneca<\/li>\n<li>Plant\u00e3o psicol\u00f3gico<\/li>\n<li>Oportunidade de crescimento e desenvolvimento<\/li>\n<li>Apoio financeiro para estudos<\/li>\n<li>Aux\u00edlio cesta e vale transporte<\/li>\n<li>Day off de anivers\u00e1rio<\/li>\n<li>Kit beb\u00ea<\/li>\n<li>Seguro de vida<\/li>\n<li>Plano de sa\u00fade e odontol\u00f3gico<\/li>\n<li>Descontos em institui\u00e7\u00f5es de ensino parceiras<\/li>\n<\/ul>\n<h2 class=\"wp-block-heading\" id=\"h-como-se-candidatar\">Como se candidatar<\/h2>\n<h4 class=\"wp-block-heading\" id=\"h-se-inscreva-aqui\"><a href=\"https:\/\/grupolagoa.gupy.io\/\" class=\"external\" rel=\"nofollow noopener\" target=\"_blank\">SE INSCREVA AQUI<\/a><\/h4>\n<p>Interessados nas vagas de emprego no Grupo Lagoa devem acessar o link acima para realizar a inscri\u00e7\u00e3o. O Grupo busca pessoas comprometidas com os valores da empresa e que estejam ansiosas por contribuir para a sua trajet\u00f3ria de sucesso.<\/p>\n<p> <span class=\"fdnw-card-article-related\"> <span class=\"h4 fdnw-card-article-related-title\">Artigos recomendados<\/span> <\/span> <\/p>\n<h2 class=\"wp-block-heading\" id=\"h-sobre-o-grupo-lagoa\">Sobre o Grupo Lagoa<\/h2>\n<p>Nascido em <a href=\"https:\/\/clickpetroleoegas.com.br\/oportunidade-spani-atacadista-abre-335-vagas-de-emprego-em-diversas-cidades-paulistas-empresa-precisa-de-auxiliares-acougueiros-analistas-e-muito-mais\/\">S\u00e3o Paulo<\/a>, mas com forte v\u00ednculo com o Cear\u00e1, o Grupo Lagoa se destaca no varejo brasileiro. Com um crescimento impressionante, a empresa valoriza a paix\u00e3o pelo servi\u00e7o, o respeito pelas pessoas, a inova\u00e7\u00e3o e o compromisso com os resultados. Trabalhar no Grupo Lagoa \u00e9 fazer parte de uma das melhores empresas do varejo no Brasil.<\/p>\n<p>As vagas de emprego no Grupo Lagoa s\u00e3o uma excelente <a href=\"https:\/\/clickpetroleoegas.com.br\/sao-mais-de-mil-vagas-grupo-muffato-anuncia-vagas-de-emprego-em-diversas-areas-e-em-inumeras-localidades\/\">oportunidade para aqueles<\/a> que desejam se desenvolver profissionalmente em uma empresa reconhecida e valorizada no setor de varejo. Junte-se a uma equipe que se orgulha de servir com paix\u00e3o e comprometimento, e fa\u00e7a parte de uma hist\u00f3ria de sucesso!<\/p>\n<div class=\"code-block code-block-10\" style=\"margin: 8px auto; text-align: center; display: block; clear: both;\">\n<hr class=\"wp-block-separator has-alpha-channel-opacity is-style-wide\"\/>\n<p>Voc\u00ea quer receber apenas not\u00edcias e vagas de emprego do seu interesse? A solu\u00e7\u00e3o chegou atrav\u00e9s do app <a href=\"https:\/\/play.google.com\/store\/apps\/details?id=com.clickpetroleoapp&amp;hl=pt&amp;gl=US\" class=\"external\" rel=\"nofollow noopener\" target=\"_blank\"><strong>CPG VAGAS E NOT\u00cdCIAS!<\/strong><\/a> Se voc\u00ea \u00e9 pintor, vai receber no seu celular apenas oportunidades neste cargo. E ser\u00e1 assim com pedreiro, t\u00e9cnico, engenheiro e etc\u2026.. N\u00e3o perca nada do que acontece no mercado de trabalho e econ\u00f4mico do Brasil, baixe agora o app <a href=\"https:\/\/play.google.com\/store\/apps\/details?id=com.clickpetroleoapp&amp;hl=pt&amp;gl=US\" class=\"external\" rel=\"nofollow noopener\" target=\"_blank\">CPG VAGAS E NOT\u00cdCIAS, dispon\u00edvel para Android e IOS!<\/a><\/p>\n<figure class=\"wp-block-image aligncenter size-full\"><a href=\"https:\/\/play.google.com\/store\/apps\/details?id=com.clickpetroleoapp&amp;hl=pt&amp;gl=US\" target=\"_blank\" rel=\"noreferrer noopener nofollow\" class=\"external\"><img data-recalc-dims=\"1\" decoding=\"async\" width=\"1280\" height=\"387\" alt=\"APP CPG VAGAS E NOT\u00cdCIAS\" class=\"wp-image-105306 ewww_webp_lazy_load lazy\" src=\"https:\/\/i0.wp.com\/clickpetroleoegas.com.br\/wp-content\/uploads\/2023\/09\/Aplicativo-de-vagas-de-empregos-e-noticias-da-sua-regiao.jpg.webp?resize=1280%2C387&#038;ssl=1\" loading=\"lazy\"\/><noscript><img data-recalc-dims=\"1\" loading=\"lazy\" decoding=\"async\" width=\"1280\" height=\"387\" alt=\"APP CPG VAGAS E NOT\u00cdCIAS\" class=\"wp-image-105306 ewww_webp_lazy_load\" src=\"https:\/\/i0.wp.com\/clickpetroleoegas.com.br\/wp-content\/uploads\/2023\/09\/Aplicativo-de-vagas-de-empregos-e-noticias-da-sua-regiao.jpg.webp?resize=1280%2C387&#038;ssl=1\"\/><\/noscript><noscript><img data-recalc-dims=\"1\" loading=\"lazy\" decoding=\"async\" width=\"1280\" height=\"387\" src=\"https:\/\/i0.wp.com\/clickpetroleoegas.com.br\/wp-content\/uploads\/2023\/09\/Aplicativo-de-vagas-de-empregos-e-noticias-da-sua-regiao.jpg?resize=1280%2C387&#038;ssl=1\" alt=\"APP CPG VAGAS E NOT\u00cdCIAS\" class=\"wp-image-105306\"\/><\/noscript><\/a><\/figure>\n<\/p><\/div>\n<\/p><\/div>\n<p><a href=\"https:\/\/clickpetroleoegas.com.br\/grupo-lagoa-oferece-vagas-de-emprego-em-diversas-areas-oportunidade-de-comecar-o-ano-novo-com-carteira-assinada\/\">Source link <\/a><\/p>\n<\/p><\/div>\n<\/p><\/div>\n<\/article><\/div>\n<ul class=\"default-wp-page\">\n<li class=\"previous\"><a href=\"https:\/\/ismaelcolosi.com.br\/o-renascimento-de-miami-com-9-arranha-ceus-em-construcao\/\" rel=\"prev\"><span class=\"meta-nav\"><svg xmlns=\"http:\/\/www.w3.org\/2000\/svg\" class=\"cm-icon cm-icon--arrow-left-long\" viewbox=\"0 0 24 24\"><path d=\"M2 12.38a1 1 0 0 1 0-.76.91.91 0 0 1 .22-.33L6.52 7a1 1 0 0 1 1.42 0 1 1 0 0 1 0 1.41L5.36 11H21a1 1 0 0 1 0 2H5.36l2.58 2.58a1 1 0 0 1 0 1.41 1 1 0 0 1-.71.3 1 1 0 0 1-.71-.3l-4.28-4.28a.91.91 0 0 1-.24-.33Z\"\/><\/svg><\/span> o renascimento de Miami com 9 arranha-c\u00e9us em constru\u00e7\u00e3o<\/a><\/li>\n<li class=\"next\"><a href=\"https:\/\/ismaelcolosi.com.br\/suzano-segue-com-mais-de-50-vagas-abertas-se-candidate\/\" rel=\"next\">Suzano segue com MAIS DE 50 VAGAS ABERTAS; Se candidate! <span class=\"meta-nav\"><svg xmlns=\"http:\/\/www.w3.org\/2000\/svg\" class=\"cm-icon cm-icon--arrow-right-long\" viewbox=\"0 0 24 24\"><path d=\"M21.92 12.38a1 1 0 0 0 0-.76 1 1 0 0 0-.21-.33L17.42 7A1 1 0 0 0 16 8.42L18.59 11H2.94a1 1 0 1 0 0 2h15.65L16 15.58A1 1 0 0 0 16 17a1 1 0 0 0 1.41 0l4.29-4.28a1 1 0 0 0 .22-.34Z\"\/><\/svg><\/span><\/a><\/li>\n<\/ul><\/div>\n<\/p><\/div>\n<\/p><\/div>\n<\/p><\/div>\n<p>  <a href=\"#cm-masthead\" id=\"scroll-up\"><i class=\"fa fa-chevron-up\"\/><\/a> <\/div>\n<div id=\"cmplz-cookiebanner-container\">\n<div class=\"cmplz-cookiebanner cmplz-hidden banner-1 optin cmplz-bottom-right cmplz-categories-type-view-preferences\" aria-modal=\"true\" data-nosnippet=\"true\" role=\"dialog\" aria-live=\"polite\" aria-labelledby=\"cmplz-header-1-optin\" aria-describedby=\"cmplz-message-1-optin\">\n<div class=\"cmplz-body\">\n<p>Para fornecer as melhores experi\u00eancias, usamos tecnologias como cookies para armazenar e\/ou acessar informa\u00e7\u00f5es do dispositivo. O consentimento para essas tecnologias nos permitir\u00e1 processar dados como comportamento de navega\u00e7\u00e3o ou IDs exclusivos neste site. N\u00e3o consentir ou retirar o consentimento pode afetar negativamente certos recursos e fun\u00e7\u00f5es.<\/p>\n<div class=\"cmplz-categories\">\n<details class=\"cmplz-category cmplz-functional\">\n<summary>  <\/summary>\n<p> <span class=\"cmplz-description-functional\">O armazenamento ou acesso t\u00e9cnico \u00e9 estritamente necess\u00e1rio para a finalidade leg\u00edtima de permitir a utiliza\u00e7\u00e3o de um servi\u00e7o espec\u00edfico explicitamente solicitado pelo assinante ou utilizador, ou com a finalidade exclusiva de efetuar a transmiss\u00e3o de uma comunica\u00e7\u00e3o atrav\u00e9s de uma rede de comunica\u00e7\u00f5es eletr\u00f3nicas.<\/span> <\/p>\n<\/details>\n<details class=\"cmplz-category cmplz-preferences\">\n<summary>  <\/summary>\n<p> <span class=\"cmplz-description-preferences\">O armazenamento ou acesso t\u00e9cnico \u00e9 necess\u00e1rio para o prop\u00f3sito leg\u00edtimo de armazenar prefer\u00eancias que n\u00e3o s\u00e3o solicitadas pelo assinante ou usu\u00e1rio.<\/span> <\/p>\n<\/details>\n<details class=\"cmplz-category cmplz-statistics\">\n<summary>  <\/summary>\n<p> <span class=\"cmplz-description-statistics\">O armazenamento ou acesso t\u00e9cnico que \u00e9 usado exclusivamente para fins estat\u00edsticos.<\/span> <span class=\"cmplz-description-statistics-anonymous\">O armazenamento t\u00e9cnico ou acesso que \u00e9 usado exclusivamente para fins estat\u00edsticos an\u00f4nimos. Sem uma intima\u00e7\u00e3o, conformidade volunt\u00e1ria por parte de seu provedor de servi\u00e7os de Internet ou registros adicionais de terceiros, as informa\u00e7\u00f5es armazenadas ou recuperadas apenas para esse fim geralmente n\u00e3o podem ser usadas para identific\u00e1-lo.<\/span> <\/p>\n<\/details>\n<details class=\"cmplz-category cmplz-marketing\">\n<summary>  <\/summary>\n<p> <span class=\"cmplz-description-marketing\">O armazenamento ou acesso t\u00e9cnico \u00e9 necess\u00e1rio para criar perfis de usu\u00e1rio para enviar publicidade ou para rastrear o usu\u00e1rio em um site ou em v\u00e1rios sites para fins de marketing semelhantes.<\/span> <\/p>\n<\/details><\/div>\n<\/p><\/div>\n<\/p><\/div>\n<\/p><\/div>\n<p><button class=\"cmplz-btn cmplz-hidden cmplz-manage-consent manage-consent-1\">Gerenciar o consentimento<\/button> <\/p>\n<p>             <\/body> <\/div>\n<p><script type=\"text\/plain\" data-service=\"facebook\" data-category=\"marketing\">\n!function(f,b,e,v,n,t,s)\n{if(f.fbq)return;n=f.fbq=function(){n.callMethod?\nn.callMethod.apply(n,arguments):n.queue.push(arguments)};\nif(!f._fbq)f._fbq=n;n.push=n;n.loaded=!0;n.version='2.0';\nn.queue=[];t=b.createElement(e);t.async=!0;\nt.src=v;s=b.getElementsByTagName(e)[0];\ns.parentNode.insertBefore(t,s)}(window, document,'script',\n'https:\/\/connect.facebook.net\/en_US\/fbevents.js');\nfbq('init', '5536651029690406');\nfbq('track', 'PageView');\n<\/script><script type=\"text\/plain\" data-service=\"facebook\" data-category=\"marketing\" async defer crossorigin=\"anonymous\" data-rocket-data-cmplz-src=\"https:\/\/connect.facebook.net\/en_US\/sdk.js#xfbml=1&#038;version=v12.0&amp;appId=1127332727839552&#038;autoLogAppEvents=1\">\n<\/script><br \/>\n<br \/><br \/>\n<br \/><a href=\"https:\/\/ismaelcolosi.com.br\/grupo-lagoa-oferece-vagas-de-emprego-em-diversas-areas-oportunidade-de-comecar-o-ano-novo-com-carteira-assinada\/\">Source link <\/a><\/p>\n<!-- CONTENT END 1 -->\n","protected":false},"excerpt":{"rendered":"<p>Grupo Lagoa oferece vagas de emprego em diversas \u00e1reas, oportunidade de come\u00e7ar o ano novo com carteira assinada &#8211; Ismael Colosi Pular para o conte\u00fado&#8230;<\/p>\n","protected":false},"author":1,"featured_media":20226,"comment_status":"open","ping_status":"open","sticky":false,"template":"","format":"standard","meta":{"advanced_seo_description":"","jetpack_seo_html_title":"","jetpack_seo_noindex":false,"jetpack_post_was_ever_published":false,"_jetpack_newsletter_access":"","_jetpack_dont_email_post_to_subs":false,"_jetpack_newsletter_tier_id":0,"_jetpack_memberships_contains_paywalled_content":false,"_jetpack_memberships_contains_paid_content":false,"footnotes":"","jetpack_publicize_message":"","jetpack_publicize_feature_enabled":true,"jetpack_social_post_already_shared":true,"jetpack_social_options":{"image_generator_settings":{"template":"highway","default_image_id":0,"font":"","enabled":false},"version":2}},"categories":[7],"tags":[],"class_list":["post-20225","post","type-post","status-publish","format-standard","has-post-thumbnail","hentry","category-vagas-de-empregos-em-ribeirao-preto-regiao-brasil"],"jetpack_publicize_connections":[],"jetpack_featured_media_url":"https:\/\/i0.wp.com\/noticiasribeiraopreto.com.br\/wp-content\/uploads\/2023\/12\/Grupo-Lagoa-oferece-oportunidades-de-emprego-em-diversas-areas-comece-o-ano-novo-com-carteira-assinada-830x450.jpg?fit=830%2C450&ssl=1","jetpack-related-posts":[{"id":12940,"url":"https:\/\/noticiasribeiraopreto.com.br\/index.php\/2023\/12\/08\/grupo-lagoa-abre-processo-seletivo-para-preencher-50-vagas-de-emprego-2\/","url_meta":{"origin":20225,"position":0},"title":"Grupo Lagoa abre processo seletivo para preencher 50 vagas de emprego","author":"noticiasribeiraopreto.com.br","date":"8 de December de 2023","format":false,"excerpt":"O Grupo Lagoa abriu processo seletivo para preencher 50 vagas de emprego em diferentes \u00e1reas da rede de supermercados. As oportunidades do processo seletivo do Grupo Lagoa s\u00e3o para profissionais que desejam trabalhar em Fortaleza. As oportunidades abertas no processo seletivo do Grupo Lagoa s\u00e3o para as carreiras de caixa\u2026","rel":"","context":"In &quot;Vagas de Emprego em Ribeir\u00e3o Preto-SP&quot;","block_context":{"text":"Vagas de Emprego em Ribeir\u00e3o Preto-SP","link":"https:\/\/noticiasribeiraopreto.com.br\/index.php\/category\/empregos-classificados-vagas-trabalho\/vagas-de-empregos-em-ribeirao-preto-regiao-brasil\/"},"img":{"alt_text":"","src":"https:\/\/i0.wp.com\/noticiasribeiraopreto.com.br\/wp-content\/uploads\/2023\/12\/1702079017_mercado-trabalho-carteira-freepik.jpg?fit=1200%2C675&ssl=1&resize=350%2C200","width":350,"height":200,"srcset":"https:\/\/i0.wp.com\/noticiasribeiraopreto.com.br\/wp-content\/uploads\/2023\/12\/1702079017_mercado-trabalho-carteira-freepik.jpg?fit=1200%2C675&ssl=1&resize=350%2C200 1x, https:\/\/i0.wp.com\/noticiasribeiraopreto.com.br\/wp-content\/uploads\/2023\/12\/1702079017_mercado-trabalho-carteira-freepik.jpg?fit=1200%2C675&ssl=1&resize=525%2C300 1.5x, https:\/\/i0.wp.com\/noticiasribeiraopreto.com.br\/wp-content\/uploads\/2023\/12\/1702079017_mercado-trabalho-carteira-freepik.jpg?fit=1200%2C675&ssl=1&resize=700%2C400 2x, https:\/\/i0.wp.com\/noticiasribeiraopreto.com.br\/wp-content\/uploads\/2023\/12\/1702079017_mercado-trabalho-carteira-freepik.jpg?fit=1200%2C675&ssl=1&resize=1050%2C600 3x"},"classes":[]},{"id":13093,"url":"https:\/\/noticiasribeiraopreto.com.br\/index.php\/2023\/12\/09\/processos-seletivos-nas-prefeituras-de-guarulhos-praia-grande-e-empresas-somam-800-vagas-2\/","url_meta":{"origin":20225,"position":1},"title":"Processos seletivos nas prefeituras de Guarulhos, Praia Grande e empresas somam 800 vagas","author":"noticiasribeiraopreto.com.br","date":"9 de December de 2023","format":false,"excerpt":"Aproximadamente 800 vagas est\u00e3o abertas para profissionais e estudantes de v\u00e1rias \u00e1reas. \u00c9 grande o n\u00famero de empresas que precisam contratar ou recolocar funcion\u00e1rios e\/ou estagi\u00e1rios em todas as regi\u00f5es do Brasil. Com intuito de auxiliar sua busca por uma oportunidade no mercado de trabalho, o JC Concursos preparou uma\u2026","rel":"","context":"In &quot;Vagas de Emprego em Ribeir\u00e3o Preto-SP&quot;","block_context":{"text":"Vagas de Emprego em Ribeir\u00e3o Preto-SP","link":"https:\/\/noticiasribeiraopreto.com.br\/index.php\/category\/empregos-classificados-vagas-trabalho\/vagas-de-empregos-em-ribeirao-preto-regiao-brasil\/"},"img":{"alt_text":"","src":"https:\/\/i0.wp.com\/noticiasribeiraopreto.com.br\/wp-content\/uploads\/2023\/12\/1702115757_carteira-de-trabalho-digital-novo-agencia-brasil.jpg?fit=1200%2C675&ssl=1&resize=350%2C200","width":350,"height":200,"srcset":"https:\/\/i0.wp.com\/noticiasribeiraopreto.com.br\/wp-content\/uploads\/2023\/12\/1702115757_carteira-de-trabalho-digital-novo-agencia-brasil.jpg?fit=1200%2C675&ssl=1&resize=350%2C200 1x, https:\/\/i0.wp.com\/noticiasribeiraopreto.com.br\/wp-content\/uploads\/2023\/12\/1702115757_carteira-de-trabalho-digital-novo-agencia-brasil.jpg?fit=1200%2C675&ssl=1&resize=525%2C300 1.5x, https:\/\/i0.wp.com\/noticiasribeiraopreto.com.br\/wp-content\/uploads\/2023\/12\/1702115757_carteira-de-trabalho-digital-novo-agencia-brasil.jpg?fit=1200%2C675&ssl=1&resize=700%2C400 2x, https:\/\/i0.wp.com\/noticiasribeiraopreto.com.br\/wp-content\/uploads\/2023\/12\/1702115757_carteira-de-trabalho-digital-novo-agencia-brasil.jpg?fit=1200%2C675&ssl=1&resize=1050%2C600 3x"},"classes":[]},{"id":42749,"url":"https:\/\/noticiasribeiraopreto.com.br\/index.php\/2024\/03\/16\/emprego-formal-avanca-em-janeiro\/","url_meta":{"origin":20225,"position":2},"title":"Emprego formal\u00a0avan\u00e7a em janeiro\u00a0 &#8211; Jornal Tribuna Ribeir\u00e3o","author":"noticiasribeiraopreto.com.br","date":"16 de March de 2024","format":false,"excerpt":"O Minist\u00e9rio do Trabalho e Emprego divulgou, nesta sexta-feira, 15 de mar\u00e7o, os n\u00fameros do Novo Cadastro Geral de Empregados e Desempregados (Novo Caged) de janeiro. A economia de Ribeir\u00e3o Preto fechou o primeiro m\u00eas do ano com super\u00e1vit de 904 empregos com carteira assinada, fruto de 12.547 admiss\u00f5es e\u2026","rel":"","context":"In &quot;Not\u00edcias de Ribeir\u00e3o Preto-SP e Regi\u00e3o&quot;","block_context":{"text":"Not\u00edcias de Ribeir\u00e3o Preto-SP e Regi\u00e3o","link":"https:\/\/noticiasribeiraopreto.com.br\/index.php\/category\/noticias-de-ribeirao-preto-sp-e-regiao-ismael-colosi\/"},"img":{"alt_text":"","src":"https:\/\/i0.wp.com\/noticiasribeiraopreto.com.br\/wp-content\/uploads\/2024\/03\/CagedRP-Car-Marcelo-Camargo-Ag.Br_-scaled.jpg?fit=1000%2C598&ssl=1&resize=350%2C200","width":350,"height":200,"srcset":"https:\/\/i0.wp.com\/noticiasribeiraopreto.com.br\/wp-content\/uploads\/2024\/03\/CagedRP-Car-Marcelo-Camargo-Ag.Br_-scaled.jpg?fit=1000%2C598&ssl=1&resize=350%2C200 1x, https:\/\/i0.wp.com\/noticiasribeiraopreto.com.br\/wp-content\/uploads\/2024\/03\/CagedRP-Car-Marcelo-Camargo-Ag.Br_-scaled.jpg?fit=1000%2C598&ssl=1&resize=525%2C300 1.5x, https:\/\/i0.wp.com\/noticiasribeiraopreto.com.br\/wp-content\/uploads\/2024\/03\/CagedRP-Car-Marcelo-Camargo-Ag.Br_-scaled.jpg?fit=1000%2C598&ssl=1&resize=700%2C400 2x"},"classes":[]},{"id":75174,"url":"https:\/\/noticiasribeiraopreto.com.br\/index.php\/2025\/08\/05\/emprego-formal-cai-no-semestre-tribuna-ribeirao\/","url_meta":{"origin":20225,"position":3},"title":"Emprego formal cai no semestre \u2013 Tribuna Ribeir\u00e3o","author":"noticiasribeiraopreto.com.br","date":"5 de August de 2025","format":false,"excerpt":"O Minist\u00e9rio do Trabalho e Emprego divulgou os n\u00fameros do Novo Cadastro Geral de Empregados e Desempregados (Novo Caged) de junho nesta segunda-feira, 4 de agosto. A economia de Ribeir\u00e3o Preto voltou a ter super\u00e1vit no sexto m\u00eas do ano, de 216 empregos com carteira assinada, fruto de 12.065 admiss\u00f5es\u2026","rel":"","context":"In &quot;Not\u00edcias de Ribeir\u00e3o Preto-SP e Regi\u00e3o&quot;","block_context":{"text":"Not\u00edcias de Ribeir\u00e3o Preto-SP e Regi\u00e3o","link":"https:\/\/noticiasribeiraopreto.com.br\/index.php\/category\/noticias-de-ribeirao-preto-sp-e-regiao-ismael-colosi\/"},"img":{"alt_text":"","src":"","width":0,"height":0},"classes":[]},{"id":69029,"url":"https:\/\/noticiasribeiraopreto.com.br\/index.php\/2025\/05\/01\/emprego-formal-desacelera-em-rp\/","url_meta":{"origin":20225,"position":4},"title":"Emprego formal desacelera em RP\u00a0","author":"noticiasribeiraopreto.com.br","date":"1 de May de 2025","format":false,"excerpt":"O Minist\u00e9rio do Trabalho e Emprego divulgou os n\u00fameros do Novo Cadastro Geral de Empregados e Desempregados (Novo Caged) de mar\u00e7o nesta quarta-feira, 30 de abril. A economia de Ribeir\u00e3o Preto fechou o terceiro m\u00eas do ano com saldo de 296 empregos com carteira assinada, fruto de 13.133 admiss\u00f5es e\u2026","rel":"","context":"In &quot;Not\u00edcias de Ribeir\u00e3o Preto-SP e Regi\u00e3o&quot;","block_context":{"text":"Not\u00edcias de Ribeir\u00e3o Preto-SP e Regi\u00e3o","link":"https:\/\/noticiasribeiraopreto.com.br\/index.php\/category\/noticias-de-ribeirao-preto-sp-e-regiao-ismael-colosi\/"},"img":{"alt_text":"","src":"https:\/\/i0.wp.com\/noticiasribeiraopreto.com.br\/wp-content\/uploads\/2025\/05\/CagedRP-JF-Pimenta-Arquivo-scaled.jpg?fit=778%2C500&ssl=1&resize=350%2C200","width":350,"height":200,"srcset":"https:\/\/i0.wp.com\/noticiasribeiraopreto.com.br\/wp-content\/uploads\/2025\/05\/CagedRP-JF-Pimenta-Arquivo-scaled.jpg?fit=778%2C500&ssl=1&resize=350%2C200 1x, https:\/\/i0.wp.com\/noticiasribeiraopreto.com.br\/wp-content\/uploads\/2025\/05\/CagedRP-JF-Pimenta-Arquivo-scaled.jpg?fit=778%2C500&ssl=1&resize=525%2C300 1.5x, https:\/\/i0.wp.com\/noticiasribeiraopreto.com.br\/wp-content\/uploads\/2025\/05\/CagedRP-JF-Pimenta-Arquivo-scaled.jpg?fit=778%2C500&ssl=1&resize=700%2C400 2x"},"classes":[]},{"id":16673,"url":"https:\/\/noticiasribeiraopreto.com.br\/index.php\/2023\/12\/16\/sao-paulo-cria-mais-de-500-mil-vagas-de-empregos-com-carteira-assinada-veja-destaques-2\/","url_meta":{"origin":20225,"position":5},"title":"S\u00e3o Paulo cria mais de 500 mil vagas de empregos com carteira assinada; Veja destaques","author":"noticiasribeiraopreto.com.br","date":"16 de December de 2023","format":false,"excerpt":"O estado de S\u00e3o Paulo comemora a cria\u00e7\u00e3o de mais de meio milh\u00e3o de vagas de emprego com carteira assinada nos primeiros 10 meses do ano de 2023, de acordo com dados da pesquisa Emprego Formal realizada pela Funda\u00e7\u00e3o Seade, vinculada ao Governo do Estado de S\u00e3o Paulo. Segundo o\u2026","rel":"","context":"In &quot;Vagas de Emprego em Ribeir\u00e3o Preto-SP&quot;","block_context":{"text":"Vagas de Emprego em Ribeir\u00e3o Preto-SP","link":"https:\/\/noticiasribeiraopreto.com.br\/index.php\/category\/empregos-classificados-vagas-trabalho\/vagas-de-empregos-em-ribeirao-preto-regiao-brasil\/"},"img":{"alt_text":"","src":"https:\/\/i0.wp.com\/noticiasribeiraopreto.com.br\/wp-content\/uploads\/2023\/12\/vaga-emprego-sao-paulo.png?fit=1200%2C675&ssl=1&resize=350%2C200","width":350,"height":200,"srcset":"https:\/\/i0.wp.com\/noticiasribeiraopreto.com.br\/wp-content\/uploads\/2023\/12\/vaga-emprego-sao-paulo.png?fit=1200%2C675&ssl=1&resize=350%2C200 1x, https:\/\/i0.wp.com\/noticiasribeiraopreto.com.br\/wp-content\/uploads\/2023\/12\/vaga-emprego-sao-paulo.png?fit=1200%2C675&ssl=1&resize=525%2C300 1.5x, https:\/\/i0.wp.com\/noticiasribeiraopreto.com.br\/wp-content\/uploads\/2023\/12\/vaga-emprego-sao-paulo.png?fit=1200%2C675&ssl=1&resize=700%2C400 2x, https:\/\/i0.wp.com\/noticiasribeiraopreto.com.br\/wp-content\/uploads\/2023\/12\/vaga-emprego-sao-paulo.png?fit=1200%2C675&ssl=1&resize=1050%2C600 3x"},"classes":[]}],"jetpack_sharing_enabled":true,"jetpack_shortlink":"https:\/\/wp.me\/peQAOb-5gd","_links":{"self":[{"href":"https:\/\/noticiasribeiraopreto.com.br\/index.php\/wp-json\/wp\/v2\/posts\/20225","targetHints":{"allow":["GET"]}}],"collection":[{"href":"https:\/\/noticiasribeiraopreto.com.br\/index.php\/wp-json\/wp\/v2\/posts"}],"about":[{"href":"https:\/\/noticiasribeiraopreto.com.br\/index.php\/wp-json\/wp\/v2\/types\/post"}],"author":[{"embeddable":true,"href":"https:\/\/noticiasribeiraopreto.com.br\/index.php\/wp-json\/wp\/v2\/users\/1"}],"replies":[{"embeddable":true,"href":"https:\/\/noticiasribeiraopreto.com.br\/index.php\/wp-json\/wp\/v2\/comments?post=20225"}],"version-history":[{"count":0,"href":"https:\/\/noticiasribeiraopreto.com.br\/index.php\/wp-json\/wp\/v2\/posts\/20225\/revisions"}],"wp:featuredmedia":[{"embeddable":true,"href":"https:\/\/noticiasribeiraopreto.com.br\/index.php\/wp-json\/wp\/v2\/media\/20226"}],"wp:attachment":[{"href":"https:\/\/noticiasribeiraopreto.com.br\/index.php\/wp-json\/wp\/v2\/media?parent=20225"}],"wp:term":[{"taxonomy":"category","embeddable":true,"href":"https:\/\/noticiasribeiraopreto.com.br\/index.php\/wp-json\/wp\/v2\/categories?post=20225"},{"taxonomy":"post_tag","embeddable":true,"href":"https:\/\/noticiasribeiraopreto.com.br\/index.php\/wp-json\/wp\/v2\/tags?post=20225"}],"curies":[{"name":"wp","href":"https:\/\/api.w.org\/{rel}","templated":true}]}}