{"id":20227,"date":"2023-12-24T16:25:13","date_gmt":"2023-12-24T19:25:13","guid":{"rendered":"https:\/\/noticiasribeiraopreto.com.br\/index.php\/2023\/12\/24\/video-flagra-policial-militar-atirando-em-outro-pm-no-meio-da-rua-apos-briga-de-transito-em-fortaleza\/"},"modified":"2023-12-24T16:25:13","modified_gmt":"2023-12-24T19:25:13","slug":"video-flagra-policial-militar-atirando-em-outro-pm-no-meio-da-rua-apos-briga-de-transito-em-fortaleza","status":"publish","type":"post","link":"https:\/\/noticiasribeiraopreto.com.br\/index.php\/2023\/12\/24\/video-flagra-policial-militar-atirando-em-outro-pm-no-meio-da-rua-apos-briga-de-transito-em-fortaleza\/","title":{"rendered":"V\u00eddeo flagra policial militar atirando em outro PM no meio da rua ap\u00f3s briga de tr\u00e2nsito em Fortaleza"},"content":{"rendered":"<div class='code-block code-block-1' style='margin: 8px 0 8px auto; text-align: right; display: block; clear: both;'>\n<p><a href=\"https:\/\/wa.link\/vpicfd\"><img data-recalc-dims=\"1\" class=\"wp-image-4922\" style=\"aspect-ratio: 2.0253164556962027; width: 561px; height: auto;\" src=\"https:\/\/i0.wp.com\/ismaelcolosi.com.br\/wp-content\/uploads\/2023\/11\/grupo-de-empregos-whatsapp-e-facebook-ismael-colosi-vagas.jpg?ssl=1\" alt=\"\" \/><\/a><\/p>\n<!-- \/wp:image -->\n<\/div>\n<p> <br \/>\n<\/p>\n<div itemprop=\"text\">\n<p>Um indiv\u00edduo aposentado da pol\u00edcia, com 59 anos de idade, foi alvejado durante um desentendimento na tarde do \u00faltimo s\u00e1bado (23), na cidade de Fortaleza, capital do estado do Cear\u00e1.<\/p>\n<p>Durante um conflito no tr\u00e1fego, o homem foi atingido por um disparo na perna, buscando abrigo atr\u00e1s de um caminh\u00e3o de lixo estacionado na rua, o que lhe permitiu evitar poss\u00edveis tiros adicionais disparados pelo agressor.<\/p>\n<p>Segundo informa\u00e7\u00f5es da Pol\u00edcia Militar do Cear\u00e1, o indiv\u00edduo suspeito de efetuar o disparo \u00e9 um policial militar reformado, e sua pris\u00e3o ocorreu logo ap\u00f3s o incidente. A v\u00edtima recebeu atendimento m\u00e9dico e encontra-se em boas condi\u00e7\u00f5es.<\/p>\n<p>De acordo com relatos de testemunhas, o policial aposentado estava na rua, realizando a lavagem de seu ve\u00edculo, quando quase foi atropelado pelo outro policial, atualmente afastado de suas fun\u00e7\u00f5es.<\/p>\n<p>As testemunhas afirmam que o condutor demonstrava sinais de embriaguez. Registros provenientes de c\u00e2meras de vigil\u00e2ncia revelam o instante em que os dois indiv\u00edduos engajam em uma discuss\u00e3o, resultando em empurr\u00f5es no meio da via.<\/p>\n<p>No decorrer do conflito f\u00edsico, o policial reformado consegue extrair uma arma e disparar contra a perna do outro agente de seguran\u00e7a que est\u00e1 temporariamente afastado das suas fun\u00e7\u00f5es.<\/p>\n<p>Ap\u00f3s o impacto, o indiv\u00edduo correu em busca de abrigo, resguardando-se atr\u00e1s do caminh\u00e3o de lixo, enquanto o agressor persistia na persegui\u00e7\u00e3o, portando a arma. O policial reformado ainda efetuou diversos disparos antes de retornar ao seu ve\u00edculo e deixar o local.<\/p>\n<p>Para assistir ao v\u00eddeo <a href=\"https:\/\/g1.globo.com\/ce\/ceara\/video\/policial-atira-em-outro-apos-bate-boca-e-troca-de-agressoes-em-fortaleza-12218093.ghtml\" target=\"_blank\" rel=\"nofollow noopener\">CLIQUE AQUI!<\/a><\/p>\n<p>A pessoa atingida, que optou por preservar sua identidade, relatou ter sido resguardada pela presen\u00e7a do caminh\u00e3o de lixo e expressou a inten\u00e7\u00e3o de reunir alguns mantimentos para presentear os trabalhadores da limpeza no per\u00edodo do Natal.<\/p>\n<\/div>\n<p><br \/>\n<br \/><a href=\"https:\/\/fnmais.com\/video-flagra-policial-militar-atirando-em-outro-pm-no-meio-rua-apos-briga-transito-em-fortaleza\/\">Source link <\/a><\/p>\n<!-- CONTENT END 1 -->\n","protected":false},"excerpt":{"rendered":"<p>Um indiv\u00edduo aposentado da pol\u00edcia, com 59 anos de idade, foi alvejado durante um desentendimento na tarde do \u00faltimo s\u00e1bado (23), na cidade de Fortaleza,&#8230;<\/p>\n","protected":false},"author":1,"featured_media":20228,"comment_status":"open","ping_status":"open","sticky":false,"template":"","format":"standard","meta":{"advanced_seo_description":"","jetpack_seo_html_title":"","jetpack_seo_noindex":false,"jetpack_post_was_ever_published":false,"_jetpack_newsletter_access":"","_jetpack_dont_email_post_to_subs":false,"_jetpack_newsletter_tier_id":0,"_jetpack_memberships_contains_paywalled_content":false,"_jetpack_memberships_contains_paid_content":false,"footnotes":"","jetpack_publicize_message":"","jetpack_publicize_feature_enabled":true,"jetpack_social_post_already_shared":true,"jetpack_social_options":{"image_generator_settings":{"template":"highway","default_image_id":0,"font":"","enabled":false},"version":2}},"categories":[1],"tags":[],"class_list":["post-20227","post","type-post","status-publish","format-standard","has-post-thumbnail","hentry","category-blog"],"jetpack_publicize_connections":[],"jetpack_featured_media_url":"https:\/\/i0.wp.com\/noticiasribeiraopreto.com.br\/wp-content\/uploads\/2023\/12\/postimg-65886150731049991.jpg?fit=1200%2C628&ssl=1","jetpack-related-posts":[{"id":81072,"url":"https:\/\/noticiasribeiraopreto.com.br\/index.php\/2025\/12\/23\/criminoso-morre-apos-ser-baleado-por-pm-de-folga-durante-tentativa-de-roubo-em-ribeirao-preto\/","url_meta":{"origin":20227,"position":0},"title":"Criminoso morre ap\u00f3s ser baleado por PM de folga durante tentativa de roubo em Ribeir\u00e3o Preto","author":"noticiasribeiraopreto.com.br","date":"23 de December de 2025","format":false,"excerpt":"Um homem de 30 anos morreu ap\u00f3s ser baleado por um policial militar durante uma tentativa de roubo a uma tape\u00e7aria localizada na rua Para\u00edba, no bairro Campos El\u00edseos, zona Norte de Ribeir\u00e3o Preto, na tarde desta segunda-feira (22). De acordo com as informa\u00e7\u00f5es da Pol\u00edcia Militar, o suspeito teria\u2026","rel":"","context":"In &quot;Not\u00edcias de Ribeir\u00e3o Preto-SP e Regi\u00e3o&quot;","block_context":{"text":"Not\u00edcias de Ribeir\u00e3o Preto-SP e Regi\u00e3o","link":"https:\/\/noticiasribeiraopreto.com.br\/index.php\/category\/noticias-de-ribeirao-preto-sp-e-regiao-ismael-colosi\/"},"img":{"alt_text":"","src":"https:\/\/i0.wp.com\/noticiasribeiraopreto.com.br\/wp-content\/uploads\/2025\/12\/domingo-22_2025-12-22_19-54-50.webp.webp?fit=1200%2C675&ssl=1&resize=350%2C200","width":350,"height":200,"srcset":"https:\/\/i0.wp.com\/noticiasribeiraopreto.com.br\/wp-content\/uploads\/2025\/12\/domingo-22_2025-12-22_19-54-50.webp.webp?fit=1200%2C675&ssl=1&resize=350%2C200 1x, https:\/\/i0.wp.com\/noticiasribeiraopreto.com.br\/wp-content\/uploads\/2025\/12\/domingo-22_2025-12-22_19-54-50.webp.webp?fit=1200%2C675&ssl=1&resize=525%2C300 1.5x, https:\/\/i0.wp.com\/noticiasribeiraopreto.com.br\/wp-content\/uploads\/2025\/12\/domingo-22_2025-12-22_19-54-50.webp.webp?fit=1200%2C675&ssl=1&resize=700%2C400 2x, https:\/\/i0.wp.com\/noticiasribeiraopreto.com.br\/wp-content\/uploads\/2025\/12\/domingo-22_2025-12-22_19-54-50.webp.webp?fit=1200%2C675&ssl=1&resize=1050%2C600 3x"},"classes":[]},{"id":75419,"url":"https:\/\/noticiasribeiraopreto.com.br\/index.php\/2025\/08\/08\/homem-e-condenado-por-morte-de-pm-aposentado\/","url_meta":{"origin":20227,"position":1},"title":"Homem \u00e9 condenado por morte de PM aposentado","author":"noticiasribeiraopreto.com.br","date":"8 de August de 2025","format":false,"excerpt":"Por: Adalberto Luque O Tribunal de Justi\u00e7a de S\u00e3o Paulo condenou Emerson Pereira da Silva h\u00e1 32 anos de pris\u00e3o pela morte do policial militar Dari\u00ea Tremura, ocorrido em 12 de fevereiro de 2024, durante uma tentativa de assalto. Silva foi preso em Londrina (PR), em dezembro do ano passado.\u2026","rel":"","context":"In &quot;Not\u00edcias de Ribeir\u00e3o Preto-SP e Regi\u00e3o&quot;","block_context":{"text":"Not\u00edcias de Ribeir\u00e3o Preto-SP e Regi\u00e3o","link":"https:\/\/noticiasribeiraopreto.com.br\/index.php\/category\/noticias-de-ribeirao-preto-sp-e-regiao-ismael-colosi\/"},"img":{"alt_text":"","src":"https:\/\/i0.wp.com\/noticiasribeiraopreto.com.br\/wp-content\/uploads\/2025\/08\/12dez2024-casotremura3-scaled.jpg?fit=583%2C500&ssl=1&resize=350%2C200","width":350,"height":200,"srcset":"https:\/\/i0.wp.com\/noticiasribeiraopreto.com.br\/wp-content\/uploads\/2025\/08\/12dez2024-casotremura3-scaled.jpg?fit=583%2C500&ssl=1&resize=350%2C200 1x, https:\/\/i0.wp.com\/noticiasribeiraopreto.com.br\/wp-content\/uploads\/2025\/08\/12dez2024-casotremura3-scaled.jpg?fit=583%2C500&ssl=1&resize=525%2C300 1.5x"},"classes":[]},{"id":38071,"url":"https:\/\/noticiasribeiraopreto.com.br\/index.php\/2024\/02\/19\/vitima-de-tiroteio-no-centro-de-ribeirao-recebe-alta-de-hospital\/","url_meta":{"origin":20227,"position":2},"title":"V\u00edtima de tiroteio no Centro de Ribeir\u00e3o recebe alta de hospital","author":"noticiasribeiraopreto.com.br","date":"19 de February de 2024","format":false,"excerpt":"O enteado do policial militar aposentado Darie Alves Tremura, de 63 anos, que morreu ap\u00f3s ser v\u00edtima de um de assalto no dia 12 de fevereiro, teve alta do hospital, neste domingo (18), em Ribeir\u00e3o Preto. Rafael Bernardes Faria, de 36 anos, foi baleado enquanto ele e o policial aposentado\u2026","rel":"","context":"In &quot;Not\u00edcias de Ribeir\u00e3o Preto-SP e Regi\u00e3o&quot;","block_context":{"text":"Not\u00edcias de Ribeir\u00e3o Preto-SP e Regi\u00e3o","link":"https:\/\/noticiasribeiraopreto.com.br\/index.php\/category\/noticias-de-ribeirao-preto-sp-e-regiao-ismael-colosi\/"},"img":{"alt_text":"","src":"https:\/\/i0.wp.com\/noticiasribeiraopreto.com.br\/wp-content\/uploads\/2024\/02\/1708374250_assalto-ribeirao-preto.jpg?fit=1000%2C813&ssl=1&resize=350%2C200","width":350,"height":200,"srcset":"https:\/\/i0.wp.com\/noticiasribeiraopreto.com.br\/wp-content\/uploads\/2024\/02\/1708374250_assalto-ribeirao-preto.jpg?fit=1000%2C813&ssl=1&resize=350%2C200 1x, https:\/\/i0.wp.com\/noticiasribeiraopreto.com.br\/wp-content\/uploads\/2024\/02\/1708374250_assalto-ribeirao-preto.jpg?fit=1000%2C813&ssl=1&resize=525%2C300 1.5x, https:\/\/i0.wp.com\/noticiasribeiraopreto.com.br\/wp-content\/uploads\/2024\/02\/1708374250_assalto-ribeirao-preto.jpg?fit=1000%2C813&ssl=1&resize=700%2C400 2x"},"classes":[]},{"id":38159,"url":"https:\/\/noticiasribeiraopreto.com.br\/index.php\/2024\/02\/19\/vitima-de-tiroteio-no-centro-de-ribeirao-recebe-alta-de-hospital-2\/","url_meta":{"origin":20227,"position":3},"title":"V\u00edtima de tiroteio no Centro de Ribeir\u00e3o recebe alta de hospital","author":"noticiasribeiraopreto.com.br","date":"19 de February de 2024","format":false,"excerpt":"O enteado do policial militar aposentado Darie Alves Tremura, de 63 anos, que morreu ap\u00f3s ser v\u00edtima de um de assalto no dia 12 de fevereiro, teve alta do hospital, neste domingo (18), em Ribeir\u00e3o Preto. Rafael Bernardes Faria, de 36 anos, foi baleado enquanto ele e o policial aposentado\u2026","rel":"","context":"In &quot;Not\u00edcias de Ribeir\u00e3o Preto-SP e Regi\u00e3o&quot;","block_context":{"text":"Not\u00edcias de Ribeir\u00e3o Preto-SP e Regi\u00e3o","link":"https:\/\/noticiasribeiraopreto.com.br\/index.php\/category\/noticias-de-ribeirao-preto-sp-e-regiao-ismael-colosi\/"},"img":{"alt_text":"","src":"https:\/\/i0.wp.com\/noticiasribeiraopreto.com.br\/wp-content\/uploads\/2024\/02\/1708375695_assalto-ribeirao-preto.jpg?fit=1000%2C813&ssl=1&resize=350%2C200","width":350,"height":200,"srcset":"https:\/\/i0.wp.com\/noticiasribeiraopreto.com.br\/wp-content\/uploads\/2024\/02\/1708375695_assalto-ribeirao-preto.jpg?fit=1000%2C813&ssl=1&resize=350%2C200 1x, https:\/\/i0.wp.com\/noticiasribeiraopreto.com.br\/wp-content\/uploads\/2024\/02\/1708375695_assalto-ribeirao-preto.jpg?fit=1000%2C813&ssl=1&resize=525%2C300 1.5x, https:\/\/i0.wp.com\/noticiasribeiraopreto.com.br\/wp-content\/uploads\/2024\/02\/1708375695_assalto-ribeirao-preto.jpg?fit=1000%2C813&ssl=1&resize=700%2C400 2x"},"classes":[]},{"id":11200,"url":"https:\/\/noticiasribeiraopreto.com.br\/index.php\/2023\/12\/05\/utm_sourcerssutm_mediumrssutm_campaigncasqueiro-e-preso-apos-esfaquear-policial-aposentado-em-batatais\/","url_meta":{"origin":20227,"position":4},"title":"Casqueiro \u00e9 preso ap\u00f3s esfaquear Policial aposentado em Batatais \u2013 X Tudo Ribeir\u00e3o","author":"noticiasribeiraopreto.com.br","date":"5 de December de 2023","format":false,"excerpt":"Um Policial Militar aposentado foi esfaqueado por um usu\u00e1rio de drogas na tarde desta ter\u00e7a-feira (5\/12), dentro de um supermercado na Vila Lopes, na cidade de Batatais. Segundo informa\u00e7\u00f5es da Pol\u00edcia Militar, populares acionaram os PMs alegando que teria um Militar aposentado com ferimento de faca em um supermercado na\u2026","rel":"","context":"In &quot;Not\u00edcias de Ribeir\u00e3o Preto-SP e Regi\u00e3o&quot;","block_context":{"text":"Not\u00edcias de Ribeir\u00e3o Preto-SP e Regi\u00e3o","link":"https:\/\/noticiasribeiraopreto.com.br\/index.php\/category\/noticias-de-ribeirao-preto-sp-e-regiao-ismael-colosi\/"},"img":{"alt_text":"","src":"https:\/\/i0.wp.com\/noticiasribeiraopreto.com.br\/wp-content\/uploads\/2023\/12\/3ca49def-4204-41bc-a7bf-9c5b0f867fed.jpeg?fit=1139%2C518&ssl=1&resize=350%2C200","width":350,"height":200,"srcset":"https:\/\/i0.wp.com\/noticiasribeiraopreto.com.br\/wp-content\/uploads\/2023\/12\/3ca49def-4204-41bc-a7bf-9c5b0f867fed.jpeg?fit=1139%2C518&ssl=1&resize=350%2C200 1x, https:\/\/i0.wp.com\/noticiasribeiraopreto.com.br\/wp-content\/uploads\/2023\/12\/3ca49def-4204-41bc-a7bf-9c5b0f867fed.jpeg?fit=1139%2C518&ssl=1&resize=525%2C300 1.5x, https:\/\/i0.wp.com\/noticiasribeiraopreto.com.br\/wp-content\/uploads\/2023\/12\/3ca49def-4204-41bc-a7bf-9c5b0f867fed.jpeg?fit=1139%2C518&ssl=1&resize=700%2C400 2x, https:\/\/i0.wp.com\/noticiasribeiraopreto.com.br\/wp-content\/uploads\/2023\/12\/3ca49def-4204-41bc-a7bf-9c5b0f867fed.jpeg?fit=1139%2C518&ssl=1&resize=1050%2C600 3x"},"classes":[]},{"id":78944,"url":"https:\/\/noticiasribeiraopreto.com.br\/index.php\/2025\/10\/21\/dupla-e-presa-apos-roubo-e-troca-de-tiros-com-policial-aposentado-em-ribeirao-preto\/","url_meta":{"origin":20227,"position":5},"title":"Dupla \u00e9 presa ap\u00f3s roubo e troca de tiros com policial aposentado em Ribeir\u00e3o Preto","author":"noticiasribeiraopreto.com.br","date":"21 de October de 2025","format":false,"excerpt":"A PM (Pol\u00edcia Militar) prendeu dois suspeitos de um roubo que teve em troca de tiros com uma das v\u00edtimas, um policial militar aposentado, nesta segunda-feira (21), em Ribeir\u00e3o Preto. Segundo o boletim de ocorr\u00eancia (BO), dois homens em uma moto roubaram a correntinha de ouro do filho do policial,\u2026","rel":"","context":"In &quot;Not\u00edcias de Ribeir\u00e3o Preto-SP e Regi\u00e3o&quot;","block_context":{"text":"Not\u00edcias de Ribeir\u00e3o Preto-SP e Regi\u00e3o","link":"https:\/\/noticiasribeiraopreto.com.br\/index.php\/category\/noticias-de-ribeirao-preto-sp-e-regiao-ismael-colosi\/"},"img":{"alt_text":"","src":"https:\/\/i0.wp.com\/noticiasribeiraopreto.com.br\/wp-content\/uploads\/2025\/06\/policia-militar-nova-2_2025-04-24_13-01-57.webp.webp?fit=1200%2C799&ssl=1&resize=350%2C200","width":350,"height":200,"srcset":"https:\/\/i0.wp.com\/noticiasribeiraopreto.com.br\/wp-content\/uploads\/2025\/06\/policia-militar-nova-2_2025-04-24_13-01-57.webp.webp?fit=1200%2C799&ssl=1&resize=350%2C200 1x, https:\/\/i0.wp.com\/noticiasribeiraopreto.com.br\/wp-content\/uploads\/2025\/06\/policia-militar-nova-2_2025-04-24_13-01-57.webp.webp?fit=1200%2C799&ssl=1&resize=525%2C300 1.5x, https:\/\/i0.wp.com\/noticiasribeiraopreto.com.br\/wp-content\/uploads\/2025\/06\/policia-militar-nova-2_2025-04-24_13-01-57.webp.webp?fit=1200%2C799&ssl=1&resize=700%2C400 2x, https:\/\/i0.wp.com\/noticiasribeiraopreto.com.br\/wp-content\/uploads\/2025\/06\/policia-militar-nova-2_2025-04-24_13-01-57.webp.webp?fit=1200%2C799&ssl=1&resize=1050%2C600 3x"},"classes":[]}],"jetpack_sharing_enabled":true,"jetpack_shortlink":"https:\/\/wp.me\/peQAOb-5gf","_links":{"self":[{"href":"https:\/\/noticiasribeiraopreto.com.br\/index.php\/wp-json\/wp\/v2\/posts\/20227","targetHints":{"allow":["GET"]}}],"collection":[{"href":"https:\/\/noticiasribeiraopreto.com.br\/index.php\/wp-json\/wp\/v2\/posts"}],"about":[{"href":"https:\/\/noticiasribeiraopreto.com.br\/index.php\/wp-json\/wp\/v2\/types\/post"}],"author":[{"embeddable":true,"href":"https:\/\/noticiasribeiraopreto.com.br\/index.php\/wp-json\/wp\/v2\/users\/1"}],"replies":[{"embeddable":true,"href":"https:\/\/noticiasribeiraopreto.com.br\/index.php\/wp-json\/wp\/v2\/comments?post=20227"}],"version-history":[{"count":0,"href":"https:\/\/noticiasribeiraopreto.com.br\/index.php\/wp-json\/wp\/v2\/posts\/20227\/revisions"}],"wp:featuredmedia":[{"embeddable":true,"href":"https:\/\/noticiasribeiraopreto.com.br\/index.php\/wp-json\/wp\/v2\/media\/20228"}],"wp:attachment":[{"href":"https:\/\/noticiasribeiraopreto.com.br\/index.php\/wp-json\/wp\/v2\/media?parent=20227"}],"wp:term":[{"taxonomy":"category","embeddable":true,"href":"https:\/\/noticiasribeiraopreto.com.br\/index.php\/wp-json\/wp\/v2\/categories?post=20227"},{"taxonomy":"post_tag","embeddable":true,"href":"https:\/\/noticiasribeiraopreto.com.br\/index.php\/wp-json\/wp\/v2\/tags?post=20227"}],"curies":[{"name":"wp","href":"https:\/\/api.w.org\/{rel}","templated":true}]}}