{"id":20230,"date":"2023-12-24T16:28:43","date_gmt":"2023-12-24T19:28:43","guid":{"rendered":"https:\/\/noticiasribeiraopreto.com.br\/index.php\/2023\/12\/24\/atas-secretas-da-camara-foram-abertas-em-1998\/"},"modified":"2023-12-24T16:28:43","modified_gmt":"2023-12-24T19:28:43","slug":"atas-secretas-da-camara-foram-abertas-em-1998","status":"publish","type":"post","link":"https:\/\/noticiasribeiraopreto.com.br\/index.php\/2023\/12\/24\/atas-secretas-da-camara-foram-abertas-em-1998\/","title":{"rendered":"\u2018Atas Secretas\u2019 da C\u00e2mara foram abertas em 1998\u00a0"},"content":{"rendered":"<div class='code-block code-block-1' style='margin: 8px 0 8px auto; text-align: right; display: block; clear: both;'>\n<p><a href=\"https:\/\/wa.link\/vpicfd\"><img data-recalc-dims=\"1\" class=\"wp-image-4922\" style=\"aspect-ratio: 2.0253164556962027; width: 561px; height: auto;\" src=\"https:\/\/i0.wp.com\/ismaelcolosi.com.br\/wp-content\/uploads\/2023\/11\/grupo-de-empregos-whatsapp-e-facebook-ismael-colosi-vagas.jpg?ssl=1\" alt=\"\" \/><\/a><\/p>\n<!-- \/wp:image -->\n<\/div>\n<p> <br \/>\n<\/p>\n<div id=\"\">\n<p> <span class=\"entry-meta-item penci-posted-on\"><i class=\"fa fa-clock-o\"\/><time class=\"entry-date published\" datetime=\"2023-12-24T16:00:46-03:00\">24 de dezembro de 2023 | 16:00<\/time><time class=\"updated\" datetime=\"2023-12-24T11:07:51-03:00\">24 de dezembro de 2023 | 11:07<\/time><\/span><\/p>\n<p> <span class=\"penci-social-buttons penci-social-share-footer\"><a href=\"#\" class=\"penci-post-like penci_post-meta_item  single-like-button penci-social-item like\" data-post_id=\"368336\" title=\"Like\" data-like=\"Like\" data-unlike=\"Unlike\"><i class=\"fa fa-thumbs-o-up\"\/><span class=\"penci-share-number\">0<\/span><\/a><i class=\"fa fa-facebook\"\/><a class=\"penci-social-item twitter\" target=\"_blank\" rel=\"noopener\" title=\"\" href=\"https:\/\/twitter.com\/intent\/tweet?text=\u2018Atas%20Secretas%20da%20C\u00e2mara%20foram%20abertas%20em%201998\u00a0%20-%20https:\/\/www.tribunaribeirao.com.br\/site\/atas-secretas-da-camara-foram-abertas-em-1998\/\"><i class=\"fa fa-twitter\"\/><\/a><i class=\"fa fa-whatsapp\"\/><\/span><\/div>\n<div>\n<p><span data-contrast=\"auto\">As atas secretas da C\u00e2mara Municipal de Ribeir\u00e3o Preto retratam as sess\u00f5es realizadas entre as d\u00e9cadas de 1940 e 1970. Elas se tornaram p\u00fablicas no dia 5 de agosto de 1998. Estavam dentro de um cofre, em 22 envelopes que continham atas de 23 reuni\u00f5es secretas.<\/span><span data-ccp-props=\"{&quot;201341983&quot;:0,&quot;335559739&quot;:0,&quot;335559740&quot;:240}\">\u00a0<\/span><\/p>\n<p><span data-contrast=\"auto\">Um dos envelopes, por exemplo, guardava atas de duas sess\u00f5es. O documento, que ficou 50 anos trancado dentro de um cofre da C\u00e2mara, revela que o ent\u00e3o vereador Aparecido Ara\u00fajo (do ent\u00e3o PSD) foi preso em flagrante por um delegado, no final de 1947, quando participava de protestos junto com grevistas da ind\u00fastria Matarazzo.<\/span><span data-ccp-props=\"{&quot;201341983&quot;:0,&quot;335559739&quot;:0,&quot;335559740&quot;:240}\">\u00a0<\/span><\/p>\n<p><span data-contrast=\"auto\">Ele participou do protesto motivado pelo atraso no pagamento do abono de Natal dos trabalhadores e foi preso sob a alega\u00e7\u00e3o de ter \u201cdesacatado a autoridade policial\u201d. O ent\u00e3o vereador pagou fian\u00e7a e foi liberado. A ata da sess\u00e3o mostra ainda que o pedido de cassa\u00e7\u00e3o do vereador, impetrado na ocasi\u00e3o no Legislativo e negado por 20 votos contra um.<\/span><span data-ccp-props=\"{&quot;201341983&quot;:0,&quot;335559739&quot;:0,&quot;335559740&quot;:240}\">\u00a0<\/span><\/p>\n<p><span data-contrast=\"auto\">J\u00e1 em 1964 o vereador Pedro Augusto de Azevedo Marques (PSB) foi cassado, acusado de ser comunista. A cassa\u00e7\u00e3o, tamb\u00e9m foi votada em sess\u00e3o secreta e se tornou p\u00fablica ap\u00f3s a abertura dos envelopes.<\/span><span data-ccp-props=\"{&quot;201341983&quot;:0,&quot;335559739&quot;:0,&quot;335559740&quot;:240}\">\u00a0<\/span><\/p>\n<p><span data-contrast=\"auto\">J\u00e1 em outra sess\u00e3o secreta realizada no dia 22 de mar\u00e7o de 1948, foi analisada a proposta de suborno recebida pelo vereador Rubens Moreira (do extinto PSP) para manter um cassino com jogos de roleta no subsolo do Teatro Pedro II.<\/span><span data-ccp-props=\"{&quot;201341983&quot;:0,&quot;335559739&quot;:0,&quot;335559740&quot;:240}\">\u00a0<\/span><\/p>\n<p><span data-contrast=\"auto\">De acordo com a transcri\u00e7\u00e3o das palavras do vereador na ata, ele teria recebido a proposta durante uma viagem de trem. O nome da pessoa que teria tentado o suborno est\u00e1 ileg\u00edvel, pois a ata foi manuscrita na \u00e9poca.<\/span><span data-ccp-props=\"{&quot;201341983&quot;:0,&quot;335559739&quot;:0,&quot;335559740&quot;:240}\">\u00a0<\/span><\/p>\n<p><span data-contrast=\"auto\">Outros assuntos que motivaram a realiza\u00e7\u00e3o de atas secretas foram desentendimentos entre parlamentares, vota\u00e7\u00e3o de Or\u00e7amento da Prefeitura, um conv\u00eanio entre a administra\u00e7\u00e3o municipal com uma concession\u00e1ria de \u00e1gua e esgoto, al\u00e9m de repreens\u00e3o a vereadores que costumavam usar armas durante as sess\u00f5es. Grande parte dos envelopes abertos possuem atas manuscritas, que dificultam a leitura. Todo material, em fun\u00e7\u00e3o do tempo, est\u00e1 muito desgastado.<\/span><span data-ccp-props=\"{&quot;201341983&quot;:0,&quot;335559739&quot;:0,&quot;335559740&quot;:240}\">\u00a0<\/span><\/p>\n<p><span data-ccp-props=\"{&quot;201341983&quot;:0,&quot;335559739&quot;:0,&quot;335559740&quot;:240}\">\u00a0<\/span><\/p>\n<p>\u00a0<\/p>\n<\/div>\n<p><script async src=\"\/\/platform.twitter.com\/widgets.js\" charset=\"utf-8\"><\/script><br \/>\n<br \/><br \/>\n<br \/><a href=\"https:\/\/www.tribunaribeirao.com.br\/site\/atas-secretas-da-camara-foram-abertas-em-1998\/\">Source link <\/a><\/p>\n<!-- CONTENT END 1 -->\n","protected":false},"excerpt":{"rendered":"<p>24 de dezembro de 2023 | 16:0024 de dezembro de 2023 | 11:07 0 As atas secretas da C\u00e2mara Municipal de Ribeir\u00e3o Preto retratam as&#8230;<\/p>\n","protected":false},"author":1,"featured_media":20231,"comment_status":"open","ping_status":"open","sticky":false,"template":"","format":"standard","meta":{"advanced_seo_description":"","jetpack_seo_html_title":"","jetpack_seo_noindex":false,"jetpack_post_was_ever_published":false,"_jetpack_newsletter_access":"","_jetpack_dont_email_post_to_subs":false,"_jetpack_newsletter_tier_id":0,"_jetpack_memberships_contains_paywalled_content":false,"_jetpack_memberships_contains_paid_content":false,"footnotes":"","jetpack_publicize_message":"","jetpack_publicize_feature_enabled":true,"jetpack_social_post_already_shared":true,"jetpack_social_options":{"image_generator_settings":{"template":"highway","default_image_id":0,"font":"","enabled":false},"version":2}},"categories":[11],"tags":[145,2622,154,817,2623],"class_list":["post-20230","post","type-post","status-publish","format-standard","has-post-thumbnail","hentry","category-noticias-de-ribeirao-preto-sp-e-regiao-ismael-colosi","tag-abertas","tag-atas","tag-camara","tag-foram","tag-secretas"],"jetpack_publicize_connections":[],"jetpack_featured_media_url":"https:\/\/i0.wp.com\/noticiasribeiraopreto.com.br\/wp-content\/uploads\/2023\/12\/ata-fazer-uma-montagem-1-scaled.jpg?fit=458%2C645&ssl=1","jetpack-related-posts":[{"id":20194,"url":"https:\/\/noticiasribeiraopreto.com.br\/index.php\/2023\/12\/24\/camara-na-escola-atrai-mais-de-dois-mil-estudantes\/","url_meta":{"origin":20230,"position":0},"title":"C\u00e2mara na Escola\u00a0atrai mais de dois mil estudantes","author":"noticiasribeiraopreto.com.br","date":"24 de December de 2023","format":false,"excerpt":"24 de dezembro de 2023 | 14:0024 de dezembro de 2023 | 11:00 0Este ano o programa C\u00e2mara na Escola, realizado pelo Legislativo de Ribeir\u00e3o Preto recebeu 33 escolas totalizando 2.392 estudantes nas visitas monitoradas e nas palestras realizadas. Foram 83 visitas guiadas em que os alunos aprenderam sobre a\u2026","rel":"","context":"In &quot;Not\u00edcias de Ribeir\u00e3o Preto-SP e Regi\u00e3o&quot;","block_context":{"text":"Not\u00edcias de Ribeir\u00e3o Preto-SP e Regi\u00e3o","link":"https:\/\/noticiasribeiraopreto.com.br\/index.php\/category\/noticias-de-ribeirao-preto-sp-e-regiao-ismael-colosi\/"},"img":{"alt_text":"","src":"https:\/\/i0.wp.com\/noticiasribeiraopreto.com.br\/wp-content\/uploads\/2023\/12\/1-camara-escola-1_credioSilviaMoaraes-scaled.jpg?fit=933%2C645&ssl=1&resize=350%2C200","width":350,"height":200,"srcset":"https:\/\/i0.wp.com\/noticiasribeiraopreto.com.br\/wp-content\/uploads\/2023\/12\/1-camara-escola-1_credioSilviaMoaraes-scaled.jpg?fit=933%2C645&ssl=1&resize=350%2C200 1x, https:\/\/i0.wp.com\/noticiasribeiraopreto.com.br\/wp-content\/uploads\/2023\/12\/1-camara-escola-1_credioSilviaMoaraes-scaled.jpg?fit=933%2C645&ssl=1&resize=525%2C300 1.5x, https:\/\/i0.wp.com\/noticiasribeiraopreto.com.br\/wp-content\/uploads\/2023\/12\/1-camara-escola-1_credioSilviaMoaraes-scaled.jpg?fit=933%2C645&ssl=1&resize=700%2C400 2x"},"classes":[]},{"id":29194,"url":"https:\/\/noticiasribeiraopreto.com.br\/index.php\/2024\/01\/17\/camara-agenda-visitas-guiadas\/","url_meta":{"origin":20230,"position":1},"title":"C\u00e2mara agenda visitas guiadas\u00a0 &#8211; Jornal Tribuna Ribeir\u00e3o","author":"noticiasribeiraopreto.com.br","date":"17 de January de 2024","format":false,"excerpt":"17 de janeiro de 2024 | 17:0017 de janeiro de 2024 | 10:18 0A C\u00e2mara de Vereadores de Ribeir\u00e3o Preto abriu o per\u00edodo de agendamento para escolas p\u00fablicas e particulares interessadas em participar de visitas guiadas ao Legislativo por meio do Programa C\u00e2mara na Escola, criado h\u00e1 15 anos.\u00a0\u00a0O programa\u2026","rel":"","context":"In &quot;Not\u00edcias de Ribeir\u00e3o Preto-SP e Regi\u00e3o&quot;","block_context":{"text":"Not\u00edcias de Ribeir\u00e3o Preto-SP e Regi\u00e3o","link":"https:\/\/noticiasribeiraopreto.com.br\/index.php\/category\/noticias-de-ribeirao-preto-sp-e-regiao-ismael-colosi\/"},"img":{"alt_text":"","src":"https:\/\/i0.wp.com\/noticiasribeiraopreto.com.br\/wp-content\/uploads\/2024\/01\/Camara-Silvia-Morais-scaled.jpg?fit=1000%2C565&ssl=1&resize=350%2C200","width":350,"height":200,"srcset":"https:\/\/i0.wp.com\/noticiasribeiraopreto.com.br\/wp-content\/uploads\/2024\/01\/Camara-Silvia-Morais-scaled.jpg?fit=1000%2C565&ssl=1&resize=350%2C200 1x, https:\/\/i0.wp.com\/noticiasribeiraopreto.com.br\/wp-content\/uploads\/2024\/01\/Camara-Silvia-Morais-scaled.jpg?fit=1000%2C565&ssl=1&resize=525%2C300 1.5x, https:\/\/i0.wp.com\/noticiasribeiraopreto.com.br\/wp-content\/uploads\/2024\/01\/Camara-Silvia-Morais-scaled.jpg?fit=1000%2C565&ssl=1&resize=700%2C400 2x"},"classes":[]},{"id":24729,"url":"https:\/\/noticiasribeiraopreto.com.br\/index.php\/2024\/01\/05\/ceramica-stefani-s-a-ata-da-age-realizada-em-12-de-dezembro-de-2023\/","url_meta":{"origin":20230,"position":2},"title":"CER\u00c2MICA ST\u00c9FANI S\/A \u2013 ATA DA AGE REALIZADA EM 12 DE DEZEMBRO DE 2023","author":"noticiasribeiraopreto.com.br","date":"5 de January de 2024","format":false,"excerpt":"O post CER\u00c2MICA ST\u00c9FANI S\/A \u2013 ATA DA AGE REALIZADA EM 12 DE DEZEMBRO DE 2023 apareceu primeiro em Jornal Tribuna Ribeir\u00e3o. Source link","rel":"","context":"In &quot;Not\u00edcias de Ribeir\u00e3o Preto-SP e Regi\u00e3o&quot;","block_context":{"text":"Not\u00edcias de Ribeir\u00e3o Preto-SP e Regi\u00e3o","link":"https:\/\/noticiasribeiraopreto.com.br\/index.php\/category\/noticias-de-ribeirao-preto-sp-e-regiao-ismael-colosi\/"},"img":{"alt_text":"","src":"https:\/\/i0.wp.com\/noticiasribeiraopreto.com.br\/wp-content\/uploads\/2024\/01\/1704424819_publicidade-legal.png?fit=700%2C450&ssl=1&resize=350%2C200","width":350,"height":200,"srcset":"https:\/\/i0.wp.com\/noticiasribeiraopreto.com.br\/wp-content\/uploads\/2024\/01\/1704424819_publicidade-legal.png?fit=700%2C450&ssl=1&resize=350%2C200 1x, https:\/\/i0.wp.com\/noticiasribeiraopreto.com.br\/wp-content\/uploads\/2024\/01\/1704424819_publicidade-legal.png?fit=700%2C450&ssl=1&resize=525%2C300 1.5x, https:\/\/i0.wp.com\/noticiasribeiraopreto.com.br\/wp-content\/uploads\/2024\/01\/1704424819_publicidade-legal.png?fit=700%2C450&ssl=1&resize=700%2C400 2x"},"classes":[]},{"id":32671,"url":"https:\/\/noticiasribeiraopreto.com.br\/index.php\/2024\/01\/26\/concessionaria-de-rodovias-do-interior-paulista-s-a-ata-da-age-realizada-em-29-de-dezembro-de-2023\/","url_meta":{"origin":20230,"position":3},"title":"Concession\u00e1ria de Rodovias do Interior Paulista S.A \u2013 Ata da AGE realizada em 29 de dezembro de 2023","author":"noticiasribeiraopreto.com.br","date":"26 de January de 2024","format":false,"excerpt":"O post Concession\u00e1ria de Rodovias do Interior Paulista S.A \u2013 Ata da AGE realizada em 29 de dezembro de 2023 apareceu primeiro em Jornal Tribuna Ribeir\u00e3o. Source link","rel":"","context":"In &quot;Not\u00edcias de Ribeir\u00e3o Preto-SP e Regi\u00e3o&quot;","block_context":{"text":"Not\u00edcias de Ribeir\u00e3o Preto-SP e Regi\u00e3o","link":"https:\/\/noticiasribeiraopreto.com.br\/index.php\/category\/noticias-de-ribeirao-preto-sp-e-regiao-ismael-colosi\/"},"img":{"alt_text":"","src":"https:\/\/i0.wp.com\/noticiasribeiraopreto.com.br\/wp-content\/uploads\/2024\/01\/1706242276_publicidade-legal.png?fit=700%2C450&ssl=1&resize=350%2C200","width":350,"height":200,"srcset":"https:\/\/i0.wp.com\/noticiasribeiraopreto.com.br\/wp-content\/uploads\/2024\/01\/1706242276_publicidade-legal.png?fit=700%2C450&ssl=1&resize=350%2C200 1x, https:\/\/i0.wp.com\/noticiasribeiraopreto.com.br\/wp-content\/uploads\/2024\/01\/1706242276_publicidade-legal.png?fit=700%2C450&ssl=1&resize=525%2C300 1.5x, https:\/\/i0.wp.com\/noticiasribeiraopreto.com.br\/wp-content\/uploads\/2024\/01\/1706242276_publicidade-legal.png?fit=700%2C450&ssl=1&resize=700%2C400 2x"},"classes":[]},{"id":45580,"url":"https:\/\/noticiasribeiraopreto.com.br\/index.php\/2024\/04\/05\/calcados-sandalo-s-a-em-recuperacao-judicial-ata-da-age-realizada-em-07-de-dezembro-de-2023\/","url_meta":{"origin":20230,"position":4},"title":"Cal\u00e7ados S\u00e2ndalo S\/A \u2013 Em Recupera\u00e7\u00e3o Judicial \u2013 Ata da AGE Realizada em 07 de dezembro de 2023","author":"noticiasribeiraopreto.com.br","date":"5 de April de 2024","format":false,"excerpt":"O post Cal\u00e7ados S\u00e2ndalo S\/A \u2013 Em Recupera\u00e7\u00e3o Judicial \u2013 Ata da AGE Realizada em 07 de dezembro de 2023 apareceu primeiro em Jornal Tribuna Ribeir\u00e3o. Source link","rel":"","context":"In &quot;Not\u00edcias de Ribeir\u00e3o Preto-SP e Regi\u00e3o&quot;","block_context":{"text":"Not\u00edcias de Ribeir\u00e3o Preto-SP e Regi\u00e3o","link":"https:\/\/noticiasribeiraopreto.com.br\/index.php\/category\/noticias-de-ribeirao-preto-sp-e-regiao-ismael-colosi\/"},"img":{"alt_text":"","src":"https:\/\/i0.wp.com\/noticiasribeiraopreto.com.br\/wp-content\/uploads\/2024\/04\/1712313489_publicidade-legal.png?fit=700%2C450&ssl=1&resize=350%2C200","width":350,"height":200,"srcset":"https:\/\/i0.wp.com\/noticiasribeiraopreto.com.br\/wp-content\/uploads\/2024\/04\/1712313489_publicidade-legal.png?fit=700%2C450&ssl=1&resize=350%2C200 1x, https:\/\/i0.wp.com\/noticiasribeiraopreto.com.br\/wp-content\/uploads\/2024\/04\/1712313489_publicidade-legal.png?fit=700%2C450&ssl=1&resize=525%2C300 1.5x, https:\/\/i0.wp.com\/noticiasribeiraopreto.com.br\/wp-content\/uploads\/2024\/04\/1712313489_publicidade-legal.png?fit=700%2C450&ssl=1&resize=700%2C400 2x"},"classes":[]},{"id":68952,"url":"https:\/\/noticiasribeiraopreto.com.br\/index.php\/2025\/04\/30\/jornal-da-franca-veja-a-utilidade-secreta-da-tampinha-do-leite-que-pode-te-ajudar-na-cozinha\/","url_meta":{"origin":20230,"position":5},"title":"Jornal da Franca &#8211; Veja a utilidade secreta da tampinha do leite, que pode te ajudar na cozinha","author":"noticiasribeiraopreto.com.br","date":"30 de April de 2025","format":false,"excerpt":"compartilhar no whatsapp compartilhar no telegram compartilhar no facebook compartilhar no linkedin Aquela tampinha pl\u00e1stica da caixa de leite, que geralmente vai para o lixo, acaba se tornando uma verdadeira aliada na organiza\u00e7\u00e3o Na correria do dia a dia, at\u00e9 mesmo a tampinha do leite pode fazer uma enorme diferen\u00e7a\u2026","rel":"","context":"In &quot;Not\u00edcias de Franca-SP&quot;","block_context":{"text":"Not\u00edcias de Franca-SP","link":"https:\/\/noticiasribeiraopreto.com.br\/index.php\/category\/noticias-de-ribeirao-preto-sp-e-regiao-ismael-colosi\/noticias-franca-sp\/"},"img":{"alt_text":"","src":"https:\/\/i0.wp.com\/noticiasribeiraopreto.com.br\/wp-content\/uploads\/2025\/04\/c2fbf78f-37c3-456f-baa0-5935918fd18b.jpg?fit=1086%2C647&ssl=1&resize=350%2C200","width":350,"height":200,"srcset":"https:\/\/i0.wp.com\/noticiasribeiraopreto.com.br\/wp-content\/uploads\/2025\/04\/c2fbf78f-37c3-456f-baa0-5935918fd18b.jpg?fit=1086%2C647&ssl=1&resize=350%2C200 1x, https:\/\/i0.wp.com\/noticiasribeiraopreto.com.br\/wp-content\/uploads\/2025\/04\/c2fbf78f-37c3-456f-baa0-5935918fd18b.jpg?fit=1086%2C647&ssl=1&resize=525%2C300 1.5x, https:\/\/i0.wp.com\/noticiasribeiraopreto.com.br\/wp-content\/uploads\/2025\/04\/c2fbf78f-37c3-456f-baa0-5935918fd18b.jpg?fit=1086%2C647&ssl=1&resize=700%2C400 2x, https:\/\/i0.wp.com\/noticiasribeiraopreto.com.br\/wp-content\/uploads\/2025\/04\/c2fbf78f-37c3-456f-baa0-5935918fd18b.jpg?fit=1086%2C647&ssl=1&resize=1050%2C600 3x"},"classes":[]}],"jetpack_sharing_enabled":true,"jetpack_shortlink":"https:\/\/wp.me\/peQAOb-5gi","_links":{"self":[{"href":"https:\/\/noticiasribeiraopreto.com.br\/index.php\/wp-json\/wp\/v2\/posts\/20230","targetHints":{"allow":["GET"]}}],"collection":[{"href":"https:\/\/noticiasribeiraopreto.com.br\/index.php\/wp-json\/wp\/v2\/posts"}],"about":[{"href":"https:\/\/noticiasribeiraopreto.com.br\/index.php\/wp-json\/wp\/v2\/types\/post"}],"author":[{"embeddable":true,"href":"https:\/\/noticiasribeiraopreto.com.br\/index.php\/wp-json\/wp\/v2\/users\/1"}],"replies":[{"embeddable":true,"href":"https:\/\/noticiasribeiraopreto.com.br\/index.php\/wp-json\/wp\/v2\/comments?post=20230"}],"version-history":[{"count":0,"href":"https:\/\/noticiasribeiraopreto.com.br\/index.php\/wp-json\/wp\/v2\/posts\/20230\/revisions"}],"wp:featuredmedia":[{"embeddable":true,"href":"https:\/\/noticiasribeiraopreto.com.br\/index.php\/wp-json\/wp\/v2\/media\/20231"}],"wp:attachment":[{"href":"https:\/\/noticiasribeiraopreto.com.br\/index.php\/wp-json\/wp\/v2\/media?parent=20230"}],"wp:term":[{"taxonomy":"category","embeddable":true,"href":"https:\/\/noticiasribeiraopreto.com.br\/index.php\/wp-json\/wp\/v2\/categories?post=20230"},{"taxonomy":"post_tag","embeddable":true,"href":"https:\/\/noticiasribeiraopreto.com.br\/index.php\/wp-json\/wp\/v2\/tags?post=20230"}],"curies":[{"name":"wp","href":"https:\/\/api.w.org\/{rel}","templated":true}]}}