{"id":20332,"date":"2023-12-25T06:33:52","date_gmt":"2023-12-25T09:33:52","guid":{"rendered":"https:\/\/noticiasribeiraopreto.com.br\/index.php\/2023\/12\/25\/6-fatores-que-aumentam-o-risco-da-doenca\/"},"modified":"2023-12-25T06:33:52","modified_gmt":"2023-12-25T09:33:52","slug":"6-fatores-que-aumentam-o-risco-da-doenca","status":"publish","type":"post","link":"https:\/\/noticiasribeiraopreto.com.br\/index.php\/2023\/12\/25\/6-fatores-que-aumentam-o-risco-da-doenca\/","title":{"rendered":"6 fatores que aumentam o risco da doen\u00e7a"},"content":{"rendered":"<div class='code-block code-block-1' style='margin: 8px 0 8px auto; text-align: right; display: block; clear: both;'>\n<p><a href=\"https:\/\/wa.link\/vpicfd\"><img data-recalc-dims=\"1\" class=\"wp-image-4922\" style=\"aspect-ratio: 2.0253164556962027; width: 561px; height: auto;\" src=\"https:\/\/i0.wp.com\/ismaelcolosi.com.br\/wp-content\/uploads\/2023\/11\/grupo-de-empregos-whatsapp-e-facebook-ismael-colosi-vagas.jpg?ssl=1\" alt=\"\" \/><\/a><\/p>\n<!-- \/wp:image -->\n<\/div>\n<p> <br \/>\n<\/p>\n<div>\n<div id=\"attachment_1604871\" class=\"wp-caption alignnone\">\n<div class=\"d-flex justify-content-center\" data-attachment-id=\"1604871\">\n<div class=\"position-relative d-inline-block\"><img data-recalc-dims=\"1\" data-portal-copyright=\"\" fetchpriority=\"high\" decoding=\"async\" class=\"wp-image-1604871 size-full\" src=\"https:\/\/i0.wp.com\/catracalivre.com.br\/wp-content\/uploads\/2018\/06\/cigarro.jpg?resize=1000%2C657&#038;ssl=1\" alt=\"C\u00e2ncer de pulm\u00e3o, de boca, laringe, es\u00f4fago, intestino, p\u00e2ncreas, rim e bexiga s\u00e3o algumas das doen\u00e7as associadas ao tabagismo. Confira outros fatores de risco \u2013 iStock\/Getty Images\" width=\"1000\" height=\"657\" srcset=\"https:\/\/catracalivre.com.br\/wp-content\/uploads\/2018\/06\/cigarro.jpg 1000w, https:\/\/catracalivre.com.br\/wp-content\/uploads\/2018\/06\/cigarro-450x296.jpg 450w, https:\/\/catracalivre.com.br\/wp-content\/uploads\/2018\/06\/cigarro-768x505.jpg 768w\" sizes=\"(max-width: 1000px) 100vw, 1000px\"\/><\/div>\n<\/div>\n<p><span class=\"post-imagem__legenda\">C\u00e2ncer de pulm\u00e3o, de boca, laringe, es\u00f4fago, intestino, p\u00e2ncreas, rim e bexiga s\u00e3o algumas das doen\u00e7as associadas ao tabagismo. Confira outros fatores de risco \u2013 iStock\/Getty Images<\/span><\/p>\n<\/div>\n<p>Dados recentes da <strong><a href=\"https:\/\/catracalivre.com.br\/saude-bem-estar\/oms-causas-de-morte-no-mundo\/\" target=\"_blank\" rel=\"noopener\">Organiza\u00e7\u00e3o Mundial da Sa\u00fade (OMS)<\/a><\/strong> mostram que os casos de c\u00e2ncer de intestino mais do que duplicaram entre pessoas com menos de 55 anos.<\/p>\n<p>Seis fatores podem colocar homens jovens em maior risco, segundo estudo publicado na revista<strong><a href=\"https:\/\/aacrjournals.org\/cancerpreventionresearch\" rel=\"noopener\"> Cancer Prevention Research<\/a><\/strong>.\u00a0Ao todo, a equipe de pesquisa analisou registros m\u00e9dicos de 3.000 homens com idades entre 35 e 49 anos, incluindo pacientes com a doen\u00e7a.<\/p>\n<h2>Quais s\u00e3o os fatores de risco identificados?<\/h2>\n<p>Um conjunto de 67 fatores potenciais, incluindo h\u00e1bitos alimentares, tabagismo e uso de medicamentos sem prescri\u00e7\u00e3o, pode estar relacionado ao surgimento da doen\u00e7a. Ao fim das an\u00e1lises, seis fatores se mostraram significativos para o aumento do risco de c\u00e2ncer de intestino:<\/p>\n<ul>\n<li>Idade avan\u00e7ada (35 a 49 anos)<\/li>\n<li>Consumo de \u00e1lcool<\/li>\n<li>Ter um parente direto (pai, irm\u00e3o ou tia) ou parente de segundo grau com a doen\u00e7a<\/li>\n<li>Plano de sa\u00fade caro (isto muitas vezes torna as pessoas menos propensas a procurar cuidados m\u00e9dicos)<\/li>\n<li>Ser fumante<\/li>\n<li>N\u00e3o fazer uso regular de medicamentos estatinas ou anti-inflamat\u00f3rios n\u00e3o esteroides (AINEs), tais como aspirina ou ibuprofeno.<\/li>\n<\/ul>\n<h2>O que \u00e9 o c\u00e2ncer de intestino e como se prevenir?<\/h2>\n<p>O c\u00e2ncer de intestino tipicamente inicia como um pequeno crescimento chamado p\u00f3lipo, que forma-se no revestimento interno do c\u00f3lon. Com o tempo, as c\u00e9lulas presentes no p\u00f3lipo podem come\u00e7ar a se propagar de maneira descontrolada, desencadeando o c\u00e2ncer.<\/p>\n<p>Muitas pessoas com a doen\u00e7a n\u00e3o apresentam sintomas at\u00e9 que ela atinja est\u00e1gios mais avan\u00e7ados, tornando o tratamento mais dif\u00edcil. Por isso, \u00e9 de extrema import\u00e2ncia realizar exames preventivos a partir dos 45 anos de idade, principalmente os homens, que apresentam frequ\u00eancia maior da doen\u00e7a.<\/p>\n<h2>Como reduzir o risco de c\u00e2ncer de intestino?<\/h2>\n<p>Os pesquisadores ressaltaram que, apesar dos pontos identificados, n\u00e3o se deve incentivar o uso regular de estatinas ou AINEs entre a popula\u00e7\u00e3o jovem, tendo em vista o risco de efeitos adversos e danos renais. O mais recomendado \u00e9 que os indiv\u00edduos se atentem aos cinco demais fatores para prevenir o surgimento da doen\u00e7a.<\/p>\n<\/div>\n<p><script>\n\t\t! function(f, b, e, v, n, t, s) {\n\t\t\tif (f.fbq) return;\n\t\t\tn = f.fbq = function() {\n\t\t\t\tn.callMethod ?\n\t\t\t\t\tn.callMethod.apply(n, arguments) : n.queue.push(arguments)\n\t\t\t};\n\t\t\tif (!f._fbq) f._fbq = n;\n\t\t\tn.push = n;\n\t\t\tn.loaded = !0;\n\t\t\tn.version = '2.0';\n\t\t\tn.queue = [];\n\t\t\tt = b.createElement(e);\n\t\t\tt.async = !0;\n\t\t\tt.src = v;\n\t\t\ts = b.getElementsByTagName(e)[0];\n\t\t\ts.parentNode.insertBefore(t, s)\n\t\t}(window, document, 'script',\n\t\t\t'https:\/\/connect.facebook.net\/en_US\/fbevents.js');\n\t\tfbq('init', '338315473262380');\n\t\tfbq('track', 'PageView');\n\t<\/script><br \/>\n<br \/><br \/>\n<br \/><a href=\"https:\/\/catracalivre.com.br\/saude-bem-estar\/cancer-de-intestino-6-fatores-que-aumentam-o-risco-da-doenca\/\">Source link <\/a><\/p>\n<!-- CONTENT END 1 -->\n","protected":false},"excerpt":{"rendered":"<p>C\u00e2ncer de pulm\u00e3o, de boca, laringe, es\u00f4fago, intestino, p\u00e2ncreas, rim e bexiga s\u00e3o algumas das doen\u00e7as associadas ao tabagismo. Confira outros fatores de risco \u2013&#8230;<\/p>\n","protected":false},"author":1,"featured_media":20333,"comment_status":"open","ping_status":"open","sticky":false,"template":"","format":"standard","meta":{"advanced_seo_description":"","jetpack_seo_html_title":"","jetpack_seo_noindex":false,"jetpack_post_was_ever_published":false,"_jetpack_newsletter_access":"","_jetpack_dont_email_post_to_subs":false,"_jetpack_newsletter_tier_id":0,"_jetpack_memberships_contains_paywalled_content":false,"_jetpack_memberships_contains_paid_content":false,"footnotes":"","jetpack_publicize_message":"","jetpack_publicize_feature_enabled":true,"jetpack_social_post_already_shared":true,"jetpack_social_options":{"image_generator_settings":{"template":"highway","default_image_id":0,"font":"","enabled":false},"version":2}},"categories":[19],"tags":[],"class_list":["post-20332","post","type-post","status-publish","format-standard","has-post-thumbnail","hentry","category-variedades"],"jetpack_publicize_connections":[],"jetpack_featured_media_url":"https:\/\/i0.wp.com\/noticiasribeiraopreto.com.br\/wp-content\/uploads\/2023\/12\/cigarro.jpg?fit=1200%2C638&ssl=1","jetpack-related-posts":[{"id":18375,"url":"https:\/\/noticiasribeiraopreto.com.br\/index.php\/2023\/12\/20\/estudo-faz-novas-descobertas-sobre-o-que-causa-parkinson\/","url_meta":{"origin":20332,"position":0},"title":"Estudo faz novas descobertas sobre o que causa Parkinson","author":"noticiasribeiraopreto.com.br","date":"20 de December de 2023","format":false,"excerpt":"Uma nova pesquisa da Universidade do Alabama em Birmingham, nos EUA, descobriu que fatores de risco evit\u00e1veis desempenham um papel significativo no potencial de uma pessoa de desenvolver a doen\u00e7a de Parkinson. As descobertas publicadas na revista Nature\u2019s Parkinson\u2019s Disease apontam para o perigo de exposi\u00e7\u00e3o a pesticidas\/herbicidas comumente usados\u2026","rel":"","context":"In &quot;Variedades&quot;","block_context":{"text":"Variedades","link":"https:\/\/noticiasribeiraopreto.com.br\/index.php\/category\/variedades\/"},"img":{"alt_text":"","src":"https:\/\/i0.wp.com\/noticiasribeiraopreto.com.br\/wp-content\/uploads\/2023\/12\/istock-1319438056.jpg?fit=1200%2C638&ssl=1&resize=350%2C200","width":350,"height":200,"srcset":"https:\/\/i0.wp.com\/noticiasribeiraopreto.com.br\/wp-content\/uploads\/2023\/12\/istock-1319438056.jpg?fit=1200%2C638&ssl=1&resize=350%2C200 1x, https:\/\/i0.wp.com\/noticiasribeiraopreto.com.br\/wp-content\/uploads\/2023\/12\/istock-1319438056.jpg?fit=1200%2C638&ssl=1&resize=525%2C300 1.5x, https:\/\/i0.wp.com\/noticiasribeiraopreto.com.br\/wp-content\/uploads\/2023\/12\/istock-1319438056.jpg?fit=1200%2C638&ssl=1&resize=700%2C400 2x, https:\/\/i0.wp.com\/noticiasribeiraopreto.com.br\/wp-content\/uploads\/2023\/12\/istock-1319438056.jpg?fit=1200%2C638&ssl=1&resize=1050%2C600 3x"},"classes":[]},{"id":62637,"url":"https:\/\/noticiasribeiraopreto.com.br\/index.php\/2025\/01\/20\/cancer-de-pancreas-entenda-doenca-que-tirou-a-vida-de-leo-batista\/","url_meta":{"origin":20332,"position":1},"title":"C\u00e2ncer de p\u00e2ncreas: entenda doen\u00e7a que tirou a vida de L\u00e9o Batista","author":"noticiasribeiraopreto.com.br","date":"20 de January de 2025","format":false,"excerpt":"O c\u00e2ncer no p\u00e2ncreas, que vitimou o jornalista L\u00e9o Batista, que morreu no \u00faltimo domingo (19), aos 92 anos, \u00e9 apontado pelo Inca (Instituto Nacional de C\u00e2ncer) como um tumor maligno de alta taxa mortalidade. De acordo com o \u00f3rg\u00e3o, isso se deve pelo diagn\u00f3stico tardio da doen\u00e7a, j\u00e1 que\u2026","rel":"","context":"In &quot;Not\u00edcias de Ribeir\u00e3o Preto-SP e Regi\u00e3o&quot;","block_context":{"text":"Not\u00edcias de Ribeir\u00e3o Preto-SP e Regi\u00e3o","link":"https:\/\/noticiasribeiraopreto.com.br\/index.php\/category\/noticias-de-ribeirao-preto-sp-e-regiao-ismael-colosi\/"},"img":{"alt_text":"","src":"https:\/\/i0.wp.com\/noticiasribeiraopreto.com.br\/wp-content\/uploads\/2025\/01\/virose_2025-01-06_16-13-03_jpg_2025-01-06_16-13-03.webp.webp?fit=1200%2C801&ssl=1&resize=350%2C200","width":350,"height":200,"srcset":"https:\/\/i0.wp.com\/noticiasribeiraopreto.com.br\/wp-content\/uploads\/2025\/01\/virose_2025-01-06_16-13-03_jpg_2025-01-06_16-13-03.webp.webp?fit=1200%2C801&ssl=1&resize=350%2C200 1x, https:\/\/i0.wp.com\/noticiasribeiraopreto.com.br\/wp-content\/uploads\/2025\/01\/virose_2025-01-06_16-13-03_jpg_2025-01-06_16-13-03.webp.webp?fit=1200%2C801&ssl=1&resize=525%2C300 1.5x, https:\/\/i0.wp.com\/noticiasribeiraopreto.com.br\/wp-content\/uploads\/2025\/01\/virose_2025-01-06_16-13-03_jpg_2025-01-06_16-13-03.webp.webp?fit=1200%2C801&ssl=1&resize=700%2C400 2x, https:\/\/i0.wp.com\/noticiasribeiraopreto.com.br\/wp-content\/uploads\/2025\/01\/virose_2025-01-06_16-13-03_jpg_2025-01-06_16-13-03.webp.webp?fit=1200%2C801&ssl=1&resize=1050%2C600 3x"},"classes":[]},{"id":20302,"url":"https:\/\/noticiasribeiraopreto.com.br\/index.php\/2023\/12\/24\/sintomas-da-doenca-que-causa-preocupacao-excessiva-com-a-saude\/","url_meta":{"origin":20332,"position":2},"title":"sintomas da doen\u00e7a que causa preocupa\u00e7\u00e3o excessiva com a sa\u00fade","author":"noticiasribeiraopreto.com.br","date":"24 de December de 2023","format":false,"excerpt":"Cr\u00e9ditos: iStock\/towfiqu ahamedDiversas causas e fatores levam as pessoas a serem diagnosticadas com hipocondria \u2013 iStock\/Getty Images D\u00e1-se o nome de hipocondria o estado psicol\u00f3gico em que uma pessoa desenvolve preocupa\u00e7\u00e3o excessiva com a sa\u00fade. Essa condi\u00e7\u00e3o se caracteriza pelo medo e ansiedade permanente de adoecer, levando a pessoa a\u2026","rel":"","context":"In &quot;Variedades&quot;","block_context":{"text":"Variedades","link":"https:\/\/noticiasribeiraopreto.com.br\/index.php\/category\/variedades\/"},"img":{"alt_text":"","src":"https:\/\/i0.wp.com\/noticiasribeiraopreto.com.br\/wp-content\/uploads\/2023\/12\/decisao-da-anvisa-transforma-a-compra-de-remedios-no-brasil.jpg?fit=1200%2C638&ssl=1&resize=350%2C200","width":350,"height":200,"srcset":"https:\/\/i0.wp.com\/noticiasribeiraopreto.com.br\/wp-content\/uploads\/2023\/12\/decisao-da-anvisa-transforma-a-compra-de-remedios-no-brasil.jpg?fit=1200%2C638&ssl=1&resize=350%2C200 1x, https:\/\/i0.wp.com\/noticiasribeiraopreto.com.br\/wp-content\/uploads\/2023\/12\/decisao-da-anvisa-transforma-a-compra-de-remedios-no-brasil.jpg?fit=1200%2C638&ssl=1&resize=525%2C300 1.5x, https:\/\/i0.wp.com\/noticiasribeiraopreto.com.br\/wp-content\/uploads\/2023\/12\/decisao-da-anvisa-transforma-a-compra-de-remedios-no-brasil.jpg?fit=1200%2C638&ssl=1&resize=700%2C400 2x, https:\/\/i0.wp.com\/noticiasribeiraopreto.com.br\/wp-content\/uploads\/2023\/12\/decisao-da-anvisa-transforma-a-compra-de-remedios-no-brasil.jpg?fit=1200%2C638&ssl=1&resize=1050%2C600 3x"},"classes":[]},{"id":66248,"url":"https:\/\/noticiasribeiraopreto.com.br\/index.php\/2025\/03\/29\/jornal-da-franca-ficar-bonita-e-bom-mas-muita-atencao-para-a-chamada-doenca-do-silicone\/","url_meta":{"origin":20332,"position":3},"title":"Jornal da Franca &#8211; Ficar bonita \u00e9 bom: mas muita aten\u00e7\u00e3o para a chamada \u201cdoen\u00e7a do silicone\u201d","author":"noticiasribeiraopreto.com.br","date":"29 de March de 2025","format":false,"excerpt":"compartilhar no whatsapp compartilhar no telegram compartilhar no facebook compartilhar no linkedin Trata-se de uma altera\u00e7\u00e3o autoimune que pode ser desencadeada por v\u00e1rios fatores Trata-se de uma altera\u00e7\u00e3o autoimune que pode ser desencadeada por v\u00e1rios fatores Doen\u00e7a do silicone \u00e9 um termo utilizado para descrever alguns sintomas que podem surgir\u2026","rel":"","context":"In &quot;Not\u00edcias de Franca-SP&quot;","block_context":{"text":"Not\u00edcias de Franca-SP","link":"https:\/\/noticiasribeiraopreto.com.br\/index.php\/category\/noticias-de-ribeirao-preto-sp-e-regiao-ismael-colosi\/noticias-franca-sp\/"},"img":{"alt_text":"","src":"https:\/\/i0.wp.com\/noticiasribeiraopreto.com.br\/wp-content\/uploads\/2025\/03\/informacoes-sobre-protese-de-silicone.jpg?fit=1200%2C806&ssl=1&resize=350%2C200","width":350,"height":200,"srcset":"https:\/\/i0.wp.com\/noticiasribeiraopreto.com.br\/wp-content\/uploads\/2025\/03\/informacoes-sobre-protese-de-silicone.jpg?fit=1200%2C806&ssl=1&resize=350%2C200 1x, https:\/\/i0.wp.com\/noticiasribeiraopreto.com.br\/wp-content\/uploads\/2025\/03\/informacoes-sobre-protese-de-silicone.jpg?fit=1200%2C806&ssl=1&resize=525%2C300 1.5x, https:\/\/i0.wp.com\/noticiasribeiraopreto.com.br\/wp-content\/uploads\/2025\/03\/informacoes-sobre-protese-de-silicone.jpg?fit=1200%2C806&ssl=1&resize=700%2C400 2x, https:\/\/i0.wp.com\/noticiasribeiraopreto.com.br\/wp-content\/uploads\/2025\/03\/informacoes-sobre-protese-de-silicone.jpg?fit=1200%2C806&ssl=1&resize=1050%2C600 3x"},"classes":[]},{"id":65542,"url":"https:\/\/noticiasribeiraopreto.com.br\/index.php\/2025\/03\/21\/jornal-da-franca-veja-qual-e-a-doenca-que-mata-cerca-de-19-mulheres-todos-os-dias-no-brasil\/","url_meta":{"origin":20332,"position":4},"title":"Jornal da Franca &#8211; Veja qual \u00e9 a doen\u00e7a que mata cerca de 19 mulheres todos os dias no Brasil","author":"noticiasribeiraopreto.com.br","date":"21 de March de 2025","format":false,"excerpt":"46 mulheres s\u00e3o diagnosticadas todos os dias com a doen\u00e7a no Brasil, mostra estat\u00edstica do Minist\u00e9rio da Sa\u00fade; 19 morrem Cerca de 17 mil mulheres s\u00e3o diagnosticadas com c\u00e2ncer de colo de \u00fatero no Brasil anualmente, conforme dados do Minist\u00e9rio da Sa\u00fade.Esse tipo de c\u00e2ncer, que ocupa o terceiro lugar\u2026","rel":"","context":"In &quot;Not\u00edcias de Franca-SP&quot;","block_context":{"text":"Not\u00edcias de Franca-SP","link":"https:\/\/noticiasribeiraopreto.com.br\/index.php\/category\/noticias-de-ribeirao-preto-sp-e-regiao-ismael-colosi\/noticias-franca-sp\/"},"img":{"alt_text":"","src":"https:\/\/i0.wp.com\/noticiasribeiraopreto.com.br\/wp-content\/uploads\/2025\/03\/ginecologista-mostra-trabalho-paciente-no-modelo-de-treinamento-do-sistema-reprodutor-feminino.jpg?fit=1000%2C667&ssl=1&resize=350%2C200","width":350,"height":200,"srcset":"https:\/\/i0.wp.com\/noticiasribeiraopreto.com.br\/wp-content\/uploads\/2025\/03\/ginecologista-mostra-trabalho-paciente-no-modelo-de-treinamento-do-sistema-reprodutor-feminino.jpg?fit=1000%2C667&ssl=1&resize=350%2C200 1x, https:\/\/i0.wp.com\/noticiasribeiraopreto.com.br\/wp-content\/uploads\/2025\/03\/ginecologista-mostra-trabalho-paciente-no-modelo-de-treinamento-do-sistema-reprodutor-feminino.jpg?fit=1000%2C667&ssl=1&resize=525%2C300 1.5x, https:\/\/i0.wp.com\/noticiasribeiraopreto.com.br\/wp-content\/uploads\/2025\/03\/ginecologista-mostra-trabalho-paciente-no-modelo-de-treinamento-do-sistema-reprodutor-feminino.jpg?fit=1000%2C667&ssl=1&resize=700%2C400 2x"},"classes":[]},{"id":68273,"url":"https:\/\/noticiasribeiraopreto.com.br\/index.php\/2025\/04\/23\/jornal-da-franca-sabia-que-a-obesidade-pode-agravar-a-asma-e-a-apneia-do-sono\/","url_meta":{"origin":20332,"position":5},"title":"Jornal da Franca &#8211; Sabia que a obesidade pode agravar a asma e a apneia do sono?","author":"noticiasribeiraopreto.com.br","date":"23 de April de 2025","format":false,"excerpt":"compartilhar no whatsapp compartilhar no telegram compartilhar no facebook compartilhar no linkedin Com a chegada do outono, de fato, os casos de doen\u00e7as respirat\u00f3rias aumentam, tornando-se uma preocupa\u00e7\u00e3o para grande parte da popula\u00e7\u00e3o Obesidade \u00e9 um dos principais fatores que podem agravar casos de asma e apneia do sono \u2013\u2026","rel":"","context":"In &quot;Not\u00edcias de Franca-SP&quot;","block_context":{"text":"Not\u00edcias de Franca-SP","link":"https:\/\/noticiasribeiraopreto.com.br\/index.php\/category\/noticias-de-ribeirao-preto-sp-e-regiao-ismael-colosi\/noticias-franca-sp\/"},"img":{"alt_text":"","src":"https:\/\/i0.wp.com\/noticiasribeiraopreto.com.br\/wp-content\/uploads\/2025\/04\/asma-bombinha-foto-drauzio-varella.jpg?fit=1000%2C563&ssl=1&resize=350%2C200","width":350,"height":200,"srcset":"https:\/\/i0.wp.com\/noticiasribeiraopreto.com.br\/wp-content\/uploads\/2025\/04\/asma-bombinha-foto-drauzio-varella.jpg?fit=1000%2C563&ssl=1&resize=350%2C200 1x, https:\/\/i0.wp.com\/noticiasribeiraopreto.com.br\/wp-content\/uploads\/2025\/04\/asma-bombinha-foto-drauzio-varella.jpg?fit=1000%2C563&ssl=1&resize=525%2C300 1.5x, https:\/\/i0.wp.com\/noticiasribeiraopreto.com.br\/wp-content\/uploads\/2025\/04\/asma-bombinha-foto-drauzio-varella.jpg?fit=1000%2C563&ssl=1&resize=700%2C400 2x"},"classes":[]}],"jetpack_sharing_enabled":true,"jetpack_shortlink":"https:\/\/wp.me\/peQAOb-5hW","_links":{"self":[{"href":"https:\/\/noticiasribeiraopreto.com.br\/index.php\/wp-json\/wp\/v2\/posts\/20332","targetHints":{"allow":["GET"]}}],"collection":[{"href":"https:\/\/noticiasribeiraopreto.com.br\/index.php\/wp-json\/wp\/v2\/posts"}],"about":[{"href":"https:\/\/noticiasribeiraopreto.com.br\/index.php\/wp-json\/wp\/v2\/types\/post"}],"author":[{"embeddable":true,"href":"https:\/\/noticiasribeiraopreto.com.br\/index.php\/wp-json\/wp\/v2\/users\/1"}],"replies":[{"embeddable":true,"href":"https:\/\/noticiasribeiraopreto.com.br\/index.php\/wp-json\/wp\/v2\/comments?post=20332"}],"version-history":[{"count":0,"href":"https:\/\/noticiasribeiraopreto.com.br\/index.php\/wp-json\/wp\/v2\/posts\/20332\/revisions"}],"wp:featuredmedia":[{"embeddable":true,"href":"https:\/\/noticiasribeiraopreto.com.br\/index.php\/wp-json\/wp\/v2\/media\/20333"}],"wp:attachment":[{"href":"https:\/\/noticiasribeiraopreto.com.br\/index.php\/wp-json\/wp\/v2\/media?parent=20332"}],"wp:term":[{"taxonomy":"category","embeddable":true,"href":"https:\/\/noticiasribeiraopreto.com.br\/index.php\/wp-json\/wp\/v2\/categories?post=20332"},{"taxonomy":"post_tag","embeddable":true,"href":"https:\/\/noticiasribeiraopreto.com.br\/index.php\/wp-json\/wp\/v2\/tags?post=20332"}],"curies":[{"name":"wp","href":"https:\/\/api.w.org\/{rel}","templated":true}]}}