{"id":20336,"date":"2023-12-25T06:50:31","date_gmt":"2023-12-25T09:50:31","guid":{"rendered":"https:\/\/noticiasribeiraopreto.com.br\/index.php\/2023\/12\/25\/ceo-da-oncoclinicas-construiu-uma-gigante-da-oncologia\/"},"modified":"2023-12-25T06:50:31","modified_gmt":"2023-12-25T09:50:31","slug":"ceo-da-oncoclinicas-construiu-uma-gigante-da-oncologia","status":"publish","type":"post","link":"https:\/\/noticiasribeiraopreto.com.br\/index.php\/2023\/12\/25\/ceo-da-oncoclinicas-construiu-uma-gigante-da-oncologia\/","title":{"rendered":"CEO da Oncocl\u00ednicas construiu uma gigante da oncologia"},"content":{"rendered":"<div class='code-block code-block-1' style='margin: 8px 0 8px auto; text-align: right; display: block; clear: both;'>\n<p><a href=\"https:\/\/wa.link\/vpicfd\"><img data-recalc-dims=\"1\" class=\"wp-image-4922\" style=\"aspect-ratio: 2.0253164556962027; width: 561px; height: auto;\" src=\"https:\/\/i0.wp.com\/ismaelcolosi.com.br\/wp-content\/uploads\/2023\/11\/grupo-de-empregos-whatsapp-e-facebook-ismael-colosi-vagas.jpg?ssl=1\" alt=\"\" \/><\/a><\/p>\n<!-- \/wp:image -->\n<\/div>\n<p> <br \/>\n<\/p>\n<div>\n<div id=\"attachment_587409\" class=\"wp-caption alignnone style=\" max-width:=\"\"><img data-recalc-dims=\"1\" fetchpriority=\"high\" decoding=\"async\" class=\"alignnone wp-image-587409 size-full\" src=\"https:\/\/i0.wp.com\/forbes.com.br\/wp-content\/uploads\/2023\/12\/money-bruno-ferrari-oncoclinicas-melhores-ceos-768x512.jpg?resize=678%2C452&#038;ssl=1\" http:=\"\" alt=\"\" width=\"678\" height=\"452\" data-lazy-src=\"https:\/\/forbes.com.br\/wp-content\/uploads\/2023\/12\/money-bruno-ferrari-oncoclinicas-melhores-ceos-768x512.jpg\"\/><noscript><img data-recalc-dims=\"1\" fetchpriority=\"high\" decoding=\"async\" class=\"alignnone wp-image-587409 size-full\" src=\"https:\/\/i0.wp.com\/forbes.com.br\/wp-content\/uploads\/2023\/12\/money-bruno-ferrari-oncoclinicas-melhores-ceos-768x512.jpg?resize=678%2C452&#038;ssl=1\" alt=\"\" width=\"678\" height=\"452\"\/><\/noscript><\/p>\n<p>Divulga\u00e7\u00e3o\/Cl\u00e1udio Gatti<\/p>\n<p class=\"wp-caption-text\">M\u00e9dico pela UFMG, Ferrari se especializou em oncologia nos Estados Unidos e voltou ao Brasil para fundar a Oncocl\u00ednicas<\/p>\n<\/div>\n<p><span data-contrast=\"auto\">Em 2010, <strong>Bruno Ferrari<\/strong> abriu uma cl\u00ednica em Belo Horizonte com nove profissionais e<\/span><span data-contrast=\"auto\">\u00a0<\/span><span data-contrast=\"auto\">10<\/span> <span data-contrast=\"auto\">cadeiras de tratamento. Hoje, a <strong>Oncocl\u00ednicas &amp;Co<\/strong> \u00e9 considerada a maior institui\u00e7\u00e3o privada de oncologia da Am\u00e9rica Latina, com 135 unidades em 36 cidades e 14 estados brasileiros. Nos \u00faltimos dois anos, comprou 12 empresas; nos \u00faltimos 12 meses, registrou receita l\u00edquida de R$ 5 bilh\u00f5es<\/span><span data-contrast=\"auto\">;<\/span><span data-contrast=\"auto\"> e, no \u00faltimo semestre, aumentou o n\u00famero de procedimentos em 43,6%.<\/span><span data-ccp-props=\"{&quot;201341983&quot;:0,&quot;335559740&quot;:276}\">\u00a0<\/span><\/p>\n<ul>\n<li>\n<h3>Siga o canal da <a href=\"https:\/\/whatsapp.com\/channel\/0029Va9gQKwBFLgM96cJnu0u\" target=\"_blank\" rel=\"noopener\">Forbes<\/a> e de <a href=\"https:\/\/whatsapp.com\/channel\/0029VaAZk57JuyA9F4UwQc2I\" target=\"_blank\" rel=\"noopener\">Forbes Money<\/a> no WhatsApp e receba as principais not\u00edcias sobre neg\u00f3cios, carreira, tecnologia e estilo de vida<\/h3>\n<\/li>\n<\/ul>\n<p><span data-contrast=\"auto\">\u201cOs resultados evidenciam o trabalho da nossa gest\u00e3o\u201d, diz Ferrari, que descreve sua lideran\u00e7a como descentralizada e franca. \u201cDelego responsabilidades constantemente e acredito que uma das minhas principais caracter\u00edsticas seja a transpar\u00eancia. As pessoas t\u00eam certeza do que penso.\u201d O CEO baseia suas estrat\u00e9gias em quatro pilares: sustentabilidade, governan\u00e7a cl\u00ednica, dados e tecnologias avan\u00e7adas e qualidade assistencial. Al\u00e9m disso, mant\u00e9m-se atento a pautas de <strong>diversidade<\/strong>, \u00e9tica, meio ambiente e legado social \u2013 como comprova a conquista recente dos selos <strong>Women on Board<\/strong> (que reconhece a diversidade de g\u00eanero) e Great Place To Work (que certifica a qualidade do ambiente de trabalho).<\/span><span data-ccp-props=\"{&quot;201341983&quot;:0,&quot;335559740&quot;:276}\">\u00a0<\/span><\/p>\n<p><span data-contrast=\"auto\">Formado em medicina pela UFMG, Ferrari vivenciou o que considera o ponto transformador de sua carreira aos 27 anos, quando viajou para Houston (EUA)<\/span><span data-contrast=\"auto\">,<\/span><span data-contrast=\"auto\"> para se especializar em oncologia pelo M<\/span><span data-contrast=\"auto\">.<\/span><span data-contrast=\"auto\">D<\/span><span data-contrast=\"auto\">.<\/span><span data-contrast=\"auto\"> Anderson Cancer Center e pela Oncology Consultants. \u201cVoltei para o Brasil com um sonho: contribuir para a melhoria da qualidade assistencial aos pacientes oncol\u00f3gicos no pa\u00eds. A partir <\/span><span data-contrast=\"auto\">desse <\/span><span data-contrast=\"auto\">des<\/span><span data-contrast=\"auto\">s<\/span><span data-contrast=\"auto\">e <\/span><span data-contrast=\"auto\">forte desejo, fui guiado pelo prop\u00f3sito de \u2018vencer o c\u00e2ncer\u2019, que \u00e9 a miss\u00e3o da Oncocl\u00ednicas &amp;Co h\u00e1 mais de uma d\u00e9cada<\/span><span data-contrast=\"auto\">.<\/span><span data-contrast=\"auto\">\u201d<\/span><\/p>\n<p><span data-contrast=\"auto\">Assim, criou um modelo de cuidado integral e integrado, oferecendo desde o diagn\u00f3stico de precis\u00e3o a tratamentos de alta complexidade e acompanhamento individualizado, sem perder o foco na acessibilidade.<\/span> <span data-contrast=\"auto\">\u201cInova\u00e7\u00f5es devem sempre vir acompanhadas de sustentabilidade. O grande desafio da oncologia, al\u00e9m de vencer a doen\u00e7a, \u00e9 democratizar o acesso aos tratamentos\u201d, diz.<\/span><span data-ccp-props=\"{&quot;201341983&quot;:0,&quot;335559740&quot;:288}\">\u00a0<\/span><\/p>\n<p><strong>Leia tamb\u00e9m:<\/strong><\/p>\n<p><span data-contrast=\"auto\">A intensa rotina de CEO \u00e9 equilibrada com uma pacata vida no s\u00edtio, onde mora com a mulher, as filhas e \u201cmuitos cachorros\u201d. \u201cN\u00e3o faria sentido desempenhar um papel importante nos neg\u00f3cios, gerir uma empresa com mais de 8 mil colaboradores e abra\u00e7ar a miss\u00e3o desafiadora de vencer o c\u00e2ncer sem chegar em casa com a consci\u00eancia tranquila de que minha fam\u00edlia \u00e9 amada e bem cuidada\u201d, pondera. \u201cEu vou trabalhar sabendo que est\u00e1 tudo bem em casa e vou para <\/span><span data-contrast=\"auto\">casa sabendo que est\u00e1 tudo organizado no trabalho.\u201d<\/span><span data-ccp-props=\"{&quot;201341983&quot;:0,&quot;335559740&quot;:288}\">\u00a0<\/span><\/p>\n<p><span data-contrast=\"auto\">Questionado sobre que conselho daria a jovens empreendedores, <\/span><span data-contrast=\"auto\">ressalta<\/span><span data-contrast=\"auto\">: \u201cAcredite no seu sonho, estude, tenha foco e dedica\u00e7\u00e3o. Encontre pessoas confi\u00e1veis e com os mesmos objetivos que os seus. E n\u00e3o diga sim quando voc\u00ea quer dizer n\u00e3o\u201d.<\/span><\/p>\n<h3 id=\"lista-melhores-CEOs-2023\">Veja quem s\u00e3o os melhores CEOs do Brasil em 2023:<\/h3>\n<div class=\"pksGallery\">\n<div class=\"stage\">\n<span class=\"back\"\/><br \/>\n<span class=\"next\"\/><\/p>\n<ul>\n<li>\n<div>\n<span><br \/>\n<img data-recalc-dims=\"1\" height=\"480\" width=\"800\" decoding=\"async\" src=\"https:\/\/i0.wp.com\/forbes.com.br\/wp-content\/uploads\/2023\/09\/lista-forbes-melhores-CEOs-Alberto-Griselli-10-800x480.jpg?resize=800%2C480&#038;ssl=1\" http:=\"\" data-lazy-src=\"https:\/\/forbes.com.br\/wp-content\/uploads\/2023\/09\/lista-forbes-melhores-CEOs-Alberto-Griselli-10-800x480.jpg\"\/><noscript><img data-recalc-dims=\"1\" height=\"480\" width=\"800\" decoding=\"async\" src=\"https:\/\/i0.wp.com\/forbes.com.br\/wp-content\/uploads\/2023\/09\/lista-forbes-melhores-CEOs-Alberto-Griselli-10-800x480.jpg?resize=800%2C480&#038;ssl=1\"\/><\/noscript><\/p>\n<article>\n<span class=\"credito\">KEINY ANDRADE\/DIVULGA\u00c7\u00c3O<\/span><\/p>\n<p>Alberto Griselli, CEO da Tim Brasil<\/p>\n<\/article>\n<p><\/span>\n<\/div>\n<\/li>\n<li>\n<div>\n<span><br \/>\n<img data-recalc-dims=\"1\" height=\"480\" width=\"800\" decoding=\"async\" src=\"https:\/\/i0.wp.com\/forbes.com.br\/wp-content\/uploads\/2023\/09\/lista-forbes-melhores-CEOs-Bruno-Ferrari-9-800x480.jpg?resize=800%2C480&#038;ssl=1\" http:=\"\" data-lazy-src=\"https:\/\/forbes.com.br\/wp-content\/uploads\/2023\/09\/lista-forbes-melhores-CEOs-Bruno-Ferrari-9-800x480.jpg\"\/><noscript><img data-recalc-dims=\"1\" height=\"480\" width=\"800\" decoding=\"async\" src=\"https:\/\/i0.wp.com\/forbes.com.br\/wp-content\/uploads\/2023\/09\/lista-forbes-melhores-CEOs-Bruno-Ferrari-9-800x480.jpg?resize=800%2C480&#038;ssl=1\"\/><\/noscript><\/p>\n<article>\n<span class=\"credito\">CL\u00c1UDIO GATTI\/DIVULGA\u00c7\u00c3O<\/span><\/p>\n<p>Bruno Ferrari, CEO da Oncocl\u00ednicas<\/p>\n<\/article>\n<p><\/span>\n<\/div>\n<\/li>\n<li>\n<div>\n<span><br \/>\n<img data-recalc-dims=\"1\" height=\"480\" width=\"800\" decoding=\"async\" src=\"https:\/\/i0.wp.com\/forbes.com.br\/wp-content\/uploads\/2023\/09\/lista-forbes-melhores-CEOs-Carla-Fonseca-5-800x480.jpg?resize=800%2C480&#038;ssl=1\" http:=\"\" data-lazy-src=\"https:\/\/forbes.com.br\/wp-content\/uploads\/2023\/09\/lista-forbes-melhores-CEOs-Carla-Fonseca-5-800x480.jpg\"\/><noscript><img data-recalc-dims=\"1\" height=\"480\" width=\"800\" decoding=\"async\" src=\"https:\/\/i0.wp.com\/forbes.com.br\/wp-content\/uploads\/2023\/09\/lista-forbes-melhores-CEOs-Carla-Fonseca-5-800x480.jpg?resize=800%2C480&#038;ssl=1\"\/><\/noscript><\/p>\n<article>\n<span class=\"credito\">VICTOR AFFARO<\/span><\/p>\n<p>Carla Fonseca, CEO da Smiles<\/p>\n<\/article>\n<p><\/span>\n<\/div>\n<\/li>\n<li>\n<div>\n<span><br \/>\n<img data-recalc-dims=\"1\" height=\"480\" width=\"800\" decoding=\"async\" src=\"https:\/\/i0.wp.com\/forbes.com.br\/wp-content\/uploads\/2023\/09\/lista-forbes-melhores-CEOs-Isabella-Wanderley-3-800x480.jpg?resize=800%2C480&#038;ssl=1\" http:=\"\" data-lazy-src=\"https:\/\/forbes.com.br\/wp-content\/uploads\/2023\/09\/lista-forbes-melhores-CEOs-Isabella-Wanderley-3-800x480.jpg\"\/><noscript><img data-recalc-dims=\"1\" height=\"480\" width=\"800\" decoding=\"async\" src=\"https:\/\/i0.wp.com\/forbes.com.br\/wp-content\/uploads\/2023\/09\/lista-forbes-melhores-CEOs-Isabella-Wanderley-3-800x480.jpg?resize=800%2C480&#038;ssl=1\"\/><\/noscript><\/p>\n<article>\n<span class=\"credito\">VICTOR AFFARO<\/span><\/p>\n<p>Isabella Wanderley, CEO da Novo Nordisk<\/p>\n<\/article>\n<p><\/span>\n<\/div>\n<\/li>\n<li>\n<\/li>\n<li>\n<div>\n<span><br \/>\n<img data-recalc-dims=\"1\" height=\"480\" width=\"800\" decoding=\"async\" src=\"https:\/\/i0.wp.com\/forbes.com.br\/wp-content\/uploads\/2023\/09\/lista-forbes-melhores-CEOs-Marcello-Guidotti-8-800x480.jpg?resize=800%2C480&#038;ssl=1\" http:=\"\" data-lazy-src=\"https:\/\/forbes.com.br\/wp-content\/uploads\/2023\/09\/lista-forbes-melhores-CEOs-Marcello-Guidotti-8-800x480.jpg\"\/><noscript><img data-recalc-dims=\"1\" height=\"480\" width=\"800\" decoding=\"async\" src=\"https:\/\/i0.wp.com\/forbes.com.br\/wp-content\/uploads\/2023\/09\/lista-forbes-melhores-CEOs-Marcello-Guidotti-8-800x480.jpg?resize=800%2C480&#038;ssl=1\"\/><\/noscript><\/p>\n<article>\n<span class=\"credito\">RAPHAEL BRIEST<\/span><\/p>\n<p>Marcello Guidotti, CEO da EcoRodovias<\/p>\n<\/article>\n<p><\/span>\n<\/div>\n<\/li>\n<li>\n<div>\n<span><br \/>\n<img data-recalc-dims=\"1\" height=\"480\" width=\"800\" decoding=\"async\" src=\"https:\/\/i0.wp.com\/forbes.com.br\/wp-content\/uploads\/2023\/09\/lista-forbes-melhores-CEOs-Milton-Maluhy-1-800x480.jpg?resize=800%2C480&#038;ssl=1\" http:=\"\" data-lazy-src=\"https:\/\/forbes.com.br\/wp-content\/uploads\/2023\/09\/lista-forbes-melhores-CEOs-Milton-Maluhy-1-800x480.jpg\"\/><noscript><img data-recalc-dims=\"1\" height=\"480\" width=\"800\" decoding=\"async\" src=\"https:\/\/i0.wp.com\/forbes.com.br\/wp-content\/uploads\/2023\/09\/lista-forbes-melhores-CEOs-Milton-Maluhy-1-800x480.jpg?resize=800%2C480&#038;ssl=1\"\/><\/noscript><\/p>\n<article>\n<span class=\"credito\">MARCUS STEIMEYER<\/span><\/p>\n<p>Milton Maluhy, CEO do Ita\u00fa<\/p>\n<\/article>\n<p><\/span>\n<\/div>\n<\/li>\n<li>\n<div>\n<span><br \/>\n<img data-recalc-dims=\"1\" height=\"480\" width=\"800\" decoding=\"async\" src=\"https:\/\/i0.wp.com\/forbes.com.br\/wp-content\/uploads\/2023\/09\/lista-forbes-melhores-CEOs-Pedro-Bartelle-7-800x480.jpg?resize=800%2C480&#038;ssl=1\" http:=\"\" data-lazy-src=\"https:\/\/forbes.com.br\/wp-content\/uploads\/2023\/09\/lista-forbes-melhores-CEOs-Pedro-Bartelle-7-800x480.jpg\"\/><noscript><img data-recalc-dims=\"1\" height=\"480\" width=\"800\" decoding=\"async\" src=\"https:\/\/i0.wp.com\/forbes.com.br\/wp-content\/uploads\/2023\/09\/lista-forbes-melhores-CEOs-Pedro-Bartelle-7-800x480.jpg?resize=800%2C480&#038;ssl=1\"\/><\/noscript><\/p>\n<article>\n<span class=\"credito\">RAUL KREBS<\/span><\/p>\n<p>Pedro Bartelle, CEO da Vulcabras<\/p>\n<\/article>\n<p><\/span>\n<\/div>\n<\/li>\n<li>\n<div>\n<span><br \/>\n<img data-recalc-dims=\"1\" height=\"480\" width=\"800\" decoding=\"async\" src=\"https:\/\/i0.wp.com\/forbes.com.br\/wp-content\/uploads\/2023\/09\/lista-forbes-melhores-CEOs-Ricardo-Mussa-4-800x480.jpg?resize=800%2C480&#038;ssl=1\" http:=\"\" data-lazy-src=\"https:\/\/forbes.com.br\/wp-content\/uploads\/2023\/09\/lista-forbes-melhores-CEOs-Ricardo-Mussa-4-800x480.jpg\"\/><noscript><img data-recalc-dims=\"1\" height=\"480\" width=\"800\" decoding=\"async\" src=\"https:\/\/i0.wp.com\/forbes.com.br\/wp-content\/uploads\/2023\/09\/lista-forbes-melhores-CEOs-Ricardo-Mussa-4-800x480.jpg?resize=800%2C480&#038;ssl=1\"\/><\/noscript><\/p>\n<article>\n<span class=\"credito\">VICTOR AFFARO<\/span><\/p>\n<p>Ricardo Mussa, CEO da Ra\u00edzen<\/p>\n<\/article>\n<p><\/span>\n<\/div>\n<\/li>\n<li>\n<div>\n<span><br \/>\n<img data-recalc-dims=\"1\" height=\"480\" width=\"800\" decoding=\"async\" src=\"https:\/\/i0.wp.com\/forbes.com.br\/wp-content\/uploads\/2023\/09\/lista-forbes-melhores-CEOs-Tarciana-Medeiros-2-800x480.jpg?resize=800%2C480&#038;ssl=1\" http:=\"\" data-lazy-src=\"https:\/\/forbes.com.br\/wp-content\/uploads\/2023\/09\/lista-forbes-melhores-CEOs-Tarciana-Medeiros-2-800x480.jpg\"\/><noscript><img data-recalc-dims=\"1\" height=\"480\" width=\"800\" decoding=\"async\" src=\"https:\/\/i0.wp.com\/forbes.com.br\/wp-content\/uploads\/2023\/09\/lista-forbes-melhores-CEOs-Tarciana-Medeiros-2-800x480.jpg?resize=800%2C480&#038;ssl=1\"\/><\/noscript><\/p>\n<article>\n<span class=\"credito\">MARCUS STEIMEYER<\/span><\/p>\n<p>Tarciana Medeiros, CEO do Banco do Brasil<\/p>\n<\/article>\n<p><\/span>\n<\/div>\n<\/li>\n<li>\n<div>\n<span><br \/>\n<img data-recalc-dims=\"1\" height=\"480\" width=\"800\" decoding=\"async\" src=\"https:\/\/i0.wp.com\/forbes.com.br\/wp-content\/uploads\/2023\/09\/lista-forbes-melhores-CEOs-Tereza-Santos-6-800x480.jpg?resize=800%2C480&#038;ssl=1\" http:=\"\" data-lazy-src=\"https:\/\/forbes.com.br\/wp-content\/uploads\/2023\/09\/lista-forbes-melhores-CEOs-Tereza-Santos-6-800x480.jpg\"\/><noscript><img data-recalc-dims=\"1\" height=\"480\" width=\"800\" decoding=\"async\" src=\"https:\/\/i0.wp.com\/forbes.com.br\/wp-content\/uploads\/2023\/09\/lista-forbes-melhores-CEOs-Tereza-Santos-6-800x480.jpg?resize=800%2C480&#038;ssl=1\"\/><\/noscript><\/p>\n<article>\n<span class=\"credito\">VICTOR AFFARO<\/span><\/p>\n<p>Tereza Santos, CEO da Sympla<\/p>\n<\/article>\n<p><\/span>\n<\/div>\n<\/li>\n<\/ul>\n<\/div>\n<div class=\"description\">\n<span class=\"credito\">KEINY ANDRADE\/DIVULGA\u00c7\u00c3O<\/span><\/p>\n<p>Alberto Griselli, CEO da Tim Brasil<\/p>\n<\/div>\n<\/div>\n<p><em>*Reportagem publicada na edi\u00e7\u00e3o 112 da revista Forbes, em setembro de 2023.<\/em><\/p>\n<\/div>\n<p><script type=\"rocketlazyloadscript\">\n\t\t\t\t(function(d, s, id){\n\t\t\t\t\tvar js, fjs = d.getElementsByTagName(s)[0];\n\t\t\t\t\tif (d.getElementById(id)) return;\n\t\t\t\t\tjs = d.createElement(s); js.id = id;\n\t\t\t\t\tjs.src = \"\/\/connect.facebook.net\/pt_BR\/sdk.js#xfbml=1&version=v2.9\";\n\t\t\t\t\tfjs.parentNode.insertBefore(js, fjs);\n\t\t\t\t}(document, 'script', 'facebook-jssdk'));\n\t\t\t<\/script><br \/>\n<br \/><br \/>\n<br \/><a href=\"https:\/\/forbes.com.br\/forbes-money\/2023\/12\/ceo-da-oncoclinicas-construiu-a-maior-instituicao-privada-de-oncologia-da-america-latina\/\">Source link <\/a><\/p>\n<!-- CONTENT END 1 -->\n","protected":false},"excerpt":{"rendered":"<p>Divulga\u00e7\u00e3o\/Cl\u00e1udio Gatti M\u00e9dico pela UFMG, Ferrari se especializou em oncologia nos Estados Unidos e voltou ao Brasil para fundar a Oncocl\u00ednicas Em 2010, Bruno Ferrari&#8230;<\/p>\n","protected":false},"author":1,"featured_media":20337,"comment_status":"open","ping_status":"open","sticky":false,"template":"","format":"standard","meta":{"advanced_seo_description":"","jetpack_seo_html_title":"","jetpack_seo_noindex":false,"jetpack_post_was_ever_published":false,"_jetpack_newsletter_access":"","_jetpack_dont_email_post_to_subs":false,"_jetpack_newsletter_tier_id":0,"_jetpack_memberships_contains_paywalled_content":false,"_jetpack_memberships_contains_paid_content":false,"footnotes":"","jetpack_publicize_message":"","jetpack_publicize_feature_enabled":true,"jetpack_social_post_already_shared":true,"jetpack_social_options":{"image_generator_settings":{"template":"highway","default_image_id":0,"font":"","enabled":false},"version":2}},"categories":[1],"tags":[],"class_list":["post-20336","post","type-post","status-publish","format-standard","has-post-thumbnail","hentry","category-blog"],"jetpack_publicize_connections":[],"jetpack_featured_media_url":"https:\/\/i0.wp.com\/noticiasribeiraopreto.com.br\/wp-content\/uploads\/2023\/12\/money-bruno-ferrari-oncoclinicas-melhores-ceos-1024x683.jpg?fit=1024%2C683&ssl=1","jetpack-related-posts":[{"id":63705,"url":"https:\/\/noticiasribeiraopreto.com.br\/index.php\/2025\/02\/19\/estado-de-sao-paulo-deve-registrar-mais-de-181-mil-novos-casos-de-cancer-em-2025\/","url_meta":{"origin":20336,"position":0},"title":"Estado de S\u00e3o Paulo deve registrar mais de 181 mil novos casos de c\u00e2ncer em 2025","author":"noticiasribeiraopreto.com.br","date":"19 de February de 2025","format":false,"excerpt":"Considerado o principal problema de sa\u00fade p\u00fablica no mundo, o c\u00e2ncer, somente no Estado de S\u00e3o Paulo, deve atingir mais de 181 mil pessoas em 2025. Dados do Instituto Nacional do C\u00e2ncer (Inca) destacam que os tumores mais incidentes nesta regi\u00e3o s\u00e3o, os de mama e de pr\u00f3stata, com previs\u00e3o\u2026","rel":"","context":"In &quot;Not\u00edcias de Ribeir\u00e3o Preto-SP e Regi\u00e3o&quot;","block_context":{"text":"Not\u00edcias de Ribeir\u00e3o Preto-SP e Regi\u00e3o","link":"https:\/\/noticiasribeiraopreto.com.br\/index.php\/category\/noticias-de-ribeirao-preto-sp-e-regiao-ismael-colosi\/"},"img":{"alt_text":"","src":"https:\/\/i0.wp.com\/noticiasribeiraopreto.com.br\/wp-content\/uploads\/2025\/02\/energia_nuclear_usada_para_diagnostico_de_cancer.webp.webp?fit=1170%2C700&ssl=1&resize=350%2C200","width":350,"height":200,"srcset":"https:\/\/i0.wp.com\/noticiasribeiraopreto.com.br\/wp-content\/uploads\/2025\/02\/energia_nuclear_usada_para_diagnostico_de_cancer.webp.webp?fit=1170%2C700&ssl=1&resize=350%2C200 1x, https:\/\/i0.wp.com\/noticiasribeiraopreto.com.br\/wp-content\/uploads\/2025\/02\/energia_nuclear_usada_para_diagnostico_de_cancer.webp.webp?fit=1170%2C700&ssl=1&resize=525%2C300 1.5x, https:\/\/i0.wp.com\/noticiasribeiraopreto.com.br\/wp-content\/uploads\/2025\/02\/energia_nuclear_usada_para_diagnostico_de_cancer.webp.webp?fit=1170%2C700&ssl=1&resize=700%2C400 2x, https:\/\/i0.wp.com\/noticiasribeiraopreto.com.br\/wp-content\/uploads\/2025\/02\/energia_nuclear_usada_para_diagnostico_de_cancer.webp.webp?fit=1170%2C700&ssl=1&resize=1050%2C600 3x"},"classes":[]},{"id":34462,"url":"https:\/\/noticiasribeiraopreto.com.br\/index.php\/2024\/02\/02\/voce-pode-reclamar-do-plano-de-saude-mais-caro-ou-lucrar-com-isso-estas-acoes-na-b3-podem-se-beneficiar-dos-reajustes-de-precos\/","url_meta":{"origin":20336,"position":1},"title":"Voc\u00ea pode reclamar do plano de sa\u00fade mais caro ou lucrar com isso; estas a\u00e7\u00f5es na B3 podem se beneficiar dos reajustes de pre\u00e7os","author":"noticiasribeiraopreto.com.br","date":"2 de February de 2024","format":false,"excerpt":"Reajustes de pre\u00e7os comumente s\u00e3o seguidos por reclama\u00e7\u00f5es \u2014 afinal, ningu\u00e9m gosta de pagar mais caro por algo que j\u00e1 consome. Mas, no caso do aumento dos valores dos planos de sa\u00fade, \u00e9 justamente essa medida que pode ajudar a salvar as a\u00e7\u00f5es do setor na bolsa em 2024. O\u2026","rel":"","context":"In &quot;Dinheiro e Investimento&quot;","block_context":{"text":"Dinheiro e Investimento","link":"https:\/\/noticiasribeiraopreto.com.br\/index.php\/category\/dinheiro-e-investimento-como-fazer-como-ganhar\/"},"img":{"alt_text":"","src":"https:\/\/i0.wp.com\/noticiasribeiraopreto.com.br\/wp-content\/uploads\/2024\/02\/Saude-1-628x353.png?fit=628%2C353&ssl=1&resize=350%2C200","width":350,"height":200,"srcset":"https:\/\/i0.wp.com\/noticiasribeiraopreto.com.br\/wp-content\/uploads\/2024\/02\/Saude-1-628x353.png?fit=628%2C353&ssl=1&resize=350%2C200 1x, https:\/\/i0.wp.com\/noticiasribeiraopreto.com.br\/wp-content\/uploads\/2024\/02\/Saude-1-628x353.png?fit=628%2C353&ssl=1&resize=525%2C300 1.5x"},"classes":[]},{"id":74751,"url":"https:\/\/noticiasribeiraopreto.com.br\/index.php\/2025\/07\/28\/ferrari-e-flagrada-a-201-km-h-em-rodovia-no-interior-de-sp\/","url_meta":{"origin":20336,"position":2},"title":"Ferrari \u00e9 flagrada a 201 km\/h em rodovia no interior de SP","author":"noticiasribeiraopreto.com.br","date":"28 de July de 2025","format":false,"excerpt":"O motorista de uma Ferrari foi flagrado a 201 km\/h em uma rodovia do interior de S\u00e3o Paulo neste domingo (27). No local em que houve o flagra, a velocidade m\u00e1xima permitida \u00e9 de 80 km\/h. O autom\u00f3vel de luxo, de cor vermelha, foi identificado por um radar m\u00f3vel durante\u2026","rel":"","context":"In &quot;Not\u00edcias de Ribeir\u00e3o Preto-SP e Regi\u00e3o&quot;","block_context":{"text":"Not\u00edcias de Ribeir\u00e3o Preto-SP e Regi\u00e3o","link":"https:\/\/noticiasribeiraopreto.com.br\/index.php\/category\/noticias-de-ribeirao-preto-sp-e-regiao-ismael-colosi\/"},"img":{"alt_text":"","src":"https:\/\/i0.wp.com\/noticiasribeiraopreto.com.br\/wp-content\/uploads\/2025\/07\/ferrari-201-km-hora_2025-07-28_19-32-49.webp.webp?fit=1024%2C576&ssl=1&resize=350%2C200","width":350,"height":200,"srcset":"https:\/\/i0.wp.com\/noticiasribeiraopreto.com.br\/wp-content\/uploads\/2025\/07\/ferrari-201-km-hora_2025-07-28_19-32-49.webp.webp?fit=1024%2C576&ssl=1&resize=350%2C200 1x, https:\/\/i0.wp.com\/noticiasribeiraopreto.com.br\/wp-content\/uploads\/2025\/07\/ferrari-201-km-hora_2025-07-28_19-32-49.webp.webp?fit=1024%2C576&ssl=1&resize=525%2C300 1.5x, https:\/\/i0.wp.com\/noticiasribeiraopreto.com.br\/wp-content\/uploads\/2025\/07\/ferrari-201-km-hora_2025-07-28_19-32-49.webp.webp?fit=1024%2C576&ssl=1&resize=700%2C400 2x"},"classes":[]},{"id":22633,"url":"https:\/\/noticiasribeiraopreto.com.br\/index.php\/2023\/12\/30\/melhores-ceos-do-brasil-ricardo-mussa-da-raizen\/","url_meta":{"origin":20336,"position":3},"title":"Melhores CEOs do Brasil: Ricardo Mussa, da Ra\u00edzen","author":"noticiasribeiraopreto.com.br","date":"30 de December de 2023","format":false,"excerpt":"Victor AffaroRicardo Mussa tamb\u00e9m foi CEO da Radar (que tamb\u00e9m cofundou) e da Moove, do grupo Cosan, e passou por multinacionais como Unilever e Danone Ricardo Mussa assumiu a lideran\u00e7a de uma empresa com mais de 45 mil funcion\u00e1rios em uma \u00e9poca em que n\u00e3o podia se encontrar com nenhum\u2026","rel":"","context":"In &quot;Blog&quot;","block_context":{"text":"Blog","link":"https:\/\/noticiasribeiraopreto.com.br\/index.php\/category\/blog\/"},"img":{"alt_text":"","src":"https:\/\/i0.wp.com\/noticiasribeiraopreto.com.br\/wp-content\/uploads\/2023\/12\/agro-ricardo-mussa-1024x683.jpg?fit=1024%2C683&ssl=1&resize=350%2C200","width":350,"height":200,"srcset":"https:\/\/i0.wp.com\/noticiasribeiraopreto.com.br\/wp-content\/uploads\/2023\/12\/agro-ricardo-mussa-1024x683.jpg?fit=1024%2C683&ssl=1&resize=350%2C200 1x, https:\/\/i0.wp.com\/noticiasribeiraopreto.com.br\/wp-content\/uploads\/2023\/12\/agro-ricardo-mussa-1024x683.jpg?fit=1024%2C683&ssl=1&resize=525%2C300 1.5x, https:\/\/i0.wp.com\/noticiasribeiraopreto.com.br\/wp-content\/uploads\/2023\/12\/agro-ricardo-mussa-1024x683.jpg?fit=1024%2C683&ssl=1&resize=700%2C400 2x"},"classes":[]},{"id":23348,"url":"https:\/\/noticiasribeiraopreto.com.br\/index.php\/2024\/01\/02\/tereza-santos-ceo-da-sympla-crescer-e-viciante\/","url_meta":{"origin":20336,"position":4},"title":"Tereza Santos, CEO da Sympla: \u201cCrescer \u00e9 viciante\u201d","author":"noticiasribeiraopreto.com.br","date":"2 de January de 2024","format":false,"excerpt":"Tereza Santos \u00e9 CEO da Sympla Guiada por seu DNA tecnol\u00f3gico, Tereza Santos pegou carona no boom dos eventos e na demanda n\u00e3o mais reprimida pela pandemia e liderou um crescimento de quase cinco vezes desde que assumiu como CEO da Sympla, em 2021. \u201cCrescer \u00e9 viciante\u201d, diz a executiva,\u2026","rel":"","context":"In &quot;Blog&quot;","block_context":{"text":"Blog","link":"https:\/\/noticiasribeiraopreto.com.br\/index.php\/category\/blog\/"},"img":{"alt_text":"","src":"https:\/\/i0.wp.com\/noticiasribeiraopreto.com.br\/wp-content\/uploads\/2024\/01\/tereza-santos-ceo-sympla-1024x683.jpg?fit=1024%2C683&ssl=1&resize=350%2C200","width":350,"height":200,"srcset":"https:\/\/i0.wp.com\/noticiasribeiraopreto.com.br\/wp-content\/uploads\/2024\/01\/tereza-santos-ceo-sympla-1024x683.jpg?fit=1024%2C683&ssl=1&resize=350%2C200 1x, https:\/\/i0.wp.com\/noticiasribeiraopreto.com.br\/wp-content\/uploads\/2024\/01\/tereza-santos-ceo-sympla-1024x683.jpg?fit=1024%2C683&ssl=1&resize=525%2C300 1.5x, https:\/\/i0.wp.com\/noticiasribeiraopreto.com.br\/wp-content\/uploads\/2024\/01\/tereza-santos-ceo-sympla-1024x683.jpg?fit=1024%2C683&ssl=1&resize=700%2C400 2x"},"classes":[]},{"id":21118,"url":"https:\/\/noticiasribeiraopreto.com.br\/index.php\/2023\/12\/27\/ceo-da-novo-nordisk-do-ozempic-lidera-crescimento\/","url_meta":{"origin":20336,"position":5},"title":"CEO da Novo Nordisk, do Ozempic, lidera crescimento","author":"noticiasribeiraopreto.com.br","date":"27 de December de 2023","format":false,"excerpt":"Victor AffaroIsabella Wanderley, CEO da Novo Nordisk, traz na sua gest\u00e3o a experi\u00eancia em gigantes de bens de consumo Vinda de uma fam\u00edlia de m\u00e9dicos e nascida em Niter\u00f3i (RJ), Isabella Wanderley nunca foi incentivada pelo pai a seguir carreira em medicina. Formou-se em economia e transitou em grandes empresas\u2026","rel":"","context":"In &quot;Blog&quot;","block_context":{"text":"Blog","link":"https:\/\/noticiasribeiraopreto.com.br\/index.php\/category\/blog\/"},"img":{"alt_text":"","src":"https:\/\/i0.wp.com\/noticiasribeiraopreto.com.br\/wp-content\/uploads\/2023\/12\/mulher-isabella-wanderley-novo-nordisk-1024x683.jpg?fit=1024%2C683&ssl=1&resize=350%2C200","width":350,"height":200,"srcset":"https:\/\/i0.wp.com\/noticiasribeiraopreto.com.br\/wp-content\/uploads\/2023\/12\/mulher-isabella-wanderley-novo-nordisk-1024x683.jpg?fit=1024%2C683&ssl=1&resize=350%2C200 1x, https:\/\/i0.wp.com\/noticiasribeiraopreto.com.br\/wp-content\/uploads\/2023\/12\/mulher-isabella-wanderley-novo-nordisk-1024x683.jpg?fit=1024%2C683&ssl=1&resize=525%2C300 1.5x, https:\/\/i0.wp.com\/noticiasribeiraopreto.com.br\/wp-content\/uploads\/2023\/12\/mulher-isabella-wanderley-novo-nordisk-1024x683.jpg?fit=1024%2C683&ssl=1&resize=700%2C400 2x"},"classes":[]}],"jetpack_sharing_enabled":true,"jetpack_shortlink":"https:\/\/wp.me\/peQAOb-5i0","_links":{"self":[{"href":"https:\/\/noticiasribeiraopreto.com.br\/index.php\/wp-json\/wp\/v2\/posts\/20336","targetHints":{"allow":["GET"]}}],"collection":[{"href":"https:\/\/noticiasribeiraopreto.com.br\/index.php\/wp-json\/wp\/v2\/posts"}],"about":[{"href":"https:\/\/noticiasribeiraopreto.com.br\/index.php\/wp-json\/wp\/v2\/types\/post"}],"author":[{"embeddable":true,"href":"https:\/\/noticiasribeiraopreto.com.br\/index.php\/wp-json\/wp\/v2\/users\/1"}],"replies":[{"embeddable":true,"href":"https:\/\/noticiasribeiraopreto.com.br\/index.php\/wp-json\/wp\/v2\/comments?post=20336"}],"version-history":[{"count":0,"href":"https:\/\/noticiasribeiraopreto.com.br\/index.php\/wp-json\/wp\/v2\/posts\/20336\/revisions"}],"wp:featuredmedia":[{"embeddable":true,"href":"https:\/\/noticiasribeiraopreto.com.br\/index.php\/wp-json\/wp\/v2\/media\/20337"}],"wp:attachment":[{"href":"https:\/\/noticiasribeiraopreto.com.br\/index.php\/wp-json\/wp\/v2\/media?parent=20336"}],"wp:term":[{"taxonomy":"category","embeddable":true,"href":"https:\/\/noticiasribeiraopreto.com.br\/index.php\/wp-json\/wp\/v2\/categories?post=20336"},{"taxonomy":"post_tag","embeddable":true,"href":"https:\/\/noticiasribeiraopreto.com.br\/index.php\/wp-json\/wp\/v2\/tags?post=20336"}],"curies":[{"name":"wp","href":"https:\/\/api.w.org\/{rel}","templated":true}]}}