{"id":20338,"date":"2023-12-25T06:56:53","date_gmt":"2023-12-25T09:56:53","guid":{"rendered":"https:\/\/noticiasribeiraopreto.com.br\/index.php\/2023\/12\/25\/estes-sao-os-destinos-mais-desejados-pelos-brasileiros-para-os-proximos-meses\/"},"modified":"2023-12-25T06:56:53","modified_gmt":"2023-12-25T09:56:53","slug":"estes-sao-os-destinos-mais-desejados-pelos-brasileiros-para-os-proximos-meses","status":"publish","type":"post","link":"https:\/\/noticiasribeiraopreto.com.br\/index.php\/2023\/12\/25\/estes-sao-os-destinos-mais-desejados-pelos-brasileiros-para-os-proximos-meses\/","title":{"rendered":"Estes s\u00e3o os destinos mais desejados pelos brasileiros para os pr\u00f3ximos meses"},"content":{"rendered":"<div class='code-block code-block-1' style='margin: 8px 0 8px auto; text-align: right; display: block; clear: both;'>\n<p><a href=\"https:\/\/wa.link\/vpicfd\"><img data-recalc-dims=\"1\" class=\"wp-image-4922\" style=\"aspect-ratio: 2.0253164556962027; width: 561px; height: auto;\" src=\"https:\/\/i0.wp.com\/ismaelcolosi.com.br\/wp-content\/uploads\/2023\/11\/grupo-de-empregos-whatsapp-e-facebook-ismael-colosi-vagas.jpg?ssl=1\" alt=\"\" \/><\/a><\/p>\n<!-- \/wp:image -->\n<\/div>\n<p> <br \/>\n<\/p>\n<div>\n<p>Pesquisa revelou quais os destinos mais desejados pelos brasileiros para viajar nos pr\u00f3ximos meses. Esque\u00e7a as praias paradis\u00edacas do Nordeste ou as belezas naturais do Norte e Centro-Oeste. Rio de Janeiro, <a href=\"https:\/\/catracalivre.com.br\/viagem-livre\/ubatuba-sp-passa-a-receber-voos-da-azul-confira-precos\/\">S\u00e3o Paulo<\/a> e Belo Horizonte se destacam no levantamento realizado pelo Instituto Qualibest.<\/p>\n<p>As prefer\u00eancias revelam n\u00e3o apenas as cidades mais procuradas, mas tamb\u00e9m informa\u00e7\u00f5es sobre o perfil dos viajantes e suas tend\u00eancias para os pr\u00f3ximos meses.<\/p>\n<div id=\"attachment_2264090\" class=\"wp-caption aligncenter\">\n<div class=\"d-flex justify-content-center\" data-attachment-id=\"2264090\">\n<div class=\"position-relative d-inline-block\"><img src=\"https:\/\/catracalivre.com.br\/viagem-livre\/estes-sao-os-destinos-mais-desejados-pelos-brasileiros-para-os-proximos-meses\/Nikada\/iStock\" fetchpriority=\"high\" decoding=\"async\" class=\"size-large wp-image-2264090\" alt=\"Praia de Copacabana, a mais famosa do Rio de Janeiro\" width=\"910\" height=\"607\" srcset=\"https:\/\/catracalivre.com.br\/wp-content\/uploads\/2023\/03\/praia-de-copacabana-910x607.jpg 910w, https:\/\/catracalivre.com.br\/wp-content\/uploads\/2023\/03\/praia-de-copacabana-450x300.jpg 450w, https:\/\/catracalivre.com.br\/wp-content\/uploads\/2023\/03\/praia-de-copacabana-768x512.jpg 768w\" sizes=\"(max-width: 910px) 100vw, 910px\"\/><\/p>\n<p>Cr\u00e9ditos: Nikada\/iStock<\/p>\n<\/div>\n<\/div>\n<p><span class=\"post-imagem__legenda\">Praia de Copacabana, a mais famosa do Rio de Janeiro<\/span><\/p>\n<\/div>\n<p>A pesquisa aponta que 6 em cada 10 brasileiros planejam realizar alguma viagem nacional nos pr\u00f3ximos 12 meses.<\/p>\n<p>As mulheres lideram as estat\u00edsticas de viagens, representando 61% dos entrevistados que viajaram nos \u00faltimos doze meses.<\/p>\n<p>A faixa et\u00e1ria entre 25 e 39 anos \u00e9 a mais propensa a aventuras, totalizando 43% dos viajantes, enquanto as classes B e C s\u00e3o respons\u00e1veis por 74% das viagens nacionais.<\/p>\n<h2>Destinos desejados pelos brasileiros<\/h2>\n<p>Em rela\u00e7\u00e3o aos destinos mais desejados, Rio de Janeiro lidera com 21%, seguido por S\u00e3o Paulo com 18% e Belo Horizonte com 10%.<\/p>\n<p>J\u00e1 os lugares visitados nos \u00faltimos 12 meses mostram uma prefer\u00eancia por S\u00e3o Paulo (24%), seguido pelo Rio de Janeiro (17%) e Belo Horizonte (13%).<\/p>\n<p>Os dados tamb\u00e9m revelam que aproximadamente 1\/3 dos entrevistados viajaram para outro estado nos \u00faltimos 12 meses, com uma expectativa de crescimento significativo para os pr\u00f3ximos meses, especialmente entre a gera\u00e7\u00e3o X (nascidos entre 1965 e 1981).<\/p>\n<h3>As maiores metr\u00f3poles do Brasil<\/h3>\n<h4>S\u00e3o Paulo<\/h4>\n<p>A maior metr\u00f3pole do Brasil, atrai turistas n\u00e3o apenas pela agita\u00e7\u00e3o urbana, mas tamb\u00e9m por sua rica cena cultural.<\/p>\n<p>Com uma ampla oferta de museus, teatros, restaurantes e eventos, a cidade conquista tanto os amantes das artes quanto os que buscam experi\u00eancias gastron\u00f4micas \u00fanicas.<\/p>\n<div id=\"attachment_2276960\" class=\"wp-caption aligncenter\">\n<div class=\"d-flex justify-content-center\" data-attachment-id=\"2276960\">\n<div class=\"position-relative d-inline-block\"><img loading=\"lazy\" src=\"https:\/\/catracalivre.com.br\/viagem-livre\/estes-sao-os-destinos-mais-desejados-pelos-brasileiros-para-os-proximos-meses\/Matheus Silva\/iStock\" decoding=\"async\" class=\"size-large wp-image-2276960\" alt=\"Avenida Paulista se transforma num verdadeiro parque urbano aos domingos\" width=\"910\" height=\"607\" srcset=\"https:\/\/catracalivre.com.br\/wp-content\/uploads\/2023\/06\/museus-de-sp-para-conhecer-de-bike-910x607.jpg 910w, https:\/\/catracalivre.com.br\/wp-content\/uploads\/2023\/06\/museus-de-sp-para-conhecer-de-bike-450x300.jpg 450w, https:\/\/catracalivre.com.br\/wp-content\/uploads\/2023\/06\/museus-de-sp-para-conhecer-de-bike-768x512.jpg 768w\" sizes=\"auto, (max-width: 910px) 100vw, 910px\"\/><\/p>\n<p>Cr\u00e9ditos: Matheus Silva\/iStock<\/p>\n<\/div>\n<\/div>\n<p><span class=\"post-imagem__legenda\">Avenida Paulista se transforma num verdadeiro parque urbano aos domingos<\/span><\/p>\n<\/div>\n<p>Al\u00e9m disso, a capital paulista \u00e9 um polo de neg\u00f3cios e entretenimento, tornando-se um destino vers\u00e1til para diferentes perfis de viajantes.<\/p>\n<h4>Rio de Janeiro<\/h4>\n<p>Eleito o destino mais procurado pelos entrevistados, mant\u00e9m sua posi\u00e7\u00e3o privilegiada como um dos cart\u00f5es-postais do Brasil.<\/p>\n<div id=\"attachment_1919283\" class=\"wp-caption aligncenter\">\n<div class=\"d-flex justify-content-center\" data-attachment-id=\"1919283\">\n<div class=\"position-relative d-inline-block\"><img loading=\"lazy\" src=\"https:\/\/catracalivre.com.br\/viagem-livre\/estes-sao-os-destinos-mais-desejados-pelos-brasileiros-para-os-proximos-meses\/R.M. Nunes\/iStock\" decoding=\"async\" class=\"size-large wp-image-1919283\" alt=\"Turistas no Cristo Redentor; atra\u00e7\u00e3o est\u00e1 entre as mais visitadas do Brasil\" width=\"910\" height=\"607\" srcset=\"https:\/\/catracalivre.com.br\/wp-content\/uploads\/2019\/06\/cristo-redentor-rio-de-janeiro-910x607.jpg 910w, https:\/\/catracalivre.com.br\/wp-content\/uploads\/2019\/06\/cristo-redentor-rio-de-janeiro-450x300.jpg 450w, https:\/\/catracalivre.com.br\/wp-content\/uploads\/2019\/06\/cristo-redentor-rio-de-janeiro-768x512.jpg 768w\" sizes=\"auto, (max-width: 910px) 100vw, 910px\"\/><\/p>\n<p>Cr\u00e9ditos: R.M. Nunes\/iStock<\/p>\n<\/div>\n<\/div>\n<p><span class=\"post-imagem__legenda\">Turistas no Cristo Redentor; atra\u00e7\u00e3o est\u00e1 entre as mais visitadas do Brasil<\/span><\/p>\n<\/div>\n<p>Com suas praias ic\u00f4nicas, como Copacabana e Ipanema, e pontos tur\u00edsticos como o Cristo Redentor e o P\u00e3o de A\u00e7\u00facar, a cidade maravilhosa encanta visitantes de todo o pa\u00eds.<\/p>\n<p>A combina\u00e7\u00e3o de belezas naturais e a atmosfera descontra\u00edda carioca fazem do Rio uma escolha frequente para os viajantes em busca de sol, mar e cultura.<\/p>\n<h4>Belo Horizonte<\/h4>\n<p>A capital de Minas Gerais, surge como uma op\u00e7\u00e3o encantadora para quem busca experi\u00eancias culturais e gastron\u00f4micas.<\/p>\n<div id=\"attachment_2136967\" class=\"wp-caption aligncenter\">\n<div class=\"d-flex justify-content-center\" data-attachment-id=\"2136967\">\n<div class=\"position-relative d-inline-block\"><img src=\"https:\/\/catracalivre.com.br\/viagem-livre\/estes-sao-os-destinos-mais-desejados-pelos-brasileiros-para-os-proximos-meses\/Roberto Delamora\/iStock\" loading=\"lazy\" decoding=\"async\" class=\"size-large wp-image-2136967\" alt=\"A Pra\u00e7a da Liberdade, um dos cart\u00f5es-postais de Belo Horizonte (MG)\" width=\"910\" height=\"603\" srcset=\"https:\/\/catracalivre.com.br\/wp-content\/uploads\/2020\/12\/istock-1164542668-910x603.jpg 910w, https:\/\/catracalivre.com.br\/wp-content\/uploads\/2020\/12\/istock-1164542668-450x298.jpg 450w, https:\/\/catracalivre.com.br\/wp-content\/uploads\/2020\/12\/istock-1164542668-768x509.jpg 768w\" sizes=\"auto, (max-width: 910px) 100vw, 910px\"\/><\/p>\n<p>Cr\u00e9ditos: Roberto Delamora\/iStock<\/p>\n<\/div>\n<\/div>\n<p><span class=\"post-imagem__legenda\">A Pra\u00e7a da Liberdade, um dos cart\u00f5es-postais de Belo Horizonte (MG)<\/span><\/p>\n<\/div>\n<p>Com sua arquitetura marcante e uma cena art\u00edstica em crescimento, a cidade conquista visitantes que desejam explorar a riqueza hist\u00f3rica das Minas.<\/p>\n<p>Al\u00e9m disso, a hospitalidade mineira e a culin\u00e1ria regional s\u00e3o atrativos irresist\u00edveis para aqueles que procuram uma viagem repleta de sabores aut\u00eanticos.<\/p>\n<\/div>\n<p><script>\n\t\t! function(f, b, e, v, n, t, s) {\n\t\t\tif (f.fbq) return;\n\t\t\tn = f.fbq = function() {\n\t\t\t\tn.callMethod ?\n\t\t\t\t\tn.callMethod.apply(n, arguments) : n.queue.push(arguments)\n\t\t\t};\n\t\t\tif (!f._fbq) f._fbq = n;\n\t\t\tn.push = n;\n\t\t\tn.loaded = !0;\n\t\t\tn.version = '2.0';\n\t\t\tn.queue = [];\n\t\t\tt = b.createElement(e);\n\t\t\tt.async = !0;\n\t\t\tt.src = v;\n\t\t\ts = b.getElementsByTagName(e)[0];\n\t\t\ts.parentNode.insertBefore(t, s)\n\t\t}(window, document, 'script',\n\t\t\t'https:\/\/connect.facebook.net\/en_US\/fbevents.js');\n\t\tfbq('init', '338315473262380');\n\t\tfbq('track', 'PageView');\n\t<\/script><br \/>\n<br \/><br \/>\n<br \/><a href=\"https:\/\/catracalivre.com.br\/viagem-livre\/estes-sao-os-destinos-mais-desejados-pelos-brasileiros-para-os-proximos-meses\/\">Source link <\/a><\/p>\n<!-- CONTENT END 1 -->\n","protected":false},"excerpt":{"rendered":"<p>Pesquisa revelou quais os destinos mais desejados pelos brasileiros para viajar nos pr\u00f3ximos meses. Esque\u00e7a as praias paradis\u00edacas do Nordeste ou as belezas naturais do&#8230;<\/p>\n","protected":false},"author":1,"featured_media":20339,"comment_status":"open","ping_status":"open","sticky":false,"template":"","format":"standard","meta":{"advanced_seo_description":"","jetpack_seo_html_title":"","jetpack_seo_noindex":false,"jetpack_post_was_ever_published":false,"_jetpack_newsletter_access":"","_jetpack_dont_email_post_to_subs":false,"_jetpack_newsletter_tier_id":0,"_jetpack_memberships_contains_paywalled_content":false,"_jetpack_memberships_contains_paid_content":false,"footnotes":"","jetpack_publicize_message":"","jetpack_publicize_feature_enabled":true,"jetpack_social_post_already_shared":true,"jetpack_social_options":{"image_generator_settings":{"template":"highway","default_image_id":0,"font":"","enabled":false},"version":2}},"categories":[19],"tags":[],"class_list":["post-20338","post","type-post","status-publish","format-standard","has-post-thumbnail","hentry","category-variedades"],"jetpack_publicize_connections":[],"jetpack_featured_media_url":"https:\/\/i0.wp.com\/noticiasribeiraopreto.com.br\/wp-content\/uploads\/2023\/12\/praia-de-copacabana.jpg?fit=1200%2C638&ssl=1","jetpack-related-posts":[{"id":22114,"url":"https:\/\/noticiasribeiraopreto.com.br\/index.php\/2023\/12\/29\/os-10-destinos-mais-buscados-pelos-brasileiros-no-google\/","url_meta":{"origin":20338,"position":0},"title":"Os 10 destinos mais buscados pelos brasileiros no Google","author":"noticiasribeiraopreto.com.br","date":"29 de December de 2023","format":false,"excerpt":"Levantamento do Google apontou os dez destinos tur\u00edsticos mais buscados pelos brasileiros na plataforma entre os meses de janeiro e in\u00edcio de dezembro de 2023. A pesquisa, publicada no portal G1, revela que das dez cidades da lista, cinco est\u00e3o no Nordeste, duas do Sudeste e duas do Sul, al\u00e9m\u2026","rel":"","context":"In &quot;Variedades&quot;","block_context":{"text":"Variedades","link":"https:\/\/noticiasribeiraopreto.com.br\/index.php\/category\/variedades\/"},"img":{"alt_text":"","src":"https:\/\/i0.wp.com\/noticiasribeiraopreto.com.br\/wp-content\/uploads\/2023\/12\/porto-seguro-divulgacao-cvc-scaled.jpg?fit=1200%2C638&ssl=1&resize=350%2C200","width":350,"height":200,"srcset":"https:\/\/i0.wp.com\/noticiasribeiraopreto.com.br\/wp-content\/uploads\/2023\/12\/porto-seguro-divulgacao-cvc-scaled.jpg?fit=1200%2C638&ssl=1&resize=350%2C200 1x, https:\/\/i0.wp.com\/noticiasribeiraopreto.com.br\/wp-content\/uploads\/2023\/12\/porto-seguro-divulgacao-cvc-scaled.jpg?fit=1200%2C638&ssl=1&resize=525%2C300 1.5x, https:\/\/i0.wp.com\/noticiasribeiraopreto.com.br\/wp-content\/uploads\/2023\/12\/porto-seguro-divulgacao-cvc-scaled.jpg?fit=1200%2C638&ssl=1&resize=700%2C400 2x, https:\/\/i0.wp.com\/noticiasribeiraopreto.com.br\/wp-content\/uploads\/2023\/12\/porto-seguro-divulgacao-cvc-scaled.jpg?fit=1200%2C638&ssl=1&resize=1050%2C600 3x"},"classes":[]},{"id":16894,"url":"https:\/\/noticiasribeiraopreto.com.br\/index.php\/2023\/12\/16\/catraca-livre-revela-quais-sao-os-10-destinos-de-viagem-favoritos-dos-brasileiros\/","url_meta":{"origin":20338,"position":1},"title":"Catraca Livre revela quais s\u00e3o os 10 destinos de viagem favoritos dos brasileiros","author":"noticiasribeiraopreto.com.br","date":"16 de December de 2023","format":false,"excerpt":"Fernando de Noronha, Pantanal ou Amaz\u00f4nia? A Preply, plataforma de estudos de idiomas online, fez uma pesquisa para descobrir quais s\u00e3o os destinos favorito dos brasileiros? Esque\u00e7a as tr\u00eas op\u00e7\u00f5es listadas no come\u00e7o. A queridinha da vez \u00e9 a Bahia! Destino multicultural, o estado nordestino lidera a prefer\u00eancia dos brasileiros\u2026","rel":"","context":"In &quot;Variedades&quot;","block_context":{"text":"Variedades","link":"https:\/\/noticiasribeiraopreto.com.br\/index.php\/category\/variedades\/"},"img":{"alt_text":"","src":"https:\/\/i0.wp.com\/noticiasribeiraopreto.com.br\/wp-content\/uploads\/2023\/12\/itacare-bahia.jpg?fit=1200%2C638&ssl=1&resize=350%2C200","width":350,"height":200,"srcset":"https:\/\/i0.wp.com\/noticiasribeiraopreto.com.br\/wp-content\/uploads\/2023\/12\/itacare-bahia.jpg?fit=1200%2C638&ssl=1&resize=350%2C200 1x, https:\/\/i0.wp.com\/noticiasribeiraopreto.com.br\/wp-content\/uploads\/2023\/12\/itacare-bahia.jpg?fit=1200%2C638&ssl=1&resize=525%2C300 1.5x, https:\/\/i0.wp.com\/noticiasribeiraopreto.com.br\/wp-content\/uploads\/2023\/12\/itacare-bahia.jpg?fit=1200%2C638&ssl=1&resize=700%2C400 2x, https:\/\/i0.wp.com\/noticiasribeiraopreto.com.br\/wp-content\/uploads\/2023\/12\/itacare-bahia.jpg?fit=1200%2C638&ssl=1&resize=1050%2C600 3x"},"classes":[]},{"id":31167,"url":"https:\/\/noticiasribeiraopreto.com.br\/index.php\/2024\/01\/21\/top-10-destinos-internacionais-mais-visitados-pelos-brasileiros\/","url_meta":{"origin":20338,"position":2},"title":"Top 10 destinos internacionais mais visitados pelos brasileiros","author":"noticiasribeiraopreto.com.br","date":"21 de January de 2024","format":false,"excerpt":"Nos \u00faltimos anos, os brasileiros t\u00eam expandido cada vez mais seus horizontes ao decidir para onde ir\u00e3o em suas f\u00e9rias. O gosto pela aventura, a busca por novas culturas e experi\u00eancias, a melhoria do poder de compra, a facilidade de acesso a informa\u00e7\u00f5es e a crescente conectividade a\u00e9rea contribu\u00edram para\u2026","rel":"","context":"In &quot;Blog&quot;","block_context":{"text":"Blog","link":"https:\/\/noticiasribeiraopreto.com.br\/index.php\/category\/blog\/"},"img":{"alt_text":"","src":"https:\/\/i0.wp.com\/noticiasribeiraopreto.com.br\/wp-content\/uploads\/2024\/01\/viagens-internacionais.png?fit=600%2C384&ssl=1&resize=350%2C200","width":350,"height":200,"srcset":"https:\/\/i0.wp.com\/noticiasribeiraopreto.com.br\/wp-content\/uploads\/2024\/01\/viagens-internacionais.png?fit=600%2C384&ssl=1&resize=350%2C200 1x, https:\/\/i0.wp.com\/noticiasribeiraopreto.com.br\/wp-content\/uploads\/2024\/01\/viagens-internacionais.png?fit=600%2C384&ssl=1&resize=525%2C300 1.5x"},"classes":[]},{"id":40463,"url":"https:\/\/noticiasribeiraopreto.com.br\/index.php\/2024\/03\/04\/trecho-da-barao-do-amazonas-proximo-a-praca-carlos-gomes-sera-interditado-nesta-segunda\/","url_meta":{"origin":20338,"position":3},"title":"Trecho da Bar\u00e3o do Amazonas pr\u00f3ximo \u00e0 pra\u00e7a Carlos Gomes ser\u00e1 interditado nesta segunda","author":"noticiasribeiraopreto.com.br","date":"4 de March de 2024","format":false,"excerpt":"4 de mar\u00e7o de 2024 | 8:004 de mar\u00e7o de 2024 | 8:09 0Com a necessidade de recapeamento asf\u00e1ltico para as obras do corredor de \u00f4nibus do quadril\u00e1tero Central, a partir das 9h desta segunda-feira, dia 4 de mar\u00e7o, haver\u00e1 a interdi\u00e7\u00e3o total de mais um trecho da rua Bar\u00e3o\u2026","rel":"","context":"In &quot;Not\u00edcias de Ribeir\u00e3o Preto-SP e Regi\u00e3o&quot;","block_context":{"text":"Not\u00edcias de Ribeir\u00e3o Preto-SP e Regi\u00e3o","link":"https:\/\/noticiasribeiraopreto.com.br\/index.php\/category\/noticias-de-ribeirao-preto-sp-e-regiao-ismael-colosi\/"},"img":{"alt_text":"","src":"https:\/\/i0.wp.com\/noticiasribeiraopreto.com.br\/wp-content\/uploads\/2024\/03\/obras_mobilidade_quadrilatero_-_foto_guilherme_sircili_38-scaled.jpg?fit=967%2C645&ssl=1&resize=350%2C200","width":350,"height":200,"srcset":"https:\/\/i0.wp.com\/noticiasribeiraopreto.com.br\/wp-content\/uploads\/2024\/03\/obras_mobilidade_quadrilatero_-_foto_guilherme_sircili_38-scaled.jpg?fit=967%2C645&ssl=1&resize=350%2C200 1x, https:\/\/i0.wp.com\/noticiasribeiraopreto.com.br\/wp-content\/uploads\/2024\/03\/obras_mobilidade_quadrilatero_-_foto_guilherme_sircili_38-scaled.jpg?fit=967%2C645&ssl=1&resize=525%2C300 1.5x, https:\/\/i0.wp.com\/noticiasribeiraopreto.com.br\/wp-content\/uploads\/2024\/03\/obras_mobilidade_quadrilatero_-_foto_guilherme_sircili_38-scaled.jpg?fit=967%2C645&ssl=1&resize=700%2C400 2x"},"classes":[]},{"id":59464,"url":"https:\/\/noticiasribeiraopreto.com.br\/index.php\/2024\/10\/24\/ruas-do-centro-serao-interditadas-no-2o-turno-em-ribeirao-veja-trechos\/","url_meta":{"origin":20338,"position":4},"title":"Ruas do Centro ser\u00e3o interditadas no 2\u00ba turno em Ribeir\u00e3o; Veja trechos","author":"noticiasribeiraopreto.com.br","date":"24 de October de 2024","format":false,"excerpt":"As ruas Duque de Caxias e Cerqueira C\u00e9sar, no Centro de Ribeir\u00e3o Preto, ser\u00e3o parcialmente interditadas a partir do pr\u00f3ximo s\u00e1bado (26) para o 2\u00ba turno da elei\u00e7\u00f5es. Veja onde ser\u00e3o os bloqueios: Rua Duque de Caxias \u2013 da rua Garibaldi at\u00e9 a rua Cerqueira C\u00e9sar Rua\u00a0Cerqueira C\u00e9sar \u2013 da\u2026","rel":"","context":"In &quot;Not\u00edcias de Ribeir\u00e3o Preto-SP e Regi\u00e3o&quot;","block_context":{"text":"Not\u00edcias de Ribeir\u00e3o Preto-SP e Regi\u00e3o","link":"https:\/\/noticiasribeiraopreto.com.br\/index.php\/category\/noticias-de-ribeirao-preto-sp-e-regiao-ismael-colosi\/"},"img":{"alt_text":"","src":"https:\/\/i0.wp.com\/noticiasribeiraopreto.com.br\/wp-content\/uploads\/2024\/10\/whatsapp_image_2022-10-01_at_12_01_11_2024-10-01_20-45-54_jpe_2024-10-01_20-45-54.webp.webp?fit=1200%2C675&ssl=1&resize=350%2C200","width":350,"height":200,"srcset":"https:\/\/i0.wp.com\/noticiasribeiraopreto.com.br\/wp-content\/uploads\/2024\/10\/whatsapp_image_2022-10-01_at_12_01_11_2024-10-01_20-45-54_jpe_2024-10-01_20-45-54.webp.webp?fit=1200%2C675&ssl=1&resize=350%2C200 1x, https:\/\/i0.wp.com\/noticiasribeiraopreto.com.br\/wp-content\/uploads\/2024\/10\/whatsapp_image_2022-10-01_at_12_01_11_2024-10-01_20-45-54_jpe_2024-10-01_20-45-54.webp.webp?fit=1200%2C675&ssl=1&resize=525%2C300 1.5x, https:\/\/i0.wp.com\/noticiasribeiraopreto.com.br\/wp-content\/uploads\/2024\/10\/whatsapp_image_2022-10-01_at_12_01_11_2024-10-01_20-45-54_jpe_2024-10-01_20-45-54.webp.webp?fit=1200%2C675&ssl=1&resize=700%2C400 2x, https:\/\/i0.wp.com\/noticiasribeiraopreto.com.br\/wp-content\/uploads\/2024\/10\/whatsapp_image_2022-10-01_at_12_01_11_2024-10-01_20-45-54_jpe_2024-10-01_20-45-54.webp.webp?fit=1200%2C675&ssl=1&resize=1050%2C600 3x"},"classes":[]},{"id":60781,"url":"https:\/\/noticiasribeiraopreto.com.br\/index.php\/2024\/11\/25\/quais-sao-os-itens-mais-desejados-na-black-friday-veja-lista\/","url_meta":{"origin":20338,"position":5},"title":"Quais s\u00e3o os itens mais desejados na Black Friday? Veja lista","author":"noticiasribeiraopreto.com.br","date":"25 de November de 2024","format":false,"excerpt":"Roupas, cal\u00e7ados e acess\u00f3rios devem ser os itens mais procurados na Black Friday, que acontece oficialmente nesta sexta-feira (29). Em Ribeir\u00e3o Preto, o com\u00e9rcio estima um crescimento m\u00e9dio entre 2% e 4% nas vendas. Al\u00e9m dos mencionados, outros itens que ter\u00e3o bastante procura neste per\u00edodo s\u00e3o: celulares, perfumes, cosm\u00e9ticos, entre\u2026","rel":"","context":"In &quot;Not\u00edcias de Ribeir\u00e3o Preto-SP e Regi\u00e3o&quot;","block_context":{"text":"Not\u00edcias de Ribeir\u00e3o Preto-SP e Regi\u00e3o","link":"https:\/\/noticiasribeiraopreto.com.br\/index.php\/category\/noticias-de-ribeirao-preto-sp-e-regiao-ismael-colosi\/"},"img":{"alt_text":"","src":"https:\/\/i0.wp.com\/noticiasribeiraopreto.com.br\/wp-content\/uploads\/2024\/11\/tshirt-2428521_1280.jpg?fit=1200%2C741&ssl=1&resize=350%2C200","width":350,"height":200,"srcset":"https:\/\/i0.wp.com\/noticiasribeiraopreto.com.br\/wp-content\/uploads\/2024\/11\/tshirt-2428521_1280.jpg?fit=1200%2C741&ssl=1&resize=350%2C200 1x, https:\/\/i0.wp.com\/noticiasribeiraopreto.com.br\/wp-content\/uploads\/2024\/11\/tshirt-2428521_1280.jpg?fit=1200%2C741&ssl=1&resize=525%2C300 1.5x, https:\/\/i0.wp.com\/noticiasribeiraopreto.com.br\/wp-content\/uploads\/2024\/11\/tshirt-2428521_1280.jpg?fit=1200%2C741&ssl=1&resize=700%2C400 2x, https:\/\/i0.wp.com\/noticiasribeiraopreto.com.br\/wp-content\/uploads\/2024\/11\/tshirt-2428521_1280.jpg?fit=1200%2C741&ssl=1&resize=1050%2C600 3x"},"classes":[]}],"jetpack_sharing_enabled":true,"jetpack_shortlink":"https:\/\/wp.me\/peQAOb-5i2","_links":{"self":[{"href":"https:\/\/noticiasribeiraopreto.com.br\/index.php\/wp-json\/wp\/v2\/posts\/20338","targetHints":{"allow":["GET"]}}],"collection":[{"href":"https:\/\/noticiasribeiraopreto.com.br\/index.php\/wp-json\/wp\/v2\/posts"}],"about":[{"href":"https:\/\/noticiasribeiraopreto.com.br\/index.php\/wp-json\/wp\/v2\/types\/post"}],"author":[{"embeddable":true,"href":"https:\/\/noticiasribeiraopreto.com.br\/index.php\/wp-json\/wp\/v2\/users\/1"}],"replies":[{"embeddable":true,"href":"https:\/\/noticiasribeiraopreto.com.br\/index.php\/wp-json\/wp\/v2\/comments?post=20338"}],"version-history":[{"count":0,"href":"https:\/\/noticiasribeiraopreto.com.br\/index.php\/wp-json\/wp\/v2\/posts\/20338\/revisions"}],"wp:featuredmedia":[{"embeddable":true,"href":"https:\/\/noticiasribeiraopreto.com.br\/index.php\/wp-json\/wp\/v2\/media\/20339"}],"wp:attachment":[{"href":"https:\/\/noticiasribeiraopreto.com.br\/index.php\/wp-json\/wp\/v2\/media?parent=20338"}],"wp:term":[{"taxonomy":"category","embeddable":true,"href":"https:\/\/noticiasribeiraopreto.com.br\/index.php\/wp-json\/wp\/v2\/categories?post=20338"},{"taxonomy":"post_tag","embeddable":true,"href":"https:\/\/noticiasribeiraopreto.com.br\/index.php\/wp-json\/wp\/v2\/tags?post=20338"}],"curies":[{"name":"wp","href":"https:\/\/api.w.org\/{rel}","templated":true}]}}