{"id":20344,"date":"2023-12-25T07:09:44","date_gmt":"2023-12-25T10:09:44","guid":{"rendered":"https:\/\/noticiasribeiraopreto.com.br\/index.php\/2023\/12\/25\/havera-mudancas-na-contribuicao-previdenciaria\/"},"modified":"2023-12-25T07:09:44","modified_gmt":"2023-12-25T10:09:44","slug":"havera-mudancas-na-contribuicao-previdenciaria","status":"publish","type":"post","link":"https:\/\/noticiasribeiraopreto.com.br\/index.php\/2023\/12\/25\/havera-mudancas-na-contribuicao-previdenciaria\/","title":{"rendered":"haver\u00e1 mudan\u00e7as na contribui\u00e7\u00e3o previdenci\u00e1ria?"},"content":{"rendered":"<div class='code-block code-block-1' style='margin: 8px 0 8px auto; text-align: right; display: block; clear: both;'>\n<p><a href=\"https:\/\/wa.link\/vpicfd\"><img data-recalc-dims=\"1\" class=\"wp-image-4922\" style=\"aspect-ratio: 2.0253164556962027; width: 561px; height: auto;\" src=\"https:\/\/i0.wp.com\/ismaelcolosi.com.br\/wp-content\/uploads\/2023\/11\/grupo-de-empregos-whatsapp-e-facebook-ismael-colosi-vagas.jpg?ssl=1\" alt=\"\" \/><\/a><\/p>\n<!-- \/wp:image -->\n<\/div>\n<p> <br \/>\n<\/p>\n<div>\n<div id=\"attachment_2315701\" class=\"wp-caption alignnone\">\n<div class=\"d-flex justify-content-center\" data-attachment-id=\"2315701\">\n<div class=\"position-relative d-inline-block\"><img data-recalc-dims=\"1\" data-portal-copyright=\"Istock\/visualspace\" fetchpriority=\"high\" decoding=\"async\" class=\"size-full wp-image-2315701\" src=\"https:\/\/i0.wp.com\/catracalivre.com.br\/wp-content\/uploads\/2023\/11\/istock-1463712307.jpg?resize=1253%2C836&#038;ssl=1\" alt=\"MEI: Aumento do teto de faturamento e outras novidades; confira\" width=\"1253\" height=\"836\" srcset=\"https:\/\/catracalivre.com.br\/wp-content\/uploads\/2023\/11\/istock-1463712307.jpg 1253w, https:\/\/catracalivre.com.br\/wp-content\/uploads\/2023\/11\/istock-1463712307-450x300.jpg 450w, https:\/\/catracalivre.com.br\/wp-content\/uploads\/2023\/11\/istock-1463712307-768x512.jpg 768w\" sizes=\"(max-width: 1253px) 100vw, 1253px\"\/><\/p>\n<p>Cr\u00e9ditos: Istock\/visualspace<\/p>\n<\/div>\n<\/div>\n<p><span class=\"post-imagem__legenda\">MEI: Aumento do teto de faturamento e outras novidades; confira<\/span><\/p>\n<\/div>\n<p>O Microempreendedor Individual (MEI) desempenha um papel fundamental na economia brasileira, permitindo que milh\u00f5es de empreendedores conduzam suas atividades de maneira legal e simplificada. Uma das preocupa\u00e7\u00f5es centrais para esses empreendedores \u00e9 a garantia de uma aposentadoria segura e condizente com sua trajet\u00f3ria como contribuintes.<\/p>\n<h2>Contribui\u00e7\u00e3o previdenci\u00e1ria do MEI e seu papel na aposentadoria<\/h2>\n<p>A contribui\u00e7\u00e3o previdenci\u00e1ria do <a href=\"https:\/\/catracalivre.com.br\/cidadania\/mei-pode-ampliar-o-valor-da-aposentadoria-pelo-inss\/\">MEI<\/a> \u00e9 realizada por meio do pagamento da Declara\u00e7\u00e3o Anual do Simples Nacional (DAS), um documento emitido mensalmente que re\u00fane os principais impostos e assegura a contribui\u00e7\u00e3o mensal com a Previd\u00eancia Social. Essa contribui\u00e7\u00e3o \u00e9 essencial para somar tempo de contribui\u00e7\u00e3o, elemento crucial para garantir uma aposentadoria tranquila no futuro.<\/p>\n<p>Atualmente, a contribui\u00e7\u00e3o previdenci\u00e1ria do MEI \u00e9 unificada para todos os microempreendedores. Ao solicitarem o benef\u00edcio previdenci\u00e1rio, eles t\u00eam direito a uma aposentadoria com o valor equivalente a um sal\u00e1rio m\u00ednimo. No entanto, propostas em discuss\u00e3o para 2024 podem redefinir essa din\u00e2mica, oferecendo uma abordagem mais flex\u00edvel e personalizada.<\/p>\n<h2>Poss\u00edveis mudan\u00e7as na contribui\u00e7\u00e3o previdenci\u00e1ria do MEI em 2024<\/h2>\n<p>Um projeto em fase de discuss\u00e3o visa reajustar a forma como os microempreendedores contribuem para a previd\u00eancia social. Atualmente, o valor da aposentadoria do MEI \u00e9 calculado com base no sal\u00e1rio m\u00ednimo. No entanto, a proposta em an\u00e1lise pretende estabelecer faixas de contribui\u00e7\u00e3o, proporcionando diferentes n\u00edveis para os empreendedores escolherem de acordo com suas possibilidades financeiras.<\/p>\n<p>Caso essa proposta seja aprovada, os microempreendedores que puderem realizar contribui\u00e7\u00f5es mais substanciais ter\u00e3o a oportunidade de se aposentar com benef\u00edcios proporcionais ao valor investido. Esse novo modelo, baseado em faixas, permite uma maior flexibilidade, permitindo ao empreendedor escolher a faixa que melhor se adequa ao seu or\u00e7amento e \u00e0s suas expectativas de aposentadoria.<\/p>\n<p>Essa medida, se implementada, ter\u00e1 um impacto significativo na vida futura dos microempreendedores, oferecendo a perspectiva de uma aposentadoria mais condizente com suas necessidades e aspira\u00e7\u00f5es. O aumento potencial do valor da aposentadoria pode representar um incentivo adicional para os MEIs realizarem contribui\u00e7\u00f5es mais substanciais, visando um futuro previdenci\u00e1rio mais s\u00f3lido.<\/p>\n<h2>Outras mudan\u00e7as para o MEI em 2024<\/h2>\n<p>Al\u00e9m da discuss\u00e3o sobre a contribui\u00e7\u00e3o previdenci\u00e1ria, outras mudan\u00e7as est\u00e3o previstas para os MEIs em 2024. O teto de faturamento, que j\u00e1 foi reajustado para o pr\u00f3ximo ano, permite a entrada de novos empreendedores na categoria. O limite, que anteriormente era de R$ 81 mil por ano, passou para R$ 144 mil, refletindo a diversidade de realidades enfrentadas pelos microempreendedores individuais.<\/p>\n<p>Esse reajuste aponta para a necessidade de adequa\u00e7\u00e3o dos benef\u00edcios aos diferentes n\u00edveis de faturamento, reconhecendo que os MEIs possuem realidades financeiras distintas. Essa flexibilidade \u00e9 essencial para promover um ambiente empreendedor mais inclusivo, permitindo que empreendedores de diferentes setores e escalas possam usufruir dos benef\u00edcios proporcionados pelo MEI.<\/p>\n<\/div>\n<p><script>\n\t\t! function(f, b, e, v, n, t, s) {\n\t\t\tif (f.fbq) return;\n\t\t\tn = f.fbq = function() {\n\t\t\t\tn.callMethod ?\n\t\t\t\t\tn.callMethod.apply(n, arguments) : n.queue.push(arguments)\n\t\t\t};\n\t\t\tif (!f._fbq) f._fbq = n;\n\t\t\tn.push = n;\n\t\t\tn.loaded = !0;\n\t\t\tn.version = '2.0';\n\t\t\tn.queue = [];\n\t\t\tt = b.createElement(e);\n\t\t\tt.async = !0;\n\t\t\tt.src = v;\n\t\t\ts = b.getElementsByTagName(e)[0];\n\t\t\ts.parentNode.insertBefore(t, s)\n\t\t}(window, document, 'script',\n\t\t\t'https:\/\/connect.facebook.net\/en_US\/fbevents.js');\n\t\tfbq('init', '338315473262380');\n\t\tfbq('track', 'PageView');\n\t<\/script><br \/>\n<br \/><br \/>\n<br \/><a href=\"https:\/\/catracalivre.com.br\/cidadania\/mei-em-2024-havera-mudancas-na-contribuicao-previdenciaria\/\">Source link <\/a><\/p>\n<!-- CONTENT END 1 -->\n","protected":false},"excerpt":{"rendered":"<p>Cr\u00e9ditos: Istock\/visualspace MEI: Aumento do teto de faturamento e outras novidades; confira O Microempreendedor Individual (MEI) desempenha um papel fundamental na economia brasileira, permitindo que&#8230;<\/p>\n","protected":false},"author":1,"featured_media":20345,"comment_status":"open","ping_status":"open","sticky":false,"template":"","format":"standard","meta":{"advanced_seo_description":"","jetpack_seo_html_title":"","jetpack_seo_noindex":false,"jetpack_post_was_ever_published":false,"_jetpack_newsletter_access":"","_jetpack_dont_email_post_to_subs":false,"_jetpack_newsletter_tier_id":0,"_jetpack_memberships_contains_paywalled_content":false,"_jetpack_memberships_contains_paid_content":false,"footnotes":"","jetpack_publicize_message":"","jetpack_publicize_feature_enabled":true,"jetpack_social_post_already_shared":true,"jetpack_social_options":{"image_generator_settings":{"template":"highway","default_image_id":0,"font":"","enabled":false},"version":2}},"categories":[19],"tags":[],"class_list":["post-20344","post","type-post","status-publish","format-standard","has-post-thumbnail","hentry","category-variedades"],"jetpack_publicize_connections":[],"jetpack_featured_media_url":"https:\/\/i0.wp.com\/noticiasribeiraopreto.com.br\/wp-content\/uploads\/2023\/12\/1703498988_fortalecer-financas.jpg?fit=1200%2C638&ssl=1","jetpack-related-posts":[{"id":19179,"url":"https:\/\/noticiasribeiraopreto.com.br\/index.php\/2023\/12\/21\/nova-novela-turca-amor-na-ilha-acaba-de-chegar-na-hbo-max-meu-valor-digital\/","url_meta":{"origin":20344,"position":0},"title":"Nova novela turca: &#8220;Amor na Ilha&#8221; acaba de chegar na HBO Max &#8211; Meu Valor Digital","author":"noticiasribeiraopreto.com.br","date":"21 de December de 2023","format":false,"excerpt":"Nova novela turca: \"Amor na Ilha\" acaba de chegar na HBO Max - Meu Valor Digital - Not\u00edcias atualizadas In\u00edcioChamadasNova novela turca: \u201cAmor na Ilha\u201d acaba de chegar na HBO Max Source link","rel":"","context":"In &quot;Vagas de Emprego em Ribeir\u00e3o Preto-SP&quot;","block_context":{"text":"Vagas de Emprego em Ribeir\u00e3o Preto-SP","link":"https:\/\/noticiasribeiraopreto.com.br\/index.php\/category\/empregos-classificados-vagas-trabalho\/vagas-de-empregos-em-ribeirao-preto-regiao-brasil\/"},"img":{"alt_text":"","src":"https:\/\/i0.wp.com\/noticiasribeiraopreto.com.br\/wp-content\/uploads\/2023\/12\/Amor-na-Ilha-1.jpg?fit=1200%2C774&ssl=1&resize=350%2C200","width":350,"height":200,"srcset":"https:\/\/i0.wp.com\/noticiasribeiraopreto.com.br\/wp-content\/uploads\/2023\/12\/Amor-na-Ilha-1.jpg?fit=1200%2C774&ssl=1&resize=350%2C200 1x, https:\/\/i0.wp.com\/noticiasribeiraopreto.com.br\/wp-content\/uploads\/2023\/12\/Amor-na-Ilha-1.jpg?fit=1200%2C774&ssl=1&resize=525%2C300 1.5x, https:\/\/i0.wp.com\/noticiasribeiraopreto.com.br\/wp-content\/uploads\/2023\/12\/Amor-na-Ilha-1.jpg?fit=1200%2C774&ssl=1&resize=700%2C400 2x, https:\/\/i0.wp.com\/noticiasribeiraopreto.com.br\/wp-content\/uploads\/2023\/12\/Amor-na-Ilha-1.jpg?fit=1200%2C774&ssl=1&resize=1050%2C600 3x"},"classes":[]},{"id":59650,"url":"https:\/\/noticiasribeiraopreto.com.br\/index.php\/2024\/10\/27\/2o-turno-marco-aurelio-larga-na-frente-na-apuracao-em-ribeirao-preto\/","url_meta":{"origin":20344,"position":1},"title":"2\u00ba turno: Marco Aur\u00e9lio larga na frente na apura\u00e7\u00e3o em Ribeir\u00e3o Preto","author":"noticiasribeiraopreto.com.br","date":"27 de October de 2024","format":false,"excerpt":"O candidato Marco Aur\u00e9lio (Novo) largou na frente na apura\u00e7\u00e3o dos votos pela Prefeitura de Ribeir\u00e3o Preto na tarde deste domingo (27). A apura\u00e7\u00e3o voc\u00ea acompanha em tempo real no acidade on \u2013 clique aqui. Com 10,27% dos votos apurados, Marco Aur\u00e9lio aparece com 53,68% dos votos e Ricardo Silva\u2026","rel":"","context":"In &quot;Not\u00edcias de Ribeir\u00e3o Preto-SP e Regi\u00e3o&quot;","block_context":{"text":"Not\u00edcias de Ribeir\u00e3o Preto-SP e Regi\u00e3o","link":"https:\/\/noticiasribeiraopreto.com.br\/index.php\/category\/noticias-de-ribeirao-preto-sp-e-regiao-ismael-colosi\/"},"img":{"alt_text":"","src":"https:\/\/i0.wp.com\/noticiasribeiraopreto.com.br\/wp-content\/uploads\/2024\/10\/debate-eptv_2024-10-25_13-09-48_jpeg_2024-10-25_13-09-48.webp.webp?fit=1200%2C674&ssl=1&resize=350%2C200","width":350,"height":200,"srcset":"https:\/\/i0.wp.com\/noticiasribeiraopreto.com.br\/wp-content\/uploads\/2024\/10\/debate-eptv_2024-10-25_13-09-48_jpeg_2024-10-25_13-09-48.webp.webp?fit=1200%2C674&ssl=1&resize=350%2C200 1x, https:\/\/i0.wp.com\/noticiasribeiraopreto.com.br\/wp-content\/uploads\/2024\/10\/debate-eptv_2024-10-25_13-09-48_jpeg_2024-10-25_13-09-48.webp.webp?fit=1200%2C674&ssl=1&resize=525%2C300 1.5x, https:\/\/i0.wp.com\/noticiasribeiraopreto.com.br\/wp-content\/uploads\/2024\/10\/debate-eptv_2024-10-25_13-09-48_jpeg_2024-10-25_13-09-48.webp.webp?fit=1200%2C674&ssl=1&resize=700%2C400 2x, https:\/\/i0.wp.com\/noticiasribeiraopreto.com.br\/wp-content\/uploads\/2024\/10\/debate-eptv_2024-10-25_13-09-48_jpeg_2024-10-25_13-09-48.webp.webp?fit=1200%2C674&ssl=1&resize=1050%2C600 3x"},"classes":[]},{"id":60988,"url":"https:\/\/noticiasribeiraopreto.com.br\/index.php\/2024\/12\/01\/motorista-bate-na-traseira-de-carro-estacionado-na-zona-sul-de-ribeirao\/","url_meta":{"origin":20344,"position":2},"title":"Motorista bate na traseira de carro estacionado na zona Sul de Ribeir\u00e3o","author":"noticiasribeiraopreto.com.br","date":"1 de December de 2024","format":false,"excerpt":"Na manh\u00e3 deste domingo (1\u00ba), uma motorista bateu na traseiro de um carro que estava estacionado na rua Abr\u00e3o Caixe, no Jardim Iraj\u00e1, zona Sul de Ribeir\u00e3o Preto. De acordo com os moradores, apesar do impacto, a motorista n\u00e3o ficou ferida e permaneceu no local. A pol\u00edcia foi acionada e\u2026","rel":"","context":"In &quot;Not\u00edcias de Ribeir\u00e3o Preto-SP e Regi\u00e3o&quot;","block_context":{"text":"Not\u00edcias de Ribeir\u00e3o Preto-SP e Regi\u00e3o","link":"https:\/\/noticiasribeiraopreto.com.br\/index.php\/category\/noticias-de-ribeirao-preto-sp-e-regiao-ismael-colosi\/"},"img":{"alt_text":"","src":"https:\/\/i0.wp.com\/noticiasribeiraopreto.com.br\/wp-content\/uploads\/2024\/12\/acidente-jd-iraja_2024-12-01_13-51-31_png_2024-12-01_13-51-31.webp.webp?fit=1200%2C675&ssl=1&resize=350%2C200","width":350,"height":200,"srcset":"https:\/\/i0.wp.com\/noticiasribeiraopreto.com.br\/wp-content\/uploads\/2024\/12\/acidente-jd-iraja_2024-12-01_13-51-31_png_2024-12-01_13-51-31.webp.webp?fit=1200%2C675&ssl=1&resize=350%2C200 1x, https:\/\/i0.wp.com\/noticiasribeiraopreto.com.br\/wp-content\/uploads\/2024\/12\/acidente-jd-iraja_2024-12-01_13-51-31_png_2024-12-01_13-51-31.webp.webp?fit=1200%2C675&ssl=1&resize=525%2C300 1.5x, https:\/\/i0.wp.com\/noticiasribeiraopreto.com.br\/wp-content\/uploads\/2024\/12\/acidente-jd-iraja_2024-12-01_13-51-31_png_2024-12-01_13-51-31.webp.webp?fit=1200%2C675&ssl=1&resize=700%2C400 2x, https:\/\/i0.wp.com\/noticiasribeiraopreto.com.br\/wp-content\/uploads\/2024\/12\/acidente-jd-iraja_2024-12-01_13-51-31_png_2024-12-01_13-51-31.webp.webp?fit=1200%2C675&ssl=1&resize=1050%2C600 3x"},"classes":[]},{"id":44172,"url":"https:\/\/noticiasribeiraopreto.com.br\/index.php\/2024\/03\/26\/semana-santa-confira-a-programacao-das-missas-em-igrejas-de-ribeirao-preto\/","url_meta":{"origin":20344,"position":3},"title":"Semana Santa: Confira a programa\u00e7\u00e3o das missas em igrejas de Ribeir\u00e3o Preto","author":"noticiasribeiraopreto.com.br","date":"26 de March de 2024","format":false,"excerpt":"Igrejas cat\u00f3licas de Ribeir\u00e3o Preto divulgaram a programa\u00e7\u00e3o para a Semana Santa. As celebra\u00e7\u00f5es marcam a trajet\u00f3ria de Jesus Cristo at\u00e9 a crucifica\u00e7\u00e3o e a ressurrei\u00e7\u00e3o. Confira as datas e hor\u00e1rios em sete igrejas de Ribeir\u00e3o: 1. Catedral Metropolitana de S\u00e3o Sebasti\u00e3o Quinta-feira (28) Ceia do Senhor (Lava-p\u00e9s) \u2013 19h30\u2026","rel":"","context":"In &quot;Not\u00edcias de Ribeir\u00e3o Preto-SP e Regi\u00e3o&quot;","block_context":{"text":"Not\u00edcias de Ribeir\u00e3o Preto-SP e Regi\u00e3o","link":"https:\/\/noticiasribeiraopreto.com.br\/index.php\/category\/noticias-de-ribeirao-preto-sp-e-regiao-ismael-colosi\/"},"img":{"alt_text":"","src":"https:\/\/i0.wp.com\/noticiasribeiraopreto.com.br\/wp-content\/uploads\/2024\/03\/20220618_024226476_catedral_sao_1200x675_17062022004910-1.jpg?fit=1200%2C675&ssl=1&resize=350%2C200","width":350,"height":200,"srcset":"https:\/\/i0.wp.com\/noticiasribeiraopreto.com.br\/wp-content\/uploads\/2024\/03\/20220618_024226476_catedral_sao_1200x675_17062022004910-1.jpg?fit=1200%2C675&ssl=1&resize=350%2C200 1x, https:\/\/i0.wp.com\/noticiasribeiraopreto.com.br\/wp-content\/uploads\/2024\/03\/20220618_024226476_catedral_sao_1200x675_17062022004910-1.jpg?fit=1200%2C675&ssl=1&resize=525%2C300 1.5x, https:\/\/i0.wp.com\/noticiasribeiraopreto.com.br\/wp-content\/uploads\/2024\/03\/20220618_024226476_catedral_sao_1200x675_17062022004910-1.jpg?fit=1200%2C675&ssl=1&resize=700%2C400 2x, https:\/\/i0.wp.com\/noticiasribeiraopreto.com.br\/wp-content\/uploads\/2024\/03\/20220618_024226476_catedral_sao_1200x675_17062022004910-1.jpg?fit=1200%2C675&ssl=1&resize=1050%2C600 3x"},"classes":[]},{"id":24853,"url":"https:\/\/noticiasribeiraopreto.com.br\/index.php\/2024\/01\/05\/onde-esta-edson-davi-menino-de-apenas-6-anos-desapareceu-na-praia-na-barra-policia-investiga-o-caso\/","url_meta":{"origin":20344,"position":4},"title":"Onde est\u00e1 \u00c9dson Davi? Menino de apenas 6 anos desapareceu na praia na Barra; policia investiga o caso","author":"noticiasribeiraopreto.com.br","date":"5 de January de 2024","format":false,"excerpt":"Em um caso que tem perturbado a comunidade da Barra da Tijuca, no Rio de Janeiro, o pequeno \u00c9dson Davi Silva Almeida, de apenas 6 anos, desapareceu misteriosamente.O incidente ocorreu na tarde de quinta, dia 4 de janeiro, enquanto \u00c9dson brincava na areia, pr\u00f3ximo ao Posto 4, sob a supervis\u00e3o\u2026","rel":"","context":"In &quot;Blog&quot;","block_context":{"text":"Blog","link":"https:\/\/noticiasribeiraopreto.com.br\/index.php\/category\/blog\/"},"img":{"alt_text":"","src":"https:\/\/i0.wp.com\/noticiasribeiraopreto.com.br\/wp-content\/uploads\/2024\/01\/postimg-659808f748db14039.jpg?fit=1200%2C628&ssl=1&resize=350%2C200","width":350,"height":200,"srcset":"https:\/\/i0.wp.com\/noticiasribeiraopreto.com.br\/wp-content\/uploads\/2024\/01\/postimg-659808f748db14039.jpg?fit=1200%2C628&ssl=1&resize=350%2C200 1x, https:\/\/i0.wp.com\/noticiasribeiraopreto.com.br\/wp-content\/uploads\/2024\/01\/postimg-659808f748db14039.jpg?fit=1200%2C628&ssl=1&resize=525%2C300 1.5x, https:\/\/i0.wp.com\/noticiasribeiraopreto.com.br\/wp-content\/uploads\/2024\/01\/postimg-659808f748db14039.jpg?fit=1200%2C628&ssl=1&resize=700%2C400 2x, https:\/\/i0.wp.com\/noticiasribeiraopreto.com.br\/wp-content\/uploads\/2024\/01\/postimg-659808f748db14039.jpg?fit=1200%2C628&ssl=1&resize=1050%2C600 3x"},"classes":[]},{"id":80363,"url":"https:\/\/noticiasribeiraopreto.com.br\/index.php\/2025\/11\/20\/com-destaques-ciclistas-de-ribeirao-preto-disputam-campeonato-brasileiro-junior\/","url_meta":{"origin":20344,"position":5},"title":"Com destaques, ciclistas de Ribeir\u00e3o Preto disputam Campeonato Brasileiro J\u00fanior","author":"noticiasribeiraopreto.com.br","date":"20 de November de 2025","format":false,"excerpt":"Com oito ciclistas, a Equipe de Base de Ciclismo de Ribeir\u00e3o Preto disputa o Campeonato Brasileiro J\u00fanior, que ser\u00e1 realizado na cidade paranaense de Arauc\u00e1ria entre os dias 21 e 23 de novembro. A competi\u00e7\u00e3o come\u00e7a oficialmente nesta sexta-feira, quando ser\u00e1 realizado o Campeonato Brasileiro de Contra-Rel\u00f3gio. No s\u00e1bado, ocorre\u2026","rel":"","context":"In &quot;Not\u00edcias de Ribeir\u00e3o Preto-SP e Regi\u00e3o&quot;","block_context":{"text":"Not\u00edcias de Ribeir\u00e3o Preto-SP e Regi\u00e3o","link":"https:\/\/noticiasribeiraopreto.com.br\/index.php\/category\/noticias-de-ribeirao-preto-sp-e-regiao-ismael-colosi\/"},"img":{"alt_text":"","src":"https:\/\/i0.wp.com\/noticiasribeiraopreto.com.br\/wp-content\/uploads\/2025\/11\/ciclista_2025-11-20_18-44-27.webp.webp?fit=1024%2C683&ssl=1&resize=350%2C200","width":350,"height":200,"srcset":"https:\/\/i0.wp.com\/noticiasribeiraopreto.com.br\/wp-content\/uploads\/2025\/11\/ciclista_2025-11-20_18-44-27.webp.webp?fit=1024%2C683&ssl=1&resize=350%2C200 1x, https:\/\/i0.wp.com\/noticiasribeiraopreto.com.br\/wp-content\/uploads\/2025\/11\/ciclista_2025-11-20_18-44-27.webp.webp?fit=1024%2C683&ssl=1&resize=525%2C300 1.5x, https:\/\/i0.wp.com\/noticiasribeiraopreto.com.br\/wp-content\/uploads\/2025\/11\/ciclista_2025-11-20_18-44-27.webp.webp?fit=1024%2C683&ssl=1&resize=700%2C400 2x"},"classes":[]}],"jetpack_sharing_enabled":true,"jetpack_shortlink":"https:\/\/wp.me\/peQAOb-5i8","_links":{"self":[{"href":"https:\/\/noticiasribeiraopreto.com.br\/index.php\/wp-json\/wp\/v2\/posts\/20344","targetHints":{"allow":["GET"]}}],"collection":[{"href":"https:\/\/noticiasribeiraopreto.com.br\/index.php\/wp-json\/wp\/v2\/posts"}],"about":[{"href":"https:\/\/noticiasribeiraopreto.com.br\/index.php\/wp-json\/wp\/v2\/types\/post"}],"author":[{"embeddable":true,"href":"https:\/\/noticiasribeiraopreto.com.br\/index.php\/wp-json\/wp\/v2\/users\/1"}],"replies":[{"embeddable":true,"href":"https:\/\/noticiasribeiraopreto.com.br\/index.php\/wp-json\/wp\/v2\/comments?post=20344"}],"version-history":[{"count":0,"href":"https:\/\/noticiasribeiraopreto.com.br\/index.php\/wp-json\/wp\/v2\/posts\/20344\/revisions"}],"wp:featuredmedia":[{"embeddable":true,"href":"https:\/\/noticiasribeiraopreto.com.br\/index.php\/wp-json\/wp\/v2\/media\/20345"}],"wp:attachment":[{"href":"https:\/\/noticiasribeiraopreto.com.br\/index.php\/wp-json\/wp\/v2\/media?parent=20344"}],"wp:term":[{"taxonomy":"category","embeddable":true,"href":"https:\/\/noticiasribeiraopreto.com.br\/index.php\/wp-json\/wp\/v2\/categories?post=20344"},{"taxonomy":"post_tag","embeddable":true,"href":"https:\/\/noticiasribeiraopreto.com.br\/index.php\/wp-json\/wp\/v2\/tags?post=20344"}],"curies":[{"name":"wp","href":"https:\/\/api.w.org\/{rel}","templated":true}]}}