{"id":20352,"date":"2023-12-25T07:40:28","date_gmt":"2023-12-25T10:40:28","guid":{"rendered":"https:\/\/noticiasribeiraopreto.com.br\/index.php\/2023\/12\/25\/10-faculdades-onde-os-alunos-ja-saem-com-bons-empregos-meu-valor-digital\/"},"modified":"2023-12-25T07:40:28","modified_gmt":"2023-12-25T10:40:28","slug":"10-faculdades-onde-os-alunos-ja-saem-com-bons-empregos-meu-valor-digital","status":"publish","type":"post","link":"https:\/\/noticiasribeiraopreto.com.br\/index.php\/2023\/12\/25\/10-faculdades-onde-os-alunos-ja-saem-com-bons-empregos-meu-valor-digital\/","title":{"rendered":"10 faculdades onde os alunos j\u00e1 saem com bons empregos &#8211; Meu Valor Digital"},"content":{"rendered":"<div class='code-block code-block-1' style='margin: 8px 0 8px auto; text-align: right; display: block; clear: both;'>\n<p><a href=\"https:\/\/wa.link\/vpicfd\"><img data-recalc-dims=\"1\" class=\"wp-image-4922\" style=\"aspect-ratio: 2.0253164556962027; width: 561px; height: auto;\" src=\"https:\/\/i0.wp.com\/ismaelcolosi.com.br\/wp-content\/uploads\/2023\/11\/grupo-de-empregos-whatsapp-e-facebook-ismael-colosi-vagas.jpg?ssl=1\" alt=\"\" \/><\/a><\/p>\n<!-- \/wp:image -->\n<\/div>\n<p> <br \/>\n<\/p>\n<div>\n<p>Fazer uma faculdade envolve muitas preocupa\u00e7\u00f5es por parte dos alunos, seja com rela\u00e7\u00e3o ao in\u00edcio da jornada, na hora de tomar a decis\u00e3o sobre qual curso escolher, os desafios durante o processo de aprendizado at\u00e9 a forma\u00e7\u00e3o, e consequentemente a busca pelo emprego ap\u00f3s se formar.<\/p>\n<p>Durante a faculdade eu tive um professor que falava que a faculdade formava novos desempregados, alegando que n\u00e3o basta somente se formar, \u00e9 preciso ainda procurar um emprego, e para muitas pessoas que n\u00e3o tinham experi\u00eancia nas \u00e1reas, a tarefa n\u00e3o \u00e9 t\u00e3o simples.<\/p>\n<p>No entanto, existem algumas escolhas de cursos que possuem uma r\u00e1pida inser\u00e7\u00e3o no mercado de trabalho, isso porque, s\u00e3o profiss\u00f5es que est\u00e3o em alta no mercado de trabalho e, costumam n\u00e3o enfrentar crises nas suas devidas \u00e1reas.<\/p>\n<p>Contudo, \u00e9 importante considerar o panorama brasileiro quando se fala em empregabilidade. Isso porque, pegando como base, dados de agosto de 2023, onde a taxa de desemprego m\u00e9dio no pa\u00eds era de 7,9%.<\/p>\n<p>Se voc\u00ea \u00e9 uma pessoa que ainda est\u00e1 em d\u00favida de qual carreira seguir, ou buscando informa\u00e7\u00f5es sobre o mercado de trabalho, hoje n\u00f3s vamos apresentar 10 cursos de n\u00edvel superior onde os estudantes j\u00e1 saem empregos e, n\u00e3o enfrentam todas as dificuldades para ingressar na sua profiss\u00e3o.<\/p>\n<h2 class=\"wp-block-heading\" id=\"h-10-faculdades-onde-os-alunos-ja-saem-empregados\"><strong>10 faculdades onde os alunos j\u00e1 saem empregados<\/strong><\/h2>\n<p>O Instituto Semesp, em colabora\u00e7\u00e3o com o Simplicity, conduziu uma pesquisa na qual os ex-alunos foram questionados sobre sua situa\u00e7\u00e3o de emprego e se estavam atuando em suas \u00e1reas de forma\u00e7\u00e3o, em caso afirmativo.<\/p>\n<p>De acordo com os resultados da pesquisa, aqui est\u00e3o os 10 cursos que se destacaram com maior \u00edndice de empregabilidade logo ap\u00f3s a conclus\u00e3o do curso:<\/p>\n<ol>\n<li><strong>Medicina<\/strong>: 100% de empregabilidade<\/li>\n<li><strong>Engenharia de Computa\u00e7\u00e3o<\/strong>: 92,6% de empregabilidade<\/li>\n<li><strong>Ci\u00eancia da Computa\u00e7\u00e3o<\/strong>: 90,5% de empregabilidade<\/li>\n<li><strong>Farm\u00e1cia<\/strong>: 79,3% de empregabilidade<\/li>\n<li><strong>Odontologia<\/strong>: 78,9% de empregabilidade<\/li>\n<li><strong>Fisioterapia<\/strong>: 64,4% de empregabilidade<\/li>\n<li><strong>Arquitetura e Urbanismo<\/strong>: 63,5% de empregabilidade<\/li>\n<li><strong>Psicologia<\/strong>: 61,1% de empregabilidade<\/li>\n<li><strong>Publicidade e Propaganda<\/strong>: 60,5% de empregabilidade<\/li>\n<li><strong>Contabilidade<\/strong>: 60,5% de empregabilidade<\/li>\n<\/ol>\n<p>Em meio \u00e0 diversidade de cursos superiores, h\u00e1 uma gama de op\u00e7\u00f5es para quem busca empregabilidade em diversas \u00e1reas do conhecimento.<\/p>\n<p>Leia tamb\u00e9m | <a href=\"https:\/\/meuvalordigital.com.br\/30-faculdades-para-iniciar-e-se-formar-em-2-anos\/\">30 faculdades para iniciar e se formar em 2 anos<\/a><\/p>\n<p><strong>Medicina:<\/strong><\/p>\n<p>Permanecendo como um dos cursos mais concorridos, Medicina mant\u00e9m sua posi\u00e7\u00e3o como uma carreira com alta demanda e sal\u00e1rios atrativos. Seja atuando em consult\u00f3rios pr\u00f3prios, cl\u00ednicas, ou no setor p\u00fablico e privado, os m\u00e9dicos t\u00eam amplas oportunidades profissionais em todas as regi\u00f5es do pa\u00eds.<\/p>\n<p><strong>Engenharias:<\/strong><\/p>\n<p>Seja nas \u00e1reas El\u00e9trica, Civil, Mec\u00e2nica ou Mecatr\u00f4nica, as Engenharias s\u00e3o constantemente requisitadas por organiza\u00e7\u00f5es de diversos setores. Profissionais formados nessas \u00e1reas, especialmente aqueles alinhados \u00e0 tecnologia e inova\u00e7\u00e3o, desfrutam de carreiras duradouras e bem-sucedidas.<\/p>\n<p><strong>Enfermagem:<\/strong><\/p>\n<p>Com uma tradi\u00e7\u00e3o que persiste ao longo dos anos, a Enfermagem continua atraindo um grande n\u00famero de estudantes. Profissionais dedicados ao cuidado da sa\u00fade humana encontram in\u00fameras oportunidades tanto no servi\u00e7o p\u00fablico quanto no privado.<\/p>\n<p><strong>Administra\u00e7\u00e3o:<\/strong><\/p>\n<p>Aberto a uma ampla gama de oportunidades, o curso de Administra\u00e7\u00e3o \u00e9 uma escolha s\u00f3lida para muitos estudantes. O interesse na gest\u00e3o de bens, pessoas e organiza\u00e7\u00f5es \u00e9 altamente valorizado pelo mercado contempor\u00e2neo de trabalho.<\/p>\n<p><strong>Ci\u00eancias Econ\u00f4micas:<\/strong><\/p>\n<p>Com altas taxas de empregabilidade no mercado financeiro global, profissionais formados em Ci\u00eancias Econ\u00f4micas ou Economia s\u00e3o amplamente valorizados. A combina\u00e7\u00e3o de habilidades financeiras tradicionais com conhecimentos inovadores \u00e9 crucial para o sucesso profissional nessa \u00e1rea.<\/p>\n<p><strong>Arquitetura e Urbanismo:<\/strong><\/p>\n<p>Profissionais dessa \u00e1rea t\u00eam demanda tanto no setor p\u00fablico quanto no privado. A preocupa\u00e7\u00e3o crescente com a sustentabilidade e o desenvolvimento de cidades inteligentes destaca ainda mais a import\u00e2ncia dos arquitetos e urbanistas.<\/p>\n<p><strong>Ci\u00eancias Cont\u00e1beis:<\/strong><\/p>\n<p>Com proximidade \u00e0 Administra\u00e7\u00e3o e Ci\u00eancias Econ\u00f4micas, Ci\u00eancias Cont\u00e1beis destaca-se pela capacidade anal\u00edtica e de autogest\u00e3o. Empresas buscam profissionais com essas habilidades, tornando a \u00e1rea cada vez mais relevante.<\/p>\n<p><strong>Recursos Humanos:<\/strong><\/p>\n<p>A gest\u00e3o de talentos tornou-se crucial para organiza\u00e7\u00f5es destacarem-se, e os profissionais de Recursos Humanos desempenham um papel vital nesse cen\u00e1rio. A busca por uma gest\u00e3o humanizada e a valoriza\u00e7\u00e3o dos indiv\u00edduos impulsionam a demanda por esses profissionais, consolidando os cursos de Gest\u00e3o de Recursos Humanos entre os mais empreg\u00e1veis.<\/p>\n<p><strong>Cursos de Tecnologia:<\/strong><\/p>\n<p>Al\u00e9m das Ci\u00eancias da Computa\u00e7\u00e3o, cursos tecnol\u00f3gicos oferecem altas remunera\u00e7\u00f5es e diversas op\u00e7\u00f5es de forma\u00e7\u00e3o, como Seguran\u00e7a da Informa\u00e7\u00e3o, Banco de Dados, Desenvolvimento de Sistemas e Engenharia de Software, proporcionando aos apaixonados por tecnologia uma inser\u00e7\u00e3o competitiva no mercado de trabalho.<\/p>\n<p><strong>Marketing:<\/strong><\/p>\n<p>Profissionais de marketing, envolvidos no planejamento e execu\u00e7\u00e3o de estrat\u00e9gias de divulga\u00e7\u00e3o e posicionamento, encontram oportunidades tanto de forma aut\u00f4noma quanto em ag\u00eancias. Os diplomados nessa \u00e1rea frequentemente conseguem posi\u00e7\u00f5es logo ap\u00f3s a formatura.<\/p>\n<\/div>\n<p><br \/>\n<br \/><a href=\"https:\/\/meuvalordigital.com.br\/10-faculdades-onde-os-alunos-ja-saem-com-bons-empregos\/\">Source link <\/a><\/p>\n<!-- CONTENT END 1 -->\n","protected":false},"excerpt":{"rendered":"<p>Fazer uma faculdade envolve muitas preocupa\u00e7\u00f5es por parte dos alunos, seja com rela\u00e7\u00e3o ao in\u00edcio da jornada, na hora de tomar a decis\u00e3o sobre qual&#8230;<\/p>\n","protected":false},"author":1,"featured_media":20353,"comment_status":"open","ping_status":"open","sticky":false,"template":"","format":"standard","meta":{"advanced_seo_description":"","jetpack_seo_html_title":"","jetpack_seo_noindex":false,"jetpack_post_was_ever_published":false,"_jetpack_newsletter_access":"","_jetpack_dont_email_post_to_subs":false,"_jetpack_newsletter_tier_id":0,"_jetpack_memberships_contains_paywalled_content":false,"_jetpack_memberships_contains_paid_content":false,"footnotes":"","jetpack_publicize_message":"","jetpack_publicize_feature_enabled":true,"jetpack_social_post_already_shared":true,"jetpack_social_options":{"image_generator_settings":{"template":"highway","default_image_id":0,"font":"","enabled":false},"version":2}},"categories":[7],"tags":[],"class_list":["post-20352","post","type-post","status-publish","format-standard","has-post-thumbnail","hentry","category-vagas-de-empregos-em-ribeirao-preto-regiao-brasil"],"jetpack_publicize_connections":[],"jetpack_featured_media_url":"https:\/\/i0.wp.com\/noticiasribeiraopreto.com.br\/wp-content\/uploads\/2023\/12\/jovem-rapaz-trabalhando.jpg?fit=1206%2C805&ssl=1","jetpack-related-posts":[{"id":24798,"url":"https:\/\/noticiasribeiraopreto.com.br\/index.php\/2024\/01\/05\/30-faculdades-em-alta-para-pessoas-com-mais-de-40-anos-meu-valor-digital\/","url_meta":{"origin":20352,"position":0},"title":"30 faculdades em alta para pessoas com mais de 40 anos &#8211; Meu Valor Digital","author":"noticiasribeiraopreto.com.br","date":"5 de January de 2024","format":false,"excerpt":"Muitas pessoas acima dos 40 anos ficam receosas de come\u00e7ar uma faculdade, principalmente pelo tempo m\u00e9dio de forma\u00e7\u00e3o que varia de 4 a 5 anos, o que \u00e9 um tempo consider\u00e1vel, ainda mais quando se tem uma outra vida, cuidado dos filhos, cuidado de casa, do trabalho e ainda ter\u2026","rel":"","context":"In &quot;Vagas de Emprego em Ribeir\u00e3o Preto-SP&quot;","block_context":{"text":"Vagas de Emprego em Ribeir\u00e3o Preto-SP","link":"https:\/\/noticiasribeiraopreto.com.br\/index.php\/category\/empregos-classificados-vagas-trabalho\/vagas-de-empregos-em-ribeirao-preto-regiao-brasil\/"},"img":{"alt_text":"","src":"https:\/\/i0.wp.com\/noticiasribeiraopreto.com.br\/wp-content\/uploads\/2024\/01\/homem-com-mais-de-40-anos-fazendo-faculdade.jpg?fit=1200%2C800&ssl=1&resize=350%2C200","width":350,"height":200,"srcset":"https:\/\/i0.wp.com\/noticiasribeiraopreto.com.br\/wp-content\/uploads\/2024\/01\/homem-com-mais-de-40-anos-fazendo-faculdade.jpg?fit=1200%2C800&ssl=1&resize=350%2C200 1x, https:\/\/i0.wp.com\/noticiasribeiraopreto.com.br\/wp-content\/uploads\/2024\/01\/homem-com-mais-de-40-anos-fazendo-faculdade.jpg?fit=1200%2C800&ssl=1&resize=525%2C300 1.5x, https:\/\/i0.wp.com\/noticiasribeiraopreto.com.br\/wp-content\/uploads\/2024\/01\/homem-com-mais-de-40-anos-fazendo-faculdade.jpg?fit=1200%2C800&ssl=1&resize=700%2C400 2x, https:\/\/i0.wp.com\/noticiasribeiraopreto.com.br\/wp-content\/uploads\/2024\/01\/homem-com-mais-de-40-anos-fazendo-faculdade.jpg?fit=1200%2C800&ssl=1&resize=1050%2C600 3x"},"classes":[]},{"id":54757,"url":"https:\/\/noticiasribeiraopreto.com.br\/index.php\/2024\/07\/21\/estagio-obrigatorio-x-estagio-nao-obrigatorio\/","url_meta":{"origin":20352,"position":1},"title":"Est\u00e1gio obrigat\u00f3rio x est\u00e1gio n\u00e3o obrigat\u00f3rio","author":"noticiasribeiraopreto.com.br","date":"21 de July de 2024","format":false,"excerpt":"Voc\u00ea nem precisa estar na faculdade para j\u00e1 ter ouvido falar do est\u00e1gio, pois essa \u00e9 uma fase muito importante na forma\u00e7\u00e3o profissional dos estudantes universit\u00e1rios. Mas o que muita gente n\u00e3o sabe \u00e9 que existem dois tipos: o est\u00e1gio obrigat\u00f3rio e o n\u00e3o obrigat\u00f3rio. Interessante, n\u00e9? Ent\u00e3o, nesse post,\u2026","rel":"","context":"In &quot;Blog&quot;","block_context":{"text":"Blog","link":"https:\/\/noticiasribeiraopreto.com.br\/index.php\/category\/blog\/"},"img":{"alt_text":"","src":"https:\/\/i0.wp.com\/noticiasribeiraopreto.com.br\/wp-content\/uploads\/2024\/07\/estagio-obrigatorio.jpg?fit=1200%2C628&ssl=1&resize=350%2C200","width":350,"height":200,"srcset":"https:\/\/i0.wp.com\/noticiasribeiraopreto.com.br\/wp-content\/uploads\/2024\/07\/estagio-obrigatorio.jpg?fit=1200%2C628&ssl=1&resize=350%2C200 1x, https:\/\/i0.wp.com\/noticiasribeiraopreto.com.br\/wp-content\/uploads\/2024\/07\/estagio-obrigatorio.jpg?fit=1200%2C628&ssl=1&resize=525%2C300 1.5x, https:\/\/i0.wp.com\/noticiasribeiraopreto.com.br\/wp-content\/uploads\/2024\/07\/estagio-obrigatorio.jpg?fit=1200%2C628&ssl=1&resize=700%2C400 2x, https:\/\/i0.wp.com\/noticiasribeiraopreto.com.br\/wp-content\/uploads\/2024\/07\/estagio-obrigatorio.jpg?fit=1200%2C628&ssl=1&resize=1050%2C600 3x"},"classes":[]},{"id":17838,"url":"https:\/\/noticiasribeiraopreto.com.br\/index.php\/2023\/12\/19\/10-faculdades-que-nao-valem-mais-a-pena-fazer-em-2024-meu-valor-digital\/","url_meta":{"origin":20352,"position":2},"title":"10 faculdades que n\u00e3o valem mais a pena fazer em 2024 &#8211; Meu Valor Digital","author":"noticiasribeiraopreto.com.br","date":"19 de December de 2023","format":false,"excerpt":"At\u00e9 algum tempo atr\u00e1s, ter qualquer tipo de diploma universit\u00e1rio era algo que definitivamente o diferenciaria da multid\u00e3o, afinal, destacaria sua capacidade intelectual, al\u00e9m de abrir v\u00e1rias portas no mercado de trabalho em potencial. No entanto, devido a mudan\u00e7a do mercado de trabalho, e a satura\u00e7\u00e3o para algumas \u00e1reas, \u00e9\u2026","rel":"","context":"In &quot;Vagas de Emprego em Ribeir\u00e3o Preto-SP&quot;","block_context":{"text":"Vagas de Emprego em Ribeir\u00e3o Preto-SP","link":"https:\/\/noticiasribeiraopreto.com.br\/index.php\/category\/empregos-classificados-vagas-trabalho\/vagas-de-empregos-em-ribeirao-preto-regiao-brasil\/"},"img":{"alt_text":"","src":"https:\/\/i0.wp.com\/noticiasribeiraopreto.com.br\/wp-content\/uploads\/2023\/12\/estudante-triste.jpg?fit=1200%2C800&ssl=1&resize=350%2C200","width":350,"height":200,"srcset":"https:\/\/i0.wp.com\/noticiasribeiraopreto.com.br\/wp-content\/uploads\/2023\/12\/estudante-triste.jpg?fit=1200%2C800&ssl=1&resize=350%2C200 1x, https:\/\/i0.wp.com\/noticiasribeiraopreto.com.br\/wp-content\/uploads\/2023\/12\/estudante-triste.jpg?fit=1200%2C800&ssl=1&resize=525%2C300 1.5x, https:\/\/i0.wp.com\/noticiasribeiraopreto.com.br\/wp-content\/uploads\/2023\/12\/estudante-triste.jpg?fit=1200%2C800&ssl=1&resize=700%2C400 2x, https:\/\/i0.wp.com\/noticiasribeiraopreto.com.br\/wp-content\/uploads\/2023\/12\/estudante-triste.jpg?fit=1200%2C800&ssl=1&resize=1050%2C600 3x"},"classes":[]},{"id":33733,"url":"https:\/\/noticiasribeiraopreto.com.br\/index.php\/2024\/01\/30\/faca-e-teste-e-descubra-qual-carreira-seguir\/","url_meta":{"origin":20352,"position":3},"title":"fa\u00e7a e teste e descubra qual carreira seguir","author":"noticiasribeiraopreto.com.br","date":"30 de January de 2024","format":false,"excerpt":"Descobrir qual faculdade fazer n\u00e3o \u00e9 uma tarefa f\u00e1cil para ningu\u00e9m, milhares de estudantes passam por isso na hora de escolher o curso que ir\u00e3o realizar. Afinal de contas, decidir a profiss\u00e3o a seguir em sua vida \u00e9 uma decis\u00e3o muito importante. Para ajudar nessa tarefa, muitas pessoas recorrem ao\u2026","rel":"","context":"In &quot;Blog&quot;","block_context":{"text":"Blog","link":"https:\/\/noticiasribeiraopreto.com.br\/index.php\/category\/blog\/"},"img":{"alt_text":"","src":"https:\/\/i0.wp.com\/noticiasribeiraopreto.com.br\/wp-content\/uploads\/2024\/01\/faculdade-de-turismo.jpg?fit=1200%2C675&ssl=1&resize=350%2C200","width":350,"height":200,"srcset":"https:\/\/i0.wp.com\/noticiasribeiraopreto.com.br\/wp-content\/uploads\/2024\/01\/faculdade-de-turismo.jpg?fit=1200%2C675&ssl=1&resize=350%2C200 1x, https:\/\/i0.wp.com\/noticiasribeiraopreto.com.br\/wp-content\/uploads\/2024\/01\/faculdade-de-turismo.jpg?fit=1200%2C675&ssl=1&resize=525%2C300 1.5x, https:\/\/i0.wp.com\/noticiasribeiraopreto.com.br\/wp-content\/uploads\/2024\/01\/faculdade-de-turismo.jpg?fit=1200%2C675&ssl=1&resize=700%2C400 2x, https:\/\/i0.wp.com\/noticiasribeiraopreto.com.br\/wp-content\/uploads\/2024\/01\/faculdade-de-turismo.jpg?fit=1200%2C675&ssl=1&resize=1050%2C600 3x"},"classes":[]},{"id":23386,"url":"https:\/\/noticiasribeiraopreto.com.br\/index.php\/2024\/01\/02\/10-faculdades-que-nao-compensam-mais-comecar-em-2024-meu-valor-digital\/","url_meta":{"origin":20352,"position":4},"title":"10 faculdades que n\u00e3o compensam mais come\u00e7ar em 2024 &#8211; Meu Valor Digital","author":"noticiasribeiraopreto.com.br","date":"2 de January de 2024","format":false,"excerpt":"Falar sobre faculdades que n\u00e3o valem mais a pena come\u00e7ar \u00e9 um assunto extremamente complexo, isso porque, muitos dos profissionais formados nestas \u00e1reas acabam se sentindo ofendidos ou at\u00e9 mesmo desvalorizados diante desse tipo de informa\u00e7\u00e3o. No entanto, a informa\u00e7\u00e3o que traremos a seguir n\u00e3o \u00e9 relacionada aos profissionais que\u2026","rel":"","context":"In &quot;Vagas de Emprego em Ribeir\u00e3o Preto-SP&quot;","block_context":{"text":"Vagas de Emprego em Ribeir\u00e3o Preto-SP","link":"https:\/\/noticiasribeiraopreto.com.br\/index.php\/category\/empregos-classificados-vagas-trabalho\/vagas-de-empregos-em-ribeirao-preto-regiao-brasil\/"},"img":{"alt_text":"","src":"https:\/\/i0.wp.com\/noticiasribeiraopreto.com.br\/wp-content\/uploads\/2024\/01\/universitaria-triste.jpg?fit=1200%2C800&ssl=1&resize=350%2C200","width":350,"height":200,"srcset":"https:\/\/i0.wp.com\/noticiasribeiraopreto.com.br\/wp-content\/uploads\/2024\/01\/universitaria-triste.jpg?fit=1200%2C800&ssl=1&resize=350%2C200 1x, https:\/\/i0.wp.com\/noticiasribeiraopreto.com.br\/wp-content\/uploads\/2024\/01\/universitaria-triste.jpg?fit=1200%2C800&ssl=1&resize=525%2C300 1.5x, https:\/\/i0.wp.com\/noticiasribeiraopreto.com.br\/wp-content\/uploads\/2024\/01\/universitaria-triste.jpg?fit=1200%2C800&ssl=1&resize=700%2C400 2x, https:\/\/i0.wp.com\/noticiasribeiraopreto.com.br\/wp-content\/uploads\/2024\/01\/universitaria-triste.jpg?fit=1200%2C800&ssl=1&resize=1050%2C600 3x"},"classes":[]},{"id":21212,"url":"https:\/\/noticiasribeiraopreto.com.br\/index.php\/2023\/12\/27\/6-faculdades-que-podem-deixar-de-existir-nos-proximos-anos-meu-valor-digital\/","url_meta":{"origin":20352,"position":5},"title":"6 faculdades que podem deixar de existir nos pr\u00f3ximos anos &#8211; Meu Valor Digital","author":"noticiasribeiraopreto.com.br","date":"27 de December de 2023","format":false,"excerpt":"Com as intelig\u00eancias artificiais (IAs) vem evoluindo com o passar do tempo e desempenhando diversas fun\u00e7\u00f5es que antes s\u00f3 eram feitas por humanos, muitas faculdades (cursos superiores) podem estar amea\u00e7ados pelo avan\u00e7o das IAs e de outras tecnologias. Uma coisa \u00e9 fato: \u00e9 preciso que alguns cursos superiores atualizem urgentemente\u2026","rel":"","context":"In &quot;Vagas de Emprego em Ribeir\u00e3o Preto-SP&quot;","block_context":{"text":"Vagas de Emprego em Ribeir\u00e3o Preto-SP","link":"https:\/\/noticiasribeiraopreto.com.br\/index.php\/category\/empregos-classificados-vagas-trabalho\/vagas-de-empregos-em-ribeirao-preto-regiao-brasil\/"},"img":{"alt_text":"","src":"https:\/\/i0.wp.com\/noticiasribeiraopreto.com.br\/wp-content\/uploads\/2023\/12\/estudante-de-faculdade-na-duvida.jpg?fit=1200%2C800&ssl=1&resize=350%2C200","width":350,"height":200,"srcset":"https:\/\/i0.wp.com\/noticiasribeiraopreto.com.br\/wp-content\/uploads\/2023\/12\/estudante-de-faculdade-na-duvida.jpg?fit=1200%2C800&ssl=1&resize=350%2C200 1x, https:\/\/i0.wp.com\/noticiasribeiraopreto.com.br\/wp-content\/uploads\/2023\/12\/estudante-de-faculdade-na-duvida.jpg?fit=1200%2C800&ssl=1&resize=525%2C300 1.5x, https:\/\/i0.wp.com\/noticiasribeiraopreto.com.br\/wp-content\/uploads\/2023\/12\/estudante-de-faculdade-na-duvida.jpg?fit=1200%2C800&ssl=1&resize=700%2C400 2x, https:\/\/i0.wp.com\/noticiasribeiraopreto.com.br\/wp-content\/uploads\/2023\/12\/estudante-de-faculdade-na-duvida.jpg?fit=1200%2C800&ssl=1&resize=1050%2C600 3x"},"classes":[]}],"jetpack_sharing_enabled":true,"jetpack_shortlink":"https:\/\/wp.me\/peQAOb-5ig","_links":{"self":[{"href":"https:\/\/noticiasribeiraopreto.com.br\/index.php\/wp-json\/wp\/v2\/posts\/20352","targetHints":{"allow":["GET"]}}],"collection":[{"href":"https:\/\/noticiasribeiraopreto.com.br\/index.php\/wp-json\/wp\/v2\/posts"}],"about":[{"href":"https:\/\/noticiasribeiraopreto.com.br\/index.php\/wp-json\/wp\/v2\/types\/post"}],"author":[{"embeddable":true,"href":"https:\/\/noticiasribeiraopreto.com.br\/index.php\/wp-json\/wp\/v2\/users\/1"}],"replies":[{"embeddable":true,"href":"https:\/\/noticiasribeiraopreto.com.br\/index.php\/wp-json\/wp\/v2\/comments?post=20352"}],"version-history":[{"count":0,"href":"https:\/\/noticiasribeiraopreto.com.br\/index.php\/wp-json\/wp\/v2\/posts\/20352\/revisions"}],"wp:featuredmedia":[{"embeddable":true,"href":"https:\/\/noticiasribeiraopreto.com.br\/index.php\/wp-json\/wp\/v2\/media\/20353"}],"wp:attachment":[{"href":"https:\/\/noticiasribeiraopreto.com.br\/index.php\/wp-json\/wp\/v2\/media?parent=20352"}],"wp:term":[{"taxonomy":"category","embeddable":true,"href":"https:\/\/noticiasribeiraopreto.com.br\/index.php\/wp-json\/wp\/v2\/categories?post=20352"},{"taxonomy":"post_tag","embeddable":true,"href":"https:\/\/noticiasribeiraopreto.com.br\/index.php\/wp-json\/wp\/v2\/tags?post=20352"}],"curies":[{"name":"wp","href":"https:\/\/api.w.org\/{rel}","templated":true}]}}