{"id":20356,"date":"2023-12-25T07:57:43","date_gmt":"2023-12-25T10:57:43","guid":{"rendered":"https:\/\/noticiasribeiraopreto.com.br\/index.php\/2023\/12\/25\/crt-2a-regiao-anuncia-novo-concurso-publico-com-24-vagas-imediatas-e-cadastro-reserva\/"},"modified":"2023-12-25T07:57:43","modified_gmt":"2023-12-25T10:57:43","slug":"crt-2a-regiao-anuncia-novo-concurso-publico-com-24-vagas-imediatas-e-cadastro-reserva","status":"publish","type":"post","link":"https:\/\/noticiasribeiraopreto.com.br\/index.php\/2023\/12\/25\/crt-2a-regiao-anuncia-novo-concurso-publico-com-24-vagas-imediatas-e-cadastro-reserva\/","title":{"rendered":"CRT 2\u00aa Regi\u00e3o anuncia novo concurso p\u00fablico com 24 Vagas imediatas e cadastro reserva"},"content":{"rendered":"<div class='code-block code-block-1' style='margin: 8px 0 8px auto; text-align: right; display: block; clear: both;'>\n<p><a href=\"https:\/\/wa.link\/vpicfd\"><img data-recalc-dims=\"1\" class=\"wp-image-4922\" style=\"aspect-ratio: 2.0253164556962027; width: 561px; height: auto;\" src=\"https:\/\/i0.wp.com\/ismaelcolosi.com.br\/wp-content\/uploads\/2023\/11\/grupo-de-empregos-whatsapp-e-facebook-ismael-colosi-vagas.jpg?ssl=1\" alt=\"\" \/><\/a><\/p>\n<!-- \/wp:image -->\n<\/div>\n<p> <br \/>\n<\/p>\n<div>\n<div id=\"attachment_2328769\" class=\"wp-caption alignnone\">\n<div class=\"d-flex justify-content-center\" data-attachment-id=\"2328769\">\n<div class=\"position-relative d-inline-block\"><img data-recalc-dims=\"1\" data-portal-copyright=\"IStock\" fetchpriority=\"high\" decoding=\"async\" class=\"size-medium wp-image-2328769\" src=\"https:\/\/i0.wp.com\/catracalivre.com.br\/wp-content\/uploads\/2023\/12\/istock-622015126-450x272.jpg?resize=450%2C272&#038;ssl=1\" alt=\"Concurso p\u00fablico CRT 2\u00aa Regi\u00e3o\" width=\"450\" height=\"272\" srcset=\"https:\/\/catracalivre.com.br\/wp-content\/uploads\/2023\/12\/istock-622015126-450x272.jpg 450w, https:\/\/catracalivre.com.br\/wp-content\/uploads\/2023\/12\/istock-622015126-910x550.jpg 910w, https:\/\/catracalivre.com.br\/wp-content\/uploads\/2023\/12\/istock-622015126-768x464.jpg 768w, https:\/\/catracalivre.com.br\/wp-content\/uploads\/2023\/12\/istock-622015126.jpg 1317w\" sizes=\"(max-width: 450px) 100vw, 450px\"\/><\/p>\n<p>Cr\u00e9ditos: IStock<\/p>\n<\/div>\n<\/div>\n<p><span class=\"post-imagem__legenda\">Concurso p\u00fablico CRT 2\u00aa Regi\u00e3o<\/span><\/p>\n<\/div>\n<p>O Conselho Regional dos T\u00e9cnicos Industriais da 2\u00aa Regi\u00e3o (CRT 2\u00aa) divulga o edital de n\u00famero 01\/2023 para o aguardado <a href=\"https:\/\/catracalivre.com.br\/educacao\/9-canais-no-youtube-focados-em-aulas-para-concursos-publicos\/\">concurso<\/a> p\u00fablico, com o intuito de preencher 24 vagas de forma imediata e formar um cadastro reserva para outras 75 ocupa\u00e7\u00f5es. Essa \u00e9 uma oportunidade \u00edmpar para profissionais com forma\u00e7\u00e3o de n\u00edvel m\u00e9dio e t\u00e9cnico ingressarem em um novo desafio profissional.<\/p>\n<p>Vagas e Requisitos<\/p>\n<p>As vagas do <a href=\"https:\/\/catracalivre.com.br\/carreira\/41-concursos-publicos-com-salarios-de-ate-r-23-mil\/\">concurso<\/a> p\u00fablico s\u00e3o direcionadas a uma gama diversificada de ocupa\u00e7\u00f5es, exigindo qualifica\u00e7\u00f5es espec\u00edficas. Para o cargo de Auxiliar Administrativo, aberto para diversas localidades, como S\u00e3o Lu\u00eds \u2013 MA, Bel\u00e9m \u2013 PA, Fortaleza \u2013 CE, Macap\u00e1 \u2013 AP e Teresina \u2013 PI, o sal\u00e1rio inicial \u00e9 de R$ 1.980,00, al\u00e9m de benef\u00edcios, demandando n\u00edvel m\u00e9dio de escolaridade.<\/p>\n<p>J\u00e1 para o cargo de Agente Administrativo, tamb\u00e9m dispon\u00edvel nessas mesmas localidades, o sal\u00e1rio inicial \u00e9 de R$ 2.500,00, somado aos benef\u00edcios, exigindo n\u00edvel m\u00e9dio como requisito.<\/p>\n<p>Por fim, para a posi\u00e7\u00e3o de Agente de Fiscaliza\u00e7\u00e3o, com exig\u00eancia de n\u00edvel t\u00e9cnico, o sal\u00e1rio inicial \u00e9 de R$ 3.700,00, mais benef\u00edcios, tamb\u00e9m dispon\u00edvel nas cidades mencionadas anteriormente.<\/p>\n<p>Inscri\u00e7\u00f5es e Taxas<\/p>\n<p>As inscri\u00e7\u00f5es para este concurso estar\u00e3o abertas no <a href=\"https:\/\/funatec.org.br\/concursos\/133\/processo-seletivo-simplificado-do-conselho-regional-dos-tecnicos-industriais-da-2-regiao-crt-02\" rel=\"noopener\">site<\/a> oficial do CRT 2\u00aa Regi\u00e3o no per\u00edodo entre 2 e 31 de janeiro de 2024. Para participar, os candidatos interessados devem observar as taxas de inscri\u00e7\u00e3o aplic\u00e1veis: R$ 45,00 para concorrer ao cargo de Auxiliar Administrativo, R$ 55,00 para Agente Administrativo e R$ 65,00 para Agente de Fiscaliza\u00e7\u00e3o. Essas taxas s\u00e3o essenciais para a participa\u00e7\u00e3o no certame e devem ser consideradas dentro do prazo estipulado.<\/p>\n<p>Este \u00e9 um chamado para os profissionais que desejam fazer parte do quadro de colaboradores do CRT 2\u00aa Regi\u00e3o. Prepare-se para essa oportunidade \u00fanica e garanta sua inscri\u00e7\u00e3o dentro do per\u00edodo estabelecido para concorrer a uma dessas vagas.<\/p>\n<div class=\"partner d-flex rounded shadow-sm p-2 mb-3 align-items-center\" id=\"partner\" data-print=\"ignore\">\n<div class=\"image mr-2\">\n<img data-recalc-dims=\"1\" src=\"https:\/\/i0.wp.com\/robohash.org\/b730afd4cf5c5d237c7f93163ed023b6.png?resize=110%2C110&#038;ssl=1\" width=\"110\" height=\"110\" title=\"Thatyana Costa\" loading=\"lazy\" decoding=\"async\" class=\"rounded-circle\"\/>\n<\/div>\n<\/div>\n<\/div>\n<p><script>\n\t\t! function(f, b, e, v, n, t, s) {\n\t\t\tif (f.fbq) return;\n\t\t\tn = f.fbq = function() {\n\t\t\t\tn.callMethod ?\n\t\t\t\t\tn.callMethod.apply(n, arguments) : n.queue.push(arguments)\n\t\t\t};\n\t\t\tif (!f._fbq) f._fbq = n;\n\t\t\tn.push = n;\n\t\t\tn.loaded = !0;\n\t\t\tn.version = '2.0';\n\t\t\tn.queue = [];\n\t\t\tt = b.createElement(e);\n\t\t\tt.async = !0;\n\t\t\tt.src = v;\n\t\t\ts = b.getElementsByTagName(e)[0];\n\t\t\ts.parentNode.insertBefore(t, s)\n\t\t}(window, document, 'script',\n\t\t\t'https:\/\/connect.facebook.net\/en_US\/fbevents.js');\n\t\tfbq('init', '338315473262380');\n\t\tfbq('track', 'PageView');\n\t<\/script><br \/>\n<br \/><br \/>\n<br \/><a href=\"https:\/\/catracalivre.com.br\/educacao\/crt-2a-regiao-anuncia-novo-concurso-publico-com-24-vagas-imediatas-e-cadastro-reserva\/\">Source link <\/a><\/p>\n<!-- CONTENT END 1 -->\n","protected":false},"excerpt":{"rendered":"<p>Cr\u00e9ditos: IStock Concurso p\u00fablico CRT 2\u00aa Regi\u00e3o O Conselho Regional dos T\u00e9cnicos Industriais da 2\u00aa Regi\u00e3o (CRT 2\u00aa) divulga o edital de n\u00famero 01\/2023 para&#8230;<\/p>\n","protected":false},"author":1,"featured_media":20357,"comment_status":"open","ping_status":"open","sticky":false,"template":"","format":"standard","meta":{"advanced_seo_description":"","jetpack_seo_html_title":"","jetpack_seo_noindex":false,"jetpack_post_was_ever_published":false,"_jetpack_newsletter_access":"","_jetpack_dont_email_post_to_subs":false,"_jetpack_newsletter_tier_id":0,"_jetpack_memberships_contains_paywalled_content":false,"_jetpack_memberships_contains_paid_content":false,"footnotes":"","jetpack_publicize_message":"","jetpack_publicize_feature_enabled":true,"jetpack_social_post_already_shared":true,"jetpack_social_options":{"image_generator_settings":{"template":"highway","default_image_id":0,"font":"","enabled":false},"version":2}},"categories":[19],"tags":[],"class_list":["post-20356","post","type-post","status-publish","format-standard","has-post-thumbnail","hentry","category-variedades"],"jetpack_publicize_connections":[],"jetpack_featured_media_url":"https:\/\/i0.wp.com\/noticiasribeiraopreto.com.br\/wp-content\/uploads\/2023\/12\/istock-622015126.jpg?fit=1200%2C638&ssl=1","jetpack-related-posts":[{"id":20680,"url":"https:\/\/noticiasribeiraopreto.com.br\/index.php\/2023\/12\/26\/concurso-publico-crt-2a-regiao-tem-salario-de-ate-r-37-mil\/","url_meta":{"origin":20356,"position":0},"title":"Concurso p\u00fablico CRT 2\u00aa Regi\u00e3o tem sal\u00e1rio de at\u00e9 R$ 3,7 mil","author":"noticiasribeiraopreto.com.br","date":"26 de December de 2023","format":false,"excerpt":"Cr\u00e9ditos: Getty ImagesConcurso p\u00fablico CRT 2\u00aa Regi\u00e3o O Conselho Regional dos T\u00e9cnicos Industriais da 2\u00aa Regi\u00e3o (CRT 2\u00aa ) anuncia edital de n\u00ba 01\/2023 para concurso p\u00fablico, que visa o provimento de 24 vagas imediatas, al\u00e9m de formar cadastro reserva em outras 75 ocupa\u00e7\u00f5es. As oportunidades do concurso p\u00fablico do\u2026","rel":"","context":"In &quot;Variedades&quot;","block_context":{"text":"Variedades","link":"https:\/\/noticiasribeiraopreto.com.br\/index.php\/category\/variedades\/"},"img":{"alt_text":"","src":"https:\/\/i0.wp.com\/noticiasribeiraopreto.com.br\/wp-content\/uploads\/2023\/12\/istock-184929692.jpg?fit=1200%2C638&ssl=1&resize=350%2C200","width":350,"height":200,"srcset":"https:\/\/i0.wp.com\/noticiasribeiraopreto.com.br\/wp-content\/uploads\/2023\/12\/istock-184929692.jpg?fit=1200%2C638&ssl=1&resize=350%2C200 1x, https:\/\/i0.wp.com\/noticiasribeiraopreto.com.br\/wp-content\/uploads\/2023\/12\/istock-184929692.jpg?fit=1200%2C638&ssl=1&resize=525%2C300 1.5x, https:\/\/i0.wp.com\/noticiasribeiraopreto.com.br\/wp-content\/uploads\/2023\/12\/istock-184929692.jpg?fit=1200%2C638&ssl=1&resize=700%2C400 2x, https:\/\/i0.wp.com\/noticiasribeiraopreto.com.br\/wp-content\/uploads\/2023\/12\/istock-184929692.jpg?fit=1200%2C638&ssl=1&resize=1050%2C600 3x"},"classes":[]},{"id":23449,"url":"https:\/\/noticiasribeiraopreto.com.br\/index.php\/2024\/01\/02\/inscricao-aberta-para-99-vagas-em-5-estados\/","url_meta":{"origin":20356,"position":1},"title":"inscri\u00e7\u00e3o aberta para 99 vagas em 5 estados","author":"noticiasribeiraopreto.com.br","date":"2 de January de 2024","format":false,"excerpt":"J\u00e1 est\u00e3o abertas as inscri\u00e7\u00f5es do processo seletivo do CRT-02 (Conselho Regional dos T\u00e9cnicos Industriais da 2\u00aa Regi\u00e3o). Oferta \u00e9 de 99 vagas, sendo 24 para contrata\u00e7\u00e3o imediata e 75 para forma\u00e7\u00e3o de cadastro reserva (CR). A lota\u00e7\u00e3o ocorrer\u00e1 nas cidades de S\u00e3o Lu\u00eds\/MA, Bel\u00e9m\/PA, Fortaleza\/CE, Macap\u00e1\/AP e Teresina\/PI. Oportunidades\u2026","rel":"","context":"In &quot;Vagas de Emprego em Ribeir\u00e3o Preto-SP&quot;","block_context":{"text":"Vagas de Emprego em Ribeir\u00e3o Preto-SP","link":"https:\/\/noticiasribeiraopreto.com.br\/index.php\/category\/empregos-classificados-vagas-trabalho\/vagas-de-empregos-em-ribeirao-preto-regiao-brasil\/"},"img":{"alt_text":"","src":"https:\/\/i0.wp.com\/noticiasribeiraopreto.com.br\/wp-content\/uploads\/2024\/01\/concurso-crt-2-quadro-vagas-2023.jpg?fit=907%2C646&ssl=1&resize=350%2C200","width":350,"height":200,"srcset":"https:\/\/i0.wp.com\/noticiasribeiraopreto.com.br\/wp-content\/uploads\/2024\/01\/concurso-crt-2-quadro-vagas-2023.jpg?fit=907%2C646&ssl=1&resize=350%2C200 1x, https:\/\/i0.wp.com\/noticiasribeiraopreto.com.br\/wp-content\/uploads\/2024\/01\/concurso-crt-2-quadro-vagas-2023.jpg?fit=907%2C646&ssl=1&resize=525%2C300 1.5x, https:\/\/i0.wp.com\/noticiasribeiraopreto.com.br\/wp-content\/uploads\/2024\/01\/concurso-crt-2-quadro-vagas-2023.jpg?fit=907%2C646&ssl=1&resize=700%2C400 2x"},"classes":[]},{"id":4942,"url":"https:\/\/noticiasribeiraopreto.com.br\/index.php\/2023\/11\/22\/crt-01-anuncia-novo-concurso-publico-para-diversas-capitais-confira\/","url_meta":{"origin":20356,"position":2},"title":"CRT-01 anuncia novo concurso p\u00fablico para diversas capitais; confira","author":"noticiasribeiraopreto.com.br","date":"22 de November de 2023","format":false,"excerpt":"Cr\u00e9ditos: IstockCRT-01 anuncia concurso p\u00fablico. O Conselho Regional dos T\u00e9cnicos Industriais da 1\u00aa Regi\u00e3o (CRT-01) anuncia edital de n\u00ba 01\/2023 para concurso p\u00fablico, que oferece\u00a0575 vagas para contrata\u00e7\u00e3o de novos servidores efetivos de n\u00edveis m\u00e9dio e t\u00e9cnico. O concurso p\u00fablico, que abrange Bras\u00edlia (DF),\u00a0Boa Vista (RR), Campo Grande (MS), Cuiab\u00e1\u2026","rel":"","context":"In &quot;Variedades&quot;","block_context":{"text":"Variedades","link":"https:\/\/noticiasribeiraopreto.com.br\/index.php\/category\/variedades\/"},"img":{"alt_text":"","src":"https:\/\/i0.wp.com\/noticiasribeiraopreto.com.br\/wp-content\/uploads\/2023\/11\/istock-902790606-1.jpg?fit=1200%2C638&ssl=1&resize=350%2C200","width":350,"height":200,"srcset":"https:\/\/i0.wp.com\/noticiasribeiraopreto.com.br\/wp-content\/uploads\/2023\/11\/istock-902790606-1.jpg?fit=1200%2C638&ssl=1&resize=350%2C200 1x, https:\/\/i0.wp.com\/noticiasribeiraopreto.com.br\/wp-content\/uploads\/2023\/11\/istock-902790606-1.jpg?fit=1200%2C638&ssl=1&resize=525%2C300 1.5x, https:\/\/i0.wp.com\/noticiasribeiraopreto.com.br\/wp-content\/uploads\/2023\/11\/istock-902790606-1.jpg?fit=1200%2C638&ssl=1&resize=700%2C400 2x, https:\/\/i0.wp.com\/noticiasribeiraopreto.com.br\/wp-content\/uploads\/2023\/11\/istock-902790606-1.jpg?fit=1200%2C638&ssl=1&resize=1050%2C600 3x"},"classes":[]},{"id":63184,"url":"https:\/\/noticiasribeiraopreto.com.br\/index.php\/2025\/02\/05\/saiba-quando-sera-lancado-o-edital-da-2a-edicao-do-concurso-publico-unificado\/","url_meta":{"origin":20356,"position":3},"title":"Saiba quando ser\u00e1 lan\u00e7ado o edital da 2\u00aa edi\u00e7\u00e3o do Concurso P\u00fablico Unificado","author":"noticiasribeiraopreto.com.br","date":"5 de February de 2025","format":false,"excerpt":"A ministra da Gest\u00e3o e da Inova\u00e7\u00e3o em Servi\u00e7os P\u00fablicos, Esther Dweck, disse nesta quarta-feira (5) que o edital da 2\u00aa edi\u00e7\u00e3o do Concurso P\u00fablico Unificado deve ser lan\u00e7ado at\u00e9 o final do primeiro trimestre de 2025. Segundo a ministra, a prova deve ser realizada novamente em agosto. O an\u00fancio\u2026","rel":"","context":"In &quot;Not\u00edcias de Ribeir\u00e3o Preto-SP e Regi\u00e3o&quot;","block_context":{"text":"Not\u00edcias de Ribeir\u00e3o Preto-SP e Regi\u00e3o","link":"https:\/\/noticiasribeiraopreto.com.br\/index.php\/category\/noticias-de-ribeirao-preto-sp-e-regiao-ismael-colosi\/"},"img":{"alt_text":"","src":"https:\/\/i0.wp.com\/noticiasribeiraopreto.com.br\/wp-content\/uploads\/2025\/02\/prova-concurso-publico-3.jpg?fit=1200%2C800&ssl=1&resize=350%2C200","width":350,"height":200,"srcset":"https:\/\/i0.wp.com\/noticiasribeiraopreto.com.br\/wp-content\/uploads\/2025\/02\/prova-concurso-publico-3.jpg?fit=1200%2C800&ssl=1&resize=350%2C200 1x, https:\/\/i0.wp.com\/noticiasribeiraopreto.com.br\/wp-content\/uploads\/2025\/02\/prova-concurso-publico-3.jpg?fit=1200%2C800&ssl=1&resize=525%2C300 1.5x, https:\/\/i0.wp.com\/noticiasribeiraopreto.com.br\/wp-content\/uploads\/2025\/02\/prova-concurso-publico-3.jpg?fit=1200%2C800&ssl=1&resize=700%2C400 2x, https:\/\/i0.wp.com\/noticiasribeiraopreto.com.br\/wp-content\/uploads\/2025\/02\/prova-concurso-publico-3.jpg?fit=1200%2C800&ssl=1&resize=1050%2C600 3x"},"classes":[]},{"id":84454,"url":"https:\/\/noticiasribeiraopreto.com.br\/index.php\/2026\/04\/09\/mutirao-oferece-rg-2a-via-de-certidoes-e-servicos-em-ribeirao-preto-veja-quando\/","url_meta":{"origin":20356,"position":4},"title":"Mutir\u00e3o oferece RG, 2\u00aa via de certid\u00f5es e servi\u00e7os em Ribeir\u00e3o Preto; veja quando","author":"noticiasribeiraopreto.com.br","date":"9 de April de 2026","format":false,"excerpt":"Ler o resumo da not\u00edcia Mutir\u00e3o \"Cidadania Itinerante\" oferece servi\u00e7os gratuitos de documenta\u00e7\u00e3o em Ribeir\u00e3o Preto entre 13 e 15 de abril. Atendimento ocorre na Esplanada do Theatro Pedro II, no Centro, com emiss\u00e3o de RG, certid\u00f5es e antecedentes criminais. P\u00fablico tamb\u00e9m pode buscar agendamento para CNH, orienta\u00e7\u00e3o do Procon\u2026","rel":"","context":"In &quot;Not\u00edcias de Ribeir\u00e3o Preto-SP e Regi\u00e3o&quot;","block_context":{"text":"Not\u00edcias de Ribeir\u00e3o Preto-SP e Regi\u00e3o","link":"https:\/\/noticiasribeiraopreto.com.br\/index.php\/category\/noticias-de-ribeirao-preto-sp-e-regiao-ismael-colosi\/"},"img":{"alt_text":"","src":"https:\/\/i0.wp.com\/noticiasribeiraopreto.com.br\/wp-content\/uploads\/2026\/04\/certidao_de_nascimento_registro_civil_mcajr_abr_0403221128.webp.webp?fit=770%2C513&ssl=1&resize=350%2C200","width":350,"height":200,"srcset":"https:\/\/i0.wp.com\/noticiasribeiraopreto.com.br\/wp-content\/uploads\/2026\/04\/certidao_de_nascimento_registro_civil_mcajr_abr_0403221128.webp.webp?fit=770%2C513&ssl=1&resize=350%2C200 1x, https:\/\/i0.wp.com\/noticiasribeiraopreto.com.br\/wp-content\/uploads\/2026\/04\/certidao_de_nascimento_registro_civil_mcajr_abr_0403221128.webp.webp?fit=770%2C513&ssl=1&resize=525%2C300 1.5x, https:\/\/i0.wp.com\/noticiasribeiraopreto.com.br\/wp-content\/uploads\/2026\/04\/certidao_de_nascimento_registro_civil_mcajr_abr_0403221128.webp.webp?fit=770%2C513&ssl=1&resize=700%2C400 2x"},"classes":[]},{"id":9169,"url":"https:\/\/noticiasribeiraopreto.com.br\/index.php\/2023\/12\/01\/fuvest-divulga-a-lista-de-convocados-para-2a-fase-do-vestibular-veja-se-voce-passou\/","url_meta":{"origin":20356,"position":5},"title":"Fuvest divulga a lista de convocados para 2\u00aa fase do vestibular; Veja se voc\u00ea passou","author":"noticiasribeiraopreto.com.br","date":"1 de December de 2023","format":false,"excerpt":"A Fuvest divulgou nesta sexta-feira (1\u00ba de dezembro) a lista de candidatos convocados para a 2\u00aa fase do vestibular 2024 da USP (Universidade de S\u00e3o Paulo), que acontece nos dias 17 e 18 de dezembro. Os estudantes podem conferir os nomes clicando aqui. Os locais de prova da 2\u00aa fase\u2026","rel":"","context":"In &quot;Not\u00edcias de Ribeir\u00e3o Preto-SP e Regi\u00e3o&quot;","block_context":{"text":"Not\u00edcias de Ribeir\u00e3o Preto-SP e Regi\u00e3o","link":"https:\/\/noticiasribeiraopreto.com.br\/index.php\/category\/noticias-de-ribeirao-preto-sp-e-regiao-ismael-colosi\/"},"img":{"alt_text":"","src":"https:\/\/i0.wp.com\/noticiasribeiraopreto.com.br\/wp-content\/uploads\/2023\/12\/usp_ribeirao_500x320_26072019111611.jpg?fit=500%2C322&ssl=1&resize=350%2C200","width":350,"height":200},"classes":[]}],"jetpack_sharing_enabled":true,"jetpack_shortlink":"https:\/\/wp.me\/peQAOb-5ik","_links":{"self":[{"href":"https:\/\/noticiasribeiraopreto.com.br\/index.php\/wp-json\/wp\/v2\/posts\/20356","targetHints":{"allow":["GET"]}}],"collection":[{"href":"https:\/\/noticiasribeiraopreto.com.br\/index.php\/wp-json\/wp\/v2\/posts"}],"about":[{"href":"https:\/\/noticiasribeiraopreto.com.br\/index.php\/wp-json\/wp\/v2\/types\/post"}],"author":[{"embeddable":true,"href":"https:\/\/noticiasribeiraopreto.com.br\/index.php\/wp-json\/wp\/v2\/users\/1"}],"replies":[{"embeddable":true,"href":"https:\/\/noticiasribeiraopreto.com.br\/index.php\/wp-json\/wp\/v2\/comments?post=20356"}],"version-history":[{"count":0,"href":"https:\/\/noticiasribeiraopreto.com.br\/index.php\/wp-json\/wp\/v2\/posts\/20356\/revisions"}],"wp:featuredmedia":[{"embeddable":true,"href":"https:\/\/noticiasribeiraopreto.com.br\/index.php\/wp-json\/wp\/v2\/media\/20357"}],"wp:attachment":[{"href":"https:\/\/noticiasribeiraopreto.com.br\/index.php\/wp-json\/wp\/v2\/media?parent=20356"}],"wp:term":[{"taxonomy":"category","embeddable":true,"href":"https:\/\/noticiasribeiraopreto.com.br\/index.php\/wp-json\/wp\/v2\/categories?post=20356"},{"taxonomy":"post_tag","embeddable":true,"href":"https:\/\/noticiasribeiraopreto.com.br\/index.php\/wp-json\/wp\/v2\/tags?post=20356"}],"curies":[{"name":"wp","href":"https:\/\/api.w.org\/{rel}","templated":true}]}}