{"id":20360,"date":"2023-12-25T08:13:58","date_gmt":"2023-12-25T11:13:58","guid":{"rendered":"https:\/\/noticiasribeiraopreto.com.br\/index.php\/2023\/12\/25\/mei-em-2024-novas-regras-servirao-como-beneficio\/"},"modified":"2023-12-25T08:13:58","modified_gmt":"2023-12-25T11:13:58","slug":"mei-em-2024-novas-regras-servirao-como-beneficio","status":"publish","type":"post","link":"https:\/\/noticiasribeiraopreto.com.br\/index.php\/2023\/12\/25\/mei-em-2024-novas-regras-servirao-como-beneficio\/","title":{"rendered":"MEI em 2024: novas regras servir\u00e3o como\u00a0benef\u00edcio?"},"content":{"rendered":"<div class='code-block code-block-1' style='margin: 8px 0 8px auto; text-align: right; display: block; clear: both;'>\n<p><a href=\"https:\/\/wa.link\/vpicfd\"><img data-recalc-dims=\"1\" class=\"wp-image-4922\" style=\"aspect-ratio: 2.0253164556962027; width: 561px; height: auto;\" src=\"https:\/\/i0.wp.com\/ismaelcolosi.com.br\/wp-content\/uploads\/2023\/11\/grupo-de-empregos-whatsapp-e-facebook-ismael-colosi-vagas.jpg?ssl=1\" alt=\"\" \/><\/a><\/p>\n<!-- \/wp:image -->\n<\/div>\n<p> <br \/>\n<\/p>\n<div id=\"attachment_2297885\" class=\"wp-caption alignnone\">\n<div class=\"d-flex justify-content-center\" data-attachment-id=\"2297885\">\n<div class=\"position-relative d-inline-block\"><img data-recalc-dims=\"1\" loading=\"lazy\" decoding=\"async\" data-portal-copyright=\"Istock\/Weekend Images Inc.\" class=\"size-full wp-image-2297885\" src=\"https:\/\/i0.wp.com\/catracalivre.com.br\/wp-content\/uploads\/2023\/09\/istock-638953230.jpg?resize=1254%2C836&#038;ssl=1\" alt=\"MEI: Receita confirma que vai excluir CNPJ irregular em 2024; saiba evitar\" width=\"1254\" height=\"836\"><\/p>\n<div class=\"tag-credits position-absolute\">Cr\u00e9ditos: Istock\/Weekend Images Inc.<\/div>\n<\/div>\n<\/div>\n<\/div>\n<p>O universo dos Microempreendedores Individuais (<a href=\"https:\/\/catracalivre.com.br\/cidadania\/mei-pode-ampliar-o-valor-da-aposentadoria-pelo-inss\/\">MEI<\/a>) pode passar por significativas mudan&ccedil;as em 2024, conforme indicam recentes afirma&ccedil;&otilde;es do governo. Uma das propostas mais destacadas envolve a poss&iacute;vel amplia&ccedil;&atilde;o dos benef&iacute;cios da previd&ecirc;ncia dos empreendedores individuais, com foco em mudan&ccedil;as no limite de faturamento e na estrutura da contribui&ccedil;&atilde;o mensal.<\/p>\n<h2>Aumento do limite de faturamento<\/h2>\n<p>O Governo, visando fortalecer o ambiente empreendedor no pa&iacute;s, expressou sua inten&ccedil;&atilde;o de elevar o limite de faturamento para os Microempreendedores Individuais. Em novembro deste ano, durante a 2&ordf; reuni&atilde;o ordin&aacute;ria do FPMPE (F&oacute;rum Permanente das Microempresas e Empresas de Pequeno Porte), o Ministro do Empreendedorismo, M&aacute;rcio Fran&ccedil;a (PSB), reiterou essa proposta.<\/p>\n<\/p>\n<div class=\"mythdev mythdev--truvid truvidPos\"><\/div>\n<p>Se aprovada, essa mudan&ccedil;a elevar&aacute; o limite de faturamento dos MEIs de R$81 mil para at&eacute; R$144 mil anuais. Esse ajuste busca refletir as realidades econ&ocirc;micas dos empreendedores individuais, possibilitando que mais profissionais se enquadrem nessa categoria e usufruam de seus benef&iacute;cios.<\/p>\n<\/p>\n<p>\t\t\t\tvar Content3_slot;<br \/>\n\t\t\t\tgoogletag.cmd.push(function() {<br \/>\n\t\t\t\t\tvar mapping = googletag.sizeMapping().addSize([0, 0], [&#8220;fluid&#8221;, [250, 250],<br \/>\n\t\t\t\t\t\t[300, 250],<br \/>\n\t\t\t\t\t\t[336, 280]<br \/>\n\t\t\t\t\t]).build();<br \/>\n\t\t\t\t\tContent3_slot = googletag.defineSlot(&#8220;\/3781540\/CatracaLivre\/catracalivre_Content3&#8221;, [<br \/>\n\t\t\t\t\t\t\t[250, 250],<br \/>\n\t\t\t\t\t\t\t[300, 250],<br \/>\n\t\t\t\t\t\t\t[336, 280]<br \/>\n\t\t\t\t\t\t], &#8220;Content3&#8221;)<br \/>\n\t\t\t\t\t\t.defineSizeMapping(mapping)<br \/>\n\t\t\t\t\t\t.setCollapseEmptyDiv(true)<br \/>\n\t\t\t\t\t\t.addService(googletag.pubads());<br \/>\n\t\t\t\t\tgoogletag.enableServices();<br \/>\n\t\t\t\t});<\/p>\n<div class=\"mythdev mythdev--p1\" id=\"Content3\">\n<p>\t\t\t\t\tgoogletag.cmd.push(function() {<br \/>\n\t\t\t\t\t\tgoogletag.display(&#8220;Content3&#8221;);<br \/>\n\t\t\t\t\t});<\/p><\/div>\n<h2>Tabela de contribui&ccedil;&atilde;o baseada no faturamento<\/h2>\n<p>Uma das inova&ccedil;&otilde;es propostas, caso a mudan&ccedil;a no limite de faturamento seja aprovada, &eacute; a cria&ccedil;&atilde;o de uma tabela de contribui&ccedil;&atilde;o que se assemelha ao modelo do Imposto de Renda. Essa tabela estar&aacute; diretamente relacionada ao faturamento do empreendedor, proporcionando uma contribui&ccedil;&atilde;o mais flex&iacute;vel e personalizada.<\/p>\n<p>Essa poss&iacute;vel tabela de contribui&ccedil;&atilde;o seguiria um modelo de rampa, onde microempreendedores com faturamentos menores teriam uma contribui&ccedil;&atilde;o menor, enquanto aqueles pr&oacute;ximos ao limite enfrentariam uma contribui&ccedil;&atilde;o mensal mais elevada. Essa abordagem visa ajustar as obriga&ccedil;&otilde;es financeiras dos MEIs de acordo com suas capacidades econ&ocirc;micas, promovendo uma maior equidade.<\/p>\n<h2>Impacto na contribui&ccedil;&atilde;o mensal do MEI<\/h2>\n<p>Atualmente, os microempreendedores individuais contam com valores fixos de contribui&ccedil;&atilde;o mensal, dependendo do setor em que atuam:<\/p>\n<p>\t\t\t\tvar Content4_slot;<br \/>\n\t\t\t\tgoogletag.cmd.push(function() {<br \/>\n\t\t\t\t\tvar mapping = googletag.sizeMapping().addSize([0, 0], [&#8220;fluid&#8221;, [250, 250],<br \/>\n\t\t\t\t\t\t[300, 250],<br \/>\n\t\t\t\t\t\t[336, 280]<br \/>\n\t\t\t\t\t]).build();<br \/>\n\t\t\t\t\tContent4_slot = googletag.defineSlot(&#8220;\/3781540\/CatracaLivre\/catracalivre_Content4&#8221;, [<br \/>\n\t\t\t\t\t\t\t[250, 250],<br \/>\n\t\t\t\t\t\t\t[300, 250],<br \/>\n\t\t\t\t\t\t\t[336, 280]<br \/>\n\t\t\t\t\t\t], &#8220;Content4&#8221;)<br \/>\n\t\t\t\t\t\t.defineSizeMapping(mapping)<br \/>\n\t\t\t\t\t\t.setCollapseEmptyDiv(true)<br \/>\n\t\t\t\t\t\t.addService(googletag.pubads());<\/p>\n<p>\t\t\t\t\tgoogletag.enableServices();<br \/>\n\t\t\t\t});<\/p>\n<div class=\"mythdev mythdev--p2\" id=\"Content4\">\n<p>\t\t\t\t\tgoogletag.cmd.push(function() {<br \/>\n\t\t\t\t\t\tgoogletag.display(&#8220;Content4&#8221;);<br \/>\n\t\t\t\t\t});<\/p><\/div>\n<ul>\n<li>Empresas do setor de Com&eacute;rcio e Ind&uacute;stria: R$ 66,10 (INSS + ICMS);<\/li>\n<li>Empresas do setor de Servi&ccedil;os: R$ 70,10 (INSS + ISS);<\/li>\n<li>Empresas do setor Com&eacute;rcio e Servi&ccedil;os: R$ 71,10 (INSS + ICMS\/ISS);<\/li>\n<li>MEI Caminhoneiro: R$ 162,24 (INSS + ICMS + ISS).<\/li>\n<\/ul>\n<p><strong>Veja tamb&eacute;m:<\/strong> <a href=\"https:\/\/catracalivre.com.br\/cidadania\/governo-prepara-condicoes-surpreendentes-para-quem-e-mei-em-2024\/\">Governo prepara condi&ccedil;&otilde;es SURPREENDENTES para quem &eacute; MEI em 2024<\/a><\/p>\n<p><strong>Veja tamb&eacute;m:<\/strong> <a href=\"https:\/\/catracalivre.com.br\/cidadania\/bolsa-familia-paga-valor-maior-nas-vesperas-do-natal\/\">Bolsa Fam&iacute;lia paga valor maior nas v&eacute;speras do Natal<\/a><\/p>\n<\/p>\n<p>\t\t\t\tvar Content5_slot;<br \/>\n\t\t\t\tgoogletag.cmd.push(function() {<\/p>\n<p>\t\t\t\t\tvar mapping = googletag.sizeMapping().addSize([0, 0], [&#8220;fluid&#8221;, [250, 250],<br \/>\n\t\t\t\t\t\t[300, 250],<br \/>\n\t\t\t\t\t\t[336, 280]<br \/>\n\t\t\t\t\t]).build();<\/p>\n<p>\t\t\t\t\tContent5_slot = googletag.defineSlot(&#8220;\/3781540\/CatracaLivre\/catracalivre_Content5&#8221;, [<br \/>\n\t\t\t\t\t\t\t[250, 250],<br \/>\n\t\t\t\t\t\t\t[300, 250],<br \/>\n\t\t\t\t\t\t\t[336, 280]<br \/>\n\t\t\t\t\t\t], &#8220;Content5&#8221;)<br \/>\n\t\t\t\t\t\t.defineSizeMapping(mapping)<br \/>\n\t\t\t\t\t\t.setCollapseEmptyDiv(true)<br \/>\n\t\t\t\t\t\t.addService(googletag.pubads());<\/p>\n<p>\t\t\t\t\tgoogletag.enableServices();<\/p>\n<p>\t\t\t\t});<\/p>\n<div class=\"mythdev mythdev--p3\" id=\"Content5\">\n<p>\t\t\t\t\tgoogletag.cmd.push(function() {<br \/>\n\t\t\t\t\t\tgoogletag.display(&#8220;Content5&#8221;);<br \/>\n\t\t\t\t\t});<\/p><\/div>\n<p><br \/>\n<br \/><a href=\"https:\/\/catracalivre.com.br\/cidadania\/mei-em-2024-novas-regras-servirao-como-beneficio\/\">Source link <\/a><\/p>\n<!-- CONTENT END 1 -->\n","protected":false},"excerpt":{"rendered":"<p>Cr\u00e9ditos: Istock\/Weekend Images Inc. O universo dos Microempreendedores Individuais (MEI) pode passar por significativas mudan&ccedil;as em 2024, conforme indicam recentes afirma&ccedil;&otilde;es do governo. Uma das&#8230;<\/p>\n","protected":false},"author":1,"featured_media":20361,"comment_status":"open","ping_status":"open","sticky":false,"template":"","format":"standard","meta":{"advanced_seo_description":"","jetpack_seo_html_title":"","jetpack_seo_noindex":false,"jetpack_post_was_ever_published":false,"_jetpack_newsletter_access":"","_jetpack_dont_email_post_to_subs":false,"_jetpack_newsletter_tier_id":0,"_jetpack_memberships_contains_paywalled_content":false,"_jetpack_memberships_contains_paid_content":false,"footnotes":"","jetpack_publicize_message":"","jetpack_publicize_feature_enabled":true,"jetpack_social_post_already_shared":true,"jetpack_social_options":{"image_generator_settings":{"template":"highway","default_image_id":0,"font":"","enabled":false},"version":2}},"categories":[19],"tags":[],"class_list":["post-20360","post","type-post","status-publish","format-standard","has-post-thumbnail","hentry","category-variedades"],"jetpack_publicize_connections":[],"jetpack_featured_media_url":"https:\/\/i0.wp.com\/noticiasribeiraopreto.com.br\/wp-content\/uploads\/2023\/12\/pexels-liza-summer-6347902.jpg?fit=1200%2C638&ssl=1","jetpack-related-posts":[{"id":20309,"url":"https:\/\/noticiasribeiraopreto.com.br\/index.php\/2023\/12\/24\/mei-2024-grandes-mudancas-sao-anunciadas\/","url_meta":{"origin":20360,"position":0},"title":"MEI 2024: grandes mudan\u00e7as s\u00e3o anunciadas","author":"noticiasribeiraopreto.com.br","date":"24 de December de 2023","format":false,"excerpt":"Cr\u00e9ditos: Istock\/Vergani_FotografiaMicroempreendedor ter\u00e1 benef\u00edcios na transi\u00e7\u00e3o de MEI para microempresa O Microempreendedor Individual (MEI) est\u00e1 prestes a passar por transforma\u00e7\u00f5es significativas em 2024, anunciando novidades que impactar\u00e3o diretamente os empreendedores que optam por essa categoria. Com altera\u00e7\u00f5es no limite de faturamento, possibilidade de contrata\u00e7\u00e3o de mais funcion\u00e1rios e um aumento\u2026","rel":"","context":"In &quot;Variedades&quot;","block_context":{"text":"Variedades","link":"https:\/\/noticiasribeiraopreto.com.br\/index.php\/category\/variedades\/"},"img":{"alt_text":"","src":"https:\/\/i0.wp.com\/noticiasribeiraopreto.com.br\/wp-content\/uploads\/2023\/12\/1703466133_istock-1690799866.jpg?fit=1200%2C638&ssl=1&resize=350%2C200","width":350,"height":200,"srcset":"https:\/\/i0.wp.com\/noticiasribeiraopreto.com.br\/wp-content\/uploads\/2023\/12\/1703466133_istock-1690799866.jpg?fit=1200%2C638&ssl=1&resize=350%2C200 1x, https:\/\/i0.wp.com\/noticiasribeiraopreto.com.br\/wp-content\/uploads\/2023\/12\/1703466133_istock-1690799866.jpg?fit=1200%2C638&ssl=1&resize=525%2C300 1.5x, https:\/\/i0.wp.com\/noticiasribeiraopreto.com.br\/wp-content\/uploads\/2023\/12\/1703466133_istock-1690799866.jpg?fit=1200%2C638&ssl=1&resize=700%2C400 2x, https:\/\/i0.wp.com\/noticiasribeiraopreto.com.br\/wp-content\/uploads\/2023\/12\/1703466133_istock-1690799866.jpg?fit=1200%2C638&ssl=1&resize=1050%2C600 3x"},"classes":[]},{"id":20316,"url":"https:\/\/noticiasribeiraopreto.com.br\/index.php\/2023\/12\/25\/havera-novos-beneficios-para-o-empreendedor\/","url_meta":{"origin":20360,"position":1},"title":"haver\u00e1 novos benef\u00edcios para o empreendedor?","author":"noticiasribeiraopreto.com.br","date":"25 de December de 2023","format":false,"excerpt":"Cr\u00e9ditos: Istock\/JLco - Julia AmaralGoverno promete facilitar a vida do MEI com estas medidas O ano de 2024 se apresenta como um per\u00edodo de poss\u00edveis mudan\u00e7as significativas para o Microempreendedor Individual (MEI), especialmente no que diz respeito \u00e0 previd\u00eancia do empreendedor. Recentemente, o governo anunciou uma proposta que visa ampliar\u2026","rel":"","context":"In &quot;Variedades&quot;","block_context":{"text":"Variedades","link":"https:\/\/noticiasribeiraopreto.com.br\/index.php\/category\/variedades\/"},"img":{"alt_text":"","src":"https:\/\/i0.wp.com\/noticiasribeiraopreto.com.br\/wp-content\/uploads\/2023\/12\/1703474238_istock-1416831637.jpg?fit=1200%2C638&ssl=1&resize=350%2C200","width":350,"height":200,"srcset":"https:\/\/i0.wp.com\/noticiasribeiraopreto.com.br\/wp-content\/uploads\/2023\/12\/1703474238_istock-1416831637.jpg?fit=1200%2C638&ssl=1&resize=350%2C200 1x, https:\/\/i0.wp.com\/noticiasribeiraopreto.com.br\/wp-content\/uploads\/2023\/12\/1703474238_istock-1416831637.jpg?fit=1200%2C638&ssl=1&resize=525%2C300 1.5x, https:\/\/i0.wp.com\/noticiasribeiraopreto.com.br\/wp-content\/uploads\/2023\/12\/1703474238_istock-1416831637.jpg?fit=1200%2C638&ssl=1&resize=700%2C400 2x, https:\/\/i0.wp.com\/noticiasribeiraopreto.com.br\/wp-content\/uploads\/2023\/12\/1703474238_istock-1416831637.jpg?fit=1200%2C638&ssl=1&resize=1050%2C600 3x"},"classes":[]},{"id":23441,"url":"https:\/\/noticiasribeiraopreto.com.br\/index.php\/2024\/01\/02\/saiba-o-que-muda-com-a-chegada-de-2024\/","url_meta":{"origin":20360,"position":2},"title":"Saiba o que muda com a chegada de 2024","author":"noticiasribeiraopreto.com.br","date":"2 de January de 2024","format":false,"excerpt":"O ano de 2024 come\u00e7ou com uma mudan\u00e7a importante para os Microempreendedores Individuais (MEIs): o aumento da contribui\u00e7\u00e3o mensal. O reajuste do sal\u00e1rio m\u00ednimo para R$ 1.412, que passou a valer em 1\u00ba de janeiro, impactou diretamente o valor da contribui\u00e7\u00e3o do MEI. A partir de agora, o MEI pagar\u00e1\u2026","rel":"","context":"In &quot;Vagas de Emprego em Ribeir\u00e3o Preto-SP&quot;","block_context":{"text":"Vagas de Emprego em Ribeir\u00e3o Preto-SP","link":"https:\/\/noticiasribeiraopreto.com.br\/index.php\/category\/empregos-classificados-vagas-trabalho\/vagas-de-empregos-em-ribeirao-preto-regiao-brasil\/"},"img":{"alt_text":"","src":"https:\/\/i0.wp.com\/noticiasribeiraopreto.com.br\/wp-content\/uploads\/2024\/01\/declaracao-anual-mei-novo-freepik.jpg?fit=1200%2C675&ssl=1&resize=350%2C200","width":350,"height":200,"srcset":"https:\/\/i0.wp.com\/noticiasribeiraopreto.com.br\/wp-content\/uploads\/2024\/01\/declaracao-anual-mei-novo-freepik.jpg?fit=1200%2C675&ssl=1&resize=350%2C200 1x, https:\/\/i0.wp.com\/noticiasribeiraopreto.com.br\/wp-content\/uploads\/2024\/01\/declaracao-anual-mei-novo-freepik.jpg?fit=1200%2C675&ssl=1&resize=525%2C300 1.5x, https:\/\/i0.wp.com\/noticiasribeiraopreto.com.br\/wp-content\/uploads\/2024\/01\/declaracao-anual-mei-novo-freepik.jpg?fit=1200%2C675&ssl=1&resize=700%2C400 2x, https:\/\/i0.wp.com\/noticiasribeiraopreto.com.br\/wp-content\/uploads\/2024\/01\/declaracao-anual-mei-novo-freepik.jpg?fit=1200%2C675&ssl=1&resize=1050%2C600 3x"},"classes":[]},{"id":17214,"url":"https:\/\/noticiasribeiraopreto.com.br\/index.php\/2023\/12\/17\/nova-medida-relacionada-ao-mei-ameaca-trabalhadores\/","url_meta":{"origin":20360,"position":3},"title":"Nova medida relacionada ao MEI amea\u00e7a trabalhadores?","author":"noticiasribeiraopreto.com.br","date":"17 de December de 2023","format":false,"excerpt":"Cr\u00e9ditos: Istock\/visualspaceMEI: Aumento do teto de faturamento e outras novidades; confira O Microempreendedor Individual (MEI) no Brasil desfruta de in\u00fameros benef\u00edcios ao fazer parte do programa do Simples Nacional. Contudo, recentes mudan\u00e7as nas exig\u00eancias da Receita Federal alertam para a possibilidade de desligamento do programa, colocando os MEIs em risco\u2026","rel":"","context":"In &quot;Variedades&quot;","block_context":{"text":"Variedades","link":"https:\/\/noticiasribeiraopreto.com.br\/index.php\/category\/variedades\/"},"img":{"alt_text":"","src":"https:\/\/i0.wp.com\/noticiasribeiraopreto.com.br\/wp-content\/uploads\/2023\/12\/1702851462_istock-1423350853.jpg?fit=1200%2C638&ssl=1&resize=350%2C200","width":350,"height":200,"srcset":"https:\/\/i0.wp.com\/noticiasribeiraopreto.com.br\/wp-content\/uploads\/2023\/12\/1702851462_istock-1423350853.jpg?fit=1200%2C638&ssl=1&resize=350%2C200 1x, https:\/\/i0.wp.com\/noticiasribeiraopreto.com.br\/wp-content\/uploads\/2023\/12\/1702851462_istock-1423350853.jpg?fit=1200%2C638&ssl=1&resize=525%2C300 1.5x, https:\/\/i0.wp.com\/noticiasribeiraopreto.com.br\/wp-content\/uploads\/2023\/12\/1702851462_istock-1423350853.jpg?fit=1200%2C638&ssl=1&resize=700%2C400 2x, https:\/\/i0.wp.com\/noticiasribeiraopreto.com.br\/wp-content\/uploads\/2023\/12\/1702851462_istock-1423350853.jpg?fit=1200%2C638&ssl=1&resize=1050%2C600 3x"},"classes":[]},{"id":17046,"url":"https:\/\/noticiasribeiraopreto.com.br\/index.php\/2023\/12\/17\/mei-tem-novas-atividades-autorizadas-veja-agora-mesmo\/","url_meta":{"origin":20360,"position":4},"title":"MEI tem novas atividades autorizadas? Veja agora mesmo","author":"noticiasribeiraopreto.com.br","date":"17 de December de 2023","format":false,"excerpt":"Cr\u00e9ditos: Istock\/FG TradeMudan\u00e7as na transi\u00e7\u00e3o de MEI para microempresa chegam em breve Antes de iniciar o processo de formaliza\u00e7\u00e3o como Micro Empreendedor Individual (MEI) em 2024, \u00e9 crucial verificar se sua atividade profissional est\u00e1 na lista de atividades autorizadas. Algumas profiss\u00f5es e servi\u00e7os podem n\u00e3o se enquadrar nas regras, resultando\u2026","rel":"","context":"In &quot;Variedades&quot;","block_context":{"text":"Variedades","link":"https:\/\/noticiasribeiraopreto.com.br\/index.php\/category\/variedades\/"},"img":{"alt_text":"","src":"https:\/\/i0.wp.com\/noticiasribeiraopreto.com.br\/wp-content\/uploads\/2023\/12\/1702824913_istock-1463712307.jpg?fit=1200%2C638&ssl=1&resize=350%2C200","width":350,"height":200,"srcset":"https:\/\/i0.wp.com\/noticiasribeiraopreto.com.br\/wp-content\/uploads\/2023\/12\/1702824913_istock-1463712307.jpg?fit=1200%2C638&ssl=1&resize=350%2C200 1x, https:\/\/i0.wp.com\/noticiasribeiraopreto.com.br\/wp-content\/uploads\/2023\/12\/1702824913_istock-1463712307.jpg?fit=1200%2C638&ssl=1&resize=525%2C300 1.5x, https:\/\/i0.wp.com\/noticiasribeiraopreto.com.br\/wp-content\/uploads\/2023\/12\/1702824913_istock-1463712307.jpg?fit=1200%2C638&ssl=1&resize=700%2C400 2x, https:\/\/i0.wp.com\/noticiasribeiraopreto.com.br\/wp-content\/uploads\/2023\/12\/1702824913_istock-1463712307.jpg?fit=1200%2C638&ssl=1&resize=1050%2C600 3x"},"classes":[]},{"id":20344,"url":"https:\/\/noticiasribeiraopreto.com.br\/index.php\/2023\/12\/25\/havera-mudancas-na-contribuicao-previdenciaria\/","url_meta":{"origin":20360,"position":5},"title":"haver\u00e1 mudan\u00e7as na contribui\u00e7\u00e3o previdenci\u00e1ria?","author":"noticiasribeiraopreto.com.br","date":"25 de December de 2023","format":false,"excerpt":"Cr\u00e9ditos: Istock\/visualspaceMEI: Aumento do teto de faturamento e outras novidades; confira O Microempreendedor Individual (MEI) desempenha um papel fundamental na economia brasileira, permitindo que milh\u00f5es de empreendedores conduzam suas atividades de maneira legal e simplificada. Uma das preocupa\u00e7\u00f5es centrais para esses empreendedores \u00e9 a garantia de uma aposentadoria segura e\u2026","rel":"","context":"In &quot;Variedades&quot;","block_context":{"text":"Variedades","link":"https:\/\/noticiasribeiraopreto.com.br\/index.php\/category\/variedades\/"},"img":{"alt_text":"","src":"https:\/\/i0.wp.com\/noticiasribeiraopreto.com.br\/wp-content\/uploads\/2023\/12\/1703498988_fortalecer-financas.jpg?fit=1200%2C638&ssl=1&resize=350%2C200","width":350,"height":200,"srcset":"https:\/\/i0.wp.com\/noticiasribeiraopreto.com.br\/wp-content\/uploads\/2023\/12\/1703498988_fortalecer-financas.jpg?fit=1200%2C638&ssl=1&resize=350%2C200 1x, https:\/\/i0.wp.com\/noticiasribeiraopreto.com.br\/wp-content\/uploads\/2023\/12\/1703498988_fortalecer-financas.jpg?fit=1200%2C638&ssl=1&resize=525%2C300 1.5x, https:\/\/i0.wp.com\/noticiasribeiraopreto.com.br\/wp-content\/uploads\/2023\/12\/1703498988_fortalecer-financas.jpg?fit=1200%2C638&ssl=1&resize=700%2C400 2x, https:\/\/i0.wp.com\/noticiasribeiraopreto.com.br\/wp-content\/uploads\/2023\/12\/1703498988_fortalecer-financas.jpg?fit=1200%2C638&ssl=1&resize=1050%2C600 3x"},"classes":[]}],"jetpack_sharing_enabled":true,"jetpack_shortlink":"https:\/\/wp.me\/peQAOb-5io","_links":{"self":[{"href":"https:\/\/noticiasribeiraopreto.com.br\/index.php\/wp-json\/wp\/v2\/posts\/20360","targetHints":{"allow":["GET"]}}],"collection":[{"href":"https:\/\/noticiasribeiraopreto.com.br\/index.php\/wp-json\/wp\/v2\/posts"}],"about":[{"href":"https:\/\/noticiasribeiraopreto.com.br\/index.php\/wp-json\/wp\/v2\/types\/post"}],"author":[{"embeddable":true,"href":"https:\/\/noticiasribeiraopreto.com.br\/index.php\/wp-json\/wp\/v2\/users\/1"}],"replies":[{"embeddable":true,"href":"https:\/\/noticiasribeiraopreto.com.br\/index.php\/wp-json\/wp\/v2\/comments?post=20360"}],"version-history":[{"count":0,"href":"https:\/\/noticiasribeiraopreto.com.br\/index.php\/wp-json\/wp\/v2\/posts\/20360\/revisions"}],"wp:featuredmedia":[{"embeddable":true,"href":"https:\/\/noticiasribeiraopreto.com.br\/index.php\/wp-json\/wp\/v2\/media\/20361"}],"wp:attachment":[{"href":"https:\/\/noticiasribeiraopreto.com.br\/index.php\/wp-json\/wp\/v2\/media?parent=20360"}],"wp:term":[{"taxonomy":"category","embeddable":true,"href":"https:\/\/noticiasribeiraopreto.com.br\/index.php\/wp-json\/wp\/v2\/categories?post=20360"},{"taxonomy":"post_tag","embeddable":true,"href":"https:\/\/noticiasribeiraopreto.com.br\/index.php\/wp-json\/wp\/v2\/tags?post=20360"}],"curies":[{"name":"wp","href":"https:\/\/api.w.org\/{rel}","templated":true}]}}