{"id":20432,"date":"2023-12-25T14:14:07","date_gmt":"2023-12-25T17:14:07","guid":{"rendered":"https:\/\/noticiasribeiraopreto.com.br\/index.php\/2023\/12\/25\/feriado-em-casa-conheca-5-series-de-natal-da-netflix-para-maratonar-hoje\/"},"modified":"2023-12-25T14:14:07","modified_gmt":"2023-12-25T17:14:07","slug":"feriado-em-casa-conheca-5-series-de-natal-da-netflix-para-maratonar-hoje","status":"publish","type":"post","link":"https:\/\/noticiasribeiraopreto.com.br\/index.php\/2023\/12\/25\/feriado-em-casa-conheca-5-series-de-natal-da-netflix-para-maratonar-hoje\/","title":{"rendered":"Feriado em casa? Conhe\u00e7a 5 s\u00e9ries de Natal da Netflix para maratonar hoje"},"content":{"rendered":"<div class='code-block code-block-1' style='margin: 8px 0 8px auto; text-align: right; display: block; clear: both;'>\n<p><a href=\"https:\/\/wa.link\/vpicfd\"><img data-recalc-dims=\"1\" class=\"wp-image-4922\" style=\"aspect-ratio: 2.0253164556962027; width: 561px; height: auto;\" src=\"https:\/\/i0.wp.com\/ismaelcolosi.com.br\/wp-content\/uploads\/2023\/11\/grupo-de-empregos-whatsapp-e-facebook-ismael-colosi-vagas.jpg?ssl=1\" alt=\"\" \/><\/a><\/p>\n<!-- \/wp:image -->\n<\/div>\n<p> <br \/>\n<\/p>\n<div>\n<div id=\"attachment_2329905\" class=\"wp-caption alignnone\">\n<div class=\"d-flex justify-content-center\" data-attachment-id=\"2329905\">\n<div class=\"position-relative d-inline-block\"><img data-recalc-dims=\"1\" data-portal-copyright=\"Depositphotos\/IgorVetushko\" fetchpriority=\"high\" decoding=\"async\" class=\"size-full wp-image-2329905\" src=\"https:\/\/i0.wp.com\/catracalivre.com.br\/wp-content\/uploads\/2023\/12\/depositphotos-510438622-xl-scaled.jpg?resize=2560%2C1709&#038;ssl=1\" alt=\"S\u00e9ries de Natal para ver na Netflix\" width=\"2560\" height=\"1709\" srcset=\"https:\/\/catracalivre.com.br\/wp-content\/uploads\/2023\/12\/depositphotos-510438622-xl-scaled.jpg 2560w, https:\/\/catracalivre.com.br\/wp-content\/uploads\/2023\/12\/depositphotos-510438622-xl-450x300.jpg 450w, https:\/\/catracalivre.com.br\/wp-content\/uploads\/2023\/12\/depositphotos-510438622-xl-768x513.jpg 768w\" sizes=\"(max-width: 2560px) 100vw, 2560px\"\/><\/p>\n<p>Cr\u00e9ditos: Depositphotos\/IgorVetushko<\/p>\n<\/div>\n<\/div>\n<p><span class=\"post-imagem__legenda\">S\u00e9ries de Natal para ver na Netflix<\/span><\/p>\n<\/div>\n<p>Segunda-feira\u2026 P\u00f3s-ceia de Natal\u2026 Voc\u00ea est\u00e1 em casa no feriado e nada parece melhor do que <a href=\"https:\/\/catracalivre.com.br\/entretenimento\/estes-5-filmes-de-natal-sao-os-melhores-do-prime-video-e-voce-ainda-nao-viu\/\" target=\"_blank\" rel=\"noopener\">se distrair com a TV<\/a>, n\u00e3o \u00e9 mesmo?! Nem s\u00f3 de <a href=\"https:\/\/catracalivre.com.br\/entretenimento\/5-filmes-natalinos-brasileiros-para-ver-nos-streamings-hoje-mesmo\/\" target=\"_blank\" rel=\"noopener\">filmes natalinos<\/a> se faz um streaming. A <a href=\"https:\/\/www.netflix.com\/\" target=\"_blank\" rel=\"noopener\">Netflix<\/a> tamb\u00e9m tem investido em s\u00e9ries e miniss\u00e9ries na tem\u00e1tica e voc\u00ea conhecer\u00e1 algumas nesta lista.<\/p>\n<p>Produ\u00e7\u00f5es de Natal costumam trazer algum enredo de <a href=\"https:\/\/catracalivre.com.br\/entretenimento\/10-romances-de-natal-para-fugir-da-realidade-por-algumas-horas\/\" target=\"_blank\" rel=\"noopener\">com\u00e9dia rom\u00e2ntica<\/a>, o que agrada o p\u00fablico, pois entregam sempre o prometido: uma hist\u00f3ria leve e com um final feliz (ou n\u00e3o).<\/p>\n<p>Abaixo, veja algumas s\u00e9ries de Natal dispon\u00edveis na Netflix e aproveite para maratonar agora mesmo.<\/p>\n<h2>1) \u201cArranjo de Natal\u201d (2021)<\/h2>\n<p><strong>Dura\u00e7\u00e3o:\u00a0<\/strong>3 epis\u00f3dios<br \/><strong>G\u00eanero:\u00a0<\/strong>com\u00e9dia<\/p>\n<h2>2) \u201cFeliz Natal e Tal\u201d (2019)<\/h2>\n<p><strong>Dura\u00e7\u00e3o:\u00a0<\/strong>8 epis\u00f3dios<br \/><strong>G\u00eanero:\u00a0<\/strong>com\u00e9dia<\/p>\n<h2>3) \u201cUm Natal Nada Normal\u201d (2020)<\/h2>\n<p><strong>Dura\u00e7\u00e3o: <\/strong>3 epis\u00f3dios<br \/><strong>G\u00eanero:\u00a0<\/strong>drama, com\u00e9dia e romance<\/p>\n<h2>4) \u201cNatal em 3 por 4\u201d (2019)<\/h2>\n<p><strong>Dura\u00e7\u00e3o: <\/strong>3 epis\u00f3dios<br \/><strong>G\u00eanero:\u00a0<\/strong>drama<\/p>\n<h2>5) \u201cEu Odeio Natal\u201d (2022)<\/h2>\n<p><strong>Dura\u00e7\u00e3o:\u00a0<\/strong>2 temporadas<br \/><strong>G\u00eanero:\u00a0<\/strong>drama, com\u00e9dia e romance<\/p>\n<div class=\"wDYxhc\" data-md=\"50\" data-hveid=\"CBMQAA\" data-ved=\"2ahUKEwjrouDnwKGDAxXOqpUCHd3LDRcQkCl6BAgTEAA\">\n<div class=\"PZPZlf hb8SAc\" data-attrid=\"description\" data-hveid=\"CBMQAQ\" data-ved=\"2ahUKEwjrouDnwKGDAxXOqpUCHd3LDRcQziAoAHoECBMQAQ\">\n<div>\n<div>\n<p class=\"kno-rdesc\">Cansada das exig\u00eancias de sua fam\u00edlia, a solteirona Gianna mente sobre ter um namorado e diz que ir\u00e1 lev\u00e1-lo para a ceia de Natal. Aflita, a mo\u00e7a tem apenas 24 dias para achar um homem interessante para come\u00e7ar um namoro de verdade.<\/p>\n<p class=\"embed-responsive embed-responsive-16by9 mb-3 d-block\"><iframe loading=\"lazy\" title=\"Eu Odeio o Natal 2022 Trailer Oficial Dublado\" width=\"500\" height=\"281\" src=\"https:\/\/www.youtube.com\/embed\/0OTb0mZ1oA8?feature=oembed\" frameborder=\"0\" allow=\"accelerometer; autoplay; clipboard-write; encrypted-media; gyroscope; picture-in-picture; web-share\" referrerpolicy=\"strict-origin-when-cross-origin\" allowfullscreen><\/iframe><\/p>\n<\/div>\n<\/div>\n<\/div>\n<\/div>\n<\/div>\n<p><script>\n\t\t! function(f, b, e, v, n, t, s) {\n\t\t\tif (f.fbq) return;\n\t\t\tn = f.fbq = function() {\n\t\t\t\tn.callMethod ?\n\t\t\t\t\tn.callMethod.apply(n, arguments) : n.queue.push(arguments)\n\t\t\t};\n\t\t\tif (!f._fbq) f._fbq = n;\n\t\t\tn.push = n;\n\t\t\tn.loaded = !0;\n\t\t\tn.version = '2.0';\n\t\t\tn.queue = [];\n\t\t\tt = b.createElement(e);\n\t\t\tt.async = !0;\n\t\t\tt.src = v;\n\t\t\ts = b.getElementsByTagName(e)[0];\n\t\t\ts.parentNode.insertBefore(t, s)\n\t\t}(window, document, 'script',\n\t\t\t'https:\/\/connect.facebook.net\/en_US\/fbevents.js');\n\t\tfbq('init', '338315473262380');\n\t\tfbq('track', 'PageView');\n\t<\/script><br \/>\n<br \/><br \/>\n<br \/><a href=\"https:\/\/catracalivre.com.br\/entretenimento\/feriado-em-casa-conheca-5-series-de-natal-da-netflix-para-maratonar-hoje\/\">Source link <\/a><\/p>\n<!-- CONTENT END 1 -->\n","protected":false},"excerpt":{"rendered":"<p>Cr\u00e9ditos: Depositphotos\/IgorVetushko S\u00e9ries de Natal para ver na Netflix Segunda-feira\u2026 P\u00f3s-ceia de Natal\u2026 Voc\u00ea est\u00e1 em casa no feriado e nada parece melhor do que&#8230;<\/p>\n","protected":false},"author":1,"featured_media":20433,"comment_status":"open","ping_status":"open","sticky":false,"template":"","format":"standard","meta":{"advanced_seo_description":"","jetpack_seo_html_title":"","jetpack_seo_noindex":false,"jetpack_post_was_ever_published":false,"_jetpack_newsletter_access":"","_jetpack_dont_email_post_to_subs":false,"_jetpack_newsletter_tier_id":0,"_jetpack_memberships_contains_paywalled_content":false,"_jetpack_memberships_contains_paid_content":false,"footnotes":"","jetpack_publicize_message":"","jetpack_publicize_feature_enabled":true,"jetpack_social_post_already_shared":true,"jetpack_social_options":{"image_generator_settings":{"template":"highway","default_image_id":0,"font":"","enabled":false},"version":2}},"categories":[19],"tags":[],"class_list":["post-20432","post","type-post","status-publish","format-standard","has-post-thumbnail","hentry","category-variedades"],"jetpack_publicize_connections":[],"jetpack_featured_media_url":"https:\/\/i0.wp.com\/noticiasribeiraopreto.com.br\/wp-content\/uploads\/2023\/12\/depositphotos-510438622-xl-scaled.jpg?fit=1200%2C638&ssl=1","jetpack-related-posts":[{"id":18682,"url":"https:\/\/noticiasribeiraopreto.com.br\/index.php\/2023\/12\/20\/10-filmes-para-ver-em-familia-no-dia-da-ceia-de-natal\/","url_meta":{"origin":20432,"position":0},"title":"10 filmes para ver em fam\u00edlia no dia da ceia de Natal","author":"noticiasribeiraopreto.com.br","date":"20 de December de 2023","format":false,"excerpt":"Cr\u00e9ditos: reprodu\u00e7\u00e3o\/NetflixFilmes de Natal para ver com a fam\u00edlia reunida O Natal est\u00e1 cada vez mais pr\u00f3ximo, e com ele a temporada de filmes natalinos que o p\u00fablico ama.\u00a0 As produ\u00e7\u00f5es natalinas s\u00e3o muito famosas e o padr\u00e3o dos filmes s\u00e3o bem semelhantes, ent\u00e3o por que s\u00e3o t\u00e3o assistidos? Com\u2026","rel":"","context":"In &quot;Variedades&quot;","block_context":{"text":"Variedades","link":"https:\/\/noticiasribeiraopreto.com.br\/index.php\/category\/variedades\/"},"img":{"alt_text":"","src":"https:\/\/i0.wp.com\/noticiasribeiraopreto.com.br\/wp-content\/uploads\/2023\/12\/screenshot-2023-12-20-003510-e1703043396297.png?fit=1200%2C638&ssl=1&resize=350%2C200","width":350,"height":200,"srcset":"https:\/\/i0.wp.com\/noticiasribeiraopreto.com.br\/wp-content\/uploads\/2023\/12\/screenshot-2023-12-20-003510-e1703043396297.png?fit=1200%2C638&ssl=1&resize=350%2C200 1x, https:\/\/i0.wp.com\/noticiasribeiraopreto.com.br\/wp-content\/uploads\/2023\/12\/screenshot-2023-12-20-003510-e1703043396297.png?fit=1200%2C638&ssl=1&resize=525%2C300 1.5x, https:\/\/i0.wp.com\/noticiasribeiraopreto.com.br\/wp-content\/uploads\/2023\/12\/screenshot-2023-12-20-003510-e1703043396297.png?fit=1200%2C638&ssl=1&resize=700%2C400 2x, https:\/\/i0.wp.com\/noticiasribeiraopreto.com.br\/wp-content\/uploads\/2023\/12\/screenshot-2023-12-20-003510-e1703043396297.png?fit=1200%2C638&ssl=1&resize=1050%2C600 3x"},"classes":[]},{"id":20318,"url":"https:\/\/noticiasribeiraopreto.com.br\/index.php\/2023\/12\/25\/10-filmes-de-natal-na-netflix-para-assistir-hoje-meu-valor-digital\/","url_meta":{"origin":20432,"position":1},"title":"10 filmes de Natal na Netflix para assistir hoje &#8211; Meu Valor Digital","author":"noticiasribeiraopreto.com.br","date":"25 de December de 2023","format":false,"excerpt":"Hoje \u00e9 Natal, uma data que brilha no calend\u00e1rio com luzes cintilantes e a promessa de momentos alegres. Enquanto as casas se enchem de risos e os cora\u00e7\u00f5es se aquecem com o esp\u00edrito natalino, n\u00e3o h\u00e1 nada como se aconchegar no sof\u00e1 e mergulhar no mundo m\u00e1gico dos filmes. A\u2026","rel":"","context":"In &quot;Vagas de Emprego em Ribeir\u00e3o Preto-SP&quot;","block_context":{"text":"Vagas de Emprego em Ribeir\u00e3o Preto-SP","link":"https:\/\/noticiasribeiraopreto.com.br\/index.php\/category\/empregos-classificados-vagas-trabalho\/vagas-de-empregos-em-ribeirao-preto-regiao-brasil\/"},"img":{"alt_text":"","src":"https:\/\/i0.wp.com\/noticiasribeiraopreto.com.br\/wp-content\/uploads\/2023\/12\/Filmes-de-Natal.jpg?fit=1200%2C773&ssl=1&resize=350%2C200","width":350,"height":200,"srcset":"https:\/\/i0.wp.com\/noticiasribeiraopreto.com.br\/wp-content\/uploads\/2023\/12\/Filmes-de-Natal.jpg?fit=1200%2C773&ssl=1&resize=350%2C200 1x, https:\/\/i0.wp.com\/noticiasribeiraopreto.com.br\/wp-content\/uploads\/2023\/12\/Filmes-de-Natal.jpg?fit=1200%2C773&ssl=1&resize=525%2C300 1.5x, https:\/\/i0.wp.com\/noticiasribeiraopreto.com.br\/wp-content\/uploads\/2023\/12\/Filmes-de-Natal.jpg?fit=1200%2C773&ssl=1&resize=700%2C400 2x, https:\/\/i0.wp.com\/noticiasribeiraopreto.com.br\/wp-content\/uploads\/2023\/12\/Filmes-de-Natal.jpg?fit=1200%2C773&ssl=1&resize=1050%2C600 3x"},"classes":[]},{"id":81094,"url":"https:\/\/noticiasribeiraopreto.com.br\/index.php\/2025\/12\/23\/veja-o-que-abre-e-fecha-na-vespera-e-no-feriado-de-natal-em-ribeirao-preto\/","url_meta":{"origin":20432,"position":2},"title":"Veja o que abre e fecha na v\u00e9spera e no feriado de Natal em Ribeir\u00e3o Preto","author":"noticiasribeiraopreto.com.br","date":"23 de December de 2025","format":false,"excerpt":"\r \r \r \r \r 23 de dezembro de 2025 14:08 \r Compartilhar0 \r Nesta quarta-feira (24), v\u00e9spera, e na quinta-feira (25), feriado de Natal, o funcionamento do com\u00e9rcio, shoppings e servi\u00e7os sofrer\u00e1 altera\u00e7\u00f5es em Ribeir\u00e3o Preto. Servi\u00e7os considerados essenciais funcionar\u00e3o 24 horas, em esquema de plant\u00e3o. Confira: Com\u00e9rcio V\u00e9spera:\u2026","rel":"","context":"In &quot;Not\u00edcias de Ribeir\u00e3o Preto-SP e Regi\u00e3o&quot;","block_context":{"text":"Not\u00edcias de Ribeir\u00e3o Preto-SP e Regi\u00e3o","link":"https:\/\/noticiasribeiraopreto.com.br\/index.php\/category\/noticias-de-ribeirao-preto-sp-e-regiao-ismael-colosi\/"},"img":{"alt_text":"","src":"https:\/\/i0.wp.com\/noticiasribeiraopreto.com.br\/wp-content\/uploads\/2025\/12\/foto-centro-1-scaled.jpeg?fit=1040%2C780&ssl=1&resize=350%2C200","width":350,"height":200,"srcset":"https:\/\/i0.wp.com\/noticiasribeiraopreto.com.br\/wp-content\/uploads\/2025\/12\/foto-centro-1-scaled.jpeg?fit=1040%2C780&ssl=1&resize=350%2C200 1x, https:\/\/i0.wp.com\/noticiasribeiraopreto.com.br\/wp-content\/uploads\/2025\/12\/foto-centro-1-scaled.jpeg?fit=1040%2C780&ssl=1&resize=525%2C300 1.5x, https:\/\/i0.wp.com\/noticiasribeiraopreto.com.br\/wp-content\/uploads\/2025\/12\/foto-centro-1-scaled.jpeg?fit=1040%2C780&ssl=1&resize=700%2C400 2x"},"classes":[]},{"id":5115,"url":"https:\/\/noticiasribeiraopreto.com.br\/index.php\/2023\/11\/22\/5-filmes-para-assistir-hoje-na-netflix-e-entrar-no-clima-natalino\/","url_meta":{"origin":20432,"position":3},"title":"5 filmes para assistir hoje na Netflix e entrar no clima natalino","author":"noticiasribeiraopreto.com.br","date":"22 de November de 2023","format":false,"excerpt":"Cr\u00e9ditos: Divulga\u00e7\u00e3o\/Netflix Filmes de Natal para ver na Netflix Pois \u00e9\u2026 Falta pouco mais de um m\u00eas para o Natal e chegou a hora de entrar no clima. Todos os anos, a Netflix lan\u00e7a diversos filmes e s\u00e9ries com a tem\u00e1tica natalina e em 2023 n\u00e3o ser\u00e1 diferente. Os filmes\u2026","rel":"","context":"In &quot;Variedades&quot;","block_context":{"text":"Variedades","link":"https:\/\/noticiasribeiraopreto.com.br\/index.php\/category\/variedades\/"},"img":{"alt_text":"","src":"https:\/\/i0.wp.com\/noticiasribeiraopreto.com.br\/wp-content\/uploads\/2023\/11\/filme-natal.jpg?fit=1200%2C638&ssl=1&resize=350%2C200","width":350,"height":200,"srcset":"https:\/\/i0.wp.com\/noticiasribeiraopreto.com.br\/wp-content\/uploads\/2023\/11\/filme-natal.jpg?fit=1200%2C638&ssl=1&resize=350%2C200 1x, https:\/\/i0.wp.com\/noticiasribeiraopreto.com.br\/wp-content\/uploads\/2023\/11\/filme-natal.jpg?fit=1200%2C638&ssl=1&resize=525%2C300 1.5x, https:\/\/i0.wp.com\/noticiasribeiraopreto.com.br\/wp-content\/uploads\/2023\/11\/filme-natal.jpg?fit=1200%2C638&ssl=1&resize=700%2C400 2x, https:\/\/i0.wp.com\/noticiasribeiraopreto.com.br\/wp-content\/uploads\/2023\/11\/filme-natal.jpg?fit=1200%2C638&ssl=1&resize=1050%2C600 3x"},"classes":[]},{"id":16927,"url":"https:\/\/noticiasribeiraopreto.com.br\/index.php\/2023\/12\/16\/veja-as-series-e-filmes-para-voce-assistir-no-natal-meu-valor-digital\/","url_meta":{"origin":20432,"position":4},"title":"Veja as s\u00e9ries e filmes para voc\u00ea assistir no Natal &#8211; Meu Valor Digital","author":"noticiasribeiraopreto.com.br","date":"16 de December de 2023","format":false,"excerpt":"Estamos todos em ritmo de Natal. Muita gente est\u00e1 atr\u00e1s do presente perfeito. Tem aqueles que j\u00e1 compraram o presente bem antes. Em dias de crise, as lembrancinhas v\u00e3o fazer sucesso. Mas existem pessoas que amam o Natal e curtem ficar diante da TV, do computador, do celular e assistir\u2026","rel":"","context":"In &quot;Vagas de Emprego em Ribeir\u00e3o Preto-SP&quot;","block_context":{"text":"Vagas de Emprego em Ribeir\u00e3o Preto-SP","link":"https:\/\/noticiasribeiraopreto.com.br\/index.php\/category\/empregos-classificados-vagas-trabalho\/vagas-de-empregos-em-ribeirao-preto-regiao-brasil\/"},"img":{"alt_text":"","src":"https:\/\/i0.wp.com\/noticiasribeiraopreto.com.br\/wp-content\/uploads\/2023\/12\/A-Familia-Noel-3-1.jpg?fit=1200%2C774&ssl=1&resize=350%2C200","width":350,"height":200,"srcset":"https:\/\/i0.wp.com\/noticiasribeiraopreto.com.br\/wp-content\/uploads\/2023\/12\/A-Familia-Noel-3-1.jpg?fit=1200%2C774&ssl=1&resize=350%2C200 1x, https:\/\/i0.wp.com\/noticiasribeiraopreto.com.br\/wp-content\/uploads\/2023\/12\/A-Familia-Noel-3-1.jpg?fit=1200%2C774&ssl=1&resize=525%2C300 1.5x, https:\/\/i0.wp.com\/noticiasribeiraopreto.com.br\/wp-content\/uploads\/2023\/12\/A-Familia-Noel-3-1.jpg?fit=1200%2C774&ssl=1&resize=700%2C400 2x, https:\/\/i0.wp.com\/noticiasribeiraopreto.com.br\/wp-content\/uploads\/2023\/12\/A-Familia-Noel-3-1.jpg?fit=1200%2C774&ssl=1&resize=1050%2C600 3x"},"classes":[]},{"id":16724,"url":"https:\/\/noticiasribeiraopreto.com.br\/index.php\/2023\/12\/16\/5-filmes-natalinos-brasileiros-para-ver-nos-streamings-hoje-mesmo\/","url_meta":{"origin":20432,"position":5},"title":"5 filmes natalinos brasileiros para ver nos streamings hoje mesmo","author":"noticiasribeiraopreto.com.br","date":"16 de December de 2023","format":false,"excerpt":"Cr\u00e9ditos: Depositphotos\/serezniyFilmes natalinos brasileiros para ver neste ano A melhor \u00e9poca do ano chegou e voc\u00ea j\u00e1 pode conferir os melhores filmes de Natal nos streamings. Desta vez, a Catraca Livre separou alguns longas nacionais com a tem\u00e1tica natalina. Abaixo, voc\u00ea vai conhecer cinco t\u00edtulos que prometem te conquistar. Os\u2026","rel":"","context":"In &quot;Variedades&quot;","block_context":{"text":"Variedades","link":"https:\/\/noticiasribeiraopreto.com.br\/index.php\/category\/variedades\/"},"img":{"alt_text":"","src":"https:\/\/i0.wp.com\/noticiasribeiraopreto.com.br\/wp-content\/uploads\/2023\/12\/depositphotos-687386008-xl-scaled-e1702434773775.jpg?fit=1200%2C638&ssl=1&resize=350%2C200","width":350,"height":200,"srcset":"https:\/\/i0.wp.com\/noticiasribeiraopreto.com.br\/wp-content\/uploads\/2023\/12\/depositphotos-687386008-xl-scaled-e1702434773775.jpg?fit=1200%2C638&ssl=1&resize=350%2C200 1x, https:\/\/i0.wp.com\/noticiasribeiraopreto.com.br\/wp-content\/uploads\/2023\/12\/depositphotos-687386008-xl-scaled-e1702434773775.jpg?fit=1200%2C638&ssl=1&resize=525%2C300 1.5x, https:\/\/i0.wp.com\/noticiasribeiraopreto.com.br\/wp-content\/uploads\/2023\/12\/depositphotos-687386008-xl-scaled-e1702434773775.jpg?fit=1200%2C638&ssl=1&resize=700%2C400 2x, https:\/\/i0.wp.com\/noticiasribeiraopreto.com.br\/wp-content\/uploads\/2023\/12\/depositphotos-687386008-xl-scaled-e1702434773775.jpg?fit=1200%2C638&ssl=1&resize=1050%2C600 3x"},"classes":[]}],"jetpack_sharing_enabled":true,"jetpack_shortlink":"https:\/\/wp.me\/peQAOb-5jy","_links":{"self":[{"href":"https:\/\/noticiasribeiraopreto.com.br\/index.php\/wp-json\/wp\/v2\/posts\/20432","targetHints":{"allow":["GET"]}}],"collection":[{"href":"https:\/\/noticiasribeiraopreto.com.br\/index.php\/wp-json\/wp\/v2\/posts"}],"about":[{"href":"https:\/\/noticiasribeiraopreto.com.br\/index.php\/wp-json\/wp\/v2\/types\/post"}],"author":[{"embeddable":true,"href":"https:\/\/noticiasribeiraopreto.com.br\/index.php\/wp-json\/wp\/v2\/users\/1"}],"replies":[{"embeddable":true,"href":"https:\/\/noticiasribeiraopreto.com.br\/index.php\/wp-json\/wp\/v2\/comments?post=20432"}],"version-history":[{"count":0,"href":"https:\/\/noticiasribeiraopreto.com.br\/index.php\/wp-json\/wp\/v2\/posts\/20432\/revisions"}],"wp:featuredmedia":[{"embeddable":true,"href":"https:\/\/noticiasribeiraopreto.com.br\/index.php\/wp-json\/wp\/v2\/media\/20433"}],"wp:attachment":[{"href":"https:\/\/noticiasribeiraopreto.com.br\/index.php\/wp-json\/wp\/v2\/media?parent=20432"}],"wp:term":[{"taxonomy":"category","embeddable":true,"href":"https:\/\/noticiasribeiraopreto.com.br\/index.php\/wp-json\/wp\/v2\/categories?post=20432"},{"taxonomy":"post_tag","embeddable":true,"href":"https:\/\/noticiasribeiraopreto.com.br\/index.php\/wp-json\/wp\/v2\/tags?post=20432"}],"curies":[{"name":"wp","href":"https:\/\/api.w.org\/{rel}","templated":true}]}}