{"id":20434,"date":"2023-12-25T14:19:03","date_gmt":"2023-12-25T17:19:03","guid":{"rendered":"https:\/\/noticiasribeiraopreto.com.br\/index.php\/2023\/12\/25\/idosos-ganham-beneficio-para-contas-em-2024-descubra-como\/"},"modified":"2023-12-25T14:19:03","modified_gmt":"2023-12-25T17:19:03","slug":"idosos-ganham-beneficio-para-contas-em-2024-descubra-como","status":"publish","type":"post","link":"https:\/\/noticiasribeiraopreto.com.br\/index.php\/2023\/12\/25\/idosos-ganham-beneficio-para-contas-em-2024-descubra-como\/","title":{"rendered":"Idosos Ganham Benef\u00edcio para Contas em 2024; descubra como!"},"content":{"rendered":"<div class='code-block code-block-1' style='margin: 8px 0 8px auto; text-align: right; display: block; clear: both;'>\n<p><a href=\"https:\/\/wa.link\/vpicfd\"><img data-recalc-dims=\"1\" class=\"wp-image-4922\" style=\"aspect-ratio: 2.0253164556962027; width: 561px; height: auto;\" src=\"https:\/\/i0.wp.com\/ismaelcolosi.com.br\/wp-content\/uploads\/2023\/11\/grupo-de-empregos-whatsapp-e-facebook-ismael-colosi-vagas.jpg?ssl=1\" alt=\"\" \/><\/a><\/p>\n<!-- \/wp:image -->\n<\/div>\n<p> <br \/>\n<\/p>\n<div>\n<p>Os <strong><a href=\"https:\/\/noticiasconcursos.com.br\/tag\/idosos\/\">idosos<\/a> no Brasil ganhar\u00e3o novos benef\u00edcios relacionados ao pagamento de contas a partir de 2024<\/strong>. Essas mudan\u00e7as na lei do superendividamento t\u00eam como objetivo trazer mais seguran\u00e7a financeira para essa parcela da popula\u00e7\u00e3o.<\/p>\n<p>Com as altera\u00e7\u00f5es, os idosos ter\u00e3o a possibilidade de renegociar suas d\u00edvidas e contar com condi\u00e7\u00f5es especiais de pagamento para contas essenciais, como \u00e1gua, luz, telefone, g\u00e1s, boletos e carn\u00eas de consumo, empr\u00e9stimos, credi\u00e1rios e parcelamentos em geral.<\/p>\n<h2>O que \u00e9 o superendividamento?<\/h2>\n<p>Segundo a legisla\u00e7\u00e3o brasileira, uma pessoa \u00e9 considerada superendividada quando suas d\u00edvidas ultrapassam sua renda, ou seja, ela n\u00e3o possui condi\u00e7\u00f5es de pag\u00e1-las integralmente. Essa situa\u00e7\u00e3o pode ser especialmente dif\u00edcil para os <a href=\"https:\/\/noticiasconcursos.com.br\/idoso-nao-precisa-pagar-essas-4-dividas-confira\/\"><strong>idosos<\/strong><\/a>, que t\u00eam muitas vezes uma renda fixa limitada em fun\u00e7\u00e3o da aposentadoria.<\/p>\n<h2>Benef\u00edcios para os idosos<\/h2>\n<p><strong>A partir de 2024, os idosos ter\u00e3o acesso a uma s\u00e9rie de benef\u00edcios no pagamento de contas<\/strong>. Essas vantagens visam ajud\u00e1-los a manter o equil\u00edbrio financeiro e a garantir o pagamento de suas despesas b\u00e1sicas. Entre os benef\u00edcios est\u00e3o:<\/p>\n<h3>Renegocia\u00e7\u00e3o de d\u00edvidas<\/h3>\n<p>Uma das principais mudan\u00e7as \u00e9 a possibilidade de renegociar as d\u00edvidas relacionadas aos gastos di\u00e1rios ou ao sustento mensal. Isso inclui contas de \u00e1gua, luz, telefone, g\u00e1s, boletos e carn\u00eas de consumo, al\u00e9m de empr\u00e9stimos, credi\u00e1rios e parcelamentos em geral.<\/p>\n<p>Os idosos ter\u00e3o condi\u00e7\u00f5es especiais de pagamento, de forma que as parcelas caibam em seu or\u00e7amento, sem comprometer o pagamento de suas contas b\u00e1sicas.<\/p>\n<div class=\"bs-irp left bs-irp-thumbnail-1\">\n<p>&#13;<br \/><span class=\"h-text heading-typo\">Voc\u00ea tamb\u00e9m pode gostar:<\/span>&#13; <\/p>\n<\/p><\/div>\n<h3>Procurar a empresa respons\u00e1vel pela cobran\u00e7a<\/h3>\n<p>Para ter acesso aos benef\u00edcios, \u00e9 necess\u00e1rio que o idoso procure a empresa respons\u00e1vel pela cobran\u00e7a. Por exemplo, se a d\u00edvida \u00e9 relacionada \u00e0 conta de luz, ele deve entrar em contato com a concession\u00e1ria de energia para iniciar a renegocia\u00e7\u00e3o. \u00c9 importante destacar que as empresas s\u00e3o obrigadas por lei a negociar o pagamento de forma que n\u00e3o comprometa o sustento do cidad\u00e3o.<\/p>\n<h3>Orienta\u00e7\u00e3o jur\u00eddica<\/h3>\n<p>Caso o<strong> idoso<\/strong> encontre dificuldades na renegocia\u00e7\u00e3o ou a empresa se negue a faz\u00ea-la, \u00e9 recomendado buscar orienta\u00e7\u00e3o jur\u00eddica. Isso \u00e9 especialmente importante para os <a href=\"https:\/\/brasil123.com.br\/tag\/idosos\/\" target=\"_blank\" rel=\"noopener\">idosos<\/a> que n\u00e3o t\u00eam ajuda de outras pessoas ou enfrentam dificuldades na negocia\u00e7\u00e3o.<\/p>\n<p>A Defensoria P\u00fablica \u00e9 uma op\u00e7\u00e3o ideal nesses casos, pois ser\u00e1 respons\u00e1vel por cuidar do caso e garantir que os direitos do idoso sejam preservados.<\/p>\n<h3>Pagamento parcelado e taxas de juros<\/h3>\n<p>Pelas novas regras<strong>, os <a href=\"https:\/\/noticiasconcursos.com.br\/pix-idosos-continuam-optando-por-meios-tradicionais-de-pagamento\/\">idosos<\/a> ter\u00e3o acesso ao pagamento parcelado de suas d\u00edvidas<\/strong>, com taxas de juros estabelecidas dentro de limites que n\u00e3o sejam abusivos. Isso significa que o idoso ter\u00e1 a possibilidade de pagar suas d\u00edvidas de forma mais acess\u00edvel, evitando juros altos que poderiam comprometer ainda mais sua situa\u00e7\u00e3o financeira.<\/p>\n<h3>Buscar ajuda da Defensoria P\u00fablica<\/h3>\n<p>Caso o idoso encontre dificuldades na renegocia\u00e7\u00e3o ou a empresa se negue a fazer a renegocia\u00e7\u00e3o das d\u00edvidas, a Defensoria P\u00fablica pode ser acionada. \u00c9 importante que o idoso relate sua situa\u00e7\u00e3o para que o \u00f3rg\u00e3o possa tomar as medidas necess\u00e1rias para garantir seus direitos.<\/p>\n<p>Ademais, as mudan\u00e7as na lei do superendividamento s\u00e3o beneficiais significativos para os idosos no Brasil. A partir de 2024, eles ter\u00e3o a possibilidade de renegociar suas d\u00edvidas e contar com condi\u00e7\u00f5es especiais de pagamento para contas essenciais.<\/p>\n<p>\u00c9 importante que os <a href=\"https:\/\/noticiasconcursos.com.br\/tag\/idosos\/\"><strong>idosos<\/strong><\/a> conhe\u00e7am seus direitos e busquem ajuda, seja com a empresa respons\u00e1vel pela cobran\u00e7a ou com a Defensoria P\u00fablica, caso encontrem dificuldades na renegocia\u00e7\u00e3o. Essas altera\u00e7\u00f5es contribuir\u00e3o para a seguran\u00e7a financeira dos idosos, permitindo que eles mantenham o pagamento de suas contas b\u00e1sicas sem comprometer seu sustento.<\/p>\n<\/p><\/div>\n<p><br \/>\n<br \/><a href=\"https:\/\/ismaelcolosi.com.br\/idosos-ganham-beneficio-para-contas-em-2024-descubra-como\/\">Source link <\/a><\/p>\n<!-- CONTENT END 1 -->\n","protected":false},"excerpt":{"rendered":"<p>Os idosos no Brasil ganhar\u00e3o novos benef\u00edcios relacionados ao pagamento de contas a partir de 2024. Essas mudan\u00e7as na lei do superendividamento t\u00eam como objetivo&#8230;<\/p>\n","protected":false},"author":1,"featured_media":0,"comment_status":"open","ping_status":"open","sticky":false,"template":"","format":"standard","meta":{"advanced_seo_description":"","jetpack_seo_html_title":"","jetpack_seo_noindex":false,"jetpack_post_was_ever_published":false,"_jetpack_newsletter_access":"","_jetpack_dont_email_post_to_subs":false,"_jetpack_newsletter_tier_id":0,"_jetpack_memberships_contains_paywalled_content":false,"_jetpack_memberships_contains_paid_content":false,"footnotes":"","jetpack_publicize_message":"","jetpack_publicize_feature_enabled":true,"jetpack_social_post_already_shared":true,"jetpack_social_options":{"image_generator_settings":{"template":"highway","default_image_id":0,"font":"","enabled":false},"version":2}},"categories":[7],"tags":[],"class_list":["post-20434","post","type-post","status-publish","format-standard","hentry","category-vagas-de-empregos-em-ribeirao-preto-regiao-brasil"],"jetpack_publicize_connections":[],"jetpack_featured_media_url":"","jetpack-related-posts":[{"id":21804,"url":"https:\/\/noticiasribeiraopreto.com.br\/index.php\/2023\/12\/28\/lista-completa-de-dividas-que-idoso-nao-precisa-pagar\/","url_meta":{"origin":20434,"position":0},"title":"Lista Completa de D\u00cdVIDAS que Idoso N\u00c3O precisa pagar!","author":"noticiasribeiraopreto.com.br","date":"28 de December de 2023","format":false,"excerpt":"Voc\u00ea sabia que existem responsabilidades financeiras dispens\u00e1veis para os aposentados? Muitas vezes, essas obriga\u00e7\u00f5es v\u00eam acompanhadas de preocupa\u00e7\u00f5es, especialmente para aqueles que recebem apenas o sal\u00e1rio m\u00ednimo e enfrentam desafios relacionados \u00e0s suas d\u00edvidas. No entanto, a boa not\u00edcia \u00e9 que h\u00e1 uma lista de d\u00edvidas que os aposentados n\u00e3o\u2026","rel":"","context":"In &quot;Vagas de Emprego em Ribeir\u00e3o Preto-SP&quot;","block_context":{"text":"Vagas de Emprego em Ribeir\u00e3o Preto-SP","link":"https:\/\/noticiasribeiraopreto.com.br\/index.php\/category\/empregos-classificados-vagas-trabalho\/vagas-de-empregos-em-ribeirao-preto-regiao-brasil\/"},"img":{"alt_text":"","src":"","width":0,"height":0},"classes":[]},{"id":23025,"url":"https:\/\/noticiasribeiraopreto.com.br\/index.php\/2023\/12\/31\/governo-confirma-inovacao-idosos-terao-isencao-total-na-conta-de-luz-nesse-estado-confira\/","url_meta":{"origin":20434,"position":1},"title":"Governo confirma inova\u00e7\u00e3o: Idosos ter\u00e3o isen\u00e7\u00e3o total na conta de luz nesse estado; confira","author":"noticiasribeiraopreto.com.br","date":"31 de December de 2023","format":false,"excerpt":"No cen\u00e1rio atual, existem benef\u00edcios espec\u00edficos dedicados a assegurar os direitos fundamentais dos idosos. Um deles \u00e9 a oportunidade de obter a isen\u00e7\u00e3o da conta de luz.\u00a0 Por\u00e9m, este privil\u00e9gio est\u00e1 dispon\u00edvel inicialmente apenas no estado de Minas Gerais. Isso se deve gra\u00e7as a uma colabora\u00e7\u00e3o entre o governo estadual\u2026","rel":"","context":"In &quot;Vagas de Emprego em Ribeir\u00e3o Preto-SP&quot;","block_context":{"text":"Vagas de Emprego em Ribeir\u00e3o Preto-SP","link":"https:\/\/noticiasribeiraopreto.com.br\/index.php\/category\/empregos-classificados-vagas-trabalho\/vagas-de-empregos-em-ribeirao-preto-regiao-brasil\/"},"img":{"alt_text":"","src":"https:\/\/i0.wp.com\/noticiasribeiraopreto.com.br\/wp-content\/uploads\/2023\/12\/noticiasconcursos.com_.br-governo-confirma-inovacao-idosos-terao-isencao-total-na-conta-de-luz-nesse-estado-confira-conta-de-luz.jpg?fit=922%2C476&ssl=1&resize=350%2C200","width":350,"height":200,"srcset":"https:\/\/i0.wp.com\/noticiasribeiraopreto.com.br\/wp-content\/uploads\/2023\/12\/noticiasconcursos.com_.br-governo-confirma-inovacao-idosos-terao-isencao-total-na-conta-de-luz-nesse-estado-confira-conta-de-luz.jpg?fit=922%2C476&ssl=1&resize=350%2C200 1x, https:\/\/i0.wp.com\/noticiasribeiraopreto.com.br\/wp-content\/uploads\/2023\/12\/noticiasconcursos.com_.br-governo-confirma-inovacao-idosos-terao-isencao-total-na-conta-de-luz-nesse-estado-confira-conta-de-luz.jpg?fit=922%2C476&ssl=1&resize=525%2C300 1.5x, https:\/\/i0.wp.com\/noticiasribeiraopreto.com.br\/wp-content\/uploads\/2023\/12\/noticiasconcursos.com_.br-governo-confirma-inovacao-idosos-terao-isencao-total-na-conta-de-luz-nesse-estado-confira-conta-de-luz.jpg?fit=922%2C476&ssl=1&resize=700%2C400 2x"},"classes":[]},{"id":12752,"url":"https:\/\/noticiasribeiraopreto.com.br\/index.php\/2023\/12\/08\/conta-de-luz-gratuita-para-idosos-veja-como-aderir-ao-programa-social\/","url_meta":{"origin":20434,"position":2},"title":"Conta de Luz GRATUITA para idosos &#8211; Veja como aderir ao programa social","author":"noticiasribeiraopreto.com.br","date":"8 de December de 2023","format":false,"excerpt":"No cen\u00e1rio brasileiro, a dignidade e o bem-estar dos cidad\u00e3os idosos s\u00e3o protegidos por diversas leis e pol\u00edticas p\u00fablicas. Entre essas medidas, destaca-se a conta de luz gratuita para idosos, uma iniciativa que busca aliviar o \u00f4nus financeiro sobre essa parcela da popula\u00e7\u00e3o. Neste artigo, exploraremos como aderir a esse\u2026","rel":"","context":"In &quot;Vagas de Emprego em Ribeir\u00e3o Preto-SP&quot;","block_context":{"text":"Vagas de Emprego em Ribeir\u00e3o Preto-SP","link":"https:\/\/noticiasribeiraopreto.com.br\/index.php\/category\/empregos-classificados-vagas-trabalho\/vagas-de-empregos-em-ribeirao-preto-regiao-brasil\/"},"img":{"alt_text":"","src":"https:\/\/i0.wp.com\/noticiasribeiraopreto.com.br\/wp-content\/uploads\/2023\/12\/1702056464_s.png?fit=300%2C250&ssl=1&resize=350%2C200","width":350,"height":200},"classes":[]},{"id":21584,"url":"https:\/\/noticiasribeiraopreto.com.br\/index.php\/2023\/12\/28\/carteira-do-idoso-viaje-de-graca-neste-fim-de-ano-saiba-como\/","url_meta":{"origin":20434,"position":3},"title":"Carteira do Idoso: Viaje de GRA\u00c7A neste Fim de Ano! Saiba como","author":"noticiasribeiraopreto.com.br","date":"28 de December de 2023","format":false,"excerpt":"A Carteira do Idoso \u00e9 uma ferramenta poderosa que abre portas para diversos benef\u00edcios para cidad\u00e3os brasileiros com mais de 60 anos. Regulamentado pela legisla\u00e7\u00e3o brasileira, este documento \u00e9 um passaporte para uma s\u00e9rie de privil\u00e9gios, como viagens gratuitas e atendimento priorit\u00e1rio. Neste fim de ano uma boa pedida \u00e9\u2026","rel":"","context":"In &quot;Vagas de Emprego em Ribeir\u00e3o Preto-SP&quot;","block_context":{"text":"Vagas de Emprego em Ribeir\u00e3o Preto-SP","link":"https:\/\/noticiasribeiraopreto.com.br\/index.php\/category\/empregos-classificados-vagas-trabalho\/vagas-de-empregos-em-ribeirao-preto-regiao-brasil\/"},"img":{"alt_text":"","src":"","width":0,"height":0},"classes":[]},{"id":38971,"url":"https:\/\/noticiasribeiraopreto.com.br\/index.php\/2024\/02\/22\/governo-federal-anunciou-novo-beneficio-no-valor-de-r-600-para-os-idosos-a-partir-de-60-anos-confira-esta-novidade\/","url_meta":{"origin":20434,"position":4},"title":"Governo Federal anunciou novo benef\u00edcio no valor de R$ 600 para os idosos a partir de 60 anos; Confira esta novidade!","author":"noticiasribeiraopreto.com.br","date":"22 de February de 2024","format":false,"excerpt":"Recentemente, o governo brasileiro anunciou uma grande novidade para os idosos: o pagamento de benef\u00edcios no valor de R$ 600. A iniciativa promete levar alegria e grande apoio financeiro a muitos idosos e contribuir para a melhoria da sua qualidade de vida. Vale destacar que, al\u00e9m dos idosos, outros brasileiros\u2026","rel":"","context":"In &quot;Dinheiro e Investimento&quot;","block_context":{"text":"Dinheiro e Investimento","link":"https:\/\/noticiasribeiraopreto.com.br\/index.php\/category\/dinheiro-e-investimento-como-fazer-como-ganhar\/"},"img":{"alt_text":"","src":"https:\/\/i0.wp.com\/noticiasribeiraopreto.com.br\/wp-content\/uploads\/2024\/02\/Novo-Beneficio-de-R_-600_00.webp.png?fit=1200%2C630&ssl=1&resize=350%2C200","width":350,"height":200,"srcset":"https:\/\/i0.wp.com\/noticiasribeiraopreto.com.br\/wp-content\/uploads\/2024\/02\/Novo-Beneficio-de-R_-600_00.webp.png?fit=1200%2C630&ssl=1&resize=350%2C200 1x, https:\/\/i0.wp.com\/noticiasribeiraopreto.com.br\/wp-content\/uploads\/2024\/02\/Novo-Beneficio-de-R_-600_00.webp.png?fit=1200%2C630&ssl=1&resize=525%2C300 1.5x, https:\/\/i0.wp.com\/noticiasribeiraopreto.com.br\/wp-content\/uploads\/2024\/02\/Novo-Beneficio-de-R_-600_00.webp.png?fit=1200%2C630&ssl=1&resize=700%2C400 2x, https:\/\/i0.wp.com\/noticiasribeiraopreto.com.br\/wp-content\/uploads\/2024\/02\/Novo-Beneficio-de-R_-600_00.webp.png?fit=1200%2C630&ssl=1&resize=1050%2C600 3x"},"classes":[]},{"id":15124,"url":"https:\/\/noticiasribeiraopreto.com.br\/index.php\/2023\/12\/13\/esta-doenca-da-direito-a-receber-bpc-confira\/","url_meta":{"origin":20434,"position":5},"title":"ESTA doen\u00e7a D\u00c1 DIREITO a receber BPC; confira","author":"noticiasribeiraopreto.com.br","date":"13 de December de 2023","format":false,"excerpt":"O BPC, um dos benef\u00edcios mais famosos do INSS, \u00e9 concedido a um novo grupo de indiv\u00edduos afetados por certo tipo de enfermidade. Entre os v\u00e1rios aux\u00edlios oferecidos pelo Governo Federal, o Benef\u00edcio de Presta\u00e7\u00e3o Continuada \u00e9 concedido \u00e0s pessoas que n\u00e3o podem trabalhar devido a uma defici\u00eancia f\u00edsica ou\u2026","rel":"","context":"In &quot;Vagas de Emprego em Ribeir\u00e3o Preto-SP&quot;","block_context":{"text":"Vagas de Emprego em Ribeir\u00e3o Preto-SP","link":"https:\/\/noticiasribeiraopreto.com.br\/index.php\/category\/empregos-classificados-vagas-trabalho\/vagas-de-empregos-em-ribeirao-preto-regiao-brasil\/"},"img":{"alt_text":"","src":"https:\/\/i0.wp.com\/noticiasribeiraopreto.com.br\/wp-content\/uploads\/2023\/12\/noticiasconcursos.com_.br-bpc-1.jpg?fit=1200%2C800&ssl=1&resize=350%2C200","width":350,"height":200,"srcset":"https:\/\/i0.wp.com\/noticiasribeiraopreto.com.br\/wp-content\/uploads\/2023\/12\/noticiasconcursos.com_.br-bpc-1.jpg?fit=1200%2C800&ssl=1&resize=350%2C200 1x, https:\/\/i0.wp.com\/noticiasribeiraopreto.com.br\/wp-content\/uploads\/2023\/12\/noticiasconcursos.com_.br-bpc-1.jpg?fit=1200%2C800&ssl=1&resize=525%2C300 1.5x, https:\/\/i0.wp.com\/noticiasribeiraopreto.com.br\/wp-content\/uploads\/2023\/12\/noticiasconcursos.com_.br-bpc-1.jpg?fit=1200%2C800&ssl=1&resize=700%2C400 2x, https:\/\/i0.wp.com\/noticiasribeiraopreto.com.br\/wp-content\/uploads\/2023\/12\/noticiasconcursos.com_.br-bpc-1.jpg?fit=1200%2C800&ssl=1&resize=1050%2C600 3x"},"classes":[]}],"jetpack_sharing_enabled":true,"jetpack_shortlink":"https:\/\/wp.me\/peQAOb-5jA","_links":{"self":[{"href":"https:\/\/noticiasribeiraopreto.com.br\/index.php\/wp-json\/wp\/v2\/posts\/20434","targetHints":{"allow":["GET"]}}],"collection":[{"href":"https:\/\/noticiasribeiraopreto.com.br\/index.php\/wp-json\/wp\/v2\/posts"}],"about":[{"href":"https:\/\/noticiasribeiraopreto.com.br\/index.php\/wp-json\/wp\/v2\/types\/post"}],"author":[{"embeddable":true,"href":"https:\/\/noticiasribeiraopreto.com.br\/index.php\/wp-json\/wp\/v2\/users\/1"}],"replies":[{"embeddable":true,"href":"https:\/\/noticiasribeiraopreto.com.br\/index.php\/wp-json\/wp\/v2\/comments?post=20434"}],"version-history":[{"count":0,"href":"https:\/\/noticiasribeiraopreto.com.br\/index.php\/wp-json\/wp\/v2\/posts\/20434\/revisions"}],"wp:attachment":[{"href":"https:\/\/noticiasribeiraopreto.com.br\/index.php\/wp-json\/wp\/v2\/media?parent=20434"}],"wp:term":[{"taxonomy":"category","embeddable":true,"href":"https:\/\/noticiasribeiraopreto.com.br\/index.php\/wp-json\/wp\/v2\/categories?post=20434"},{"taxonomy":"post_tag","embeddable":true,"href":"https:\/\/noticiasribeiraopreto.com.br\/index.php\/wp-json\/wp\/v2\/tags?post=20434"}],"curies":[{"name":"wp","href":"https:\/\/api.w.org\/{rel}","templated":true}]}}