{"id":20437,"date":"2023-12-25T14:40:58","date_gmt":"2023-12-25T17:40:58","guid":{"rendered":"https:\/\/noticiasribeiraopreto.com.br\/index.php\/2023\/12\/25\/quer-trabalhar-na-alamo-veja-os-cargos-locais-e-mais\/"},"modified":"2023-12-25T14:40:58","modified_gmt":"2023-12-25T17:40:58","slug":"quer-trabalhar-na-alamo-veja-os-cargos-locais-e-mais","status":"publish","type":"post","link":"https:\/\/noticiasribeiraopreto.com.br\/index.php\/2023\/12\/25\/quer-trabalhar-na-alamo-veja-os-cargos-locais-e-mais\/","title":{"rendered":"Quer trabalhar na \u00c1lamo? Veja os cargos, locais e mais!"},"content":{"rendered":"<div class='code-block code-block-1' style='margin: 8px 0 8px auto; text-align: right; display: block; clear: both;'>\n<p><a href=\"https:\/\/wa.link\/vpicfd\"><img data-recalc-dims=\"1\" class=\"wp-image-4922\" style=\"aspect-ratio: 2.0253164556962027; width: 561px; height: auto;\" src=\"https:\/\/i0.wp.com\/ismaelcolosi.com.br\/wp-content\/uploads\/2023\/11\/grupo-de-empregos-whatsapp-e-facebook-ismael-colosi-vagas.jpg?ssl=1\" alt=\"\" \/><\/a><\/p>\n<!-- \/wp:image -->\n<\/div>\n<p> <br \/>\n<\/p>\n<div>\n<p>A \u00c1lamo Engenharia, empresa que tem como miss\u00e3o prestar servi\u00e7os de engenharia otimizando a opera\u00e7\u00e3o e custos nas instala\u00e7\u00f5es dos clientes, com alto padr\u00e3o de qualidade, efici\u00eancia, compatibilidade, seguran\u00e7a e <a href=\"https:\/\/noticiasconcursos.com.br\/importancia-de-sair-da-zona-de-conforto\/\">conforto<\/a>, est\u00e1 com \u00f3timas op\u00e7\u00f5es de <a href=\"https:\/\/noticiasconcursos.com.br\/b2w-digital-oferece-empregos-em-tres-estados\/\">empregos<\/a> dispon\u00edveis. Isto \u00e9, vale a pena conferir quais s\u00e3o os principais cargos abertos:<\/p>\n<ul>\n<li>Estagi\u00e1rio (a) em Administra\u00e7\u00e3o \u2013 Seguran\u00e7a do Trabalho \u2013 Rio de Janeiro \u2013 RJ \u2013 Administra\u00e7\u00e3o Geral;<\/li>\n<li>Meio Oficial De Manuten\u00e7\u00e3o Civil \u2013 Rio de Janeiro \u2013 RJ \u2013 Engenharia Civil: <em>Executar trabalhos de alvenaria, concreto e outros materiais, guiando-se por desenhos, esquemas e especifica\u00e7\u00f5es. Verificar as caracter\u00edsticas da obra, examinando a planta e especifica\u00e7\u00f5es, para orientar-se na escolha do material apropriado e na melhor forma de execu\u00e7\u00e3o do trabalho;<\/em><\/li>\n<li>Oficial de Mec\u00e2nico de Refrigera\u00e7\u00e3o \u2013 Maca\u00e9 \u2013 RJ \u2013 Manuten\u00e7\u00e3o Mec\u00e2nica;<\/li>\n<li>Oficial de Manuten\u00e7\u00e3o \u2013 Blumenau \u2013 SC \u2013 Manuten\u00e7\u00e3o em Geral;<\/li>\n<li>Mec\u00e2nico (a) de Refrigera\u00e7\u00e3o com El\u00e9trica \u2013 Zona Sul \u2013 S\u00e3o Paulo \u2013 SP \u2013 Engenharia Mec\u00e2nica;<\/li>\n<li>Meio Oficial de Manuten\u00e7\u00e3o Civil \u2013 S\u00e3o Paulo \u2013 SP \u2013 Engenharia Civil;<\/li>\n<li>Auxiliar de Manuten\u00e7\u00e3o \u2013 Blumenau \u2013 SC \u2013 Engenharia Civil;<\/li>\n<li>Oficial de Refrigera\u00e7\u00e3o \u2013 Jundia\u00ed \u2013 SP \u2013 Manuten\u00e7\u00e3o em Geral;<\/li>\n<li>Oficial de Manuten\u00e7\u00e3o \u2013 Belo Horizonte \u2013 MG \u2013 Manuten\u00e7\u00e3o El\u00e9trica;<\/li>\n<li>Oficial Eletricista \u2013 S\u00e3o Paulo \u2013 SP \u2013 Engenharia El\u00e9trica, Eletr\u00f4nica, Eletrot\u00e9cnica;<\/li>\n<li>Oficial de Manuten\u00e7\u00e3o DF \u2013 Bras\u00edlia \u2013 DF \u2013 Manuten\u00e7\u00e3o El\u00e9trica;<\/li>\n<li>Oficial de Manuten\u00e7\u00e3o \u2013 Extrema \u2013 MG \u2013 Manuten\u00e7\u00e3o em Geral;<\/li>\n<li>Eletricista II \u2013 Zona Sul SP \u2013 S\u00e3o Paulo \u2013 SP \u2013 Engenharia El\u00e9trica, Eletr\u00f4nica, Eletrot\u00e9cnica;<\/li>\n<li>Analista de SGI \u2013 Rio de Janeiro \u2013 RJ \u2013 Qualidade.<\/li>\n<\/ul>\n<figure id=\"attachment_629150\" aria-describedby=\"caption-attachment-629150\" style=\"width: 2048px\" class=\"wp-caption alignnone\"><img data-recalc-dims=\"1\" fetchpriority=\"high\" decoding=\"async\" class=\"size-full wp-image-629150\" alt=\"Quer trabalhar na \u00c1lamo Engenharia? Veja os cargos, locais e mais!\" width=\"2048\" height=\"1576\" srcset=\"https:\/\/noticiasconcursos.com.br\/wp-content\/uploads\/2023\/05\/noticiasconcursos.com.br-alamo-oferece-empregos-em-sp-rj-e-mg-345279852-550315267174431-2603113073698612353-n-e1684427940276.jpg 2048w, https:\/\/noticiasconcursos.com.br\/wp-content\/uploads\/2023\/05\/noticiasconcursos.com.br-alamo-oferece-empregos-em-sp-rj-e-mg-345279852-550315267174431-2603113073698612353-n-e1684427940276-300x231.jpg 300w, https:\/\/noticiasconcursos.com.br\/wp-content\/uploads\/2023\/05\/noticiasconcursos.com.br-alamo-oferece-empregos-em-sp-rj-e-mg-345279852-550315267174431-2603113073698612353-n-e1684427940276-1024x788.jpg 1024w, https:\/\/noticiasconcursos.com.br\/wp-content\/uploads\/2023\/05\/noticiasconcursos.com.br-alamo-oferece-empregos-em-sp-rj-e-mg-345279852-550315267174431-2603113073698612353-n-e1684427940276-768x591.jpg 768w, https:\/\/noticiasconcursos.com.br\/wp-content\/uploads\/2023\/05\/noticiasconcursos.com.br-alamo-oferece-empregos-em-sp-rj-e-mg-345279852-550315267174431-2603113073698612353-n-e1684427940276-1536x1182.jpg 1536w\" data-lazy-sizes=\"(max-width: 2048px) 100vw, 2048px\" src=\"https:\/\/i0.wp.com\/noticiasconcursos.com.br\/wp-content\/uploads\/2023\/05\/noticiasconcursos.com.br-alamo-oferece-empregos-em-sp-rj-e-mg-345279852-550315267174431-2603113073698612353-n-e1684427940276.jpg?resize=2048%2C1576&#038;ssl=1\"\/><noscript><img data-recalc-dims=\"1\" fetchpriority=\"high\" decoding=\"async\" class=\"size-full wp-image-629150\" src=\"https:\/\/i0.wp.com\/noticiasconcursos.com.br\/wp-content\/uploads\/2023\/05\/noticiasconcursos.com.br-alamo-oferece-empregos-em-sp-rj-e-mg-345279852-550315267174431-2603113073698612353-n-e1684427940276.jpg?resize=2048%2C1576&#038;ssl=1\" alt=\"Quer trabalhar na \u00c1lamo Engenharia? Veja os cargos, locais e mais!\" width=\"2048\" height=\"1576\" srcset=\"https:\/\/noticiasconcursos.com.br\/wp-content\/uploads\/2023\/05\/noticiasconcursos.com.br-alamo-oferece-empregos-em-sp-rj-e-mg-345279852-550315267174431-2603113073698612353-n-e1684427940276.jpg 2048w, https:\/\/noticiasconcursos.com.br\/wp-content\/uploads\/2023\/05\/noticiasconcursos.com.br-alamo-oferece-empregos-em-sp-rj-e-mg-345279852-550315267174431-2603113073698612353-n-e1684427940276-300x231.jpg 300w, https:\/\/noticiasconcursos.com.br\/wp-content\/uploads\/2023\/05\/noticiasconcursos.com.br-alamo-oferece-empregos-em-sp-rj-e-mg-345279852-550315267174431-2603113073698612353-n-e1684427940276-1024x788.jpg 1024w, https:\/\/noticiasconcursos.com.br\/wp-content\/uploads\/2023\/05\/noticiasconcursos.com.br-alamo-oferece-empregos-em-sp-rj-e-mg-345279852-550315267174431-2603113073698612353-n-e1684427940276-768x591.jpg 768w, https:\/\/noticiasconcursos.com.br\/wp-content\/uploads\/2023\/05\/noticiasconcursos.com.br-alamo-oferece-empregos-em-sp-rj-e-mg-345279852-550315267174431-2603113073698612353-n-e1684427940276-1536x1182.jpg 1536w\" sizes=\"(max-width: 2048px) 100vw, 2048px\"\/><\/noscript><figcaption id=\"caption-attachment-629150\" class=\"wp-caption-text\">\u00c1lamo \u00e9 refer\u00eancia no setor de engenharia. Foto: Divulga\u00e7\u00e3o.<\/figcaption><\/figure>\n<h3><strong>Mais sobre a \u00c1lamo Engenharia<\/strong><\/h3>\n<p>Aproveitando para falar mais sobre a empresa, podemos frisar que a \u00c1lamo Engenharia conta com mais de 2.000 <a href=\"https:\/\/noticiasconcursos.com.br\/strata-engenharia-esta-na-procura-de-novos-funcionarios\/\">funcion\u00e1rios<\/a>, sendo uma empresa s\u00f3lida e din\u00e2mica, com \u00eanfase no comprometimento das pessoas, clientes e sociedade.<\/p>\n<p>Al\u00e9m disso, atua tamb\u00e9m na \u00e1rea de facilities, oferecendo a gestores e administradores a tranquilidade de um pacote completo de manuten\u00e7\u00e3o de suas instala\u00e7\u00f5es, com a tradi\u00e7\u00e3o de seus mais de 40 anos de <a href=\"https:\/\/noticiasconcursos.com.br\/braskem-abre-vagas-para-candidatos-com-e-sem-experiencia-em-diversos-estados-veja-como-participar\/\">experi\u00eancia<\/a>.<\/p>\n<p>Por fim, a\u00a0qualidade e agilidade nas respostas fizeram com que a empresa crescesse j\u00e1 de in\u00edcio e, ap\u00f3s identificar a demanda crescente por empresas especializadas em engenharia de manuten\u00e7\u00e3o, a \u00c1lamo Engenharia investiu e logo se tornou refer\u00eancia no setor.<\/p>\n<h3><strong>Mais detalhes sobre como se candidatar<\/strong><\/h3>\n<p>Como voc\u00ea j\u00e1 p\u00f4de verificar a lista de cargos da <strong>\u00c1lamo Engenharia<\/strong>, a inscri\u00e7\u00e3o acontece de forma bastante intuitiva e r\u00e1pida. Voc\u00ea s\u00f3 precisa <strong><em><a href=\"https:\/\/www.infojobs.com.br\/alamo-engenharia\/vagas\" target=\"_blank\" rel=\"noopener\">CLICAR NESTE LINK<\/a><\/em><\/strong> para ir automaticamente \u00e0 p\u00e1gina da <strong>InfoJobs<\/strong>.<\/p>\n<div class=\"bs-irp left bs-irp-thumbnail-1\">\n<p>&#13;<br \/><span class=\"h-text heading-typo\">Voc\u00ea tamb\u00e9m pode gostar:<\/span>&#13; <\/p>\n<\/p><\/div>\n<p>Por l\u00e1, \u00e9 s\u00f3 conferir todos os detalhes referentes \u00e0 vaga (requisitos, fun\u00e7\u00f5es, benef\u00edcios, hor\u00e1rio de trabalho, etc..) com aten\u00e7\u00e3o e se candidatar.<\/p>\n<p>Acesse agora mesmo o\u00a0<strong>Not\u00edcias Concursos<\/strong> para se manter inteirado(a) em todas as principais not\u00edcias do pa\u00eds e ainda ficar ligado(a) nas diversas vagas de empregos espalhadas pelo Brasil!<\/p>\n<\/p><\/div>\n<p><br \/>\n<br \/><a href=\"https:\/\/ismaelcolosi.com.br\/quer-trabalhar-na-alamo-veja-os-cargos-locais-e-mais\/\">Source link <\/a><\/p>\n<!-- CONTENT END 1 -->\n","protected":false},"excerpt":{"rendered":"<p>A \u00c1lamo Engenharia, empresa que tem como miss\u00e3o prestar servi\u00e7os de engenharia otimizando a opera\u00e7\u00e3o e custos nas instala\u00e7\u00f5es dos clientes, com alto padr\u00e3o de&#8230;<\/p>\n","protected":false},"author":1,"featured_media":20438,"comment_status":"open","ping_status":"open","sticky":false,"template":"","format":"standard","meta":{"advanced_seo_description":"","jetpack_seo_html_title":"","jetpack_seo_noindex":false,"jetpack_post_was_ever_published":false,"_jetpack_newsletter_access":"","_jetpack_dont_email_post_to_subs":false,"_jetpack_newsletter_tier_id":0,"_jetpack_memberships_contains_paywalled_content":false,"_jetpack_memberships_contains_paid_content":false,"footnotes":"","jetpack_publicize_message":"","jetpack_publicize_feature_enabled":true,"jetpack_social_post_already_shared":true,"jetpack_social_options":{"image_generator_settings":{"template":"highway","default_image_id":0,"font":"","enabled":false},"version":2}},"categories":[7],"tags":[],"class_list":["post-20437","post","type-post","status-publish","format-standard","has-post-thumbnail","hentry","category-vagas-de-empregos-em-ribeirao-preto-regiao-brasil"],"jetpack_publicize_connections":[],"jetpack_featured_media_url":"https:\/\/i0.wp.com\/noticiasribeiraopreto.com.br\/wp-content\/uploads\/2023\/12\/noticiasconcursos.com_.br-alamo-oferece-empregos-em-sp-rj-e-mg-345279852-550315267174431-2603113073698612353-n-e1684427940276.jpg?fit=2048%2C1576&ssl=1","jetpack-related-posts":[{"id":16818,"url":"https:\/\/noticiasribeiraopreto.com.br\/index.php\/2023\/12\/16\/grupo-tejofran-contrata-em-diferentes-estados-do-pais\/","url_meta":{"origin":20437,"position":0},"title":"Grupo Tejofran CONTRATA em diferentes estados do pa\u00eds","author":"noticiasribeiraopreto.com.br","date":"16 de December de 2023","format":false,"excerpt":"O Grupo Tejofran, pioneiro nos processos de servi\u00e7os especializados do Brasil,\u00a0 est\u00e1 contratando profissionais em S\u00e3o Paulo e no Rio de Janeiro. Dito isso, antes de falar mais sobre a empresa que usa toda sua experi\u00eancia para identificar necessidades e propor solu\u00e7\u00f5es em servi\u00e7os especializados com a mais alta qualidade\u2026","rel":"","context":"In &quot;Vagas de Emprego em Ribeir\u00e3o Preto-SP&quot;","block_context":{"text":"Vagas de Emprego em Ribeir\u00e3o Preto-SP","link":"https:\/\/noticiasribeiraopreto.com.br\/index.php\/category\/empregos-classificados-vagas-trabalho\/vagas-de-empregos-em-ribeirao-preto-regiao-brasil\/"},"img":{"alt_text":"","src":"https:\/\/i0.wp.com\/noticiasribeiraopreto.com.br\/wp-content\/uploads\/2023\/12\/noticiasconcursos.com_.br-grupo-tejofran-contrata-em-diferentes-estados-do-pais-f9136082760c9ca1706ca8351798d01f68b6c319-1.jpg?fit=800%2C480&ssl=1&resize=350%2C200","width":350,"height":200,"srcset":"https:\/\/i0.wp.com\/noticiasribeiraopreto.com.br\/wp-content\/uploads\/2023\/12\/noticiasconcursos.com_.br-grupo-tejofran-contrata-em-diferentes-estados-do-pais-f9136082760c9ca1706ca8351798d01f68b6c319-1.jpg?fit=800%2C480&ssl=1&resize=350%2C200 1x, https:\/\/i0.wp.com\/noticiasribeiraopreto.com.br\/wp-content\/uploads\/2023\/12\/noticiasconcursos.com_.br-grupo-tejofran-contrata-em-diferentes-estados-do-pais-f9136082760c9ca1706ca8351798d01f68b6c319-1.jpg?fit=800%2C480&ssl=1&resize=525%2C300 1.5x, https:\/\/i0.wp.com\/noticiasribeiraopreto.com.br\/wp-content\/uploads\/2023\/12\/noticiasconcursos.com_.br-grupo-tejofran-contrata-em-diferentes-estados-do-pais-f9136082760c9ca1706ca8351798d01f68b6c319-1.jpg?fit=800%2C480&ssl=1&resize=700%2C400 2x"},"classes":[]},{"id":17846,"url":"https:\/\/noticiasribeiraopreto.com.br\/index.php\/2023\/12\/19\/banca-organizadora-e-oficialmente-definida-2\/","url_meta":{"origin":20437,"position":1},"title":"banca organizadora \u00e9 oficialmente definida","author":"noticiasribeiraopreto.com.br","date":"19 de December de 2023","format":false,"excerpt":"Agora \u00e9 oficial. O novo concurso TRF 2 RJ ES (Tribunal Regional Federal da 2 Regi\u00e3o), que engloba os estados do Rio de Janeiro e Esp\u00edrito Santo, ser\u00e1 mesmo organizado pelo Instituto AOCP. O processo licitat\u00f3rio foi encerrado e a empresa foi definida como a escolhida. O nome j\u00e1 havia\u2026","rel":"","context":"In &quot;Vagas de Emprego em Ribeir\u00e3o Preto-SP&quot;","block_context":{"text":"Vagas de Emprego em Ribeir\u00e3o Preto-SP","link":"https:\/\/noticiasribeiraopreto.com.br\/index.php\/category\/empregos-classificados-vagas-trabalho\/vagas-de-empregos-em-ribeirao-preto-regiao-brasil\/"},"img":{"alt_text":"","src":"https:\/\/i0.wp.com\/noticiasribeiraopreto.com.br\/wp-content\/uploads\/2023\/12\/1702987477_trf_2.jpg?fit=1200%2C675&ssl=1&resize=350%2C200","width":350,"height":200,"srcset":"https:\/\/i0.wp.com\/noticiasribeiraopreto.com.br\/wp-content\/uploads\/2023\/12\/1702987477_trf_2.jpg?fit=1200%2C675&ssl=1&resize=350%2C200 1x, https:\/\/i0.wp.com\/noticiasribeiraopreto.com.br\/wp-content\/uploads\/2023\/12\/1702987477_trf_2.jpg?fit=1200%2C675&ssl=1&resize=525%2C300 1.5x, https:\/\/i0.wp.com\/noticiasribeiraopreto.com.br\/wp-content\/uploads\/2023\/12\/1702987477_trf_2.jpg?fit=1200%2C675&ssl=1&resize=700%2C400 2x, https:\/\/i0.wp.com\/noticiasribeiraopreto.com.br\/wp-content\/uploads\/2023\/12\/1702987477_trf_2.jpg?fit=1200%2C675&ssl=1&resize=1050%2C600 3x"},"classes":[]},{"id":23500,"url":"https:\/\/noticiasribeiraopreto.com.br\/index.php\/2024\/01\/02\/edital-previsto-para-ser-publicado-ate-fevereiro\/","url_meta":{"origin":20437,"position":2},"title":"edital previsto para ser publicado at\u00e9 fevereiro","author":"noticiasribeiraopreto.com.br","date":"2 de January de 2024","format":false,"excerpt":"A publica\u00e7\u00e3o do edital do novo concurso TRF 2 RJ ES (Tribunal Regional Federal da 2 Regi\u00e3o), que engloba os estados do Rio de Janeiro e Esp\u00edrito Santo, deve ocorrer at\u00e9 fevereiro. De acordo com as \u00faltimas informa\u00e7\u00f5es, a aplica\u00e7\u00e3o das provas est\u00e1 prevista para ocorrer at\u00e9 maio. A sele\u00e7\u00e3o\u2026","rel":"","context":"In &quot;Vagas de Emprego em Ribeir\u00e3o Preto-SP&quot;","block_context":{"text":"Vagas de Emprego em Ribeir\u00e3o Preto-SP","link":"https:\/\/noticiasribeiraopreto.com.br\/index.php\/category\/empregos-classificados-vagas-trabalho\/vagas-de-empregos-em-ribeirao-preto-regiao-brasil\/"},"img":{"alt_text":"","src":"https:\/\/i0.wp.com\/noticiasribeiraopreto.com.br\/wp-content\/uploads\/2024\/01\/trf_2.jpg?fit=1200%2C675&ssl=1&resize=350%2C200","width":350,"height":200,"srcset":"https:\/\/i0.wp.com\/noticiasribeiraopreto.com.br\/wp-content\/uploads\/2024\/01\/trf_2.jpg?fit=1200%2C675&ssl=1&resize=350%2C200 1x, https:\/\/i0.wp.com\/noticiasribeiraopreto.com.br\/wp-content\/uploads\/2024\/01\/trf_2.jpg?fit=1200%2C675&ssl=1&resize=525%2C300 1.5x, https:\/\/i0.wp.com\/noticiasribeiraopreto.com.br\/wp-content\/uploads\/2024\/01\/trf_2.jpg?fit=1200%2C675&ssl=1&resize=700%2C400 2x, https:\/\/i0.wp.com\/noticiasribeiraopreto.com.br\/wp-content\/uploads\/2024\/01\/trf_2.jpg?fit=1200%2C675&ssl=1&resize=1050%2C600 3x"},"classes":[]},{"id":20503,"url":"https:\/\/noticiasribeiraopreto.com.br\/index.php\/2023\/12\/25\/supermercado-zona-sul-oferece-vagas-para-estagiario-a-auxiliar-e-mais\/","url_meta":{"origin":20437,"position":3},"title":"Supermercado Zona Sul OFERECE vagas para Estagi\u00e1rio (a), Auxiliar e mais!","author":"noticiasribeiraopreto.com.br","date":"25 de December de 2023","format":false,"excerpt":"O Supermercado Zona Sul, uma empresa brasileira e carioca, que tem como meta superar as expectativas dos clientes, atrav\u00e9s da experi\u00eancia de compra e da mais ampla oferta de solu\u00e7\u00f5es, gerando valor aos acionistas, colaboradores e fornecedores, est\u00e1 com \u00f3timas vagas dispon\u00edveis: Estagi\u00e1rio (a) Cont\u00e1bil \u2013 Rio de Janeiro \u2013\u2026","rel":"","context":"In &quot;Vagas de Emprego em Ribeir\u00e3o Preto-SP&quot;","block_context":{"text":"Vagas de Emprego em Ribeir\u00e3o Preto-SP","link":"https:\/\/noticiasribeiraopreto.com.br\/index.php\/category\/empregos-classificados-vagas-trabalho\/vagas-de-empregos-em-ribeirao-preto-regiao-brasil\/"},"img":{"alt_text":"","src":"https:\/\/i0.wp.com\/noticiasribeiraopreto.com.br\/wp-content\/uploads\/2023\/12\/noticiasconcursos.com_.br-supermercado-zona-sul-abre-vagas-para-acougueiro-auxiliar-e-mais-amo-rio-fachada-zona-sul-machado-assis.jpg?fit=1200%2C800&ssl=1&resize=350%2C200","width":350,"height":200,"srcset":"https:\/\/i0.wp.com\/noticiasribeiraopreto.com.br\/wp-content\/uploads\/2023\/12\/noticiasconcursos.com_.br-supermercado-zona-sul-abre-vagas-para-acougueiro-auxiliar-e-mais-amo-rio-fachada-zona-sul-machado-assis.jpg?fit=1200%2C800&ssl=1&resize=350%2C200 1x, https:\/\/i0.wp.com\/noticiasribeiraopreto.com.br\/wp-content\/uploads\/2023\/12\/noticiasconcursos.com_.br-supermercado-zona-sul-abre-vagas-para-acougueiro-auxiliar-e-mais-amo-rio-fachada-zona-sul-machado-assis.jpg?fit=1200%2C800&ssl=1&resize=525%2C300 1.5x, https:\/\/i0.wp.com\/noticiasribeiraopreto.com.br\/wp-content\/uploads\/2023\/12\/noticiasconcursos.com_.br-supermercado-zona-sul-abre-vagas-para-acougueiro-auxiliar-e-mais-amo-rio-fachada-zona-sul-machado-assis.jpg?fit=1200%2C800&ssl=1&resize=700%2C400 2x, https:\/\/i0.wp.com\/noticiasribeiraopreto.com.br\/wp-content\/uploads\/2023\/12\/noticiasconcursos.com_.br-supermercado-zona-sul-abre-vagas-para-acougueiro-auxiliar-e-mais-amo-rio-fachada-zona-sul-machado-assis.jpg?fit=1200%2C800&ssl=1&resize=1050%2C600 3x"},"classes":[]},{"id":17127,"url":"https:\/\/noticiasribeiraopreto.com.br\/index.php\/2023\/12\/17\/gigante-oceanica-oferta-mais-de-50-vagas-de-emprego-para-auxiliares-eletricistas-moco-de-conves-marinheiros-e-mais\/","url_meta":{"origin":20437,"position":4},"title":"Gigante Oce\u00e2nica oferta mais de 50 vagas de emprego para auxiliares, eletricistas, mo\u00e7o de conv\u00e9s, marinheiros e mais!","author":"noticiasribeiraopreto.com.br","date":"17 de December de 2023","format":false,"excerpt":"Foto: Reprodu\u00e7\u00e3o sejaoceanica.gupy.io As vagas de emprego da Oce\u00e2nica s\u00e3o para as cidades do Rio de Janeiro, Maca\u00e9 e Rio das Ostras e s\u00e3o para diversos cargos e \u00e1reas. Confira abaixo como concorrer! Com atua\u00e7\u00e3o de 44 anos no mercado, a empresa brasileira Oce\u00e2nica \u00e9 l\u00edder em integridade de \u00f3leo\u2026","rel":"","context":"In &quot;Vagas de Emprego em Ribeir\u00e3o Preto-SP&quot;","block_context":{"text":"Vagas de Emprego em Ribeir\u00e3o Preto-SP","link":"https:\/\/noticiasribeiraopreto.com.br\/index.php\/category\/empregos-classificados-vagas-trabalho\/vagas-de-empregos-em-ribeirao-preto-regiao-brasil\/"},"img":{"alt_text":"","src":"https:\/\/i0.wp.com\/noticiasribeiraopreto.com.br\/wp-content\/uploads\/2023\/12\/2022-06-29_16-03_mainImage-1-830x450.png?fit=830%2C450&ssl=1&resize=350%2C200","width":350,"height":200,"srcset":"https:\/\/i0.wp.com\/noticiasribeiraopreto.com.br\/wp-content\/uploads\/2023\/12\/2022-06-29_16-03_mainImage-1-830x450.png?fit=830%2C450&ssl=1&resize=350%2C200 1x, https:\/\/i0.wp.com\/noticiasribeiraopreto.com.br\/wp-content\/uploads\/2023\/12\/2022-06-29_16-03_mainImage-1-830x450.png?fit=830%2C450&ssl=1&resize=525%2C300 1.5x, https:\/\/i0.wp.com\/noticiasribeiraopreto.com.br\/wp-content\/uploads\/2023\/12\/2022-06-29_16-03_mainImage-1-830x450.png?fit=830%2C450&ssl=1&resize=700%2C400 2x"},"classes":[]},{"id":15528,"url":"https:\/\/noticiasribeiraopreto.com.br\/index.php\/2023\/12\/13\/publicado-concurso-publico-com-38-vagas\/","url_meta":{"origin":20437,"position":5},"title":"publicado concurso p\u00fablico com 38 vagas","author":"noticiasribeiraopreto.com.br","date":"13 de December de 2023","format":false,"excerpt":"Saiu o edital do concurso da C\u00e2mara de Cabo Frio, situada no estado do Rio de Janeiro. Est\u00e3o em disputa 38 vagas efetivas, sendo uma reservada a pessoas com defici\u00eancia e sete aos negros e \u00edndios. Candidatos que conclu\u00edram o ensino fundamental podem se inscrever para as fun\u00e7\u00f5es de motorista\u2026","rel":"","context":"In &quot;Vagas de Emprego em Ribeir\u00e3o Preto-SP&quot;","block_context":{"text":"Vagas de Emprego em Ribeir\u00e3o Preto-SP","link":"https:\/\/noticiasribeiraopreto.com.br\/index.php\/category\/empregos-classificados-vagas-trabalho\/vagas-de-empregos-em-ribeirao-preto-regiao-brasil\/"},"img":{"alt_text":"","src":"https:\/\/i0.wp.com\/noticiasribeiraopreto.com.br\/wp-content\/uploads\/2023\/12\/concurso-camara-cabo-frio-divulgacao-1.jpg?fit=1200%2C675&ssl=1&resize=350%2C200","width":350,"height":200,"srcset":"https:\/\/i0.wp.com\/noticiasribeiraopreto.com.br\/wp-content\/uploads\/2023\/12\/concurso-camara-cabo-frio-divulgacao-1.jpg?fit=1200%2C675&ssl=1&resize=350%2C200 1x, https:\/\/i0.wp.com\/noticiasribeiraopreto.com.br\/wp-content\/uploads\/2023\/12\/concurso-camara-cabo-frio-divulgacao-1.jpg?fit=1200%2C675&ssl=1&resize=525%2C300 1.5x, https:\/\/i0.wp.com\/noticiasribeiraopreto.com.br\/wp-content\/uploads\/2023\/12\/concurso-camara-cabo-frio-divulgacao-1.jpg?fit=1200%2C675&ssl=1&resize=700%2C400 2x, https:\/\/i0.wp.com\/noticiasribeiraopreto.com.br\/wp-content\/uploads\/2023\/12\/concurso-camara-cabo-frio-divulgacao-1.jpg?fit=1200%2C675&ssl=1&resize=1050%2C600 3x"},"classes":[]}],"jetpack_sharing_enabled":true,"jetpack_shortlink":"https:\/\/wp.me\/peQAOb-5jD","_links":{"self":[{"href":"https:\/\/noticiasribeiraopreto.com.br\/index.php\/wp-json\/wp\/v2\/posts\/20437","targetHints":{"allow":["GET"]}}],"collection":[{"href":"https:\/\/noticiasribeiraopreto.com.br\/index.php\/wp-json\/wp\/v2\/posts"}],"about":[{"href":"https:\/\/noticiasribeiraopreto.com.br\/index.php\/wp-json\/wp\/v2\/types\/post"}],"author":[{"embeddable":true,"href":"https:\/\/noticiasribeiraopreto.com.br\/index.php\/wp-json\/wp\/v2\/users\/1"}],"replies":[{"embeddable":true,"href":"https:\/\/noticiasribeiraopreto.com.br\/index.php\/wp-json\/wp\/v2\/comments?post=20437"}],"version-history":[{"count":0,"href":"https:\/\/noticiasribeiraopreto.com.br\/index.php\/wp-json\/wp\/v2\/posts\/20437\/revisions"}],"wp:featuredmedia":[{"embeddable":true,"href":"https:\/\/noticiasribeiraopreto.com.br\/index.php\/wp-json\/wp\/v2\/media\/20438"}],"wp:attachment":[{"href":"https:\/\/noticiasribeiraopreto.com.br\/index.php\/wp-json\/wp\/v2\/media?parent=20437"}],"wp:term":[{"taxonomy":"category","embeddable":true,"href":"https:\/\/noticiasribeiraopreto.com.br\/index.php\/wp-json\/wp\/v2\/categories?post=20437"},{"taxonomy":"post_tag","embeddable":true,"href":"https:\/\/noticiasribeiraopreto.com.br\/index.php\/wp-json\/wp\/v2\/tags?post=20437"}],"curies":[{"name":"wp","href":"https:\/\/api.w.org\/{rel}","templated":true}]}}