{"id":20441,"date":"2023-12-25T14:49:45","date_gmt":"2023-12-25T17:49:45","guid":{"rendered":"https:\/\/noticiasribeiraopreto.com.br\/index.php\/2023\/12\/25\/como-sera-2024\/"},"modified":"2023-12-25T14:49:45","modified_gmt":"2023-12-25T17:49:45","slug":"como-sera-2024","status":"publish","type":"post","link":"https:\/\/noticiasribeiraopreto.com.br\/index.php\/2023\/12\/25\/como-sera-2024\/","title":{"rendered":"Como ser\u00e1 2024?\u00a0 &#8211; Jornal Tribuna Ribeir\u00e3o"},"content":{"rendered":"<div class='code-block code-block-1' style='margin: 8px 0 8px auto; text-align: right; display: block; clear: both;'>\n<p><a href=\"https:\/\/wa.link\/vpicfd\"><img data-recalc-dims=\"1\" class=\"wp-image-4922\" style=\"aspect-ratio: 2.0253164556962027; width: 561px; height: auto;\" src=\"https:\/\/i0.wp.com\/ismaelcolosi.com.br\/wp-content\/uploads\/2023\/11\/grupo-de-empregos-whatsapp-e-facebook-ismael-colosi-vagas.jpg?ssl=1\" alt=\"\" \/><\/a><\/p>\n<!-- \/wp:image -->\n<\/div>\n<p> <br \/>\n<\/p>\n<div>\n<p><span data-contrast=\"auto\">A pergunta que muitos se fazem nesta virada \u00e9: como ser\u00e1 o pr\u00f3ximo ano? O que esperar de 2024?<\/span><span data-ccp-props=\"{&quot;201341983&quot;:0,&quot;335551550&quot;:6,&quot;335551620&quot;:6,&quot;335559739&quot;:0,&quot;335559740&quot;:259}\">\u00a0<\/span><\/p>\n<p><span data-contrast=\"auto\">Para tentar responder, a reportagem do Tribuna Ribeir\u00e3o ouviu o que dizem a Astrologia, a Numerologia e Umbanda. Com sutis diversidades, a astr\u00f3loga Ana Clara Franzon, o pai de santo Marco de Ogum, a numer\u00f3loga Ana de \u00c9vora e a tar\u00f3loga Francislaine Costa apontam para um ano de transforma\u00e7\u00f5es, desafios e prosperidade em diversos setores.\u00a0<\/span><span data-ccp-props=\"{&quot;201341983&quot;:0,&quot;335551550&quot;:6,&quot;335551620&quot;:6,&quot;335559739&quot;:0,&quot;335559740&quot;:259}\">\u00a0<\/span><\/p>\n<p><span data-contrast=\"auto\">Fizemos as mesmas perguntas para os quatro especialistas no futuro.\u00a0<\/span><span data-ccp-props=\"{&quot;201341983&quot;:0,&quot;335551550&quot;:6,&quot;335551620&quot;:6,&quot;335559739&quot;:0,&quot;335559740&quot;:259}\">\u00a0<\/span><\/p>\n<p><span data-contrast=\"auto\">As elei\u00e7\u00f5es municipais prometem ser acirradas e apresentarem novidades, segundo eles. Na leitura do Baralho Cigano, Francislaine Costa prev\u00ea uma lideran\u00e7a feminina, que trar\u00e1 \u201cequil\u00edbrio, paz e transforma\u00e7\u00f5es, principalmente na \u00e1rea da educa\u00e7\u00e3o\u201d.<\/span><span data-ccp-props=\"{&quot;201341983&quot;:0,&quot;335551550&quot;:6,&quot;335551620&quot;:6,&quot;335559739&quot;:0,&quot;335559740&quot;:259}\">\u00a0<\/span><\/p>\n<p><span data-contrast=\"auto\">No futebol, o destaque ser\u00e1 o Tricolor. \u201cO Botafogo ter\u00e1 um ano promissor, marcado por destaque, estabilidade financeira e conquistas\u201d, afirma Ana de \u00c9vora. Enquanto isso, o Alvinegro enfrentar\u00e1 desafios importantes. \u201cPara o Comercial, o ano trar\u00e1 dificuldades, especialmente com contus\u00f5es e desafios em campo. No entanto, uma mudan\u00e7a financeira em 2025 promete uma melhora significativa\u201d, diz o Pai Marco de Ogum.<\/span><span data-ccp-props=\"{&quot;201341983&quot;:0,&quot;335551550&quot;:6,&quot;335551620&quot;:6,&quot;335559739&quot;:0,&quot;335559740&quot;:259}\">\u00a0<\/span><\/p>\n<p><span data-contrast=\"auto\">Em geral, concordam eles, o ano ser\u00e1 de prosperidade para Ribeir\u00e3o Preto. \u201c2024 ser\u00e1 regido por Saturno, indicando um ano prop\u00edcio para a estrutura\u00e7\u00e3o e consolida\u00e7\u00e3o de objetivos\u201d, garante Ana Clara Franzon.\u00a0<\/span><span data-ccp-props=\"{&quot;201341983&quot;:0,&quot;335551550&quot;:6,&quot;335551620&quot;:6,&quot;335559739&quot;:0,&quot;335559740&quot;:259}\">\u00a0<\/span><\/p>\n<p><span data-ccp-props=\"{&quot;201341983&quot;:0,&quot;335551550&quot;:6,&quot;335551620&quot;:6,&quot;335559739&quot;:0,&quot;335559740&quot;:259}\">\u00a0<\/span><b><span data-contrast=\"auto\">Elei\u00e7\u00f5es Municipais<\/span><\/b><span data-ccp-props=\"{&quot;201341983&quot;:0,&quot;335551550&quot;:6,&quot;335551620&quot;:6,&quot;335559739&quot;:160,&quot;335559740&quot;:259}\">\u00a0<\/span><\/p>\n<figure id=\"attachment_368356\" aria-describedby=\"caption-attachment-368356\" style=\"width: 167px\" class=\"wp-caption alignleft\"><noscript><img data-recalc-dims=\"1\" loading=\"lazy\" decoding=\"async\" class=\"wp-image-368356 size-medium\" src=\"https:\/\/i0.wp.com\/www.tribunaribeirao.com.br\/site\/wp-content\/uploads\/2023\/12\/4-Ana-Clara-Franzon-167x300.jpg?resize=167%2C300&#038;ssl=1\" alt=\"\" width=\"167\" height=\"300\" srcset=\"https:\/\/www.tribunaribeirao.com.br\/site\/wp-content\/uploads\/2023\/12\/4-Ana-Clara-Franzon-167x300.jpg 167w, https:\/\/www.tribunaribeirao.com.br\/site\/wp-content\/uploads\/2023\/12\/4-Ana-Clara-Franzon-571x1024.jpg 571w, https:\/\/www.tribunaribeirao.com.br\/site\/wp-content\/uploads\/2023\/12\/4-Ana-Clara-Franzon-223x400.jpg 223w, https:\/\/www.tribunaribeirao.com.br\/site\/wp-content\/uploads\/2023\/12\/4-Ana-Clara-Franzon-585x1049.jpg 585w, https:\/\/www.tribunaribeirao.com.br\/site\/wp-content\/uploads\/2023\/12\/4-Ana-Clara-Franzon-scaled.jpg 360w\" sizes=\"auto, (max-width: 167px) 100vw, 167px\"\/><\/noscript><figcaption id=\"caption-attachment-368356\" class=\"wp-caption-text\">Astr\u00f3loga Ana Clara Franzon<\/figcaption><\/figure>\n<p><b><span data-contrast=\"auto\">Ana Clara Franzon (@anaclarafranzon):<\/span><\/b> <span data-contrast=\"auto\">Ribeir\u00e3o Preto foi fundada em 19 de junho de 1856. Cidade Geminiana, que traz em suas previs\u00f5es para o ano uma prov\u00e1vel disputa no segundo turno para o cargo de prefeito. O mapa aponta novidades e poss\u00edveis reviravoltas nessa elei\u00e7\u00e3o.<\/span><span data-ccp-props=\"{&quot;201341983&quot;:0,&quot;335551550&quot;:6,&quot;335551620&quot;:6,&quot;335559739&quot;:160,&quot;335559740&quot;:259}\">\u00a0<\/span><\/p>\n<p><span data-contrast=\"auto\">De acordo com o Mapa do Ano, o Legislativo Municipal pode at\u00e9 passar por uma mudan\u00e7a em sua composi\u00e7\u00e3o, mas pouco expressiva. A casa astrol\u00f3gica referente \u00e0 C\u00e2mara est\u00e1 em um signo fixo, o que indica uma tend\u00eancia maior de manuten\u00e7\u00e3o e n\u00e3o de grandes mudan\u00e7as ou renova\u00e7\u00f5es.<\/span><span data-ccp-props=\"{&quot;201341983&quot;:0,&quot;335551550&quot;:6,&quot;335551620&quot;:6,&quot;335559739&quot;:160,&quot;335559740&quot;:259}\">\u00a0<\/span><\/p>\n<p><b><span data-contrast=\"auto\">Pai Marco de Ogum (@paidesantomarcodeogum):<\/span><\/b> <span data-contrast=\"auto\">2024 ser\u00e1 um ano de total renova\u00e7\u00e3o no cen\u00e1rio pol\u00edtico de Ribeir\u00e3o Preto. O prefeito eleito ser\u00e1 uma pessoa nova na pol\u00edtica e tamb\u00e9m em idade, que trar\u00e1 outra energia para nossa cidade.\u00a0 Ribeir\u00e3o Preto vai prosperar de uma forma nunca vista. A disputa ser\u00e1 \u00e1rdua. A velha pol\u00edtica estar\u00e1 em cima para conseguir se manter no poder, por\u00e9m, no segundo turno a renova\u00e7\u00e3o vir\u00e1!<\/span><span data-ccp-props=\"{&quot;201341983&quot;:0,&quot;335551550&quot;:6,&quot;335551620&quot;:6,&quot;335559739&quot;:160,&quot;335559740&quot;:259}\">\u00a0<\/span><\/p>\n<p><span data-contrast=\"auto\">Na C\u00e2mara Municipal, 70% dos vereadores se manter\u00e3o, mas os novos integrantes ser\u00e3o de uma bancada totalmente inesperada, mudando bastante a vis\u00e3o da casa sobre muitos assuntos.<\/span><span data-ccp-props=\"{&quot;201341983&quot;:0,&quot;335551550&quot;:6,&quot;335551620&quot;:6,&quot;335559739&quot;:160,&quot;335559740&quot;:259}\">\u00a0<\/span><\/p>\n<figure id=\"attachment_368357\" aria-describedby=\"caption-attachment-368357\" style=\"width: 200px\" class=\"wp-caption alignleft\"><img data-recalc-dims=\"1\" loading=\"lazy\" decoding=\"async\" alt=\"\" width=\"200\" height=\"300\" srcset=\"https:\/\/www.tribunaribeirao.com.br\/site\/wp-content\/uploads\/2023\/12\/4-Ana-de-Evora-200x300.jpeg 200w, https:\/\/www.tribunaribeirao.com.br\/site\/wp-content\/uploads\/2023\/12\/4-Ana-de-Evora-683x1024.jpeg 683w, https:\/\/www.tribunaribeirao.com.br\/site\/wp-content\/uploads\/2023\/12\/4-Ana-de-Evora-768x1152.jpeg 768w, https:\/\/www.tribunaribeirao.com.br\/site\/wp-content\/uploads\/2023\/12\/4-Ana-de-Evora-267x400.jpeg 267w, https:\/\/www.tribunaribeirao.com.br\/site\/wp-content\/uploads\/2023\/12\/4-Ana-de-Evora-585x878.jpeg 585w, https:\/\/www.tribunaribeirao.com.br\/site\/wp-content\/uploads\/2023\/12\/4-Ana-de-Evora-scaled.jpeg 430w\" src=\"https:\/\/i0.wp.com\/www.tribunaribeirao.com.br\/site\/wp-content\/uploads\/2023\/12\/4-Ana-de-Evora-200x300.jpeg?resize=200%2C300&#038;ssl=1\" data-sizes=\"(max-width: 200px) 100vw, 200px\" class=\"wp-image-368357 size-medium lazyload\"\/><noscript><img data-recalc-dims=\"1\" loading=\"lazy\" decoding=\"async\" class=\"wp-image-368357 size-medium\" src=\"https:\/\/i0.wp.com\/www.tribunaribeirao.com.br\/site\/wp-content\/uploads\/2023\/12\/4-Ana-de-Evora-200x300.jpeg?resize=200%2C300&#038;ssl=1\" alt=\"\" width=\"200\" height=\"300\" srcset=\"https:\/\/www.tribunaribeirao.com.br\/site\/wp-content\/uploads\/2023\/12\/4-Ana-de-Evora-200x300.jpeg 200w, https:\/\/www.tribunaribeirao.com.br\/site\/wp-content\/uploads\/2023\/12\/4-Ana-de-Evora-683x1024.jpeg 683w, https:\/\/www.tribunaribeirao.com.br\/site\/wp-content\/uploads\/2023\/12\/4-Ana-de-Evora-768x1152.jpeg 768w, https:\/\/www.tribunaribeirao.com.br\/site\/wp-content\/uploads\/2023\/12\/4-Ana-de-Evora-267x400.jpeg 267w, https:\/\/www.tribunaribeirao.com.br\/site\/wp-content\/uploads\/2023\/12\/4-Ana-de-Evora-585x878.jpeg 585w, https:\/\/www.tribunaribeirao.com.br\/site\/wp-content\/uploads\/2023\/12\/4-Ana-de-Evora-scaled.jpeg 430w\" sizes=\"auto, (max-width: 200px) 100vw, 200px\"\/><\/noscript><figcaption id=\"caption-attachment-368357\" class=\"wp-caption-text\">Numer\u00f3logha Ana de \u00c9vora<\/figcaption><\/figure>\n<p><b><span data-contrast=\"auto\">Ana de \u00c9vora (@anadeevoraoficial):<\/span><\/b> <span data-contrast=\"auto\">O tar\u00f4 mostra transforma\u00e7\u00e3o na prefeitura, o que inclui diversos projetos e propostas ambiciosas. \u00c9 como se Ribeir\u00e3o Preto voltasse a ser notada. Tamb\u00e9m vejo uma disputa acirrada. N\u00e3o vai ser f\u00e1cil ganhar a confian\u00e7a e o cora\u00e7\u00e3o do ribeir\u00e3o-pretano. A expectativa para a nova gest\u00e3o inclui o crescimento e a prosperidade, al\u00e9m, como eu falei, de visibilidade para nossa cidade. Empresas querendo investir aqui, por exemplo, sendo poss\u00edvel aguardar uma melhora significativa no nosso com\u00e9rcio ap\u00f3s o novo mandato.<\/span><span data-ccp-props=\"{&quot;201341983&quot;:0,&quot;335551550&quot;:6,&quot;335551620&quot;:6,&quot;335559739&quot;:160,&quot;335559740&quot;:259}\">\u00a0<\/span><\/p>\n<p><span data-contrast=\"auto\">Eu consigo enxergar que h\u00e1 ind\u00edcios de renova\u00e7\u00e3o na C\u00e2mara Municipal, mesmo que n\u00e3o seja de forma muito expressiva. Essas mudan\u00e7as, talvez, sejam sutis ali dentro. N\u00e3o vai ser uma grande mudan\u00e7a.<\/span><span data-ccp-props=\"{&quot;201341983&quot;:0,&quot;335551550&quot;:6,&quot;335551620&quot;:6,&quot;335559739&quot;:160,&quot;335559740&quot;:259}\">\u00a0<\/span><\/p>\n<p><b><span data-contrast=\"auto\">Francislaine Costa (@francisllainec):<\/span><\/b> <span data-contrast=\"auto\">Teremos novidade na prefeitura! E a novidade que aparece aqui \u00e9 uma mulher, pode ser mulher ou um homem com energia feminina. Isso significa que \u00e9 um homem em cujo equil\u00edbrio a emo\u00e7\u00e3o \u00e9 um pouco maior do que a raz\u00e3o. Mas a energia que prevalece \u00e9 feminina, por isso creio que seja mulher sim! Ser\u00e1 uma \u00f3tima governanta e trar\u00e1 paz, equil\u00edbrio, estudo e muita mudan\u00e7a, principalmente na \u00e1rea da educa\u00e7\u00e3o.<\/span><span data-ccp-props=\"{&quot;201341983&quot;:0,&quot;335551550&quot;:6,&quot;335551620&quot;:6,&quot;335559739&quot;:160,&quot;335559740&quot;:259}\">\u00a0<\/span><\/p>\n<figure id=\"attachment_368358\" aria-describedby=\"caption-attachment-368358\" style=\"width: 167px\" class=\"wp-caption alignleft\"><img data-recalc-dims=\"1\" loading=\"lazy\" decoding=\"async\" alt=\"\" width=\"167\" height=\"300\" srcset=\"https:\/\/www.tribunaribeirao.com.br\/site\/wp-content\/uploads\/2023\/12\/4-Francislaine-Costa-167x300.jpeg 167w, https:\/\/www.tribunaribeirao.com.br\/site\/wp-content\/uploads\/2023\/12\/4-Francislaine-Costa-570x1024.jpeg 570w, https:\/\/www.tribunaribeirao.com.br\/site\/wp-content\/uploads\/2023\/12\/4-Francislaine-Costa-223x400.jpeg 223w, https:\/\/www.tribunaribeirao.com.br\/site\/wp-content\/uploads\/2023\/12\/4-Francislaine-Costa-585x1051.jpeg 585w, https:\/\/www.tribunaribeirao.com.br\/site\/wp-content\/uploads\/2023\/12\/4-Francislaine-Costa-scaled.jpeg 359w\" src=\"https:\/\/i0.wp.com\/www.tribunaribeirao.com.br\/site\/wp-content\/uploads\/2023\/12\/4-Francislaine-Costa-167x300.jpeg?resize=167%2C300&#038;ssl=1\" data-sizes=\"(max-width: 167px) 100vw, 167px\" class=\"wp-image-368358 size-medium lazyload\"\/><noscript><img data-recalc-dims=\"1\" loading=\"lazy\" decoding=\"async\" class=\"wp-image-368358 size-medium\" src=\"https:\/\/i0.wp.com\/www.tribunaribeirao.com.br\/site\/wp-content\/uploads\/2023\/12\/4-Francislaine-Costa-167x300.jpeg?resize=167%2C300&#038;ssl=1\" alt=\"\" width=\"167\" height=\"300\" srcset=\"https:\/\/www.tribunaribeirao.com.br\/site\/wp-content\/uploads\/2023\/12\/4-Francislaine-Costa-167x300.jpeg 167w, https:\/\/www.tribunaribeirao.com.br\/site\/wp-content\/uploads\/2023\/12\/4-Francislaine-Costa-570x1024.jpeg 570w, https:\/\/www.tribunaribeirao.com.br\/site\/wp-content\/uploads\/2023\/12\/4-Francislaine-Costa-223x400.jpeg 223w, https:\/\/www.tribunaribeirao.com.br\/site\/wp-content\/uploads\/2023\/12\/4-Francislaine-Costa-585x1051.jpeg 585w, https:\/\/www.tribunaribeirao.com.br\/site\/wp-content\/uploads\/2023\/12\/4-Francislaine-Costa-scaled.jpeg 359w\" sizes=\"auto, (max-width: 167px) 100vw, 167px\"\/><\/noscript><figcaption id=\"caption-attachment-368358\" class=\"wp-caption-text\">Tar\u00f3loga Francislaine Costa<\/figcaption><\/figure>\n<p><span data-contrast=\"auto\">Na C\u00e2mara de Vereadores vejo muita mudan\u00e7a, mas em quantidade. Haver\u00e1 troca, mas muitos que t\u00eam ra\u00edzes e j\u00e1 s\u00e3o da casa permanecer\u00e3o. Ser\u00e1 um ano de muito trabalho e de v\u00e1rias descobertas. Pode ser que alguma coisa aconte\u00e7a e fragiliza os que est\u00e3o atualmente trabalhando. Projetos alheios ou coisas erradas podem vir \u00e0 tona no pr\u00f3ximo ano, o que pode enfraquecer a reelei\u00e7\u00e3o de alguns.<\/span><span data-ccp-props=\"{&quot;201341983&quot;:0,&quot;335551550&quot;:6,&quot;335551620&quot;:6,&quot;335559739&quot;:160,&quot;335559740&quot;:259}\">\u00a0<\/span><\/p>\n<p><b><span data-contrast=\"auto\">Dupla Come-Fogo<\/span><\/b><span data-ccp-props=\"{&quot;201341983&quot;:0,&quot;335551550&quot;:6,&quot;335551620&quot;:6,&quot;335559739&quot;:160,&quot;335559740&quot;:259}\">\u00a0<\/span><\/p>\n<p><b><span data-contrast=\"auto\">Ana Clara Franzon (@anaclarafranzon):<\/span><\/b> <span data-contrast=\"auto\">Os times de futebol tamb\u00e9m t\u00eam mapa astral. E os analisando e tamb\u00e9m as revolu\u00e7\u00f5es solares conseguimos fazer previs\u00f5es para o ano de cada um. O Botafogo foi fundado no dia 12 de outubro de 1918, time libriano que traz em suas previs\u00f5es um pr\u00f3ximo ano promissor. O mapa astral aponta investimentos financeiros significativos que podem alavancar o clube. S\u00e3o aspectos que aconteceram tamb\u00e9m nos mapas do Botafogo em 2018 (ano que marcou o retorno para a S\u00e9rie B), se repetem esse ano, prevendo que 2024 pode ficar marcado positivamente na hist\u00f3ria do time, com conquistas e vit\u00f3rias importantes.\u00a0<\/span><span data-ccp-props=\"{&quot;201341983&quot;:0,&quot;335551550&quot;:6,&quot;335551620&quot;:6,&quot;335559739&quot;:160,&quot;335559740&quot;:259}\">\u00a0<\/span><\/p>\n<p><span data-contrast=\"auto\">O Comercial tamb\u00e9m \u00e9 um time libriano, pois nasceu no dia 10 de 10 de 1911. O momento astrol\u00f3gico atual do clube mostra uma casa 8 \u2018significativa\u2019. Essa \u00e9 casa das crises, mas tamb\u00e9m das renova\u00e7\u00f5es. Pode ser um primeiro semestre desafiador, mas com renova\u00e7\u00f5es importantes. O final de 2024 promete ser mais movimentado e com a\u00e7\u00f5es important\u00edssimas para o futuro do time.<\/span><span data-ccp-props=\"{&quot;201341983&quot;:0,&quot;335551550&quot;:6,&quot;335551620&quot;:6,&quot;335559739&quot;:160,&quot;335559740&quot;:259}\">\u00a0<\/span><\/p>\n<figure id=\"attachment_368359\" aria-describedby=\"caption-attachment-368359\" style=\"width: 224px\" class=\"wp-caption alignleft\"><img data-recalc-dims=\"1\" loading=\"lazy\" decoding=\"async\" alt=\"\" width=\"224\" height=\"300\" srcset=\"https:\/\/www.tribunaribeirao.com.br\/site\/wp-content\/uploads\/2023\/12\/4-Pai-Marco-de-Ogum-224x300.jpeg 224w, https:\/\/www.tribunaribeirao.com.br\/site\/wp-content\/uploads\/2023\/12\/4-Pai-Marco-de-Ogum-766x1024.jpeg 766w, https:\/\/www.tribunaribeirao.com.br\/site\/wp-content\/uploads\/2023\/12\/4-Pai-Marco-de-Ogum-768x1027.jpeg 768w, https:\/\/www.tribunaribeirao.com.br\/site\/wp-content\/uploads\/2023\/12\/4-Pai-Marco-de-Ogum-1149x1536.jpeg 1149w, https:\/\/www.tribunaribeirao.com.br\/site\/wp-content\/uploads\/2023\/12\/4-Pai-Marco-de-Ogum-480x645.jpeg 480w, https:\/\/www.tribunaribeirao.com.br\/site\/wp-content\/uploads\/2023\/12\/4-Pai-Marco-de-Ogum-280x376.jpeg 280w, https:\/\/www.tribunaribeirao.com.br\/site\/wp-content\/uploads\/2023\/12\/4-Pai-Marco-de-Ogum-960x1284.jpeg 960w, https:\/\/www.tribunaribeirao.com.br\/site\/wp-content\/uploads\/2023\/12\/4-Pai-Marco-de-Ogum-299x400.jpeg 299w, https:\/\/www.tribunaribeirao.com.br\/site\/wp-content\/uploads\/2023\/12\/4-Pai-Marco-de-Ogum-585x782.jpeg 585w, https:\/\/www.tribunaribeirao.com.br\/site\/wp-content\/uploads\/2023\/12\/4-Pai-Marco-de-Ogum-scaled.jpeg 482w\" src=\"https:\/\/i0.wp.com\/www.tribunaribeirao.com.br\/site\/wp-content\/uploads\/2023\/12\/4-Pai-Marco-de-Ogum-224x300.jpeg?resize=224%2C300&#038;ssl=1\" data-sizes=\"(max-width: 224px) 100vw, 224px\" class=\"wp-image-368359 size-medium lazyload\"\/><noscript><img data-recalc-dims=\"1\" loading=\"lazy\" decoding=\"async\" class=\"wp-image-368359 size-medium\" src=\"https:\/\/i0.wp.com\/www.tribunaribeirao.com.br\/site\/wp-content\/uploads\/2023\/12\/4-Pai-Marco-de-Ogum-224x300.jpeg?resize=224%2C300&#038;ssl=1\" alt=\"\" width=\"224\" height=\"300\" srcset=\"https:\/\/www.tribunaribeirao.com.br\/site\/wp-content\/uploads\/2023\/12\/4-Pai-Marco-de-Ogum-224x300.jpeg 224w, https:\/\/www.tribunaribeirao.com.br\/site\/wp-content\/uploads\/2023\/12\/4-Pai-Marco-de-Ogum-766x1024.jpeg 766w, https:\/\/www.tribunaribeirao.com.br\/site\/wp-content\/uploads\/2023\/12\/4-Pai-Marco-de-Ogum-768x1027.jpeg 768w, https:\/\/www.tribunaribeirao.com.br\/site\/wp-content\/uploads\/2023\/12\/4-Pai-Marco-de-Ogum-1149x1536.jpeg 1149w, https:\/\/www.tribunaribeirao.com.br\/site\/wp-content\/uploads\/2023\/12\/4-Pai-Marco-de-Ogum-480x645.jpeg 480w, https:\/\/www.tribunaribeirao.com.br\/site\/wp-content\/uploads\/2023\/12\/4-Pai-Marco-de-Ogum-280x376.jpeg 280w, https:\/\/www.tribunaribeirao.com.br\/site\/wp-content\/uploads\/2023\/12\/4-Pai-Marco-de-Ogum-960x1284.jpeg 960w, https:\/\/www.tribunaribeirao.com.br\/site\/wp-content\/uploads\/2023\/12\/4-Pai-Marco-de-Ogum-299x400.jpeg 299w, https:\/\/www.tribunaribeirao.com.br\/site\/wp-content\/uploads\/2023\/12\/4-Pai-Marco-de-Ogum-585x782.jpeg 585w, https:\/\/www.tribunaribeirao.com.br\/site\/wp-content\/uploads\/2023\/12\/4-Pai-Marco-de-Ogum-scaled.jpeg 482w\" sizes=\"auto, (max-width: 224px) 100vw, 224px\"\/><\/noscript><figcaption id=\"caption-attachment-368359\" class=\"wp-caption-text\">Pai Marco de Ogum<\/figcaption><\/figure>\n<p><b><span data-contrast=\"auto\">Pai Marco de Ogum (@paidesantomarcodeogum): <\/span><\/b><span data-contrast=\"auto\">O<\/span> <span data-contrast=\"auto\">Botafogo ainda estar\u00e1 em fase de estabiliza\u00e7\u00e3o. Ser\u00e1 um ano de muito trabalho para a diretoria e de mudan\u00e7as significativas. O ano pede calma e direcionamento s\u00e9rio.<\/span><span data-ccp-props=\"{&quot;201341983&quot;:0,&quot;335551550&quot;:6,&quot;335551620&quot;:6,&quot;335559739&quot;:160,&quot;335559740&quot;:259}\">\u00a0<\/span><\/p>\n<p><span data-contrast=\"auto\">No Comercial, os jogadores passar\u00e3o, em sua maioria, por dificuldades, dentro e fora de campo. Ano de muitas contus\u00f5es, muita dificuldade em campo. 2024 n\u00e3o ser\u00e1 um ano de conquistas. Em 2025, por\u00e9m, esse cen\u00e1rio se altera por conta de uma mudan\u00e7a financeira dentro do clube. E tudo come\u00e7a a convergir para uma melhora significativa.<\/span><span data-ccp-props=\"{&quot;201341983&quot;:0,&quot;335551550&quot;:6,&quot;335551620&quot;:6,&quot;335559739&quot;:160,&quot;335559740&quot;:259}\">\u00a0<\/span><\/p>\n<p><b><span data-contrast=\"auto\">Ana de \u00c9vora (@anadeevoraoficial): <\/span><\/b><span data-contrast=\"auto\">O Botafogo ter\u00e1 um 2024 promissor. Vejo muito a carta do Sol, que marca muito destaque, relev\u00e2ncia e estabilidade financeira e conquistas, inclusive de t\u00edtulos. O tar\u00f4 vem antecipando algumas movimenta\u00e7\u00f5es internas, indicando a possibilidade de substitui\u00e7\u00e3o de jogador, fazendo com que a equipe fique mais forte.\u00a0 Botafogo tem uma energia bem favor\u00e1vel para o pr\u00f3ximo ano.<\/span><span data-ccp-props=\"{&quot;201341983&quot;:0,&quot;335551550&quot;:6,&quot;335551620&quot;:6,&quot;335559739&quot;:160,&quot;335559740&quot;:259}\">\u00a0<\/span><\/p>\n<p><span data-contrast=\"auto\">J\u00e1 no Comercial a carta que prevalece aqui \u00e9 a da nuvem, que aponta um per\u00edodo mais dif\u00edcil, de instabilidade. As cartas mostram muitos altos e baixos e a previs\u00e3o \u00e9 de um cen\u00e1rio mais desafiador, que vai exigir mais do clube, fazendo com que eles tenham que se adaptar para superar eventuais obst\u00e1culos. Diferente do Botafogo, vejo o Comercial com uma energia mais baixa.\u00a0<\/span><span data-ccp-props=\"{&quot;201341983&quot;:0,&quot;335551550&quot;:6,&quot;335551620&quot;:6,&quot;335559739&quot;:160,&quot;335559740&quot;:259}\">\u00a0<\/span><\/p>\n<p><span data-contrast=\"auto\">Uma curiosidade: quando falamos sobre Numerologia, os dois times carregam o n\u00famero 5, que simboliza a liberdade, a aventura e a mudan\u00e7a. Essa energia para 2024 sugere que comecem a abra\u00e7ar novas oportunidades e estejam flex\u00edveis para coisas que v\u00e3o aparecer de positivo para ambos.<\/span><span data-ccp-props=\"{&quot;201341983&quot;:0,&quot;335551550&quot;:6,&quot;335551620&quot;:6,&quot;335559739&quot;:160,&quot;335559740&quot;:259}\">\u00a0<\/span><\/p>\n<p><b><span data-contrast=\"auto\">Francislaine Costa (@francisllainec): <\/span><\/b><span data-contrast=\"auto\">Haver\u00e1<\/span><span data-contrast=\"auto\">, de modo geral, mais patroc\u00ednio e desenvolvimento para os dois times. Mudan\u00e7a e entrada de dinheiro \u00e9 certa para o Botafogo. Pode ser que tenha uma renova\u00e7\u00e3o na presid\u00eancia ou de t\u00e9cnico. Algu\u00e9m grande precisar\u00e1 ser mudado logo no come\u00e7o do ano. Essa pessoa trar\u00e1 mais amor e mais ra\u00e7a. Novidades que v\u00e3o deixar um pouco, \u00e0 princ\u00edpio, os torcedores mais apreensivos, mas com o tempo se ter\u00e1 confian\u00e7a e dar\u00e1 certo, trazendo uma estrat\u00e9gia nova.\u00a0<\/span><span data-ccp-props=\"{&quot;201341983&quot;:0,&quot;335551550&quot;:6,&quot;335551620&quot;:6,&quot;335559739&quot;:160,&quot;335559740&quot;:259}\">\u00a0<\/span><\/p>\n<p><span data-contrast=\"auto\">No Comercial tamb\u00e9m haver\u00e1 mudan\u00e7a, e bem significativa. N\u00e3o vejo vit\u00f3rias, mas vejo investimento. O clube ter\u00e1 mais recursos para investir e vir\u00e1 uma parceria s\u00f3lida, talvez de um diretor ou t\u00e9cnico. Eu n\u00e3o consigo ver a import\u00e2ncia dessa pessoa que ser\u00e1 trocada, mas ser\u00e1 algu\u00e9m que vir\u00e1 com outro tipo de renova\u00e7\u00e3o administrativa, com um contrato s\u00f3lido e vai permanecer por um tempo maior, fazendo com que o que a ang\u00fastia e o medo do comercialino diminua.<\/span><span data-ccp-props=\"{&quot;201341983&quot;:0,&quot;335551550&quot;:6,&quot;335551620&quot;:6,&quot;335559739&quot;:160,&quot;335559740&quot;:259}\">\u00a0<\/span><\/p>\n<p><b><span data-contrast=\"auto\">O que esperar de 2024?<\/span><\/b><span data-ccp-props=\"{&quot;201341983&quot;:0,&quot;335551550&quot;:6,&quot;335551620&quot;:6,&quot;335559739&quot;:160,&quot;335559740&quot;:259}\">\u00a0<\/span><\/p>\n<p><b><span data-contrast=\"auto\">Ana Clara Franzon (@anaclarafranzon): <\/span><\/b><span data-contrast=\"auto\">Ser\u00e1 um ano regido por Saturno, representando um momento prop\u00edcio para a estrutura\u00e7\u00e3o e a consolida\u00e7\u00e3o de objetivos. Saturno pede paci\u00eancia e determina\u00e7\u00e3o, pois indica mudan\u00e7as lentas e graduais, mas muito importantes e significativas para o futuro. Por ser um ano onde as casas 3 e 5 se destacam para Ribeir\u00e3o, os setores de mobilidade urbana e intermunicipal, bem como art\u00edsticos, midi\u00e1ticos, esportivos e de entretenimento ganham for\u00e7a em 2024 e podem trazer grande visibilidade e avan\u00e7os para a cidade e a popula\u00e7\u00e3o!<\/span><span data-ccp-props=\"{&quot;201341983&quot;:0,&quot;335551550&quot;:6,&quot;335551620&quot;:6,&quot;335559739&quot;:160,&quot;335559740&quot;:259}\">\u00a0<\/span><\/p>\n<p><b><span data-contrast=\"auto\">Pai Marco de Ogum (@paidesantomarcodeogum): <\/span><\/b><span data-contrast=\"auto\">2024 ser\u00e1 de prosperidade financeira para o ribeir\u00e3o-pretano. O ano \u20188\u2019 para a cidade traz expans\u00e3o de riqueza e grandes realiza\u00e7\u00f5es. O com\u00e9rcio estar\u00e1 em alta, esse setor ter\u00e1 um crescimento m\u00e9dio de 15%. Teremos muitas expans\u00f5es dentro da cidade. Empresas come\u00e7ar\u00e3o a aumentar seu poder de negocia\u00e7\u00e3o na regi\u00e3o e fora do estado, trazendo para a cidade muitas oportunidades de emprego e abertura de novos empreendimentos. Aqueles que est\u00e3o esperando o momento certo para empreender, 2024 ser\u00e1 o ano para isso. A imanta\u00e7\u00e3o do ano pede para que a gente tire os projetos da gaveta e comece sem medo de ser feliz! Ramos em alta para os futuros empreendedores: finan\u00e7as; com\u00e9rcio de roupas e cal\u00e7ados; com\u00e9rcio de alimentos; e eventos em geral.<\/span><span data-ccp-props=\"{&quot;201341983&quot;:0,&quot;335551550&quot;:6,&quot;335551620&quot;:6,&quot;335559739&quot;:160,&quot;335559740&quot;:259}\">\u00a0<\/span><\/p>\n<p><b><span data-contrast=\"auto\">Ana de \u00c9vora (@anadeevoraoficial): <\/span><\/b><span data-contrast=\"auto\">As cartas do Sol e das Estrelas mostram um ano mais tranquilo para os ribeir\u00e3o-pretanos, sem muitas oscila\u00e7\u00f5es, diferente do que a gente experimentou em 2022 e 2023, cheios de altos e baixos. O foco principal aqui para energia e o mundo espiritual \u00e9 a recupera\u00e7\u00e3o financeira, tornando ent\u00e3o um ano muito prop\u00edcio para investimentos de uma forma geral. Para quem quiser investir ser\u00e1 um \u00f3timo ano. A carta que representa 2024 \u00e9 a da Justi\u00e7a. O arcano da justi\u00e7a, que indica um per\u00edodo de equil\u00edbrio, vem destacando que \u00e9 necess\u00e1rio fazer pausas estrat\u00e9gicas para avaliar os nossos caminhos e estabelecer novas metas.<\/span><span data-ccp-props=\"{&quot;201341983&quot;:0,&quot;335551550&quot;:6,&quot;335551620&quot;:6,&quot;335559739&quot;:160,&quot;335559740&quot;:259}\">\u00a0<\/span><\/p>\n<p><span data-contrast=\"auto\">J\u00e1 na \u00e1rea da sa\u00fade, a carta da Lua representa um crescimento significativo, resultando em melhorias no atendimento para a popula\u00e7\u00e3o de Ribeir\u00e3o Preto. A sa\u00fade tamb\u00e9m vai melhorar bastante, assim como observo movimenta\u00e7\u00e3o positiva na \u00e1rea da educa\u00e7\u00e3o, com bons projetos e expans\u00f5es, indicando um cen\u00e1rio bem promissor para o seu desenvolvimento.<\/span><span data-ccp-props=\"{&quot;201341983&quot;:0,&quot;335551550&quot;:6,&quot;335551620&quot;:6,&quot;335559739&quot;:160,&quot;335559740&quot;:259}\">\u00a0<\/span><\/p>\n<p><span data-contrast=\"auto\">Ou seja, 2024 promete ser um ano com estabilidade e vemos muito progresso para cidade, principalmente nas \u00e1reas financeira e da sa\u00fade.<\/span><span data-ccp-props=\"{&quot;201341983&quot;:0,&quot;335551550&quot;:6,&quot;335551620&quot;:6,&quot;335559739&quot;:160,&quot;335559740&quot;:259}\">\u00a0<\/span><\/p>\n<p><b><span data-contrast=\"auto\">Francislaine Costa (@francisllainec)<\/span><\/b><span data-contrast=\"auto\">: <\/span><span data-contrast=\"auto\">Ser\u00e1 um ano bom, de muito desenvolvimento e resolu\u00e7\u00e3o de problemas que estavam pendentes. Projetos que estavam engavetados ser\u00e3o concretizados. Os setores que vejo que v\u00e3o brilhar bastante s\u00e3o o mercado imobili\u00e1rio e a constru\u00e7\u00e3o civil. \u00c9 um ano dito que o pessoal vai adquirir raiz, coisas concretas. O baralho mostra o setor de casa e de fam\u00edlia. Ent\u00e3o, ter\u00e1 bastante gente saindo do aluguel e comprando um im\u00f3vel. Quem tiver planos para quitar um financiamento \u00e9 o ano ideal para isso. O que est\u00e1 interditado em 2024 ser\u00e1 liberado e trar\u00e1 essa harmonia para a cidade. Projetos que est\u00e3o parados v\u00e3o sair do papel!<\/span><span data-ccp-props=\"{&quot;201341983&quot;:0,&quot;335551550&quot;:6,&quot;335551620&quot;:6,&quot;335559739&quot;:160,&quot;335559740&quot;:259}\">\u00a0<\/span><\/p>\n<\/div>\n<p><br \/>\n<br \/><a href=\"https:\/\/www.tribunaribeirao.com.br\/site\/como-sera-2024\/\">Source link <\/a><\/p>\n<!-- CONTENT END 1 -->\n","protected":false},"excerpt":{"rendered":"<p>A pergunta que muitos se fazem nesta virada \u00e9: como ser\u00e1 o pr\u00f3ximo ano? O que esperar de 2024?\u00a0 Para tentar responder, a reportagem do&#8230;<\/p>\n","protected":false},"author":1,"featured_media":20442,"comment_status":"open","ping_status":"open","sticky":false,"template":"","format":"standard","meta":{"advanced_seo_description":"","jetpack_seo_html_title":"","jetpack_seo_noindex":false,"jetpack_post_was_ever_published":false,"_jetpack_newsletter_access":"","_jetpack_dont_email_post_to_subs":false,"_jetpack_newsletter_tier_id":0,"_jetpack_memberships_contains_paywalled_content":false,"_jetpack_memberships_contains_paid_content":false,"footnotes":"","jetpack_publicize_message":"","jetpack_publicize_feature_enabled":true,"jetpack_social_post_already_shared":true,"jetpack_social_options":{"image_generator_settings":{"template":"highway","default_image_id":0,"font":"","enabled":false},"version":2}},"categories":[11],"tags":[265,785,26,172,786],"class_list":["post-20441","post","type-post","status-publish","format-standard","has-post-thumbnail","hentry","category-noticias-de-ribeirao-preto-sp-e-regiao-ismael-colosi","tag-como","tag-jornal","tag-ribeirao","tag-sera","tag-tribuna"],"jetpack_publicize_connections":[],"jetpack_featured_media_url":"https:\/\/i0.wp.com\/noticiasribeiraopreto.com.br\/wp-content\/uploads\/2023\/12\/4-Previsoes-scaled.jpg?fit=968%2C645&ssl=1","jetpack-related-posts":[{"id":75879,"url":"https:\/\/noticiasribeiraopreto.com.br\/index.php\/2025\/08\/17\/tribuna-ribeirao-lanca-podcast-para-celebrar-30-anos-de-historia\/","url_meta":{"origin":20441,"position":0},"title":"Tribuna Ribeir\u00e3o lan\u00e7a podcast para celebrar 30 anos de hist\u00f3ria","author":"noticiasribeiraopreto.com.br","date":"17 de August de 2025","format":false,"excerpt":"17 de agosto de 2025 13:0017 de agosto de 2025 03:086 Compartilhar0 O Tribuna Ribeir\u00e3o acaba de lan\u00e7ar mais uma novidade para marcar as comemora\u00e7\u00f5es de seus 30 anos:o Podcast Tribuna Ribeir\u00e3o. A atra\u00e7\u00e3o ser\u00e1 conduzida pelos jornalistas Eduardo Ferrarri e Fabiano Ribeiro, e promete trazer conversas com convidados dos\u2026","rel":"","context":"In &quot;Not\u00edcias de Ribeir\u00e3o Preto-SP e Regi\u00e3o&quot;","block_context":{"text":"Not\u00edcias de Ribeir\u00e3o Preto-SP e Regi\u00e3o","link":"https:\/\/noticiasribeiraopreto.com.br\/index.php\/category\/noticias-de-ribeirao-preto-sp-e-regiao-ismael-colosi\/"},"img":{"alt_text":"","src":"https:\/\/i0.wp.com\/noticiasribeiraopreto.com.br\/wp-content\/uploads\/2025\/08\/podcast-tribuna-scaled.jpg?fit=1130%2C780&ssl=1&resize=350%2C200","width":350,"height":200,"srcset":"https:\/\/i0.wp.com\/noticiasribeiraopreto.com.br\/wp-content\/uploads\/2025\/08\/podcast-tribuna-scaled.jpg?fit=1130%2C780&ssl=1&resize=350%2C200 1x, https:\/\/i0.wp.com\/noticiasribeiraopreto.com.br\/wp-content\/uploads\/2025\/08\/podcast-tribuna-scaled.jpg?fit=1130%2C780&ssl=1&resize=525%2C300 1.5x, https:\/\/i0.wp.com\/noticiasribeiraopreto.com.br\/wp-content\/uploads\/2025\/08\/podcast-tribuna-scaled.jpg?fit=1130%2C780&ssl=1&resize=700%2C400 2x, https:\/\/i0.wp.com\/noticiasribeiraopreto.com.br\/wp-content\/uploads\/2025\/08\/podcast-tribuna-scaled.jpg?fit=1130%2C780&ssl=1&resize=1050%2C600 3x"},"classes":[]},{"id":75508,"url":"https:\/\/noticiasribeiraopreto.com.br\/index.php\/2025\/08\/10\/especiais-vao-contar-os-30-anos-do-tribuna-ribeirao\/","url_meta":{"origin":20441,"position":1},"title":"Especiais v\u00e3o contar os 30 Anos do Tribuna Ribeir\u00e3o","author":"noticiasribeiraopreto.com.br","date":"10 de August de 2025","format":false,"excerpt":"10 de agosto de 2025 10:0010 de agosto de 2025 00:0411 Compartilhar0 De setembro a dezembro deste ano, o jornalismo se debru\u00e7a sobre o que aconteceu na cidade que \u00e9 uma refer\u00eancia no pa\u00eds; Parceiros do projeto ganhar\u00e3o uma medalha personalizada com o Dino de Ribeir\u00e3o Material de apresenta\u00e7\u00e3o do\u2026","rel":"","context":"In &quot;Not\u00edcias de Ribeir\u00e3o Preto-SP e Regi\u00e3o&quot;","block_context":{"text":"Not\u00edcias de Ribeir\u00e3o Preto-SP e Regi\u00e3o","link":"https:\/\/noticiasribeiraopreto.com.br\/index.php\/category\/noticias-de-ribeirao-preto-sp-e-regiao-ismael-colosi\/"},"img":{"alt_text":"","src":"https:\/\/i0.wp.com\/noticiasribeiraopreto.com.br\/wp-content\/uploads\/2025\/08\/Tribuna30-scaled.jpg?fit=1200%2C650&ssl=1&resize=350%2C200","width":350,"height":200,"srcset":"https:\/\/i0.wp.com\/noticiasribeiraopreto.com.br\/wp-content\/uploads\/2025\/08\/Tribuna30-scaled.jpg?fit=1200%2C650&ssl=1&resize=350%2C200 1x, https:\/\/i0.wp.com\/noticiasribeiraopreto.com.br\/wp-content\/uploads\/2025\/08\/Tribuna30-scaled.jpg?fit=1200%2C650&ssl=1&resize=525%2C300 1.5x, https:\/\/i0.wp.com\/noticiasribeiraopreto.com.br\/wp-content\/uploads\/2025\/08\/Tribuna30-scaled.jpg?fit=1200%2C650&ssl=1&resize=700%2C400 2x, https:\/\/i0.wp.com\/noticiasribeiraopreto.com.br\/wp-content\/uploads\/2025\/08\/Tribuna30-scaled.jpg?fit=1200%2C650&ssl=1&resize=1050%2C600 3x"},"classes":[]},{"id":85097,"url":"https:\/\/noticiasribeiraopreto.com.br\/index.php\/2026\/04\/21\/sorteio-tribuna-ribeirao-guardias-do-k-pop\/","url_meta":{"origin":20441,"position":2},"title":"Sorteio Tribuna Ribeir\u00e3o \u2013 \u201cGuardi\u00e3s do K-POP\u201d","author":"noticiasribeiraopreto.com.br","date":"21 de April de 2026","format":false,"excerpt":"\r \r \r \r \r 21 de abril de 2026 12:15 \r Compartilhar0 \r O jornal Tribuna Ribeir\u00e3o promove sorteio de ingressos para o espet\u00e1culo \u201cGuardi\u00e3s do K-POP\u201d, que ser\u00e1 realizado no dia 26 de abril, \u00e0s 16h, no Teatro Municipal de Ribeir\u00e3o Preto. Para participar, \u00e9 necess\u00e1rio seguir o\u2026","rel":"","context":"In &quot;Not\u00edcias de Ribeir\u00e3o Preto-SP e Regi\u00e3o&quot;","block_context":{"text":"Not\u00edcias de Ribeir\u00e3o Preto-SP e Regi\u00e3o","link":"https:\/\/noticiasribeiraopreto.com.br\/index.php\/category\/noticias-de-ribeirao-preto-sp-e-regiao-ismael-colosi\/"},"img":{"alt_text":"","src":"https:\/\/i0.wp.com\/noticiasribeiraopreto.com.br\/wp-content\/uploads\/2026\/04\/K-POP-scaled.png?fit=624%2C780&ssl=1&resize=350%2C200","width":350,"height":200,"srcset":"https:\/\/i0.wp.com\/noticiasribeiraopreto.com.br\/wp-content\/uploads\/2026\/04\/K-POP-scaled.png?fit=624%2C780&ssl=1&resize=350%2C200 1x, https:\/\/i0.wp.com\/noticiasribeiraopreto.com.br\/wp-content\/uploads\/2026\/04\/K-POP-scaled.png?fit=624%2C780&ssl=1&resize=525%2C300 1.5x"},"classes":[]},{"id":22592,"url":"https:\/\/noticiasribeiraopreto.com.br\/index.php\/2023\/12\/30\/primeiros-colocados-avaliam-pesquisa-tribuna-ribeirao\/","url_meta":{"origin":20441,"position":3},"title":"Primeiros colocados avaliam pesquisa Tribuna Ribeir\u00e3o\u00a0","author":"noticiasribeiraopreto.com.br","date":"30 de December de 2023","format":false,"excerpt":"30 de dezembro de 2023 | 11:0029 de dezembro de 2023 | 17:20 0O deputado federal Ricardo Silva (PSD) e os vereadores Lincoln Fernandes (PDT) e Igor Oliveira (MDB), primeiros colocados na pesquisa de inten\u00e7\u00e3o de votos para prefeito de Ribeir\u00e3o Preto, nas elei\u00e7\u00f5es marcadas para o pr\u00f3ximo ano, avaliaram\u2026","rel":"","context":"In &quot;Not\u00edcias de Ribeir\u00e3o Preto-SP e Regi\u00e3o&quot;","block_context":{"text":"Not\u00edcias de Ribeir\u00e3o Preto-SP e Regi\u00e3o","link":"https:\/\/noticiasribeiraopreto.com.br\/index.php\/category\/noticias-de-ribeirao-preto-sp-e-regiao-ismael-colosi\/"},"img":{"alt_text":"","src":"https:\/\/i0.wp.com\/noticiasribeiraopreto.com.br\/wp-content\/uploads\/2023\/12\/urna.jpg?fit=1000%2C590&ssl=1&resize=350%2C200","width":350,"height":200,"srcset":"https:\/\/i0.wp.com\/noticiasribeiraopreto.com.br\/wp-content\/uploads\/2023\/12\/urna.jpg?fit=1000%2C590&ssl=1&resize=350%2C200 1x, https:\/\/i0.wp.com\/noticiasribeiraopreto.com.br\/wp-content\/uploads\/2023\/12\/urna.jpg?fit=1000%2C590&ssl=1&resize=525%2C300 1.5x, https:\/\/i0.wp.com\/noticiasribeiraopreto.com.br\/wp-content\/uploads\/2023\/12\/urna.jpg?fit=1000%2C590&ssl=1&resize=700%2C400 2x"},"classes":[]},{"id":78307,"url":"https:\/\/noticiasribeiraopreto.com.br\/index.php\/2025\/10\/08\/tribuna-ribeirao-estreia-podcast-com-entrevista-do-prefeito-ricardo-silva\/","url_meta":{"origin":20441,"position":4},"title":"Tribuna Ribeir\u00e3o estreia PodCast com entrevista do prefeito Ricardo Silva","author":"noticiasribeiraopreto.com.br","date":"8 de October de 2025","format":false,"excerpt":"8 de outubro de 2025 12:132 Compartilhar0 O PodCast Tribuna Ribeir\u00e3o estreou oficialmente nesta ter\u00e7a-feira, 8 de outubro, entrevistando o prefeito de Ribeir\u00e3o Preto, Ricardo Silva. Conduzido pelos jornalistas Eduardo Ferrari e Fabiano Ribeiro, o programa vai ao ar toda ter\u00e7a-feira, \u00e0s 18 horas, no canal oficial do jornal no\u2026","rel":"","context":"In &quot;Not\u00edcias de Ribeir\u00e3o Preto-SP e Regi\u00e3o&quot;","block_context":{"text":"Not\u00edcias de Ribeir\u00e3o Preto-SP e Regi\u00e3o","link":"https:\/\/noticiasribeiraopreto.com.br\/index.php\/category\/noticias-de-ribeirao-preto-sp-e-regiao-ismael-colosi\/"},"img":{"alt_text":"","src":"https:\/\/i0.wp.com\/noticiasribeiraopreto.com.br\/wp-content\/uploads\/2025\/10\/capa-site.jpg?fit=800%2C533&ssl=1&resize=350%2C200","width":350,"height":200,"srcset":"https:\/\/i0.wp.com\/noticiasribeiraopreto.com.br\/wp-content\/uploads\/2025\/10\/capa-site.jpg?fit=800%2C533&ssl=1&resize=350%2C200 1x, https:\/\/i0.wp.com\/noticiasribeiraopreto.com.br\/wp-content\/uploads\/2025\/10\/capa-site.jpg?fit=800%2C533&ssl=1&resize=525%2C300 1.5x, https:\/\/i0.wp.com\/noticiasribeiraopreto.com.br\/wp-content\/uploads\/2025\/10\/capa-site.jpg?fit=800%2C533&ssl=1&resize=700%2C400 2x"},"classes":[]},{"id":29194,"url":"https:\/\/noticiasribeiraopreto.com.br\/index.php\/2024\/01\/17\/camara-agenda-visitas-guiadas\/","url_meta":{"origin":20441,"position":5},"title":"C\u00e2mara agenda visitas guiadas\u00a0 &#8211; Jornal Tribuna Ribeir\u00e3o","author":"noticiasribeiraopreto.com.br","date":"17 de January de 2024","format":false,"excerpt":"17 de janeiro de 2024 | 17:0017 de janeiro de 2024 | 10:18 0A C\u00e2mara de Vereadores de Ribeir\u00e3o Preto abriu o per\u00edodo de agendamento para escolas p\u00fablicas e particulares interessadas em participar de visitas guiadas ao Legislativo por meio do Programa C\u00e2mara na Escola, criado h\u00e1 15 anos.\u00a0\u00a0O programa\u2026","rel":"","context":"In &quot;Not\u00edcias de Ribeir\u00e3o Preto-SP e Regi\u00e3o&quot;","block_context":{"text":"Not\u00edcias de Ribeir\u00e3o Preto-SP e Regi\u00e3o","link":"https:\/\/noticiasribeiraopreto.com.br\/index.php\/category\/noticias-de-ribeirao-preto-sp-e-regiao-ismael-colosi\/"},"img":{"alt_text":"","src":"https:\/\/i0.wp.com\/noticiasribeiraopreto.com.br\/wp-content\/uploads\/2024\/01\/Camara-Silvia-Morais-scaled.jpg?fit=1000%2C565&ssl=1&resize=350%2C200","width":350,"height":200,"srcset":"https:\/\/i0.wp.com\/noticiasribeiraopreto.com.br\/wp-content\/uploads\/2024\/01\/Camara-Silvia-Morais-scaled.jpg?fit=1000%2C565&ssl=1&resize=350%2C200 1x, https:\/\/i0.wp.com\/noticiasribeiraopreto.com.br\/wp-content\/uploads\/2024\/01\/Camara-Silvia-Morais-scaled.jpg?fit=1000%2C565&ssl=1&resize=525%2C300 1.5x, https:\/\/i0.wp.com\/noticiasribeiraopreto.com.br\/wp-content\/uploads\/2024\/01\/Camara-Silvia-Morais-scaled.jpg?fit=1000%2C565&ssl=1&resize=700%2C400 2x"},"classes":[]}],"jetpack_sharing_enabled":true,"jetpack_shortlink":"https:\/\/wp.me\/peQAOb-5jH","_links":{"self":[{"href":"https:\/\/noticiasribeiraopreto.com.br\/index.php\/wp-json\/wp\/v2\/posts\/20441","targetHints":{"allow":["GET"]}}],"collection":[{"href":"https:\/\/noticiasribeiraopreto.com.br\/index.php\/wp-json\/wp\/v2\/posts"}],"about":[{"href":"https:\/\/noticiasribeiraopreto.com.br\/index.php\/wp-json\/wp\/v2\/types\/post"}],"author":[{"embeddable":true,"href":"https:\/\/noticiasribeiraopreto.com.br\/index.php\/wp-json\/wp\/v2\/users\/1"}],"replies":[{"embeddable":true,"href":"https:\/\/noticiasribeiraopreto.com.br\/index.php\/wp-json\/wp\/v2\/comments?post=20441"}],"version-history":[{"count":0,"href":"https:\/\/noticiasribeiraopreto.com.br\/index.php\/wp-json\/wp\/v2\/posts\/20441\/revisions"}],"wp:featuredmedia":[{"embeddable":true,"href":"https:\/\/noticiasribeiraopreto.com.br\/index.php\/wp-json\/wp\/v2\/media\/20442"}],"wp:attachment":[{"href":"https:\/\/noticiasribeiraopreto.com.br\/index.php\/wp-json\/wp\/v2\/media?parent=20441"}],"wp:term":[{"taxonomy":"category","embeddable":true,"href":"https:\/\/noticiasribeiraopreto.com.br\/index.php\/wp-json\/wp\/v2\/categories?post=20441"},{"taxonomy":"post_tag","embeddable":true,"href":"https:\/\/noticiasribeiraopreto.com.br\/index.php\/wp-json\/wp\/v2\/tags?post=20441"}],"curies":[{"name":"wp","href":"https:\/\/api.w.org\/{rel}","templated":true}]}}