{"id":20446,"date":"2023-12-25T15:02:20","date_gmt":"2023-12-25T18:02:20","guid":{"rendered":"https:\/\/noticiasribeiraopreto.com.br\/index.php\/2023\/12\/25\/justica-absolveu-seis-politicos-acusados-pela-lava-jato-em-2023-veja-quem-sao\/"},"modified":"2023-12-25T15:02:20","modified_gmt":"2023-12-25T18:02:20","slug":"justica-absolveu-seis-politicos-acusados-pela-lava-jato-em-2023-veja-quem-sao","status":"publish","type":"post","link":"https:\/\/noticiasribeiraopreto.com.br\/index.php\/2023\/12\/25\/justica-absolveu-seis-politicos-acusados-pela-lava-jato-em-2023-veja-quem-sao\/","title":{"rendered":"Justi\u00e7a absolveu seis pol\u00edticos acusados pela Lava Jato em 2023; veja quem s\u00e3o"},"content":{"rendered":"<div class='code-block code-block-1' style='margin: 8px 0 8px auto; text-align: right; display: block; clear: both;'>\n<p><a href=\"https:\/\/wa.link\/vpicfd\"><img data-recalc-dims=\"1\" class=\"wp-image-4922\" style=\"aspect-ratio: 2.0253164556962027; width: 561px; height: auto;\" src=\"https:\/\/i0.wp.com\/ismaelcolosi.com.br\/wp-content\/uploads\/2023\/11\/grupo-de-empregos-whatsapp-e-facebook-ismael-colosi-vagas.jpg?ssl=1\" alt=\"\" \/><\/a><\/p>\n<!-- \/wp:image -->\n<\/div>\n<p> <br \/>\n<\/p>\n<div id=\"js-first-letter\">\n<p>Nove anos ap\u00f3s o in\u00edcio da <strong>Lava Jato<\/strong>, a for\u00e7a-tarefa <strong>\u2014<\/strong> que chegou a ser considerada o maior cerco a pol\u00edticos suspeitos de desvios de recursos p\u00fablicos da hist\u00f3ria <strong>\u2014<\/strong> acumula derrotas nos tribunais superiores do Pa\u00eds.<\/p>\n<p>Nesta ter\u00e7a-feira, 19, o ministro Dias Toffoli, do Supremo Tribunal Federal (STF), determinou a nulidade absoluta de todos os atos praticados em processos da Opera\u00e7\u00e3o Lava Jato contra o ex-governador do Paran\u00e1 Beto Richa (PSDB), atualmente deputado federal.<\/p>\n<p>Outros nomes denunciados tamb\u00e9m foram absolvidos ou tiveram condena\u00e7\u00f5es anuladas no decorrer de 2023: o ex-ministro Jos\u00e9 Dirceu, os ex-governadores do Rio Luiz Fernando Pez\u00e3o e S\u00e9rgio Cabral, o ex-presidente da C\u00e2mara Eduardo Cunha e o ex-deputado federal Andr\u00e9 Vargas.<\/p>\n<p>O ex-ministro Jos\u00e9 Dirceu, que comandou a Casa Civil no primeiro mandato do presidente Luiz In\u00e1cio Lula da Silva, foi absolvido no in\u00edcio de dezembro em uma a\u00e7\u00e3o penal da Opera\u00e7\u00e3o Lava Jato que se arrastava desde 2017. Ele foi acusado pela for\u00e7a-tarefa de lavar dinheiro de propina das empreiteiras UTC e Engevix.<\/p>\n<p>A decis\u00e3o foi tomada pelo juiz federal F\u00e1bio Nunes de Martino, que assumiu a 13.\u00aa Vara Federal de Curitiba. Ele concluiu que o Minist\u00e9rio P\u00fablico Federal errou na tipifica\u00e7\u00e3o dos crimes. Para o magistrado, o que os procuradores apontam como lavagem de dinheiro \u00e9, na verdade, corrup\u00e7\u00e3o.<\/p>\n<p>Martino assumiu em novembro a titularidade da 13.\u00aa Vara Criminal, base e origem da Lava Jato, que foi conduzida no auge pelo ex-juiz Sergio Moro, hoje senador (Uni\u00e3o-PR). Dessa forma, ele Martino se tornou respons\u00e1vel pelo que restou da Lava Jato, extinta em meio a acusa\u00e7\u00f5es de excessos. Uma das a\u00e7\u00f5es remanescentes era essa contra Dirceu.<\/p>\n<h3 class=\"wp-block-heading\" id=\"h-aposentadoria-com-previdencia-privada-ou-renda-qual-o-melhor-investimento-para-se-aposentar-bem\"><a href=\"https:\/\/www.youtube.com\/watch?v=U8vxYEvu6Ok\" target=\"_blank\" rel=\"noreferrer noopener\">APOSENTADORIA<\/a> COM PREVID\u00caNCIA PRIVADA OU RENDA+: QUAL O MELHOR INVESTIMENTO PARA SE APOSENTAR BEM?<\/h3>\n<figure class=\"wp-block-embed is-type-video is-provider-youtube wp-block-embed-youtube wp-embed-aspect-16-9 wp-has-aspect-ratio\">\n<p>\n<iframe loading=\"lazy\" title=\"APOSENTADORIA COM PREVID\u00caNCIA PRIVADA OU RENDA+: QUAL O MELHOR INVESTIMENTO PARA SE APOSENTAR BEM?\" width=\"500\" height=\"281\" src=\"https:\/\/www.youtube.com\/embed\/U8vxYEvu6Ok?feature=oembed\" frameborder=\"0\" allow=\"accelerometer; autoplay; clipboard-write; encrypted-media; gyroscope; picture-in-picture; web-share\" referrerpolicy=\"strict-origin-when-cross-origin\" allowfullscreen><\/iframe>\n<\/p>\n<\/figure>\n<h2 class=\"wp-block-heading\" id=\"h-os-outros-absolvidos-da-lava-jato\">Os outros absolvidos da Lava Jato<\/h2>\n<h3 class=\"wp-block-heading\" id=\"h-luiz-fernando-pezao\">Luiz Fernando Pez\u00e3o<\/h3>\n<p>A Justi\u00e7a Federal no Rio de Janeiro reformou, em abril, a senten\u00e7a do juiz federal Marcelo Bretas e absolveu o ex-governador do Rio de Janeiro Luiz Fernando Pez\u00e3o das acusa\u00e7\u00f5es de corrup\u00e7\u00e3o ativa e passiva, lavagem de dinheiro e participa\u00e7\u00e3o em organiza\u00e7\u00e3o criminosa decorrentes da vers\u00e3o fluminense da Lava Jato.<\/p>\n<p>Bretas, que est\u00e1 afastado do cargo de juiz da 7\u00aa Vara Federal Criminal do Rio por decis\u00e3o do Conselho Nacional de Justi\u00e7a, condenou Pez\u00e3o a 99 anos de pris\u00e3o por esses crimes, em 2021. A defesa do ex-governador recorreu e o Tribunal Regional Federal da 2\u00aa Regi\u00e3o (TRF-2) aceitou os argumentos e reformou a decis\u00e3o, livrando Pez\u00e3o das acusa\u00e7\u00f5es.<\/p>\n<h3 class=\"wp-block-heading\" id=\"h-sergio-cabral\">S\u00e9rgio Cabral<\/h3>\n<p>S\u00edmbolo da Lava Jato no Rio, o tamb\u00e9m ex-governador do Rio S\u00e9rgio Cabral, que chegou a ser condenado a mais de 400 anos de pris\u00e3o por casos de corrup\u00e7\u00e3o, se livrou de uma das acusa\u00e7\u00f5es em mar\u00e7o deste ano. Ele foi absolvido em um processo em que era acusado de receber propina de empreiteiras por irregularidades em licita\u00e7\u00f5es.<\/p>\n<p>Na senten\u00e7a, a ju\u00edza Maria Paula Gouv\u00eaa Galhardo, da 4\u00aa Vara da Fazenda P\u00fablica do Rio, apontou aus\u00eancia de provas e &#8220;atua\u00e7\u00e3o t\u00edmida do Minist\u00e9rio P\u00fablico no caso&#8221;.<\/p>\n<h3 class=\"wp-block-heading\" id=\"h-andre-vargas\">Andr\u00e9 Vargas<\/h3>\n<p>Em outro dos revezes do ex-juiz federal S\u00e9rgio Moro e da Lava Jato, a Segunda Turma do Supremo Tribunal Federal anulou,em setembro, uma condena\u00e7\u00e3o imposta ao ex-deputado federal Andr\u00e9 Vargas, um dos primeiros sentenciados no bojo da Opera\u00e7\u00e3o.<\/p>\n<p>O colegiado, com a relatoria do ministro Cristiano Zanin, estendeu os efeitos de um decis\u00e3o anterior da Corte m\u00e1xima e reconheceu a incompet\u00eancia da 13\u00aa Vara Federal de Curitiba para atuar no caso em que Vargas foi acusado de corrup\u00e7\u00e3o e lavagem de dinheiro por usar sua influ\u00eancia como deputado para atuar em contratos no \u00e2mbito da Caixa Econ\u00f4mica Federal.<\/p>\n<p>Vargas foi preso em abril de 2015, condenado a penas que somadas chegam a 15 anos pelos crimes de corrup\u00e7\u00e3o passiva e lavagem de dinheiro.<\/p>\n<h3 class=\"wp-block-heading\" id=\"h-eduardo-cunha\"><strong>Eduardo Cunha<\/strong><\/h3>\n<p>Em maio, a Segunda Turma do STF decidiu, por tr\u00eas votos a dois, anular uma das condena\u00e7\u00f5es do ex-presidente da C\u00e2mara dos Deputados Eduardo Cunha na Opera\u00e7\u00e3o Lava Jato, ap\u00f3s ver incompet\u00eancia da Justi\u00e7a Federal para julgar o processo. A senten\u00e7a derrubada pela Corte m\u00e1xima havia imposto 15 anos e onze meses de pris\u00e3o de pris\u00e3o a Cunha, por corrup\u00e7\u00e3o e lavagem de dinheiro.<\/p>\n<p>A a\u00e7\u00e3o que agora foi enviada para a Justi\u00e7a Eleitoral era a \u00faltima que tramitava na Justi\u00e7a Federal, no bojo da Lava Jato, contra Cunha. Agora cabe aos ju\u00edzes eleitorais analisarem as acusa\u00e7\u00f5es que pesam contra o ex-presidente da C\u00e2mara por delitos conexos \u00e0 esfera eleitoral.<\/p>\n<\/div>\n<p><br \/>\n<br \/><a href=\"https:\/\/www.seudinheiro.com\/2023\/politica\/justica-absolveu-seis-politicos-acusados-pela-lava-jato-em-2023-veja-quem-sao-lvit\/\">Source link <\/a><\/p>\n<!-- CONTENT END 1 -->\n","protected":false},"excerpt":{"rendered":"<p>Nove anos ap\u00f3s o in\u00edcio da Lava Jato, a for\u00e7a-tarefa \u2014 que chegou a ser considerada o maior cerco a pol\u00edticos suspeitos de desvios de&#8230;<\/p>\n","protected":false},"author":1,"featured_media":20447,"comment_status":"open","ping_status":"open","sticky":false,"template":"","format":"standard","meta":{"advanced_seo_description":"","jetpack_seo_html_title":"","jetpack_seo_noindex":false,"jetpack_post_was_ever_published":false,"_jetpack_newsletter_access":"","_jetpack_dont_email_post_to_subs":false,"_jetpack_newsletter_tier_id":0,"_jetpack_memberships_contains_paywalled_content":false,"_jetpack_memberships_contains_paid_content":false,"footnotes":"","jetpack_publicize_message":"","jetpack_publicize_feature_enabled":true,"jetpack_social_post_already_shared":true,"jetpack_social_options":{"image_generator_settings":{"template":"highway","default_image_id":0,"font":"","enabled":false},"version":2}},"categories":[1235],"tags":[],"class_list":["post-20446","post","type-post","status-publish","format-standard","has-post-thumbnail","hentry","category-dinheiro-e-investimento-como-fazer-como-ganhar"],"jetpack_publicize_connections":[],"jetpack_featured_media_url":"https:\/\/i0.wp.com\/noticiasribeiraopreto.com.br\/wp-content\/uploads\/2023\/12\/martelo-juiz-lei-1920x1080-628x353.jpg?fit=628%2C353&ssl=1","jetpack-related-posts":[{"id":79484,"url":"https:\/\/noticiasribeiraopreto.com.br\/index.php\/2025\/11\/02\/ex-ministro-comenta-caso-da-esquerdogata-em-ribeirao-preto\/","url_meta":{"origin":20446,"position":0},"title":"Ex-ministro comenta caso da Esquerdogata em Ribeir\u00e3o Preto","author":"noticiasribeiraopreto.com.br","date":"2 de November de 2025","format":false,"excerpt":"O ex-ministro da Casa Civil e dirigente do PT Jos\u00e9 Dirceu esteve em Ribeir\u00e3o Preto nesta semana e comentou a pris\u00e3o por desacato a autoridade cometido pela influencer e professora Aline Bardy Dutra, tamb\u00e9m chamada de Esquerdogata \u2013 ela j\u00e1 foi liberada. Aline \u00e9 filiada ao PT e ficou conhecida\u2026","rel":"","context":"In &quot;Not\u00edcias de Ribeir\u00e3o Preto-SP e Regi\u00e3o&quot;","block_context":{"text":"Not\u00edcias de Ribeir\u00e3o Preto-SP e Regi\u00e3o","link":"https:\/\/noticiasribeiraopreto.com.br\/index.php\/category\/noticias-de-ribeirao-preto-sp-e-regiao-ismael-colosi\/"},"img":{"alt_text":"","src":"https:\/\/i0.wp.com\/noticiasribeiraopreto.com.br\/wp-content\/uploads\/2025\/11\/jose-dirceu.webp.webp?fit=1170%2C700&ssl=1&resize=350%2C200","width":350,"height":200,"srcset":"https:\/\/i0.wp.com\/noticiasribeiraopreto.com.br\/wp-content\/uploads\/2025\/11\/jose-dirceu.webp.webp?fit=1170%2C700&ssl=1&resize=350%2C200 1x, https:\/\/i0.wp.com\/noticiasribeiraopreto.com.br\/wp-content\/uploads\/2025\/11\/jose-dirceu.webp.webp?fit=1170%2C700&ssl=1&resize=525%2C300 1.5x, https:\/\/i0.wp.com\/noticiasribeiraopreto.com.br\/wp-content\/uploads\/2025\/11\/jose-dirceu.webp.webp?fit=1170%2C700&ssl=1&resize=700%2C400 2x, https:\/\/i0.wp.com\/noticiasribeiraopreto.com.br\/wp-content\/uploads\/2025\/11\/jose-dirceu.webp.webp?fit=1170%2C700&ssl=1&resize=1050%2C600 3x"},"classes":[]},{"id":34392,"url":"https:\/\/noticiasribeiraopreto.com.br\/index.php\/2024\/02\/01\/delacoes-da-odebrecht-stf-suspende-pagamento-de-multa-bilionaria-do-acordo-com-a-operacao-lava-jato-e-pode-abrir-porta-para-outras-empreiteiras\/","url_meta":{"origin":20446,"position":1},"title":"Dela\u00e7\u00f5es da Odebrecht: STF suspende pagamento de multa bilion\u00e1ria do acordo com a Opera\u00e7\u00e3o Lava Jato \u2014 e pode abrir porta para outras empreiteiras","author":"noticiasribeiraopreto.com.br","date":"1 de February de 2024","format":false,"excerpt":"O ministro Dias Toffoli, do Supremo Tribunal Federal (STF), decidiu suspender o pagamento das parcelas do acordo bilion\u00e1rio de leni\u00eancia da Odebrecht \u2014 atual Novonor \u2014 com a Opera\u00e7\u00e3o Lava Jato. A Odebrecht assumiu o compromisso de pagar R$ 2,72 bilh\u00f5es ao longo de 20 anos. As autoridades respons\u00e1veis pela\u2026","rel":"","context":"In &quot;Dinheiro e Investimento&quot;","block_context":{"text":"Dinheiro e Investimento","link":"https:\/\/noticiasribeiraopreto.com.br\/index.php\/category\/dinheiro-e-investimento-como-fazer-como-ganhar\/"},"img":{"alt_text":"","src":"https:\/\/i0.wp.com\/noticiasribeiraopreto.com.br\/wp-content\/uploads\/2024\/02\/shutterstock_550164226-628x353.jpg?fit=628%2C353&ssl=1&resize=350%2C200","width":350,"height":200,"srcset":"https:\/\/i0.wp.com\/noticiasribeiraopreto.com.br\/wp-content\/uploads\/2024\/02\/shutterstock_550164226-628x353.jpg?fit=628%2C353&ssl=1&resize=350%2C200 1x, https:\/\/i0.wp.com\/noticiasribeiraopreto.com.br\/wp-content\/uploads\/2024\/02\/shutterstock_550164226-628x353.jpg?fit=628%2C353&ssl=1&resize=525%2C300 1.5x"},"classes":[]},{"id":75850,"url":"https:\/\/noticiasribeiraopreto.com.br\/index.php\/2025\/08\/16\/nunes-marques-desempata-e-mantem-anulacao-de-condenacoes-de-ex-prefeito-de-ribeirao-preto\/","url_meta":{"origin":20446,"position":2},"title":"Nunes Marques desempata e mant\u00e9m anula\u00e7\u00e3o de condena\u00e7\u00f5es de ex-prefeito de Ribeir\u00e3o Preto","author":"noticiasribeiraopreto.com.br","date":"16 de August de 2025","format":false,"excerpt":"O ministro do STF (Supremo Tribunal Federal) Kassio Nunes Marques acompanhou o relator Dias Toffoli e formou maioria para manter a anula\u00e7\u00e3o das provas e processos contra o ex-ministro e ex-prefeito de Ribeir\u00e3o Preto Antonio Palocci na Opera\u00e7\u00e3o Lava Jato, nesta sexta-feira (15). O placar ficou em 3 a 2,\u2026","rel":"","context":"In &quot;Not\u00edcias de Ribeir\u00e3o Preto-SP e Regi\u00e3o&quot;","block_context":{"text":"Not\u00edcias de Ribeir\u00e3o Preto-SP e Regi\u00e3o","link":"https:\/\/noticiasribeiraopreto.com.br\/index.php\/category\/noticias-de-ribeirao-preto-sp-e-regiao-ismael-colosi\/"},"img":{"alt_text":"","src":"https:\/\/i0.wp.com\/noticiasribeiraopreto.com.br\/wp-content\/uploads\/2025\/08\/palocci_2025-02-19_17-36-15_jpg_2025-02-19_17-36-15.webp.webp?fit=1170%2C700&ssl=1&resize=350%2C200","width":350,"height":200,"srcset":"https:\/\/i0.wp.com\/noticiasribeiraopreto.com.br\/wp-content\/uploads\/2025\/08\/palocci_2025-02-19_17-36-15_jpg_2025-02-19_17-36-15.webp.webp?fit=1170%2C700&ssl=1&resize=350%2C200 1x, https:\/\/i0.wp.com\/noticiasribeiraopreto.com.br\/wp-content\/uploads\/2025\/08\/palocci_2025-02-19_17-36-15_jpg_2025-02-19_17-36-15.webp.webp?fit=1170%2C700&ssl=1&resize=525%2C300 1.5x, https:\/\/i0.wp.com\/noticiasribeiraopreto.com.br\/wp-content\/uploads\/2025\/08\/palocci_2025-02-19_17-36-15_jpg_2025-02-19_17-36-15.webp.webp?fit=1170%2C700&ssl=1&resize=700%2C400 2x, https:\/\/i0.wp.com\/noticiasribeiraopreto.com.br\/wp-content\/uploads\/2025\/08\/palocci_2025-02-19_17-36-15_jpg_2025-02-19_17-36-15.webp.webp?fit=1170%2C700&ssl=1&resize=1050%2C600 3x"},"classes":[]},{"id":63699,"url":"https:\/\/noticiasribeiraopreto.com.br\/index.php\/2025\/02\/19\/stf-anula-processos-da-lava-jato-contra-ex-prefeito-de-ribeirao-preto\/","url_meta":{"origin":20446,"position":3},"title":"STF anula processos da Lava Jato contra ex-prefeito de Ribeir\u00e3o Preto","author":"noticiasribeiraopreto.com.br","date":"19 de February de 2025","format":false,"excerpt":"O ministro Dias Toffoli, do STF (Supremo Tribunal Federal), anulou os processos referentes \u00e0 Opera\u00e7\u00e3o Lava Jato contra o ex-prefeito de Ribeir\u00e3o Preto e ex-ministro Antonio Palocci Filho. A decis\u00e3o foi publicada nesta quarta-feira (19). O ex-prefeito de Ribeir\u00e3o Preto chegou a ser preso pela Pol\u00edcia Federal em 2016 ap\u00f3s\u2026","rel":"","context":"In &quot;Not\u00edcias de Ribeir\u00e3o Preto-SP e Regi\u00e3o&quot;","block_context":{"text":"Not\u00edcias de Ribeir\u00e3o Preto-SP e Regi\u00e3o","link":"https:\/\/noticiasribeiraopreto.com.br\/index.php\/category\/noticias-de-ribeirao-preto-sp-e-regiao-ismael-colosi\/"},"img":{"alt_text":"","src":"https:\/\/i0.wp.com\/noticiasribeiraopreto.com.br\/wp-content\/uploads\/2025\/02\/palocci_2025-02-19_17-36-15_jpg_2025-02-19_17-36-15.webp.webp?fit=1170%2C700&ssl=1&resize=350%2C200","width":350,"height":200,"srcset":"https:\/\/i0.wp.com\/noticiasribeiraopreto.com.br\/wp-content\/uploads\/2025\/02\/palocci_2025-02-19_17-36-15_jpg_2025-02-19_17-36-15.webp.webp?fit=1170%2C700&ssl=1&resize=350%2C200 1x, https:\/\/i0.wp.com\/noticiasribeiraopreto.com.br\/wp-content\/uploads\/2025\/02\/palocci_2025-02-19_17-36-15_jpg_2025-02-19_17-36-15.webp.webp?fit=1170%2C700&ssl=1&resize=525%2C300 1.5x, https:\/\/i0.wp.com\/noticiasribeiraopreto.com.br\/wp-content\/uploads\/2025\/02\/palocci_2025-02-19_17-36-15_jpg_2025-02-19_17-36-15.webp.webp?fit=1170%2C700&ssl=1&resize=700%2C400 2x, https:\/\/i0.wp.com\/noticiasribeiraopreto.com.br\/wp-content\/uploads\/2025\/02\/palocci_2025-02-19_17-36-15_jpg_2025-02-19_17-36-15.webp.webp?fit=1170%2C700&ssl=1&resize=1050%2C600 3x"},"classes":[]},{"id":45514,"url":"https:\/\/noticiasribeiraopreto.com.br\/index.php\/2024\/04\/04\/juiz-libera-imoveis-e-carros-de-ex-prefeito-de-ribeirao-preto-bloqueados-na-lava-jato\/","url_meta":{"origin":20446,"position":4},"title":"Juiz libera im\u00f3veis e carros de ex-prefeito de Ribeir\u00e3o Preto bloqueados na Lava Jato","author":"noticiasribeiraopreto.com.br","date":"4 de April de 2024","format":false,"excerpt":"A Justi\u00e7a Federal levantou o bloqueio aos im\u00f3veis e ve\u00edculos do ex-ministro e ex-prefeito de Ribeir\u00e3o Preto Antonio Palocci Filho e de sua empresa, a Projeto Consultoria, que haviam sido confiscados na Opera\u00e7\u00e3o Lava Jato. A decis\u00e3o \u00e9 do juiz Danilo Pereira J\u00fanior, da 13.\u00aa Vara Federal Criminal de Curitiba,\u2026","rel":"","context":"In &quot;Not\u00edcias de Ribeir\u00e3o Preto-SP e Regi\u00e3o&quot;","block_context":{"text":"Not\u00edcias de Ribeir\u00e3o Preto-SP e Regi\u00e3o","link":"https:\/\/noticiasribeiraopreto.com.br\/index.php\/category\/noticias-de-ribeirao-preto-sp-e-regiao-ismael-colosi\/"},"img":{"alt_text":"","src":"https:\/\/i0.wp.com\/noticiasribeiraopreto.com.br\/wp-content\/uploads\/2024\/04\/AnyConv.com__antonio-palocci.webp.webp?fit=1170%2C700&ssl=1&resize=350%2C200","width":350,"height":200,"srcset":"https:\/\/i0.wp.com\/noticiasribeiraopreto.com.br\/wp-content\/uploads\/2024\/04\/AnyConv.com__antonio-palocci.webp.webp?fit=1170%2C700&ssl=1&resize=350%2C200 1x, https:\/\/i0.wp.com\/noticiasribeiraopreto.com.br\/wp-content\/uploads\/2024\/04\/AnyConv.com__antonio-palocci.webp.webp?fit=1170%2C700&ssl=1&resize=525%2C300 1.5x, https:\/\/i0.wp.com\/noticiasribeiraopreto.com.br\/wp-content\/uploads\/2024\/04\/AnyConv.com__antonio-palocci.webp.webp?fit=1170%2C700&ssl=1&resize=700%2C400 2x, https:\/\/i0.wp.com\/noticiasribeiraopreto.com.br\/wp-content\/uploads\/2024\/04\/AnyConv.com__antonio-palocci.webp.webp?fit=1170%2C700&ssl=1&resize=1050%2C600 3x"},"classes":[]},{"id":79468,"url":"https:\/\/noticiasribeiraopreto.com.br\/index.php\/2025\/11\/02\/em-ribeirao-jose-dirceu-reforca-a-importancia-da-democracia\/","url_meta":{"origin":20446,"position":5},"title":"Em Ribeir\u00e3o, Jos\u00e9 Dirceu refor\u00e7a a import\u00e2ncia da democracia","author":"noticiasribeiraopreto.com.br","date":"2 de November de 2025","format":false,"excerpt":"Ex-ministro falou sobre seguran\u00e7a p\u00fablica, pol\u00edticas p\u00fablicas e democracia brasileira Por Pedro Ferro\/Especial para o Tribuna Ribeir\u00e3o Na \u00faltima quinta-feira (30), o ex-ministro da Casa Civil e dirigente do PT Jos\u00e9 Dirceu veio a Ribeir\u00e3o Preto para discursar em um encontro de membros do PT no Cineclube Cauim. Em entrevista\u2026","rel":"","context":"In &quot;Not\u00edcias de Ribeir\u00e3o Preto-SP e Regi\u00e3o&quot;","block_context":{"text":"Not\u00edcias de Ribeir\u00e3o Preto-SP e Regi\u00e3o","link":"https:\/\/noticiasribeiraopreto.com.br\/index.php\/category\/noticias-de-ribeirao-preto-sp-e-regiao-ismael-colosi\/"},"img":{"alt_text":"","src":"https:\/\/i0.wp.com\/noticiasribeiraopreto.com.br\/wp-content\/uploads\/2025\/11\/Jose-Dirceu-01-scaled.jpeg?fit=1157%2C780&ssl=1&resize=350%2C200","width":350,"height":200,"srcset":"https:\/\/i0.wp.com\/noticiasribeiraopreto.com.br\/wp-content\/uploads\/2025\/11\/Jose-Dirceu-01-scaled.jpeg?fit=1157%2C780&ssl=1&resize=350%2C200 1x, https:\/\/i0.wp.com\/noticiasribeiraopreto.com.br\/wp-content\/uploads\/2025\/11\/Jose-Dirceu-01-scaled.jpeg?fit=1157%2C780&ssl=1&resize=525%2C300 1.5x, https:\/\/i0.wp.com\/noticiasribeiraopreto.com.br\/wp-content\/uploads\/2025\/11\/Jose-Dirceu-01-scaled.jpeg?fit=1157%2C780&ssl=1&resize=700%2C400 2x, https:\/\/i0.wp.com\/noticiasribeiraopreto.com.br\/wp-content\/uploads\/2025\/11\/Jose-Dirceu-01-scaled.jpeg?fit=1157%2C780&ssl=1&resize=1050%2C600 3x"},"classes":[]}],"jetpack_sharing_enabled":true,"jetpack_shortlink":"https:\/\/wp.me\/peQAOb-5jM","_links":{"self":[{"href":"https:\/\/noticiasribeiraopreto.com.br\/index.php\/wp-json\/wp\/v2\/posts\/20446","targetHints":{"allow":["GET"]}}],"collection":[{"href":"https:\/\/noticiasribeiraopreto.com.br\/index.php\/wp-json\/wp\/v2\/posts"}],"about":[{"href":"https:\/\/noticiasribeiraopreto.com.br\/index.php\/wp-json\/wp\/v2\/types\/post"}],"author":[{"embeddable":true,"href":"https:\/\/noticiasribeiraopreto.com.br\/index.php\/wp-json\/wp\/v2\/users\/1"}],"replies":[{"embeddable":true,"href":"https:\/\/noticiasribeiraopreto.com.br\/index.php\/wp-json\/wp\/v2\/comments?post=20446"}],"version-history":[{"count":0,"href":"https:\/\/noticiasribeiraopreto.com.br\/index.php\/wp-json\/wp\/v2\/posts\/20446\/revisions"}],"wp:featuredmedia":[{"embeddable":true,"href":"https:\/\/noticiasribeiraopreto.com.br\/index.php\/wp-json\/wp\/v2\/media\/20447"}],"wp:attachment":[{"href":"https:\/\/noticiasribeiraopreto.com.br\/index.php\/wp-json\/wp\/v2\/media?parent=20446"}],"wp:term":[{"taxonomy":"category","embeddable":true,"href":"https:\/\/noticiasribeiraopreto.com.br\/index.php\/wp-json\/wp\/v2\/categories?post=20446"},{"taxonomy":"post_tag","embeddable":true,"href":"https:\/\/noticiasribeiraopreto.com.br\/index.php\/wp-json\/wp\/v2\/tags?post=20446"}],"curies":[{"name":"wp","href":"https:\/\/api.w.org\/{rel}","templated":true}]}}