{"id":20503,"date":"2023-12-25T18:42:35","date_gmt":"2023-12-25T21:42:35","guid":{"rendered":"https:\/\/noticiasribeiraopreto.com.br\/index.php\/2023\/12\/25\/supermercado-zona-sul-oferece-vagas-para-estagiario-a-auxiliar-e-mais\/"},"modified":"2023-12-25T18:42:35","modified_gmt":"2023-12-25T21:42:35","slug":"supermercado-zona-sul-oferece-vagas-para-estagiario-a-auxiliar-e-mais","status":"publish","type":"post","link":"https:\/\/noticiasribeiraopreto.com.br\/index.php\/2023\/12\/25\/supermercado-zona-sul-oferece-vagas-para-estagiario-a-auxiliar-e-mais\/","title":{"rendered":"Supermercado Zona Sul OFERECE vagas para Estagi\u00e1rio (a), Auxiliar e mais!"},"content":{"rendered":"<div class='code-block code-block-1' style='margin: 8px 0 8px auto; text-align: right; display: block; clear: both;'>\n<p><a href=\"https:\/\/wa.link\/vpicfd\"><img data-recalc-dims=\"1\" class=\"wp-image-4922\" style=\"aspect-ratio: 2.0253164556962027; width: 561px; height: auto;\" src=\"https:\/\/i0.wp.com\/ismaelcolosi.com.br\/wp-content\/uploads\/2023\/11\/grupo-de-empregos-whatsapp-e-facebook-ismael-colosi-vagas.jpg?ssl=1\" alt=\"\" \/><\/a><\/p>\n<!-- \/wp:image -->\n<\/div>\n<p> <br \/>\n<\/p>\n<div>\n<div>\n<p>O Supermercado Zona Sul, uma empresa brasileira e <a href=\"https:\/\/noticiasconcursos.com.br\/conheca-a-franquia-espetto-carioca-e-veja-como-ser-um-franqueado\/\">carioca<\/a>, que tem como meta superar as expectativas dos clientes, atrav\u00e9s da experi\u00eancia de compra e da mais ampla oferta de solu\u00e7\u00f5es, gerando valor aos acionistas, colaboradores e fornecedores, est\u00e1 com \u00f3timas vagas dispon\u00edveis:<\/p>\n<ul>\n<li>Estagi\u00e1rio (a) Cont\u00e1bil \u2013 Rio de Janeiro \u2013 RJ \u2013 Contabilidade;<\/li>\n<li>Operador (a) de Caixa \u2013 Rio de Janeiro \u2013 RJ \u2013 Lojas \/ Shopping;<\/li>\n<li>Auxiliar de Cozinha \u2013 Rio de Janeiro \u2013 RJ \u2013 Cozinha;<\/li>\n<li>Operador (a) de Separa\u00e7\u00e3o \u2013 Rio de Janeiro \u2013 RJ \u2013 Almoxarifado;<\/li>\n<li>Auxiliar de Cozinha \/ Pizzaiolo \u2013 Rio de Janeiro \u2013 RJ \u2013 Gastronomia;<\/li>\n<li>Banco de Talentos \u2013 Vagas em Loja (PCD) \u2013 Rio de Janeiro \u2013 RJ \u2013 Atendimento;<\/li>\n<li>Auxiliar de Cozinha ( Refeit\u00f3rio ) \u2013 Rio de Janeiro \u2013 RJ \u2013 Gastronomia;<\/li>\n<li>Assistente de Cozinha ( Refeit\u00f3rio ) \u2013 Rio de Janeiro \u2013 RJ -Gastronomia;<\/li>\n<li>Eletricista \u2013 Rio de Janeiro \u2013 RJ \u2013 Eletricista \/ Manuten\u00e7\u00e3o El\u00e9trica;<\/li>\n<li>Nutricionista Junior (Foco Em Produ\u00e7\u00e3o -UAN) \u2013 Rio de Janeiro \u2013 RJ \u2013 Cozinha;<\/li>\n<li>Atendente Balc\u00e3o \u2013 Padaria \u2013 Rio de Janeiro \u2013 RJ \u2013 Atendimento;<\/li>\n<li>Estagi\u00e1rio (a) de Nutri\u00e7\u00e3o \u2013 Rio de Janeiro \u2013 RJ \u2013 Nutri\u00e7\u00e3o;<\/li>\n<li>Analista da Seguran\u00e7a da Informa\u00e7\u00e3o JR \u2013 Rio de Janeiro \u2013 RJ \u2013 Seguran\u00e7a da Informa\u00e7\u00e3o;<\/li>\n<li>Repositor (a) de Mercearia \u2013 Rio de Janeiro \u2013 RJ \u2013 Distribui\u00e7\u00e3o, Recebimento e Expedi\u00e7\u00e3o.<\/li>\n<\/ul>\n<figure id=\"attachment_627538\" aria-describedby=\"caption-attachment-627538\" style=\"width: 1200px\" class=\"wp-caption alignnone\"><img data-recalc-dims=\"1\" fetchpriority=\"high\" decoding=\"async\" class=\"size-full wp-image-627538\" alt=\"Supermercado Zona Sul OFERECE vagas para Estagi\u00e1rio (a), Auxiliar e mais!\" width=\"1200\" height=\"800\" srcset=\"https:\/\/noticiasconcursos.com.br\/wp-content\/uploads\/2023\/05\/noticiasconcursos.com.br-supermercado-zona-sul-abre-vagas-para-acougueiro-auxiliar-e-mais-amo-rio-fachada-zona-sul-machado-assis.jpg 1200w, https:\/\/noticiasconcursos.com.br\/wp-content\/uploads\/2023\/05\/noticiasconcursos.com.br-supermercado-zona-sul-abre-vagas-para-acougueiro-auxiliar-e-mais-amo-rio-fachada-zona-sul-machado-assis-300x200.jpg 300w, https:\/\/noticiasconcursos.com.br\/wp-content\/uploads\/2023\/05\/noticiasconcursos.com.br-supermercado-zona-sul-abre-vagas-para-acougueiro-auxiliar-e-mais-amo-rio-fachada-zona-sul-machado-assis-1024x683.jpg 1024w, https:\/\/noticiasconcursos.com.br\/wp-content\/uploads\/2023\/05\/noticiasconcursos.com.br-supermercado-zona-sul-abre-vagas-para-acougueiro-auxiliar-e-mais-amo-rio-fachada-zona-sul-machado-assis-768x512.jpg 768w\" data-lazy-sizes=\"(max-width: 1200px) 100vw, 1200px\" src=\"https:\/\/i0.wp.com\/noticiasconcursos.com.br\/wp-content\/uploads\/2023\/05\/noticiasconcursos.com.br-supermercado-zona-sul-abre-vagas-para-acougueiro-auxiliar-e-mais-amo-rio-fachada-zona-sul-machado-assis.jpg?resize=1200%2C800&#038;ssl=1\"\/><noscript><img data-recalc-dims=\"1\" fetchpriority=\"high\" decoding=\"async\" class=\"size-full wp-image-627538\" src=\"https:\/\/i0.wp.com\/noticiasconcursos.com.br\/wp-content\/uploads\/2023\/05\/noticiasconcursos.com.br-supermercado-zona-sul-abre-vagas-para-acougueiro-auxiliar-e-mais-amo-rio-fachada-zona-sul-machado-assis.jpg?resize=1200%2C800&#038;ssl=1\" alt=\"Supermercado Zona Sul OFERECE vagas para Estagi\u00e1rio (a), Auxiliar e mais!\" width=\"1200\" height=\"800\" srcset=\"https:\/\/noticiasconcursos.com.br\/wp-content\/uploads\/2023\/05\/noticiasconcursos.com.br-supermercado-zona-sul-abre-vagas-para-acougueiro-auxiliar-e-mais-amo-rio-fachada-zona-sul-machado-assis.jpg 1200w, https:\/\/noticiasconcursos.com.br\/wp-content\/uploads\/2023\/05\/noticiasconcursos.com.br-supermercado-zona-sul-abre-vagas-para-acougueiro-auxiliar-e-mais-amo-rio-fachada-zona-sul-machado-assis-300x200.jpg 300w, https:\/\/noticiasconcursos.com.br\/wp-content\/uploads\/2023\/05\/noticiasconcursos.com.br-supermercado-zona-sul-abre-vagas-para-acougueiro-auxiliar-e-mais-amo-rio-fachada-zona-sul-machado-assis-1024x683.jpg 1024w, https:\/\/noticiasconcursos.com.br\/wp-content\/uploads\/2023\/05\/noticiasconcursos.com.br-supermercado-zona-sul-abre-vagas-para-acougueiro-auxiliar-e-mais-amo-rio-fachada-zona-sul-machado-assis-768x512.jpg 768w\" sizes=\"(max-width: 1200px) 100vw, 1200px\"\/><\/noscript><figcaption id=\"caption-attachment-627538\" class=\"wp-caption-text\">Zona Sul \u00e9 refer\u00eancia na capital fluminense. Foto: Divulga\u00e7\u00e3o \/ Site Oficial.<\/figcaption><\/figure>\n<h3><strong>Mais sobre o Supermercado Zona Sul\u00a0<\/strong><\/h3>\n<p>Sobre o Supermercado Zona Sul, vale a pena ressaltar que, atualmente, com faturamento de aproximadamente 2 bilh\u00f5es de reais por ano e sendo uma das 400 maiores empresas do <a href=\"https:\/\/noticiasconcursos.com.br\/housi-abre-vagas-hibridas-no-sudeste-do-brasil\/\">Brasil<\/a>, possui 46 lojas subdivididas em tr\u00eas distintas propostas:<\/p>\n<ul>\n<li>Lojas Zona Sul, distribu\u00eddas pelos v\u00e1rios bairros da regi\u00e3o Zona Sul do Rio de Janeiro, Barra da Tijuca, Recreio e uma unidade na cidade-balne\u00e1rio de Angra dos Reis;<\/li>\n<li>Mega Box, pautado no modelo de atacarejo;<\/li>\n<li>E-commerce Zona Sul, pioneiro no setor supermercadista online.<\/li>\n<\/ul>\n<p>No \u00e2mbito de recursos humanos, o maior ativo da empresa, s\u00e3o mais de 6.500 empregos diretos e mais de 20.000 empregos <a href=\"https:\/\/noticiasconcursos.com.br\/empreendedorismo-impactos-diretos-e-indiretos-devem-ser-considerados-pela-gestao\/\">indiretos<\/a>.<\/p>\n<h3><strong>Confira quais s\u00e3o os benef\u00edcios<\/strong><\/h3>\n<ul>\n<li>Vale-transporte;<\/li>\n<li>B\u00f4nus por resultado;<\/li>\n<li>Assist\u00eancia odontol\u00f3gica;<\/li>\n<li>Participa\u00e7\u00e3o nos lucros;<\/li>\n<li>Assist\u00eancia m\u00e9dica;<\/li>\n<li>Refei\u00e7\u00e3o no local.<\/li>\n<\/ul>\n<div class=\"bs-irp left bs-irp-thumbnail-1\">\n<p>&#13;<br \/><span class=\"h-text heading-typo\">Voc\u00ea tamb\u00e9m pode gostar:<\/span>&#13; <\/p>\n<\/p><\/div>\n<h3><strong>Como enviar o seu curr\u00edculo?<\/strong><\/h3>\n<p>Como voc\u00ea j\u00e1 p\u00f4de verificar a lista de cargos do <strong>Supermercado Zona Sul<\/strong>, a inscri\u00e7\u00e3o acontece de forma bastante intuitiva e r\u00e1pida. Voc\u00ea s\u00f3 precisa <strong><em><a href=\"https:\/\/www.infojobs.com.br\/super-mercado-zona-sul\/vagas\" target=\"_blank\" rel=\"noopener\">acessar este link<\/a><\/em><\/strong> para ir automaticamente \u00e0 p\u00e1gina da <strong>InfoJobs<\/strong>.<\/p>\n<p>Por l\u00e1, \u00e9 s\u00f3 conferir todos os detalhes referentes \u00e0 vaga (requisitos, fun\u00e7\u00f5es, benef\u00edcios, hor\u00e1rio de trabalho, etc..) com aten\u00e7\u00e3o e se candidatar.<\/p>\n<p>Acesse agora mesmo o\u00a0<strong>Not\u00edcias Concursos<\/strong>\u00a0para se manter inteirado(a) em todas as principais not\u00edcias do pa\u00eds e ainda ficar ligado(a) nas diversas vagas de empregos espalhadas pelo\u00a0Brasil!<\/p>\n<\/p><\/div>\n<p><a href=\"https:\/\/noticiasconcursos.com.br\/supermercado-zona-sul-oferece-vagas-para-estagiario-a-auxiliar-e-mais\/\">Source link <\/a><\/p>\n<\/p><\/div>\n<p><br \/>\n<br \/><a href=\"https:\/\/ismaelcolosi.com.br\/supermercado-zona-sul-oferece-vagas-para-estagiario-a-auxiliar-e-mais\/\">Source link <\/a><\/p>\n<!-- CONTENT END 1 -->\n","protected":false},"excerpt":{"rendered":"<p>O Supermercado Zona Sul, uma empresa brasileira e carioca, que tem como meta superar as expectativas dos clientes, atrav\u00e9s da experi\u00eancia de compra e da&#8230;<\/p>\n","protected":false},"author":1,"featured_media":20504,"comment_status":"open","ping_status":"open","sticky":false,"template":"","format":"standard","meta":{"advanced_seo_description":"","jetpack_seo_html_title":"","jetpack_seo_noindex":false,"jetpack_post_was_ever_published":false,"_jetpack_newsletter_access":"","_jetpack_dont_email_post_to_subs":false,"_jetpack_newsletter_tier_id":0,"_jetpack_memberships_contains_paywalled_content":false,"_jetpack_memberships_contains_paid_content":false,"footnotes":"","jetpack_publicize_message":"","jetpack_publicize_feature_enabled":true,"jetpack_social_post_already_shared":true,"jetpack_social_options":{"image_generator_settings":{"template":"highway","default_image_id":0,"font":"","enabled":false},"version":2}},"categories":[7],"tags":[],"class_list":["post-20503","post","type-post","status-publish","format-standard","has-post-thumbnail","hentry","category-vagas-de-empregos-em-ribeirao-preto-regiao-brasil"],"jetpack_publicize_connections":[],"jetpack_featured_media_url":"https:\/\/i0.wp.com\/noticiasribeiraopreto.com.br\/wp-content\/uploads\/2023\/12\/noticiasconcursos.com_.br-supermercado-zona-sul-abre-vagas-para-acougueiro-auxiliar-e-mais-amo-rio-fachada-zona-sul-machado-assis.jpg?fit=1200%2C800&ssl=1","jetpack-related-posts":[{"id":19956,"url":"https:\/\/noticiasribeiraopreto.com.br\/index.php\/2023\/12\/23\/maria-filo-contrata-auxiliar-de-loja-vendedor-a-e-mais\/","url_meta":{"origin":20503,"position":0},"title":"Maria Fil\u00f3 CONTRATA Auxiliar de Loja, Vendedor (a) e mais!","author":"noticiasribeiraopreto.com.br","date":"23 de December de 2023","format":false,"excerpt":"A Maria Fil\u00f3, famosa rede de lojas de vestu\u00e1rio feminino, que traz a criatividade e a alma feminina traduzidas em looks com detalhes surpreendentes e experi\u00eancias personalizadas, est\u00e1 contratando novas pessoas no mercado. Isto \u00e9, antes mesmo de falar mais sobre, confira a lista de vagas abertas: Assistente de Planejamento\u2026","rel":"","context":"In &quot;Vagas de Emprego em Ribeir\u00e3o Preto-SP&quot;","block_context":{"text":"Vagas de Emprego em Ribeir\u00e3o Preto-SP","link":"https:\/\/noticiasribeiraopreto.com.br\/index.php\/category\/empregos-classificados-vagas-trabalho\/vagas-de-empregos-em-ribeirao-preto-regiao-brasil\/"},"img":{"alt_text":"","src":"https:\/\/i0.wp.com\/noticiasribeiraopreto.com.br\/wp-content\/uploads\/2023\/12\/noticiasconcursos.com_.br-maria-filo-oferece-empregos-em-sp-mg-e-rj-img-2224-scaled-1.jpg?fit=1200%2C800&ssl=1&resize=350%2C200","width":350,"height":200,"srcset":"https:\/\/i0.wp.com\/noticiasribeiraopreto.com.br\/wp-content\/uploads\/2023\/12\/noticiasconcursos.com_.br-maria-filo-oferece-empregos-em-sp-mg-e-rj-img-2224-scaled-1.jpg?fit=1200%2C800&ssl=1&resize=350%2C200 1x, https:\/\/i0.wp.com\/noticiasribeiraopreto.com.br\/wp-content\/uploads\/2023\/12\/noticiasconcursos.com_.br-maria-filo-oferece-empregos-em-sp-mg-e-rj-img-2224-scaled-1.jpg?fit=1200%2C800&ssl=1&resize=525%2C300 1.5x, https:\/\/i0.wp.com\/noticiasribeiraopreto.com.br\/wp-content\/uploads\/2023\/12\/noticiasconcursos.com_.br-maria-filo-oferece-empregos-em-sp-mg-e-rj-img-2224-scaled-1.jpg?fit=1200%2C800&ssl=1&resize=700%2C400 2x, https:\/\/i0.wp.com\/noticiasribeiraopreto.com.br\/wp-content\/uploads\/2023\/12\/noticiasconcursos.com_.br-maria-filo-oferece-empregos-em-sp-mg-e-rj-img-2224-scaled-1.jpg?fit=1200%2C800&ssl=1&resize=1050%2C600 3x"},"classes":[]},{"id":44569,"url":"https:\/\/noticiasribeiraopreto.com.br\/index.php\/2024\/03\/28\/confira-vagas-de-emprego-na-coca-cola-andina-brasil-para-trabalhar-de-forma-hibrida-em-ribeirao-preto-sp-ou-em-franca-sp-3\/","url_meta":{"origin":20503,"position":1},"title":"Confira vagas de emprego na Coca-Cola Andina Brasil para trabalhar de forma H\u00edbrida, em Ribeir\u00e3o Preto-SP ou em Franca-SP","author":"noticiasribeiraopreto.com.br","date":"28 de March de 2024","format":false,"excerpt":"SobreVagasCoca-Cola Andina BrasilSelo de FeedbackVEM COM A GENTE COMPARTILHAR FELICIDADE!Somos a Coca-Cola Andina, uma empresa com mais de 75 anos de hist\u00f3ria, atuando no Brasil, Argentina, Chile e Paraguai, com o prop\u00f3sito de juntos, chegar a todos os cantos, para refrescar momentos e criar novas oportunidades. A partir deste prop\u00f3sito,\u2026","rel":"","context":"In &quot;Vagas de Emprego em Ribeir\u00e3o Preto-SP&quot;","block_context":{"text":"Vagas de Emprego em Ribeir\u00e3o Preto-SP","link":"https:\/\/noticiasribeiraopreto.com.br\/index.php\/category\/empregos-classificados-vagas-trabalho\/vagas-de-empregos-em-ribeirao-preto-regiao-brasil\/"},"img":{"alt_text":"","src":"https:\/\/i0.wp.com\/noticiasribeiraopreto.com.br\/wp-content\/uploads\/2024\/03\/1711647005_vagas-na-coca-cola.jpg?fit=1200%2C628&ssl=1&resize=350%2C200","width":350,"height":200,"srcset":"https:\/\/i0.wp.com\/noticiasribeiraopreto.com.br\/wp-content\/uploads\/2024\/03\/1711647005_vagas-na-coca-cola.jpg?fit=1200%2C628&ssl=1&resize=350%2C200 1x, https:\/\/i0.wp.com\/noticiasribeiraopreto.com.br\/wp-content\/uploads\/2024\/03\/1711647005_vagas-na-coca-cola.jpg?fit=1200%2C628&ssl=1&resize=525%2C300 1.5x, https:\/\/i0.wp.com\/noticiasribeiraopreto.com.br\/wp-content\/uploads\/2024\/03\/1711647005_vagas-na-coca-cola.jpg?fit=1200%2C628&ssl=1&resize=700%2C400 2x, https:\/\/i0.wp.com\/noticiasribeiraopreto.com.br\/wp-content\/uploads\/2024\/03\/1711647005_vagas-na-coca-cola.jpg?fit=1200%2C628&ssl=1&resize=1050%2C600 3x"},"classes":[]},{"id":32794,"url":"https:\/\/noticiasribeiraopreto.com.br\/index.php\/2024\/01\/26\/confira-vagas-de-emprego-na-coca-cola-andina-brasil-para-trabalhar-em-araraquara-sp-sao-joao-da-boa-vista-sp-franca-sp-mococa-sp-porto-ferreira-sp-igarapava-sp-sao-joaquim-da-barra-14\/","url_meta":{"origin":20503,"position":2},"title":"Confira vagas de emprego na Coca-Cola Andina Brasil para trabalhar em Araraquara &#8211; SP, S\u00e3o Jo\u00e3o da Boa Vista &#8211; SP, Franca &#8211; SP, Mococa &#8211; SP, Porto Ferreira &#8211; SP, Igarapava &#8211; SP, S\u00e3o Joaquim da Barra &#8211; SP","author":"noticiasribeiraopreto.com.br","date":"26 de January de 2024","format":false,"excerpt":"SobreVagasFazer login como candidato(a)Coca-Cola Andina BrasilVEM COM A GENTE COMPARTILHAR FELICIDADE!Somos a Coca-Cola Andina, uma empresa com mais de 75 anos de hist\u00f3ria, atuando no Brasil, Argentina, Chile e Paraguai, com o prop\u00f3sito de juntos, chegar a todos os cantos, para refrescar momentos e criar novas oportunidades. A partir deste\u2026","rel":"","context":"In &quot;Vagas de Emprego em Ribeir\u00e3o Preto-SP&quot;","block_context":{"text":"Vagas de Emprego em Ribeir\u00e3o Preto-SP","link":"https:\/\/noticiasribeiraopreto.com.br\/index.php\/category\/empregos-classificados-vagas-trabalho\/vagas-de-empregos-em-ribeirao-preto-regiao-brasil\/"},"img":{"alt_text":"","src":"https:\/\/i0.wp.com\/noticiasribeiraopreto.com.br\/wp-content\/uploads\/2024\/01\/1706291210_emprego-coca-cola.jpg?fit=1200%2C628&ssl=1&resize=350%2C200","width":350,"height":200,"srcset":"https:\/\/i0.wp.com\/noticiasribeiraopreto.com.br\/wp-content\/uploads\/2024\/01\/1706291210_emprego-coca-cola.jpg?fit=1200%2C628&ssl=1&resize=350%2C200 1x, https:\/\/i0.wp.com\/noticiasribeiraopreto.com.br\/wp-content\/uploads\/2024\/01\/1706291210_emprego-coca-cola.jpg?fit=1200%2C628&ssl=1&resize=525%2C300 1.5x, https:\/\/i0.wp.com\/noticiasribeiraopreto.com.br\/wp-content\/uploads\/2024\/01\/1706291210_emprego-coca-cola.jpg?fit=1200%2C628&ssl=1&resize=700%2C400 2x, https:\/\/i0.wp.com\/noticiasribeiraopreto.com.br\/wp-content\/uploads\/2024\/01\/1706291210_emprego-coca-cola.jpg?fit=1200%2C628&ssl=1&resize=1050%2C600 3x"},"classes":[]},{"id":43647,"url":"https:\/\/noticiasribeiraopreto.com.br\/index.php\/2024\/03\/22\/vagas-pra-jovem-aprendiz-na-coca-cola-andina-brasil-para-trabalhar-em-ribeirao-preto-sp-ter-idade-entre-14-a-22-anos-17\/","url_meta":{"origin":20503,"position":3},"title":"Vagas pra JOVEM APRENDIZ na Coca-Cola Andina Brasil para trabalhar em Ribeir\u00e3o Preto-SP; Ter idade entre 14 a 22 anos;","author":"noticiasribeiraopreto.com.br","date":"22 de March de 2024","format":false,"excerpt":"SobreVagasCoca-Cola Andina BrasilSelo de FeedbackVEM COM A GENTE COMPARTILHAR FELICIDADE!Somos a Coca-Cola Andina, uma empresa com mais de 75 anos de hist\u00f3ria, atuando no Brasil, Argentina, Chile e Paraguai, com o prop\u00f3sito de juntos, chegar a todos os cantos, para refrescar momentos e criar novas oportunidades. A partir deste prop\u00f3sito,\u2026","rel":"","context":"In &quot;Vagas de Emprego em Ribeir\u00e3o Preto-SP&quot;","block_context":{"text":"Vagas de Emprego em Ribeir\u00e3o Preto-SP","link":"https:\/\/noticiasribeiraopreto.com.br\/index.php\/category\/empregos-classificados-vagas-trabalho\/vagas-de-empregos-em-ribeirao-preto-regiao-brasil\/"},"img":{"alt_text":"","src":"https:\/\/i0.wp.com\/noticiasribeiraopreto.com.br\/wp-content\/uploads\/2024\/03\/vagas-na-coca-cola.jpg?fit=1200%2C628&ssl=1&resize=350%2C200","width":350,"height":200,"srcset":"https:\/\/i0.wp.com\/noticiasribeiraopreto.com.br\/wp-content\/uploads\/2024\/03\/vagas-na-coca-cola.jpg?fit=1200%2C628&ssl=1&resize=350%2C200 1x, https:\/\/i0.wp.com\/noticiasribeiraopreto.com.br\/wp-content\/uploads\/2024\/03\/vagas-na-coca-cola.jpg?fit=1200%2C628&ssl=1&resize=525%2C300 1.5x, https:\/\/i0.wp.com\/noticiasribeiraopreto.com.br\/wp-content\/uploads\/2024\/03\/vagas-na-coca-cola.jpg?fit=1200%2C628&ssl=1&resize=700%2C400 2x, https:\/\/i0.wp.com\/noticiasribeiraopreto.com.br\/wp-content\/uploads\/2024\/03\/vagas-na-coca-cola.jpg?fit=1200%2C628&ssl=1&resize=1050%2C600 3x"},"classes":[]},{"id":29485,"url":"https:\/\/noticiasribeiraopreto.com.br\/index.php\/2024\/01\/18\/vagas-pra-jovem-aprendiz-na-coca-cola-andina-brasil-para-trabalhar-em-ribeirao-preto-sp-ter-idade-entre-14-a-22-anos-13\/","url_meta":{"origin":20503,"position":4},"title":"Vagas pra JOVEM APRENDIZ na Coca-Cola Andina Brasil para trabalhar em Ribeir\u00e3o Preto-SP; Ter idade entre 14 a 22 anos;","author":"noticiasribeiraopreto.com.br","date":"18 de January de 2024","format":false,"excerpt":"SobreVagasFazer login como candidato(a)Coca-Cola Andina BrasilVEM COM A GENTE COMPARTILHAR FELICIDADE!Somos a Coca-Cola Andina, uma empresa com mais de 75 anos de hist\u00f3ria, atuando no Brasil, Argentina, Chile e Paraguai, com o prop\u00f3sito de juntos, chegar a todos os cantos, para refrescar momentos e criar novas oportunidades. A partir deste\u2026","rel":"","context":"In &quot;Vagas de Emprego em Ribeir\u00e3o Preto-SP&quot;","block_context":{"text":"Vagas de Emprego em Ribeir\u00e3o Preto-SP","link":"https:\/\/noticiasribeiraopreto.com.br\/index.php\/category\/empregos-classificados-vagas-trabalho\/vagas-de-empregos-em-ribeirao-preto-regiao-brasil\/"},"img":{"alt_text":"","src":"https:\/\/i0.wp.com\/noticiasribeiraopreto.com.br\/wp-content\/uploads\/2024\/01\/1705596082_vagas-na-coca-cola.jpg?fit=1200%2C628&ssl=1&resize=350%2C200","width":350,"height":200,"srcset":"https:\/\/i0.wp.com\/noticiasribeiraopreto.com.br\/wp-content\/uploads\/2024\/01\/1705596082_vagas-na-coca-cola.jpg?fit=1200%2C628&ssl=1&resize=350%2C200 1x, https:\/\/i0.wp.com\/noticiasribeiraopreto.com.br\/wp-content\/uploads\/2024\/01\/1705596082_vagas-na-coca-cola.jpg?fit=1200%2C628&ssl=1&resize=525%2C300 1.5x, https:\/\/i0.wp.com\/noticiasribeiraopreto.com.br\/wp-content\/uploads\/2024\/01\/1705596082_vagas-na-coca-cola.jpg?fit=1200%2C628&ssl=1&resize=700%2C400 2x, https:\/\/i0.wp.com\/noticiasribeiraopreto.com.br\/wp-content\/uploads\/2024\/01\/1705596082_vagas-na-coca-cola.jpg?fit=1200%2C628&ssl=1&resize=1050%2C600 3x"},"classes":[]},{"id":43941,"url":"https:\/\/noticiasribeiraopreto.com.br\/index.php\/2024\/03\/24\/confira-vagas-de-emprego-na-coca-cola-andina-brasil-para-trabalhar-em-araraquara-sp-sao-joao-da-boa-vista-sp-franca-sp-mococa-sp-porto-ferreira-sp-igarapava-sp-sao-joaquim-da-barra-16\/","url_meta":{"origin":20503,"position":5},"title":"Confira vagas de emprego na Coca-Cola Andina Brasil para trabalhar em Araraquara &#8211; SP, S\u00e3o Jo\u00e3o da Boa Vista &#8211; SP, Franca &#8211; SP, Mococa &#8211; SP, Porto Ferreira &#8211; SP, Igarapava &#8211; SP, S\u00e3o Joaquim da Barra &#8211; SP","author":"noticiasribeiraopreto.com.br","date":"24 de March de 2024","format":false,"excerpt":"SobreVagasCoca-Cola Andina BrasilSelo de FeedbackVEM COM A GENTE COMPARTILHAR FELICIDADE!Somos a Coca-Cola Andina, uma empresa com mais de 75 anos de hist\u00f3ria, atuando no Brasil, Argentina, Chile e Paraguai, com o prop\u00f3sito de juntos, chegar a todos os cantos, para refrescar momentos e criar novas oportunidades. A partir deste prop\u00f3sito,\u2026","rel":"","context":"In &quot;Vagas de Emprego em Ribeir\u00e3o Preto-SP&quot;","block_context":{"text":"Vagas de Emprego em Ribeir\u00e3o Preto-SP","link":"https:\/\/noticiasribeiraopreto.com.br\/index.php\/category\/empregos-classificados-vagas-trabalho\/vagas-de-empregos-em-ribeirao-preto-regiao-brasil\/"},"img":{"alt_text":"","src":"","width":0,"height":0},"classes":[]}],"jetpack_sharing_enabled":true,"jetpack_shortlink":"https:\/\/wp.me\/peQAOb-5kH","_links":{"self":[{"href":"https:\/\/noticiasribeiraopreto.com.br\/index.php\/wp-json\/wp\/v2\/posts\/20503","targetHints":{"allow":["GET"]}}],"collection":[{"href":"https:\/\/noticiasribeiraopreto.com.br\/index.php\/wp-json\/wp\/v2\/posts"}],"about":[{"href":"https:\/\/noticiasribeiraopreto.com.br\/index.php\/wp-json\/wp\/v2\/types\/post"}],"author":[{"embeddable":true,"href":"https:\/\/noticiasribeiraopreto.com.br\/index.php\/wp-json\/wp\/v2\/users\/1"}],"replies":[{"embeddable":true,"href":"https:\/\/noticiasribeiraopreto.com.br\/index.php\/wp-json\/wp\/v2\/comments?post=20503"}],"version-history":[{"count":0,"href":"https:\/\/noticiasribeiraopreto.com.br\/index.php\/wp-json\/wp\/v2\/posts\/20503\/revisions"}],"wp:featuredmedia":[{"embeddable":true,"href":"https:\/\/noticiasribeiraopreto.com.br\/index.php\/wp-json\/wp\/v2\/media\/20504"}],"wp:attachment":[{"href":"https:\/\/noticiasribeiraopreto.com.br\/index.php\/wp-json\/wp\/v2\/media?parent=20503"}],"wp:term":[{"taxonomy":"category","embeddable":true,"href":"https:\/\/noticiasribeiraopreto.com.br\/index.php\/wp-json\/wp\/v2\/categories?post=20503"},{"taxonomy":"post_tag","embeddable":true,"href":"https:\/\/noticiasribeiraopreto.com.br\/index.php\/wp-json\/wp\/v2\/tags?post=20503"}],"curies":[{"name":"wp","href":"https:\/\/api.w.org\/{rel}","templated":true}]}}