{"id":20505,"date":"2023-12-25T19:06:40","date_gmt":"2023-12-25T22:06:40","guid":{"rendered":"https:\/\/noticiasribeiraopreto.com.br\/index.php\/2023\/12\/25\/urgente-prazo-para-regularizacao-de-pendencias-do-mei-no-simples-nacional-se-encerra-em-1o-de-janeiro\/"},"modified":"2023-12-25T19:06:40","modified_gmt":"2023-12-25T22:06:40","slug":"urgente-prazo-para-regularizacao-de-pendencias-do-mei-no-simples-nacional-se-encerra-em-1o-de-janeiro","status":"publish","type":"post","link":"https:\/\/noticiasribeiraopreto.com.br\/index.php\/2023\/12\/25\/urgente-prazo-para-regularizacao-de-pendencias-do-mei-no-simples-nacional-se-encerra-em-1o-de-janeiro\/","title":{"rendered":"Urgente! Prazo para regulariza\u00e7\u00e3o de pend\u00eancias do MEI no Simples Nacional se encerra em 1\u00ba de janeiro"},"content":{"rendered":"<div class='code-block code-block-1' style='margin: 8px 0 8px auto; text-align: right; display: block; clear: both;'>\n<p><a href=\"https:\/\/wa.link\/vpicfd\"><img data-recalc-dims=\"1\" class=\"wp-image-4922\" style=\"aspect-ratio: 2.0253164556962027; width: 561px; height: auto;\" src=\"https:\/\/i0.wp.com\/ismaelcolosi.com.br\/wp-content\/uploads\/2023\/11\/grupo-de-empregos-whatsapp-e-facebook-ismael-colosi-vagas.jpg?ssl=1\" alt=\"\" \/><\/a><\/p>\n<!-- \/wp:image -->\n<\/div>\n<p> <br \/>\n<\/p>\n<div>\n<p>At\u00e9 o dia 1\u00ba de janeiro de 2024, os <strong>Microempreendedores Individuais (MEI)<\/strong> t\u00eam a oportunidade de regularizar eventuais pend\u00eancias junto \u00e0 <a href=\"https:\/\/noticiasconcursos.com.br\/receita-federal-libera-mais-um-lote-residual-descubra-o-montante-disponivel-para-saque\/\">Receita Federal<\/a>, evitando assim a exclus\u00e3o do Simples Nacional, regime tribut\u00e1rio ao qual est\u00e3o vinculados.<\/p>\n<p>O processo de regulariza\u00e7\u00e3o envolve o acesso a documentos necess\u00e1rios para o pagamento das d\u00edvidas, sendo poss\u00edvel realizar essa opera\u00e7\u00e3o por meio de tr\u00eas plataformas espec\u00edficas: o <a href=\"https:\/\/www8.receita.fazenda.gov.br\/simplesnacional\/Default.aspx\" target=\"_blank\" rel=\"noopener\">Portal do Simples Nacional<\/a> e o <a href=\"https:\/\/cav.receita.fazenda.gov.br\/autenticacao\/Login\" target=\"_blank\" rel=\"noopener\">Portal e-CAC<\/a>, ambos pertencentes \u00e0 Receita Federal.<\/p>\n<p>Vale ressaltar que o \u00faltimo requer ainda uma conta de n\u00edvel prata ou ouro na plataforma <a href=\"https:\/\/www.gov.br\/pt-br\" target=\"_blank\" rel=\"noopener\">Gov.br<\/a> para acesso.<\/p>\n<p>Dessa forma, \u00e9 fundamental que os microempreendedores ajam de forma proativa, efetuando o pagamento das d\u00edvidas de maneira integral ou optando pelo parcelamento.<\/p>\n<p>No caso de parcelamento, o primeiro pagamento deve ser realizado dentro do prazo de 30 dias contados a partir da recep\u00e7\u00e3o do Termo de Exclus\u00e3o, que funciona como uma notifica\u00e7\u00e3o sobre a poss\u00edvel sa\u00edda obrigat\u00f3ria do regime tribut\u00e1rio.<\/p>\n<p>Segundo dados divulgados pela Receita Federal em setembro, havia 394 mil trabalhadores na categoria <strong>MEI<\/strong>\u00a0com pend\u00eancias de regulariza\u00e7\u00e3o, totalizando d\u00e9bitos aproximados de R$ 2,25 bilh\u00f5es.<\/p>\n<p>Enfim, \u00e9 fundamental que os microempreendedores estejam cientes desse prazo e tomem as medidas necess\u00e1rias para evitar complica\u00e7\u00f5es futuras. Para mais informa\u00e7\u00f5es e detalhes sobre o processo de regulariza\u00e7\u00e3o, consulte o texto abaixo.<\/p>\n<h2>Entenda os preju\u00edzos para os profissionais que sa\u00edrem do Simples Nacional<\/h2>\n<figure id=\"attachment_782179\" aria-describedby=\"caption-attachment-782179\" style=\"width: 750px\" class=\"wp-caption aligncenter\"><img data-recalc-dims=\"1\" fetchpriority=\"high\" decoding=\"async\" class=\"size-full wp-image-782179\" alt=\"MEI\" width=\"750\" height=\"438\" srcset=\"https:\/\/noticiasconcursos.com.br\/wp-content\/uploads\/2023\/12\/noticiasconcursos.com.br-urgente-prazo-para-regularizacao-de-pendencias-do-mei-no-simples-nacional-se-encerra-em-1o-de-janeiro-mei-2.jpg 750w, https:\/\/noticiasconcursos.com.br\/wp-content\/uploads\/2023\/12\/noticiasconcursos.com.br-urgente-prazo-para-regularizacao-de-pendencias-do-mei-no-simples-nacional-se-encerra-em-1o-de-janeiro-mei-2-300x175.jpg 300w\" data-lazy-sizes=\"(max-width: 750px) 100vw, 750px\" src=\"https:\/\/i0.wp.com\/noticiasconcursos.com.br\/wp-content\/uploads\/2023\/12\/noticiasconcursos.com.br-urgente-prazo-para-regularizacao-de-pendencias-do-mei-no-simples-nacional-se-encerra-em-1o-de-janeiro-mei-2.jpg?resize=750%2C438&#038;ssl=1\"\/><noscript><img data-recalc-dims=\"1\" fetchpriority=\"high\" decoding=\"async\" class=\"size-full wp-image-782179\" src=\"https:\/\/i0.wp.com\/noticiasconcursos.com.br\/wp-content\/uploads\/2023\/12\/noticiasconcursos.com.br-urgente-prazo-para-regularizacao-de-pendencias-do-mei-no-simples-nacional-se-encerra-em-1o-de-janeiro-mei-2.jpg?resize=750%2C438&#038;ssl=1\" alt=\"MEI\" width=\"750\" height=\"438\" srcset=\"https:\/\/noticiasconcursos.com.br\/wp-content\/uploads\/2023\/12\/noticiasconcursos.com.br-urgente-prazo-para-regularizacao-de-pendencias-do-mei-no-simples-nacional-se-encerra-em-1o-de-janeiro-mei-2.jpg 750w, https:\/\/noticiasconcursos.com.br\/wp-content\/uploads\/2023\/12\/noticiasconcursos.com.br-urgente-prazo-para-regularizacao-de-pendencias-do-mei-no-simples-nacional-se-encerra-em-1o-de-janeiro-mei-2-300x175.jpg 300w\" sizes=\"(max-width: 750px) 100vw, 750px\"\/><\/noscript><figcaption id=\"caption-attachment-782179\" class=\"wp-caption-text\">Receita Federal estipula prazo m\u00e1ximo para regulariza\u00e7\u00e3o de pend\u00eancias relacionadas ao MEI. Imagem: Canva.<\/figcaption><\/figure>\n<div class=\"bs-irp left bs-irp-thumbnail-1\">\n<p>&#13;<br \/><span class=\"h-text heading-typo\">Voc\u00ea tamb\u00e9m pode gostar:<\/span>&#13; <\/p>\n<\/p><\/div>\n<p>O <a href=\"https:\/\/noticiasconcursos.com.br\/descubra-como-o-microempreendedor-individual-mei-pode-otimizar-o-valor-da-aposentadoria-e-reduzir-o-periodo-de-contribuicao\/\"><strong>Microempreendedor Individual (MEI)<\/strong><\/a> que sair do regime tribut\u00e1rio do Simples Nacional pode enfrentar s\u00e9rias repercuss\u00f5es, incluindo o cancelamento do Cadastro Nacional de Pessoas Jur\u00eddicas (CNPJ).<\/p>\n<p>Por conseguinte, a n\u00e3o regulariza\u00e7\u00e3o das pend\u00eancias implica em restri\u00e7\u00f5es significativas, impactando diretamente nas opera\u00e7\u00f5es b\u00e1sicas de uma empresa. Abaixo, destacamos algumas das consequ\u00eancias desse desligamento:<\/p>\n<ul>\n<li>Notas fiscais e licen\u00e7as: ao sair do Simples Nacional, o <strong>MEI<\/strong> fica impossibilitado de emitir notas fiscais e licen\u00e7as, o que prejudica a condu\u00e7\u00e3o regular das transa\u00e7\u00f5es comerciais. Logo, essa restri\u00e7\u00e3o pode afetar a imagem da empresa e sua credibilidade no mercado;<\/li>\n<li>Alvar\u00e1s: a desclassifica\u00e7\u00e3o tamb\u00e9m acarreta no cancelamento dos alvar\u00e1s concedidos anteriormente. Isso implica em dificuldades operacionais e pode at\u00e9 mesmo resultar na interrup\u00e7\u00e3o das atividades comerciais, prejudicando assim a continuidade do neg\u00f3cio;<\/li>\n<li>D\u00edvidas: as d\u00edvidas, anteriormente vinculadas ao CNPJ da empresa, passam a ser registradas no Cadastro Nacional de Pessoa F\u00edsica (CPF) do empres\u00e1rio. Dessa forma, o processo de transi\u00e7\u00e3o pode acarretar problemas financeiros pessoais, al\u00e9m de comprometer o hist\u00f3rico de cr\u00e9dito do empreendedor, resultando no famoso \u201cnome sujo\u201d.<\/li>\n<\/ul>\n<h2>Como consultar minhas pend\u00eancias financeiras?<\/h2>\n<p>Voc\u00ea pode consultar a sua situa\u00e7\u00e3o tribut\u00e1ria de duas formas simples. Confira:<\/p>\n<ul>\n<li><strong>PGMEI (Programa Gerador do DAS para o MEI):<\/strong><\/li>\n<\/ul>\n<p>Acesse o <a href=\"https:\/\/www8.receita.fazenda.gov.br\/SimplesNacional\/Aplicacoes\/ATSPO\/pgmei.app\/Identificacao\" target=\"_blank\" rel=\"noopener\">Programa Gerador do DAS<\/a> para o <strong>MEI<\/strong>, um sistema eletr\u00f4nico projetado para a declara\u00e7\u00e3o de impostos dos microempreendedores.<\/p>\n<p>Para verificar suas pend\u00eancias e extratos, basta selecionar a op\u00e7\u00e3o \u201cConsulta Extrato\/Pend\u00eancias\u201d.<\/p>\n<ul>\n<li><strong>Aplicativo MEI (dispon\u00edvel para celulares Android ou iOS):<\/strong><\/li>\n<\/ul>\n<p>Para uma experi\u00eancia ainda mais acess\u00edvel, utilize o <strong>aplicativo MEI<\/strong> em seu dispositivo m\u00f3vel. Dispon\u00edvel tanto para usu\u00e1rios Android quanto iOS, o aplicativo oferece uma interface intuitiva que permite a verifica\u00e7\u00e3o r\u00e1pida das d\u00edvidas junto \u00e0 Receita Federal e PGFN.<\/p>\n<p>Al\u00e9m disso, nas mesmas plataformas, \u00e9 poss\u00edvel gerar os documentos necess\u00e1rios para quitar os d\u00e9bitos diretamente durante a <strong>declara\u00e7\u00e3o do DASN-Simei.<\/strong><\/p>\n<p><strong>Voc\u00ea pode se interessar em ler tamb\u00e9m:<\/strong><\/p>\n<h2>Campanha da receita federal para a regulariza\u00e7\u00e3o do MEI<\/h2>\n<p>Diante das recentes altera\u00e7\u00f5es que impactam os <strong>Microempreendedores Individuais (MEI)<\/strong>, a Receita Federal est\u00e1 promovendo uma campanha vigorosa com o prop\u00f3sito de estimular a regulariza\u00e7\u00e3o dessa categoria.<\/p>\n<p>De acordo com o \u00f3rg\u00e3o, estar em dia com as obriga\u00e7\u00f5es fiscais traz uma s\u00e9rie de benef\u00edcios, destacando-se:<\/p>\n<ul>\n<li>Manuten\u00e7\u00e3o do enquadramento no <strong>MEI<\/strong>: Ao regularizar sua situa\u00e7\u00e3o fiscal, o empreendedor garante a continuidade do seu enquadramento como Microempreendedor Individual, preservando assim os benef\u00edcios e facilidades proporcionados por esse regime;<\/li>\n<li>Conserva\u00e7\u00e3o do CNPJ: Manter-se em conformidade com as obriga\u00e7\u00f5es fiscais assegura a perman\u00eancia do Cadastro Nacional de Pessoa Jur\u00eddica (CNPJ), fundamental para a legalidade e reconhecimento oficial do neg\u00f3cio;<\/li>\n<li>Seguridade no INSS: A regularidade tribut\u00e1ria possibilita ao empreendedor ser segurado pelo Instituto Nacional do Seguro Social (<a href=\"https:\/\/noticiasconcursos.com.br\/alteracoes-previstas-na-prova-de-vida-do-inss-em-2024-orientacoes-para-manter-o-beneficio\/\">INSS<\/a>), garantindo acesso a benef\u00edcios previdenci\u00e1rios como aux\u00edlio-doen\u00e7a e aposentadoria, contribuindo para a seguran\u00e7a financeira a longo prazo;<\/li>\n<li>Preven\u00e7\u00e3o de Cobran\u00e7a Judicial: Evitar a inadimpl\u00eancia com o Fisco e a Procuradoria-Geral da Fazenda Nacional (PGFN) \u00e9 crucial para impedir a instaura\u00e7\u00e3o de processos judiciais referentes a d\u00e9bitos fiscais, proporcionando uma gest\u00e3o financeira mais tranquila e evitando poss\u00edveis complica\u00e7\u00f5es legais;<\/li>\n<li>Apura\u00e7\u00e3o de d\u00e9bitos em valores fixos pelo <strong>PGMEI<\/strong>: A regulariza\u00e7\u00e3o propicia a apura\u00e7\u00e3o dos d\u00e9bitos de forma simplificada, com valores fixos estabelecidos pelo Programa Gerador do Documento de Arrecada\u00e7\u00e3o do Simples Nacional do Microempreendedor Individual (<strong>PGMEI<\/strong>), facilitando o planejamento financeiro e a gest\u00e3o tribut\u00e1ria.<\/li>\n<\/ul>\n<\/div>\n<p><br \/>\n<br \/><a href=\"https:\/\/ismaelcolosi.com.br\/urgente-prazo-para-regularizacao-de-pendencias-do-mei-no-simples-nacional-se-encerra-em-1o-de-janeiro\/\">Source link <\/a><\/p>\n<!-- CONTENT END 1 -->\n","protected":false},"excerpt":{"rendered":"<p>At\u00e9 o dia 1\u00ba de janeiro de 2024, os Microempreendedores Individuais (MEI) t\u00eam a oportunidade de regularizar eventuais pend\u00eancias junto \u00e0 Receita Federal, evitando assim&#8230;<\/p>\n","protected":false},"author":1,"featured_media":20506,"comment_status":"open","ping_status":"open","sticky":false,"template":"","format":"standard","meta":{"advanced_seo_description":"","jetpack_seo_html_title":"","jetpack_seo_noindex":false,"jetpack_post_was_ever_published":false,"_jetpack_newsletter_access":"","_jetpack_dont_email_post_to_subs":false,"_jetpack_newsletter_tier_id":0,"_jetpack_memberships_contains_paywalled_content":false,"_jetpack_memberships_contains_paid_content":false,"footnotes":"","jetpack_publicize_message":"","jetpack_publicize_feature_enabled":true,"jetpack_social_post_already_shared":true,"jetpack_social_options":{"image_generator_settings":{"template":"highway","default_image_id":0,"font":"","enabled":false},"version":2}},"categories":[7],"tags":[],"class_list":["post-20505","post","type-post","status-publish","format-standard","has-post-thumbnail","hentry","category-vagas-de-empregos-em-ribeirao-preto-regiao-brasil"],"jetpack_publicize_connections":[],"jetpack_featured_media_url":"https:\/\/i0.wp.com\/noticiasribeiraopreto.com.br\/wp-content\/uploads\/2023\/12\/noticiasconcursos.com_.br-urgente-prazo-para-regularizacao-de-pendencias-do-mei-no-simples-nacional-se-encerra-em-1o-de-janeiro-mei-2.jpg?fit=750%2C438&ssl=1","jetpack-related-posts":[{"id":13688,"url":"https:\/\/noticiasribeiraopreto.com.br\/index.php\/2023\/12\/11\/prazo-para-renovacao-cadastral-acaba-em-breve-entenda\/","url_meta":{"origin":20505,"position":0},"title":"prazo para renova\u00e7\u00e3o cadastral acaba em breve; entenda","author":"noticiasribeiraopreto.com.br","date":"11 de December de 2023","format":false,"excerpt":"Cr\u00e9ditos: Istock\/Weekend Images Inc.MEI: A melhor not\u00edcia para alavancar seu neg\u00f3cio acaba de chegar O Microempreendedor Individual (MEI) desfruta de in\u00fameros benef\u00edcios ao estar cadastrado no Simples Nacional. Contudo, manter essa condi\u00e7\u00e3o exige o cumprimento de algumas obriga\u00e7\u00f5es, e a renova\u00e7\u00e3o cadastral \u00e9 uma delas. O MEI que n\u00e3o regularizar\u2026","rel":"","context":"In &quot;Variedades&quot;","block_context":{"text":"Variedades","link":"https:\/\/noticiasribeiraopreto.com.br\/index.php\/category\/variedades\/"},"img":{"alt_text":"","src":"https:\/\/i0.wp.com\/noticiasribeiraopreto.com.br\/wp-content\/uploads\/2023\/12\/1702264369_istock-1690799866.jpg?fit=1200%2C638&ssl=1&resize=350%2C200","width":350,"height":200,"srcset":"https:\/\/i0.wp.com\/noticiasribeiraopreto.com.br\/wp-content\/uploads\/2023\/12\/1702264369_istock-1690799866.jpg?fit=1200%2C638&ssl=1&resize=350%2C200 1x, https:\/\/i0.wp.com\/noticiasribeiraopreto.com.br\/wp-content\/uploads\/2023\/12\/1702264369_istock-1690799866.jpg?fit=1200%2C638&ssl=1&resize=525%2C300 1.5x, https:\/\/i0.wp.com\/noticiasribeiraopreto.com.br\/wp-content\/uploads\/2023\/12\/1702264369_istock-1690799866.jpg?fit=1200%2C638&ssl=1&resize=700%2C400 2x, https:\/\/i0.wp.com\/noticiasribeiraopreto.com.br\/wp-content\/uploads\/2023\/12\/1702264369_istock-1690799866.jpg?fit=1200%2C638&ssl=1&resize=1050%2C600 3x"},"classes":[]},{"id":17214,"url":"https:\/\/noticiasribeiraopreto.com.br\/index.php\/2023\/12\/17\/nova-medida-relacionada-ao-mei-ameaca-trabalhadores\/","url_meta":{"origin":20505,"position":1},"title":"Nova medida relacionada ao MEI amea\u00e7a trabalhadores?","author":"noticiasribeiraopreto.com.br","date":"17 de December de 2023","format":false,"excerpt":"Cr\u00e9ditos: Istock\/visualspaceMEI: Aumento do teto de faturamento e outras novidades; confira O Microempreendedor Individual (MEI) no Brasil desfruta de in\u00fameros benef\u00edcios ao fazer parte do programa do Simples Nacional. Contudo, recentes mudan\u00e7as nas exig\u00eancias da Receita Federal alertam para a possibilidade de desligamento do programa, colocando os MEIs em risco\u2026","rel":"","context":"In &quot;Variedades&quot;","block_context":{"text":"Variedades","link":"https:\/\/noticiasribeiraopreto.com.br\/index.php\/category\/variedades\/"},"img":{"alt_text":"","src":"https:\/\/i0.wp.com\/noticiasribeiraopreto.com.br\/wp-content\/uploads\/2023\/12\/1702851462_istock-1423350853.jpg?fit=1200%2C638&ssl=1&resize=350%2C200","width":350,"height":200,"srcset":"https:\/\/i0.wp.com\/noticiasribeiraopreto.com.br\/wp-content\/uploads\/2023\/12\/1702851462_istock-1423350853.jpg?fit=1200%2C638&ssl=1&resize=350%2C200 1x, https:\/\/i0.wp.com\/noticiasribeiraopreto.com.br\/wp-content\/uploads\/2023\/12\/1702851462_istock-1423350853.jpg?fit=1200%2C638&ssl=1&resize=525%2C300 1.5x, https:\/\/i0.wp.com\/noticiasribeiraopreto.com.br\/wp-content\/uploads\/2023\/12\/1702851462_istock-1423350853.jpg?fit=1200%2C638&ssl=1&resize=700%2C400 2x, https:\/\/i0.wp.com\/noticiasribeiraopreto.com.br\/wp-content\/uploads\/2023\/12\/1702851462_istock-1423350853.jpg?fit=1200%2C638&ssl=1&resize=1050%2C600 3x"},"classes":[]},{"id":21745,"url":"https:\/\/noticiasribeiraopreto.com.br\/index.php\/2023\/12\/28\/mei-excluido-do-simples-nacional-tem-chance-para-regularizacao\/","url_meta":{"origin":20505,"position":2},"title":"MEI exclu\u00eddo do Simples Nacional tem chance para regulariza\u00e7\u00e3o","author":"noticiasribeiraopreto.com.br","date":"28 de December de 2023","format":false,"excerpt":"Cr\u00e9ditos: Jay Yuno\/istockMEI inadimplente com a Receita Federal enfrentar\u00e1 GRAVE problema Microempreendedores Individuais (MEIs) por todo o Brasil enfrentam um alerta s\u00e9rio: a amea\u00e7a de exclus\u00e3o do Simples Nacional devido a d\u00edvidas e pend\u00eancias com a Receita Federal. Um total de 393.678 MEIs receberam notifica\u00e7\u00f5es para regularizar seus d\u00e9bitos, totalizando\u2026","rel":"","context":"In &quot;Variedades&quot;","block_context":{"text":"Variedades","link":"https:\/\/noticiasribeiraopreto.com.br\/index.php\/category\/variedades\/"},"img":{"alt_text":"","src":"https:\/\/i0.wp.com\/noticiasribeiraopreto.com.br\/wp-content\/uploads\/2023\/12\/1703776412_istock-1415189284.jpg?fit=1200%2C638&ssl=1&resize=350%2C200","width":350,"height":200,"srcset":"https:\/\/i0.wp.com\/noticiasribeiraopreto.com.br\/wp-content\/uploads\/2023\/12\/1703776412_istock-1415189284.jpg?fit=1200%2C638&ssl=1&resize=350%2C200 1x, https:\/\/i0.wp.com\/noticiasribeiraopreto.com.br\/wp-content\/uploads\/2023\/12\/1703776412_istock-1415189284.jpg?fit=1200%2C638&ssl=1&resize=525%2C300 1.5x, https:\/\/i0.wp.com\/noticiasribeiraopreto.com.br\/wp-content\/uploads\/2023\/12\/1703776412_istock-1415189284.jpg?fit=1200%2C638&ssl=1&resize=700%2C400 2x, https:\/\/i0.wp.com\/noticiasribeiraopreto.com.br\/wp-content\/uploads\/2023\/12\/1703776412_istock-1415189284.jpg?fit=1200%2C638&ssl=1&resize=1050%2C600 3x"},"classes":[]},{"id":14552,"url":"https:\/\/noticiasribeiraopreto.com.br\/index.php\/2023\/12\/12\/mei-tem-apenas-ate-o-final-do-mes-para-resolver-pendencias-de-impostos\/","url_meta":{"origin":20505,"position":3},"title":"MEI tem APENAS at\u00e9 o final do m\u00eas para resolver pend\u00eancias de impostos","author":"noticiasribeiraopreto.com.br","date":"12 de December de 2023","format":false,"excerpt":"Microempreendedores Individuais (MEI) t\u00eam uma oportunidade crucial de evitar a exclus\u00e3o do Simples Nacional devido a d\u00edvidas e pend\u00eancias com a Receita Federal. Cr\u00e9ditos: Ag\u00eancia Brasil\/ArquivoMEI tem APENAS at\u00e9 o final do m\u00eas para resolver pend\u00eancias de impostos O \u00f3rg\u00e3o alerta que, em todo o pa\u00eds, um total de 393.678\u2026","rel":"","context":"In &quot;Variedades&quot;","block_context":{"text":"Variedades","link":"https:\/\/noticiasribeiraopreto.com.br\/index.php\/category\/variedades\/"},"img":{"alt_text":"","src":"https:\/\/i0.wp.com\/noticiasribeiraopreto.com.br\/wp-content\/uploads\/2023\/12\/1702375509_atencao-o-governo-nao-enquadra-mais-essas-atividades-como-mei.jpg?fit=1200%2C638&ssl=1&resize=350%2C200","width":350,"height":200,"srcset":"https:\/\/i0.wp.com\/noticiasribeiraopreto.com.br\/wp-content\/uploads\/2023\/12\/1702375509_atencao-o-governo-nao-enquadra-mais-essas-atividades-como-mei.jpg?fit=1200%2C638&ssl=1&resize=350%2C200 1x, https:\/\/i0.wp.com\/noticiasribeiraopreto.com.br\/wp-content\/uploads\/2023\/12\/1702375509_atencao-o-governo-nao-enquadra-mais-essas-atividades-como-mei.jpg?fit=1200%2C638&ssl=1&resize=525%2C300 1.5x, https:\/\/i0.wp.com\/noticiasribeiraopreto.com.br\/wp-content\/uploads\/2023\/12\/1702375509_atencao-o-governo-nao-enquadra-mais-essas-atividades-como-mei.jpg?fit=1200%2C638&ssl=1&resize=700%2C400 2x, https:\/\/i0.wp.com\/noticiasribeiraopreto.com.br\/wp-content\/uploads\/2023\/12\/1702375509_atencao-o-governo-nao-enquadra-mais-essas-atividades-como-mei.jpg?fit=1200%2C638&ssl=1&resize=1050%2C600 3x"},"classes":[]},{"id":19329,"url":"https:\/\/noticiasribeiraopreto.com.br\/index.php\/2023\/12\/22\/receita-confirma-mei-que-nao-regularizar-cnpj-sera-penalizado-em-2024\/","url_meta":{"origin":20505,"position":4},"title":"Receita confirma! MEI que n\u00e3o regularizar CNPJ ser\u00e1 penalizado em 2024","author":"noticiasribeiraopreto.com.br","date":"22 de December de 2023","format":false,"excerpt":"Microempreendedores Individuais (MEI) t\u00eam uma oportunidade crucial de evitar a exclus\u00e3o do Simples Nacional devido a d\u00edvidas e pend\u00eancias com a Receita Federal. Cr\u00e9ditos: Istock\/nicoletaionescuReceita confirma! MEI que n\u00e3o regularizar CNPJ ser\u00e1 penalizado em 2024 O \u00f3rg\u00e3o alerta que, em todo o pa\u00eds, um total de 393.678 MEIs receberam notifica\u00e7\u00f5es\u2026","rel":"","context":"In &quot;Variedades&quot;","block_context":{"text":"Variedades","link":"https:\/\/noticiasribeiraopreto.com.br\/index.php\/category\/variedades\/"},"img":{"alt_text":"","src":"https:\/\/i0.wp.com\/noticiasribeiraopreto.com.br\/wp-content\/uploads\/2023\/12\/istock-1131919326.jpg?fit=1200%2C638&ssl=1&resize=350%2C200","width":350,"height":200,"srcset":"https:\/\/i0.wp.com\/noticiasribeiraopreto.com.br\/wp-content\/uploads\/2023\/12\/istock-1131919326.jpg?fit=1200%2C638&ssl=1&resize=350%2C200 1x, https:\/\/i0.wp.com\/noticiasribeiraopreto.com.br\/wp-content\/uploads\/2023\/12\/istock-1131919326.jpg?fit=1200%2C638&ssl=1&resize=525%2C300 1.5x, https:\/\/i0.wp.com\/noticiasribeiraopreto.com.br\/wp-content\/uploads\/2023\/12\/istock-1131919326.jpg?fit=1200%2C638&ssl=1&resize=700%2C400 2x, https:\/\/i0.wp.com\/noticiasribeiraopreto.com.br\/wp-content\/uploads\/2023\/12\/istock-1131919326.jpg?fit=1200%2C638&ssl=1&resize=1050%2C600 3x"},"classes":[]},{"id":14236,"url":"https:\/\/noticiasribeiraopreto.com.br\/index.php\/2023\/12\/11\/mei-que-nao-se-regularizar-com-a-receita-ate-o-fim-do-mes-sera-penalizado\/","url_meta":{"origin":20505,"position":5},"title":"MEI que n\u00e3o se regularizar com a Receita at\u00e9 o fim do m\u00eas ser\u00e1 penalizado","author":"noticiasribeiraopreto.com.br","date":"11 de December de 2023","format":false,"excerpt":"Microempreendedores Individuais (MEI) t\u00eam uma oportunidade crucial de evitar a exclus\u00e3o do Simples Nacional devido a d\u00edvidas e pend\u00eancias com a Receita Federal. Cr\u00e9ditos: Istock\/Charday PennMEI que n\u00e3o se regularizar com a Receita at\u00e9 o fim do m\u00eas ser\u00e1 penalizado O \u00f3rg\u00e3o alerta que, em todo o pa\u00eds, um total\u2026","rel":"","context":"In &quot;Variedades&quot;","block_context":{"text":"Variedades","link":"https:\/\/noticiasribeiraopreto.com.br\/index.php\/category\/variedades\/"},"img":{"alt_text":"","src":"https:\/\/i0.wp.com\/noticiasribeiraopreto.com.br\/wp-content\/uploads\/2023\/12\/1702339113_istock-1187257014.jpg?fit=1200%2C638&ssl=1&resize=350%2C200","width":350,"height":200,"srcset":"https:\/\/i0.wp.com\/noticiasribeiraopreto.com.br\/wp-content\/uploads\/2023\/12\/1702339113_istock-1187257014.jpg?fit=1200%2C638&ssl=1&resize=350%2C200 1x, https:\/\/i0.wp.com\/noticiasribeiraopreto.com.br\/wp-content\/uploads\/2023\/12\/1702339113_istock-1187257014.jpg?fit=1200%2C638&ssl=1&resize=525%2C300 1.5x, https:\/\/i0.wp.com\/noticiasribeiraopreto.com.br\/wp-content\/uploads\/2023\/12\/1702339113_istock-1187257014.jpg?fit=1200%2C638&ssl=1&resize=700%2C400 2x, https:\/\/i0.wp.com\/noticiasribeiraopreto.com.br\/wp-content\/uploads\/2023\/12\/1702339113_istock-1187257014.jpg?fit=1200%2C638&ssl=1&resize=1050%2C600 3x"},"classes":[]}],"jetpack_sharing_enabled":true,"jetpack_shortlink":"https:\/\/wp.me\/peQAOb-5kJ","_links":{"self":[{"href":"https:\/\/noticiasribeiraopreto.com.br\/index.php\/wp-json\/wp\/v2\/posts\/20505","targetHints":{"allow":["GET"]}}],"collection":[{"href":"https:\/\/noticiasribeiraopreto.com.br\/index.php\/wp-json\/wp\/v2\/posts"}],"about":[{"href":"https:\/\/noticiasribeiraopreto.com.br\/index.php\/wp-json\/wp\/v2\/types\/post"}],"author":[{"embeddable":true,"href":"https:\/\/noticiasribeiraopreto.com.br\/index.php\/wp-json\/wp\/v2\/users\/1"}],"replies":[{"embeddable":true,"href":"https:\/\/noticiasribeiraopreto.com.br\/index.php\/wp-json\/wp\/v2\/comments?post=20505"}],"version-history":[{"count":0,"href":"https:\/\/noticiasribeiraopreto.com.br\/index.php\/wp-json\/wp\/v2\/posts\/20505\/revisions"}],"wp:featuredmedia":[{"embeddable":true,"href":"https:\/\/noticiasribeiraopreto.com.br\/index.php\/wp-json\/wp\/v2\/media\/20506"}],"wp:attachment":[{"href":"https:\/\/noticiasribeiraopreto.com.br\/index.php\/wp-json\/wp\/v2\/media?parent=20505"}],"wp:term":[{"taxonomy":"category","embeddable":true,"href":"https:\/\/noticiasribeiraopreto.com.br\/index.php\/wp-json\/wp\/v2\/categories?post=20505"},{"taxonomy":"post_tag","embeddable":true,"href":"https:\/\/noticiasribeiraopreto.com.br\/index.php\/wp-json\/wp\/v2\/tags?post=20505"}],"curies":[{"name":"wp","href":"https:\/\/api.w.org\/{rel}","templated":true}]}}