{"id":20513,"date":"2023-12-25T19:30:37","date_gmt":"2023-12-25T22:30:37","guid":{"rendered":"https:\/\/noticiasribeiraopreto.com.br\/index.php\/2023\/12\/25\/atencao-ifood-se-posiciona-contra-a-formalizacao-dos-motoboys-e-apresenta-argumentos-concretos\/"},"modified":"2023-12-25T19:30:37","modified_gmt":"2023-12-25T22:30:37","slug":"atencao-ifood-se-posiciona-contra-a-formalizacao-dos-motoboys-e-apresenta-argumentos-concretos","status":"publish","type":"post","link":"https:\/\/noticiasribeiraopreto.com.br\/index.php\/2023\/12\/25\/atencao-ifood-se-posiciona-contra-a-formalizacao-dos-motoboys-e-apresenta-argumentos-concretos\/","title":{"rendered":"Aten\u00e7\u00e3o! iFood se posiciona CONTRA a formaliza\u00e7\u00e3o dos motoboys e apresenta argumentos concretos"},"content":{"rendered":"<div class='code-block code-block-1' style='margin: 8px 0 8px auto; text-align: right; display: block; clear: both;'>\n<p><a href=\"https:\/\/wa.link\/vpicfd\"><img data-recalc-dims=\"1\" class=\"wp-image-4922\" style=\"aspect-ratio: 2.0253164556962027; width: 561px; height: auto;\" src=\"https:\/\/i0.wp.com\/ismaelcolosi.com.br\/wp-content\/uploads\/2023\/11\/grupo-de-empregos-whatsapp-e-facebook-ismael-colosi-vagas.jpg?ssl=1\" alt=\"\" \/><\/a><\/p>\n<!-- \/wp:image -->\n<\/div>\n<p> <br \/>\n<\/p>\n<div>\n<p>Diego Barreto, vice-presidente de finan\u00e7as e estrat\u00e9gias do<strong> iFood<\/strong>, expressou sua posi\u00e7\u00e3o contr\u00e1ria \u00e0 regulamenta\u00e7\u00e3o dos entregadores nos moldes da CLT, conforme proposto pelo governo do presidente <a href=\"https:\/\/noticiasconcursos.com.br\/atencao-lula-assegura-residencia-sem-custos-para-beneficiarios-do-bpc-e-bolsa-familia\/\">Luiz In\u00e1cio Lula da Silva<\/a> (PT).<\/p>\n<p>Em uma entrevista ao Poder Empreendedor, Barreto destacou que, na vis\u00e3o da empresa, a formaliza\u00e7\u00e3o poderia resultar no retorno dos trabalhadores a uma atua\u00e7\u00e3o exclusiva nos restaurantes.<\/p>\n<p>Atualmente, a din\u00e2mica da plataforma <strong>iFood<\/strong> envolve dois tipos de trabalhadores:<\/p>\n<ul>\n<li>Aqueles vinculados diretamente ao aplicativo, respons\u00e1veis por realizar entregas para diversos restaurantes,;<\/li>\n<li>Estabelecimentos que possuem seus pr\u00f3prios entregadores, sem um v\u00ednculo direto com a plataforma.<\/li>\n<\/ul>\n<p>Dessa forma, o <strong>iFood<\/strong> busca uma abordagem equilibrada entre essas propostas distintas.<\/p>\n<p>Diego Barreto salientou que a empresa est\u00e1 disposta a oferecer benef\u00edcios e aux\u00edlios aos trabalhadores, mas enfrenta limita\u00e7\u00f5es legais para fornecer previd\u00eancia.<\/p>\n<p>Ele sugeriu uma alternativa, propondo que a solu\u00e7\u00e3o poderia envolver a possibilidade de a empresa contribuir para o pagamento da aposentadoria.<\/p>\n<p>Segundo Barreto, \u201cO <strong>iFood<\/strong> apoia a cria\u00e7\u00e3o de um sistema previdenci\u00e1rio no qual a empresa contribua.\u201d<\/p>\n<p>A quest\u00e3o em debate deixa bem claro a complexidade envolvida na regulamenta\u00e7\u00e3o dos entregadores de aplicativos, buscando um equil\u00edbrio entre garantias trabalhistas e a flexibilidade caracter\u00edstica desse modelo de trabalho.<\/p>\n<div class=\"bs-irp left bs-irp-thumbnail-1\">\n<p>&#13;<br \/><span class=\"h-text heading-typo\">Voc\u00ea tamb\u00e9m pode gostar:<\/span>&#13; <\/p>\n<\/p><\/div>\n<p>Enfim, para uma compreens\u00e3o mais aprofundada dessa quest\u00e3o, continue a leitura abaixo.<\/p>\n<h2>Entenda o cen\u00e1rio atual e as \u00faltimas atualiza\u00e7\u00f5es sobre a formaliza\u00e7\u00e3o dos entregadores do iFood<\/h2>\n<figure id=\"attachment_782186\" aria-describedby=\"caption-attachment-782186\" style=\"width: 748px\" class=\"wp-caption aligncenter\"><img data-recalc-dims=\"1\" fetchpriority=\"high\" decoding=\"async\" class=\"size-full wp-image-782186\" alt=\"iFood\" width=\"748\" height=\"519\" srcset=\"https:\/\/noticiasconcursos.com.br\/wp-content\/uploads\/2023\/12\/noticiasconcursos.com.br-atencao-ifood-se-posiciona-contra-a-formalizacao-dos-motoboys-e-apresenta-argumentos-concretos-ifood.jpg 748w, https:\/\/noticiasconcursos.com.br\/wp-content\/uploads\/2023\/12\/noticiasconcursos.com.br-atencao-ifood-se-posiciona-contra-a-formalizacao-dos-motoboys-e-apresenta-argumentos-concretos-ifood-300x208.jpg 300w\" data-lazy-sizes=\"(max-width: 748px) 100vw, 748px\" src=\"https:\/\/i0.wp.com\/noticiasconcursos.com.br\/wp-content\/uploads\/2023\/12\/noticiasconcursos.com.br-atencao-ifood-se-posiciona-contra-a-formalizacao-dos-motoboys-e-apresenta-argumentos-concretos-ifood.jpg?resize=748%2C519&#038;ssl=1\"\/><noscript><img data-recalc-dims=\"1\" fetchpriority=\"high\" decoding=\"async\" class=\"size-full wp-image-782186\" src=\"https:\/\/i0.wp.com\/noticiasconcursos.com.br\/wp-content\/uploads\/2023\/12\/noticiasconcursos.com.br-atencao-ifood-se-posiciona-contra-a-formalizacao-dos-motoboys-e-apresenta-argumentos-concretos-ifood.jpg?resize=748%2C519&#038;ssl=1\" alt=\"iFood\" width=\"748\" height=\"519\" srcset=\"https:\/\/noticiasconcursos.com.br\/wp-content\/uploads\/2023\/12\/noticiasconcursos.com.br-atencao-ifood-se-posiciona-contra-a-formalizacao-dos-motoboys-e-apresenta-argumentos-concretos-ifood.jpg 748w, https:\/\/noticiasconcursos.com.br\/wp-content\/uploads\/2023\/12\/noticiasconcursos.com.br-atencao-ifood-se-posiciona-contra-a-formalizacao-dos-motoboys-e-apresenta-argumentos-concretos-ifood-300x208.jpg 300w\" sizes=\"(max-width: 748px) 100vw, 748px\"\/><\/noscript><figcaption id=\"caption-attachment-782186\" class=\"wp-caption-text\">iFood se manifesta contra a proposta, nos termos defendidos pelo governo, de regulamenta\u00e7\u00e3o da profiss\u00e3o dos entregadores da plataforma. Imagem: iFood Entregadores.<\/figcaption><\/figure>\n<p>Na \u00faltima quinta-feira (21 de dezembro de 2023), o Ministro do Trabalho e Emprego, Luiz Marinho, revelou que o governo est\u00e1 preparando uma proposta de regula\u00e7\u00e3o para o setor de entregas, a ser enviada ao Congresso Nacional.<\/p>\n<p>Dessa forma, mesmo diante da aus\u00eancia de um consenso entre as partes envolvidas, Marinho assegurou que a iniciativa ser\u00e1 encaminhada.<\/p>\n<p>O ministro informou que alcan\u00e7ou acordos com plataformas de entregadores, como a <a href=\"https:\/\/noticiasconcursos.com.br\/finalmente-uber-bate-o-martelo-e-decide-o-que-fazer-com-motoristas\/\">Uber<\/a>, mas enfrentou desafios com as de entrega, como o <strong>iFood.<\/strong><\/p>\n<p>A proposta inicial discutida pelos envolvidos sugere o pagamento de R$ 30 por hora trabalhada para os motoristas das plataformas.<\/p>\n<p>Ademais, estipula-se uma al\u00edquota de contribui\u00e7\u00e3o para a <a href=\"https:\/\/noticiasconcursos.com.br\/previdencia-social-facilita-o-processo-de-concessao-de-beneficios-com-pericia-medica-online\/\">Previd\u00eancia Social<\/a>, com empresas contribuindo com 20% e motoristas com 7,5%.<\/p>\n<p>Em rela\u00e7\u00e3o aos colaboradores, a contribui\u00e7\u00e3o incidir\u00e1 sobre 25% dos ganhos. De acordo com dados divulgados pelo <strong>iFood<\/strong> em julho, o sal\u00e1rio m\u00e9dio dos entregadores \u00e9 de R$ 23 por hora. Varia\u00e7\u00f5es incluem:<\/p>\n<ul>\n<li>20 horas por semana com 30% de ociosidade: R$ 807;<\/li>\n<li>20 horas por semana sem ociosidade: R$ 1.335;<\/li>\n<li>40 horas por semana com 30% de ociosidade: R$ 1.980;<\/li>\n<li>40 horas por semana sem ociosidade: R$ 3.039.<\/li>\n<\/ul>\n<p>O executivo destacou que 65% dos entregadores s\u00e3o vinculados aos pr\u00f3prios restaurantes.<\/p>\n<p>Vale ressaltar que durante sua campanha eleitoral em 2022 e ao longo de seu mandato em 2023, o presidente Lula expressou cr\u00edticas repetidas aos atuais moldes de trabalho para os profissionais que atuam em aplicativos.<\/p>\n<h3>Observa\u00e7\u00f5es adicionais<\/h3>\n<p>No m\u00eas de maio de 2023, o presidente Lula tomou a iniciativa de estabelecer um grupo de trabalho dedicado \u00e0 discuss\u00e3o e formula\u00e7\u00e3o de pol\u00edticas para a formaliza\u00e7\u00e3o de empresas no pa\u00eds.<\/p>\n<p>Durante esse processo, o<strong> iFood<\/strong> se engajou ativamente nas delibera\u00e7\u00f5es, representando o setor de alimenta\u00e7\u00e3o e servi\u00e7os.<\/p>\n<p>Diego, porta-voz da empresa, esclareceu que, embora as discuss\u00f5es tenham sido produtivas, n\u00e3o foi poss\u00edvel alcan\u00e7ar um consenso s\u00f3lido em rela\u00e7\u00e3o a uma medida p\u00fablica espec\u00edfica para abordar a quest\u00e3o da formaliza\u00e7\u00e3o.<\/p>\n<blockquote>\n<p>\u201cParticipamos de todas as reuni\u00f5es. Provemos todos os dados. Temos as nossas opini\u00f5es. Negociamos e flexibilizamos algumas delas, mas ainda n\u00e3o se chegou a um consenso\u201d<\/p>\n<\/blockquote>\n<p><strong>Voc\u00ea pode se interessar em ler tamb\u00e9m:<\/strong><\/p>\n<h2>Levantamento da Cebrap sobre o perfil dos trabalhadores do iFood<\/h2>\n<p>Uma pesquisa recente realizada pelo Centro Brasileiro de An\u00e1lise e Planejamento (Cebrap) revelou dados impressionantes sobre o perfil dos trabalhadores por aplicativo no Brasil.<\/p>\n<p>O pa\u00eds conta com uma for\u00e7a de trabalho significativa, totalizando 1,6 milh\u00e3o de pessoas, distribu\u00eddas entre os entregadores de plataformas de delivery, que somam 386 mil, e os motoristas de aplicativos de caronas, totalizando 1,27 milh\u00e3o.<\/p>\n<p>Os resultados apontam para uma predomin\u00e2ncia expressiva de homens nesse cen\u00e1rio, representando 97% da m\u00e3o-de-obra envolvida, enquanto as mulheres comp\u00f5em apenas 3% desse contingente.<\/p>\n<p>A pesquisa completa, dispon\u00edvel para <a href=\"https:\/\/static.poder360.com.br\/2023\/04\/Pesquisa-Cebrap_Amobitec_Pocket-Report-_final.pdf\" target=\"_blank\" rel=\"noopener\">download<\/a> com tamanho de 6 MB, oferece uma vis\u00e3o abrangente desse fen\u00f4meno em constante crescimento.<\/p>\n<p>Al\u00e9m de abordar a divis\u00e3o de g\u00eanero, o Cebrap se aprofundou na an\u00e1lise do perfil desses profissionais, examinando vari\u00e1veis como ra\u00e7a e escolaridade.<\/p>\n<p>Tais informa\u00e7\u00f5es detalhadas est\u00e3o dispon\u00edveis para consulta tamb\u00e9m no site oficial do <strong>iFood<\/strong>, todavia de forma mais din\u00e2mica.<\/p>\n<p>Se voc\u00ea prefere acessar os resultados e explorar os detalhes do perfil desses trabalhadores diretamente no site do <strong>iFood,<\/strong> ao inv\u00e9s de fazer o download do documento, clique [<a href=\"https:\/\/institucional.ifood.com.br\/entregadores\/pesquisa-traca-o-perfil-dos-entregadores-de-aplicativo\/\" target=\"_blank\" rel=\"noopener\">AQUI<\/a>].<\/p>\n<\/p><\/div>\n<p><br \/>\n<br \/><a href=\"https:\/\/ismaelcolosi.com.br\/atencao-ifood-se-posiciona-contra-a-formalizacao-dos-motoboys-e-apresenta-argumentos-concretos\/\">Source link <\/a><\/p>\n<!-- CONTENT END 1 -->\n","protected":false},"excerpt":{"rendered":"<p>Diego Barreto, vice-presidente de finan\u00e7as e estrat\u00e9gias do iFood, expressou sua posi\u00e7\u00e3o contr\u00e1ria \u00e0 regulamenta\u00e7\u00e3o dos entregadores nos moldes da CLT, conforme proposto pelo governo&#8230;<\/p>\n","protected":false},"author":1,"featured_media":20514,"comment_status":"open","ping_status":"open","sticky":false,"template":"","format":"standard","meta":{"advanced_seo_description":"","jetpack_seo_html_title":"","jetpack_seo_noindex":false,"jetpack_post_was_ever_published":false,"_jetpack_newsletter_access":"","_jetpack_dont_email_post_to_subs":false,"_jetpack_newsletter_tier_id":0,"_jetpack_memberships_contains_paywalled_content":false,"_jetpack_memberships_contains_paid_content":false,"footnotes":"","jetpack_publicize_message":"","jetpack_publicize_feature_enabled":true,"jetpack_social_post_already_shared":true,"jetpack_social_options":{"image_generator_settings":{"template":"highway","default_image_id":0,"font":"","enabled":false},"version":2}},"categories":[7],"tags":[],"class_list":["post-20513","post","type-post","status-publish","format-standard","has-post-thumbnail","hentry","category-vagas-de-empregos-em-ribeirao-preto-regiao-brasil"],"jetpack_publicize_connections":[],"jetpack_featured_media_url":"https:\/\/i0.wp.com\/noticiasribeiraopreto.com.br\/wp-content\/uploads\/2023\/12\/noticiasconcursos.com_.br-atencao-ifood-se-posiciona-contra-a-formalizacao-dos-motoboys-e-apresenta-argumentos-concretos-ifood.jpg?fit=748%2C519&ssl=1","jetpack-related-posts":[{"id":50575,"url":"https:\/\/noticiasribeiraopreto.com.br\/index.php\/2024\/05\/17\/bacharel-em-direito-e-escritor-quem-e-o-novo-ceo-do-ifood\/","url_meta":{"origin":20513,"position":0},"title":"Bacharel em direito e escritor: quem \u00e9 o novo CEO do iFood?","author":"noticiasribeiraopreto.com.br","date":"17 de May de 2024","format":false,"excerpt":"Reprodu\u00e7\u00e3o\/LinkedInDiego j\u00e1 atuou em empresas como Suzano Papel e Celulose, OAS, AES e Lopes Im\u00f3veis. Acessibilidade L L A- A+ \u25d0 A Movile, holding do iFood, anunciou mudan\u00e7as em seu comando nesta sexta-feira, 17. Fabr\u00edcio Bloisi, CEO e fundador da plataforma de delivery deixou o cargo para assumir a Prosus,\u2026","rel":"","context":"In &quot;Blog&quot;","block_context":{"text":"Blog","link":"https:\/\/noticiasribeiraopreto.com.br\/index.php\/category\/blog\/"},"img":{"alt_text":"","src":"https:\/\/i0.wp.com\/noticiasribeiraopreto.com.br\/wp-content\/uploads\/2024\/05\/Diego-Barreto-1024x683.png?fit=1024%2C683&ssl=1&resize=350%2C200","width":350,"height":200,"srcset":"https:\/\/i0.wp.com\/noticiasribeiraopreto.com.br\/wp-content\/uploads\/2024\/05\/Diego-Barreto-1024x683.png?fit=1024%2C683&ssl=1&resize=350%2C200 1x, https:\/\/i0.wp.com\/noticiasribeiraopreto.com.br\/wp-content\/uploads\/2024\/05\/Diego-Barreto-1024x683.png?fit=1024%2C683&ssl=1&resize=525%2C300 1.5x, https:\/\/i0.wp.com\/noticiasribeiraopreto.com.br\/wp-content\/uploads\/2024\/05\/Diego-Barreto-1024x683.png?fit=1024%2C683&ssl=1&resize=700%2C400 2x"},"classes":[]},{"id":33743,"url":"https:\/\/noticiasribeiraopreto.com.br\/index.php\/2024\/01\/30\/mais-de-5-mil-entregadores-conquistam-diploma-do-ensino-medio-em-programa-do-ifood\/","url_meta":{"origin":20513,"position":1},"title":"Mais de 5 mil entregadores conquistam diploma do Ensino M\u00e9dio em programa do iFood","author":"noticiasribeiraopreto.com.br","date":"30 de January de 2024","format":false,"excerpt":"Da reda\u00e7\u00e3oi Da reda\u00e7\u00e3o 30\/01\/2024 - 16:32 Ap\u00f3s participarem do Meu Diploma do Ensino M\u00e9dio, 5.264 entregadores e entregadoras do iFood conseguiram se formar. O programa\u00a0 promovido pela plataforma oferece bolsas 100% gratuitas para o curso preparat\u00f3rio ao Exame Nacional para Certifica\u00e7\u00e3o de Compet\u00eancias de Jovens e Adultos (Encceja).Em 2023,\u2026","rel":"","context":"In &quot;Vagas de Emprego em Ribeir\u00e3o Preto-SP&quot;","block_context":{"text":"Vagas de Emprego em Ribeir\u00e3o Preto-SP","link":"https:\/\/noticiasribeiraopreto.com.br\/index.php\/category\/empregos-classificados-vagas-trabalho\/vagas-de-empregos-em-ribeirao-preto-regiao-brasil\/"},"img":{"alt_text":"","src":"https:\/\/i0.wp.com\/noticiasribeiraopreto.com.br\/wp-content\/uploads\/2024\/01\/entregadorifood.jpg?fit=900%2C600&ssl=1&resize=350%2C200","width":350,"height":200,"srcset":"https:\/\/i0.wp.com\/noticiasribeiraopreto.com.br\/wp-content\/uploads\/2024\/01\/entregadorifood.jpg?fit=900%2C600&ssl=1&resize=350%2C200 1x, https:\/\/i0.wp.com\/noticiasribeiraopreto.com.br\/wp-content\/uploads\/2024\/01\/entregadorifood.jpg?fit=900%2C600&ssl=1&resize=525%2C300 1.5x, https:\/\/i0.wp.com\/noticiasribeiraopreto.com.br\/wp-content\/uploads\/2024\/01\/entregadorifood.jpg?fit=900%2C600&ssl=1&resize=700%2C400 2x"},"classes":[]},{"id":14886,"url":"https:\/\/noticiasribeiraopreto.com.br\/index.php\/2023\/12\/12\/ifood-oferece-credito-e-cursos-a-empreendedores-negros\/","url_meta":{"origin":20513,"position":2},"title":"iFood oferece cr\u00e9dito e cursos a empreendedores negros","author":"noticiasribeiraopreto.com.br","date":"12 de December de 2023","format":false,"excerpt":"O iFood oferece um programa de acelera\u00e7\u00e3o do empreendedorismo voltado para pessoas negras. Al\u00e9m de disponibilizar maior facilidade de cr\u00e9dito, com taxas adaptadas para esse setor, a iFood Acredita tamb\u00e9m oferece cursos gratuitos de qualifica\u00e7\u00e3o. O objetivo do programa iFood Acredita \u00e9 incentivar o crescimento de neg\u00f3cios de empreendedores negros\u2026","rel":"","context":"In &quot;Variedades&quot;","block_context":{"text":"Variedades","link":"https:\/\/noticiasribeiraopreto.com.br\/index.php\/category\/variedades\/"},"img":{"alt_text":"","src":"https:\/\/i0.wp.com\/noticiasribeiraopreto.com.br\/wp-content\/uploads\/2023\/12\/cursos-grtauitos-ifood.jpg?fit=1200%2C638&ssl=1&resize=350%2C200","width":350,"height":200,"srcset":"https:\/\/i0.wp.com\/noticiasribeiraopreto.com.br\/wp-content\/uploads\/2023\/12\/cursos-grtauitos-ifood.jpg?fit=1200%2C638&ssl=1&resize=350%2C200 1x, https:\/\/i0.wp.com\/noticiasribeiraopreto.com.br\/wp-content\/uploads\/2023\/12\/cursos-grtauitos-ifood.jpg?fit=1200%2C638&ssl=1&resize=525%2C300 1.5x, https:\/\/i0.wp.com\/noticiasribeiraopreto.com.br\/wp-content\/uploads\/2023\/12\/cursos-grtauitos-ifood.jpg?fit=1200%2C638&ssl=1&resize=700%2C400 2x, https:\/\/i0.wp.com\/noticiasribeiraopreto.com.br\/wp-content\/uploads\/2023\/12\/cursos-grtauitos-ifood.jpg?fit=1200%2C638&ssl=1&resize=1050%2C600 3x"},"classes":[]},{"id":45210,"url":"https:\/\/noticiasribeiraopreto.com.br\/index.php\/2024\/04\/02\/ifood-e-mcdonalds-interditam-cozinha-do-bbb-24-e-promovem-delicioso-almoco-com-sanduiches-da-familia-mccrispy-chicken\/","url_meta":{"origin":20513,"position":3},"title":"iFood e McDonald&#8217;s &#8220;interditam&#8221; cozinha do BBB 24 e promovem delicioso almo\u00e7o com sandu\u00edches","author":"noticiasribeiraopreto.com.br","date":"2 de April de 2024","format":false,"excerpt":"iFood e McDonald\u2019s \u201cinterditam\u201d cozinha do BBB 24 e promovem delicioso almo\u00e7o com sandu\u00edchesO McDonald\u2019s e o iFood realizaram mais um almo\u00e7o especial na casa mais vigiada do Brasil para matar a vontade dos brothers e sisters. Desta vez, quem fez sucesso na entrega do iFood foi a linha McCrispy\u2026","rel":"","context":"In &quot;Not\u00edcias de Ribeir\u00e3o Preto-SP e Regi\u00e3o&quot;","block_context":{"text":"Not\u00edcias de Ribeir\u00e3o Preto-SP e Regi\u00e3o","link":"https:\/\/noticiasribeiraopreto.com.br\/index.php\/category\/noticias-de-ribeirao-preto-sp-e-regiao-ismael-colosi\/"},"img":{"alt_text":"","src":"https:\/\/i0.wp.com\/noticiasribeiraopreto.com.br\/wp-content\/uploads\/2024\/04\/GettyImages-1026535662_435045.jpg?fit=1200%2C675&ssl=1&resize=350%2C200","width":350,"height":200,"srcset":"https:\/\/i0.wp.com\/noticiasribeiraopreto.com.br\/wp-content\/uploads\/2024\/04\/GettyImages-1026535662_435045.jpg?fit=1200%2C675&ssl=1&resize=350%2C200 1x, https:\/\/i0.wp.com\/noticiasribeiraopreto.com.br\/wp-content\/uploads\/2024\/04\/GettyImages-1026535662_435045.jpg?fit=1200%2C675&ssl=1&resize=525%2C300 1.5x, https:\/\/i0.wp.com\/noticiasribeiraopreto.com.br\/wp-content\/uploads\/2024\/04\/GettyImages-1026535662_435045.jpg?fit=1200%2C675&ssl=1&resize=700%2C400 2x, https:\/\/i0.wp.com\/noticiasribeiraopreto.com.br\/wp-content\/uploads\/2024\/04\/GettyImages-1026535662_435045.jpg?fit=1200%2C675&ssl=1&resize=1050%2C600 3x"},"classes":[]},{"id":50597,"url":"https:\/\/noticiasribeiraopreto.com.br\/index.php\/2024\/05\/17\/presidente-do-ifood-vai-comandar-grupo-holandes-de-tecnologia-prosus\/","url_meta":{"origin":20513,"position":4},"title":"Presidente do iFood vai comandar grupo holand\u00eas de tecnologia Prosus","author":"noticiasribeiraopreto.com.br","date":"17 de May de 2024","format":false,"excerpt":"Reprodu\u00e7\u00e3o\/LinkedInO iFood \u00e9 controlado pela holding de tecnologia Movile, cofundada por Bloisi e controlada pela Naspers Acessibilidade L L A- A+ \u25d0 O investidor holand\u00eas em tecnologia Prosus e seu grupo controlador sul-africano Naspers nomearam nesta sexta-feira (17) o brasileiro Fabricio Bloisi, presidente do iFood, como seu novo presidente-executivo, em\u2026","rel":"","context":"In &quot;Blog&quot;","block_context":{"text":"Blog","link":"https:\/\/noticiasribeiraopreto.com.br\/index.php\/category\/blog\/"},"img":{"alt_text":"","src":"https:\/\/i0.wp.com\/noticiasribeiraopreto.com.br\/wp-content\/uploads\/2024\/05\/Ifood-1024x683.png?fit=1024%2C683&ssl=1&resize=350%2C200","width":350,"height":200,"srcset":"https:\/\/i0.wp.com\/noticiasribeiraopreto.com.br\/wp-content\/uploads\/2024\/05\/Ifood-1024x683.png?fit=1024%2C683&ssl=1&resize=350%2C200 1x, https:\/\/i0.wp.com\/noticiasribeiraopreto.com.br\/wp-content\/uploads\/2024\/05\/Ifood-1024x683.png?fit=1024%2C683&ssl=1&resize=525%2C300 1.5x, https:\/\/i0.wp.com\/noticiasribeiraopreto.com.br\/wp-content\/uploads\/2024\/05\/Ifood-1024x683.png?fit=1024%2C683&ssl=1&resize=700%2C400 2x"},"classes":[]},{"id":63970,"url":"https:\/\/noticiasribeiraopreto.com.br\/index.php\/2025\/02\/26\/compra-de-empresa-com-atuacao-em-ribeirao-preto-pelo-ifood-e-aprovada\/","url_meta":{"origin":20513,"position":5},"title":"Compra de empresa com atua\u00e7\u00e3o em Ribeir\u00e3o Preto pelo iFood \u00e9 aprovada","author":"noticiasribeiraopreto.com.br","date":"26 de February de 2025","format":false,"excerpt":"O Tribunal do Cade (Conselho Administrativo de Defesa Econ\u00f4mica) aprovou nesta quarta-feira (26) a aquisi\u00e7\u00e3o de parte da participa\u00e7\u00e3o societ\u00e1ria da Shopper pelo iFood sem restri\u00e7\u00f5es. A decis\u00e3o foi un\u00e2nime e seguiu o voto do relator, o conselheiro Jos\u00e9 Levi. A Shopper atua em 129 cidades do Estado de S\u00e3o\u2026","rel":"","context":"In &quot;Not\u00edcias de Ribeir\u00e3o Preto-SP e Regi\u00e3o&quot;","block_context":{"text":"Not\u00edcias de Ribeir\u00e3o Preto-SP e Regi\u00e3o","link":"https:\/\/noticiasribeiraopreto.com.br\/index.php\/category\/noticias-de-ribeirao-preto-sp-e-regiao-ismael-colosi\/"},"img":{"alt_text":"","src":"https:\/\/i0.wp.com\/noticiasribeiraopreto.com.br\/wp-content\/uploads\/2024\/12\/17788_2024-12-23_18-21-24_jpg_2024-12-23_18-21-24.webp.webp?fit=1200%2C800&ssl=1&resize=350%2C200","width":350,"height":200,"srcset":"https:\/\/i0.wp.com\/noticiasribeiraopreto.com.br\/wp-content\/uploads\/2024\/12\/17788_2024-12-23_18-21-24_jpg_2024-12-23_18-21-24.webp.webp?fit=1200%2C800&ssl=1&resize=350%2C200 1x, https:\/\/i0.wp.com\/noticiasribeiraopreto.com.br\/wp-content\/uploads\/2024\/12\/17788_2024-12-23_18-21-24_jpg_2024-12-23_18-21-24.webp.webp?fit=1200%2C800&ssl=1&resize=525%2C300 1.5x, https:\/\/i0.wp.com\/noticiasribeiraopreto.com.br\/wp-content\/uploads\/2024\/12\/17788_2024-12-23_18-21-24_jpg_2024-12-23_18-21-24.webp.webp?fit=1200%2C800&ssl=1&resize=700%2C400 2x, https:\/\/i0.wp.com\/noticiasribeiraopreto.com.br\/wp-content\/uploads\/2024\/12\/17788_2024-12-23_18-21-24_jpg_2024-12-23_18-21-24.webp.webp?fit=1200%2C800&ssl=1&resize=1050%2C600 3x"},"classes":[]}],"jetpack_sharing_enabled":true,"jetpack_shortlink":"https:\/\/wp.me\/peQAOb-5kR","_links":{"self":[{"href":"https:\/\/noticiasribeiraopreto.com.br\/index.php\/wp-json\/wp\/v2\/posts\/20513","targetHints":{"allow":["GET"]}}],"collection":[{"href":"https:\/\/noticiasribeiraopreto.com.br\/index.php\/wp-json\/wp\/v2\/posts"}],"about":[{"href":"https:\/\/noticiasribeiraopreto.com.br\/index.php\/wp-json\/wp\/v2\/types\/post"}],"author":[{"embeddable":true,"href":"https:\/\/noticiasribeiraopreto.com.br\/index.php\/wp-json\/wp\/v2\/users\/1"}],"replies":[{"embeddable":true,"href":"https:\/\/noticiasribeiraopreto.com.br\/index.php\/wp-json\/wp\/v2\/comments?post=20513"}],"version-history":[{"count":0,"href":"https:\/\/noticiasribeiraopreto.com.br\/index.php\/wp-json\/wp\/v2\/posts\/20513\/revisions"}],"wp:featuredmedia":[{"embeddable":true,"href":"https:\/\/noticiasribeiraopreto.com.br\/index.php\/wp-json\/wp\/v2\/media\/20514"}],"wp:attachment":[{"href":"https:\/\/noticiasribeiraopreto.com.br\/index.php\/wp-json\/wp\/v2\/media?parent=20513"}],"wp:term":[{"taxonomy":"category","embeddable":true,"href":"https:\/\/noticiasribeiraopreto.com.br\/index.php\/wp-json\/wp\/v2\/categories?post=20513"},{"taxonomy":"post_tag","embeddable":true,"href":"https:\/\/noticiasribeiraopreto.com.br\/index.php\/wp-json\/wp\/v2\/tags?post=20513"}],"curies":[{"name":"wp","href":"https:\/\/api.w.org\/{rel}","templated":true}]}}