{"id":20705,"date":"2023-12-26T10:41:47","date_gmt":"2023-12-26T13:41:47","guid":{"rendered":"https:\/\/noticiasribeiraopreto.com.br\/index.php\/2023\/12\/26\/eua-prorrogam-isencao-de-entrevista-para-renovacao-de-visto\/"},"modified":"2023-12-26T10:41:47","modified_gmt":"2023-12-26T13:41:47","slug":"eua-prorrogam-isencao-de-entrevista-para-renovacao-de-visto","status":"publish","type":"post","link":"https:\/\/noticiasribeiraopreto.com.br\/index.php\/2023\/12\/26\/eua-prorrogam-isencao-de-entrevista-para-renovacao-de-visto\/","title":{"rendered":"EUA prorrogam isen\u00e7\u00e3o de entrevista para renova\u00e7\u00e3o de visto"},"content":{"rendered":"<div class='code-block code-block-1' style='margin: 8px 0 8px auto; text-align: right; display: block; clear: both;'>\n<p><a href=\"https:\/\/wa.link\/vpicfd\"><img data-recalc-dims=\"1\" class=\"wp-image-4922\" style=\"aspect-ratio: 2.0253164556962027; width: 561px; height: auto;\" src=\"https:\/\/i0.wp.com\/ismaelcolosi.com.br\/wp-content\/uploads\/2023\/11\/grupo-de-empregos-whatsapp-e-facebook-ismael-colosi-vagas.jpg?ssl=1\" alt=\"\" \/><\/a><\/p>\n<!-- \/wp:image -->\n<\/div>\n<p> <br \/>\n<\/p>\n<div>\n<p>Boa not\u00edcia para quem pretende viajar para os Estados Unidos e precisa renovar o visto americano. O <a href=\"https:\/\/www.state.gov\/\" target=\"_blank\" rel=\"noopener\">Departamento de Estado<\/a> decidiu prorrogar a isen\u00e7\u00e3o de entrevistas presenciais para turistas que est\u00e3o com os documentos vencidos h\u00e1 menos de 48 meses.<\/p>\n<p>A medida, em vigor desde o ano passado, estava prevista para terminar no <a href=\"https:\/\/catracalivre.com.br\/viagem-livre\/isencao-de-entrevista-para-visto-americano-expira-em-breve\/\" target=\"_blank\" rel=\"noopener\">dia 31 de dezembro<\/a> e foi\u00a0adotada para reduzir o tempo de espera de brasileiros para obter a permiss\u00e3o de entrar em territ\u00f3rio americano, que chegou a mais de 500 dias.<\/p>\n<div id=\"attachment_1479942\" class=\"wp-caption aligncenter\">\n<div class=\"d-flex justify-content-center\" data-attachment-id=\"1479942\">\n<div class=\"position-relative d-inline-block\"><img data-recalc-dims=\"1\" data-portal-copyright=\"Getty Images\/iStockphoto\" fetchpriority=\"high\" decoding=\"async\" class=\"wp-image-1479942\" title=\"Visto para os EUA\" src=\"https:\/\/i0.wp.com\/catracalivre.com.br\/wp-content\/uploads\/2017\/08\/iStock-488378440.jpg?resize=800%2C533&#038;ssl=1\" alt=\"O processo de emiss\u00e3o do visto americano \u00e9 burocr\u00e1tico e exige aten\u00e7\u00e3o e paci\u00eancia\" width=\"800\" height=\"533\" srcset=\"https:\/\/catracalivre.com.br\/wp-content\/uploads\/2017\/08\/iStock-488378440.jpg 720w, https:\/\/catracalivre.com.br\/wp-content\/uploads\/2017\/08\/iStock-488378440-450x300.jpg 450w\" sizes=\"(max-width: 800px) 100vw, 800px\"\/><\/p>\n<p>Cr\u00e9ditos: Getty Images\/iStockphoto<\/p>\n<\/div>\n<\/div>\n<p><span class=\"post-imagem__legenda\">O processo de emiss\u00e3o do visto americano \u00e9 burocr\u00e1tico e exige aten\u00e7\u00e3o e paci\u00eancia<\/span><\/p>\n<\/div>\n<p>\u201cA partir de 1\u00ba de janeiro de 2024, os funcion\u00e1rios consulares em todo o mundo t\u00eam autoridade para dispensar a exig\u00eancia de entrevista pessoal para certos requerentes de visto de n\u00e3o imigrante que j\u00e1 receberam qualquer visto de n\u00e3o imigrante, excluindo o visto de visitante B, e que estejam solicitando dentro de 48 meses da expira\u00e7\u00e3o do visto mais recente\u201d, diz nota do Departamento de Estado dos EUA.<\/p>\n<p>Entre outubro de 2022 e setembro de 2023, o \u00f3rg\u00e3o norte-americano emitiu mais de 10,4 milh\u00f5es de vistos de n\u00e3o imigrante em todo o mundo.<\/p>\n<h2>Isen\u00e7\u00e3o de entrevista para visto americano<\/h2>\n<p>De acordo com a regra vigente, os oficiais consulares t\u00eam a prerrogativa para dispensar candidatos da exig\u00eancia de entrevista nos casos de renova\u00e7\u00e3o do documento para neg\u00f3cio e turismo (B1\/B2), os mais solicitados pelos brasileiros, desde que o visto anterior n\u00e3o esteja vencido h\u00e1 mais de 48 meses.<\/p>\n<div id=\"attachment_2198713\" class=\"wp-caption aligncenter\">\n<div class=\"d-flex justify-content-center\" data-attachment-id=\"2198713\">\n<div class=\"position-relative d-inline-block\"><img data-recalc-dims=\"1\" loading=\"lazy\" data-portal-copyright=\"belterz\/iStock\" decoding=\"async\" class=\"wp-image-2198713\" src=\"https:\/\/i0.wp.com\/catracalivre.com.br\/wp-content\/uploads\/2022\/02\/como-tirar-visto-americano.jpg?resize=800%2C533&#038;ssl=1\" alt=\"O fim da isen\u00e7\u00e3o de entrevistas presenciais termina no dia 31 de dezembro\" width=\"800\" height=\"533\" srcset=\"https:\/\/catracalivre.com.br\/wp-content\/uploads\/2022\/02\/como-tirar-visto-americano.jpg 1254w, https:\/\/catracalivre.com.br\/wp-content\/uploads\/2022\/02\/como-tirar-visto-americano-450x300.jpg 450w, https:\/\/catracalivre.com.br\/wp-content\/uploads\/2022\/02\/como-tirar-visto-americano-768x512.jpg 768w\" sizes=\"auto, (max-width: 800px) 100vw, 800px\"\/><\/p>\n<p>Cr\u00e9ditos: belterz\/iStock<\/p>\n<\/div>\n<\/div>\n<p><span class=\"post-imagem__legenda\">O fim da isen\u00e7\u00e3o de entrevistas presenciais termina no dia 31 de dezembro<\/span><\/p>\n<\/div>\n<p>Al\u00e9m disso, tamb\u00e9m podem ser isentos da entrevista solicitantes dos tr\u00eas tipos para estudo e interc\u00e2mbio (F, M e J), al\u00e9m dos H-1, H-3, H-4, L, O, P e Q, caso j\u00e1 tenham recebido um visto americano anteriormente e nunca tenham tido um pedido de entrada nos EUA negado.<\/p>\n<p>Para ter este \u201cbenef\u00edcio\u201d, o candidato n\u00e3o pode ter tido um visto recusado anteriormente ou ter alguma inelegibilidade aparente ou potencial para a emiss\u00e3o da autoriza\u00e7\u00e3o de entrada nos EUA.<\/p>\n<p>No entanto, os funcion\u00e1rios consulares poder\u00e3o exigir a entrevista presencial, mesmo nos casos eleg\u00edveis de isen\u00e7\u00e3o, tendo em vista as condi\u00e7\u00f5es locais de cada posto diplom\u00e1tico.<\/p>\n<p>\u201cIncentivamos os candidatos a verificar os sites das embaixadas e consulados para obter informa\u00e7\u00f5es mais detalhadas sobre esse desenvolvimento, bem como o status operacional e os servi\u00e7os atuais\u201d, aconselha o Departamento de Estado em nota oficial.<\/p>\n<\/div>\n<p><script>\n\t\t! function(f, b, e, v, n, t, s) {\n\t\t\tif (f.fbq) return;\n\t\t\tn = f.fbq = function() {\n\t\t\t\tn.callMethod ?\n\t\t\t\t\tn.callMethod.apply(n, arguments) : n.queue.push(arguments)\n\t\t\t};\n\t\t\tif (!f._fbq) f._fbq = n;\n\t\t\tn.push = n;\n\t\t\tn.loaded = !0;\n\t\t\tn.version = '2.0';\n\t\t\tn.queue = [];\n\t\t\tt = b.createElement(e);\n\t\t\tt.async = !0;\n\t\t\tt.src = v;\n\t\t\ts = b.getElementsByTagName(e)[0];\n\t\t\ts.parentNode.insertBefore(t, s)\n\t\t}(window, document, 'script',\n\t\t\t'https:\/\/connect.facebook.net\/en_US\/fbevents.js');\n\t\tfbq('init', '338315473262380');\n\t\tfbq('track', 'PageView');\n\t<\/script><br \/>\n<br \/><br \/>\n<br \/><a href=\"https:\/\/catracalivre.com.br\/viagem-livre\/eua-prorrogam-isencao-de-entrevista-para-renovacao-de-visto\/\">Source link <\/a><\/p>\n<!-- CONTENT END 1 -->\n","protected":false},"excerpt":{"rendered":"<p>Boa not\u00edcia para quem pretende viajar para os Estados Unidos e precisa renovar o visto americano. O Departamento de Estado decidiu prorrogar a isen\u00e7\u00e3o de&#8230;<\/p>\n","protected":false},"author":1,"featured_media":20706,"comment_status":"open","ping_status":"open","sticky":false,"template":"","format":"standard","meta":{"advanced_seo_description":"","jetpack_seo_html_title":"","jetpack_seo_noindex":false,"jetpack_post_was_ever_published":false,"_jetpack_newsletter_access":"","_jetpack_dont_email_post_to_subs":false,"_jetpack_newsletter_tier_id":0,"_jetpack_memberships_contains_paywalled_content":false,"_jetpack_memberships_contains_paid_content":false,"footnotes":"","jetpack_publicize_message":"","jetpack_publicize_feature_enabled":true,"jetpack_social_post_already_shared":true,"jetpack_social_options":{"image_generator_settings":{"template":"highway","default_image_id":0,"font":"","enabled":false},"version":2}},"categories":[19],"tags":[],"class_list":["post-20705","post","type-post","status-publish","format-standard","has-post-thumbnail","hentry","category-variedades"],"jetpack_publicize_connections":[],"jetpack_featured_media_url":"https:\/\/i0.wp.com\/noticiasribeiraopreto.com.br\/wp-content\/uploads\/2023\/12\/como-tirar-visto-americano.jpg?fit=1200%2C638&ssl=1","jetpack-related-posts":[{"id":23502,"url":"https:\/\/noticiasribeiraopreto.com.br\/index.php\/2024\/01\/02\/australia-canada-e-eua-exigencia-de-visto-pelo-brasil-comeca-dia-10\/","url_meta":{"origin":20705,"position":0},"title":"Austr\u00e1lia, Canad\u00e1 e EUA: exig\u00eancia de visto pelo Brasil come\u00e7a dia 10","author":"noticiasribeiraopreto.com.br","date":"2 de January de 2024","format":false,"excerpt":"2 de janeiro de 2024 | 13:002 de janeiro de 2024 | 12:12 0A exig\u00eancia de visto para turistas do Canad\u00e1, da Austr\u00e1lia e dos Estados Unidos (EUA) entrarem no Brasil come\u00e7a a valer a partir do dia 10 de janeiro. O prazo inicial para a cobran\u00e7a do documento era\u2026","rel":"","context":"In &quot;Not\u00edcias de Ribeir\u00e3o Preto-SP e Regi\u00e3o&quot;","block_context":{"text":"Not\u00edcias de Ribeir\u00e3o Preto-SP e Regi\u00e3o","link":"https:\/\/noticiasribeiraopreto.com.br\/index.php\/category\/noticias-de-ribeirao-preto-sp-e-regiao-ismael-colosi\/"},"img":{"alt_text":"","src":"https:\/\/i0.wp.com\/noticiasribeiraopreto.com.br\/wp-content\/uploads\/2024\/01\/passaporte.jpg?fit=810%2C394&ssl=1&resize=350%2C200","width":350,"height":200,"srcset":"https:\/\/i0.wp.com\/noticiasribeiraopreto.com.br\/wp-content\/uploads\/2024\/01\/passaporte.jpg?fit=810%2C394&ssl=1&resize=350%2C200 1x, https:\/\/i0.wp.com\/noticiasribeiraopreto.com.br\/wp-content\/uploads\/2024\/01\/passaporte.jpg?fit=810%2C394&ssl=1&resize=525%2C300 1.5x, https:\/\/i0.wp.com\/noticiasribeiraopreto.com.br\/wp-content\/uploads\/2024\/01\/passaporte.jpg?fit=810%2C394&ssl=1&resize=700%2C400 2x"},"classes":[]},{"id":23671,"url":"https:\/\/noticiasribeiraopreto.com.br\/index.php\/2024\/01\/02\/brasil-comeca-a-exigir-visto-para-turistas-dos-eua-e-outros-paises-nesta-semana-entenda\/","url_meta":{"origin":20705,"position":1},"title":"Brasil come\u00e7a a exigir visto para turistas dos EUA e outros pa\u00edses nesta semana; Entenda","author":"noticiasribeiraopreto.com.br","date":"2 de January de 2024","format":false,"excerpt":"A exig\u00eancia de visto para turistas do Canad\u00e1, da Austr\u00e1lia e dos Estados Unidos (EUA) entrarem no Brasil come\u00e7a a valer a partir do dia 10 de janeiro. O prazo inicial para a cobran\u00e7a do documento era 1\u00ba de outubro de 2023, mas foi prorrogado. \u00a0 Em nota, o Minist\u00e9rio\u2026","rel":"","context":"In &quot;Not\u00edcias de Ribeir\u00e3o Preto-SP e Regi\u00e3o&quot;","block_context":{"text":"Not\u00edcias de Ribeir\u00e3o Preto-SP e Regi\u00e3o","link":"https:\/\/noticiasribeiraopreto.com.br\/index.php\/category\/noticias-de-ribeirao-preto-sp-e-regiao-ismael-colosi\/"},"img":{"alt_text":"","src":"https:\/\/i0.wp.com\/noticiasribeiraopreto.com.br\/wp-content\/uploads\/2024\/01\/aeroporto_guarulhos.png?fit=1170%2C700&ssl=1&resize=350%2C200","width":350,"height":200,"srcset":"https:\/\/i0.wp.com\/noticiasribeiraopreto.com.br\/wp-content\/uploads\/2024\/01\/aeroporto_guarulhos.png?fit=1170%2C700&ssl=1&resize=350%2C200 1x, https:\/\/i0.wp.com\/noticiasribeiraopreto.com.br\/wp-content\/uploads\/2024\/01\/aeroporto_guarulhos.png?fit=1170%2C700&ssl=1&resize=525%2C300 1.5x, https:\/\/i0.wp.com\/noticiasribeiraopreto.com.br\/wp-content\/uploads\/2024\/01\/aeroporto_guarulhos.png?fit=1170%2C700&ssl=1&resize=700%2C400 2x, https:\/\/i0.wp.com\/noticiasribeiraopreto.com.br\/wp-content\/uploads\/2024\/01\/aeroporto_guarulhos.png?fit=1170%2C700&ssl=1&resize=1050%2C600 3x"},"classes":[]},{"id":65674,"url":"https:\/\/noticiasribeiraopreto.com.br\/index.php\/2025\/03\/23\/brasil-aprova-isencao-de-visto-para-turistas-dos-eua-australia-e-canada-impactos-e-expectativas-para-o-turismo\/","url_meta":{"origin":20705,"position":2},"title":"Brasil aprova isen\u00e7\u00e3o de visto para turistas dos EUA, Austr\u00e1lia e Canad\u00e1: Impactos e expectativas para o turismo","author":"noticiasribeiraopreto.com.br","date":"23 de March de 2025","format":false,"excerpt":"Em uma decis\u00e3o que pode transformar o cen\u00e1rio tur\u00edstico nacional, o Senado Federal aprovou, em 19 de mar\u00e7o de 2025, o Projeto de Decreto Legislativo (PDL) 206\/23, que susta o decreto presidencial de 2023 que exigia visto de entrada para cidad\u00e3os dos Estados Unidos, Austr\u00e1lia e Canad\u00e1. A medida visa\u2026","rel":"","context":"In &quot;Not\u00edcias de Ribeir\u00e3o Preto-SP e Regi\u00e3o&quot;","block_context":{"text":"Not\u00edcias de Ribeir\u00e3o Preto-SP e Regi\u00e3o","link":"https:\/\/noticiasribeiraopreto.com.br\/index.php\/category\/noticias-de-ribeirao-preto-sp-e-regiao-ismael-colosi\/"},"img":{"alt_text":"","src":"https:\/\/i0.wp.com\/noticiasribeiraopreto.com.br\/wp-content\/uploads\/2025\/03\/aeroporto_internacional_de_brasilia1912223000.webp.webp?fit=1170%2C700&ssl=1&resize=350%2C200","width":350,"height":200,"srcset":"https:\/\/i0.wp.com\/noticiasribeiraopreto.com.br\/wp-content\/uploads\/2025\/03\/aeroporto_internacional_de_brasilia1912223000.webp.webp?fit=1170%2C700&ssl=1&resize=350%2C200 1x, https:\/\/i0.wp.com\/noticiasribeiraopreto.com.br\/wp-content\/uploads\/2025\/03\/aeroporto_internacional_de_brasilia1912223000.webp.webp?fit=1170%2C700&ssl=1&resize=525%2C300 1.5x, https:\/\/i0.wp.com\/noticiasribeiraopreto.com.br\/wp-content\/uploads\/2025\/03\/aeroporto_internacional_de_brasilia1912223000.webp.webp?fit=1170%2C700&ssl=1&resize=700%2C400 2x, https:\/\/i0.wp.com\/noticiasribeiraopreto.com.br\/wp-content\/uploads\/2025\/03\/aeroporto_internacional_de_brasilia1912223000.webp.webp?fit=1170%2C700&ssl=1&resize=1050%2C600 3x"},"classes":[]},{"id":80107,"url":"https:\/\/noticiasribeiraopreto.com.br\/index.php\/2025\/11\/14\/eua-mudam-regras-e-podem-negar-visto-a-pessoas-com-obesidade-e-ansiedade\/","url_meta":{"origin":20705,"position":3},"title":"EUA mudam regras e podem negar visto a pessoas com obesidade e ansiedade","author":"noticiasribeiraopreto.com.br","date":"14 de November de 2025","format":false,"excerpt":"O governo dos Estados Unidos enviou uma nova diretriz a embaixadas e consulados que altera a forma como funcion\u00e1rios analisam pedidos de visto de estrangeiros interessados em morar no pa\u00eds. A orienta\u00e7\u00e3o determina que condi\u00e7\u00f5es como obesidade, ansiedade, diabetes e outras doen\u00e7as cr\u00f4nicas passem a influenciar a decis\u00e3o final do\u2026","rel":"","context":"In &quot;Not\u00edcias de Ribeir\u00e3o Preto-SP e Regi\u00e3o&quot;","block_context":{"text":"Not\u00edcias de Ribeir\u00e3o Preto-SP e Regi\u00e3o","link":"https:\/\/noticiasribeiraopreto.com.br\/index.php\/category\/noticias-de-ribeirao-preto-sp-e-regiao-ismael-colosi\/"},"img":{"alt_text":"","src":"https:\/\/i0.wp.com\/noticiasribeiraopreto.com.br\/wp-content\/uploads\/2025\/11\/DONALD-TRUMP_2024-11-06_10-43-25_jpg_2024-11-06_10-43-25.webp.webp?fit=1200%2C935&ssl=1&resize=350%2C200","width":350,"height":200,"srcset":"https:\/\/i0.wp.com\/noticiasribeiraopreto.com.br\/wp-content\/uploads\/2025\/11\/DONALD-TRUMP_2024-11-06_10-43-25_jpg_2024-11-06_10-43-25.webp.webp?fit=1200%2C935&ssl=1&resize=350%2C200 1x, https:\/\/i0.wp.com\/noticiasribeiraopreto.com.br\/wp-content\/uploads\/2025\/11\/DONALD-TRUMP_2024-11-06_10-43-25_jpg_2024-11-06_10-43-25.webp.webp?fit=1200%2C935&ssl=1&resize=525%2C300 1.5x, https:\/\/i0.wp.com\/noticiasribeiraopreto.com.br\/wp-content\/uploads\/2025\/11\/DONALD-TRUMP_2024-11-06_10-43-25_jpg_2024-11-06_10-43-25.webp.webp?fit=1200%2C935&ssl=1&resize=700%2C400 2x, https:\/\/i0.wp.com\/noticiasribeiraopreto.com.br\/wp-content\/uploads\/2025\/11\/DONALD-TRUMP_2024-11-06_10-43-25_jpg_2024-11-06_10-43-25.webp.webp?fit=1200%2C935&ssl=1&resize=1050%2C600 3x"},"classes":[]},{"id":21120,"url":"https:\/\/noticiasribeiraopreto.com.br\/index.php\/2023\/12\/27\/ipva-2024-divulgada-lista-de-quem-tera-direito-a-isencao\/","url_meta":{"origin":20705,"position":4},"title":"IPVA 2024: Divulgada LISTA de quem ter\u00e1 direito \u00e0 ISEN\u00c7\u00c3O","author":"noticiasribeiraopreto.com.br","date":"27 de December de 2023","format":false,"excerpt":"O Imposto sobre a Propriedade de Ve\u00edculos Automotores (IPVA) \u00e9 um tributo que incide sobre a posse de ve\u00edculos, como carros, motos, caminh\u00f5es, \u00f4nibus e outros. O valor do IPVA varia de acordo com o estado, o tipo e o ano do ve\u00edculo, e \u00e9 pago anualmente pelos propriet\u00e1rios. No\u2026","rel":"","context":"In &quot;Vagas de Emprego em Ribeir\u00e3o Preto-SP&quot;","block_context":{"text":"Vagas de Emprego em Ribeir\u00e3o Preto-SP","link":"https:\/\/noticiasribeiraopreto.com.br\/index.php\/category\/empregos-classificados-vagas-trabalho\/vagas-de-empregos-em-ribeirao-preto-regiao-brasil\/"},"img":{"alt_text":"","src":"https:\/\/i0.wp.com\/noticiasribeiraopreto.com.br\/wp-content\/uploads\/2023\/12\/noticiasconcursos.com_.br-ipva-2024-divulgada-lista-de-quem-tera-direito-a-isencao-reproducao-canva-23.jpg?fit=1200%2C800&ssl=1&resize=350%2C200","width":350,"height":200,"srcset":"https:\/\/i0.wp.com\/noticiasribeiraopreto.com.br\/wp-content\/uploads\/2023\/12\/noticiasconcursos.com_.br-ipva-2024-divulgada-lista-de-quem-tera-direito-a-isencao-reproducao-canva-23.jpg?fit=1200%2C800&ssl=1&resize=350%2C200 1x, https:\/\/i0.wp.com\/noticiasribeiraopreto.com.br\/wp-content\/uploads\/2023\/12\/noticiasconcursos.com_.br-ipva-2024-divulgada-lista-de-quem-tera-direito-a-isencao-reproducao-canva-23.jpg?fit=1200%2C800&ssl=1&resize=525%2C300 1.5x, https:\/\/i0.wp.com\/noticiasribeiraopreto.com.br\/wp-content\/uploads\/2023\/12\/noticiasconcursos.com_.br-ipva-2024-divulgada-lista-de-quem-tera-direito-a-isencao-reproducao-canva-23.jpg?fit=1200%2C800&ssl=1&resize=700%2C400 2x, https:\/\/i0.wp.com\/noticiasribeiraopreto.com.br\/wp-content\/uploads\/2023\/12\/noticiasconcursos.com_.br-ipva-2024-divulgada-lista-de-quem-tera-direito-a-isencao-reproducao-canva-23.jpg?fit=1200%2C800&ssl=1&resize=1050%2C600 3x"},"classes":[]},{"id":61464,"url":"https:\/\/noticiasribeiraopreto.com.br\/index.php\/2024\/12\/13\/alesp-aprova-isencao-de-ipva-por-dois-anos-para-veiculos-hibridos-em-sao-paulo\/","url_meta":{"origin":20705,"position":5},"title":"Alesp Aprova Isen\u00e7\u00e3o de IPVA por Dois Anos para Ve\u00edculos H\u00edbridos em S\u00e3o Paulo","author":"noticiasribeiraopreto.com.br","date":"13 de December de 2024","format":false,"excerpt":"A Assembleia Legislativa de S\u00e3o Paulo (Alesp) aprovou, nesta quinta-feira (12), o projeto de lei que isenta os ve\u00edculos h\u00edbridos do pagamento do Imposto sobre a Propriedade de Ve\u00edculos Automotores (IPVA) por um per\u00edodo de dois anos. A iniciativa faz parte de um conjunto de medidas para promover a sustentabilidade\u2026","rel":"","context":"In &quot;Not\u00edcias de Ribeir\u00e3o Preto-SP e Regi\u00e3o&quot;","block_context":{"text":"Not\u00edcias de Ribeir\u00e3o Preto-SP e Regi\u00e3o","link":"https:\/\/noticiasribeiraopreto.com.br\/index.php\/category\/noticias-de-ribeirao-preto-sp-e-regiao-ismael-colosi\/"},"img":{"alt_text":"","src":"https:\/\/i0.wp.com\/noticiasribeiraopreto.com.br\/wp-content\/uploads\/2024\/12\/anfavea-carros-eletricos_mcamgo_abr_14062023-14.webp.webp?fit=1170%2C700&ssl=1&resize=350%2C200","width":350,"height":200,"srcset":"https:\/\/i0.wp.com\/noticiasribeiraopreto.com.br\/wp-content\/uploads\/2024\/12\/anfavea-carros-eletricos_mcamgo_abr_14062023-14.webp.webp?fit=1170%2C700&ssl=1&resize=350%2C200 1x, https:\/\/i0.wp.com\/noticiasribeiraopreto.com.br\/wp-content\/uploads\/2024\/12\/anfavea-carros-eletricos_mcamgo_abr_14062023-14.webp.webp?fit=1170%2C700&ssl=1&resize=525%2C300 1.5x, https:\/\/i0.wp.com\/noticiasribeiraopreto.com.br\/wp-content\/uploads\/2024\/12\/anfavea-carros-eletricos_mcamgo_abr_14062023-14.webp.webp?fit=1170%2C700&ssl=1&resize=700%2C400 2x, https:\/\/i0.wp.com\/noticiasribeiraopreto.com.br\/wp-content\/uploads\/2024\/12\/anfavea-carros-eletricos_mcamgo_abr_14062023-14.webp.webp?fit=1170%2C700&ssl=1&resize=1050%2C600 3x"},"classes":[]}],"jetpack_sharing_enabled":true,"jetpack_shortlink":"https:\/\/wp.me\/peQAOb-5nX","_links":{"self":[{"href":"https:\/\/noticiasribeiraopreto.com.br\/index.php\/wp-json\/wp\/v2\/posts\/20705","targetHints":{"allow":["GET"]}}],"collection":[{"href":"https:\/\/noticiasribeiraopreto.com.br\/index.php\/wp-json\/wp\/v2\/posts"}],"about":[{"href":"https:\/\/noticiasribeiraopreto.com.br\/index.php\/wp-json\/wp\/v2\/types\/post"}],"author":[{"embeddable":true,"href":"https:\/\/noticiasribeiraopreto.com.br\/index.php\/wp-json\/wp\/v2\/users\/1"}],"replies":[{"embeddable":true,"href":"https:\/\/noticiasribeiraopreto.com.br\/index.php\/wp-json\/wp\/v2\/comments?post=20705"}],"version-history":[{"count":0,"href":"https:\/\/noticiasribeiraopreto.com.br\/index.php\/wp-json\/wp\/v2\/posts\/20705\/revisions"}],"wp:featuredmedia":[{"embeddable":true,"href":"https:\/\/noticiasribeiraopreto.com.br\/index.php\/wp-json\/wp\/v2\/media\/20706"}],"wp:attachment":[{"href":"https:\/\/noticiasribeiraopreto.com.br\/index.php\/wp-json\/wp\/v2\/media?parent=20705"}],"wp:term":[{"taxonomy":"category","embeddable":true,"href":"https:\/\/noticiasribeiraopreto.com.br\/index.php\/wp-json\/wp\/v2\/categories?post=20705"},{"taxonomy":"post_tag","embeddable":true,"href":"https:\/\/noticiasribeiraopreto.com.br\/index.php\/wp-json\/wp\/v2\/tags?post=20705"}],"curies":[{"name":"wp","href":"https:\/\/api.w.org\/{rel}","templated":true}]}}