{"id":20709,"date":"2023-12-26T10:53:05","date_gmt":"2023-12-26T13:53:05","guid":{"rendered":"https:\/\/noticiasribeiraopreto.com.br\/index.php\/2023\/12\/26\/procon-explica-o-que-fazer-para-a-troca-de-presentes-do-natal\/"},"modified":"2023-12-26T10:53:05","modified_gmt":"2023-12-26T13:53:05","slug":"procon-explica-o-que-fazer-para-a-troca-de-presentes-do-natal","status":"publish","type":"post","link":"https:\/\/noticiasribeiraopreto.com.br\/index.php\/2023\/12\/26\/procon-explica-o-que-fazer-para-a-troca-de-presentes-do-natal\/","title":{"rendered":"Procon explica o que fazer para a troca de presentes do Natal"},"content":{"rendered":"<div class='code-block code-block-1' style='margin: 8px 0 8px auto; text-align: right; display: block; clear: both;'>\n<p><a href=\"https:\/\/wa.link\/vpicfd\"><img data-recalc-dims=\"1\" class=\"wp-image-4922\" style=\"aspect-ratio: 2.0253164556962027; width: 561px; height: auto;\" src=\"https:\/\/i0.wp.com\/ismaelcolosi.com.br\/wp-content\/uploads\/2023\/11\/grupo-de-empregos-whatsapp-e-facebook-ismael-colosi-vagas.jpg?ssl=1\" alt=\"\" \/><\/a><\/p>\n<!-- \/wp:image -->\n<\/div>\n<p> <br \/>\n<\/p>\n<div id=\"\">\n<p> <span class=\"entry-meta-item penci-posted-on\"><i class=\"fa fa-clock-o\"\/><time class=\"entry-date published\" datetime=\"2023-12-26T10:00:33-03:00\">26 de dezembro de 2023 | 10:00<\/time><time class=\"updated\" datetime=\"2023-12-26T09:13:17-03:00\">26 de dezembro de 2023 | 9:13<\/time><\/span><\/p>\n<p> <span class=\"penci-social-buttons penci-social-share-footer\"><a href=\"#\" class=\"penci-post-like penci_post-meta_item  single-like-button penci-social-item like\" data-post_id=\"368408\" title=\"Like\" data-like=\"Like\" data-unlike=\"Unlike\"><i class=\"fa fa-thumbs-o-up\"\/><span class=\"penci-share-number\">0<\/span><\/a><i class=\"fa fa-facebook\"\/><a class=\"penci-social-item twitter\" target=\"_blank\" rel=\"noopener\" title=\"\" href=\"https:\/\/twitter.com\/intent\/tweet?text=Procon%20explica%20o%20que%20fazer%20para%20a%20troca%20de%20presentes%20do%20Natal%20-%20https:\/\/www.tribunaribeirao.com.br\/site\/procon-explica-o-que-fazer-para-a-troca-de-presentes-do-natal\/\"><i class=\"fa fa-twitter\"\/><\/a><i class=\"fa fa-whatsapp\"\/><\/span><\/div>\n<div>\n<p>O Natal passou, mas ficaram aqueles presentes que as pessoas ganham muitas vezes na cor errada, fora do gosto ou do tamanho. O Procon lembra, no entanto, que nenhuma loja \u00e9 obrigada a trocar o produto se esse n\u00e3o apresenta nenhum tipo de defeito de qualidade ou quantidade. De acordo com o C\u00f3digo de Defesa do Consumidor, o cliente s\u00f3 tem direito \u00e0 troca do produto se n\u00e3o for poss\u00edvel a substitui\u00e7\u00e3o das partes defeituosas ou se o v\u00edcio n\u00e3o for sanado no prazo m\u00e1ximo de 30 dias. Nesse caso, o consumidor poder\u00e1 escolher entre a substitui\u00e7\u00e3o do produto por outro em perfeitas condi\u00e7\u00f5es, receber o dinheiro de volta ou, ainda, obter o abatimento proporcional do pre\u00e7o.<noscript><img data-recalc-dims=\"1\" decoding=\"async\" src=\"https:\/\/i0.wp.com\/agenciabrasil.ebc.com.br\/ebc.png?ssl=1\"\/><\/noscript><img data-recalc-dims=\"1\" decoding=\"async\" src=\"https:\/\/i0.wp.com\/agenciabrasil.ebc.com.br\/ebc.gif?ssl=1\" class=\"lazyload\"\/><noscript><img data-recalc-dims=\"1\" decoding=\"async\" src=\"https:\/\/i0.wp.com\/agenciabrasil.ebc.com.br\/ebc.gif?ssl=1\"\/><\/noscript><\/p>\n<p>Entretanto, apesar de saber que n\u00e3o h\u00e1 obrigatoriedade na realiza\u00e7\u00e3o de trocas apenas por gosto ou tamanho, muitas lojas, para n\u00e3o gerar decep\u00e7\u00e3o e fidelizar o cliente, oferecem esse benef\u00edcio em sua pol\u00edtica de troca, que precisa, por\u00e9m, estar exposta ao consumidor de forma clara, com todas as condi\u00e7\u00f5es necess\u00e1rias para utiliza\u00e7\u00e3o desse benef\u00edcio.<\/p>\n<p><strong>Nota Fiscal<\/strong> \u2013 O Procon adverte que mesmo nas compras de presentes, a nota fiscal deve ser entregue ao comprador, porque constitui o documento oficial que comprova a data, o local e o objeto da compra. Caso o produto apresente qualquer problema, ela \u00e9 a garantia do consumidor. A nota fiscal de compra pode ser eletr\u00f4nica ou impressa. De qualquer forma, ela deve ser entregue ao consumidor obrigatoriamente, inclusive nas compras feitas pela internet. Muitas lojas que oferecem troca de presentes entregam tamb\u00e9m um comprovante, sem o pre\u00e7o da mercadoria, que poder\u00e1 ser usado pelo presenteado, caso o produto n\u00e3o agrade. Por isso, esse documento deve ser colocado junto ao pacote.<\/p>\n<p><strong>Compras online<\/strong> \u2013 Nas compras online, o artigo 49 do C\u00f3digo de Defesa do Consumidor define que caso o comprador se arrependa da compra efetuada por qualquer motivo, ele poder\u00e1 cancel\u00e1-la em at\u00e9 7 dias, contados a partir do recebimento do produto ou da assinatura do contrato. Desse modo, ele ter\u00e1 a devolu\u00e7\u00e3o integral dos valores pagos, inclusive frete, se for o caso. O Procon destaca, entretanto, que essa opera\u00e7\u00e3o n\u00e3o constitui troca mas, sim, arrependimento. A troca de produtos nas lojas virtuais segue as mesmas regras das lojas f\u00edsicas.<\/p>\n<p>Caso o cliente queira fazer uma reclama\u00e7\u00e3o, o Procon disponibiliza seus canais de atendimento online no site do \u00f3rg\u00e3o de seu estado.<\/p>\n<\/div>\n<p><script async src=\"\/\/platform.twitter.com\/widgets.js\" charset=\"utf-8\"><\/script><br \/>\n<br \/><br \/>\n<br \/><a href=\"https:\/\/www.tribunaribeirao.com.br\/site\/procon-explica-o-que-fazer-para-a-troca-de-presentes-do-natal\/\">Source link <\/a><\/p>\n<!-- CONTENT END 1 -->\n","protected":false},"excerpt":{"rendered":"<p>26 de dezembro de 2023 | 10:0026 de dezembro de 2023 | 9:13 0 O Natal passou, mas ficaram aqueles presentes que as pessoas ganham&#8230;<\/p>\n","protected":false},"author":1,"featured_media":20710,"comment_status":"open","ping_status":"open","sticky":false,"template":"","format":"standard","meta":{"advanced_seo_description":"","jetpack_seo_html_title":"","jetpack_seo_noindex":false,"jetpack_post_was_ever_published":false,"_jetpack_newsletter_access":"","_jetpack_dont_email_post_to_subs":false,"_jetpack_newsletter_tier_id":0,"_jetpack_memberships_contains_paywalled_content":false,"_jetpack_memberships_contains_paid_content":false,"footnotes":"","jetpack_publicize_message":"","jetpack_publicize_feature_enabled":true,"jetpack_social_post_already_shared":true,"jetpack_social_options":{"image_generator_settings":{"template":"highway","default_image_id":0,"font":"","enabled":false},"version":2}},"categories":[11],"tags":[2669,284,288,71,2670,630,297],"class_list":["post-20709","post","type-post","status-publish","format-standard","has-post-thumbnail","hentry","category-noticias-de-ribeirao-preto-sp-e-regiao-ismael-colosi","tag-explica","tag-fazer","tag-natal","tag-para","tag-presentes","tag-procon","tag-troca"],"jetpack_publicize_connections":[],"jetpack_featured_media_url":"https:\/\/i0.wp.com\/noticiasribeiraopreto.com.br\/wp-content\/uploads\/2023\/12\/9ddea4b2-616c-408b-918d-06929d5e2441-scaled.jpg?fit=1000%2C598&ssl=1","jetpack-related-posts":[{"id":21012,"url":"https:\/\/noticiasribeiraopreto.com.br\/index.php\/2023\/12\/26\/procon-explica-o-que-fazer-para-a-troca-de-presentes-do-natal-2\/","url_meta":{"origin":20709,"position":0},"title":"Procon explica o que fazer para a troca de presentes do Natal","author":"noticiasribeiraopreto.com.br","date":"26 de December de 2023","format":false,"excerpt":"O Natal passou, mas ficaram aqueles presentes que as pessoas ganham muitas vezes na cor errada, fora do gosto ou do tamanho. Cr\u00e9ditos: Ag\u00eancia Brasil\/Rovena Rosa Procon explica o que fazer para a troca de presentes do Natal O Procon lembra, no entanto, que nenhuma loja \u00e9 obrigada a trocar\u2026","rel":"","context":"In &quot;Variedades&quot;","block_context":{"text":"Variedades","link":"https:\/\/noticiasribeiraopreto.com.br\/index.php\/category\/variedades\/"},"img":{"alt_text":"","src":"https:\/\/i0.wp.com\/noticiasribeiraopreto.com.br\/wp-content\/uploads\/2023\/12\/procon-explica-o-que-fazer-para-a-troca-de-presentes-do-natal.png?fit=1200%2C638&ssl=1&resize=350%2C200","width":350,"height":200,"srcset":"https:\/\/i0.wp.com\/noticiasribeiraopreto.com.br\/wp-content\/uploads\/2023\/12\/procon-explica-o-que-fazer-para-a-troca-de-presentes-do-natal.png?fit=1200%2C638&ssl=1&resize=350%2C200 1x, https:\/\/i0.wp.com\/noticiasribeiraopreto.com.br\/wp-content\/uploads\/2023\/12\/procon-explica-o-que-fazer-para-a-troca-de-presentes-do-natal.png?fit=1200%2C638&ssl=1&resize=525%2C300 1.5x, https:\/\/i0.wp.com\/noticiasribeiraopreto.com.br\/wp-content\/uploads\/2023\/12\/procon-explica-o-que-fazer-para-a-troca-de-presentes-do-natal.png?fit=1200%2C638&ssl=1&resize=700%2C400 2x, https:\/\/i0.wp.com\/noticiasribeiraopreto.com.br\/wp-content\/uploads\/2023\/12\/procon-explica-o-que-fazer-para-a-troca-de-presentes-do-natal.png?fit=1200%2C638&ssl=1&resize=1050%2C600 3x"},"classes":[]},{"id":61877,"url":"https:\/\/noticiasribeiraopreto.com.br\/index.php\/2024\/12\/26\/vai-precisar-trocar-o-presente-de-natal-procon-sp-orienta\/","url_meta":{"origin":20709,"position":1},"title":"Vai precisar trocar o presente de Natal? Procon-SP orienta","author":"noticiasribeiraopreto.com.br","date":"26 de December de 2024","format":false,"excerpt":"A troca de presentes ap\u00f3s o Natal, que n\u00e3o serviram ou agradaram os gostos, n\u00e3o \u00e9 uma obriga\u00e7\u00e3o do comerciante, segundo o Procon-SP. De acordo com o C\u00f3digo de Defesa do Consumidor, as lojas nem sempre s\u00e3o obrigadas a fazer troca de um produto que n\u00e3o agradou ou n\u00e3o serviu.\u2026","rel":"","context":"In &quot;Not\u00edcias de Ribeir\u00e3o Preto-SP e Regi\u00e3o&quot;","block_context":{"text":"Not\u00edcias de Ribeir\u00e3o Preto-SP e Regi\u00e3o","link":"https:\/\/noticiasribeiraopreto.com.br\/index.php\/category\/noticias-de-ribeirao-preto-sp-e-regiao-ismael-colosi\/"},"img":{"alt_text":"","src":"https:\/\/i0.wp.com\/noticiasribeiraopreto.com.br\/wp-content\/uploads\/2024\/12\/calcadao_ribeirao_1024x576_08052021130028.jpg?fit=1024%2C575&ssl=1&resize=350%2C200","width":350,"height":200,"srcset":"https:\/\/i0.wp.com\/noticiasribeiraopreto.com.br\/wp-content\/uploads\/2024\/12\/calcadao_ribeirao_1024x576_08052021130028.jpg?fit=1024%2C575&ssl=1&resize=350%2C200 1x, https:\/\/i0.wp.com\/noticiasribeiraopreto.com.br\/wp-content\/uploads\/2024\/12\/calcadao_ribeirao_1024x576_08052021130028.jpg?fit=1024%2C575&ssl=1&resize=525%2C300 1.5x, https:\/\/i0.wp.com\/noticiasribeiraopreto.com.br\/wp-content\/uploads\/2024\/12\/calcadao_ribeirao_1024x576_08052021130028.jpg?fit=1024%2C575&ssl=1&resize=700%2C400 2x"},"classes":[]},{"id":81181,"url":"https:\/\/noticiasribeiraopreto.com.br\/index.php\/2025\/12\/26\/entenda-os-direitos-do-consumidor-para-trocas-de-presentes-de-natal\/","url_meta":{"origin":20709,"position":2},"title":"Entenda os direitos do consumidor para trocas de presentes de Natal","author":"noticiasribeiraopreto.com.br","date":"26 de December de 2025","format":false,"excerpt":"\r \r \r 26 de dezembro de 2025 08:41 \r Compartilhar0 O primeiro dia \u00fatil ap\u00f3s o Natal \u00e9 tradicionalmente conhecido como o \u201cdia das trocas\u201d, mas nem sempre os consumidores sabem quais s\u00e3o, de fato, os seus direitos. O Procon Estadual do Rio de Janeiro esclarece o que determina\u2026","rel":"","context":"In &quot;Not\u00edcias de Ribeir\u00e3o Preto-SP e Regi\u00e3o&quot;","block_context":{"text":"Not\u00edcias de Ribeir\u00e3o Preto-SP e Regi\u00e3o","link":"https:\/\/noticiasribeiraopreto.com.br\/index.php\/category\/noticias-de-ribeirao-preto-sp-e-regiao-ismael-colosi\/"},"img":{"alt_text":"","src":"https:\/\/i0.wp.com\/noticiasribeiraopreto.com.br\/wp-content\/uploads\/2025\/12\/1-natal-comercio_max-gallao-mesquita-scaled.jpeg?fit=800%2C490&ssl=1&resize=350%2C200","width":350,"height":200,"srcset":"https:\/\/i0.wp.com\/noticiasribeiraopreto.com.br\/wp-content\/uploads\/2025\/12\/1-natal-comercio_max-gallao-mesquita-scaled.jpeg?fit=800%2C490&ssl=1&resize=350%2C200 1x, https:\/\/i0.wp.com\/noticiasribeiraopreto.com.br\/wp-content\/uploads\/2025\/12\/1-natal-comercio_max-gallao-mesquita-scaled.jpeg?fit=800%2C490&ssl=1&resize=525%2C300 1.5x, https:\/\/i0.wp.com\/noticiasribeiraopreto.com.br\/wp-content\/uploads\/2025\/12\/1-natal-comercio_max-gallao-mesquita-scaled.jpeg?fit=800%2C490&ssl=1&resize=700%2C400 2x"},"classes":[]},{"id":21096,"url":"https:\/\/noticiasribeiraopreto.com.br\/index.php\/2023\/12\/27\/saiba-o-que-pode-e-o-que-nao-pode-na-hora-de-trocar-presentes\/","url_meta":{"origin":20709,"position":3},"title":"saiba o que pode e o que n\u00e3o pode na hora de trocar presentes","author":"noticiasribeiraopreto.com.br","date":"27 de December de 2023","format":false,"excerpt":"O Natal passou, mas ficaram aqueles presentes que as pessoas ganham muitas vezes na cor errada, fora do gosto ou do tamanho. Cr\u00e9ditos: Fernando Fraz\u00e3o\/Ag\u00eancia BrasilNatal: saiba o que pode e o que n\u00e3o pode na hora de trocar presentes O Procon lembra, no entanto, que nenhuma loja \u00e9 obrigada\u2026","rel":"","context":"In &quot;Variedades&quot;","block_context":{"text":"Variedades","link":"https:\/\/noticiasribeiraopreto.com.br\/index.php\/category\/variedades\/"},"img":{"alt_text":"","src":"https:\/\/i0.wp.com\/noticiasribeiraopreto.com.br\/wp-content\/uploads\/2023\/12\/so-compre-presente-de-dia-dos-pais-apos-ler-esta-noticia.jpg?fit=1200%2C638&ssl=1&resize=350%2C200","width":350,"height":200,"srcset":"https:\/\/i0.wp.com\/noticiasribeiraopreto.com.br\/wp-content\/uploads\/2023\/12\/so-compre-presente-de-dia-dos-pais-apos-ler-esta-noticia.jpg?fit=1200%2C638&ssl=1&resize=350%2C200 1x, https:\/\/i0.wp.com\/noticiasribeiraopreto.com.br\/wp-content\/uploads\/2023\/12\/so-compre-presente-de-dia-dos-pais-apos-ler-esta-noticia.jpg?fit=1200%2C638&ssl=1&resize=525%2C300 1.5x, https:\/\/i0.wp.com\/noticiasribeiraopreto.com.br\/wp-content\/uploads\/2023\/12\/so-compre-presente-de-dia-dos-pais-apos-ler-esta-noticia.jpg?fit=1200%2C638&ssl=1&resize=700%2C400 2x, https:\/\/i0.wp.com\/noticiasribeiraopreto.com.br\/wp-content\/uploads\/2023\/12\/so-compre-presente-de-dia-dos-pais-apos-ler-esta-noticia.jpg?fit=1200%2C638&ssl=1&resize=1050%2C600 3x"},"classes":[]},{"id":20393,"url":"https:\/\/noticiasribeiraopreto.com.br\/index.php\/2023\/12\/25\/precisa-trocar-seu-presente-de-natal-confira-quais-sao-seus-direitos\/","url_meta":{"origin":20709,"position":4},"title":"Precisa trocar seu presente de Natal? Confira quais s\u00e3o seus direitos!","author":"noticiasribeiraopreto.com.br","date":"25 de December de 2023","format":false,"excerpt":"Ap\u00f3s as festas de Natal, pode tornar-se necess\u00e1rio trocar presentes. Nesse sentido, o Departamento do Consumidor da Secretaria de Justi\u00e7a, Cidadania e Direitos Humanos preparou algumas orienta\u00e7\u00f5es para que o consumidor esteja ciente de seus direitos. Existem distintos direitos a considerar: direito de arrependimento, direito em caso de defeito, pol\u00edtica\u2026","rel":"","context":"In &quot;Vagas de Emprego em Ribeir\u00e3o Preto-SP&quot;","block_context":{"text":"Vagas de Emprego em Ribeir\u00e3o Preto-SP","link":"https:\/\/noticiasribeiraopreto.com.br\/index.php\/category\/empregos-classificados-vagas-trabalho\/vagas-de-empregos-em-ribeirao-preto-regiao-brasil\/"},"img":{"alt_text":"","src":"","width":0,"height":0},"classes":[]},{"id":12172,"url":"https:\/\/noticiasribeiraopreto.com.br\/index.php\/2023\/12\/07\/por-que-no-natal-damos-presentes-para-outras-pessoas-meu-valor-digital\/","url_meta":{"origin":20709,"position":5},"title":"Por que no Natal damos presentes para outras pessoas? &#8211; Meu Valor Digital","author":"noticiasribeiraopreto.com.br","date":"7 de December de 2023","format":false,"excerpt":"No clima acolhedor do Natal, envolver-se na troca de presentes \u00e9 uma tradi\u00e7\u00e3o querida por muitos. Mas, voc\u00ea j\u00e1 parou para se perguntar por que essa pr\u00e1tica se tornou t\u00e3o arraigada nas celebra\u00e7\u00f5es natalinas? Neste artigo, exploraremos as origens e significados por tr\u00e1s do ato generoso de presentear amigos e\u2026","rel":"","context":"In &quot;Vagas de Emprego em Ribeir\u00e3o Preto-SP&quot;","block_context":{"text":"Vagas de Emprego em Ribeir\u00e3o Preto-SP","link":"https:\/\/noticiasribeiraopreto.com.br\/index.php\/category\/empregos-classificados-vagas-trabalho\/vagas-de-empregos-em-ribeirao-preto-regiao-brasil\/"},"img":{"alt_text":"","src":"https:\/\/i0.wp.com\/noticiasribeiraopreto.com.br\/wp-content\/uploads\/2023\/12\/casal-trocando-presentes-de-natal.jpg?fit=1200%2C801&ssl=1&resize=350%2C200","width":350,"height":200,"srcset":"https:\/\/i0.wp.com\/noticiasribeiraopreto.com.br\/wp-content\/uploads\/2023\/12\/casal-trocando-presentes-de-natal.jpg?fit=1200%2C801&ssl=1&resize=350%2C200 1x, https:\/\/i0.wp.com\/noticiasribeiraopreto.com.br\/wp-content\/uploads\/2023\/12\/casal-trocando-presentes-de-natal.jpg?fit=1200%2C801&ssl=1&resize=525%2C300 1.5x, https:\/\/i0.wp.com\/noticiasribeiraopreto.com.br\/wp-content\/uploads\/2023\/12\/casal-trocando-presentes-de-natal.jpg?fit=1200%2C801&ssl=1&resize=700%2C400 2x, https:\/\/i0.wp.com\/noticiasribeiraopreto.com.br\/wp-content\/uploads\/2023\/12\/casal-trocando-presentes-de-natal.jpg?fit=1200%2C801&ssl=1&resize=1050%2C600 3x"},"classes":[]}],"jetpack_sharing_enabled":true,"jetpack_shortlink":"https:\/\/wp.me\/peQAOb-5o1","_links":{"self":[{"href":"https:\/\/noticiasribeiraopreto.com.br\/index.php\/wp-json\/wp\/v2\/posts\/20709","targetHints":{"allow":["GET"]}}],"collection":[{"href":"https:\/\/noticiasribeiraopreto.com.br\/index.php\/wp-json\/wp\/v2\/posts"}],"about":[{"href":"https:\/\/noticiasribeiraopreto.com.br\/index.php\/wp-json\/wp\/v2\/types\/post"}],"author":[{"embeddable":true,"href":"https:\/\/noticiasribeiraopreto.com.br\/index.php\/wp-json\/wp\/v2\/users\/1"}],"replies":[{"embeddable":true,"href":"https:\/\/noticiasribeiraopreto.com.br\/index.php\/wp-json\/wp\/v2\/comments?post=20709"}],"version-history":[{"count":0,"href":"https:\/\/noticiasribeiraopreto.com.br\/index.php\/wp-json\/wp\/v2\/posts\/20709\/revisions"}],"wp:featuredmedia":[{"embeddable":true,"href":"https:\/\/noticiasribeiraopreto.com.br\/index.php\/wp-json\/wp\/v2\/media\/20710"}],"wp:attachment":[{"href":"https:\/\/noticiasribeiraopreto.com.br\/index.php\/wp-json\/wp\/v2\/media?parent=20709"}],"wp:term":[{"taxonomy":"category","embeddable":true,"href":"https:\/\/noticiasribeiraopreto.com.br\/index.php\/wp-json\/wp\/v2\/categories?post=20709"},{"taxonomy":"post_tag","embeddable":true,"href":"https:\/\/noticiasribeiraopreto.com.br\/index.php\/wp-json\/wp\/v2\/tags?post=20709"}],"curies":[{"name":"wp","href":"https:\/\/api.w.org\/{rel}","templated":true}]}}