{"id":20743,"date":"2023-12-26T12:18:19","date_gmt":"2023-12-26T15:18:19","guid":{"rendered":"https:\/\/noticiasribeiraopreto.com.br\/index.php\/2023\/12\/26\/indisponibilidade-do-servico-de-impressao-universidade-federal-da-integracao-latino-americana\/"},"modified":"2023-12-26T12:18:19","modified_gmt":"2023-12-26T15:18:19","slug":"indisponibilidade-do-servico-de-impressao-universidade-federal-da-integracao-latino-americana","status":"publish","type":"post","link":"https:\/\/noticiasribeiraopreto.com.br\/index.php\/2023\/12\/26\/indisponibilidade-do-servico-de-impressao-universidade-federal-da-integracao-latino-americana\/","title":{"rendered":"Indisponibilidade do servi\u00e7o de impress\u00e3o \u2014 Universidade Federal da Integra\u00e7\u00e3o Latino-Americana"},"content":{"rendered":"<div class='code-block code-block-1' style='margin: 8px 0 8px auto; text-align: right; display: block; clear: both;'>\n<p><a href=\"https:\/\/wa.link\/vpicfd\"><img data-recalc-dims=\"1\" class=\"wp-image-4922\" style=\"aspect-ratio: 2.0253164556962027; width: 561px; height: auto;\" src=\"https:\/\/i0.wp.com\/ismaelcolosi.com.br\/wp-content\/uploads\/2023\/11\/grupo-de-empregos-whatsapp-e-facebook-ismael-colosi-vagas.jpg?ssl=1\" alt=\"\" \/><\/a><\/p>\n<!-- \/wp:image -->\n<\/div>\n<p> <br \/>\n<\/p>\n<div> <head><noscript\/><meta name=\"viewport\" content=\"width=0\"\/> <meta charset=\"UTF-8\"\/>  <link rel=\"profile\" href=\"http:\/\/gmpg.org\/xfn\/11\"\/>  <meta name=\"robots\" content=\"index, follow, max-image-preview:large, max-snippet:-1, max-video-preview:-1\"\/>  <title>Indisponibilidade do servi\u00e7o de impress\u00e3o \u2014 Universidade Federal da Integra\u00e7\u00e3o Latino-Americana &#8211; Ismael Colosi<\/title> <link rel=\"canonical\" href=\"https:\/\/ismaelcolosi.com.br\/indisponibilidade-do-servico-de-impressao-universidade-federal-da-integracao-latino-americana\/\"\/> <meta property=\"og:locale\" content=\"pt_BR\"\/> <meta property=\"og:type\" content=\"article\"\/> <meta property=\"og:title\" content=\"Indisponibilidade do servi\u00e7o de impress\u00e3o \u2014 Universidade Federal da Integra\u00e7\u00e3o Latino-Americana - Ismael Colosi\"\/> <meta property=\"og:description\" content=\"Institucional SERVIDORES O servi\u00e7o de impress\u00e3o da UNILA estar\u00e1 indispon\u00edvel a partir das 15h do dia 29 de dezembro, porque\"\/> <meta property=\"og:url\" content=\"https:\/\/ismaelcolosi.com.br\/indisponibilidade-do-servico-de-impressao-universidade-federal-da-integracao-latino-americana\/\"\/> <meta property=\"og:site_name\" content=\"Ismael Colosi\"\/> <meta property=\"article:published_time\" content=\"2023-12-26T15:16:50+00:00\"\/> <meta name=\"author\" content=\"administrador\"\/> <meta name=\"twitter:card\" content=\"summary_large_image\"\/> <meta name=\"twitter:label1\" content=\"Escrito por\"\/> <meta name=\"twitter:data1\" content=\"administrador\"\/> <meta name=\"twitter:label2\" content=\"Est. tempo de leitura\"\/> <meta name=\"twitter:data2\" content=\"1 minuto\"\/>   <link rel=\"dns-prefetch\" href=\"https:\/\/mliq9rbhanfv.i.optimole.com\"\/> <link rel=\"dns-prefetch\" href=\"https:\/\/pagead2.googlesyndication.com\"\/> <link rel=\"preconnect\" href=\"https:\/\/mliq9rbhanfv.i.optimole.com\"\/> <link rel=\"alternate\" type=\"application\/rss+xml\" title=\"Feed para   Ismael Colosi \u00bb\" href=\"https:\/\/ismaelcolosi.com.br\/feed\/\"\/> <link rel=\"alternate\" type=\"application\/rss+xml\" title=\"Feed de coment\u00e1rios para   Ismael Colosi \u00bb\" href=\"https:\/\/ismaelcolosi.com.br\/comments\/feed\/\"\/> <link rel=\"alternate\" type=\"application\/rss+xml\" title=\"Feed de coment\u00e1rios para   Ismael Colosi \u00bb Indisponibilidade do servi\u00e7o de impress\u00e3o \u2014 Universidade Federal da Integra\u00e7\u00e3o Latino-Americana\" href=\"https:\/\/ismaelcolosi.com.br\/indisponibilidade-do-servico-de-impressao-universidade-federal-da-integracao-latino-americana\/feed\/\"\/>   <link rel=\"stylesheet\" id=\"wp-block-library-css\" href=\"https:\/\/ismaelcolosi.com.br\/wp-includes\/css\/dist\/block-library\/style.min.css?ver=6.4.2\" type=\"text\/css\" media=\"print\" onload=\"this.media=\" all=\"\"\/><noscript><link rel=\"stylesheet\" id=\"wp-block-library-css\" href=\"https:\/\/ismaelcolosi.com.br\/wp-includes\/css\/dist\/block-library\/style.min.css?ver=6.4.2\" type=\"text\/css\" media=\"all\"\/><\/noscript>   <link rel=\"stylesheet\" href=\"https:\/\/ismaelcolosi.com.br\/s\/724a12.css\" media=\"print\" onload=\"this.media=\" all=\"\"\/><noscript><link rel=\"stylesheet\" href=\"https:\/\/ismaelcolosi.com.br\/s\/724a12.css\"\/><\/noscript> <link rel=\"stylesheet\" id=\"spab-front-end-style-css\" href=\"https:\/\/ismaelcolosi.com.br\/wp-content\/plugins\/social-pug-author-box\/assets\/css\/style-front-end.css?ver=6.4.2\" type=\"text\/css\" media=\"print\" onload=\"this.media=\" all=\"\"\/><noscript><link rel=\"stylesheet\" id=\"spab-front-end-style-css\" href=\"https:\/\/ismaelcolosi.com.br\/wp-content\/plugins\/social-pug-author-box\/assets\/css\/style-front-end.css?ver=6.4.2\" type=\"text\/css\" media=\"all\"\/><\/noscript> <link rel=\"stylesheet\" id=\"wp_automatic_gallery_style-css\" href=\"https:\/\/ismaelcolosi.com.br\/wp-content\/plugins\/wp-automatic\/css\/wp-automatic.css?ver=1.0.0\" type=\"text\/css\" media=\"print\" onload=\"this.media=\" all=\"\"\/><noscript><link rel=\"stylesheet\" id=\"wp_automatic_gallery_style-css\" href=\"https:\/\/ismaelcolosi.com.br\/wp-content\/plugins\/wp-automatic\/css\/wp-automatic.css?ver=1.0.0\" type=\"text\/css\" media=\"all\"\/><\/noscript> <link rel=\"stylesheet\" id=\"wpmaquina-css\" href=\"https:\/\/ismaelcolosi.com.br\/wp-content\/plugins\/wpmaquina\/public\/css\/wpmaquina-public.css?ver=1.0\" type=\"text\/css\" media=\"print\" onload=\"this.media=\" all=\"\"\/><noscript><link rel=\"stylesheet\" id=\"wpmaquina-css\" href=\"https:\/\/ismaelcolosi.com.br\/wp-content\/plugins\/wpmaquina\/public\/css\/wpmaquina-public.css?ver=1.0\" type=\"text\/css\" media=\"all\"\/><\/noscript> <link rel=\"stylesheet\" id=\"cmplz-general-css\" href=\"https:\/\/ismaelcolosi.com.br\/wp-content\/plugins\/complianz-gdpr\/assets\/css\/cookieblocker.min.css?ver=6.5.6\" type=\"text\/css\" media=\"print\" onload=\"this.media=\" all=\"\"\/><noscript><link rel=\"stylesheet\" id=\"cmplz-general-css\" href=\"https:\/\/ismaelcolosi.com.br\/wp-content\/plugins\/complianz-gdpr\/assets\/css\/cookieblocker.min.css?ver=6.5.6\" type=\"text\/css\" media=\"all\"\/><\/noscript> <link rel=\"stylesheet\" id=\"colormag_style-css\" href=\"https:\/\/ismaelcolosi.com.br\/wp-content\/themes\/colormag\/style.css?ver=3.0.9\" type=\"text\/css\" media=\"print\" onload=\"this.media=\" all=\"\"\/><noscript><link rel=\"stylesheet\" id=\"colormag_style-css\" href=\"https:\/\/ismaelcolosi.com.br\/wp-content\/themes\/colormag\/style.css?ver=3.0.9\" type=\"text\/css\" media=\"all\"\/><\/noscript>  <link rel=\"stylesheet\" id=\"colormag-fontawesome-css\" href=\"https:\/\/ismaelcolosi.com.br\/wp-content\/themes\/colormag\/assets\/library\/fontawesome\/css\/font-awesome.min.css?ver=3.0.9\" type=\"text\/css\" media=\"print\" onload=\"this.media=\" all=\"\"\/><noscript><link rel=\"stylesheet\" id=\"colormag-fontawesome-css\" href=\"https:\/\/ismaelcolosi.com.br\/wp-content\/themes\/colormag\/assets\/library\/fontawesome\/css\/font-awesome.min.css?ver=3.0.9\" type=\"text\/css\" media=\"all\"\/><\/noscript>        <link rel=\"https:\/\/api.w.org\/\" href=\"https:\/\/ismaelcolosi.com.br\/wp-json\/\"\/><link rel=\"alternate\" type=\"application\/json\" href=\"https:\/\/ismaelcolosi.com.br\/wp-json\/wp\/v2\/posts\/15266\"\/><link rel=\"EditURI\" type=\"application\/rsd+xml\" title=\"RSD\" href=\"https:\/\/ismaelcolosi.com.br\/xmlrpc.php?rsd\"\/> <meta name=\"generator\" content=\"WordPress 6.4.2\"\/> <link rel=\"shortlink\" href=\"https:\/\/ismaelcolosi.com.br\/?p=15266\"\/> <link rel=\"alternate\" type=\"application\/json+oembed\" href=\"https:\/\/ismaelcolosi.com.br\/wp-json\/oembed\/1.0\/embed?url=https%3A%2F%2Fismaelcolosi.com.br%2Findisponibilidade-do-servico-de-impressao-universidade-federal-da-integracao-latino-americana%2F\"\/> <link rel=\"alternate\" type=\"text\/xml+oembed\" href=\"https:\/\/ismaelcolosi.com.br\/wp-json\/oembed\/1.0\/embed?url=https%3A%2F%2Fismaelcolosi.com.br%2Findisponibilidade-do-servico-de-impressao-universidade-federal-da-integracao-latino-americana%2F&amp;format=xml\"\/>     <meta name=\"generator\" content=\"Site Kit by Google 1.116.0\"\/><link rel=\"alternate\" type=\"text\/html\" media=\"only screen and (max-width: 640px)\" href=\"https:\/\/ismaelcolosi.com.br\/indisponibilidade-do-servico-de-impressao-universidade-federal-da-integracao-latino-americana\/?amp=1\"\/><meta name=\"google-site-verification\" content=\"wdDWNNvFdK0Uq9firAHimyBy4bnZNpHgKUqny3AS9zc\"\/>  <meta name=\"google-adsense-platform-account\" content=\"ca-host-pub-2644536267352236\"\/> <meta name=\"google-adsense-platform-domain\" content=\"sitekit.withgoogle.com\"\/>  <link rel=\"amphtml\" href=\"https:\/\/ismaelcolosi.com.br\/indisponibilidade-do-servico-de-impressao-universidade-federal-da-integracao-latino-americana\/?amp=1\"\/><meta name=\"generator\" content=\"Optimole 3.12.1\"\/>      <link rel=\"icon\" href=\"https:\/\/mliq9rbhanfv.i.optimole.com\/w:32\/h:32\/q:mauto\/f:best\/https:\/\/ismaelcolosi.com.br\/wp-content\/uploads\/2023\/04\/cropped-ismael-colosi-foto-perfil-2.jpg\" sizes=\"32x32\"\/> <link rel=\"icon\" href=\"https:\/\/mliq9rbhanfv.i.optimole.com\/w:192\/h:192\/q:mauto\/f:best\/https:\/\/ismaelcolosi.com.br\/wp-content\/uploads\/2023\/04\/cropped-ismael-colosi-foto-perfil-2.jpg\" sizes=\"192x192\"\/> <link rel=\"apple-touch-icon\" href=\"https:\/\/mliq9rbhanfv.i.optimole.com\/w:180\/h:180\/q:mauto\/f:best\/https:\/\/ismaelcolosi.com.br\/wp-content\/uploads\/2023\/04\/cropped-ismael-colosi-foto-perfil-2.jpg\"\/> <meta name=\"msapplication-TileImage\" content=\"https:\/\/mliq9rbhanfv.i.optimole.com\/w:270\/h:270\/q:mauto\/f:best\/https:\/\/ismaelcolosi.com.br\/wp-content\/uploads\/2023\/04\/cropped-ismael-colosi-foto-perfil-2.jpg\"\/>   <\/head> <body data-cmplz=\"1\" class=\"post-template-default single single-post postid-15266 single-format-standard wp-custom-logo wp-embed-responsive cm-header-layout-1 adv-style-1  wide aa-prefix-ismae-\" id=\"wp_automatic_ReadabilityBody\"> <\/p>\n<div id=\"page\" class=\"hfeed site\"> <a class=\"skip-link screen-reader-text\" href=\"#main\">Pular para o conte\u00fado<\/a>  <\/p>\n<div id=\"cm-content\" class=\"cm-content\">\n<div class=\"cm-container\">\n<div class=\"cm-row\">\n<div id=\"cm-primary\" class=\"cm-primary\">\n<div class=\"cm-posts\">\n<article id=\"post-15266\" class=\"post-15266 post type-post status-publish format-standard has-post-thumbnail hentry category-concurso-publico\">\n<div class=\"cm-featured-image\"> <img data-recalc-dims=\"1\" width=\"200\" height=\"141\" src=\"https:\/\/i0.wp.com\/mliq9rbhanfv.i.optimole.com\/w%3A200\/h%3A141\/q%3Amauto\/rt%3Afill\/g%3Ace\/f%3Abest\/https%3A\/\/ismaelcolosi.com.br\/wp-content\/uploads\/2023\/12\/1703603813_logo.png?resize=200%2C141&#038;ssl=1\" class=\"attachment-colormag-featured-image size-colormag-featured-image wp-post-image lazy\" alt=\"\" decoding=\"async\" loading=\"lazy\"\/><noscript><img data-recalc-dims=\"1\" loading=\"lazy\" width=\"200\" height=\"141\" src=\"https:\/\/i0.wp.com\/mliq9rbhanfv.i.optimole.com\/w%3A200\/h%3A141\/q%3Amauto\/rt%3Afill\/g%3Ace\/f%3Abest\/https%3A\/\/ismaelcolosi.com.br\/wp-content\/uploads\/2023\/12\/1703603813_logo.png?resize=200%2C141&#038;ssl=1\" class=\"attachment-colormag-featured-image size-colormag-featured-image wp-post-image\" alt=\"\" decoding=\"async\"\/><\/noscript> <\/div>\n<div class=\"cm-post-content\">\n<div class=\"cm-entry-summary\">\n<div id=\"content\">\n<article vocab=\"http:\/\/schema.org\/\" typeof=\"Article\" prefix=\"rnews: http:\/\/iptc.org\/std\/rNews\/2011-10-07#\">\n<p class=\"section\" property=\"rnews:articleSection\">Institucional <\/p>\n<h2 class=\"nitfSubtitle\" property=\"rnews:alternativeHeadline\">SERVIDORES<\/h2>\n<p>O servi\u00e7o de impress\u00e3o da UNILA estar\u00e1 indispon\u00edvel a partir das 15h do dia 29 de dezembro, porque passar\u00e1 por manuten\u00e7\u00e3o e atualiza\u00e7\u00e3o. Previs\u00e3o de restabelecimento \u00e9 at\u00e9 2 de janeiro.<\/p>\n<div id=\"viewlet-below-content-title\">\n<p> <span class=\"documentPublished\"><br \/><span>publicado<\/span>:<br \/><span property=\"rnews:datePublished\">26\/12\/2023 11h45<\/span>,<br \/><\/span><\/p>\n<p> <span class=\"documentModified\"><br \/><span>\u00faltima modifica\u00e7\u00e3o<\/span>:<br \/><span property=\"rnews:dateModified\">26\/12\/2023 11h45<\/span><br \/><\/span><\/p>\n<\/p><\/div>\n<div property=\"rnews:articleBody\">\n<p dir=\"ltr\"><span>A Coordenadoria de Tecnologia da Informa\u00e7\u00e3o (CTIC) informa que, no dia 29 de dezembro, \u00e0s 15h, haver\u00e1 a manuten\u00e7\u00e3o e atualiza\u00e7\u00e3o do servi\u00e7o de impress\u00e3o da UNILA. Portanto, a partir deste dia e hor\u00e1rio, o servi\u00e7o estar\u00e1 indispon\u00edvel na Universidade. Assim, a CTIC orienta que as atividades de impress\u00e3o sejam antecipadas, considerando a indisponibilidade do servi\u00e7o na data prevista.<\/span><\/p>\n<p><span>O servi\u00e7o ser\u00e1 restaurado at\u00e9 o dia 2 de janeiro, com as seguintes mudan\u00e7as principais:<\/span><\/p>\n<ul>\n<li dir=\"ltr\">\n<p dir=\"ltr\"><span>Os servidores de impress\u00e3o trabalhar\u00e3o de forma unificada e n\u00e3o haver\u00e1 mais divis\u00f5es entre as unidades.<\/span><\/p>\n<\/li>\n<li dir=\"ltr\">\n<p dir=\"ltr\"><span>Duas novas filas de impress\u00e3o aparecer\u00e3o como: a) Impressora-UNILA \u2013 impress\u00e3o monocrom\u00e1tica (preto e branco); b) Impressora-UNILA-COLOR \u2013 impress\u00e3o colorida.<\/span><\/p>\n<\/li>\n<li dir=\"ltr\">\n<p dir=\"ltr\"><span>A libera\u00e7\u00e3o da impress\u00e3o poder\u00e1 ser realizada em qualquer impressora da institui\u00e7\u00e3o, independentemente da unidade.<\/span><\/p>\n<\/li>\n<\/ul>\n<p><span>Em caso de d\u00favidas, a Divis\u00e3o de Suporte T\u00e9cnico (DISUT\/CTIC) estar\u00e1 dispon\u00edvel pelo ramal 3522-9777 ou pela <span class=\"underline\"><a class=\"external-link\" href=\"https:\/\/servicos.unila.edu.br\/\" target=\"_blank\" title=\"\" rel=\"noopener\">Central de Servi\u00e7os<\/a><\/span>.<\/span><\/p>\n<\/p><\/div>\n<\/article>\n<\/div>\n<p><a href=\"https:\/\/portal.unila.edu.br\/informes\/indisponibilidade-do-servico-de-impressao\">Source link <\/a><\/p>\n<\/p><\/div>\n<\/p><\/div>\n<\/article><\/div>\n<ul class=\"default-wp-page\">\n<li class=\"previous\"><a href=\"https:\/\/ismaelcolosi.com.br\/em-propaganda-instituicao-anuncia-novo-edital\/\" rel=\"prev\"><span class=\"meta-nav\"><svg xmlns=\"http:\/\/www.w3.org\/2000\/svg\" class=\"cm-icon cm-icon--arrow-left-long\" viewbox=\"0 0 24 24\"><path d=\"M2 12.38a1 1 0 0 1 0-.76.91.91 0 0 1 .22-.33L6.52 7a1 1 0 0 1 1.42 0 1 1 0 0 1 0 1.41L5.36 11H21a1 1 0 0 1 0 2H5.36l2.58 2.58a1 1 0 0 1 0 1.41 1 1 0 0 1-.71.3 1 1 0 0 1-.71-.3l-4.28-4.28a.91.91 0 0 1-.24-.33Z\"\/><\/svg><\/span> em propaganda, institui\u00e7\u00e3o anuncia novo edital<\/a><\/li>\n<li class=\"next\"\/> <\/ul><\/div>\n<\/p><\/div>\n<\/p><\/div>\n<\/p><\/div>\n<p>  <a href=\"#cm-masthead\" id=\"scroll-up\"><i class=\"fa fa-chevron-up\"\/><\/a> <\/div>\n<div id=\"cmplz-cookiebanner-container\">\n<div class=\"cmplz-cookiebanner cmplz-hidden banner-1 optin cmplz-bottom-right cmplz-categories-type-view-preferences\" aria-modal=\"true\" data-nosnippet=\"true\" role=\"dialog\" aria-live=\"polite\" aria-labelledby=\"cmplz-header-1-optin\" aria-describedby=\"cmplz-message-1-optin\">\n<div class=\"cmplz-body\">\n<p>Para fornecer as melhores experi\u00eancias, usamos tecnologias como cookies para armazenar e\/ou acessar informa\u00e7\u00f5es do dispositivo. O consentimento para essas tecnologias nos permitir\u00e1 processar dados como comportamento de navega\u00e7\u00e3o ou IDs exclusivos neste site. N\u00e3o consentir ou retirar o consentimento pode afetar negativamente certos recursos e fun\u00e7\u00f5es.<\/p>\n<div class=\"cmplz-categories\">\n<details class=\"cmplz-category cmplz-functional\">\n<summary>  <\/summary>\n<p> <span class=\"cmplz-description-functional\">O armazenamento ou acesso t\u00e9cnico \u00e9 estritamente necess\u00e1rio para a finalidade leg\u00edtima de permitir a utiliza\u00e7\u00e3o de um servi\u00e7o espec\u00edfico explicitamente solicitado pelo assinante ou utilizador, ou com a finalidade exclusiva de efetuar a transmiss\u00e3o de uma comunica\u00e7\u00e3o atrav\u00e9s de uma rede de comunica\u00e7\u00f5es eletr\u00f3nicas.<\/span> <\/p>\n<\/details>\n<details class=\"cmplz-category cmplz-preferences\">\n<summary>  <\/summary>\n<p> <span class=\"cmplz-description-preferences\">O armazenamento ou acesso t\u00e9cnico \u00e9 necess\u00e1rio para o prop\u00f3sito leg\u00edtimo de armazenar prefer\u00eancias que n\u00e3o s\u00e3o solicitadas pelo assinante ou usu\u00e1rio.<\/span> <\/p>\n<\/details>\n<details class=\"cmplz-category cmplz-statistics\">\n<summary>  <\/summary>\n<p> <span class=\"cmplz-description-statistics\">O armazenamento ou acesso t\u00e9cnico que \u00e9 usado exclusivamente para fins estat\u00edsticos.<\/span> <span class=\"cmplz-description-statistics-anonymous\">O armazenamento t\u00e9cnico ou acesso que \u00e9 usado exclusivamente para fins estat\u00edsticos an\u00f4nimos. Sem uma intima\u00e7\u00e3o, conformidade volunt\u00e1ria por parte de seu provedor de servi\u00e7os de Internet ou registros adicionais de terceiros, as informa\u00e7\u00f5es armazenadas ou recuperadas apenas para esse fim geralmente n\u00e3o podem ser usadas para identific\u00e1-lo.<\/span> <\/p>\n<\/details>\n<details class=\"cmplz-category cmplz-marketing\">\n<summary>  <\/summary>\n<p> <span class=\"cmplz-description-marketing\">O armazenamento ou acesso t\u00e9cnico \u00e9 necess\u00e1rio para criar perfis de usu\u00e1rio para enviar publicidade ou para rastrear o usu\u00e1rio em um site ou em v\u00e1rios sites para fins de marketing semelhantes.<\/span> <\/p>\n<\/details><\/div>\n<\/p><\/div>\n<\/p><\/div>\n<\/p><\/div>\n<p><button class=\"cmplz-btn cmplz-hidden cmplz-manage-consent manage-consent-1\">Gerenciar o consentimento<\/button> <\/p>\n<p>             <\/body> <\/div>\n<p><script type=\"text\/plain\" data-service=\"facebook\" data-category=\"marketing\">\n    (function() {\n        var po = document.createElement('script');\n        po.async = true;\n        po.src = document.location.protocol + '\/\/connect.facebook.net\/pt_BR\/all.js#xfbml=1';\n        var head = document.getElementsByTagName('head')[0];\n        head.appendChild(po);\n    }());\n    <\/script><script type=\"text\/plain\" data-service=\"facebook\" data-category=\"marketing\">\n!function(f,b,e,v,n,t,s)\n{if(f.fbq)return;n=f.fbq=function(){n.callMethod?\nn.callMethod.apply(n,arguments):n.queue.push(arguments)};\nif(!f._fbq)f._fbq=n;n.push=n;n.loaded=!0;n.version='2.0';\nn.queue=[];t=b.createElement(e);t.async=!0;\nt.src=v;s=b.getElementsByTagName(e)[0];\ns.parentNode.insertBefore(t,s)}(window, document,'script',\n'https:\/\/connect.facebook.net\/en_US\/fbevents.js');\nfbq('init', '1694825530706772');\nfbq('track', 'PageView');\n<\/script><br \/>\n<br \/><br \/>\n<br \/><a href=\"https:\/\/ismaelcolosi.com.br\/indisponibilidade-do-servico-de-impressao-universidade-federal-da-integracao-latino-americana\/\">Source link <\/a><\/p>\n<!-- CONTENT END 1 -->\n","protected":false},"excerpt":{"rendered":"<p>Indisponibilidade do servi\u00e7o de impress\u00e3o \u2014 Universidade Federal da Integra\u00e7\u00e3o Latino-Americana &#8211; Ismael Colosi Pular para o conte\u00fado Institucional SERVIDORES O servi\u00e7o de impress\u00e3o da&#8230;<\/p>\n","protected":false},"author":1,"featured_media":20744,"comment_status":"open","ping_status":"open","sticky":false,"template":"","format":"standard","meta":{"advanced_seo_description":"","jetpack_seo_html_title":"","jetpack_seo_noindex":false,"jetpack_post_was_ever_published":false,"_jetpack_newsletter_access":"","_jetpack_dont_email_post_to_subs":false,"_jetpack_newsletter_tier_id":0,"_jetpack_memberships_contains_paywalled_content":false,"_jetpack_memberships_contains_paid_content":false,"footnotes":"","jetpack_publicize_message":"","jetpack_publicize_feature_enabled":true,"jetpack_social_post_already_shared":true,"jetpack_social_options":{"image_generator_settings":{"template":"highway","default_image_id":0,"font":"","enabled":false},"version":2}},"categories":[7],"tags":[],"class_list":["post-20743","post","type-post","status-publish","format-standard","has-post-thumbnail","hentry","category-vagas-de-empregos-em-ribeirao-preto-regiao-brasil"],"jetpack_publicize_connections":[],"jetpack_featured_media_url":"https:\/\/i0.wp.com\/noticiasribeiraopreto.com.br\/wp-content\/uploads\/2023\/12\/1703603813_logo.png?fit=200%2C141&ssl=1","jetpack-related-posts":[{"id":15901,"url":"https:\/\/noticiasribeiraopreto.com.br\/index.php\/2023\/12\/14\/regimento-interno-universidade-federal-da-integracao-latino-americana\/","url_meta":{"origin":20743,"position":0},"title":"Regimento Interno \u2014 Universidade Federal da Integra\u00e7\u00e3o Latino-Americana","author":"noticiasribeiraopreto.com.br","date":"14 de December de 2023","format":false,"excerpt":"O Regimento Interno do Programa de P\u00f3s-gradua\u00e7\u00e3o em Hist\u00f3ria \u00e9 o documento basilar que estabelece as normas, regras e condutas ao corpo docente, discente e t\u00e9cnico do Programa. \u00c9 nele que a comunidade vai encontrar normas espec\u00edficas para atribui\u00e7\u00e3o de notas, procedimentos para aproveitamento de disciplinas, para a avalia\u00e7\u00e3o final\u2026","rel":"","context":"In &quot;Vagas de Emprego em Ribeir\u00e3o Preto-SP&quot;","block_context":{"text":"Vagas de Emprego em Ribeir\u00e3o Preto-SP","link":"https:\/\/noticiasribeiraopreto.com.br\/index.php\/category\/empregos-classificados-vagas-trabalho\/vagas-de-empregos-em-ribeirao-preto-regiao-brasil\/"},"img":{"alt_text":"","src":"","width":0,"height":0},"classes":[]},{"id":11671,"url":"https:\/\/noticiasribeiraopreto.com.br\/index.php\/2023\/12\/06\/atendimento-do-ru-universidade-federal-da-integracao-latino-americana\/","url_meta":{"origin":20743,"position":1},"title":"Atendimento do RU \u2014 Universidade Federal da Integra\u00e7\u00e3o Latino-Americana","author":"noticiasribeiraopreto.com.br","date":"6 de December de 2023","format":false,"excerpt":"Atendimento do RU \u2014 Universidade Federal da Integra\u00e7\u00e3o Latino-Americana - Ismael Colosi Pular para o conte\u00fado Institucional ESTUDANTES Restaurante Universit\u00e1rio localizado no PTI seguir\u00e1 funcionando durante o per\u00edodo de recesso acad\u00eamico, com exce\u00e7\u00e3o dos dias 25 de dezembro e 1\u00ba de janeiro. publicado:06\/12\/2023 16h10, \u00faltima modifica\u00e7\u00e3o:06\/12\/2023 16h10 A Pr\u00f3-Reitoria de\u2026","rel":"","context":"In &quot;Vagas de Emprego em Ribeir\u00e3o Preto-SP&quot;","block_context":{"text":"Vagas de Emprego em Ribeir\u00e3o Preto-SP","link":"https:\/\/noticiasribeiraopreto.com.br\/index.php\/category\/empregos-classificados-vagas-trabalho\/vagas-de-empregos-em-ribeirao-preto-regiao-brasil\/"},"img":{"alt_text":"","src":"https:\/\/i0.wp.com\/mliq9rbhanfv.i.optimole.com\/w%3A200\/h%3A141\/q%3Amauto\/f%3Abest\/https%3A\/\/ismaelcolosi.com.br\/wp-content\/uploads\/2023\/12\/1701890938_logo.png?resize=350%2C200&ssl=1","width":350,"height":200},"classes":[]},{"id":17549,"url":"https:\/\/noticiasribeiraopreto.com.br\/index.php\/2023\/12\/18\/treinamento-dos-inspetores-escolares-universidade-federal-da-integracao-latino-americana\/","url_meta":{"origin":20743,"position":2},"title":"Treinamento dos Inspetores Escolares \u2014 Universidade Federal da Integra\u00e7\u00e3o Latino-Americana","author":"noticiasribeiraopreto.com.br","date":"18 de December de 2023","format":false,"excerpt":"Treinamento dos Inspetores Escolares \u2014 Universidade Federal da Integra\u00e7\u00e3o Latino-Americana - Ismael Colosi Pular para o conte\u00fado Institucional Na quinta-feira (21), das 13h \u00e0s 15h, n\u00e3o haver\u00e1 atendimento dos Inspetores Escolares no PTI e no Bloco de Aulas do Campus Integra\u00e7\u00e3o, devido \u00e0 realiza\u00e7\u00e3o de treinamento. publicado:18\/12\/2023 15h34, \u00faltima modifica\u00e7\u00e3o:18\/12\/2023\u2026","rel":"","context":"In &quot;Vagas de Emprego em Ribeir\u00e3o Preto-SP&quot;","block_context":{"text":"Vagas de Emprego em Ribeir\u00e3o Preto-SP","link":"https:\/\/noticiasribeiraopreto.com.br\/index.php\/category\/empregos-classificados-vagas-trabalho\/vagas-de-empregos-em-ribeirao-preto-regiao-brasil\/"},"img":{"alt_text":"","src":"https:\/\/i0.wp.com\/mliq9rbhanfv.i.optimole.com\/w%3A200\/h%3A141\/q%3Amauto\/rt%3Afill\/g%3Ace\/f%3Abest\/https%3A\/\/ismaelcolosi.com.br\/wp-content\/uploads\/2023\/12\/1702928252_logo.png?resize=350%2C200&ssl=1","width":350,"height":200},"classes":[]},{"id":19021,"url":"https:\/\/noticiasribeiraopreto.com.br\/index.php\/2023\/12\/21\/acesso-ao-pti-universidade-federal-da-integracao-latino-americana\/","url_meta":{"origin":20743,"position":3},"title":"Acesso ao PTI \u2014 Universidade Federal da Integra\u00e7\u00e3o Latino-Americana","author":"noticiasribeiraopreto.com.br","date":"21 de December de 2023","format":false,"excerpt":"Acesso ao PTI \u2014 Universidade Federal da Integra\u00e7\u00e3o Latino-Americana - Ismael Colosi Pular para o conte\u00fado Institucional Estudantes que precisarem acessar o PTI aos finais de semana e feriados, durante o recesso acad\u00eamico, dever\u00e3o solicitar a libera\u00e7\u00e3o com anteced\u00eancia. publicado:21\/12\/2023 14h34, \u00faltima modifica\u00e7\u00e3o:21\/12\/2023 14h34 A Seguran\u00e7a Institucional do Parque Tecnol\u00f3gico\u2026","rel":"","context":"In &quot;Vagas de Emprego em Ribeir\u00e3o Preto-SP&quot;","block_context":{"text":"Vagas de Emprego em Ribeir\u00e3o Preto-SP","link":"https:\/\/noticiasribeiraopreto.com.br\/index.php\/category\/empregos-classificados-vagas-trabalho\/vagas-de-empregos-em-ribeirao-preto-regiao-brasil\/"},"img":{"alt_text":"","src":"https:\/\/i0.wp.com\/mliq9rbhanfv.i.optimole.com\/w%3A200\/h%3A141\/q%3Amauto\/rt%3Afill\/g%3Ace\/f%3Abest\/https%3A\/\/ismaelcolosi.com.br\/wp-content\/uploads\/2023\/12\/1703181456_logo.png?resize=350%2C200&ssl=1","width":350,"height":200},"classes":[]},{"id":18086,"url":"https:\/\/noticiasribeiraopreto.com.br\/index.php\/2023\/12\/19\/assistencia-a-saude-suplementar-universidade-federal-da-integracao-latino-americana\/","url_meta":{"origin":20743,"position":4},"title":"Assist\u00eancia \u00e0 Sa\u00fade Suplementar \u2014 Universidade Federal da Integra\u00e7\u00e3o Latino-Americana","author":"noticiasribeiraopreto.com.br","date":"19 de December de 2023","format":false,"excerpt":"Servidores(as) benefici\u00e1rios(as) da assist\u00eancia \u00e0 sa\u00fade suplementar devem comprovar os gastos com plano de sa\u00fade referentes aos anos de 2022 e 2023. Prazo para comprova\u00e7\u00e3o encerra-se em 29 de fevereiro de 2024. publicado:19\/12\/2023 17h58, \u00faltima modifica\u00e7\u00e3o:19\/12\/2023 17h58 Conforme a Instru\u00e7\u00e3o Normativa SRT\/MGI n\u00ba 30\/2023\u00a0e o comunicado do\u00a0Minist\u00e9rio da Gest\u00e3o e\u2026","rel":"","context":"In &quot;Vagas de Emprego em Ribeir\u00e3o Preto-SP&quot;","block_context":{"text":"Vagas de Emprego em Ribeir\u00e3o Preto-SP","link":"https:\/\/noticiasribeiraopreto.com.br\/index.php\/category\/empregos-classificados-vagas-trabalho\/vagas-de-empregos-em-ribeirao-preto-regiao-brasil\/"},"img":{"alt_text":"","src":"","width":0,"height":0},"classes":[]},{"id":12236,"url":"https:\/\/noticiasribeiraopreto.com.br\/index.php\/2023\/12\/07\/visitas-tecnicas-universidade-federal-da-integracao-latino-americana\/","url_meta":{"origin":20743,"position":5},"title":"Visitas t\u00e9cnicas \u2014 Universidade Federal da Integra\u00e7\u00e3o Latino-Americana","author":"noticiasribeiraopreto.com.br","date":"7 de December de 2023","format":false,"excerpt":"Participantes da 4\u00aa Semana Acad\u00eamica de Engenharia de Materiais realizaram visitas t\u00e9cnicas a empresas multinacionais. publicado:07\/12\/2023 17h23, \u00faltima modifica\u00e7\u00e3o:07\/12\/2023 17h34 No \u00e2mbito da 4\u00aa Semana Acad\u00eamica de Engenharia de Materiais da UNILA (SAEMA), os participantes puderam\u00a0realizar visitas t\u00e9cnicas \u00e0s empresas multinacionais Allnex, Belgotex e DAF Caminh\u00f5es, na cidade de Ponta\u2026","rel":"","context":"In &quot;Vagas de Emprego em Ribeir\u00e3o Preto-SP&quot;","block_context":{"text":"Vagas de Emprego em Ribeir\u00e3o Preto-SP","link":"https:\/\/noticiasribeiraopreto.com.br\/index.php\/category\/empregos-classificados-vagas-trabalho\/vagas-de-empregos-em-ribeirao-preto-regiao-brasil\/"},"img":{"alt_text":"","src":"https:\/\/i0.wp.com\/noticiasribeiraopreto.com.br\/wp-content\/uploads\/2023\/12\/656dea2f5ae7f2.07243532DAF.jpeg?fit=1200%2C721&ssl=1&resize=350%2C200","width":350,"height":200,"srcset":"https:\/\/i0.wp.com\/noticiasribeiraopreto.com.br\/wp-content\/uploads\/2023\/12\/656dea2f5ae7f2.07243532DAF.jpeg?fit=1200%2C721&ssl=1&resize=350%2C200 1x, https:\/\/i0.wp.com\/noticiasribeiraopreto.com.br\/wp-content\/uploads\/2023\/12\/656dea2f5ae7f2.07243532DAF.jpeg?fit=1200%2C721&ssl=1&resize=525%2C300 1.5x, https:\/\/i0.wp.com\/noticiasribeiraopreto.com.br\/wp-content\/uploads\/2023\/12\/656dea2f5ae7f2.07243532DAF.jpeg?fit=1200%2C721&ssl=1&resize=700%2C400 2x, https:\/\/i0.wp.com\/noticiasribeiraopreto.com.br\/wp-content\/uploads\/2023\/12\/656dea2f5ae7f2.07243532DAF.jpeg?fit=1200%2C721&ssl=1&resize=1050%2C600 3x"},"classes":[]}],"jetpack_sharing_enabled":true,"jetpack_shortlink":"https:\/\/wp.me\/peQAOb-5oz","_links":{"self":[{"href":"https:\/\/noticiasribeiraopreto.com.br\/index.php\/wp-json\/wp\/v2\/posts\/20743","targetHints":{"allow":["GET"]}}],"collection":[{"href":"https:\/\/noticiasribeiraopreto.com.br\/index.php\/wp-json\/wp\/v2\/posts"}],"about":[{"href":"https:\/\/noticiasribeiraopreto.com.br\/index.php\/wp-json\/wp\/v2\/types\/post"}],"author":[{"embeddable":true,"href":"https:\/\/noticiasribeiraopreto.com.br\/index.php\/wp-json\/wp\/v2\/users\/1"}],"replies":[{"embeddable":true,"href":"https:\/\/noticiasribeiraopreto.com.br\/index.php\/wp-json\/wp\/v2\/comments?post=20743"}],"version-history":[{"count":0,"href":"https:\/\/noticiasribeiraopreto.com.br\/index.php\/wp-json\/wp\/v2\/posts\/20743\/revisions"}],"wp:featuredmedia":[{"embeddable":true,"href":"https:\/\/noticiasribeiraopreto.com.br\/index.php\/wp-json\/wp\/v2\/media\/20744"}],"wp:attachment":[{"href":"https:\/\/noticiasribeiraopreto.com.br\/index.php\/wp-json\/wp\/v2\/media?parent=20743"}],"wp:term":[{"taxonomy":"category","embeddable":true,"href":"https:\/\/noticiasribeiraopreto.com.br\/index.php\/wp-json\/wp\/v2\/categories?post=20743"},{"taxonomy":"post_tag","embeddable":true,"href":"https:\/\/noticiasribeiraopreto.com.br\/index.php\/wp-json\/wp\/v2\/tags?post=20743"}],"curies":[{"name":"wp","href":"https:\/\/api.w.org\/{rel}","templated":true}]}}