{"id":20747,"date":"2023-12-26T12:26:50","date_gmt":"2023-12-26T15:26:50","guid":{"rendered":"https:\/\/noticiasribeiraopreto.com.br\/index.php\/2023\/12\/26\/ainda-bem-que-os-economistas-erram-o-brasil-de-hoje-seria-bem-pior-se-eles-tivessem-acertado-as-projecoes-para-2023-na-focus\/"},"modified":"2023-12-26T12:26:50","modified_gmt":"2023-12-26T15:26:50","slug":"ainda-bem-que-os-economistas-erram-o-brasil-de-hoje-seria-bem-pior-se-eles-tivessem-acertado-as-projecoes-para-2023-na-focus","status":"publish","type":"post","link":"https:\/\/noticiasribeiraopreto.com.br\/index.php\/2023\/12\/26\/ainda-bem-que-os-economistas-erram-o-brasil-de-hoje-seria-bem-pior-se-eles-tivessem-acertado-as-projecoes-para-2023-na-focus\/","title":{"rendered":"Ainda bem que os economistas erram \u2014 o Brasil de hoje seria bem pior se eles tivessem acertado as proje\u00e7\u00f5es para 2023 na Focus"},"content":{"rendered":"<div class='code-block code-block-1' style='margin: 8px 0 8px auto; text-align: right; display: block; clear: both;'>\n<p><a href=\"https:\/\/wa.link\/vpicfd\"><img data-recalc-dims=\"1\" class=\"wp-image-4922\" style=\"aspect-ratio: 2.0253164556962027; width: 561px; height: auto;\" src=\"https:\/\/i0.wp.com\/ismaelcolosi.com.br\/wp-content\/uploads\/2023\/11\/grupo-de-empregos-whatsapp-e-facebook-ismael-colosi-vagas.jpg?ssl=1\" alt=\"\" \/><\/a><\/p>\n<!-- \/wp:image -->\n<\/div>\n<p> <br \/>\n<\/p>\n<div id=\"js-first-letter\">\n<p>Os erros nas estimativas para a economia brasileira t\u00eam chamado a aten\u00e7\u00e3o \u2014 <a href=\"https:\/\/www.seudinheiro.com\/2023\/economia\/pib-por-que-economistas-erram-previsoes-rsgp\/\">e n\u00e3o \u00e9 de hoje<\/a>. A mais nova evid\u00eancia dessa constata\u00e7\u00e3o \u00e9 a \u00faltima edi\u00e7\u00e3o da <strong>pesquisa Focus<\/strong>.<\/p>\n<p>Os principais indicadores macroecon\u00f4micos do Brasil chegam ao fim de 2023 muito melhores do que esperavam os economistas de mercado consultados semanalmente pelo Banco Central (BC) para a elabora\u00e7\u00e3o da Focus.<\/p>\n<p>Se as proje\u00e7\u00f5es da primeira Focus de 2023 tivessem se confirmado, a economia brasileira estaria hoje numa situa\u00e7\u00e3o bem pior do que a realidade de momento.<\/p>\n<p>Quando o ano come\u00e7ou, as estimativas dos economistas para o fim de 2023 indicavam infla\u00e7\u00e3o em 5,36% (ante um teto da meta de 4,75%), expans\u00e3o do PIB de 0,78%, d\u00f3lar a R$ 5,28 e a taxa Selic a 12,25% ao ano.<\/p>\n<figure class=\"wp-block-image size-full\"><img data-recalc-dims=\"1\" loading=\"lazy\" decoding=\"async\" width=\"1200\" height=\"312\" src=\"https:\/\/i0.wp.com\/media.seudinheiro.com\/uploads\/2023\/12\/Pedido-1-Focus-Reproducao.jpg?resize=1200%2C312&#038;ssl=1\" alt=\"Boletim Focus\" class=\"wp-image-526382\" srcset=\"https:\/\/media.seudinheiro.com\/uploads\/2023\/12\/Pedido-1-Focus-Reproducao.jpg 1200w, https:\/\/media.seudinheiro.com\/uploads\/2023\/12\/Pedido-1-Focus-Reproducao-260x68.jpg 260w\" sizes=\"auto, (max-width: 1200px) 100vw, 1200px\"\/><\/figure>\n<p><em>Fonte: Banco Central.<\/em><\/p>\n<h2 class=\"wp-block-heading\" id=\"h-projecoes-comecaram-a-melhorar-depois-do-pib-do-primeiro-trimestre\">Proje\u00e7\u00f5es come\u00e7aram a melhorar depois do PIB do primeiro trimestre<\/h2>\n<p>O pessimismo generalizado come\u00e7ou a diminuir a partir da divulga\u00e7\u00e3o do <a href=\"https:\/\/www.seudinheiro.com\/2023\/economia\/espetaculo-do-crescimento-primeiro-pib-do-governo-lula-surpreende-saiba-quem-brilhou-e-quem-decepcionou-no-palco-da-economia-no-1t23-vinp\/\">PIB do primeiro trimestre de 2023<\/a>.<\/p>\n<p>O quadro a seguir mostra com clareza esse ponto de virada nas proje\u00e7\u00f5es.<\/p>\n<figure class=\"wp-block-image size-full\"><img data-recalc-dims=\"1\" decoding=\"async\" loading=\"lazy\" width=\"1200\" height=\"240\" src=\"https:\/\/i0.wp.com\/media.seudinheiro.com\/uploads\/2023\/12\/Pedido-3-Focus-Reproducao.jpg?resize=1200%2C240&#038;ssl=1\" alt=\"Boletim Focus\" class=\"wp-image-526380\" srcset=\"https:\/\/media.seudinheiro.com\/uploads\/2023\/12\/Pedido-3-Focus-Reproducao.jpg 1200w, https:\/\/media.seudinheiro.com\/uploads\/2023\/12\/Pedido-3-Focus-Reproducao-260x52.jpg 260w\" sizes=\"auto, (max-width: 1200px) 100vw, 1200px\"\/><\/figure>\n<p><em>Fonte: Banco Central.<\/em><\/p>\n<p>Nas \u00faltimas semanas, o avan\u00e7o de uma agenda econ\u00f4mica complicada, incluindo a aprova\u00e7\u00e3o de uma reforma tribut\u00e1ria discutida havia d\u00e9cadas, ajudou a consolidar a melhora das expectativas.<\/p>\n<p>De todas as proje\u00e7\u00f5es, a que menos ficou fora da curva foi a da Selic, que entrou em 13,75% com o BC j\u00e1 pressionado a promover um corte na taxa b\u00e1sica de juros.<\/p>\n<p>Na mais recente edi\u00e7\u00e3o da Focus, com data de 22 de dezembro, a infla\u00e7\u00e3o encontra-se dentro da meta para 2023, a previs\u00e3o do PIB \u00e9 de alta de 2,92%, o d\u00f3lar posiciona-se para fechar o ano em R$ 4,90 e a taxa Selic caiu para 11,75%.<\/p>\n<figure class=\"wp-block-image size-full\"><img data-recalc-dims=\"1\" decoding=\"async\" loading=\"lazy\" width=\"1200\" height=\"293\" src=\"https:\/\/i0.wp.com\/media.seudinheiro.com\/uploads\/2023\/12\/Pedido-2-Focus-Reproducao.jpg?resize=1200%2C293&#038;ssl=1\" alt=\"Boletim Focus\" class=\"wp-image-526381\" srcset=\"https:\/\/media.seudinheiro.com\/uploads\/2023\/12\/Pedido-2-Focus-Reproducao.jpg 1200w, https:\/\/media.seudinheiro.com\/uploads\/2023\/12\/Pedido-2-Focus-Reproducao-260x63.jpg 260w\" sizes=\"auto, (max-width: 1200px) 100vw, 1200px\"\/><figcaption class=\"wp-element-caption\"><em>Fonte: Banco Central.<\/em><\/figcaption><\/figure>\n<p>Antes de prosseguir, \u00e9 preciso notar que, \u00e0 exce\u00e7\u00e3o da Selic, os n\u00fameros finais do IPCA, do PIB e da taxa de c\u00e2mbio ainda devem passar por ajustes.<\/p>\n<p>Al\u00e9m disso, a Focus ainda ter\u00e1 mais uma edi\u00e7\u00e3o com data de coleta de 2023 \u2014 embora a divulga\u00e7\u00e3o esteja programada apenas para 2 de janeiro de 2024.<\/p>\n<p>De qualquer modo, diante do que j\u00e1 se sabe, pouco deve mudar at\u00e9 l\u00e1.<\/p>\n<h2 class=\"wp-block-heading\" id=\"h-o-que-a-focus-sinaliza-para-2024\">O que a Focus sinaliza para 2024<\/h2>\n<p>Agora o foco se volta para as proje\u00e7\u00f5es referentes ao ano que vem.<\/p>\n<p>As proje\u00e7\u00f5es para as taxas de c\u00e2mbio e juros em 2024 s\u00e3o melhores hoje do que se observava h\u00e1 um ano.<\/p>\n<p>\u201cChama aten\u00e7\u00e3o a queda da proje\u00e7\u00e3o de Selic para 2024, que saiu de 9,25% para 9%\u201d, disse o economista Andr\u00e9 Perfeito.<\/p>\n<p>De acordo com ele, essa queda reflete a melhora nas proje\u00e7\u00f5es de infla\u00e7\u00e3o, bem como a perspectiva de juros mais baixos nos EUA.<\/p>\n<p>J\u00e1 a proje\u00e7\u00e3o para o IPCA acumulado do pr\u00f3ximo ano \u00e9 pior agora do que no in\u00edcio de 2023.<\/p>\n<h2 class=\"wp-block-heading\" id=\"h-todo-mundo-de-olho-nas-projecoes-para-o-pib\">Todo mundo de olho nas proje\u00e7\u00f5es para o PIB<\/h2>\n<p>Mas s\u00e3o as proje\u00e7\u00f5es do PIB que mais t\u00eam saltado aos olhos. Desde a pandemia, os especialistas t\u00eam subestimado o desempenho da economia brasileira.<\/p>\n<p>Uma das pondera\u00e7\u00f5es feitas pelos economistas \u00e9 de que os modelos ainda n\u00e3o foram adequadamente adaptados \u00e0 nova realidade.<\/p>\n<p>Mesmo com o bom resultado observado em 2023, as proje\u00e7\u00f5es para 2024 permaneceram praticamente inalteradas, tendo passado de 1,50% na primeira Focus do ano para 1,52% agora.<\/p>\n<p>No entanto, alguns pesos-pesados do mercado j\u00e1 t\u00eam apresentado proje\u00e7\u00f5es bem melhores do que a mediana da Focus.<\/p>\n<p>O Bank of America, por exemplo, <a href=\"https:\/\/www.seudinheiro.com\/2023\/bolsa-dolar\/ibovespa-bolsa-pib-ipca-dolar-inflacao-bofa-bank-of-america-david-beker-rsgp\/\">trabalha com uma expans\u00e3o de 2,2% do PIB brasileiro em 2024<\/a>.<\/p>\n<\/div>\n<p><br \/>\n<br \/><a href=\"https:\/\/www.seudinheiro.com\/2023\/economia\/focus-pib-selic-ipca-dolar-2023-rsgp\/\">Source link <\/a><\/p>\n<!-- CONTENT END 1 -->\n","protected":false},"excerpt":{"rendered":"<p>Os erros nas estimativas para a economia brasileira t\u00eam chamado a aten\u00e7\u00e3o \u2014 e n\u00e3o \u00e9 de hoje. A mais nova evid\u00eancia dessa constata\u00e7\u00e3o \u00e9&#8230;<\/p>\n","protected":false},"author":1,"featured_media":20748,"comment_status":"open","ping_status":"open","sticky":false,"template":"","format":"standard","meta":{"advanced_seo_description":"","jetpack_seo_html_title":"","jetpack_seo_noindex":false,"jetpack_post_was_ever_published":false,"_jetpack_newsletter_access":"","_jetpack_dont_email_post_to_subs":false,"_jetpack_newsletter_tier_id":0,"_jetpack_memberships_contains_paywalled_content":false,"_jetpack_memberships_contains_paid_content":false,"footnotes":"","jetpack_publicize_message":"","jetpack_publicize_feature_enabled":true,"jetpack_social_post_already_shared":true,"jetpack_social_options":{"image_generator_settings":{"template":"highway","default_image_id":0,"font":"","enabled":false},"version":2}},"categories":[1235],"tags":[],"class_list":["post-20747","post","type-post","status-publish","format-standard","has-post-thumbnail","hentry","category-dinheiro-e-investimento-como-fazer-como-ganhar"],"jetpack_publicize_connections":[],"jetpack_featured_media_url":"https:\/\/i0.wp.com\/noticiasribeiraopreto.com.br\/wp-content\/uploads\/2023\/12\/1703604413_Cabine-VAR-graficos-e-pib-creditos-Fifa-site-Shutterstock-montagem-Brenda-Silva-715x402.jpg?fit=715%2C402&ssl=1","jetpack-related-posts":[{"id":23490,"url":"https:\/\/noticiasribeiraopreto.com.br\/index.php\/2024\/01\/02\/os-economistas-vao-acertar-as-previsoes-desta-vez-saiba-o-que-o-mercado-espera-para-o-pib-o-dolar-e-a-selic-em-2024\/","url_meta":{"origin":20747,"position":0},"title":"Os economistas v\u00e3o acertar as previs\u00f5es desta vez? Saiba o que o mercado espera para o PIB, o d\u00f3lar e a Selic em 2024","author":"noticiasribeiraopreto.com.br","date":"2 de January de 2024","format":false,"excerpt":"Se a taxa de c\u00e2mbio foi criada para humilhar os economistas, como diz o ditado, desde a pandemia tem sido dif\u00edcil para esses profissionais acertarem tamb\u00e9m outras estimativas, como a do crescimento do Produto Interno Bruto (PIB). Mas ser\u00e1 que em 2024 eles finalmente v\u00e3o acertar? Foi divulgada nesta ter\u00e7a-feira\u2026","rel":"","context":"In &quot;Dinheiro e Investimento&quot;","block_context":{"text":"Dinheiro e Investimento","link":"https:\/\/noticiasribeiraopreto.com.br\/index.php\/category\/dinheiro-e-investimento-como-fazer-como-ganhar\/"},"img":{"alt_text":"","src":"https:\/\/i0.wp.com\/noticiasribeiraopreto.com.br\/wp-content\/uploads\/2024\/01\/shutterstock_684624532-628x353.jpg?fit=628%2C353&ssl=1&resize=350%2C200","width":350,"height":200,"srcset":"https:\/\/i0.wp.com\/noticiasribeiraopreto.com.br\/wp-content\/uploads\/2024\/01\/shutterstock_684624532-628x353.jpg?fit=628%2C353&ssl=1&resize=350%2C200 1x, https:\/\/i0.wp.com\/noticiasribeiraopreto.com.br\/wp-content\/uploads\/2024\/01\/shutterstock_684624532-628x353.jpg?fit=628%2C353&ssl=1&resize=525%2C300 1.5x"},"classes":[]},{"id":10969,"url":"https:\/\/noticiasribeiraopreto.com.br\/index.php\/2023\/12\/05\/pib-volta-a-enganar-analistas-e-fica-acima-do-esperado-saiba-quem-jogou-bem-e-as-decepcoes-da-economia-no-3t23\/","url_meta":{"origin":20747,"position":1},"title":"PIB volta a &#8216;enganar&#8217; analistas e fica acima do esperado; saiba quem jogou bem e as decep\u00e7\u00f5es da economia no 3T23","author":"noticiasribeiraopreto.com.br","date":"5 de December de 2023","format":false,"excerpt":"O PIB do Brasil no terceiro trimestre de 2023 \u00e9 uma esp\u00e9cie de empate com sabor de vit\u00f3ria. Talvez pare\u00e7a exagero. Isso porque a economia brasileira cresceu apenas 0,1% na compara\u00e7\u00e3o com o segundo trimestre e desacelerou de +3,5% para +2,0% na compara\u00e7\u00e3o anual. Para quem n\u00e3o acompanha futebol, o\u2026","rel":"","context":"In &quot;Dinheiro e Investimento&quot;","block_context":{"text":"Dinheiro e Investimento","link":"https:\/\/noticiasribeiraopreto.com.br\/index.php\/category\/dinheiro-e-investimento-como-fazer-como-ganhar\/"},"img":{"alt_text":"","src":"https:\/\/i0.wp.com\/noticiasribeiraopreto.com.br\/wp-content\/uploads\/2023\/12\/Cabine-VAR-graficos-e-pib-creditos-Fifa-site-Shutterstock-montagem-Brenda-Silva-715x402.jpg?fit=715%2C402&ssl=1&resize=350%2C200","width":350,"height":200,"srcset":"https:\/\/i0.wp.com\/noticiasribeiraopreto.com.br\/wp-content\/uploads\/2023\/12\/Cabine-VAR-graficos-e-pib-creditos-Fifa-site-Shutterstock-montagem-Brenda-Silva-715x402.jpg?fit=715%2C402&ssl=1&resize=350%2C200 1x, https:\/\/i0.wp.com\/noticiasribeiraopreto.com.br\/wp-content\/uploads\/2023\/12\/Cabine-VAR-graficos-e-pib-creditos-Fifa-site-Shutterstock-montagem-Brenda-Silva-715x402.jpg?fit=715%2C402&ssl=1&resize=525%2C300 1.5x, https:\/\/i0.wp.com\/noticiasribeiraopreto.com.br\/wp-content\/uploads\/2023\/12\/Cabine-VAR-graficos-e-pib-creditos-Fifa-site-Shutterstock-montagem-Brenda-Silva-715x402.jpg?fit=715%2C402&ssl=1&resize=700%2C400 2x"},"classes":[]},{"id":26949,"url":"https:\/\/noticiasribeiraopreto.com.br\/index.php\/2024\/01\/11\/onde-investir-por-que-ter-dolar-na-carteira-pode-ser-uma-ma-ideia-em-2024\/","url_meta":{"origin":20747,"position":2},"title":"Onde investir: Por que ter d\u00f3lar na carteira pode ser uma m\u00e1 ideia em 2024","author":"noticiasribeiraopreto.com.br","date":"11 de January de 2024","format":false,"excerpt":"O d\u00f3lar dificilmente sai de moda no mundo dos investimentos. A moeda norte-americana \u00e9 amiga de quase todas as horas, especialmente quando falamos em reserva de valor e prote\u00e7\u00e3o do patrim\u00f4nio. Nossos hermanos argentinos que o digam. Mas terei que brigar com a chefia para emplacar a pr\u00f3xima frase: o\u2026","rel":"","context":"In &quot;Dinheiro e Investimento&quot;","block_context":{"text":"Dinheiro e Investimento","link":"https:\/\/noticiasribeiraopreto.com.br\/index.php\/category\/dinheiro-e-investimento-como-fazer-como-ganhar\/"},"img":{"alt_text":"","src":"https:\/\/i0.wp.com\/noticiasribeiraopreto.com.br\/wp-content\/uploads\/2024\/01\/Capa-Dolar-ouro-e-protecoes-v2-715x402.jpg?fit=715%2C402&ssl=1&resize=350%2C200","width":350,"height":200,"srcset":"https:\/\/i0.wp.com\/noticiasribeiraopreto.com.br\/wp-content\/uploads\/2024\/01\/Capa-Dolar-ouro-e-protecoes-v2-715x402.jpg?fit=715%2C402&ssl=1&resize=350%2C200 1x, https:\/\/i0.wp.com\/noticiasribeiraopreto.com.br\/wp-content\/uploads\/2024\/01\/Capa-Dolar-ouro-e-protecoes-v2-715x402.jpg?fit=715%2C402&ssl=1&resize=525%2C300 1.5x, https:\/\/i0.wp.com\/noticiasribeiraopreto.com.br\/wp-content\/uploads\/2024\/01\/Capa-Dolar-ouro-e-protecoes-v2-715x402.jpg?fit=715%2C402&ssl=1&resize=700%2C400 2x"},"classes":[]},{"id":16437,"url":"https:\/\/noticiasribeiraopreto.com.br\/index.php\/2023\/12\/15\/com-juros-em-queda-bank-of-america-ve-ibovespa-em-145-mil-pontos-em-2024-e-abre-aposta-no-varejo\/","url_meta":{"origin":20747,"position":3},"title":"Com juros em queda, Bank of America v\u00ea Ibovespa em 145 mil pontos em 2024 e abre aposta no varejo","author":"noticiasribeiraopreto.com.br","date":"15 de December de 2023","format":false,"excerpt":"O Ibovespa acaba de renovar seu recorde de fechamento pela primeira vez em dois anos e meio. Na vis\u00e3o do Bank of America (BofA), por\u00e9m, o principal \u00edndice de a\u00e7\u00f5es da B3 tem grande chances de emplacar uma sucess\u00e3o de novos recordes no decorrer dos pr\u00f3ximos meses. Em meio \u00e0\u2026","rel":"","context":"In &quot;Dinheiro e Investimento&quot;","block_context":{"text":"Dinheiro e Investimento","link":"https:\/\/noticiasribeiraopreto.com.br\/index.php\/category\/dinheiro-e-investimento-como-fazer-como-ganhar\/"},"img":{"alt_text":"","src":"https:\/\/i0.wp.com\/noticiasribeiraopreto.com.br\/wp-content\/uploads\/2023\/12\/bank-of-america-boac34-628x353.jpg?fit=628%2C353&ssl=1&resize=350%2C200","width":350,"height":200,"srcset":"https:\/\/i0.wp.com\/noticiasribeiraopreto.com.br\/wp-content\/uploads\/2023\/12\/bank-of-america-boac34-628x353.jpg?fit=628%2C353&ssl=1&resize=350%2C200 1x, https:\/\/i0.wp.com\/noticiasribeiraopreto.com.br\/wp-content\/uploads\/2023\/12\/bank-of-america-boac34-628x353.jpg?fit=628%2C353&ssl=1&resize=525%2C300 1.5x"},"classes":[]},{"id":33675,"url":"https:\/\/noticiasribeiraopreto.com.br\/index.php\/2024\/01\/30\/a-caminho-de-um-pouso-suave-por-que-o-fmi-esta-mais-otimista-com-a-economia-global-e-com-o-brasil-tambem\/","url_meta":{"origin":20747,"position":4},"title":"A caminho de um pouso suave? Por que o FMI est\u00e1 mais otimista com a economia global \u2014 e com o Brasil tamb\u00e9m","author":"noticiasribeiraopreto.com.br","date":"30 de January de 2024","format":false,"excerpt":"O Fundo Monet\u00e1rio Internacional (FMI) melhorou a proje\u00e7\u00e3o para o desempenho da economia global este ano e v\u00ea o planeta a caminho do \"pouso suave\", fen\u00f4meno que descreve o controle da infla\u00e7\u00e3o sem um dano significativo \u00e0 atividade. As revis\u00f5es foram especialmente positivas para Brasil, China e Estados Unidos. Mesmo\u2026","rel":"","context":"In &quot;Dinheiro e Investimento&quot;","block_context":{"text":"Dinheiro e Investimento","link":"https:\/\/noticiasribeiraopreto.com.br\/index.php\/category\/dinheiro-e-investimento-como-fazer-como-ganhar\/"},"img":{"alt_text":"","src":"https:\/\/i0.wp.com\/noticiasribeiraopreto.com.br\/wp-content\/uploads\/2024\/01\/shutterstock_1752831479-628x353.jpg?fit=628%2C353&ssl=1&resize=350%2C200","width":350,"height":200,"srcset":"https:\/\/i0.wp.com\/noticiasribeiraopreto.com.br\/wp-content\/uploads\/2024\/01\/shutterstock_1752831479-628x353.jpg?fit=628%2C353&ssl=1&resize=350%2C200 1x, https:\/\/i0.wp.com\/noticiasribeiraopreto.com.br\/wp-content\/uploads\/2024\/01\/shutterstock_1752831479-628x353.jpg?fit=628%2C353&ssl=1&resize=525%2C300 1.5x"},"classes":[]},{"id":13948,"url":"https:\/\/noticiasribeiraopreto.com.br\/index.php\/2023\/12\/11\/366877-2\/","url_meta":{"origin":20747,"position":5},"title":"Mercado eleva para 2,92% proje\u00e7\u00e3o de expans\u00e3o da economia em 2023","author":"noticiasribeiraopreto.com.br","date":"11 de December de 2023","format":false,"excerpt":"A previs\u00e3o do mercado financeiro para o crescimento da economia brasileira este ano subiu, passando de 2,84% para 2,92%. A estimativa est\u00e1 no boletim Focus desta segunda-feira (11), pesquisa divulgada semanalmente pelo Banco Central (BC), em Bras\u00edlia, com a proje\u00e7\u00e3o para os principais indicadores econ\u00f4micos.Para o pr\u00f3ximo ano, a expectativa\u2026","rel":"","context":"In &quot;Not\u00edcias de Ribeir\u00e3o Preto-SP e Regi\u00e3o&quot;","block_context":{"text":"Not\u00edcias de Ribeir\u00e3o Preto-SP e Regi\u00e3o","link":"https:\/\/noticiasribeiraopreto.com.br\/index.php\/category\/noticias-de-ribeirao-preto-sp-e-regiao-ismael-colosi\/"},"img":{"alt_text":"","src":"https:\/\/i0.wp.com\/noticiasribeiraopreto.com.br\/wp-content\/uploads\/2023\/12\/image-scaled.jpg?fit=1000%2C500&ssl=1&resize=350%2C200","width":350,"height":200,"srcset":"https:\/\/i0.wp.com\/noticiasribeiraopreto.com.br\/wp-content\/uploads\/2023\/12\/image-scaled.jpg?fit=1000%2C500&ssl=1&resize=350%2C200 1x, https:\/\/i0.wp.com\/noticiasribeiraopreto.com.br\/wp-content\/uploads\/2023\/12\/image-scaled.jpg?fit=1000%2C500&ssl=1&resize=525%2C300 1.5x, https:\/\/i0.wp.com\/noticiasribeiraopreto.com.br\/wp-content\/uploads\/2023\/12\/image-scaled.jpg?fit=1000%2C500&ssl=1&resize=700%2C400 2x"},"classes":[]}],"jetpack_sharing_enabled":true,"jetpack_shortlink":"https:\/\/wp.me\/peQAOb-5oD","_links":{"self":[{"href":"https:\/\/noticiasribeiraopreto.com.br\/index.php\/wp-json\/wp\/v2\/posts\/20747","targetHints":{"allow":["GET"]}}],"collection":[{"href":"https:\/\/noticiasribeiraopreto.com.br\/index.php\/wp-json\/wp\/v2\/posts"}],"about":[{"href":"https:\/\/noticiasribeiraopreto.com.br\/index.php\/wp-json\/wp\/v2\/types\/post"}],"author":[{"embeddable":true,"href":"https:\/\/noticiasribeiraopreto.com.br\/index.php\/wp-json\/wp\/v2\/users\/1"}],"replies":[{"embeddable":true,"href":"https:\/\/noticiasribeiraopreto.com.br\/index.php\/wp-json\/wp\/v2\/comments?post=20747"}],"version-history":[{"count":0,"href":"https:\/\/noticiasribeiraopreto.com.br\/index.php\/wp-json\/wp\/v2\/posts\/20747\/revisions"}],"wp:featuredmedia":[{"embeddable":true,"href":"https:\/\/noticiasribeiraopreto.com.br\/index.php\/wp-json\/wp\/v2\/media\/20748"}],"wp:attachment":[{"href":"https:\/\/noticiasribeiraopreto.com.br\/index.php\/wp-json\/wp\/v2\/media?parent=20747"}],"wp:term":[{"taxonomy":"category","embeddable":true,"href":"https:\/\/noticiasribeiraopreto.com.br\/index.php\/wp-json\/wp\/v2\/categories?post=20747"},{"taxonomy":"post_tag","embeddable":true,"href":"https:\/\/noticiasribeiraopreto.com.br\/index.php\/wp-json\/wp\/v2\/tags?post=20747"}],"curies":[{"name":"wp","href":"https:\/\/api.w.org\/{rel}","templated":true}]}}