{"id":20751,"date":"2023-12-26T12:37:14","date_gmt":"2023-12-26T15:37:14","guid":{"rendered":"https:\/\/noticiasribeiraopreto.com.br\/index.php\/2023\/12\/26\/ex-bbbs-lais-caldas-e-gustavo-marsengo-surpreendem-com-anuncio-sobre-relacionamento-unica-duvida\/"},"modified":"2023-12-26T12:37:14","modified_gmt":"2023-12-26T15:37:14","slug":"ex-bbbs-lais-caldas-e-gustavo-marsengo-surpreendem-com-anuncio-sobre-relacionamento-unica-duvida","status":"publish","type":"post","link":"https:\/\/noticiasribeiraopreto.com.br\/index.php\/2023\/12\/26\/ex-bbbs-lais-caldas-e-gustavo-marsengo-surpreendem-com-anuncio-sobre-relacionamento-unica-duvida\/","title":{"rendered":"Ex BBBs La\u00eds Caldas e Gustavo Marsengo surpreendem com an\u00fancio sobre relacionamento &#8216;\u00danica d\u00favida&#8217;"},"content":{"rendered":"<div class='code-block code-block-1' style='margin: 8px 0 8px auto; text-align: right; display: block; clear: both;'>\n<p><a href=\"https:\/\/wa.link\/vpicfd\"><img data-recalc-dims=\"1\" class=\"wp-image-4922\" style=\"aspect-ratio: 2.0253164556962027; width: 561px; height: auto;\" src=\"https:\/\/i0.wp.com\/ismaelcolosi.com.br\/wp-content\/uploads\/2023\/11\/grupo-de-empregos-whatsapp-e-facebook-ismael-colosi-vagas.jpg?ssl=1\" alt=\"\" \/><\/a><\/p>\n<!-- \/wp:image -->\n<\/div>\n<p> <br \/>\n<\/p>\n<div itemprop=\"text\">\n<p>Para os telespectadores de reality show, al\u00e9m de muitas tretas e confus\u00e3o, o que o p\u00fablico mais gosta de fazer \u00e9 shippar um casal. Com a casa sendo 24 horas monitoradas, \u00e9 poss\u00edvel acompanhar cada passo que o casal d\u00e1.<\/p>\n<p>O Big Brother Brasil \u00e9 um dos realitys que mais fez casal desde o in\u00edcio da sua edi\u00e7\u00e3o. Uma das d\u00favidas do p\u00fablico \u00e9: O que come\u00e7a no BBB, continua fora da casa?<\/p>\n<p>Sim! Em muitos casos sim. Alguns ex colegas de confinamento que iniciaram um romance diante das c\u00e2meras, seguem viv\u00edssimos fora da casa e esbanjam o amor dos dois nas redes sociais.<\/p>\n<p>Assim ficou o casal La\u00eds Caldas e Gustavo Marsengo. Um romance que come\u00e7ou como uma t\u00e1tica de jogo, segundo o p\u00fablico, continuou forte ap\u00f3s sa\u00edda de ambos.<\/p>\n<p>No \u00faltimo dia 24, eles fizeram quest\u00e3o de reafirmar o amor dos dois em um ato simb\u00f3lico: um pedido de casamento. La\u00eds disse \u201dsim\u201d ao seu amado diante da fam\u00edlia.<\/p>\n<p>Gustavo registrou o momento em seu Instagram e deixou claro sua inten\u00e7\u00e3o de surpreender a noiva no dia em que se juntaria a fam\u00edlia dela na noite de Natal.<\/p>\n<p>\u201d\u2019A \u00fanica d\u00favida que eu tinha era de como e quando faz\u00ea-lo. Mas depois que decidi passar o natal com sua fam\u00edlia, resolvi aguardar este momento. Afinal, quando casamos com uma pessoa, tamb\u00e9m casamos com a fam\u00edlia dela.\u201d Escreveu ele se declarando a amada.<\/p>\n<blockquote class=\"instagram-media\" style=\"background: #FFF; border: 0; border-radius: 3px; box-shadow: 0 0 1px 0 rgba(0,0,0,0.5),0 1px 10px 0 rgba(0,0,0,0.15); margin: 1px; max-width: 540px; min-width: 326px; padding: 0; width: calc(100% - 2px);\" data-instgrm-captioned=\"\" data-instgrm-permalink=\"https:\/\/www.instagram.com\/p\/C1QjzpcMpeA\/?utm_source=ig_embed&amp;utm_campaign=loading\" data-instgrm-version=\"14\">\n<p>\u00a0<\/p>\n<p>Ver essa foto no Instagram<\/p>\n<p>\u00a0<\/p>\n<p style=\"color: #c9c8cd; font-family: Arial,sans-serif; font-size: 14px; line-height: 17px; margin-bottom: 0; margin-top: 8px; overflow: hidden; padding: 8px 0 7px; text-align: center; text-overflow: ellipsis; white-space: nowrap;\"><a style=\"color: #c9c8cd; font-family: Arial,sans-serif; font-size: 14px; font-style: normal; font-weight: normal; line-height: 17px; text-decoration: none;\" href=\"https:\/\/www.instagram.com\/p\/C1QjzpcMpeA\/?utm_source=ig_embed&amp;utm_campaign=loading\" target=\"_blank\" rel=\"noopener\">Uma publica\u00e7\u00e3o compartilhada por Gustavo Beats (@gustavo_marsengo)<\/a><\/p>\n<\/blockquote>\n<\/div>\n<p><script async src=\"\/\/www.instagram.com\/embed.js\"><\/script><br \/>\n<br \/><br \/>\n<br \/><a href=\"https:\/\/fnmais.com\/ex-bbbs-lais-caldas-gustavo-marsengo-surpreendem-com-anuncio-sobre-relacionamento-unica-duvida\/\">Source link <\/a><\/p>\n<!-- CONTENT END 1 -->\n","protected":false},"excerpt":{"rendered":"<p>Para os telespectadores de reality show, al\u00e9m de muitas tretas e confus\u00e3o, o que o p\u00fablico mais gosta de fazer \u00e9 shippar um casal. Com&#8230;<\/p>\n","protected":false},"author":1,"featured_media":20752,"comment_status":"open","ping_status":"open","sticky":false,"template":"","format":"standard","meta":{"advanced_seo_description":"","jetpack_seo_html_title":"","jetpack_seo_noindex":false,"jetpack_post_was_ever_published":false,"_jetpack_newsletter_access":"","_jetpack_dont_email_post_to_subs":false,"_jetpack_newsletter_tier_id":0,"_jetpack_memberships_contains_paywalled_content":false,"_jetpack_memberships_contains_paid_content":false,"footnotes":"","jetpack_publicize_message":"","jetpack_publicize_feature_enabled":true,"jetpack_social_post_already_shared":true,"jetpack_social_options":{"image_generator_settings":{"template":"highway","default_image_id":0,"font":"","enabled":false},"version":2}},"categories":[1],"tags":[],"class_list":["post-20751","post","type-post","status-publish","format-standard","has-post-thumbnail","hentry","category-blog"],"jetpack_publicize_connections":[],"jetpack_featured_media_url":"https:\/\/i0.wp.com\/noticiasribeiraopreto.com.br\/wp-content\/uploads\/2023\/12\/postimg-658ae25de4aac1061.jpg?fit=1200%2C628&ssl=1","jetpack-related-posts":[{"id":26054,"url":"https:\/\/noticiasribeiraopreto.com.br\/index.php\/2024\/01\/09\/ex-bbb-gustavo-benedeti-faz-pedido-de-casamento-para-namorada-eu-disse-sim\/","url_meta":{"origin":20751,"position":0},"title":"Ex-BBB Gustavo Benedeti faz pedido de casamento para namorada: &#8216;Eu disse sim&#8217;","author":"noticiasribeiraopreto.com.br","date":"9 de January de 2024","format":false,"excerpt":"Conhecido no pa\u00eds depois de sua participa\u00e7\u00e3o no BBB23, Gustavo Benedeti encantou seus seguidores com um recente an\u00fancio. O rapaz decidiu dar um passo a mais em seu relacionamento amoroso.Gustavo, que tamb\u00e9m ficou conhecido como Cowboy, vive um relacionamento com Ana Paula Heiss. Os dois ficaram noivos ap\u00f3s um pedido\u2026","rel":"","context":"In &quot;Blog&quot;","block_context":{"text":"Blog","link":"https:\/\/noticiasribeiraopreto.com.br\/index.php\/category\/blog\/"},"img":{"alt_text":"","src":"https:\/\/i0.wp.com\/noticiasribeiraopreto.com.br\/wp-content\/uploads\/2024\/01\/postimg-659ccef986cb53366.jpg?fit=1200%2C628&ssl=1&resize=350%2C200","width":350,"height":200,"srcset":"https:\/\/i0.wp.com\/noticiasribeiraopreto.com.br\/wp-content\/uploads\/2024\/01\/postimg-659ccef986cb53366.jpg?fit=1200%2C628&ssl=1&resize=350%2C200 1x, https:\/\/i0.wp.com\/noticiasribeiraopreto.com.br\/wp-content\/uploads\/2024\/01\/postimg-659ccef986cb53366.jpg?fit=1200%2C628&ssl=1&resize=525%2C300 1.5x, https:\/\/i0.wp.com\/noticiasribeiraopreto.com.br\/wp-content\/uploads\/2024\/01\/postimg-659ccef986cb53366.jpg?fit=1200%2C628&ssl=1&resize=700%2C400 2x, https:\/\/i0.wp.com\/noticiasribeiraopreto.com.br\/wp-content\/uploads\/2024\/01\/postimg-659ccef986cb53366.jpg?fit=1200%2C628&ssl=1&resize=1050%2C600 3x"},"classes":[]},{"id":28308,"url":"https:\/\/noticiasribeiraopreto.com.br\/index.php\/2024\/01\/15\/gustavo-mioto-faz-grande-pedido-apos-expor-motivo-do-fim-do-relacionamento-com-ana-castela\/","url_meta":{"origin":20751,"position":1},"title":"Gustavo Mioto faz grande pedido ap\u00f3s expor motivo do fim do relacionamento com Ana Castela","author":"noticiasribeiraopreto.com.br","date":"15 de January de 2024","format":false,"excerpt":"O ano mal come\u00e7ou e um casal querido do p\u00fablico terminou a rela\u00e7\u00e3o. Gustavo Mioto e Ana Castela n\u00e3o est\u00e3o mais juntos. A informa\u00e7\u00e3o foi dada aos f\u00e3s e admiradores do casal pelo pr\u00f3prio Gustavo em suas redes sociais.Ele come\u00e7ou escrevendo que o informativo era sobre o fim do relacionamento\u2026","rel":"","context":"In &quot;Blog&quot;","block_context":{"text":"Blog","link":"https:\/\/noticiasribeiraopreto.com.br\/index.php\/category\/blog\/"},"img":{"alt_text":"","src":"https:\/\/i0.wp.com\/noticiasribeiraopreto.com.br\/wp-content\/uploads\/2024\/01\/postimg-65a561e8e3d289795.jpg?fit=1200%2C628&ssl=1&resize=350%2C200","width":350,"height":200,"srcset":"https:\/\/i0.wp.com\/noticiasribeiraopreto.com.br\/wp-content\/uploads\/2024\/01\/postimg-65a561e8e3d289795.jpg?fit=1200%2C628&ssl=1&resize=350%2C200 1x, https:\/\/i0.wp.com\/noticiasribeiraopreto.com.br\/wp-content\/uploads\/2024\/01\/postimg-65a561e8e3d289795.jpg?fit=1200%2C628&ssl=1&resize=525%2C300 1.5x, https:\/\/i0.wp.com\/noticiasribeiraopreto.com.br\/wp-content\/uploads\/2024\/01\/postimg-65a561e8e3d289795.jpg?fit=1200%2C628&ssl=1&resize=700%2C400 2x, https:\/\/i0.wp.com\/noticiasribeiraopreto.com.br\/wp-content\/uploads\/2024\/01\/postimg-65a561e8e3d289795.jpg?fit=1200%2C628&ssl=1&resize=1050%2C600 3x"},"classes":[]},{"id":26795,"url":"https:\/\/noticiasribeiraopreto.com.br\/index.php\/2024\/01\/10\/recem-casada-larissa-manoela-faz-cliques-ousados-em-dia-de-praia-com-o-marido\/","url_meta":{"origin":20751,"position":2},"title":"Rec\u00e9m casada, Larissa Manoela faz cliques ousados em dia de praia com o marido","author":"noticiasribeiraopreto.com.br","date":"10 de January de 2024","format":false,"excerpt":"O ver\u00e3o t\u00e1 mais do que on no Rio de Janeiro. Conhecida pela cidade dos 40 \u00baC, a cidade maravilhosa n\u00e3o decepciona quando o quesito \u00e9 fornecer aquele belo dia de sol \u00e0 beira mar.V\u00e1rios artistas tem aproveitado os dias quentes na capital para renovar as marquinhas e aproveitar momentos\u2026","rel":"","context":"In &quot;Blog&quot;","block_context":{"text":"Blog","link":"https:\/\/noticiasribeiraopreto.com.br\/index.php\/category\/blog\/"},"img":{"alt_text":"","src":"https:\/\/i0.wp.com\/noticiasribeiraopreto.com.br\/wp-content\/uploads\/2024\/01\/postimg-659ed4436707a3304.jpg?fit=1200%2C628&ssl=1&resize=350%2C200","width":350,"height":200,"srcset":"https:\/\/i0.wp.com\/noticiasribeiraopreto.com.br\/wp-content\/uploads\/2024\/01\/postimg-659ed4436707a3304.jpg?fit=1200%2C628&ssl=1&resize=350%2C200 1x, https:\/\/i0.wp.com\/noticiasribeiraopreto.com.br\/wp-content\/uploads\/2024\/01\/postimg-659ed4436707a3304.jpg?fit=1200%2C628&ssl=1&resize=525%2C300 1.5x, https:\/\/i0.wp.com\/noticiasribeiraopreto.com.br\/wp-content\/uploads\/2024\/01\/postimg-659ed4436707a3304.jpg?fit=1200%2C628&ssl=1&resize=700%2C400 2x, https:\/\/i0.wp.com\/noticiasribeiraopreto.com.br\/wp-content\/uploads\/2024\/01\/postimg-659ed4436707a3304.jpg?fit=1200%2C628&ssl=1&resize=1050%2C600 3x"},"classes":[]},{"id":4083,"url":"https:\/\/noticiasribeiraopreto.com.br\/index.php\/2023\/11\/20\/bomba-sandy-e-lucas-lima-teriam-desistido-da-separacao-e-reatado-casamento\/","url_meta":{"origin":20751,"position":3},"title":"Bomba! Sandy e Lucas Lima teriam desistido da separa\u00e7\u00e3o e reatado casamento","author":"noticiasribeiraopreto.com.br","date":"20 de November de 2023","format":false,"excerpt":"O amor prevaleceu no relacionamento de Sandy e Lucas Lima, que, ap\u00f3s anunciar sua separa\u00e7\u00e3o em setembro, decidiram reatar o casamento. A informa\u00e7\u00e3o \u00e9 da Coluna do Sodr\u00e9 do Correio Braziliense.Este casal, admirado por sua estabilidade e harmonia ao longo dos anos, surpreendeu os f\u00e3s com a not\u00edcia de sua\u2026","rel":"","context":"In &quot;Blog&quot;","block_context":{"text":"Blog","link":"https:\/\/noticiasribeiraopreto.com.br\/index.php\/category\/blog\/"},"img":{"alt_text":"","src":"https:\/\/i0.wp.com\/noticiasribeiraopreto.com.br\/wp-content\/uploads\/2023\/11\/postimg-655bc42ec7cb98181.jpg?fit=1200%2C628&ssl=1&resize=350%2C200","width":350,"height":200,"srcset":"https:\/\/i0.wp.com\/noticiasribeiraopreto.com.br\/wp-content\/uploads\/2023\/11\/postimg-655bc42ec7cb98181.jpg?fit=1200%2C628&ssl=1&resize=350%2C200 1x, https:\/\/i0.wp.com\/noticiasribeiraopreto.com.br\/wp-content\/uploads\/2023\/11\/postimg-655bc42ec7cb98181.jpg?fit=1200%2C628&ssl=1&resize=525%2C300 1.5x, https:\/\/i0.wp.com\/noticiasribeiraopreto.com.br\/wp-content\/uploads\/2023\/11\/postimg-655bc42ec7cb98181.jpg?fit=1200%2C628&ssl=1&resize=700%2C400 2x, https:\/\/i0.wp.com\/noticiasribeiraopreto.com.br\/wp-content\/uploads\/2023\/11\/postimg-655bc42ec7cb98181.jpg?fit=1200%2C628&ssl=1&resize=1050%2C600 3x"},"classes":[]},{"id":74537,"url":"https:\/\/noticiasribeiraopreto.com.br\/index.php\/2025\/07\/24\/casal-e-amarrado-durante-roubo-de-joias-e-eletronicos-na-regiao-de-ribeirao-preto\/","url_meta":{"origin":20751,"position":4},"title":"Casal \u00e9 amarrado durante roubo de joias e eletr\u00f4nicos na regi\u00e3o de Ribeir\u00e3o Preto","author":"noticiasribeiraopreto.com.br","date":"24 de July de 2025","format":false,"excerpt":"Um casal foi amarrado em um quarto de casa durante um roubo na noite desta quarta-feira (23), em Brodowski, na regi\u00e3o de Ribeir\u00e3o Preto. Dois suspeitos foram presos. Segundo o boletim de ocorr\u00eancia (BO), foram roubados joias e eletr\u00f4nicos, e uma das v\u00edtimas, um homem de 55 anos, acabou agredido\u2026","rel":"","context":"In &quot;Not\u00edcias de Ribeir\u00e3o Preto-SP e Regi\u00e3o&quot;","block_context":{"text":"Not\u00edcias de Ribeir\u00e3o Preto-SP e Regi\u00e3o","link":"https:\/\/noticiasribeiraopreto.com.br\/index.php\/category\/noticias-de-ribeirao-preto-sp-e-regiao-ismael-colosi\/"},"img":{"alt_text":"","src":"https:\/\/i0.wp.com\/noticiasribeiraopreto.com.br\/wp-content\/uploads\/2025\/07\/1753372569_20220620_114539075_policia_qru_1024x576_25052021184749_jpg_715985292.jpg?fit=1200%2C606&ssl=1&resize=350%2C200","width":350,"height":200,"srcset":"https:\/\/i0.wp.com\/noticiasribeiraopreto.com.br\/wp-content\/uploads\/2025\/07\/1753372569_20220620_114539075_policia_qru_1024x576_25052021184749_jpg_715985292.jpg?fit=1200%2C606&ssl=1&resize=350%2C200 1x, https:\/\/i0.wp.com\/noticiasribeiraopreto.com.br\/wp-content\/uploads\/2025\/07\/1753372569_20220620_114539075_policia_qru_1024x576_25052021184749_jpg_715985292.jpg?fit=1200%2C606&ssl=1&resize=525%2C300 1.5x, https:\/\/i0.wp.com\/noticiasribeiraopreto.com.br\/wp-content\/uploads\/2025\/07\/1753372569_20220620_114539075_policia_qru_1024x576_25052021184749_jpg_715985292.jpg?fit=1200%2C606&ssl=1&resize=700%2C400 2x, https:\/\/i0.wp.com\/noticiasribeiraopreto.com.br\/wp-content\/uploads\/2025\/07\/1753372569_20220620_114539075_policia_qru_1024x576_25052021184749_jpg_715985292.jpg?fit=1200%2C606&ssl=1&resize=1050%2C600 3x"},"classes":[]},{"id":22551,"url":"https:\/\/noticiasribeiraopreto.com.br\/index.php\/2023\/12\/30\/mobiliei-o-imovel-da-minha-noiva-mas-ela-me-traiu-e-terminamos-agora-nao-quer-me-devolver-os-moveis-e-o-anel\/","url_meta":{"origin":20751,"position":5},"title":"Mobiliei o im\u00f3vel da minha noiva, mas ela me traiu e terminamos; agora, n\u00e3o quer me devolver os m\u00f3veis e o anel","author":"noticiasribeiraopreto.com.br","date":"30 de December de 2023","format":false,"excerpt":"Podia ser a letra de um sertanejo bem \u201cdor de corno\u201d, mas \u00e9 s\u00f3 uma pergunta da Dinheirista mesmo: o casal fica noivo, a mo\u00e7a j\u00e1 tem casa pr\u00f3pria, ent\u00e3o o rapaz investe uma grana para reformar e comprar m\u00f3veis e eletrodom\u00e9sticos para os dois morarem juntos no im\u00f3vel. Mas\u2026","rel":"","context":"In &quot;Dinheiro e Investimento&quot;","block_context":{"text":"Dinheiro e Investimento","link":"https:\/\/noticiasribeiraopreto.com.br\/index.php\/category\/dinheiro-e-investimento-como-fazer-como-ganhar\/"},"img":{"alt_text":"","src":"https:\/\/i0.wp.com\/noticiasribeiraopreto.com.br\/wp-content\/uploads\/2023\/12\/1703935564_Layout-Carol-Gama-8-715x402.png?fit=715%2C402&ssl=1&resize=350%2C200","width":350,"height":200,"srcset":"https:\/\/i0.wp.com\/noticiasribeiraopreto.com.br\/wp-content\/uploads\/2023\/12\/1703935564_Layout-Carol-Gama-8-715x402.png?fit=715%2C402&ssl=1&resize=350%2C200 1x, https:\/\/i0.wp.com\/noticiasribeiraopreto.com.br\/wp-content\/uploads\/2023\/12\/1703935564_Layout-Carol-Gama-8-715x402.png?fit=715%2C402&ssl=1&resize=525%2C300 1.5x, https:\/\/i0.wp.com\/noticiasribeiraopreto.com.br\/wp-content\/uploads\/2023\/12\/1703935564_Layout-Carol-Gama-8-715x402.png?fit=715%2C402&ssl=1&resize=700%2C400 2x"},"classes":[]}],"jetpack_sharing_enabled":true,"jetpack_shortlink":"https:\/\/wp.me\/peQAOb-5oH","_links":{"self":[{"href":"https:\/\/noticiasribeiraopreto.com.br\/index.php\/wp-json\/wp\/v2\/posts\/20751","targetHints":{"allow":["GET"]}}],"collection":[{"href":"https:\/\/noticiasribeiraopreto.com.br\/index.php\/wp-json\/wp\/v2\/posts"}],"about":[{"href":"https:\/\/noticiasribeiraopreto.com.br\/index.php\/wp-json\/wp\/v2\/types\/post"}],"author":[{"embeddable":true,"href":"https:\/\/noticiasribeiraopreto.com.br\/index.php\/wp-json\/wp\/v2\/users\/1"}],"replies":[{"embeddable":true,"href":"https:\/\/noticiasribeiraopreto.com.br\/index.php\/wp-json\/wp\/v2\/comments?post=20751"}],"version-history":[{"count":0,"href":"https:\/\/noticiasribeiraopreto.com.br\/index.php\/wp-json\/wp\/v2\/posts\/20751\/revisions"}],"wp:featuredmedia":[{"embeddable":true,"href":"https:\/\/noticiasribeiraopreto.com.br\/index.php\/wp-json\/wp\/v2\/media\/20752"}],"wp:attachment":[{"href":"https:\/\/noticiasribeiraopreto.com.br\/index.php\/wp-json\/wp\/v2\/media?parent=20751"}],"wp:term":[{"taxonomy":"category","embeddable":true,"href":"https:\/\/noticiasribeiraopreto.com.br\/index.php\/wp-json\/wp\/v2\/categories?post=20751"},{"taxonomy":"post_tag","embeddable":true,"href":"https:\/\/noticiasribeiraopreto.com.br\/index.php\/wp-json\/wp\/v2\/tags?post=20751"}],"curies":[{"name":"wp","href":"https:\/\/api.w.org\/{rel}","templated":true}]}}