{"id":20753,"date":"2023-12-26T12:38:23","date_gmt":"2023-12-26T15:38:23","guid":{"rendered":"https:\/\/noticiasribeiraopreto.com.br\/index.php\/2023\/12\/26\/notebook-da-acer-com-39-de-desconto\/"},"modified":"2023-12-26T12:38:23","modified_gmt":"2023-12-26T15:38:23","slug":"notebook-da-acer-com-39-de-desconto","status":"publish","type":"post","link":"https:\/\/noticiasribeiraopreto.com.br\/index.php\/2023\/12\/26\/notebook-da-acer-com-39-de-desconto\/","title":{"rendered":"Notebook da Acer com 39% de desconto"},"content":{"rendered":"<div class='code-block code-block-1' style='margin: 8px 0 8px auto; text-align: right; display: block; clear: both;'>\n<p><a href=\"https:\/\/wa.link\/vpicfd\"><img data-recalc-dims=\"1\" class=\"wp-image-4922\" style=\"aspect-ratio: 2.0253164556962027; width: 561px; height: auto;\" src=\"https:\/\/i0.wp.com\/ismaelcolosi.com.br\/wp-content\/uploads\/2023\/11\/grupo-de-empregos-whatsapp-e-facebook-ismael-colosi-vagas.jpg?ssl=1\" alt=\"\" \/><\/a><\/p>\n<!-- \/wp:image -->\n<\/div>\n<p> <br \/>\n<\/p>\n<div>\n<div>\n<p>Este \u00e9 o momento perfeito para atualizar seu dispositivo de trabalho ou estudos!<\/p>\n<p>A Acer oferece pot\u00eancia, desempenho e confiabilidade a um pre\u00e7o incrivelmente acess\u00edvel: desconto de <strong>39%<\/strong> no notebook Aspire 3.<\/p>\n<p>Este notebook \u00e9 perfeito para tarefas do dia a dia, desde navegar na web at\u00e9 criar documentos e assistir a v\u00eddeos. Com a qualidade Acer comprovada, voc\u00ea pode contar com ele para atender \u00e0s suas necessidades di\u00e1rias.<\/p>\n<p>Confira os detalhes abaixo e leve o seu:<\/p>\n<div class=\"container vitrine-amdb mb-4 p-3\" style=\"width: 90%; box-shadow: 1px 2px 6px rgb(0 0 0 \/ 0.2);\">\n<div class=\"row mb-3\">\n<div class=\"mb-3 mb-lg-0\" style=\"flex: 1 auto; text-align: center;\"><a href=\"https:\/\/amzn.to\/3TGql8K\" rel=\"noopener sponsored\" target=\"_blank\"><img decoding=\"async\" alt=\"Notebook Acer Aspire 3\" class=\"img-fluid lazy\" height=\"200\" loading=\"lazy\" src=\"https:\/\/jcconcursos.com.br\/noticia\/ofertas\/aspect-ratio: 1\/1; object-fit: contain;\" width=\"200\"\/><noscript><img decoding=\"async\" alt=\"Notebook Acer Aspire 3\" class=\"img-fluid\" height=\"200\" loading=\"lazy\" src=\"https:\/\/jcconcursos.com.br\/noticia\/ofertas\/aspect-ratio: 1\/1; object-fit: contain;\" width=\"200\"\/><\/noscript><\/a><\/div>\n<div style=\"flex: 2 auto;\">\n<ul>\n<li class=\"a-spacing-mini\">Processador Intel Core i3<\/li>\n<li class=\"a-spacing-mini\">Intel UHD Graphics<\/li>\n<li class=\"a-spacing-mini\"><span class=\"a-list-item\">4gb mem\u00f3ria RAM<\/span><\/li>\n<li class=\"a-spacing-mini\"><span class=\"a-list-item\">256 GB de armazenamento em SSD<\/span><\/li>\n<li class=\"a-spacing-mini\">Tela 15,6 polegadas<\/li>\n<li class=\"a-spacing-mini\">Teclado num\u00e9rico<\/li>\n<li class=\"a-spacing-mini\"><span class=\"a-size-large product-title-word-break\"><span class=\"a-size-large product-title-word-break\" id=\"productTitle\">Windows 10<\/span><\/span><\/li>\n<\/ul><\/div>\n<\/p><\/div>\n<\/p><\/div>\n<hr\/>\n<p class=\"text-muted\"><em><small>Selecionamos cuidadosamente os produtos apresentados neste artigo de maneira independente, e todos os pre\u00e7os, descontos e cupons foram verificados na data de publica\u00e7\u00e3o. Quando voc\u00ea realiza uma compra atrav\u00e9s dos links que fornecemos, podemos receber uma comiss\u00e3o, mas fique tranquilo, isso n\u00e3o implica em custos adicionais para voc\u00ea.<\/small><\/em><\/p>\n<\/p><\/div>\n<p><a href=\"https:\/\/jcconcursos.com.br\/noticia\/ofertas\/oferta-relampago-notebook-da-acer-com-39-de-desconto-120375\">Source link <\/a><\/p>\n<\/p><\/div>\n<p><br \/>\n<br \/><a href=\"https:\/\/ismaelcolosi.com.br\/notebook-da-acer-com-39-de-desconto\/\">Source link <\/a><\/p>\n<!-- CONTENT END 1 -->\n","protected":false},"excerpt":{"rendered":"<p>Este \u00e9 o momento perfeito para atualizar seu dispositivo de trabalho ou estudos! A Acer oferece pot\u00eancia, desempenho e confiabilidade a um pre\u00e7o incrivelmente acess\u00edvel:&#8230;<\/p>\n","protected":false},"author":1,"featured_media":0,"comment_status":"open","ping_status":"open","sticky":false,"template":"","format":"standard","meta":{"advanced_seo_description":"","jetpack_seo_html_title":"","jetpack_seo_noindex":false,"jetpack_post_was_ever_published":false,"_jetpack_newsletter_access":"","_jetpack_dont_email_post_to_subs":false,"_jetpack_newsletter_tier_id":0,"_jetpack_memberships_contains_paywalled_content":false,"_jetpack_memberships_contains_paid_content":false,"footnotes":"","jetpack_publicize_message":"","jetpack_publicize_feature_enabled":true,"jetpack_social_post_already_shared":true,"jetpack_social_options":{"image_generator_settings":{"template":"highway","default_image_id":0,"font":"","enabled":false},"version":2}},"categories":[7],"tags":[],"class_list":["post-20753","post","type-post","status-publish","format-standard","hentry","category-vagas-de-empregos-em-ribeirao-preto-regiao-brasil"],"jetpack_publicize_connections":[],"jetpack_featured_media_url":"","jetpack-related-posts":[{"id":70114,"url":"https:\/\/noticiasribeiraopreto.com.br\/index.php\/2025\/05\/22\/sociedade-francana-para-cegos-recebe-doacoes-de-equipamentos-eletronicos\/","url_meta":{"origin":20753,"position":0},"title":"Sociedade Francana para Cegos recebe doa\u00e7\u00f5es de equipamentos eletr\u00f4nicos","author":"noticiasribeiraopreto.com.br","date":"22 de May de 2025","format":false,"excerpt":"O Escrit\u00f3rio Regional do Sebrae-SP em Franca realizou a doa\u00e7\u00e3o de notebooks e outros produtos eletr\u00f4nicos para a Sociedade Francana de Instru\u00e7\u00e3o e Trabalho para Cegos. A doa\u00e7\u00e3o faz parte de um processo do Sebrae-SP de encaminhar para sociedades e institui\u00e7\u00f5es sem fins lucrativos produtos que n\u00e3o s\u00e3o mais utilizados\u2026","rel":"","context":"In &quot;Not\u00edcias de Franca-SP&quot;","block_context":{"text":"Not\u00edcias de Franca-SP","link":"https:\/\/noticiasribeiraopreto.com.br\/index.php\/category\/noticias-de-ribeirao-preto-sp-e-regiao-ismael-colosi\/noticias-franca-sp\/"},"img":{"alt_text":"","src":"https:\/\/i0.wp.com\/noticiasribeiraopreto.com.br\/wp-content\/uploads\/2025\/05\/doacao-sociedade-cegos-sebrae.jpeg?fit=1200%2C599&ssl=1&resize=350%2C200","width":350,"height":200,"srcset":"https:\/\/i0.wp.com\/noticiasribeiraopreto.com.br\/wp-content\/uploads\/2025\/05\/doacao-sociedade-cegos-sebrae.jpeg?fit=1200%2C599&ssl=1&resize=350%2C200 1x, https:\/\/i0.wp.com\/noticiasribeiraopreto.com.br\/wp-content\/uploads\/2025\/05\/doacao-sociedade-cegos-sebrae.jpeg?fit=1200%2C599&ssl=1&resize=525%2C300 1.5x, https:\/\/i0.wp.com\/noticiasribeiraopreto.com.br\/wp-content\/uploads\/2025\/05\/doacao-sociedade-cegos-sebrae.jpeg?fit=1200%2C599&ssl=1&resize=700%2C400 2x, https:\/\/i0.wp.com\/noticiasribeiraopreto.com.br\/wp-content\/uploads\/2025\/05\/doacao-sociedade-cegos-sebrae.jpeg?fit=1200%2C599&ssl=1&resize=1050%2C600 3x"},"classes":[]},{"id":70154,"url":"https:\/\/noticiasribeiraopreto.com.br\/index.php\/2025\/05\/23\/jornal-da-franca-sebrae-de-franca-faz-doacao-de-equipamentos-eletronicos-para-a-sociedade-dos-cegos\/","url_meta":{"origin":20753,"position":1},"title":"Jornal da Franca &#8211; Sebrae de Franca faz doa\u00e7\u00e3o de equipamentos eletr\u00f4nicos para a Sociedade dos Cegos","author":"noticiasribeiraopreto.com.br","date":"23 de May de 2025","format":false,"excerpt":"compartilhar no whatsapp compartilhar no telegram compartilhar no facebook compartilhar no linkedin Escrit\u00f3rio regional do Sebrae de Franca cedeu notebooks, circuladores de ar, ar condicionado e outros equipamentos para o instituto O Escrit\u00f3rio Regional do Sebrae-SP em Franca realizou a doa\u00e7\u00e3o de notebooks e outros produtos eletr\u00f4nicos para a Sociedade\u2026","rel":"","context":"In &quot;Not\u00edcias de Franca-SP&quot;","block_context":{"text":"Not\u00edcias de Franca-SP","link":"https:\/\/noticiasribeiraopreto.com.br\/index.php\/category\/noticias-de-ribeirao-preto-sp-e-regiao-ismael-colosi\/noticias-franca-sp\/"},"img":{"alt_text":"","src":"https:\/\/i0.wp.com\/noticiasribeiraopreto.com.br\/wp-content\/uploads\/2025\/05\/essa-23.jpg?fit=976%2C532&ssl=1&resize=350%2C200","width":350,"height":200,"srcset":"https:\/\/i0.wp.com\/noticiasribeiraopreto.com.br\/wp-content\/uploads\/2025\/05\/essa-23.jpg?fit=976%2C532&ssl=1&resize=350%2C200 1x, https:\/\/i0.wp.com\/noticiasribeiraopreto.com.br\/wp-content\/uploads\/2025\/05\/essa-23.jpg?fit=976%2C532&ssl=1&resize=525%2C300 1.5x, https:\/\/i0.wp.com\/noticiasribeiraopreto.com.br\/wp-content\/uploads\/2025\/05\/essa-23.jpg?fit=976%2C532&ssl=1&resize=700%2C400 2x"},"classes":[]},{"id":5872,"url":"https:\/\/noticiasribeiraopreto.com.br\/index.php\/2023\/11\/24\/black-friday-da-nike-tem-descontos-de-mais-de-50\/","url_meta":{"origin":20753,"position":2},"title":"Black Friday da Nike tem descontos de mais de 50%","author":"noticiasribeiraopreto.com.br","date":"24 de November de 2023","format":false,"excerpt":"S\u00e3o muitos modelos dispon\u00edveis com aquele precinho camarada. Vem saber tudo: 24 de novembro de 2023 \u00e0s 14:45 Por: Oferecimento Nike Quem ama praticar esportes sem abrir m\u00e3o do estilo vai aproveitar \u2013 e muito \u2013 a Black Friday da Nike. S\u00e3o muitos modelos com desconto de mais de 50%!\u2026","rel":"","context":"In &quot;Variedades&quot;","block_context":{"text":"Variedades","link":"https:\/\/noticiasribeiraopreto.com.br\/index.php\/category\/variedades\/"},"img":{"alt_text":"","src":"https:\/\/i0.wp.com\/noticiasribeiraopreto.com.br\/wp-content\/uploads\/2023\/11\/nike-air-jornan-5-retro.png?fit=1200%2C638&ssl=1&resize=350%2C200","width":350,"height":200,"srcset":"https:\/\/i0.wp.com\/noticiasribeiraopreto.com.br\/wp-content\/uploads\/2023\/11\/nike-air-jornan-5-retro.png?fit=1200%2C638&ssl=1&resize=350%2C200 1x, https:\/\/i0.wp.com\/noticiasribeiraopreto.com.br\/wp-content\/uploads\/2023\/11\/nike-air-jornan-5-retro.png?fit=1200%2C638&ssl=1&resize=525%2C300 1.5x, https:\/\/i0.wp.com\/noticiasribeiraopreto.com.br\/wp-content\/uploads\/2023\/11\/nike-air-jornan-5-retro.png?fit=1200%2C638&ssl=1&resize=700%2C400 2x, https:\/\/i0.wp.com\/noticiasribeiraopreto.com.br\/wp-content\/uploads\/2023\/11\/nike-air-jornan-5-retro.png?fit=1200%2C638&ssl=1&resize=1050%2C600 3x"},"classes":[]},{"id":63121,"url":"https:\/\/noticiasribeiraopreto.com.br\/index.php\/2025\/02\/03\/professores-terao-15-de-desconto-em-hoteis-nacionais-veja-como-funciona\/","url_meta":{"origin":20753,"position":3},"title":"Professores ter\u00e3o 15% de desconto em hot\u00e9is nacionais; veja como funciona","author":"noticiasribeiraopreto.com.br","date":"3 de February de 2025","format":false,"excerpt":"O governo federal anunciou, nesta segunda-feira (3), que os professores da educa\u00e7\u00e3o b\u00e1sica em todo o Brasil ter\u00e3o direito a um desconto de 15% em reservas em hot\u00e9is associados \u00e0 Associa\u00e7\u00e3o Brasileira da Ind\u00fastria de Hot\u00e9is (ABIH). A medida \u00e9 resultado de uma parceria entre o Minist\u00e9rio da Educa\u00e7\u00e3o (MEC),\u2026","rel":"","context":"In &quot;Not\u00edcias de Ribeir\u00e3o Preto-SP e Regi\u00e3o&quot;","block_context":{"text":"Not\u00edcias de Ribeir\u00e3o Preto-SP e Regi\u00e3o","link":"https:\/\/noticiasribeiraopreto.com.br\/index.php\/category\/noticias-de-ribeirao-preto-sp-e-regiao-ismael-colosi\/"},"img":{"alt_text":"","src":"https:\/\/i0.wp.com\/noticiasribeiraopreto.com.br\/wp-content\/uploads\/2025\/02\/Copia-de-Copia-de-Copia-de-TAMANHO-EXATO-PARA-FOTOS-NO-SISTEMA-NOVO-2025-02-03T145711.612_2025-02-03_17-57-15_png_2025-02-03_17-57-15.webp.webp?fit=1200%2C675&ssl=1&resize=350%2C200","width":350,"height":200,"srcset":"https:\/\/i0.wp.com\/noticiasribeiraopreto.com.br\/wp-content\/uploads\/2025\/02\/Copia-de-Copia-de-Copia-de-TAMANHO-EXATO-PARA-FOTOS-NO-SISTEMA-NOVO-2025-02-03T145711.612_2025-02-03_17-57-15_png_2025-02-03_17-57-15.webp.webp?fit=1200%2C675&ssl=1&resize=350%2C200 1x, https:\/\/i0.wp.com\/noticiasribeiraopreto.com.br\/wp-content\/uploads\/2025\/02\/Copia-de-Copia-de-Copia-de-TAMANHO-EXATO-PARA-FOTOS-NO-SISTEMA-NOVO-2025-02-03T145711.612_2025-02-03_17-57-15_png_2025-02-03_17-57-15.webp.webp?fit=1200%2C675&ssl=1&resize=525%2C300 1.5x, https:\/\/i0.wp.com\/noticiasribeiraopreto.com.br\/wp-content\/uploads\/2025\/02\/Copia-de-Copia-de-Copia-de-TAMANHO-EXATO-PARA-FOTOS-NO-SISTEMA-NOVO-2025-02-03T145711.612_2025-02-03_17-57-15_png_2025-02-03_17-57-15.webp.webp?fit=1200%2C675&ssl=1&resize=700%2C400 2x, https:\/\/i0.wp.com\/noticiasribeiraopreto.com.br\/wp-content\/uploads\/2025\/02\/Copia-de-Copia-de-Copia-de-TAMANHO-EXATO-PARA-FOTOS-NO-SISTEMA-NOVO-2025-02-03T145711.612_2025-02-03_17-57-15_png_2025-02-03_17-57-15.webp.webp?fit=1200%2C675&ssl=1&resize=1050%2C600 3x"},"classes":[]},{"id":7719,"url":"https:\/\/noticiasribeiraopreto.com.br\/index.php\/2023\/11\/28\/fone-sem-fio-bowie-wm03-da-baseus-esta-com-57-desconto\/","url_meta":{"origin":20753,"position":4},"title":"Fone sem fio Bowie WM03 da Baseus est\u00e1 com 57% desconto","author":"noticiasribeiraopreto.com.br","date":"28 de November de 2023","format":false,"excerpt":"Voc\u00ea tem uma vida atribulada e precisa de muita praticidade? Ent\u00e3o, se liga s\u00f3 nessa super dica: o AliExpress est\u00e1 com uma promo\u00e7\u00e3o imperd\u00edvel de eletr\u00f4nicos na Cyber Monday e v\u00e1rios fones sem fio e powerbanks da Baseus est\u00e3o com descontos incr\u00edveis. Incluindo o poderoso Bowie WM03 com 57% off.\u2026","rel":"","context":"In &quot;Variedades&quot;","block_context":{"text":"Variedades","link":"https:\/\/noticiasribeiraopreto.com.br\/index.php\/category\/variedades\/"},"img":{"alt_text":"","src":"https:\/\/i0.wp.com\/noticiasribeiraopreto.com.br\/wp-content\/uploads\/2023\/11\/baseus-bowie-wm03.jpg?fit=1200%2C638&ssl=1&resize=350%2C200","width":350,"height":200,"srcset":"https:\/\/i0.wp.com\/noticiasribeiraopreto.com.br\/wp-content\/uploads\/2023\/11\/baseus-bowie-wm03.jpg?fit=1200%2C638&ssl=1&resize=350%2C200 1x, https:\/\/i0.wp.com\/noticiasribeiraopreto.com.br\/wp-content\/uploads\/2023\/11\/baseus-bowie-wm03.jpg?fit=1200%2C638&ssl=1&resize=525%2C300 1.5x, https:\/\/i0.wp.com\/noticiasribeiraopreto.com.br\/wp-content\/uploads\/2023\/11\/baseus-bowie-wm03.jpg?fit=1200%2C638&ssl=1&resize=700%2C400 2x, https:\/\/i0.wp.com\/noticiasribeiraopreto.com.br\/wp-content\/uploads\/2023\/11\/baseus-bowie-wm03.jpg?fit=1200%2C638&ssl=1&resize=1050%2C600 3x"},"classes":[]},{"id":15950,"url":"https:\/\/noticiasribeiraopreto.com.br\/index.php\/2023\/12\/14\/ate-44-de-desconto-nos-smartphones-motorola-razr-40\/","url_meta":{"origin":20753,"position":5},"title":"At\u00e9 44% de desconto nos smartphones Motorola Razr 40","author":"noticiasribeiraopreto.com.br","date":"14 de December de 2023","format":false,"excerpt":"Neste Natal, a Motorola tem uma surpresa especial para voc\u00ea! Por tempo limitado, est\u00e3o oferecendo um desconto incr\u00edvel de 44% no smartphone Motorola Razr 40. Este dispositivo \u00e9 uma verdadeira obra-prima da engenharia, com sua tela dobr\u00e1vel que se desdobra em um design elegante e compacto. Al\u00e9m disso, o Razr\u2026","rel":"","context":"In &quot;Vagas de Emprego em Ribeir\u00e3o Preto-SP&quot;","block_context":{"text":"Vagas de Emprego em Ribeir\u00e3o Preto-SP","link":"https:\/\/noticiasribeiraopreto.com.br\/index.php\/category\/empregos-classificados-vagas-trabalho\/vagas-de-empregos-em-ribeirao-preto-regiao-brasil\/"},"img":{"alt_text":"Smartphone Motorola Razr 40","src":"https:\/\/jcconcursos.com.br\/noticia\/ofertas\/aspect-ratio: 1\/1; object-fit: contain;","width":350,"height":200},"classes":[]}],"jetpack_sharing_enabled":true,"jetpack_shortlink":"https:\/\/wp.me\/peQAOb-5oJ","_links":{"self":[{"href":"https:\/\/noticiasribeiraopreto.com.br\/index.php\/wp-json\/wp\/v2\/posts\/20753","targetHints":{"allow":["GET"]}}],"collection":[{"href":"https:\/\/noticiasribeiraopreto.com.br\/index.php\/wp-json\/wp\/v2\/posts"}],"about":[{"href":"https:\/\/noticiasribeiraopreto.com.br\/index.php\/wp-json\/wp\/v2\/types\/post"}],"author":[{"embeddable":true,"href":"https:\/\/noticiasribeiraopreto.com.br\/index.php\/wp-json\/wp\/v2\/users\/1"}],"replies":[{"embeddable":true,"href":"https:\/\/noticiasribeiraopreto.com.br\/index.php\/wp-json\/wp\/v2\/comments?post=20753"}],"version-history":[{"count":0,"href":"https:\/\/noticiasribeiraopreto.com.br\/index.php\/wp-json\/wp\/v2\/posts\/20753\/revisions"}],"wp:attachment":[{"href":"https:\/\/noticiasribeiraopreto.com.br\/index.php\/wp-json\/wp\/v2\/media?parent=20753"}],"wp:term":[{"taxonomy":"category","embeddable":true,"href":"https:\/\/noticiasribeiraopreto.com.br\/index.php\/wp-json\/wp\/v2\/categories?post=20753"},{"taxonomy":"post_tag","embeddable":true,"href":"https:\/\/noticiasribeiraopreto.com.br\/index.php\/wp-json\/wp\/v2\/tags?post=20753"}],"curies":[{"name":"wp","href":"https:\/\/api.w.org\/{rel}","templated":true}]}}