{"id":20758,"date":"2023-12-26T12:57:24","date_gmt":"2023-12-26T15:57:24","guid":{"rendered":"https:\/\/noticiasribeiraopreto.com.br\/index.php\/2023\/12\/26\/consumo-de-adocantes-pode-aumentar-risco-de-depressao\/"},"modified":"2023-12-26T12:57:24","modified_gmt":"2023-12-26T15:57:24","slug":"consumo-de-adocantes-pode-aumentar-risco-de-depressao","status":"publish","type":"post","link":"https:\/\/noticiasribeiraopreto.com.br\/index.php\/2023\/12\/26\/consumo-de-adocantes-pode-aumentar-risco-de-depressao\/","title":{"rendered":"Consumo de ado\u00e7antes pode aumentar risco de depress\u00e3o"},"content":{"rendered":"<div class='code-block code-block-1' style='margin: 8px 0 8px auto; text-align: right; display: block; clear: both;'>\n<p><a href=\"https:\/\/wa.link\/vpicfd\"><img data-recalc-dims=\"1\" class=\"wp-image-4922\" style=\"aspect-ratio: 2.0253164556962027; width: 561px; height: auto;\" src=\"https:\/\/i0.wp.com\/ismaelcolosi.com.br\/wp-content\/uploads\/2023\/11\/grupo-de-empregos-whatsapp-e-facebook-ismael-colosi-vagas.jpg?ssl=1\" alt=\"\" \/><\/a><\/p>\n<!-- \/wp:image -->\n<\/div>\n<p> <br \/>\n<\/p>\n<div>\n<div id=\"attachment_2272595\" class=\"wp-caption alignnone\">\n<div class=\"d-flex justify-content-center\" data-attachment-id=\"2272595\">\n<div class=\"position-relative d-inline-block\"><img data-recalc-dims=\"1\" data-portal-copyright=\"iStock\/Andrii Bicher\" fetchpriority=\"high\" decoding=\"async\" class=\"size-full wp-image-2272595\" src=\"https:\/\/i0.wp.com\/catracalivre.com.br\/wp-content\/uploads\/2023\/05\/fotos-catraca-2023-05-18t121250397.png?resize=1200%2C660&#038;ssl=1\" alt=\"OMS desaconselha uso de ado\u00e7ante por uma s\u00e9rie de consequ\u00eancias nocivas \u00e0 sa\u00fade do corpo e da mente, como a depress\u00e3o \u2013 iStock\/Getty Images\" width=\"1200\" height=\"660\" srcset=\"https:\/\/catracalivre.com.br\/wp-content\/uploads\/2023\/05\/fotos-catraca-2023-05-18t121250397.png 1200w, https:\/\/catracalivre.com.br\/wp-content\/uploads\/2023\/05\/fotos-catraca-2023-05-18t121250397-450x248.png 450w, https:\/\/catracalivre.com.br\/wp-content\/uploads\/2023\/05\/fotos-catraca-2023-05-18t121250397-768x422.png 768w\" sizes=\"(max-width: 1200px) 100vw, 1200px\"\/><\/p>\n<p>Cr\u00e9ditos: iStock\/Andrii Bicher<\/p>\n<\/div>\n<\/div>\n<p><span class=\"post-imagem__legenda\">OMS desaconselha uso de ado\u00e7ante por uma s\u00e9rie de consequ\u00eancias nocivas \u00e0 sa\u00fade do corpo e da mente, como a depress\u00e3o \u2013 iStock\/Getty Images<\/span><\/p>\n<\/div>\n<p>A ingest\u00e3o de ado\u00e7antes artificiais pode estar ligada ao aumento da incid\u00eancia de <a href=\"https:\/\/catracalivre.com.br\/saude-bem-estar\/depressao-sintomas-e-tudo-que-precisamos-saber-sobre-a-doenca\/\">depress\u00e3o<\/a>, indica estudo divulgado por duas institui\u00e7\u00f5es acad\u00eamicas<strong><a href=\"https:\/\/www.harvard.edu\/\" target=\"_blank\" rel=\"noopener\"> Universidade de Harvard<\/a><\/strong> e Hospital Mass General Brigham, ambas situadas em Massachusetts, EUA.<\/p>\n<p>Al\u00e9m dos ado\u00e7antes artificiais, o estudo tamb\u00e9m avaliou eventuais impactos causados por alimentos <strong><a href=\"https:\/\/catracalivre.com.br\/saude-bem-estar\/5-alimentos-da-sua-dieta-que-sao-ultraprocessados-e-talvez-voce-nao-saiba\/\" target=\"_blank\" rel=\"noopener\">ultraprocessados<\/a><\/strong>, como salgadinhos, molhos prontos e refei\u00e7\u00f5es instant\u00e2neas. Eles tamb\u00e9m foram apontados como poss\u00edveis culpados pelo crescente n\u00famero de casos de depress\u00e3o.<\/p>\n<p>Para entender a rela\u00e7\u00e3o entre esses produtos e o aumento de casos de depress\u00e3o, a pesquisa envolveu an\u00e1lise de mais de 30 mil dietas de mulheres, com idades entre 42 e 62 anos, que levou \u00e0 revela\u00e7\u00e3o de cerca de 7 mil casos clinicamente diagnosticados de depress\u00e3o.<\/p>\n<h2>Al\u00e9m da depress\u00e3o: outros riscos causados pelo ado\u00e7ante<\/h2>\n<p>Publicado no JAMA, um peri\u00f3dico especializado em medicina, o estudo observou os h\u00e1bitos alimentares de mulheres que se voluntariaram a participar do programa a cada quatro anos.<\/p>\n<p>O <a href=\"https:\/\/catracalivre.com.br\/saude-bem-estar\/alem-do-aspartame-veja-outros-5-alimentos-apontados-como-cancerigenos\/\">aspartame<\/a>, um dos ado\u00e7antes artificialmente produzidos, foi particularmente destacado, uma vez que a <a href=\"https:\/\/www.who.int\/\" target=\"_blank\" rel=\"noopener\">Organiza\u00e7\u00e3o Mundial da Sa\u00fade (OMS)<\/a> considerou este composto como um poss\u00edvel agente cancer\u00edgeno e foi associado a taxas elevadas de depress\u00e3o.<\/p>\n<p>Para esse estudo, os cientistas deram duas defini\u00e7\u00f5es para depress\u00e3o: uma classifica\u00e7\u00e3o estrita e outra ampla. Na categoria estrita, ca\u00edam indiv\u00edduos diagnosticados com a doen\u00e7a por um m\u00e9dico e que usavam antidepressivos regularmente. J\u00e1 na categoria ampla, estavam inclu\u00eddos pacientes que haviam recebido um diagn\u00f3stico cl\u00ednico de depress\u00e3o e\/ou tomavam antidepressivos.<\/p>\n<p>Com o resultado do estudo, dos 31.712 participantes, 2.122 apresentavam depress\u00e3o grave, enquanto 4.820 apresentavam depress\u00e3o ampla.<\/p>\n<p>Apesar das descobertas interessantes, os pesquisadores atestam a necessidade de mais pesquisas para confirmar suas conclus\u00f5es.\u00a0\u201cEste estudo fornece uma vis\u00e3o sobre o papel potencial dos ado\u00e7antes artificiais na sa\u00fade f\u00edsica e mental, Mas isso precisa de confirma\u00e7\u00e3o atrav\u00e9s de mais pesquisas al\u00e9m dos dados observacionais\u201d, afirmou Sharmali Edwin Thanarajah, neurologista na Alemanha.<\/p>\n<\/div>\n<p><script>\n\t\t! function(f, b, e, v, n, t, s) {\n\t\t\tif (f.fbq) return;\n\t\t\tn = f.fbq = function() {\n\t\t\t\tn.callMethod ?\n\t\t\t\t\tn.callMethod.apply(n, arguments) : n.queue.push(arguments)\n\t\t\t};\n\t\t\tif (!f._fbq) f._fbq = n;\n\t\t\tn.push = n;\n\t\t\tn.loaded = !0;\n\t\t\tn.version = '2.0';\n\t\t\tn.queue = [];\n\t\t\tt = b.createElement(e);\n\t\t\tt.async = !0;\n\t\t\tt.src = v;\n\t\t\ts = b.getElementsByTagName(e)[0];\n\t\t\ts.parentNode.insertBefore(t, s)\n\t\t}(window, document, 'script',\n\t\t\t'https:\/\/connect.facebook.net\/en_US\/fbevents.js');\n\t\tfbq('init', '338315473262380');\n\t\tfbq('track', 'PageView');\n\t<\/script><br \/>\n<br \/><br \/>\n<br \/><a href=\"https:\/\/catracalivre.com.br\/saude-bem-estar\/consumo-de-adocantes-pode-aumentar-risco-de-depressao\/\">Source link <\/a><\/p>\n<!-- CONTENT END 1 -->\n","protected":false},"excerpt":{"rendered":"<p>Cr\u00e9ditos: iStock\/Andrii Bicher OMS desaconselha uso de ado\u00e7ante por uma s\u00e9rie de consequ\u00eancias nocivas \u00e0 sa\u00fade do corpo e da mente, como a depress\u00e3o \u2013&#8230;<\/p>\n","protected":false},"author":1,"featured_media":20759,"comment_status":"open","ping_status":"open","sticky":false,"template":"","format":"standard","meta":{"advanced_seo_description":"","jetpack_seo_html_title":"","jetpack_seo_noindex":false,"jetpack_post_was_ever_published":false,"_jetpack_newsletter_access":"","_jetpack_dont_email_post_to_subs":false,"_jetpack_newsletter_tier_id":0,"_jetpack_memberships_contains_paywalled_content":false,"_jetpack_memberships_contains_paid_content":false,"footnotes":"","jetpack_publicize_message":"","jetpack_publicize_feature_enabled":true,"jetpack_social_post_already_shared":true,"jetpack_social_options":{"image_generator_settings":{"template":"highway","default_image_id":0,"font":"","enabled":false},"version":2}},"categories":[19],"tags":[],"class_list":["post-20758","post","type-post","status-publish","format-standard","has-post-thumbnail","hentry","category-variedades"],"jetpack_publicize_connections":[],"jetpack_featured_media_url":"https:\/\/i0.wp.com\/noticiasribeiraopreto.com.br\/wp-content\/uploads\/2023\/12\/fotos-catraca-2023-05-18t121250397.png?fit=1200%2C638&ssl=1","jetpack-related-posts":[{"id":10292,"url":"https:\/\/noticiasribeiraopreto.com.br\/index.php\/2023\/12\/04\/este-alimento-pode-ajudar-a-evitar-depressao-diz-estudo\/","url_meta":{"origin":20758,"position":0},"title":"Este alimento pode ajudar a evitar depress\u00e3o, diz estudo","author":"noticiasribeiraopreto.com.br","date":"4 de December de 2023","format":false,"excerpt":"Cr\u00e9ditos: Getty ImagesAlimento foi considerado um verdadeiro rem\u00e9dio no combate \u00e0 depress\u00e3o, de acordo com estudo realizado na Espanha \u2013 iStock\/Getty Images O consumo de amendoim pode desempenhar papel crucial na preven\u00e7\u00e3o de sintomas de depress\u00e3o, de acordo com um estudo realizado na Espanha. As evid\u00eancias observadas na pesquisa mostram\u2026","rel":"","context":"In &quot;Variedades&quot;","block_context":{"text":"Variedades","link":"https:\/\/noticiasribeiraopreto.com.br\/index.php\/category\/variedades\/"},"img":{"alt_text":"","src":"https:\/\/i0.wp.com\/noticiasribeiraopreto.com.br\/wp-content\/uploads\/2023\/12\/istock-1729805249.jpg?fit=1200%2C638&ssl=1&resize=350%2C200","width":350,"height":200,"srcset":"https:\/\/i0.wp.com\/noticiasribeiraopreto.com.br\/wp-content\/uploads\/2023\/12\/istock-1729805249.jpg?fit=1200%2C638&ssl=1&resize=350%2C200 1x, https:\/\/i0.wp.com\/noticiasribeiraopreto.com.br\/wp-content\/uploads\/2023\/12\/istock-1729805249.jpg?fit=1200%2C638&ssl=1&resize=525%2C300 1.5x, https:\/\/i0.wp.com\/noticiasribeiraopreto.com.br\/wp-content\/uploads\/2023\/12\/istock-1729805249.jpg?fit=1200%2C638&ssl=1&resize=700%2C400 2x, https:\/\/i0.wp.com\/noticiasribeiraopreto.com.br\/wp-content\/uploads\/2023\/12\/istock-1729805249.jpg?fit=1200%2C638&ssl=1&resize=1050%2C600 3x"},"classes":[]},{"id":16354,"url":"https:\/\/noticiasribeiraopreto.com.br\/index.php\/2023\/12\/15\/por-que-comer-amendoim-ajuda-a-diminuir-risco-de-depressao\/","url_meta":{"origin":20758,"position":1},"title":"Por que comer amendoim ajuda a diminuir risco de depress\u00e3o?","author":"noticiasribeiraopreto.com.br","date":"15 de December de 2023","format":false,"excerpt":"Cr\u00e9ditos: Getty Images\/iStockphotoAmendoim re\u00fane nutrientes fundamentais para o bom funcionamento do organismo \u2013 iStock\/Getty Images Estudo recente realizado na Espanha descobriu que consumo regular de amendoim na nossa dieta alimentar est\u00e1 associado a v\u00e1rios benef\u00edcios \u00e0 sa\u00fade, incluindo a melhora no humor. Ainda de acordo com a pesquisa, que pessoas\u2026","rel":"","context":"In &quot;Variedades&quot;","block_context":{"text":"Variedades","link":"https:\/\/noticiasribeiraopreto.com.br\/index.php\/category\/variedades\/"},"img":{"alt_text":"","src":"https:\/\/i0.wp.com\/noticiasribeiraopreto.com.br\/wp-content\/uploads\/2023\/12\/istock-1309198190.jpg?fit=1200%2C638&ssl=1&resize=350%2C200","width":350,"height":200,"srcset":"https:\/\/i0.wp.com\/noticiasribeiraopreto.com.br\/wp-content\/uploads\/2023\/12\/istock-1309198190.jpg?fit=1200%2C638&ssl=1&resize=350%2C200 1x, https:\/\/i0.wp.com\/noticiasribeiraopreto.com.br\/wp-content\/uploads\/2023\/12\/istock-1309198190.jpg?fit=1200%2C638&ssl=1&resize=525%2C300 1.5x, https:\/\/i0.wp.com\/noticiasribeiraopreto.com.br\/wp-content\/uploads\/2023\/12\/istock-1309198190.jpg?fit=1200%2C638&ssl=1&resize=700%2C400 2x, https:\/\/i0.wp.com\/noticiasribeiraopreto.com.br\/wp-content\/uploads\/2023\/12\/istock-1309198190.jpg?fit=1200%2C638&ssl=1&resize=1050%2C600 3x"},"classes":[]},{"id":13359,"url":"https:\/\/noticiasribeiraopreto.com.br\/index.php\/2023\/12\/09\/tristeza-pode-levar-ao-desenvolvimento-de-cancer\/","url_meta":{"origin":20758,"position":2},"title":"Tristeza pode levar ao desenvolvimento de c\u00e2ncer?","author":"noticiasribeiraopreto.com.br","date":"9 de December de 2023","format":false,"excerpt":"Cr\u00e9ditos: Getty ImagesA pesquisa d\u00e1 um desfecho \u00e0 hip\u00f3tese de que doen\u00e7as mentais caracterizadas pela triste podem levar ao desenvolvimento de c\u00e2ncer \u2013 iStock\/Getty Images Depress\u00e3o, ansiedade ou qualquer tipo de tristeza podem aumentar significativamente o risco de desenvolvimento de c\u00e2ncer, aponta novo estudo baseado em dados de mais de\u2026","rel":"","context":"In &quot;Variedades&quot;","block_context":{"text":"Variedades","link":"https:\/\/noticiasribeiraopreto.com.br\/index.php\/category\/variedades\/"},"img":{"alt_text":"","src":"https:\/\/i0.wp.com\/noticiasribeiraopreto.com.br\/wp-content\/uploads\/2023\/12\/istock-1321258462.jpg?fit=1200%2C638&ssl=1&resize=350%2C200","width":350,"height":200,"srcset":"https:\/\/i0.wp.com\/noticiasribeiraopreto.com.br\/wp-content\/uploads\/2023\/12\/istock-1321258462.jpg?fit=1200%2C638&ssl=1&resize=350%2C200 1x, https:\/\/i0.wp.com\/noticiasribeiraopreto.com.br\/wp-content\/uploads\/2023\/12\/istock-1321258462.jpg?fit=1200%2C638&ssl=1&resize=525%2C300 1.5x, https:\/\/i0.wp.com\/noticiasribeiraopreto.com.br\/wp-content\/uploads\/2023\/12\/istock-1321258462.jpg?fit=1200%2C638&ssl=1&resize=700%2C400 2x, https:\/\/i0.wp.com\/noticiasribeiraopreto.com.br\/wp-content\/uploads\/2023\/12\/istock-1321258462.jpg?fit=1200%2C638&ssl=1&resize=1050%2C600 3x"},"classes":[]},{"id":6235,"url":"https:\/\/noticiasribeiraopreto.com.br\/index.php\/2023\/11\/25\/consumo-de-azeite-reduz-risco-de-demencia-diz-estudo\/","url_meta":{"origin":20758,"position":3},"title":"Consumo de azeite reduz risco de dem\u00eancia, diz estudo","author":"noticiasribeiraopreto.com.br","date":"25 de November de 2023","format":false,"excerpt":"Cr\u00e9ditos: Getty Images\/iStockphotoEstudo refor\u00e7a a evid\u00eancia de que o uso de azeite pode contribuir para uma dieta mais saud\u00e1vel e reduz risco de dem\u00eancia \u2013 iStock\/Getty Images O consumo regular de azeite de oliva pode diminuir significativamente as chances de desenvolver dem\u00eancia e Alzheimer, assegura estudo divulgado pela Sociedade Americana\u2026","rel":"","context":"In &quot;Variedades&quot;","block_context":{"text":"Variedades","link":"https:\/\/noticiasribeiraopreto.com.br\/index.php\/category\/variedades\/"},"img":{"alt_text":"","src":"https:\/\/i0.wp.com\/noticiasribeiraopreto.com.br\/wp-content\/uploads\/2023\/11\/istock-464433694.jpg?fit=1200%2C638&ssl=1&resize=350%2C200","width":350,"height":200,"srcset":"https:\/\/i0.wp.com\/noticiasribeiraopreto.com.br\/wp-content\/uploads\/2023\/11\/istock-464433694.jpg?fit=1200%2C638&ssl=1&resize=350%2C200 1x, https:\/\/i0.wp.com\/noticiasribeiraopreto.com.br\/wp-content\/uploads\/2023\/11\/istock-464433694.jpg?fit=1200%2C638&ssl=1&resize=525%2C300 1.5x, https:\/\/i0.wp.com\/noticiasribeiraopreto.com.br\/wp-content\/uploads\/2023\/11\/istock-464433694.jpg?fit=1200%2C638&ssl=1&resize=700%2C400 2x, https:\/\/i0.wp.com\/noticiasribeiraopreto.com.br\/wp-content\/uploads\/2023\/11\/istock-464433694.jpg?fit=1200%2C638&ssl=1&resize=1050%2C600 3x"},"classes":[]},{"id":10244,"url":"https:\/\/noticiasribeiraopreto.com.br\/index.php\/2023\/12\/04\/por-que-tomar-cafe-pode-reduzir-o-risco-de-cancer\/","url_meta":{"origin":20758,"position":4},"title":"Por que tomar caf\u00e9 pode reduzir o risco de c\u00e2ncer?","author":"noticiasribeiraopreto.com.br","date":"4 de December de 2023","format":false,"excerpt":"Cr\u00e9ditos: Getty Images\/iStockphotoCientistas da Irlanda do Norte descobriram liga\u00e7\u00e3o entre o consumo do caf\u00e9 e menor risco de desenvolvimento de c\u00e2ncer no f\u00edgado \u2013 iStock\/Getty Images Cientistas da Universidade Queen, em Belfast, na Irlanda do Norte, descobriram uma liga\u00e7\u00e3o entre o consumo da bebida a menor risco de desenvolvimento de\u2026","rel":"","context":"In &quot;Variedades&quot;","block_context":{"text":"Variedades","link":"https:\/\/noticiasribeiraopreto.com.br\/index.php\/category\/variedades\/"},"img":{"alt_text":"","src":"https:\/\/i0.wp.com\/noticiasribeiraopreto.com.br\/wp-content\/uploads\/2023\/12\/istock-1450270481.jpg?fit=1200%2C638&ssl=1&resize=350%2C200","width":350,"height":200,"srcset":"https:\/\/i0.wp.com\/noticiasribeiraopreto.com.br\/wp-content\/uploads\/2023\/12\/istock-1450270481.jpg?fit=1200%2C638&ssl=1&resize=350%2C200 1x, https:\/\/i0.wp.com\/noticiasribeiraopreto.com.br\/wp-content\/uploads\/2023\/12\/istock-1450270481.jpg?fit=1200%2C638&ssl=1&resize=525%2C300 1.5x, https:\/\/i0.wp.com\/noticiasribeiraopreto.com.br\/wp-content\/uploads\/2023\/12\/istock-1450270481.jpg?fit=1200%2C638&ssl=1&resize=700%2C400 2x, https:\/\/i0.wp.com\/noticiasribeiraopreto.com.br\/wp-content\/uploads\/2023\/12\/istock-1450270481.jpg?fit=1200%2C638&ssl=1&resize=1050%2C600 3x"},"classes":[]},{"id":6517,"url":"https:\/\/noticiasribeiraopreto.com.br\/index.php\/2023\/11\/26\/ingrediente-comum-no-mercado-pode-causar-cancer-de-figado\/","url_meta":{"origin":20758,"position":5},"title":"Ingrediente comum no mercado pode causar c\u00e2ncer de f\u00edgado","author":"noticiasribeiraopreto.com.br","date":"26 de November de 2023","format":false,"excerpt":"Cr\u00e9ditos: Getty Images\/iStockphotoIngrediente presente em diversos alimentos representa alto risco de c\u00e2ncer de f\u00edgado, segundo especialistas \u2013 iStock\/Getty ImagesGeralmente associada a uma vida saud\u00e1vel, a fibra contribui para o bom funcionamento intestinal e diminui o risco de c\u00e2ncer de intestino. Contudo, especialistas alertam para um tipo de fibra nada ben\u00e9fica\u2026","rel":"","context":"In &quot;Variedades&quot;","block_context":{"text":"Variedades","link":"https:\/\/noticiasribeiraopreto.com.br\/index.php\/category\/variedades\/"},"img":{"alt_text":"","src":"https:\/\/i0.wp.com\/noticiasribeiraopreto.com.br\/wp-content\/uploads\/2023\/11\/istock-509846812.jpg?fit=1200%2C638&ssl=1&resize=350%2C200","width":350,"height":200,"srcset":"https:\/\/i0.wp.com\/noticiasribeiraopreto.com.br\/wp-content\/uploads\/2023\/11\/istock-509846812.jpg?fit=1200%2C638&ssl=1&resize=350%2C200 1x, https:\/\/i0.wp.com\/noticiasribeiraopreto.com.br\/wp-content\/uploads\/2023\/11\/istock-509846812.jpg?fit=1200%2C638&ssl=1&resize=525%2C300 1.5x, https:\/\/i0.wp.com\/noticiasribeiraopreto.com.br\/wp-content\/uploads\/2023\/11\/istock-509846812.jpg?fit=1200%2C638&ssl=1&resize=700%2C400 2x, https:\/\/i0.wp.com\/noticiasribeiraopreto.com.br\/wp-content\/uploads\/2023\/11\/istock-509846812.jpg?fit=1200%2C638&ssl=1&resize=1050%2C600 3x"},"classes":[]}],"jetpack_sharing_enabled":true,"jetpack_shortlink":"https:\/\/wp.me\/peQAOb-5oO","_links":{"self":[{"href":"https:\/\/noticiasribeiraopreto.com.br\/index.php\/wp-json\/wp\/v2\/posts\/20758","targetHints":{"allow":["GET"]}}],"collection":[{"href":"https:\/\/noticiasribeiraopreto.com.br\/index.php\/wp-json\/wp\/v2\/posts"}],"about":[{"href":"https:\/\/noticiasribeiraopreto.com.br\/index.php\/wp-json\/wp\/v2\/types\/post"}],"author":[{"embeddable":true,"href":"https:\/\/noticiasribeiraopreto.com.br\/index.php\/wp-json\/wp\/v2\/users\/1"}],"replies":[{"embeddable":true,"href":"https:\/\/noticiasribeiraopreto.com.br\/index.php\/wp-json\/wp\/v2\/comments?post=20758"}],"version-history":[{"count":0,"href":"https:\/\/noticiasribeiraopreto.com.br\/index.php\/wp-json\/wp\/v2\/posts\/20758\/revisions"}],"wp:featuredmedia":[{"embeddable":true,"href":"https:\/\/noticiasribeiraopreto.com.br\/index.php\/wp-json\/wp\/v2\/media\/20759"}],"wp:attachment":[{"href":"https:\/\/noticiasribeiraopreto.com.br\/index.php\/wp-json\/wp\/v2\/media?parent=20758"}],"wp:term":[{"taxonomy":"category","embeddable":true,"href":"https:\/\/noticiasribeiraopreto.com.br\/index.php\/wp-json\/wp\/v2\/categories?post=20758"},{"taxonomy":"post_tag","embeddable":true,"href":"https:\/\/noticiasribeiraopreto.com.br\/index.php\/wp-json\/wp\/v2\/tags?post=20758"}],"curies":[{"name":"wp","href":"https:\/\/api.w.org\/{rel}","templated":true}]}}