{"id":20760,"date":"2023-12-26T13:02:41","date_gmt":"2023-12-26T16:02:41","guid":{"rendered":"https:\/\/noticiasribeiraopreto.com.br\/index.php\/2023\/12\/26\/assinado-contrato-com-banca-e-novo-edital-ja-pode-sair-2\/"},"modified":"2023-12-26T13:02:41","modified_gmt":"2023-12-26T16:02:41","slug":"assinado-contrato-com-banca-e-novo-edital-ja-pode-sair-2","status":"publish","type":"post","link":"https:\/\/noticiasribeiraopreto.com.br\/index.php\/2023\/12\/26\/assinado-contrato-com-banca-e-novo-edital-ja-pode-sair-2\/","title":{"rendered":"assinado contrato com banca e novo edital j\u00e1 pode sair"},"content":{"rendered":"<div class='code-block code-block-1' style='margin: 8px 0 8px auto; text-align: right; display: block; clear: both;'>\n<p><a href=\"https:\/\/wa.link\/vpicfd\"><img data-recalc-dims=\"1\" class=\"wp-image-4922\" style=\"aspect-ratio: 2.0253164556962027; width: 561px; height: auto;\" src=\"https:\/\/i0.wp.com\/ismaelcolosi.com.br\/wp-content\/uploads\/2023\/11\/grupo-de-empregos-whatsapp-e-facebook-ismael-colosi-vagas.jpg?ssl=1\" alt=\"\" \/><\/a><\/p>\n<!-- \/wp:image -->\n<\/div>\n<p> <br \/>\n<\/p>\n<div>\n<p>O edital do novo<a href=\"https:\/\/jcconcursos.com.br\/concurso\/concurso-mp-go-79057\" rel=\"noopener\" target=\"_blank\"> concurso MP GO<\/a> (Minist\u00e9rio P\u00fablico do Estado de Goi\u00e1s) j\u00e1 pode sair. Acontece que foi publicado, no di\u00e1rio oficial do estado desta ter\u00e7a-feira, 26 de dezembro, o extrato de contrato com a banca organizadora, que ser\u00e1 o<a href=\"https:\/\/www.cebraspe.org.br\/\" rel=\"noopener\" target=\"_blank\"> Cebraspe<\/a>. <a href=\"https:\/\/jcconcursos.com.br\/noticia\/concursos\/concurso-mp-go-definida-banca-organizadora-para-novo-edital-118856\" rel=\"noopener\" target=\"_blank\">O nome da empresa j\u00e1 havia sido anunciado em 17 de novembro<\/a>.<\/p>\n<p>De acordo com o documento, a assinatura ocorreu em 20 de dezembro, com validade at\u00e9 19 de dezembro de 2024, prazo necess\u00e1rio para a realiza\u00e7\u00e3o de todos os procedimentos da sele\u00e7\u00e3o, incluindo a publica\u00e7\u00e3o do edital, recebimento de inscri\u00e7\u00f5es, aplica\u00e7\u00e3o das provas e divulga\u00e7\u00e3o dos resultados.<\/p>\n<p>Embora o<a href=\"https:\/\/mpgo.mp.br\/portal\" rel=\"noopener\" target=\"_blank\"> MP GO<\/a> ainda n\u00e3o tenha antecipado quais cargos que ser\u00e3o contemplados, bem como a respectiva oferta de vagas, j\u00e1 est\u00e1 certo que o certame ser\u00e1 para oportunidades com exig\u00eancia de <a href=\"https:\/\/jcconcursos.com.br\/concursos\/nivel-escolar\/superior\" rel=\"noopener\" target=\"_blank\">n\u00edvel superior<\/a>.\u00a0<\/p>\n<h2>Concurso MP GO: veja publica\u00e7\u00e3o oficial<\/h2>\n<p>EXTRATO DE TERMO DE CONTRATO<br \/>Processo: 202300412279 Licita\u00e7\u00e3o: Dispensa de Licita\u00e7\u00e3o nos termos do art. 24, inciso XIII, e do art. 26, par\u00e1grafo \u00fanico, todos da Lei 8.666\/93, e do art. 33 da Lei Estadual n\u00ba 17.928\/12, Contrato 147\/2023 Objeto: A presta\u00e7\u00e3o de servi\u00e7o por empresa especializada em processos de sele\u00e7\u00e3o de pessoal, para a realiza\u00e7\u00e3o de Concurso P\u00fablico de provas e t\u00edtulos, com vistas ao provimento de cargos efetivos e forma\u00e7\u00e3o de cadastro de reserva para o quadro de Servi\u00e7os Auxiliares do Minist\u00e9rio P\u00fablico do Estado de Goi\u00e1s de n\u00edvel superior com lota\u00e7\u00e3o na cidade de Goi\u00e2nia<\/p>\n<p>Contratante: Minist\u00e9rio P\u00fablico do Estado de Goi\u00e1s Procuradoria-Geral de Justi\u00e7a Contratada: CENTRO BRASILEIRO DE PESQUISA EM AVALIA\u00c7\u00c3O E SELE\u00c7\u00c3O E DE PROMO\u00c7\u00c3O DE EVENTOS \u2013 CEBRASPE. Per\u00edodo: 20\/12\/2023 a 19\/12\/2024 Valor do Contrato: R$ 441.433,97 Dota\u00e7\u00e3o Or\u00e7ament\u00e1ria: 0750 03 091 4200 4.241 \u2013 GP\/03 Recurso: FUNEMP\/GO Empenho: n\u00ba 00146, de 20 de novembro de 2023 Valor do Empenho: R$ 88.286,79 Data de assinatura: 20\/12\/2023 Amparo Legal: Lei n\u00ba 8.666\/93, e da Lei Estadual 17.928\/12<\/p>\n<h2>Saiba como foi a \u00faltima sele\u00e7\u00e3o<\/h2>\n<p>O \u00faltimo <strong>concurso MP GO<\/strong> \u00e9 recente e teve os editais publicados em agosto de 2023, para o preenchimento de tr\u00eas vagas para cargos com exig\u00eancia de n\u00edvel fundamental. A organiza\u00e7\u00e3o foi feita pelo pr\u00f3prio \u00f3rg\u00e3o.<\/p>\n<p>As tr\u00eas vagas foram distribu\u00eddas da seguinte forma:<\/p>\n<ul>\n<li>secret\u00e1rio auxiliar \u2013 2 vagas<\/li>\n<li>oficial de promotoria \u2013 1 vaga<\/li>\n<\/ul>\n<p>A sele\u00e7\u00e3o \u00e9 composta das seguintes etapas:<\/p>\n<ul>\n<li>provas objetivas<\/li>\n<li>prova dissertativa e reda\u00e7\u00e3o<\/li>\n<li>an\u00e1lise de t\u00edtulos<\/li>\n<\/ul>\n<p>A parte objetiva conta com 50 quest\u00f5es, versando sobre as seguintes disciplinas:<\/p>\n<ul>\n<li>l\u00edngua portuguesa,<\/li>\n<li>matem\u00e1tica,<\/li>\n<li>hist\u00f3ria do Brasil,<\/li>\n<li>geografia,<\/li>\n<li>inform\u00e1tica<\/li>\n<li>organiza\u00e7\u00e3o do MP<\/li>\n<\/ul>\n<p><a id=\"gnews_btn\" href=\"https:\/\/news.google.com\/publications\/CAAqBwgKMOixlQswuZWrAw\" target=\"_blank\" class=\"border_jc_blue link_hover_bg_jc_blue font_85 d-block d-md-inline-block px-2 py-1 mr-0 mr-md-2 mb-3 w-100 text-center\" rel=\"noopener\"><span class=\"text_jc_blue\">Siga o <strong>JC Concursos no Google News<\/strong><\/span><\/a><span id=\"resumo\" class=\"anchor_link\"\/><a href=\"https:\/\/jcconcursos.com.br\/\" class=\"badge badge-light\">concursos<\/a><a href=\"https:\/\/jcconcursos.com.br\/concursos\/go\" class=\"badge badge-light\">concursos go (goi\u00e1s)<\/a><a href=\"https:\/\/jcconcursos.com.br\/concursos\/previstos\" class=\"badge badge-light\">concursos 2023<\/a><a href=\"https:\/\/jcconcursos.com.br\/provas\/por-orgao\" class=\"badge badge-light\">provas anteriores<\/a><\/p>\n<\/div>\n<p><br \/>\n<br \/><a href=\"https:\/\/ismaelcolosi.com.br\/assinado-contrato-com-banca-e-novo-edital-ja-pode-sair-3\/\">Source link <\/a><\/p>\n<!-- CONTENT END 1 -->\n","protected":false},"excerpt":{"rendered":"<p>O edital do novo concurso MP GO (Minist\u00e9rio P\u00fablico do Estado de Goi\u00e1s) j\u00e1 pode sair. Acontece que foi publicado, no di\u00e1rio oficial do estado&#8230;<\/p>\n","protected":false},"author":1,"featured_media":20761,"comment_status":"open","ping_status":"open","sticky":false,"template":"","format":"standard","meta":{"advanced_seo_description":"","jetpack_seo_html_title":"","jetpack_seo_noindex":false,"jetpack_post_was_ever_published":false,"_jetpack_newsletter_access":"","_jetpack_dont_email_post_to_subs":false,"_jetpack_newsletter_tier_id":0,"_jetpack_memberships_contains_paywalled_content":false,"_jetpack_memberships_contains_paid_content":false,"footnotes":"","jetpack_publicize_message":"","jetpack_publicize_feature_enabled":true,"jetpack_social_post_already_shared":true,"jetpack_social_options":{"image_generator_settings":{"template":"highway","default_image_id":0,"font":"","enabled":false},"version":2}},"categories":[7],"tags":[],"class_list":["post-20760","post","type-post","status-publish","format-standard","has-post-thumbnail","hentry","category-vagas-de-empregos-em-ribeirao-preto-regiao-brasil"],"jetpack_publicize_connections":[],"jetpack_featured_media_url":"https:\/\/i0.wp.com\/noticiasribeiraopreto.com.br\/wp-content\/uploads\/2023\/12\/mp_go_novooo.jpg?fit=1920%2C1080&ssl=1","jetpack-related-posts":[{"id":14844,"url":"https:\/\/noticiasribeiraopreto.com.br\/index.php\/2023\/12\/12\/assinado-contrato-com-banca-e-edital-ja-pode-sair-7\/","url_meta":{"origin":20760,"position":0},"title":"assinado contrato com banca e edital j\u00e1 pode sair","author":"noticiasribeiraopreto.com.br","date":"12 de December de 2023","format":false,"excerpt":"O edital do novo concurso ALEP (Assembleia Legislativa do Estado do Paran\u00e1) j\u00e1 pode sair. Acontece que foi confirmada a assinatura do contrato com a banca organizadora nesta ter\u00e7a-feira, 12 de dezembro, por meio de publica\u00e7\u00e3o das redes sociais da casa. A escolhida \u00e9 a Funda\u00e7\u00e3o Get\u00falio Vargas (FGV).\u00a0 A\u2026","rel":"","context":"In &quot;Vagas de Emprego em Ribeir\u00e3o Preto-SP&quot;","block_context":{"text":"Vagas de Emprego em Ribeir\u00e3o Preto-SP","link":"https:\/\/noticiasribeiraopreto.com.br\/index.php\/category\/empregos-classificados-vagas-trabalho\/vagas-de-empregos-em-ribeirao-preto-regiao-brasil\/"},"img":{"alt_text":"","src":"https:\/\/i0.wp.com\/noticiasribeiraopreto.com.br\/wp-content\/uploads\/2023\/12\/alep_novoo.jpg?fit=1200%2C675&ssl=1&resize=350%2C200","width":350,"height":200,"srcset":"https:\/\/i0.wp.com\/noticiasribeiraopreto.com.br\/wp-content\/uploads\/2023\/12\/alep_novoo.jpg?fit=1200%2C675&ssl=1&resize=350%2C200 1x, https:\/\/i0.wp.com\/noticiasribeiraopreto.com.br\/wp-content\/uploads\/2023\/12\/alep_novoo.jpg?fit=1200%2C675&ssl=1&resize=525%2C300 1.5x, https:\/\/i0.wp.com\/noticiasribeiraopreto.com.br\/wp-content\/uploads\/2023\/12\/alep_novoo.jpg?fit=1200%2C675&ssl=1&resize=700%2C400 2x, https:\/\/i0.wp.com\/noticiasribeiraopreto.com.br\/wp-content\/uploads\/2023\/12\/alep_novoo.jpg?fit=1200%2C675&ssl=1&resize=1050%2C600 3x"},"classes":[]},{"id":17860,"url":"https:\/\/noticiasribeiraopreto.com.br\/index.php\/2023\/12\/19\/assinado-contrato-com-banca-e-edital-ja-pode-sair-10\/","url_meta":{"origin":20760,"position":1},"title":"assinado contrato com banca e edital j\u00e1 pode sair","author":"noticiasribeiraopreto.com.br","date":"19 de December de 2023","format":false,"excerpt":"O edital do novo concurso IFAP AP (Instituto Federal de Educa\u00e7\u00e3o, Ci\u00eancias e Tecnologia do Amap\u00e1) para carreiras docentes j\u00e1 pode sair. Acontece que foi publicado, no di\u00e1rio oficial da Uni\u00e3o desta ter\u00e7a-feira, 19 de dezembro, o extrato de contrato com a banca organizadora, que ser\u00e1 o Instituto Idecan. O\u2026","rel":"","context":"In &quot;Vagas de Emprego em Ribeir\u00e3o Preto-SP&quot;","block_context":{"text":"Vagas de Emprego em Ribeir\u00e3o Preto-SP","link":"https:\/\/noticiasribeiraopreto.com.br\/index.php\/category\/empregos-classificados-vagas-trabalho\/vagas-de-empregos-em-ribeirao-preto-regiao-brasil\/"},"img":{"alt_text":"","src":"https:\/\/i0.wp.com\/noticiasribeiraopreto.com.br\/wp-content\/uploads\/2023\/12\/ifap_ap.jpg?fit=1200%2C675&ssl=1&resize=350%2C200","width":350,"height":200,"srcset":"https:\/\/i0.wp.com\/noticiasribeiraopreto.com.br\/wp-content\/uploads\/2023\/12\/ifap_ap.jpg?fit=1200%2C675&ssl=1&resize=350%2C200 1x, https:\/\/i0.wp.com\/noticiasribeiraopreto.com.br\/wp-content\/uploads\/2023\/12\/ifap_ap.jpg?fit=1200%2C675&ssl=1&resize=525%2C300 1.5x, https:\/\/i0.wp.com\/noticiasribeiraopreto.com.br\/wp-content\/uploads\/2023\/12\/ifap_ap.jpg?fit=1200%2C675&ssl=1&resize=700%2C400 2x, https:\/\/i0.wp.com\/noticiasribeiraopreto.com.br\/wp-content\/uploads\/2023\/12\/ifap_ap.jpg?fit=1200%2C675&ssl=1&resize=1050%2C600 3x"},"classes":[]},{"id":19686,"url":"https:\/\/noticiasribeiraopreto.com.br\/index.php\/2023\/12\/22\/assinado-contrato-com-banca-e-edital-de-oficiais-ja-pode-sair\/","url_meta":{"origin":20760,"position":2},"title":"assinado contrato com banca e edital de oficiais j\u00e1 pode sair","author":"noticiasribeiraopreto.com.br","date":"22 de December de 2023","format":false,"excerpt":"O edital do novo concurso PME RJ (Pol\u00edcia Militar do Estado do Rio de Janeiro) para oficiais j\u00e1 pode sair. Acontece que foi publicado, no di\u00e1rio oficial desta sexta-feira, 22 de dezembro, o extrato de contrato com a banca organizadora, que ser\u00e1 a Funda\u00e7\u00e3o Get\u00falio Vargas (FGV). O nome da\u2026","rel":"","context":"In &quot;Vagas de Emprego em Ribeir\u00e3o Preto-SP&quot;","block_context":{"text":"Vagas de Emprego em Ribeir\u00e3o Preto-SP","link":"https:\/\/noticiasribeiraopreto.com.br\/index.php\/category\/empregos-classificados-vagas-trabalho\/vagas-de-empregos-em-ribeirao-preto-regiao-brasil\/"},"img":{"alt_text":"","src":"https:\/\/i0.wp.com\/noticiasribeiraopreto.com.br\/wp-content\/uploads\/2023\/12\/1703297676_pme_rj_novo.jpg?fit=1200%2C675&ssl=1&resize=350%2C200","width":350,"height":200,"srcset":"https:\/\/i0.wp.com\/noticiasribeiraopreto.com.br\/wp-content\/uploads\/2023\/12\/1703297676_pme_rj_novo.jpg?fit=1200%2C675&ssl=1&resize=350%2C200 1x, https:\/\/i0.wp.com\/noticiasribeiraopreto.com.br\/wp-content\/uploads\/2023\/12\/1703297676_pme_rj_novo.jpg?fit=1200%2C675&ssl=1&resize=525%2C300 1.5x, https:\/\/i0.wp.com\/noticiasribeiraopreto.com.br\/wp-content\/uploads\/2023\/12\/1703297676_pme_rj_novo.jpg?fit=1200%2C675&ssl=1&resize=700%2C400 2x, https:\/\/i0.wp.com\/noticiasribeiraopreto.com.br\/wp-content\/uploads\/2023\/12\/1703297676_pme_rj_novo.jpg?fit=1200%2C675&ssl=1&resize=1050%2C600 3x"},"classes":[]},{"id":13873,"url":"https:\/\/noticiasribeiraopreto.com.br\/index.php\/2023\/12\/11\/assinado-contrato-com-banca-edital-ja-pode-sair\/","url_meta":{"origin":20760,"position":3},"title":"assinado contrato com banca; edital j\u00e1 pode sair","author":"noticiasribeiraopreto.com.br","date":"11 de December de 2023","format":false,"excerpt":"O edital de abertura de inscri\u00e7\u00f5es do concurso C\u00e2mara de Fortaleza CE (C\u00e2mara Municipal de Fortaleza), no Cear\u00e1, pode ser publicado no decorrer dos pr\u00f3ximos dias, ainda em dezembro. Acontece que, na \u00faltima sexta-feira, 8 de dezembro, o presidente da casa, vereador Gardel Rolim (PDT), confirmou que j\u00e1 est\u00e1 assinado\u2026","rel":"","context":"In &quot;Vagas de Emprego em Ribeir\u00e3o Preto-SP&quot;","block_context":{"text":"Vagas de Emprego em Ribeir\u00e3o Preto-SP","link":"https:\/\/noticiasribeiraopreto.com.br\/index.php\/category\/empregos-classificados-vagas-trabalho\/vagas-de-empregos-em-ribeirao-preto-regiao-brasil\/"},"img":{"alt_text":"","src":"https:\/\/i0.wp.com\/noticiasribeiraopreto.com.br\/wp-content\/uploads\/2023\/12\/camara_de_fortaleza_ce.jpg?fit=1200%2C675&ssl=1&resize=350%2C200","width":350,"height":200,"srcset":"https:\/\/i0.wp.com\/noticiasribeiraopreto.com.br\/wp-content\/uploads\/2023\/12\/camara_de_fortaleza_ce.jpg?fit=1200%2C675&ssl=1&resize=350%2C200 1x, https:\/\/i0.wp.com\/noticiasribeiraopreto.com.br\/wp-content\/uploads\/2023\/12\/camara_de_fortaleza_ce.jpg?fit=1200%2C675&ssl=1&resize=525%2C300 1.5x, https:\/\/i0.wp.com\/noticiasribeiraopreto.com.br\/wp-content\/uploads\/2023\/12\/camara_de_fortaleza_ce.jpg?fit=1200%2C675&ssl=1&resize=700%2C400 2x, https:\/\/i0.wp.com\/noticiasribeiraopreto.com.br\/wp-content\/uploads\/2023\/12\/camara_de_fortaleza_ce.jpg?fit=1200%2C675&ssl=1&resize=1050%2C600 3x"},"classes":[]},{"id":19323,"url":"https:\/\/noticiasribeiraopreto.com.br\/index.php\/2023\/12\/22\/assinado-contrato-com-banca-e-edital-ja-pode-sair-15\/","url_meta":{"origin":20760,"position":4},"title":"assinado contrato com banca e edital j\u00e1 pode sair","author":"noticiasribeiraopreto.com.br","date":"22 de December de 2023","format":false,"excerpt":"O edital do novo concurso CVM (Comiss\u00e3o de Valores Mobili\u00e1rios) j\u00e1 pode sair. Acontece que o \u00faltimo entrave para o in\u00edcio da sele\u00e7\u00e3o foi superado nesta sexta-feira, 22 de dezembro, com a publica\u00e7\u00e3o, no di\u00e1rio oficial da Uni\u00e3o, do extrato de contrato com a banca organizadora, que ser\u00e1 a Funda\u00e7\u00e3o\u2026","rel":"","context":"In &quot;Vagas de Emprego em Ribeir\u00e3o Preto-SP&quot;","block_context":{"text":"Vagas de Emprego em Ribeir\u00e3o Preto-SP","link":"https:\/\/noticiasribeiraopreto.com.br\/index.php\/category\/empregos-classificados-vagas-trabalho\/vagas-de-empregos-em-ribeirao-preto-regiao-brasil\/"},"img":{"alt_text":"","src":"https:\/\/i0.wp.com\/noticiasribeiraopreto.com.br\/wp-content\/uploads\/2023\/12\/1703239020_concurso-cvm-maps-sede-rj.jpg?fit=1200%2C675&ssl=1&resize=350%2C200","width":350,"height":200,"srcset":"https:\/\/i0.wp.com\/noticiasribeiraopreto.com.br\/wp-content\/uploads\/2023\/12\/1703239020_concurso-cvm-maps-sede-rj.jpg?fit=1200%2C675&ssl=1&resize=350%2C200 1x, https:\/\/i0.wp.com\/noticiasribeiraopreto.com.br\/wp-content\/uploads\/2023\/12\/1703239020_concurso-cvm-maps-sede-rj.jpg?fit=1200%2C675&ssl=1&resize=525%2C300 1.5x, https:\/\/i0.wp.com\/noticiasribeiraopreto.com.br\/wp-content\/uploads\/2023\/12\/1703239020_concurso-cvm-maps-sede-rj.jpg?fit=1200%2C675&ssl=1&resize=700%2C400 2x, https:\/\/i0.wp.com\/noticiasribeiraopreto.com.br\/wp-content\/uploads\/2023\/12\/1703239020_concurso-cvm-maps-sede-rj.jpg?fit=1200%2C675&ssl=1&resize=1050%2C600 3x"},"classes":[]},{"id":18913,"url":"https:\/\/noticiasribeiraopreto.com.br\/index.php\/2023\/12\/21\/assinado-contrato-com-banca-e-edital-ja-pode-sair-13\/","url_meta":{"origin":20760,"position":5},"title":"assinado contrato com banca e edital j\u00e1 pode sair","author":"noticiasribeiraopreto.com.br","date":"21 de December de 2023","format":false,"excerpt":"O edital do novo concurso CAU RN (Conselho Regional de Arquitetura e Urbanismo do Rio Grande do Norte) j\u00e1 pode sair. Acontece que foi publicado, no di\u00e1rio oficial da Uni\u00e3o desta quinta-feira, 21 de dezembro, o extrato de contrato com a banca organizadora, que ser\u00e1 o Instituto Quadrix. O nome\u2026","rel":"","context":"In &quot;Vagas de Emprego em Ribeir\u00e3o Preto-SP&quot;","block_context":{"text":"Vagas de Emprego em Ribeir\u00e3o Preto-SP","link":"https:\/\/noticiasribeiraopreto.com.br\/index.php\/category\/empregos-classificados-vagas-trabalho\/vagas-de-empregos-em-ribeirao-preto-regiao-brasil\/"},"img":{"alt_text":"","src":"https:\/\/i0.wp.com\/noticiasribeiraopreto.com.br\/wp-content\/uploads\/2023\/12\/cau_rn.jpg?fit=1200%2C675&ssl=1&resize=350%2C200","width":350,"height":200,"srcset":"https:\/\/i0.wp.com\/noticiasribeiraopreto.com.br\/wp-content\/uploads\/2023\/12\/cau_rn.jpg?fit=1200%2C675&ssl=1&resize=350%2C200 1x, https:\/\/i0.wp.com\/noticiasribeiraopreto.com.br\/wp-content\/uploads\/2023\/12\/cau_rn.jpg?fit=1200%2C675&ssl=1&resize=525%2C300 1.5x, https:\/\/i0.wp.com\/noticiasribeiraopreto.com.br\/wp-content\/uploads\/2023\/12\/cau_rn.jpg?fit=1200%2C675&ssl=1&resize=700%2C400 2x, https:\/\/i0.wp.com\/noticiasribeiraopreto.com.br\/wp-content\/uploads\/2023\/12\/cau_rn.jpg?fit=1200%2C675&ssl=1&resize=1050%2C600 3x"},"classes":[]}],"jetpack_sharing_enabled":true,"jetpack_shortlink":"https:\/\/wp.me\/peQAOb-5oQ","_links":{"self":[{"href":"https:\/\/noticiasribeiraopreto.com.br\/index.php\/wp-json\/wp\/v2\/posts\/20760","targetHints":{"allow":["GET"]}}],"collection":[{"href":"https:\/\/noticiasribeiraopreto.com.br\/index.php\/wp-json\/wp\/v2\/posts"}],"about":[{"href":"https:\/\/noticiasribeiraopreto.com.br\/index.php\/wp-json\/wp\/v2\/types\/post"}],"author":[{"embeddable":true,"href":"https:\/\/noticiasribeiraopreto.com.br\/index.php\/wp-json\/wp\/v2\/users\/1"}],"replies":[{"embeddable":true,"href":"https:\/\/noticiasribeiraopreto.com.br\/index.php\/wp-json\/wp\/v2\/comments?post=20760"}],"version-history":[{"count":0,"href":"https:\/\/noticiasribeiraopreto.com.br\/index.php\/wp-json\/wp\/v2\/posts\/20760\/revisions"}],"wp:featuredmedia":[{"embeddable":true,"href":"https:\/\/noticiasribeiraopreto.com.br\/index.php\/wp-json\/wp\/v2\/media\/20761"}],"wp:attachment":[{"href":"https:\/\/noticiasribeiraopreto.com.br\/index.php\/wp-json\/wp\/v2\/media?parent=20760"}],"wp:term":[{"taxonomy":"category","embeddable":true,"href":"https:\/\/noticiasribeiraopreto.com.br\/index.php\/wp-json\/wp\/v2\/categories?post=20760"},{"taxonomy":"post_tag","embeddable":true,"href":"https:\/\/noticiasribeiraopreto.com.br\/index.php\/wp-json\/wp\/v2\/tags?post=20760"}],"curies":[{"name":"wp","href":"https:\/\/api.w.org\/{rel}","templated":true}]}}