{"id":20770,"date":"2023-12-26T13:22:11","date_gmt":"2023-12-26T16:22:11","guid":{"rendered":"https:\/\/noticiasribeiraopreto.com.br\/index.php\/2023\/12\/26\/utm_sourcerssutm_mediumrssutm_campaignhomem-e-preso-com-arma-de-fogo-apos-fugir-da-pm-e-atropelar-uma-crianca-no-simioni-em-rp\/"},"modified":"2023-12-26T13:22:11","modified_gmt":"2023-12-26T16:22:11","slug":"utm_sourcerssutm_mediumrssutm_campaignhomem-e-preso-com-arma-de-fogo-apos-fugir-da-pm-e-atropelar-uma-crianca-no-simioni-em-rp","status":"publish","type":"post","link":"https:\/\/noticiasribeiraopreto.com.br\/index.php\/2023\/12\/26\/utm_sourcerssutm_mediumrssutm_campaignhomem-e-preso-com-arma-de-fogo-apos-fugir-da-pm-e-atropelar-uma-crianca-no-simioni-em-rp\/","title":{"rendered":"Homem \u00e9 preso com arma de fogo ap\u00f3s fugir da PM e atropelar uma crian\u00e7a no Simioni em RP \u2013 X Tudo Ribeir\u00e3o"},"content":{"rendered":"<div class='code-block code-block-1' style='margin: 8px 0 8px auto; text-align: right; display: block; clear: both;'>\n<p><a href=\"https:\/\/wa.link\/vpicfd\"><img data-recalc-dims=\"1\" class=\"wp-image-4922\" style=\"aspect-ratio: 2.0253164556962027; width: 561px; height: auto;\" src=\"https:\/\/i0.wp.com\/ismaelcolosi.com.br\/wp-content\/uploads\/2023\/11\/grupo-de-empregos-whatsapp-e-facebook-ismael-colosi-vagas.jpg?ssl=1\" alt=\"\" \/><\/a><\/p>\n<!-- \/wp:image -->\n<\/div>\n<p> <br \/>\n<\/p>\n<div>\n<p>Um homem foi preso com uma arma de fogo ap\u00f3s fugir da Pol\u00edcia Militar e atropelar uma crian\u00e7a durante a fuga na noite desta segunda-feira (25\/12), no bairro Adelino Simioni na zona Norte de Ribeir\u00e3o Preto.\u00a0<\/p>\n<p>Segundo informa\u00e7\u00f5es iniciais da PM, durante o patrulhamento ostensivo pela rua Jarbas Martins Viana, no Quintino II, os PMs depararam com um indiv\u00edduo em atitude suspeita em um ve\u00edculo, que fugiu ao perceber a presen\u00e7a dos Policiais.\u00a0<\/p>\n<p>De acordo com a PM, durante a fuga por diversas ruas e avenidas da zona Norte, o acusado atropelou uma crian\u00e7a de 3 anos, na rua Alvino dos Santos, pr\u00f3ximo da avenida Magid Sim\u00e3o Trad, que foi socorrida por uma viatura da PM at\u00e9 \u00e0 UPA.\u00a0<\/p>\n<p><strong>PRIS\u00c3O<\/strong><\/p>\n<p>Ap\u00f3s o atropelamento, o acusado continuou a fuga alucinada, sendo detido pr\u00f3ximo \u00e0 linha do trem aos fundos da Comunidade do Simioni, ap\u00f3s colidir o carro. No ve\u00edculo, os PMs localizaram uma arma de fogo produto de furto.\u00a0<\/p>\n<p>A autoridade Policial plantonista na Central de Pol\u00edcia Judici\u00e1ria (CPJ), ap\u00f3s tomar ci\u00eancia dos fatos ratificou a voz de pris\u00e3o em flagrante para o criminoso.<\/p>\n<\/p><\/div>\n<p><br \/>\n<br \/><a href=\"https:\/\/xtudoribeirao.com.br\/2023\/12\/26\/homem-e-preso-com-arma-de-fogo-apos-fugir-da-pm-e-atropelar-uma-crianca-no-simioni-em-rp\/?utm_source=rss&#038;utm_medium=rss&#038;utm_campaign=homem-e-preso-com-arma-de-fogo-apos-fugir-da-pm-e-atropelar-uma-crianca-no-simioni-em-rp\">Source link <\/a><\/p>\n<!-- CONTENT END 1 -->\n","protected":false},"excerpt":{"rendered":"<p>Um homem foi preso com uma arma de fogo ap\u00f3s fugir da Pol\u00edcia Militar e atropelar uma crian\u00e7a durante a fuga na noite desta segunda-feira&#8230;<\/p>\n","protected":false},"author":1,"featured_media":20771,"comment_status":"open","ping_status":"open","sticky":false,"template":"","format":"standard","meta":{"advanced_seo_description":"","jetpack_seo_html_title":"","jetpack_seo_noindex":false,"jetpack_post_was_ever_published":false,"_jetpack_newsletter_access":"","_jetpack_dont_email_post_to_subs":false,"_jetpack_newsletter_tier_id":0,"_jetpack_memberships_contains_paywalled_content":false,"_jetpack_memberships_contains_paid_content":false,"footnotes":"","jetpack_publicize_message":"","jetpack_publicize_feature_enabled":true,"jetpack_social_post_already_shared":true,"jetpack_social_options":{"image_generator_settings":{"template":"highway","default_image_id":0,"font":"","enabled":false},"version":2}},"categories":[11],"tags":[37,2674,2444,330,426,2675,59,36,26,2430,43,85],"class_list":["post-20770","post","type-post","status-publish","format-standard","has-post-thumbnail","hentry","category-noticias-de-ribeirao-preto-sp-e-regiao-ismael-colosi","tag-apos","tag-arma","tag-atropelar","tag-crianca","tag-fogo","tag-fugir","tag-homem","tag-preso","tag-ribeirao","tag-simioni","tag-tudo","tag-uma"],"jetpack_publicize_connections":[],"jetpack_featured_media_url":"https:\/\/i0.wp.com\/noticiasribeiraopreto.com.br\/wp-content\/uploads\/2023\/12\/WhatsApp-Image-2023-12-26-at-12.33.50.jpeg?fit=1042%2C563&ssl=1","jetpack-related-posts":[{"id":34117,"url":"https:\/\/noticiasribeiraopreto.com.br\/index.php\/2024\/02\/01\/fugitivo-e-preso-com-arma-na-regiao\/","url_meta":{"origin":20770,"position":0},"title":"Fugitivo \u00e9 preso com arma na regi\u00e3o","author":"noticiasribeiraopreto.com.br","date":"1 de February de 2024","format":false,"excerpt":"Procurado ainda tentou escapar da PM pulando sobre v\u00e1rios telhados de casas vizinhas, mas acabou preso 31 de janeiro de 2024 | 16:51 2Por: Adalberto LuqueUm homem foi preso, nesta ter\u00e7a-feira (30), na cidade de Porto Ferreira. Era procurado pela Justi\u00e7a e os policiais militares encontraram uma arma e um\u2026","rel":"","context":"In &quot;Not\u00edcias de Ribeir\u00e3o Preto-SP e Regi\u00e3o&quot;","block_context":{"text":"Not\u00edcias de Ribeir\u00e3o Preto-SP e Regi\u00e3o","link":"https:\/\/noticiasribeiraopreto.com.br\/index.php\/category\/noticias-de-ribeirao-preto-sp-e-regiao-ismael-colosi\/"},"img":{"alt_text":"","src":"https:\/\/i0.wp.com\/noticiasribeiraopreto.com.br\/wp-content\/uploads\/2024\/02\/00-31-jan-2024-foragido-porto-ferreira-foto-divulgacao-scaled.jpg?fit=645%2C645&ssl=1&resize=350%2C200","width":350,"height":200,"srcset":"https:\/\/i0.wp.com\/noticiasribeiraopreto.com.br\/wp-content\/uploads\/2024\/02\/00-31-jan-2024-foragido-porto-ferreira-foto-divulgacao-scaled.jpg?fit=645%2C645&ssl=1&resize=350%2C200 1x, https:\/\/i0.wp.com\/noticiasribeiraopreto.com.br\/wp-content\/uploads\/2024\/02\/00-31-jan-2024-foragido-porto-ferreira-foto-divulgacao-scaled.jpg?fit=645%2C645&ssl=1&resize=525%2C300 1.5x"},"classes":[]},{"id":39421,"url":"https:\/\/noticiasribeiraopreto.com.br\/index.php\/2024\/02\/26\/idoso-e-preso-suspeito-de-agredir-e-atropelar-vizinhas-durante-confusao-em-ribeirao\/","url_meta":{"origin":20770,"position":1},"title":"Idoso \u00e9 preso suspeito de agredir e atropelar vizinhas durante confus\u00e3o em Ribeir\u00e3o","author":"noticiasribeiraopreto.com.br","date":"26 de February de 2024","format":false,"excerpt":"Um homem de 72 anos foi preso neste s\u00e1bado (24), suspeito de agredir e atropelar vizinhas durante uma confus\u00e3o, na Vila Abranches, zona Leste de Ribeir\u00e3o Preto. De acordo com o\u00a0boletim de ocorr\u00eancia (BO), uma equipe da\u00a0PM (Pol\u00edcia Militar)\u00a0foi acionada por volta das 1h para atender a um chamado por\u2026","rel":"","context":"In &quot;Not\u00edcias de Ribeir\u00e3o Preto-SP e Regi\u00e3o&quot;","block_context":{"text":"Not\u00edcias de Ribeir\u00e3o Preto-SP e Regi\u00e3o","link":"https:\/\/noticiasribeiraopreto.com.br\/index.php\/category\/noticias-de-ribeirao-preto-sp-e-regiao-ismael-colosi\/"},"img":{"alt_text":"","src":"https:\/\/i0.wp.com\/noticiasribeiraopreto.com.br\/wp-content\/uploads\/2024\/02\/1708953228_HomemmorreapscairdeandaimeenquantotrabalhavaemRibeiroPreto_Tamanho_2_image.jpg?fit=1200%2C900&ssl=1&resize=350%2C200","width":350,"height":200,"srcset":"https:\/\/i0.wp.com\/noticiasribeiraopreto.com.br\/wp-content\/uploads\/2024\/02\/1708953228_HomemmorreapscairdeandaimeenquantotrabalhavaemRibeiroPreto_Tamanho_2_image.jpg?fit=1200%2C900&ssl=1&resize=350%2C200 1x, https:\/\/i0.wp.com\/noticiasribeiraopreto.com.br\/wp-content\/uploads\/2024\/02\/1708953228_HomemmorreapscairdeandaimeenquantotrabalhavaemRibeiroPreto_Tamanho_2_image.jpg?fit=1200%2C900&ssl=1&resize=525%2C300 1.5x, https:\/\/i0.wp.com\/noticiasribeiraopreto.com.br\/wp-content\/uploads\/2024\/02\/1708953228_HomemmorreapscairdeandaimeenquantotrabalhavaemRibeiroPreto_Tamanho_2_image.jpg?fit=1200%2C900&ssl=1&resize=700%2C400 2x, https:\/\/i0.wp.com\/noticiasribeiraopreto.com.br\/wp-content\/uploads\/2024\/02\/1708953228_HomemmorreapscairdeandaimeenquantotrabalhavaemRibeiroPreto_Tamanho_2_image.jpg?fit=1200%2C900&ssl=1&resize=1050%2C600 3x"},"classes":[]},{"id":84691,"url":"https:\/\/noticiasribeiraopreto.com.br\/index.php\/2026\/04\/14\/suspeito-de-roubos-cai-de-telhado-durante-fuga-e-e-achado-escondido-embaixo-de-cama\/","url_meta":{"origin":20770,"position":2},"title":"Suspeito de roubos cai de telhado durante fuga e \u00e9 achado escondido embaixo de cama","author":"noticiasribeiraopreto.com.br","date":"14 de April de 2026","format":false,"excerpt":"Ler o resumo da not\u00edcia Homem suspeito de roubos foi detido na zona Norte de Ribeir\u00e3o Preto ap\u00f3s fuga por telhados. Um dos roubos teria ocorrido na casa da sogra de um policial militar em mar\u00e7o. Durante a fuga, o telhado cedeu e ele foi encontrado escondido embaixo de uma\u2026","rel":"","context":"In &quot;Not\u00edcias de Ribeir\u00e3o Preto-SP e Regi\u00e3o&quot;","block_context":{"text":"Not\u00edcias de Ribeir\u00e3o Preto-SP e Regi\u00e3o","link":"https:\/\/noticiasribeiraopreto.com.br\/index.php\/category\/noticias-de-ribeirao-preto-sp-e-regiao-ismael-colosi\/"},"img":{"alt_text":"","src":"https:\/\/i0.wp.com\/noticiasribeiraopreto.com.br\/wp-content\/uploads\/2026\/04\/WhatsApp-Image-2026-04-14-at-11.54.01_2026-04-14_15-41-29.webp.webp?fit=1200%2C900&ssl=1&resize=350%2C200","width":350,"height":200,"srcset":"https:\/\/i0.wp.com\/noticiasribeiraopreto.com.br\/wp-content\/uploads\/2026\/04\/WhatsApp-Image-2026-04-14-at-11.54.01_2026-04-14_15-41-29.webp.webp?fit=1200%2C900&ssl=1&resize=350%2C200 1x, https:\/\/i0.wp.com\/noticiasribeiraopreto.com.br\/wp-content\/uploads\/2026\/04\/WhatsApp-Image-2026-04-14-at-11.54.01_2026-04-14_15-41-29.webp.webp?fit=1200%2C900&ssl=1&resize=525%2C300 1.5x, https:\/\/i0.wp.com\/noticiasribeiraopreto.com.br\/wp-content\/uploads\/2026\/04\/WhatsApp-Image-2026-04-14-at-11.54.01_2026-04-14_15-41-29.webp.webp?fit=1200%2C900&ssl=1&resize=700%2C400 2x, https:\/\/i0.wp.com\/noticiasribeiraopreto.com.br\/wp-content\/uploads\/2026\/04\/WhatsApp-Image-2026-04-14-at-11.54.01_2026-04-14_15-41-29.webp.webp?fit=1200%2C900&ssl=1&resize=1050%2C600 3x"},"classes":[]},{"id":26140,"url":"https:\/\/noticiasribeiraopreto.com.br\/index.php\/2024\/01\/09\/utm_sourcerssutm_mediumrssutm_campaigntraficante-e-preso-com-arma-drogas-e-um-radio-comunicador-apos-trocar-tiros-com-o-baep-na-favela-do-simioni\/","url_meta":{"origin":20770,"position":3},"title":"Traficante \u00e9 preso com arma, drogas e um r\u00e1dio comunicador ap\u00f3s trocar tiros com o BAEP na Favela do Simioni \u2013 X Tudo Ribeir\u00e3o","author":"noticiasribeiraopreto.com.br","date":"9 de January de 2024","format":false,"excerpt":"Um traficante foi socorrido ap\u00f3s trocar tiros com os Policiais Militares do 11\u00ba BAEP (Batalh\u00e3o de A\u00e7\u00f5es Especiais de Pol\u00edcia) nesta segunda-feira (8\/1), na Favela do Simioni, em Ribeir\u00e3o Preto. Segundo informa\u00e7\u00f5es do B.O (boletim de ocorr\u00eancia), durante o patrulhamento ostensivo pela avenida Magid Sim\u00e3o Trad, os PMs depararam com\u2026","rel":"","context":"In &quot;Not\u00edcias de Ribeir\u00e3o Preto-SP e Regi\u00e3o&quot;","block_context":{"text":"Not\u00edcias de Ribeir\u00e3o Preto-SP e Regi\u00e3o","link":"https:\/\/noticiasribeiraopreto.com.br\/index.php\/category\/noticias-de-ribeirao-preto-sp-e-regiao-ismael-colosi\/"},"img":{"alt_text":"","src":"https:\/\/i0.wp.com\/noticiasribeiraopreto.com.br\/wp-content\/uploads\/2024\/01\/WhatsApp-Image-2024-01-09-at-09.00.10.jpeg?fit=1200%2C662&ssl=1&resize=350%2C200","width":350,"height":200,"srcset":"https:\/\/i0.wp.com\/noticiasribeiraopreto.com.br\/wp-content\/uploads\/2024\/01\/WhatsApp-Image-2024-01-09-at-09.00.10.jpeg?fit=1200%2C662&ssl=1&resize=350%2C200 1x, https:\/\/i0.wp.com\/noticiasribeiraopreto.com.br\/wp-content\/uploads\/2024\/01\/WhatsApp-Image-2024-01-09-at-09.00.10.jpeg?fit=1200%2C662&ssl=1&resize=525%2C300 1.5x, https:\/\/i0.wp.com\/noticiasribeiraopreto.com.br\/wp-content\/uploads\/2024\/01\/WhatsApp-Image-2024-01-09-at-09.00.10.jpeg?fit=1200%2C662&ssl=1&resize=700%2C400 2x, https:\/\/i0.wp.com\/noticiasribeiraopreto.com.br\/wp-content\/uploads\/2024\/01\/WhatsApp-Image-2024-01-09-at-09.00.10.jpeg?fit=1200%2C662&ssl=1&resize=1050%2C600 3x"},"classes":[]},{"id":33325,"url":"https:\/\/noticiasribeiraopreto.com.br\/index.php\/2024\/01\/29\/bando-e-preso-em-rp-com-carro-roubado-na-regiao\/","url_meta":{"origin":20770,"position":4},"title":"Bando \u00e9 preso em RP com carro roubado na regi\u00e3o","author":"noticiasribeiraopreto.com.br","date":"29 de January de 2024","format":false,"excerpt":"Ve\u00edculo foi levado junto com televisor, ap\u00f3s assalto em resid\u00eancia com uso de simulacro de arma de fogo 29 de janeiro de 2024 | 9:03 2Por: Adalberto LuqueO Batalh\u00e3o de A\u00e7\u00f5es Especiais de Pol\u00edcia (BAEP) deteve quatro pessoas, neste s\u00e1bado (27), quando o grupo circulava em um carro levado durante\u2026","rel":"","context":"In &quot;Not\u00edcias de Ribeir\u00e3o Preto-SP e Regi\u00e3o&quot;","block_context":{"text":"Not\u00edcias de Ribeir\u00e3o Preto-SP e Regi\u00e3o","link":"https:\/\/noticiasribeiraopreto.com.br\/index.php\/category\/noticias-de-ribeirao-preto-sp-e-regiao-ismael-colosi\/"},"img":{"alt_text":"","src":"https:\/\/i0.wp.com\/noticiasribeiraopreto.com.br\/wp-content\/uploads\/2024\/01\/00-29-jan-2024-roubo-jardinopolis-01-foto-baep-scaled.jpg?fit=857%2C645&ssl=1&resize=350%2C200","width":350,"height":200,"srcset":"https:\/\/i0.wp.com\/noticiasribeiraopreto.com.br\/wp-content\/uploads\/2024\/01\/00-29-jan-2024-roubo-jardinopolis-01-foto-baep-scaled.jpg?fit=857%2C645&ssl=1&resize=350%2C200 1x, https:\/\/i0.wp.com\/noticiasribeiraopreto.com.br\/wp-content\/uploads\/2024\/01\/00-29-jan-2024-roubo-jardinopolis-01-foto-baep-scaled.jpg?fit=857%2C645&ssl=1&resize=525%2C300 1.5x, https:\/\/i0.wp.com\/noticiasribeiraopreto.com.br\/wp-content\/uploads\/2024\/01\/00-29-jan-2024-roubo-jardinopolis-01-foto-baep-scaled.jpg?fit=857%2C645&ssl=1&resize=700%2C400 2x"},"classes":[]},{"id":58624,"url":"https:\/\/noticiasribeiraopreto.com.br\/index.php\/2024\/10\/02\/comerciante-morre-baleado-na-cabeca-ao-fugir-da-pm-na-regiao-de-ribeirao-preto\/","url_meta":{"origin":20770,"position":5},"title":"Comerciante morre baleado na cabe\u00e7a ao fugir da PM na regi\u00e3o de Ribeir\u00e3o Preto","author":"noticiasribeiraopreto.com.br","date":"2 de October de 2024","format":false,"excerpt":"Um homem de 27 anos morreu na madrugada desta quarta-feira (2), ap\u00f3s ser baleado na cabe\u00e7a durante uma opera\u00e7\u00e3o da PM (Pol\u00edcia Militar) em Orl\u00e2ndia, cidade a aproximadamente 50 quil\u00f4metros de Ribeir\u00e3o Preto. Um policial militar foi preso e teve a arma \u2013 uma pistola calibre ponto 40 \u2013 apreendida.\u2026","rel":"","context":"In &quot;Not\u00edcias de Ribeir\u00e3o Preto-SP e Regi\u00e3o&quot;","block_context":{"text":"Not\u00edcias de Ribeir\u00e3o Preto-SP e Regi\u00e3o","link":"https:\/\/noticiasribeiraopreto.com.br\/index.php\/category\/noticias-de-ribeirao-preto-sp-e-regiao-ismael-colosi\/"},"img":{"alt_text":"","src":"https:\/\/i0.wp.com\/noticiasribeiraopreto.com.br\/wp-content\/uploads\/2024\/10\/JOAO_2024-10-02_15-24-15_jpg_2024-10-02_15-24-16.webp.webp?fit=1200%2C820&ssl=1&resize=350%2C200","width":350,"height":200,"srcset":"https:\/\/i0.wp.com\/noticiasribeiraopreto.com.br\/wp-content\/uploads\/2024\/10\/JOAO_2024-10-02_15-24-15_jpg_2024-10-02_15-24-16.webp.webp?fit=1200%2C820&ssl=1&resize=350%2C200 1x, https:\/\/i0.wp.com\/noticiasribeiraopreto.com.br\/wp-content\/uploads\/2024\/10\/JOAO_2024-10-02_15-24-15_jpg_2024-10-02_15-24-16.webp.webp?fit=1200%2C820&ssl=1&resize=525%2C300 1.5x, https:\/\/i0.wp.com\/noticiasribeiraopreto.com.br\/wp-content\/uploads\/2024\/10\/JOAO_2024-10-02_15-24-15_jpg_2024-10-02_15-24-16.webp.webp?fit=1200%2C820&ssl=1&resize=700%2C400 2x, https:\/\/i0.wp.com\/noticiasribeiraopreto.com.br\/wp-content\/uploads\/2024\/10\/JOAO_2024-10-02_15-24-15_jpg_2024-10-02_15-24-16.webp.webp?fit=1200%2C820&ssl=1&resize=1050%2C600 3x"},"classes":[]}],"jetpack_sharing_enabled":true,"jetpack_shortlink":"https:\/\/wp.me\/peQAOb-5p0","_links":{"self":[{"href":"https:\/\/noticiasribeiraopreto.com.br\/index.php\/wp-json\/wp\/v2\/posts\/20770","targetHints":{"allow":["GET"]}}],"collection":[{"href":"https:\/\/noticiasribeiraopreto.com.br\/index.php\/wp-json\/wp\/v2\/posts"}],"about":[{"href":"https:\/\/noticiasribeiraopreto.com.br\/index.php\/wp-json\/wp\/v2\/types\/post"}],"author":[{"embeddable":true,"href":"https:\/\/noticiasribeiraopreto.com.br\/index.php\/wp-json\/wp\/v2\/users\/1"}],"replies":[{"embeddable":true,"href":"https:\/\/noticiasribeiraopreto.com.br\/index.php\/wp-json\/wp\/v2\/comments?post=20770"}],"version-history":[{"count":0,"href":"https:\/\/noticiasribeiraopreto.com.br\/index.php\/wp-json\/wp\/v2\/posts\/20770\/revisions"}],"wp:featuredmedia":[{"embeddable":true,"href":"https:\/\/noticiasribeiraopreto.com.br\/index.php\/wp-json\/wp\/v2\/media\/20771"}],"wp:attachment":[{"href":"https:\/\/noticiasribeiraopreto.com.br\/index.php\/wp-json\/wp\/v2\/media?parent=20770"}],"wp:term":[{"taxonomy":"category","embeddable":true,"href":"https:\/\/noticiasribeiraopreto.com.br\/index.php\/wp-json\/wp\/v2\/categories?post=20770"},{"taxonomy":"post_tag","embeddable":true,"href":"https:\/\/noticiasribeiraopreto.com.br\/index.php\/wp-json\/wp\/v2\/tags?post=20770"}],"curies":[{"name":"wp","href":"https:\/\/api.w.org\/{rel}","templated":true}]}}