{"id":20776,"date":"2023-12-26T13:37:36","date_gmt":"2023-12-26T16:37:36","guid":{"rendered":"https:\/\/noticiasribeiraopreto.com.br\/index.php\/2023\/12\/26\/confirmado-governo-federal-divulga-novo-calendario-do-bolsa-familia-para-2024-2\/"},"modified":"2023-12-26T13:37:36","modified_gmt":"2023-12-26T16:37:36","slug":"confirmado-governo-federal-divulga-novo-calendario-do-bolsa-familia-para-2024-2","status":"publish","type":"post","link":"https:\/\/noticiasribeiraopreto.com.br\/index.php\/2023\/12\/26\/confirmado-governo-federal-divulga-novo-calendario-do-bolsa-familia-para-2024-2\/","title":{"rendered":"Confirmado! Governo Federal divulga NOVO calend\u00e1rio do Bolsa Fam\u00edlia para 2024"},"content":{"rendered":"<div class='code-block code-block-1' style='margin: 8px 0 8px auto; text-align: right; display: block; clear: both;'>\n<p><a href=\"https:\/\/wa.link\/vpicfd\"><img data-recalc-dims=\"1\" class=\"wp-image-4922\" style=\"aspect-ratio: 2.0253164556962027; width: 561px; height: auto;\" src=\"https:\/\/i0.wp.com\/ismaelcolosi.com.br\/wp-content\/uploads\/2023\/11\/grupo-de-empregos-whatsapp-e-facebook-ismael-colosi-vagas.jpg?ssl=1\" alt=\"\" \/><\/a><\/p>\n<!-- \/wp:image -->\n<\/div>\n<p> <br \/>\n<\/p>\n<div>\n<p>O governo federal divulgou nesta ter\u00e7a-feira (26) novas datas do <strong>calend\u00e1rio do<\/strong><strong><a href=\"https:\/\/jcconcursos.com.br\/tags\/bolsa-familia-2024\" rel=\"noopener\" target=\"_blank\">Bolsa Fam\u00edlia para o ano de 2024<\/a><\/strong>. Os dias de pagamento foram definidos pelo Minist\u00e9rio do Desenvolvimento e Assist\u00eancia Social, Fam\u00edlia e Combate \u00e0 Fome (MDS), respons\u00e1vel pela gest\u00e3o do programa, e pela Caixa Econ\u00f4mica Federal, que executa os pagamentos.<\/p>\n<p>O Bolsa Fam\u00edlia \u00e9 um programa social do governo federal que beneficia fam\u00edlias de baixa renda. Os pagamentos s\u00e3o feitos pela Caixa Econ\u00f4mica Federal, e a data de libera\u00e7\u00e3o do benef\u00edcio \u00e9 definida pelo \u00faltimo d\u00edgito do <a href=\"https:\/\/www.gov.br\/pt-br\/servicos\/consultar-dados-do-cadastro-unico-cadunico\" rel=\"noopener\" target=\"_blank\">N\u00famero de Identifica\u00e7\u00e3o Social (NIS)<\/a> do cart\u00e3o do programa.<\/p>\n<p>No primeiro dia de pagamento, s\u00e3o liberados os recursos destinados aos benefici\u00e1rios com NIS de final 1. A cada dia \u00fatil, um novo grupo tem os valores liberados, at\u00e9 que o \u00faltimo grupo, com NIS de final 0, receba a quantia. Os pagamentos s\u00e3o feitos durante os \u00faltimos dez dias \u00fateis de cada m\u00eas, \u00e0 exce\u00e7\u00e3o de dezembro, quando o calend\u00e1rio \u00e9 antecipado.<\/p>\n<p>Para receber o benef\u00edcio, \u00e9 necess\u00e1rio manter atualizadas as informa\u00e7\u00f5es da fam\u00edlia no Cadastro \u00danico. Para ingressar no programa, a principal regra \u00e9 que a renda de cada integrante da fam\u00edlia seja de, no m\u00e1ximo, R$ 218 por m\u00eas.<\/p>\n<p>Os cart\u00f5es dos novos benefici\u00e1rios s\u00e3o enviados para o endere\u00e7o cadastrado. No entanto, \u00e9 poss\u00edvel sacar o recurso mesmo sem ter o cart\u00e3o em m\u00e3os. Basta que o respons\u00e1vel familiar apresente um documento oficial com foto em uma ag\u00eancia lot\u00e9rica.<\/p>\n<p>Caso o respons\u00e1vel familiar n\u00e3o tenha ainda senha cadastrada, pode apresentar documento oficial com foto e receber\u00e1 o recurso por meio de guia de pagamento, diretamente em uma ag\u00eancia da Caixa.<\/p>\n<p><a href=\"https:\/\/jcconcursos.com.br\/noticia\/brasil\/previsao-da-inflacao-cai-pela-terceira-semana-seguida-no-pais-informa-boletim-focus-120366\" rel=\"noopener\" target=\"_blank\">+ Previs\u00e3o da infla\u00e7\u00e3o cai pela terceira semana seguida no pa\u00eds, informa Boletim Focus<\/a><\/p>\n<h2>Veja TODAS as datas\u00a0<\/h2>\n<p><img data-recalc-dims=\"1\" decoding=\"async\" alt=\"bolsa\" height=\"1198\" loading=\"lazy\" src=\"https:\/\/i0.wp.com\/jcconcursos.com.br\/media\/uploads\/100b2d57-2be0-4e76-a4d7-3a2048496436.png?resize=800%2C1198&#038;ssl=1\" width=\"800\" class=\"lazy\"\/><noscript><img data-recalc-dims=\"1\" decoding=\"async\" alt=\"bolsa\" height=\"1198\" loading=\"lazy\" src=\"https:\/\/i0.wp.com\/jcconcursos.com.br\/media\/uploads\/100b2d57-2be0-4e76-a4d7-3a2048496436.png?resize=800%2C1198&#038;ssl=1\" width=\"800\"\/><\/noscript><\/p>\n<h2>Consulte benef\u00edcio pelo CPF<\/h2>\n<p>Para realizar a consulta do Bolsa Fam\u00edlia ou Aux\u00edlio Brasil utilizando n\u00famero de CPF, siga estas etapas:<\/p>\n<ul>\n<li aria-level=\"1\" style=\"font-weight: 400;\">Abra o site oficial da <a href=\"https:\/\/www.caixa.gov.br\/Paginas\/home-caixa.aspx\" rel=\"noopener\" target=\"_blank\">Caixa Econ\u00f4mica Federal<\/a>;<\/li>\n<li aria-level=\"1\" style=\"font-weight: 400;\">Localize e clique na se\u00e7\u00e3o \u201cConsultar fam\u00edlias benefici\u00e1rias\u201d;<\/li>\n<li aria-level=\"1\" style=\"font-weight: 400;\">Escolha a op\u00e7\u00e3o de \u201cConsulta por fam\u00edlia\u201d;<\/li>\n<li aria-level=\"1\" style=\"font-weight: 400;\">Insira o NIS (N\u00famero de Identifica\u00e7\u00e3o Social) e o CPF do respons\u00e1vel familiar nos campos indicados;<\/li>\n<li aria-level=\"1\" style=\"font-weight: 400;\">Conclua clicando no bot\u00e3o de consulta.<\/li>\n<\/ul>\n<p><strong>A consulta tamb\u00e9m pode ser realizada:<\/strong><\/p>\n<ul>\n<li aria-level=\"1\" style=\"font-weight: 400;\">No aplicativo Bolsa Fam\u00edlia;<\/li>\n<li aria-level=\"1\" style=\"font-weight: 400;\">No aplicativo Caixa Tem;<\/li>\n<li aria-level=\"1\" style=\"font-weight: 400;\">Por meio de atendimento em ag\u00eancias da Caixa;<\/li>\n<li aria-level=\"1\" style=\"font-weight: 400;\">Ou nos telefones 111 ou 121 (Minist\u00e9rio do Desenvolvimento Social).<\/li>\n<\/ul>\n<h2>Quem pode receber o Bolsa Fam\u00edlia?<\/h2>\n<p>Para receber o aux\u00edlio, \u00e0s fam\u00edlias precisam cumprir as exig\u00eancias listadas abaixo, veja:\u00a0\u00a0<\/p>\n<ul>\n<li aria-level=\"1\" style=\"font-weight: 400;\">realiza\u00e7\u00e3o de pr\u00e9-natal;<\/li>\n<li aria-level=\"1\" style=\"font-weight: 400;\">cumprimento do calend\u00e1rio nacional de vacina\u00e7\u00e3o;<\/li>\n<li aria-level=\"1\" style=\"font-weight: 400;\">acompanhamento do estado nutricional para crian\u00e7as com at\u00e9 sete anos incompletos;<\/li>\n<li aria-level=\"1\" style=\"font-weight: 400;\">frequ\u00eancia escolar m\u00ednima de 65% para crian\u00e7as de 4 a 6 anos incompletos; e<\/li>\n<li aria-level=\"1\" style=\"font-weight: 400;\">frequ\u00eancia escolar m\u00ednima de 75% para benefici\u00e1rios com idade de 6 a 18 anos incompletos que n\u00e3o tenham conclu\u00eddo a educa\u00e7\u00e3o b\u00e1sica.<\/li>\n<\/ul>\n<p>+ Acompanhe as principais informa\u00e7\u00f5es sobre <a href=\"https:\/\/jcconcursos.com.br\/noticia\/brasil\/\" rel=\"noopener\" target=\"_blank\">Sociedade e Brasil no JC Concursos<\/a><\/p>\n<p><a id=\"gnews_btn\" href=\"https:\/\/news.google.com\/publications\/CAAqBwgKMOixlQswuZWrAw\" target=\"_blank\" class=\"border_jc_blue link_hover_bg_jc_blue font_85 d-block d-md-inline-block px-2 py-1 mr-0 mr-md-2 mb-3 w-100 text-center\" rel=\"noopener\"><span class=\"text_jc_blue\">Siga o <strong>JC Concursos no Google News<\/strong><\/span><\/a><a href=\"https:\/\/jcconcursos.com.br\/noticia\/brasil\/\" class=\"badge badge-light\">Sociedade<\/a><a href=\"https:\/\/jcconcursos.com.br\/noticia\/brasil\/\" class=\"badge badge-light\">Brasil<\/a><\/p>\n<\/div>\n<p><br \/>\n<br \/><a href=\"https:\/\/ismaelcolosi.com.br\/confirmado-governo-federal-divulga-novo-calendario-do-bolsa-familia-para-2024\/\">Source link <\/a><\/p>\n<!-- CONTENT END 1 -->\n","protected":false},"excerpt":{"rendered":"<p>O governo federal divulgou nesta ter\u00e7a-feira (26) novas datas do calend\u00e1rio doBolsa Fam\u00edlia para o ano de 2024. Os dias de pagamento foram definidos pelo&#8230;<\/p>\n","protected":false},"author":1,"featured_media":20777,"comment_status":"open","ping_status":"open","sticky":false,"template":"","format":"standard","meta":{"advanced_seo_description":"","jetpack_seo_html_title":"","jetpack_seo_noindex":false,"jetpack_post_was_ever_published":false,"_jetpack_newsletter_access":"","_jetpack_dont_email_post_to_subs":false,"_jetpack_newsletter_tier_id":0,"_jetpack_memberships_contains_paywalled_content":false,"_jetpack_memberships_contains_paid_content":false,"footnotes":"","jetpack_publicize_message":"","jetpack_publicize_feature_enabled":true,"jetpack_social_post_already_shared":true,"jetpack_social_options":{"image_generator_settings":{"template":"highway","default_image_id":0,"font":"","enabled":false},"version":2}},"categories":[7],"tags":[],"class_list":["post-20776","post","type-post","status-publish","format-standard","has-post-thumbnail","hentry","category-vagas-de-empregos-em-ribeirao-preto-regiao-brasil"],"jetpack_publicize_connections":[],"jetpack_featured_media_url":"https:\/\/i0.wp.com\/noticiasribeiraopreto.com.br\/wp-content\/uploads\/2023\/12\/100b2d57-2be0-4e76-a4d7-3a2048496436.png?fit=1150%2C1722&ssl=1","jetpack-related-posts":[{"id":38713,"url":"https:\/\/noticiasribeiraopreto.com.br\/index.php\/2024\/02\/21\/atencao-beneficiarios-governo-federal-define-calendario-do-bolsa-familia-para-o-mes-de-marco-confira-datas-de-pagamento\/","url_meta":{"origin":20776,"position":0},"title":"Aten\u00e7\u00e3o benefici\u00e1rios! Governo Federal define calend\u00e1rio do Bolsa Fam\u00edlia para o m\u00eas de MAR\u00c7O; Confira datas de pagamento","author":"noticiasribeiraopreto.com.br","date":"21 de February de 2024","format":false,"excerpt":"Atendendo mais de 21 milh\u00f5es de domic\u00edlios em todo o pa\u00eds, o programa Bolsa Fam\u00edlia faz pagamentos mensais a cidad\u00e3os brasileiros em situa\u00e7\u00e3o de vulnerabilidade social e econ\u00f4mica. O cronograma de pagamento para o pr\u00f3ximo m\u00eas j\u00e1 foi definido pelo Governo Federal. Os benef\u00edcios s\u00e3o pagos atrav\u00e9s da conta poupan\u00e7a\u2026","rel":"","context":"In &quot;Dinheiro e Investimento&quot;","block_context":{"text":"Dinheiro e Investimento","link":"https:\/\/noticiasribeiraopreto.com.br\/index.php\/category\/dinheiro-e-investimento-como-fazer-como-ganhar\/"},"img":{"alt_text":"","src":"https:\/\/i0.wp.com\/noticiasribeiraopreto.com.br\/wp-content\/uploads\/2024\/02\/Instagram-post-template-dinheiro-online-link-na-bio.webp.jpeg?fit=1080%2C1080&ssl=1&resize=350%2C200","width":350,"height":200,"srcset":"https:\/\/i0.wp.com\/noticiasribeiraopreto.com.br\/wp-content\/uploads\/2024\/02\/Instagram-post-template-dinheiro-online-link-na-bio.webp.jpeg?fit=1080%2C1080&ssl=1&resize=350%2C200 1x, https:\/\/i0.wp.com\/noticiasribeiraopreto.com.br\/wp-content\/uploads\/2024\/02\/Instagram-post-template-dinheiro-online-link-na-bio.webp.jpeg?fit=1080%2C1080&ssl=1&resize=525%2C300 1.5x, https:\/\/i0.wp.com\/noticiasribeiraopreto.com.br\/wp-content\/uploads\/2024\/02\/Instagram-post-template-dinheiro-online-link-na-bio.webp.jpeg?fit=1080%2C1080&ssl=1&resize=700%2C400 2x, https:\/\/i0.wp.com\/noticiasribeiraopreto.com.br\/wp-content\/uploads\/2024\/02\/Instagram-post-template-dinheiro-online-link-na-bio.webp.jpeg?fit=1080%2C1080&ssl=1&resize=1050%2C600 3x"},"classes":[]},{"id":36360,"url":"https:\/\/noticiasribeiraopreto.com.br\/index.php\/2024\/02\/09\/governo-confirma-dinheiro-extra-este-mes-para-os-inscritos-no-bolsa-familia-e-datas-do-pagamento-sao-divulgadas-confira\/","url_meta":{"origin":20776,"position":1},"title":"Governo confirma dinheiro extra este m\u00eas para os inscritos no Bolsa Fam\u00edlia e datas do pagamento s\u00e3o divulgadas; Confira!","author":"noticiasribeiraopreto.com.br","date":"9 de February de 2024","format":false,"excerpt":"Embora seja um programa bem conhecido, nem todo mundo sabe o que \u00e9 NIS. O NIS \u00e9 um n\u00famero de 11 d\u00edgitos criado pela Caixa Econ\u00f4mica Federal que \u00e9 usado para pagar a previd\u00eancia social fornecida pelo governo federal. Al\u00e9m disso, garante o direito ao trabalho e \u00e0 seguridade social.\u2026","rel":"","context":"In &quot;Dinheiro e Investimento&quot;","block_context":{"text":"Dinheiro e Investimento","link":"https:\/\/noticiasribeiraopreto.com.br\/index.php\/category\/dinheiro-e-investimento-como-fazer-como-ganhar\/"},"img":{"alt_text":"","src":"https:\/\/i0.wp.com\/noticiasribeiraopreto.com.br\/wp-content\/uploads\/2024\/02\/PisASEP-5.png?fit=1200%2C630&ssl=1&resize=350%2C200","width":350,"height":200,"srcset":"https:\/\/i0.wp.com\/noticiasribeiraopreto.com.br\/wp-content\/uploads\/2024\/02\/PisASEP-5.png?fit=1200%2C630&ssl=1&resize=350%2C200 1x, https:\/\/i0.wp.com\/noticiasribeiraopreto.com.br\/wp-content\/uploads\/2024\/02\/PisASEP-5.png?fit=1200%2C630&ssl=1&resize=525%2C300 1.5x, https:\/\/i0.wp.com\/noticiasribeiraopreto.com.br\/wp-content\/uploads\/2024\/02\/PisASEP-5.png?fit=1200%2C630&ssl=1&resize=700%2C400 2x, https:\/\/i0.wp.com\/noticiasribeiraopreto.com.br\/wp-content\/uploads\/2024\/02\/PisASEP-5.png?fit=1200%2C630&ssl=1&resize=1050%2C600 3x"},"classes":[]},{"id":20729,"url":"https:\/\/noticiasribeiraopreto.com.br\/index.php\/2023\/12\/26\/governo-divulga-calendario-de-pagamentos-do-bolsa-familia-para-2024\/","url_meta":{"origin":20776,"position":2},"title":"Governo divulga calend\u00e1rio de pagamentos do Bolsa Fam\u00edlia para 2024","author":"noticiasribeiraopreto.com.br","date":"26 de December de 2023","format":false,"excerpt":"J\u00e1 est\u00e1 dispon\u00edvel o calend\u00e1rio de pagamentos do Programa Bolsa Fam\u00edlia para o ano de 2024. As datas foram definidas pelo Minist\u00e9rio do Desenvolvimento e Assist\u00eancia Social, Fam\u00edlia e Combate \u00e0 Fome (MDS), respons\u00e1vel pela gest\u00e3o do programa, e pela Caixa Econ\u00f4mica Federal, que executa os pagamentos. Cr\u00e9ditos: Ag\u00eancia Brasil\/Marcelo\u2026","rel":"","context":"In &quot;Variedades&quot;","block_context":{"text":"Variedades","link":"https:\/\/noticiasribeiraopreto.com.br\/index.php\/category\/variedades\/"},"img":{"alt_text":"","src":"https:\/\/i0.wp.com\/noticiasribeiraopreto.com.br\/wp-content\/uploads\/2023\/12\/1703602524_bolsa-familia-a-noticia-mais-esperada-de-setembro-acaba-de-chegar.jpg?fit=1200%2C638&ssl=1&resize=350%2C200","width":350,"height":200,"srcset":"https:\/\/i0.wp.com\/noticiasribeiraopreto.com.br\/wp-content\/uploads\/2023\/12\/1703602524_bolsa-familia-a-noticia-mais-esperada-de-setembro-acaba-de-chegar.jpg?fit=1200%2C638&ssl=1&resize=350%2C200 1x, https:\/\/i0.wp.com\/noticiasribeiraopreto.com.br\/wp-content\/uploads\/2023\/12\/1703602524_bolsa-familia-a-noticia-mais-esperada-de-setembro-acaba-de-chegar.jpg?fit=1200%2C638&ssl=1&resize=525%2C300 1.5x, https:\/\/i0.wp.com\/noticiasribeiraopreto.com.br\/wp-content\/uploads\/2023\/12\/1703602524_bolsa-familia-a-noticia-mais-esperada-de-setembro-acaba-de-chegar.jpg?fit=1200%2C638&ssl=1&resize=700%2C400 2x, https:\/\/i0.wp.com\/noticiasribeiraopreto.com.br\/wp-content\/uploads\/2023\/12\/1703602524_bolsa-familia-a-noticia-mais-esperada-de-setembro-acaba-de-chegar.jpg?fit=1200%2C638&ssl=1&resize=1050%2C600 3x"},"classes":[]},{"id":23223,"url":"https:\/\/noticiasribeiraopreto.com.br\/index.php\/2024\/01\/01\/pagamentos-do-bolsa-familia-comecam-no-dia-18-de-janeiro-veja-o-calendario\/","url_meta":{"origin":20776,"position":3},"title":"Pagamentos do Bolsa Fam\u00edlia come\u00e7am no dia 18 de janeiro; Veja o calend\u00e1rio","author":"noticiasribeiraopreto.com.br","date":"1 de January de 2024","format":false,"excerpt":"Os benefici\u00e1rios do Programa Bolsa Fam\u00edlia j\u00e1 podem conferir o calend\u00e1rio de pagamento de\u00a02024. As datas foram divulgadas\u00a0ap\u00f3s defini\u00e7\u00e3o\u00a0do\u00a0Minist\u00e9rio do Desenvolvimento e Assist\u00eancia Social, Fam\u00edlia e Combate \u00e0 Fome (MDS), respons\u00e1vel pela gest\u00e3o do programa, e da Caixa Econ\u00f4mica Federal, que executa os pagamentos. Em Ribeir\u00e3o Preto, mais de 26\u2026","rel":"","context":"In &quot;Not\u00edcias de Ribeir\u00e3o Preto-SP e Regi\u00e3o&quot;","block_context":{"text":"Not\u00edcias de Ribeir\u00e3o Preto-SP e Regi\u00e3o","link":"https:\/\/noticiasribeiraopreto.com.br\/index.php\/category\/noticias-de-ribeirao-preto-sp-e-regiao-ismael-colosi\/"},"img":{"alt_text":"","src":"https:\/\/i0.wp.com\/noticiasribeiraopreto.com.br\/wp-content\/uploads\/2024\/01\/novo-cartao-bolsa-familia-2023.jpg?fit=1170%2C700&ssl=1&resize=350%2C200","width":350,"height":200,"srcset":"https:\/\/i0.wp.com\/noticiasribeiraopreto.com.br\/wp-content\/uploads\/2024\/01\/novo-cartao-bolsa-familia-2023.jpg?fit=1170%2C700&ssl=1&resize=350%2C200 1x, https:\/\/i0.wp.com\/noticiasribeiraopreto.com.br\/wp-content\/uploads\/2024\/01\/novo-cartao-bolsa-familia-2023.jpg?fit=1170%2C700&ssl=1&resize=525%2C300 1.5x, https:\/\/i0.wp.com\/noticiasribeiraopreto.com.br\/wp-content\/uploads\/2024\/01\/novo-cartao-bolsa-familia-2023.jpg?fit=1170%2C700&ssl=1&resize=700%2C400 2x, https:\/\/i0.wp.com\/noticiasribeiraopreto.com.br\/wp-content\/uploads\/2024\/01\/novo-cartao-bolsa-familia-2023.jpg?fit=1170%2C700&ssl=1&resize=1050%2C600 3x"},"classes":[]},{"id":18793,"url":"https:\/\/noticiasribeiraopreto.com.br\/index.php\/2023\/12\/21\/leve-documentos-e-receba-o-bolsa-familia\/","url_meta":{"origin":20776,"position":4},"title":"Leve documentos e receba o Bolsa Fam\u00edlia","author":"noticiasribeiraopreto.com.br","date":"21 de December de 2023","format":false,"excerpt":"A Caixa Econ\u00f4mica Federal continua realizando o pagamento da parcela de dezembro do Bolsa Fam\u00edlia. O principal programa de transfer\u00eancia de renda do pa\u00eds ajuda diretamente mais de 21 milh\u00f5es de fam\u00edlias que se encontram em situa\u00e7\u00e3o de vulnerabilidade social e econ\u00f4mica no Brasil. Em resumo, o Governo Federal possui\u2026","rel":"","context":"In &quot;Vagas de Emprego em Ribeir\u00e3o Preto-SP&quot;","block_context":{"text":"Vagas de Emprego em Ribeir\u00e3o Preto-SP","link":"https:\/\/noticiasribeiraopreto.com.br\/index.php\/category\/empregos-classificados-vagas-trabalho\/vagas-de-empregos-em-ribeirao-preto-regiao-brasil\/"},"img":{"alt_text":"","src":"https:\/\/i0.wp.com\/noticiasribeiraopreto.com.br\/wp-content\/uploads\/2023\/12\/noticiasconcursos.com_.br-inscricao-no-cras-leve-estes-documentos-e-receba-o-bolsa-familia-em-2024-bolsa-familia-agencia-brasil-750x430.jpg?fit=750%2C430&ssl=1&resize=350%2C200","width":350,"height":200,"srcset":"https:\/\/i0.wp.com\/noticiasribeiraopreto.com.br\/wp-content\/uploads\/2023\/12\/noticiasconcursos.com_.br-inscricao-no-cras-leve-estes-documentos-e-receba-o-bolsa-familia-em-2024-bolsa-familia-agencia-brasil-750x430.jpg?fit=750%2C430&ssl=1&resize=350%2C200 1x, https:\/\/i0.wp.com\/noticiasribeiraopreto.com.br\/wp-content\/uploads\/2023\/12\/noticiasconcursos.com_.br-inscricao-no-cras-leve-estes-documentos-e-receba-o-bolsa-familia-em-2024-bolsa-familia-agencia-brasil-750x430.jpg?fit=750%2C430&ssl=1&resize=525%2C300 1.5x, https:\/\/i0.wp.com\/noticiasribeiraopreto.com.br\/wp-content\/uploads\/2023\/12\/noticiasconcursos.com_.br-inscricao-no-cras-leve-estes-documentos-e-receba-o-bolsa-familia-em-2024-bolsa-familia-agencia-brasil-750x430.jpg?fit=750%2C430&ssl=1&resize=700%2C400 2x"},"classes":[]},{"id":21794,"url":"https:\/\/noticiasribeiraopreto.com.br\/index.php\/2023\/12\/28\/bolsa-familia-vai-liberar-surpresa-incrivel-em-janeiro-confira\/","url_meta":{"origin":20776,"position":5},"title":"Bolsa Fam\u00edlia vai liberar surpresa INCR\u00cdVEL em janeiro! Confira","author":"noticiasribeiraopreto.com.br","date":"28 de December de 2023","format":false,"excerpt":"J\u00e1 est\u00e1 dispon\u00edvel o calend\u00e1rio de pagamentos do Programa Bolsa Fam\u00edlia para o ano de 2024. As datas foram definidas pelo Minist\u00e9rio do Desenvolvimento e Assist\u00eancia Social, Fam\u00edlia e Combate \u00e0 Fome (MDS), respons\u00e1vel pela gest\u00e3o do programa, e pela Caixa Econ\u00f4mica Federal, que executa os pagamentos. Cr\u00e9ditos: Ag\u00eancia Brasil\/ArquivoBolsa\u2026","rel":"","context":"In &quot;Variedades&quot;","block_context":{"text":"Variedades","link":"https:\/\/noticiasribeiraopreto.com.br\/index.php\/category\/variedades\/"},"img":{"alt_text":"","src":"https:\/\/i0.wp.com\/noticiasribeiraopreto.com.br\/wp-content\/uploads\/2023\/12\/1703784149_bolsa-familia-e-pago-para-novo-grupo-hoje-veja-quem-recebe.jpg?fit=1200%2C638&ssl=1&resize=350%2C200","width":350,"height":200,"srcset":"https:\/\/i0.wp.com\/noticiasribeiraopreto.com.br\/wp-content\/uploads\/2023\/12\/1703784149_bolsa-familia-e-pago-para-novo-grupo-hoje-veja-quem-recebe.jpg?fit=1200%2C638&ssl=1&resize=350%2C200 1x, https:\/\/i0.wp.com\/noticiasribeiraopreto.com.br\/wp-content\/uploads\/2023\/12\/1703784149_bolsa-familia-e-pago-para-novo-grupo-hoje-veja-quem-recebe.jpg?fit=1200%2C638&ssl=1&resize=525%2C300 1.5x, https:\/\/i0.wp.com\/noticiasribeiraopreto.com.br\/wp-content\/uploads\/2023\/12\/1703784149_bolsa-familia-e-pago-para-novo-grupo-hoje-veja-quem-recebe.jpg?fit=1200%2C638&ssl=1&resize=700%2C400 2x, https:\/\/i0.wp.com\/noticiasribeiraopreto.com.br\/wp-content\/uploads\/2023\/12\/1703784149_bolsa-familia-e-pago-para-novo-grupo-hoje-veja-quem-recebe.jpg?fit=1200%2C638&ssl=1&resize=1050%2C600 3x"},"classes":[]}],"jetpack_sharing_enabled":true,"jetpack_shortlink":"https:\/\/wp.me\/peQAOb-5p6","_links":{"self":[{"href":"https:\/\/noticiasribeiraopreto.com.br\/index.php\/wp-json\/wp\/v2\/posts\/20776","targetHints":{"allow":["GET"]}}],"collection":[{"href":"https:\/\/noticiasribeiraopreto.com.br\/index.php\/wp-json\/wp\/v2\/posts"}],"about":[{"href":"https:\/\/noticiasribeiraopreto.com.br\/index.php\/wp-json\/wp\/v2\/types\/post"}],"author":[{"embeddable":true,"href":"https:\/\/noticiasribeiraopreto.com.br\/index.php\/wp-json\/wp\/v2\/users\/1"}],"replies":[{"embeddable":true,"href":"https:\/\/noticiasribeiraopreto.com.br\/index.php\/wp-json\/wp\/v2\/comments?post=20776"}],"version-history":[{"count":0,"href":"https:\/\/noticiasribeiraopreto.com.br\/index.php\/wp-json\/wp\/v2\/posts\/20776\/revisions"}],"wp:featuredmedia":[{"embeddable":true,"href":"https:\/\/noticiasribeiraopreto.com.br\/index.php\/wp-json\/wp\/v2\/media\/20777"}],"wp:attachment":[{"href":"https:\/\/noticiasribeiraopreto.com.br\/index.php\/wp-json\/wp\/v2\/media?parent=20776"}],"wp:term":[{"taxonomy":"category","embeddable":true,"href":"https:\/\/noticiasribeiraopreto.com.br\/index.php\/wp-json\/wp\/v2\/categories?post=20776"},{"taxonomy":"post_tag","embeddable":true,"href":"https:\/\/noticiasribeiraopreto.com.br\/index.php\/wp-json\/wp\/v2\/tags?post=20776"}],"curies":[{"name":"wp","href":"https:\/\/api.w.org\/{rel}","templated":true}]}}