{"id":20785,"date":"2023-12-26T14:01:34","date_gmt":"2023-12-26T17:01:34","guid":{"rendered":"https:\/\/noticiasribeiraopreto.com.br\/index.php\/2023\/12\/26\/rp-abre-concurso-publico-para-cargos-de-ensino-fundamental-medio-e-tecnico\/"},"modified":"2023-12-26T14:01:34","modified_gmt":"2023-12-26T17:01:34","slug":"rp-abre-concurso-publico-para-cargos-de-ensino-fundamental-medio-e-tecnico","status":"publish","type":"post","link":"https:\/\/noticiasribeiraopreto.com.br\/index.php\/2023\/12\/26\/rp-abre-concurso-publico-para-cargos-de-ensino-fundamental-medio-e-tecnico\/","title":{"rendered":"RP abre concurso p\u00fablico para cargos de Ensino Fundamental, M\u00e9dio e T\u00e9cnico"},"content":{"rendered":"<div class='code-block code-block-1' style='margin: 8px 0 8px auto; text-align: right; display: block; clear: both;'>\n<p><a href=\"https:\/\/wa.link\/vpicfd\"><img data-recalc-dims=\"1\" class=\"wp-image-4922\" style=\"aspect-ratio: 2.0253164556962027; width: 561px; height: auto;\" src=\"https:\/\/i0.wp.com\/ismaelcolosi.com.br\/wp-content\/uploads\/2023\/11\/grupo-de-empregos-whatsapp-e-facebook-ismael-colosi-vagas.jpg?ssl=1\" alt=\"\" \/><\/a><\/p>\n<!-- \/wp:image -->\n<\/div>\n<p> <br \/>\n<\/p>\n<div id=\"post-368458\">\n<header class=\"entry-header penci-entry-header penci-title-center\">\n<div class=\"penci-entry-categories\"><span class=\"penci-cat-links\">Destaque Empregos e Est\u00e1gios<\/span><\/div>\n<p> <span class=\"entry-meta-item penci-posted-on\"><i class=\"fa fa-clock-o\"\/><time class=\"entry-date published\" datetime=\"2023-12-26T14:00:44-03:00\">26 de dezembro de 2023 | 14:00<\/time><time class=\"updated\" datetime=\"2023-12-26T13:37:43-03:00\">26 de dezembro de 2023 | 13:37<\/time><\/span><\/p>\n<p> <span class=\"penci-social-buttons penci-social-share-footer\"><a href=\"#\" class=\"penci-post-like penci_post-meta_item  single-like-button penci-social-item like\" data-post_id=\"368458\" title=\"Like\" data-like=\"Like\" data-unlike=\"Unlike\"><i class=\"fa fa-thumbs-o-up\"\/><span class=\"penci-share-number\">0<\/span><\/a><i class=\"fa fa-facebook\"\/><a class=\"penci-social-item twitter\" target=\"_blank\" rel=\"noopener\" title=\"\" href=\"https:\/\/twitter.com\/intent\/tweet?text=RP%20abre%20concurso%20p\u00fablico%20para%20cargos%20de%20Ensino%20Fundamental,%20M\u00e9dio%20e%20T\u00e9cnico%20-%20https:\/\/www.tribunaribeirao.com.br\/site\/rp-abre-concurso-publico-para-cargos-de-ensino-fundamental-medio-e-tecnico\/\"><i class=\"fa fa-twitter\"\/><\/a><i class=\"fa fa-whatsapp\"\/><\/span><\/header>\n<div class=\"penci-entry-content entry-content\">\n<p>A prefeitura de Ribeir\u00e3o Preto, por meio da Secretaria Municipal da Administra\u00e7\u00e3o, publicou, no Di\u00e1rio Oficial do Munic\u00edpio de sexta-feira, 22 de dezembro, o Edital n\u00ba06\/2023 para a realiza\u00e7\u00e3o de um novo concurso p\u00fablico destinado \u00e0 admiss\u00e3o de profissionais de n\u00edveis fundamental, m\u00e9dio e t\u00e9cnico.<\/p>\n<p>De acordo com o edital, s\u00e3o ofertadas 12 vagas para os cargos de Motorista, Radio-telefonista, Auxiliar de Sa\u00fade Bucal, Educador Social e T\u00e9cnico em Sa\u00fade Bucal.<\/p>\n<p>Os sal\u00e1rios v\u00e3o de R$ 2.445,83 a R$ 3.555,42 e as inscri\u00e7\u00f5es come\u00e7am na ter\u00e7a-feira, 2 de janeiro e terminam no dia 2 de fevereiro de 2024.<\/p>\n<p>A taxa de inscri\u00e7\u00e3o \u00e9 de R$ 25,20 para os cargos de n\u00edvel fundamental e de R$ 28,20 para os cargos de n\u00edvel m\u00e9dio e t\u00e9cnico. Para se inscrever, o interessado deve acessar o\u00a0<a href=\"http:\/\/www.concursosrbo.com.br\/\">endere\u00e7o eletr\u00f4nico<\/a>.<\/p>\n<p>O edital de abertura do concurso p\u00fablico (n\u00ba 06\/2023) est\u00e1 dispon\u00edvel no\u00a0<a href=\"https:\/\/www.ribeiraopreto.sp.gov.br\/concurso\/prefeitura\">site da prefeitura<\/a>\u00a0e no\u00a0<a href=\"https:\/\/cespro.com.br\/visualizarDiarioOficialLeituraDigital.php?cdMunicipio=9314&amp;dtDiario=2023-11-08&amp;nrEdicao=11.784\">Di\u00e1rio Oficial do Munic\u00edpio<\/a>\u00a0do dia 22 de dezembro de 2023.<\/p>\n<p>\u00a0<\/p>\n<\/div>\n<footer class=\"penci-entry-footer\"\/><\/div>\n<p><script async src=\"\/\/platform.twitter.com\/widgets.js\" charset=\"utf-8\"><\/script><br \/>\n<br \/><br \/>\n<br \/><a href=\"https:\/\/www.tribunaribeirao.com.br\/site\/rp-abre-concurso-publico-para-cargos-de-ensino-fundamental-medio-e-tecnico\/\">Source link <\/a><\/p>\n<!-- CONTENT END 1 -->\n","protected":false},"excerpt":{"rendered":"<p>Destaque Empregos e Est\u00e1gios 26 de dezembro de 2023 | 14:0026 de dezembro de 2023 | 13:37 0 A prefeitura de Ribeir\u00e3o Preto, por meio&#8230;<\/p>\n","protected":false},"author":1,"featured_media":20786,"comment_status":"open","ping_status":"open","sticky":false,"template":"","format":"standard","meta":{"advanced_seo_description":"","jetpack_seo_html_title":"","jetpack_seo_noindex":false,"jetpack_post_was_ever_published":false,"_jetpack_newsletter_access":"","_jetpack_dont_email_post_to_subs":false,"_jetpack_newsletter_tier_id":0,"_jetpack_memberships_contains_paywalled_content":false,"_jetpack_memberships_contains_paid_content":false,"footnotes":"","jetpack_publicize_message":"","jetpack_publicize_feature_enabled":true,"jetpack_social_post_already_shared":true,"jetpack_social_options":{"image_generator_settings":{"template":"highway","default_image_id":0,"font":"","enabled":false},"version":2}},"categories":[11],"tags":[210,2676,567,2336,2677,102,71,282,1053],"class_list":["post-20785","post","type-post","status-publish","format-standard","has-post-thumbnail","hentry","category-noticias-de-ribeirao-preto-sp-e-regiao-ismael-colosi","tag-abre","tag-cargos","tag-concurso","tag-ensino","tag-fundamental","tag-medio","tag-para","tag-publico","tag-tecnico"],"jetpack_publicize_connections":[],"jetpack_featured_media_url":"https:\/\/i0.wp.com\/noticiasribeiraopreto.com.br\/wp-content\/uploads\/2023\/12\/concurso1-scaled.jpeg?fit=968%2C645&ssl=1","jetpack-related-posts":[{"id":3977,"url":"https:\/\/noticiasribeiraopreto.com.br\/index.php\/2023\/11\/20\/concurso-publico-da-prefeitura-de-granja-ce-abre-414-vagas\/","url_meta":{"origin":20785,"position":0},"title":"Concurso p\u00fablico da prefeitura de Granja (CE) abre 414 vagas","author":"noticiasribeiraopreto.com.br","date":"20 de November de 2023","format":false,"excerpt":"Cr\u00e9ditos: IStockConcurso P\u00fablico da Prefeitura de Granja A Prefeitura de Granja, no estado do\u00a0Cear\u00e1 anuncia edital de n\u00ba 001\/2023 para concurso p\u00fablico, que visa preencher\u00a0414 vagas imediatas, com reserva para profissionais portadores de defici\u00eancia. As oportunidades s\u00e3o destinadas a candidatos com grau de escolaridade m\u00e9dio\/t\u00e9cnico, m\u00e9dio ou superior. Os valores\u2026","rel":"","context":"In &quot;Variedades&quot;","block_context":{"text":"Variedades","link":"https:\/\/noticiasribeiraopreto.com.br\/index.php\/category\/variedades\/"},"img":{"alt_text":"","src":"https:\/\/i0.wp.com\/noticiasribeiraopreto.com.br\/wp-content\/uploads\/2023\/11\/istock-1425131504.jpg?fit=1200%2C638&ssl=1&resize=350%2C200","width":350,"height":200,"srcset":"https:\/\/i0.wp.com\/noticiasribeiraopreto.com.br\/wp-content\/uploads\/2023\/11\/istock-1425131504.jpg?fit=1200%2C638&ssl=1&resize=350%2C200 1x, https:\/\/i0.wp.com\/noticiasribeiraopreto.com.br\/wp-content\/uploads\/2023\/11\/istock-1425131504.jpg?fit=1200%2C638&ssl=1&resize=525%2C300 1.5x, https:\/\/i0.wp.com\/noticiasribeiraopreto.com.br\/wp-content\/uploads\/2023\/11\/istock-1425131504.jpg?fit=1200%2C638&ssl=1&resize=700%2C400 2x, https:\/\/i0.wp.com\/noticiasribeiraopreto.com.br\/wp-content\/uploads\/2023\/11\/istock-1425131504.jpg?fit=1200%2C638&ssl=1&resize=1050%2C600 3x"},"classes":[]},{"id":17782,"url":"https:\/\/noticiasribeiraopreto.com.br\/index.php\/2023\/12\/19\/concurso-publico-da-camara-de-caldas-novas-go-abre-novo-edital\/","url_meta":{"origin":20785,"position":1},"title":"Concurso p\u00fablico da C\u00e2mara de Caldas Novas (GO) abre novo edital","author":"noticiasribeiraopreto.com.br","date":"19 de December de 2023","format":false,"excerpt":"Cr\u00e9ditos: IStockConcurso p\u00fablico da C\u00e2mara de Caldas Novas abre novo edital A C\u00e2mara de Caldas Novas, no estado de\u00a0Goi\u00e1s, anuncia edital de n\u00ba 01\/2023 para concurso p\u00fablico, que visa preencher 68 vagas. S\u00e3o 17 vagas imediatas e 51 cadastros de reserva, para futuras convoca\u00e7\u00f5es, sob demanda administrativa. A sele\u00e7\u00e3o ser\u00e1\u2026","rel":"","context":"In &quot;Variedades&quot;","block_context":{"text":"Variedades","link":"https:\/\/noticiasribeiraopreto.com.br\/index.php\/category\/variedades\/"},"img":{"alt_text":"","src":"https:\/\/i0.wp.com\/noticiasribeiraopreto.com.br\/wp-content\/uploads\/2023\/12\/istock-495391766-2.jpg?fit=1200%2C638&ssl=1&resize=350%2C200","width":350,"height":200,"srcset":"https:\/\/i0.wp.com\/noticiasribeiraopreto.com.br\/wp-content\/uploads\/2023\/12\/istock-495391766-2.jpg?fit=1200%2C638&ssl=1&resize=350%2C200 1x, https:\/\/i0.wp.com\/noticiasribeiraopreto.com.br\/wp-content\/uploads\/2023\/12\/istock-495391766-2.jpg?fit=1200%2C638&ssl=1&resize=525%2C300 1.5x, https:\/\/i0.wp.com\/noticiasribeiraopreto.com.br\/wp-content\/uploads\/2023\/12\/istock-495391766-2.jpg?fit=1200%2C638&ssl=1&resize=700%2C400 2x, https:\/\/i0.wp.com\/noticiasribeiraopreto.com.br\/wp-content\/uploads\/2023\/12\/istock-495391766-2.jpg?fit=1200%2C638&ssl=1&resize=1050%2C600 3x"},"classes":[]},{"id":19621,"url":"https:\/\/noticiasribeiraopreto.com.br\/index.php\/2023\/12\/22\/cetesb-abre-concurso-publico-com-224-vagas\/","url_meta":{"origin":20785,"position":2},"title":"Cetesb abre concurso p\u00fablico com 224 vagas","author":"noticiasribeiraopreto.com.br","date":"22 de December de 2023","format":false,"excerpt":"A Cetesb (Companhia Ambiental do Estado de S\u00e3o Paulo) abriu, nesta sexta-feira (22), um concurso p\u00fablico para o preenchimento de 224 vagas. As oportunidades s\u00e3o para profissionais com forma\u00e7\u00e3o no ensino m\u00e9dio e superior.Os interessados devem se inscrever, exclusivamente via internet no site da Funda\u00e7\u00e3o Carlos Chagas\u00a0, entre os dias\u2026","rel":"","context":"In &quot;Not\u00edcias de Ribeir\u00e3o Preto-SP e Regi\u00e3o&quot;","block_context":{"text":"Not\u00edcias de Ribeir\u00e3o Preto-SP e Regi\u00e3o","link":"https:\/\/noticiasribeiraopreto.com.br\/index.php\/category\/noticias-de-ribeirao-preto-sp-e-regiao-ismael-colosi\/"},"img":{"alt_text":"","src":"https:\/\/i0.wp.com\/noticiasribeiraopreto.com.br\/wp-content\/uploads\/2023\/12\/IMG_5825-scaled.jpg?fit=967%2C645&ssl=1&resize=350%2C200","width":350,"height":200,"srcset":"https:\/\/i0.wp.com\/noticiasribeiraopreto.com.br\/wp-content\/uploads\/2023\/12\/IMG_5825-scaled.jpg?fit=967%2C645&ssl=1&resize=350%2C200 1x, https:\/\/i0.wp.com\/noticiasribeiraopreto.com.br\/wp-content\/uploads\/2023\/12\/IMG_5825-scaled.jpg?fit=967%2C645&ssl=1&resize=525%2C300 1.5x, https:\/\/i0.wp.com\/noticiasribeiraopreto.com.br\/wp-content\/uploads\/2023\/12\/IMG_5825-scaled.jpg?fit=967%2C645&ssl=1&resize=700%2C400 2x"},"classes":[]},{"id":17882,"url":"https:\/\/noticiasribeiraopreto.com.br\/index.php\/2023\/12\/19\/betim-abre-concurso-publico-com-21-vagas-em-diversos-niveis\/","url_meta":{"origin":20785,"position":3},"title":"Betim abre concurso p\u00fablico com 21 vagas em diversos n\u00edveis","author":"noticiasribeiraopreto.com.br","date":"19 de December de 2023","format":false,"excerpt":"Cr\u00e9ditos: IStockConcurso p\u00fablico de BetimA C\u00e2mara Municipal de Betim, localizada em Minas Gerais, lan\u00e7a edital n\u00ba 01\/2023 para seu concurso p\u00fablico, disponibilizando 21 vagas imediatas, al\u00e9m da cria\u00e7\u00e3o de um cadastro reserva. As oportunidades contemplam profissionais de variados n\u00edveis de forma\u00e7\u00e3o, abrangendo desde o ensino m\u00e9dio at\u00e9 o superior. O\u2026","rel":"","context":"In &quot;Variedades&quot;","block_context":{"text":"Variedades","link":"https:\/\/noticiasribeiraopreto.com.br\/index.php\/category\/variedades\/"},"img":{"alt_text":"","src":"https:\/\/i0.wp.com\/noticiasribeiraopreto.com.br\/wp-content\/uploads\/2023\/12\/istock-515862638-1.jpg?fit=1200%2C638&ssl=1&resize=350%2C200","width":350,"height":200,"srcset":"https:\/\/i0.wp.com\/noticiasribeiraopreto.com.br\/wp-content\/uploads\/2023\/12\/istock-515862638-1.jpg?fit=1200%2C638&ssl=1&resize=350%2C200 1x, https:\/\/i0.wp.com\/noticiasribeiraopreto.com.br\/wp-content\/uploads\/2023\/12\/istock-515862638-1.jpg?fit=1200%2C638&ssl=1&resize=525%2C300 1.5x, https:\/\/i0.wp.com\/noticiasribeiraopreto.com.br\/wp-content\/uploads\/2023\/12\/istock-515862638-1.jpg?fit=1200%2C638&ssl=1&resize=700%2C400 2x, https:\/\/i0.wp.com\/noticiasribeiraopreto.com.br\/wp-content\/uploads\/2023\/12\/istock-515862638-1.jpg?fit=1200%2C638&ssl=1&resize=1050%2C600 3x"},"classes":[]},{"id":77489,"url":"https:\/\/noticiasribeiraopreto.com.br\/index.php\/2025\/09\/19\/prefeitura-no-interior-de-sp-abre-concurso-publico-com-salarios-de-ate-r-47-mil\/","url_meta":{"origin":20785,"position":4},"title":"Prefeitura no interior de SP abre concurso p\u00fablico com sal\u00e1rios de at\u00e9 R$ 4,7 mil","author":"noticiasribeiraopreto.com.br","date":"19 de September de 2025","format":false,"excerpt":"\u00a0A Prefeitura de Cajuru, no interior de S\u00e3o Paulo, publicou um novo edital de concurso p\u00fablico que pretende contratar profissionais de ensino fundamental, m\u00e9dio e superior. As oportunidades s\u00e3o para diferentes cargos, al\u00e9m da forma\u00e7\u00e3o de cadastro reserva \u2013 veja a lista de vagas abaixo. Os sal\u00e1rios variam entre R$\u2026","rel":"","context":"In &quot;Not\u00edcias de Ribeir\u00e3o Preto-SP e Regi\u00e3o&quot;","block_context":{"text":"Not\u00edcias de Ribeir\u00e3o Preto-SP e Regi\u00e3o","link":"https:\/\/noticiasribeiraopreto.com.br\/index.php\/category\/noticias-de-ribeirao-preto-sp-e-regiao-ismael-colosi\/"},"img":{"alt_text":"","src":"https:\/\/i0.wp.com\/noticiasribeiraopreto.com.br\/wp-content\/uploads\/2025\/09\/public-examination-preparation-concept_2025-09-19_17-43-12.webp.webp?fit=1200%2C801&ssl=1&resize=350%2C200","width":350,"height":200,"srcset":"https:\/\/i0.wp.com\/noticiasribeiraopreto.com.br\/wp-content\/uploads\/2025\/09\/public-examination-preparation-concept_2025-09-19_17-43-12.webp.webp?fit=1200%2C801&ssl=1&resize=350%2C200 1x, https:\/\/i0.wp.com\/noticiasribeiraopreto.com.br\/wp-content\/uploads\/2025\/09\/public-examination-preparation-concept_2025-09-19_17-43-12.webp.webp?fit=1200%2C801&ssl=1&resize=525%2C300 1.5x, https:\/\/i0.wp.com\/noticiasribeiraopreto.com.br\/wp-content\/uploads\/2025\/09\/public-examination-preparation-concept_2025-09-19_17-43-12.webp.webp?fit=1200%2C801&ssl=1&resize=700%2C400 2x, https:\/\/i0.wp.com\/noticiasribeiraopreto.com.br\/wp-content\/uploads\/2025\/09\/public-examination-preparation-concept_2025-09-19_17-43-12.webp.webp?fit=1200%2C801&ssl=1&resize=1050%2C600 3x"},"classes":[]},{"id":49791,"url":"https:\/\/noticiasribeiraopreto.com.br\/index.php\/2024\/05\/13\/prefeitura-no-interior-de-sp-abre-concurso-publico-com-salarios-de-r-8-mil\/","url_meta":{"origin":20785,"position":5},"title":"Prefeitura no interior de SP abre concurso p\u00fablico com sal\u00e1rios de R$ 8 mil","author":"noticiasribeiraopreto.com.br","date":"13 de May de 2024","format":false,"excerpt":"A Prefeitura de Jaboticabal, no interior de S\u00e3o Paulo, abriu as inscri\u00e7\u00f5es de concurso p\u00fablico para o cadastro de reserva em 20 cargos. As vagas s\u00e3o de n\u00edvel fundamental, m\u00e9dio, t\u00e9cnico e superior e os sal\u00e1rios variam entre R$ 1,8 mil e R$ 8,8 mil. As inscri\u00e7\u00f5es devem ser realizadas\u2026","rel":"","context":"In &quot;Not\u00edcias de Ribeir\u00e3o Preto-SP e Regi\u00e3o&quot;","block_context":{"text":"Not\u00edcias de Ribeir\u00e3o Preto-SP e Regi\u00e3o","link":"https:\/\/noticiasribeiraopreto.com.br\/index.php\/category\/noticias-de-ribeirao-preto-sp-e-regiao-ismael-colosi\/"},"img":{"alt_text":"","src":"https:\/\/i0.wp.com\/noticiasribeiraopreto.com.br\/wp-content\/uploads\/2024\/05\/AnyConv.com__concurso-publico-5.webp.webp?fit=1200%2C800&ssl=1&resize=350%2C200","width":350,"height":200,"srcset":"https:\/\/i0.wp.com\/noticiasribeiraopreto.com.br\/wp-content\/uploads\/2024\/05\/AnyConv.com__concurso-publico-5.webp.webp?fit=1200%2C800&ssl=1&resize=350%2C200 1x, https:\/\/i0.wp.com\/noticiasribeiraopreto.com.br\/wp-content\/uploads\/2024\/05\/AnyConv.com__concurso-publico-5.webp.webp?fit=1200%2C800&ssl=1&resize=525%2C300 1.5x, https:\/\/i0.wp.com\/noticiasribeiraopreto.com.br\/wp-content\/uploads\/2024\/05\/AnyConv.com__concurso-publico-5.webp.webp?fit=1200%2C800&ssl=1&resize=700%2C400 2x, https:\/\/i0.wp.com\/noticiasribeiraopreto.com.br\/wp-content\/uploads\/2024\/05\/AnyConv.com__concurso-publico-5.webp.webp?fit=1200%2C800&ssl=1&resize=1050%2C600 3x"},"classes":[]}],"jetpack_sharing_enabled":true,"jetpack_shortlink":"https:\/\/wp.me\/peQAOb-5pf","_links":{"self":[{"href":"https:\/\/noticiasribeiraopreto.com.br\/index.php\/wp-json\/wp\/v2\/posts\/20785","targetHints":{"allow":["GET"]}}],"collection":[{"href":"https:\/\/noticiasribeiraopreto.com.br\/index.php\/wp-json\/wp\/v2\/posts"}],"about":[{"href":"https:\/\/noticiasribeiraopreto.com.br\/index.php\/wp-json\/wp\/v2\/types\/post"}],"author":[{"embeddable":true,"href":"https:\/\/noticiasribeiraopreto.com.br\/index.php\/wp-json\/wp\/v2\/users\/1"}],"replies":[{"embeddable":true,"href":"https:\/\/noticiasribeiraopreto.com.br\/index.php\/wp-json\/wp\/v2\/comments?post=20785"}],"version-history":[{"count":0,"href":"https:\/\/noticiasribeiraopreto.com.br\/index.php\/wp-json\/wp\/v2\/posts\/20785\/revisions"}],"wp:featuredmedia":[{"embeddable":true,"href":"https:\/\/noticiasribeiraopreto.com.br\/index.php\/wp-json\/wp\/v2\/media\/20786"}],"wp:attachment":[{"href":"https:\/\/noticiasribeiraopreto.com.br\/index.php\/wp-json\/wp\/v2\/media?parent=20785"}],"wp:term":[{"taxonomy":"category","embeddable":true,"href":"https:\/\/noticiasribeiraopreto.com.br\/index.php\/wp-json\/wp\/v2\/categories?post=20785"},{"taxonomy":"post_tag","embeddable":true,"href":"https:\/\/noticiasribeiraopreto.com.br\/index.php\/wp-json\/wp\/v2\/tags?post=20785"}],"curies":[{"name":"wp","href":"https:\/\/api.w.org\/{rel}","templated":true}]}}