{"id":20792,"date":"2023-12-26T14:27:18","date_gmt":"2023-12-26T17:27:18","guid":{"rendered":"https:\/\/noticiasribeiraopreto.com.br\/index.php\/2023\/12\/26\/governador-sanciona-criacao-de-600-vagas-de-analistas-juridicos\/"},"modified":"2023-12-26T14:27:18","modified_gmt":"2023-12-26T17:27:18","slug":"governador-sanciona-criacao-de-600-vagas-de-analistas-juridicos","status":"publish","type":"post","link":"https:\/\/noticiasribeiraopreto.com.br\/index.php\/2023\/12\/26\/governador-sanciona-criacao-de-600-vagas-de-analistas-juridicos\/","title":{"rendered":"governador sanciona cria\u00e7\u00e3o de 600 vagas de analistas jur\u00eddicos"},"content":{"rendered":"<div class='code-block code-block-1' style='margin: 8px 0 8px auto; text-align: right; display: block; clear: both;'>\n<p><a href=\"https:\/\/wa.link\/vpicfd\"><img data-recalc-dims=\"1\" class=\"wp-image-4922\" style=\"aspect-ratio: 2.0253164556962027; width: 561px; height: auto;\" src=\"https:\/\/i0.wp.com\/ismaelcolosi.com.br\/wp-content\/uploads\/2023\/11\/grupo-de-empregos-whatsapp-e-facebook-ismael-colosi-vagas.jpg?ssl=1\" alt=\"\" \/><\/a><\/p>\n<!-- \/wp:image -->\n<\/div>\n<p> <br \/>\n<\/p>\n<div>\n<p>Um novo <a href=\"https:\/\/jcconcursos.com.br\/concurso\/concurso-mp-sp-78634\" rel=\"noopener\" target=\"_blank\">concurso MP SP<\/a> (Minist\u00e9rio P\u00fablico do Estado de S\u00e3o Paulo) pode ser realizado, em breve, para o cargo de analista jur\u00eddico. Acontece que o governador Tarc\u00edsio de Freitas sancionou, nesta ter\u00e7a-feira, 26 de dezembro, a lei 1.394, que cria 600 vagas para o cargo de analista jur\u00eddico. <a href=\"https:\/\/jcconcursos.com.br\/noticia\/concursos\/concurso-mp-sp-urgente-procurador-geral-quer-criar-1559-vagas-para-novas-selecoes-112096\" rel=\"noopener\" target=\"_blank\">A lei diz respeito ao projeto de lei complementar 95\/2023, enviado para a Assembleia Legislativa do Estado de S\u00e3o Paulo (Alesp) em 7 de junho que, originalmente,\u00a0 visava criar\u00a0 1.461 vagas para o cargo<\/a>.<\/p>\n<p>Por enquanto ainda n\u00e3o h\u00e1 uma previs\u00e3o de quando o edital poder\u00e1 ser publicado, uma vez que a sele\u00e7\u00e3o agora depender\u00e1 de autoriza\u00e7\u00e3o por parte do procurador geral de justi\u00e7a Mario Luiz Sarrubbo.<\/p>\n<p>No concurso <a href=\"https:\/\/www.mpsp.mp.br\/\" rel=\"noopener\" target=\"_blank\">MP SP<\/a> para analista jur\u00eddico para concorrer \u00e9 necess\u00e1rio possuir apenas <a href=\"https:\/\/jcconcursos.com.br\/concursos\/nivel-escolar\/superior\" rel=\"noopener\" target=\"_blank\">forma\u00e7\u00e3o superior<\/a> em direito, com remunera\u00e7\u00e3o inicial atualmente de R$ 9.497,01, com jornada de trabalho de 40 horas semanais.<\/p>\n<h2>Concurso MP SP: veja publica\u00e7\u00e3o oficial<\/h2>\n<p>Disp\u00f5e sobre a cria\u00e7\u00e3o de cargos de Analista Jur\u00eddico do Minist\u00e9rio P\u00fablico no Quadro de<br \/>Pessoal do Minist\u00e9rio P\u00fablico do Estado de S\u00e3o Paulo<\/p>\n<p>O GOVERNADOR DO ESTADO DE S\u00c3O PAULO:<br \/>Fa\u00e7o saber que a Assembleia Legislativa decreta e eu promulgo a seguinte lei:<br \/>Artigo 1\u00ba \u2013 Ficam criados no Quadro de Pessoal do Minist\u00e9rio P\u00fablico do Estado de S\u00e3o Paulo, institu\u00eddo pelo artigo 4\u00ba da Lei Complementar Estadual n\u00ba 1.118, de 1\u00ba de junho de 2010, e suas altera\u00e7\u00f5es, 600 (seiscentos) cargos de Analista Jur\u00eddico do Minist\u00e9rio P\u00fablico, previsto no artigo 4\u00ba, inciso V, daquela lei complementar, e em seu Anexo I \u2013 Carreira V<\/p>\n<p>\u00a7 1\u00ba \u2013 Caber\u00e1 ao Procurador-Geral de Justi\u00e7a, por ato espec\u00edfico, a atribui\u00e7\u00e3o da lota\u00e7\u00e3o dos cargos previstos neste artigo.<\/p>\n<p>\u00a7 2\u00ba \u2013 Os cargos criados no \u201ccaput\u201d deste artigo s\u00e3o regidos pelas disposi\u00e7\u00f5es contidas na Lei Complementar n\u00ba 1.118, de 1\u00ba de junho de 2010.<\/p>\n<p>Artigo 2\u00ba \u2013 As despesas resultantes da aplica\u00e7\u00e3o desta lei correr\u00e3o \u00e0 conta das dota\u00e7\u00f5es or\u00e7ament\u00e1rias consignadas no or\u00e7amento vigente, suplementadas, se necess\u00e1rio, nos termos da legisla\u00e7\u00e3o em vigor.<\/p>\n<p>Artigo 3\u00ba \u2013 Esta lei complementar entra em vigor na data de sua publica\u00e7\u00e3o.<\/p>\n<p>Pal\u00e1cio dos Bandeirantes, 22 de dezembro de 2023<br \/>TARC\u00cdSIO DE FREITAS<br \/>Samuel Yoshiaki Oliveira Kinoshita<br \/>Secret\u00e1rio da Fazenda e Planejamento<br \/>Gilberto Kassab<br \/>Secret\u00e1rio de Governo e Rela\u00e7\u00f5es Institucionais<br \/>Arthur Luis Pinho de Lima<br \/>Secret\u00e1rio-Chefe da Casa Civil<br \/>Publicada na Assessoria T\u00e9cnico-Legislativa, em 22 de<br \/>dezembro de 2023.<\/p>\n<h2>Veja as atribui\u00e7\u00f5es da carreira de analista jur\u00eddico<\/h2>\n<ul>\n<li>prestar aux\u00edlio t\u00e9cnico-jur\u00eddico \u00e0s atividades processuais e extraprocessuais do Minist\u00e9rio P\u00fablico;<\/li>\n<li>elaborar minutas de pe\u00e7as processuais, pareceres e outras manifesta\u00e7\u00f5es pr\u00f3prias da fun\u00e7\u00e3o de execu\u00e7\u00e3o, al\u00e9m de an\u00e1lises, estudos, exames, pesquisas, relat\u00f3rios e trabalhos de natureza jur\u00eddica atinentes a feitos judiciais ou a procedimentos administrativos de al\u00e7ada do Minist\u00e9rio P\u00fablico;<\/li>\n<li>acompanhar o andamento de processos judiciais, inqu\u00e9ritos policiais ou civis ou<br \/>procedimentos administrativos sob a presid\u00eancia do Minist\u00e9rio P\u00fablico, prestando<br \/>informa\u00e7\u00f5es ao membro do Minist\u00e9rio P\u00fablico;<\/li>\n<li>auxiliar na realiza\u00e7\u00e3o de audi\u00eancias, reuni\u00f5es e sess\u00f5es, referentes \u00e0 execu\u00e7\u00e3o de atividades processuais ou extraprocessuais do membro do Minist\u00e9rio P\u00fablico;<br \/>realizar dilig\u00eancias determinadas pelo membro do Minist\u00e9rio P\u00fablico;<br \/>assegurar a exatid\u00e3o e o fluxo normal de of\u00edcios, certid\u00f5es, laudos, documentos, atestados, informa\u00e7\u00f5es, circulares, processos judiciais e outros textos oficiais pertinentes aos membros do Minist\u00e9rio P\u00fablico;<\/li>\n<li>preparar a entrada e sa\u00edda de dados ou inserir dados em sistemas aplicados de recep\u00e7\u00e3o, controle e andamento de procedimentos administrativos e processos judiciais;<\/li>\n<li>elaborar of\u00edcios, pareceres, planilhas, tabelas e gr\u00e1ficos, utilizando-se de diversos \u201csoftwares\u201d; acompanhar publica\u00e7\u00f5es de interesse de sua \u00e1rea no Di\u00e1rio Oficial;<br \/>receber e restituir, sob supervis\u00e3o, procedimentos e processos administrativos e judiciais;<\/li>\n<li>manter registro e controle das atividades desenvolvidas, apresentando os consequentes relat\u00f3rios;<\/li>\n<li>cumprir, no que couber, as disposi\u00e7\u00f5es aplic\u00e1veis aos Oficiais de Promotoria I e demais servidores, em especial as estabelecidas nos Atos Normativos que regulamentam as respectivas fun\u00e7\u00f5es;<\/li>\n<li>realizar, mediante determina\u00e7\u00e3o superior, contatos com pessoas e organismos p\u00fablicos ou privados para atender \u00e0s necessidades de trabalho; executar demais tarefas correlatas a seu cargo que lhe forem atribu\u00eddas pelo \u00f3rg\u00e3o do Minist\u00e9rio P\u00fablico.<\/li>\n<\/ul>\n<h2>Saiba como foi a \u00faltima sele\u00e7\u00e3o para analista jur\u00eddico<\/h2>\n<p>O \u00faltimo <strong>concurso MP SP<\/strong> para a carreira de analista jur\u00eddico ocorreu em 2018, quando foram oferecidas 60 vagas. A banca organizadora, na ocasi\u00e3o, foi a Funda\u00e7\u00e3o Vunesp.<\/p>\n<p>A sele\u00e7\u00e3o contou com duas etapas:<\/p>\n<ul>\n<li>provas objetivas<\/li>\n<li>prova escrita e discursiva<\/li>\n<\/ul>\n<p>A parte objetiva contou com 100 quest\u00f5es, da seguinte forma:<\/p>\n<ul>\n<li>conhecimentos gerais \u2013 12 quest\u00f5es<\/li>\n<li>conhecimentos espec\u00edficos \u2013 88 vagas<\/li>\n<\/ul>\n<p>A parte de conhecimentos gerais foi distribu\u00edda da seguinte forma:<\/p>\n<ul>\n<li>l\u00edngua portuguesa \u2013 8 quest\u00f5es<\/li>\n<li>atualidades \u2013 4 quest\u00f5es<\/li>\n<\/ul>\n<p>Em conhecimentos espec\u00edficos:<\/p>\n<ul>\n<li>direito constitucional e Minist\u00e9rio P\u00fablico \u2013 10 quest\u00f5es<\/li>\n<li>direito administrativo \u2013 8 quest\u00f5es<\/li>\n<li>direito penal \u2013 12 quest\u00f5es<\/li>\n<li>direito processual penal \u2013 12 quest\u00f5es<\/li>\n<li>direito civil \u2013 8 quest\u00f5es<\/li>\n<li>direito processual civil \u2013 8 quest\u00f5es<\/li>\n<li>direito da inf\u00e2ncia e da juventude \u2013 6 quest\u00f5es<\/li>\n<li>tutela dos interesses difusos e coletivos \u2013 12 quest\u00f5es<\/li>\n<li>direito comercial e empresarial \u2013 4 quest\u00f5es<\/li>\n<li>direitos humanos \u2013 4 quest\u00f5es<\/li>\n<li>direito eleitoral \u2013 4 quest\u00f5es<\/li>\n<\/ul>\n<p><a id=\"gnews_btn\" href=\"https:\/\/news.google.com\/publications\/CAAqBwgKMOixlQswuZWrAw\" target=\"_blank\" class=\"border_jc_blue link_hover_bg_jc_blue font_85 d-block d-md-inline-block px-2 py-1 mr-0 mr-md-2 mb-3 w-100 text-center\" rel=\"noopener\"><span class=\"text_jc_blue\">Siga o <strong>JC Concursos no Google News<\/strong><\/span><\/a><span id=\"resumo\" class=\"anchor_link\"\/><a href=\"https:\/\/jcconcursos.com.br\/\" class=\"badge badge-light\">concursos<\/a><a href=\"https:\/\/jcconcursos.com.br\/concursos\/previstos\" class=\"badge badge-light\">concursos 2023<\/a><a href=\"https:\/\/jcconcursos.com.br\/concursos\/sp\" class=\"badge badge-light\">concursos sp (s\u00e3o paulo)<\/a><a href=\"https:\/\/jcconcursos.com.br\/provas\/por-orgao\" class=\"badge badge-light\">provas anteriores<\/a><\/p>\n<\/div>\n<p><br \/>\n<br \/><a href=\"https:\/\/ismaelcolosi.com.br\/governador-sanciona-criacao-de-600-vagas-de-analistas-juridicos\/\">Source link <\/a><\/p>\n<!-- CONTENT END 1 -->\n","protected":false},"excerpt":{"rendered":"<p>Um novo concurso MP SP (Minist\u00e9rio P\u00fablico do Estado de S\u00e3o Paulo) pode ser realizado, em breve, para o cargo de analista jur\u00eddico. Acontece que&#8230;<\/p>\n","protected":false},"author":1,"featured_media":20793,"comment_status":"open","ping_status":"open","sticky":false,"template":"","format":"standard","meta":{"advanced_seo_description":"","jetpack_seo_html_title":"","jetpack_seo_noindex":false,"jetpack_post_was_ever_published":false,"_jetpack_newsletter_access":"","_jetpack_dont_email_post_to_subs":false,"_jetpack_newsletter_tier_id":0,"_jetpack_memberships_contains_paywalled_content":false,"_jetpack_memberships_contains_paid_content":false,"footnotes":"","jetpack_publicize_message":"","jetpack_publicize_feature_enabled":true,"jetpack_social_post_already_shared":true,"jetpack_social_options":{"image_generator_settings":{"template":"highway","default_image_id":0,"font":"","enabled":false},"version":2}},"categories":[7],"tags":[],"class_list":["post-20792","post","type-post","status-publish","format-standard","has-post-thumbnail","hentry","category-vagas-de-empregos-em-ribeirao-preto-regiao-brasil"],"jetpack_publicize_connections":[],"jetpack_featured_media_url":"https:\/\/i0.wp.com\/noticiasribeiraopreto.com.br\/wp-content\/uploads\/2023\/12\/concurso-mp-sp-4.jpg?fit=1920%2C1080&ssl=1","jetpack-related-posts":[{"id":15100,"url":"https:\/\/noticiasribeiraopreto.com.br\/index.php\/2023\/12\/13\/aprovadas-quase-1-200-vagas-para-concurso-publico-do-mp-sp-e-da-dpe-sp-2\/","url_meta":{"origin":20792,"position":0},"title":"Aprovadas quase 1.200 vagas para concurso p\u00fablico do MP SP e da DPE SP","author":"noticiasribeiraopreto.com.br","date":"13 de December de 2023","format":false,"excerpt":"Em uma sess\u00e3o extraordin\u00e1ria realizada nesta ter\u00e7a-feira (12), a Assembleia Legislativa do Estado de S\u00e3o Paulo (Alesp) aprovou tr\u00eas propostas que impactar\u00e3o positivamente a atua\u00e7\u00e3o da Defensoria P\u00fablica e do Minist\u00e9rio P\u00fablico no estado. A medida tamb\u00e9m vai agradar aqueles que se preparam para concurso p\u00fablico desses \u00f3rg\u00e3os. Isso porque\u2026","rel":"","context":"In &quot;Vagas de Emprego em Ribeir\u00e3o Preto-SP&quot;","block_context":{"text":"Vagas de Emprego em Ribeir\u00e3o Preto-SP","link":"https:\/\/noticiasribeiraopreto.com.br\/index.php\/category\/empregos-classificados-vagas-trabalho\/vagas-de-empregos-em-ribeirao-preto-regiao-brasil\/"},"img":{"alt_text":"","src":"https:\/\/i0.wp.com\/noticiasribeiraopreto.com.br\/wp-content\/uploads\/2023\/12\/concursos-soa-paulo-sp.jpg?fit=1200%2C675&ssl=1&resize=350%2C200","width":350,"height":200,"srcset":"https:\/\/i0.wp.com\/noticiasribeiraopreto.com.br\/wp-content\/uploads\/2023\/12\/concursos-soa-paulo-sp.jpg?fit=1200%2C675&ssl=1&resize=350%2C200 1x, https:\/\/i0.wp.com\/noticiasribeiraopreto.com.br\/wp-content\/uploads\/2023\/12\/concursos-soa-paulo-sp.jpg?fit=1200%2C675&ssl=1&resize=525%2C300 1.5x, https:\/\/i0.wp.com\/noticiasribeiraopreto.com.br\/wp-content\/uploads\/2023\/12\/concursos-soa-paulo-sp.jpg?fit=1200%2C675&ssl=1&resize=700%2C400 2x, https:\/\/i0.wp.com\/noticiasribeiraopreto.com.br\/wp-content\/uploads\/2023\/12\/concursos-soa-paulo-sp.jpg?fit=1200%2C675&ssl=1&resize=1050%2C600 3x"},"classes":[]},{"id":72832,"url":"https:\/\/noticiasribeiraopreto.com.br\/index.php\/2025\/06\/21\/jornal-da-franca-ministerio-publico-de-sao-paulo-publica-edital-do-concurso-para-analista-juridico\/","url_meta":{"origin":20792,"position":1},"title":"Jornal da Franca &#8211; Minist\u00e9rio P\u00fablico de S\u00e3o Paulo publica edital do concurso para analista jur\u00eddico","author":"noticiasribeiraopreto.com.br","date":"21 de June de 2025","format":false,"excerpt":"compartilhar no whatsapp compartilhar no telegram compartilhar no facebook compartilhar no linkedin Com inscri\u00e7\u00f5es a partir deste este m\u00eas, concurso do MP SP tem edital publicado para analista, com ganhos iniciais de R$10 mil. Foi publicado no Di\u00e1rio Oficial do Estado de quarta-feira, 18 de junho, o edital do concurso\u2026","rel":"","context":"In &quot;Not\u00edcias de Franca-SP&quot;","block_context":{"text":"Not\u00edcias de Franca-SP","link":"https:\/\/noticiasribeiraopreto.com.br\/index.php\/category\/noticias-de-ribeirao-preto-sp-e-regiao-ismael-colosi\/noticias-franca-sp\/"},"img":{"alt_text":"","src":"https:\/\/i0.wp.com\/noticiasribeiraopreto.com.br\/wp-content\/uploads\/2025\/06\/concurso-ministerio-publico-1.png?fit=600%2C300&ssl=1&resize=350%2C200","width":350,"height":200,"srcset":"https:\/\/i0.wp.com\/noticiasribeiraopreto.com.br\/wp-content\/uploads\/2025\/06\/concurso-ministerio-publico-1.png?fit=600%2C300&ssl=1&resize=350%2C200 1x, https:\/\/i0.wp.com\/noticiasribeiraopreto.com.br\/wp-content\/uploads\/2025\/06\/concurso-ministerio-publico-1.png?fit=600%2C300&ssl=1&resize=525%2C300 1.5x"},"classes":[]},{"id":16054,"url":"https:\/\/noticiasribeiraopreto.com.br\/index.php\/2023\/12\/14\/concurso-da-camara-de-mococa-sp-inscreve-para-niveis-medio-e-superior-2\/","url_meta":{"origin":20792,"position":2},"title":"Concurso da C\u00e2mara de Mococa (SP) inscreve para n\u00edveis m\u00e9dio e superior","author":"noticiasribeiraopreto.com.br","date":"14 de December de 2023","format":false,"excerpt":"Um novo concurso da C\u00e2mara de Mococa, no interior de S\u00e3o Paulo, est\u00e1 com inscri\u00e7\u00f5es abertas para preencher 5 vagas em cargos de n\u00edveis m\u00e9dio e superior, al\u00e9m de formar cadastro reserva (CR).\u00a0 + \ud83d\udcc4 Confira o edital completo H\u00e1 op\u00e7\u00f5es para t\u00e9cnico legislativo (4 postos + CR), auxiliar de\u2026","rel":"","context":"In &quot;Vagas de Emprego em Ribeir\u00e3o Preto-SP&quot;","block_context":{"text":"Vagas de Emprego em Ribeir\u00e3o Preto-SP","link":"https:\/\/noticiasribeiraopreto.com.br\/index.php\/category\/empregos-classificados-vagas-trabalho\/vagas-de-empregos-em-ribeirao-preto-regiao-brasil\/"},"img":{"alt_text":"","src":"https:\/\/i0.wp.com\/noticiasribeiraopreto.com.br\/wp-content\/uploads\/2023\/12\/concurso-camara-mococa-foto-divulgacao.jpg?fit=1200%2C675&ssl=1&resize=350%2C200","width":350,"height":200,"srcset":"https:\/\/i0.wp.com\/noticiasribeiraopreto.com.br\/wp-content\/uploads\/2023\/12\/concurso-camara-mococa-foto-divulgacao.jpg?fit=1200%2C675&ssl=1&resize=350%2C200 1x, https:\/\/i0.wp.com\/noticiasribeiraopreto.com.br\/wp-content\/uploads\/2023\/12\/concurso-camara-mococa-foto-divulgacao.jpg?fit=1200%2C675&ssl=1&resize=525%2C300 1.5x, https:\/\/i0.wp.com\/noticiasribeiraopreto.com.br\/wp-content\/uploads\/2023\/12\/concurso-camara-mococa-foto-divulgacao.jpg?fit=1200%2C675&ssl=1&resize=700%2C400 2x, https:\/\/i0.wp.com\/noticiasribeiraopreto.com.br\/wp-content\/uploads\/2023\/12\/concurso-camara-mococa-foto-divulgacao.jpg?fit=1200%2C675&ssl=1&resize=1050%2C600 3x"},"classes":[]},{"id":15050,"url":"https:\/\/noticiasribeiraopreto.com.br\/index.php\/2023\/12\/13\/otima-noticia-para-quem-passar-em-concurso-publico-em-sao-paulo-salario-acrescido-em-60\/","url_meta":{"origin":20792,"position":3},"title":"\u00d3tima not\u00edcia para quem passar em concurso p\u00fablico em S\u00e3o Paulo: sal\u00e1rio acrescido em 60%","author":"noticiasribeiraopreto.com.br","date":"13 de December de 2023","format":false,"excerpt":"Nesta ter\u00e7a-feira (12), a Assembleia Legislativa de S\u00e3o Paulo (Alesp) aprovou o projeto de lei complementar 138\/2023, que visa a reestrutura\u00e7\u00e3o de cargos da Administra\u00e7\u00e3o P\u00fablica estadual. A medida traz benef\u00edcio para quem j\u00e1 passou ou vai prestar concurso p\u00fablico promovido por \u00f3rg\u00e3os do Governo de SP, pois permite uma\u2026","rel":"","context":"In &quot;Vagas de Emprego em Ribeir\u00e3o Preto-SP&quot;","block_context":{"text":"Vagas de Emprego em Ribeir\u00e3o Preto-SP","link":"https:\/\/noticiasribeiraopreto.com.br\/index.php\/category\/empregos-classificados-vagas-trabalho\/vagas-de-empregos-em-ribeirao-preto-regiao-brasil\/"},"img":{"alt_text":"","src":"https:\/\/i0.wp.com\/noticiasribeiraopreto.com.br\/wp-content\/uploads\/2023\/12\/concursos-publicos-sao-paulo-1-.jpg?fit=1200%2C675&ssl=1&resize=350%2C200","width":350,"height":200,"srcset":"https:\/\/i0.wp.com\/noticiasribeiraopreto.com.br\/wp-content\/uploads\/2023\/12\/concursos-publicos-sao-paulo-1-.jpg?fit=1200%2C675&ssl=1&resize=350%2C200 1x, https:\/\/i0.wp.com\/noticiasribeiraopreto.com.br\/wp-content\/uploads\/2023\/12\/concursos-publicos-sao-paulo-1-.jpg?fit=1200%2C675&ssl=1&resize=525%2C300 1.5x, https:\/\/i0.wp.com\/noticiasribeiraopreto.com.br\/wp-content\/uploads\/2023\/12\/concursos-publicos-sao-paulo-1-.jpg?fit=1200%2C675&ssl=1&resize=700%2C400 2x, https:\/\/i0.wp.com\/noticiasribeiraopreto.com.br\/wp-content\/uploads\/2023\/12\/concursos-publicos-sao-paulo-1-.jpg?fit=1200%2C675&ssl=1&resize=1050%2C600 3x"},"classes":[]},{"id":73815,"url":"https:\/\/noticiasribeiraopreto.com.br\/index.php\/2025\/07\/10\/concursos-publicos-com-salarios-de-r-9-mil-tem-959-vagas-para-cadastro-de-reserva\/","url_meta":{"origin":20792,"position":4},"title":"Concursos p\u00fablicos com sal\u00e1rios de R$ 9 mil t\u00eam 959 vagas para cadastro de reserva","author":"noticiasribeiraopreto.com.br","date":"10 de July de 2025","format":false,"excerpt":"O CRP-SP (Conselho Regional de Psicologia de S\u00e3o Paulo) e o CRO-SP (Conselho Regional de Odontologia de S\u00e3o Paulo) publicaram editais de concurso p\u00fablico com 6 e 12 vagas para contrata\u00e7\u00e3o direta e 959 oportunidades para cadastro de reserva. Os sal\u00e1rios variam entre R$ 3,5 mil e R$ 9,4 mil\u2026","rel":"","context":"In &quot;Not\u00edcias de Ribeir\u00e3o Preto-SP e Regi\u00e3o&quot;","block_context":{"text":"Not\u00edcias de Ribeir\u00e3o Preto-SP e Regi\u00e3o","link":"https:\/\/noticiasribeiraopreto.com.br\/index.php\/category\/noticias-de-ribeirao-preto-sp-e-regiao-ismael-colosi\/"},"img":{"alt_text":"","src":"https:\/\/i0.wp.com\/noticiasribeiraopreto.com.br\/wp-content\/uploads\/2025\/07\/concurso-publico-ribeirao-preto_2024-08-13_10-44-40_jpg_2024-08-13_10-44-40.webp.webp?fit=1200%2C800&ssl=1&resize=350%2C200","width":350,"height":200,"srcset":"https:\/\/i0.wp.com\/noticiasribeiraopreto.com.br\/wp-content\/uploads\/2025\/07\/concurso-publico-ribeirao-preto_2024-08-13_10-44-40_jpg_2024-08-13_10-44-40.webp.webp?fit=1200%2C800&ssl=1&resize=350%2C200 1x, https:\/\/i0.wp.com\/noticiasribeiraopreto.com.br\/wp-content\/uploads\/2025\/07\/concurso-publico-ribeirao-preto_2024-08-13_10-44-40_jpg_2024-08-13_10-44-40.webp.webp?fit=1200%2C800&ssl=1&resize=525%2C300 1.5x, https:\/\/i0.wp.com\/noticiasribeiraopreto.com.br\/wp-content\/uploads\/2025\/07\/concurso-publico-ribeirao-preto_2024-08-13_10-44-40_jpg_2024-08-13_10-44-40.webp.webp?fit=1200%2C800&ssl=1&resize=700%2C400 2x, https:\/\/i0.wp.com\/noticiasribeiraopreto.com.br\/wp-content\/uploads\/2025\/07\/concurso-publico-ribeirao-preto_2024-08-13_10-44-40_jpg_2024-08-13_10-44-40.webp.webp?fit=1200%2C800&ssl=1&resize=1050%2C600 3x"},"classes":[]},{"id":64602,"url":"https:\/\/noticiasribeiraopreto.com.br\/index.php\/2025\/03\/10\/inscricoes-para-concurso-publico-com-vaga-em-ribeirao-preto-comecam-nesta-semana\/","url_meta":{"origin":20792,"position":5},"title":"Inscri\u00e7\u00f5es para concurso p\u00fablico com vaga em Ribeir\u00e3o Preto come\u00e7am nesta semana","author":"noticiasribeiraopreto.com.br","date":"10 de March de 2025","format":false,"excerpt":"As inscri\u00e7\u00f5es para o concurso p\u00fablico da Ares-PCJ (ag\u00eancia reguladora respons\u00e1vel por regular o abastecimento de \u00e1gua em Ribeir\u00e3o Preto) come\u00e7am nesta ter\u00e7a-feira (11). S\u00e3o 10 vagas dispon\u00edveis e os sal\u00e1rios variam entre R$ 1.802,13 e R$ 13.056,00. As oportunidades s\u00e3o para tr\u00eas cidades do interior de S\u00e3o Paulo: Ribeir\u00e3o\u2026","rel":"","context":"In &quot;Not\u00edcias de Ribeir\u00e3o Preto-SP e Regi\u00e3o&quot;","block_context":{"text":"Not\u00edcias de Ribeir\u00e3o Preto-SP e Regi\u00e3o","link":"https:\/\/noticiasribeiraopreto.com.br\/index.php\/category\/noticias-de-ribeirao-preto-sp-e-regiao-ismael-colosi\/"},"img":{"alt_text":"","src":"https:\/\/i0.wp.com\/noticiasribeiraopreto.com.br\/wp-content\/uploads\/2025\/01\/concurso_2025-01-07_18-14-44_jpg_2025-01-07_18-14-45.webp.webp?fit=1200%2C800&ssl=1&resize=350%2C200","width":350,"height":200,"srcset":"https:\/\/i0.wp.com\/noticiasribeiraopreto.com.br\/wp-content\/uploads\/2025\/01\/concurso_2025-01-07_18-14-44_jpg_2025-01-07_18-14-45.webp.webp?fit=1200%2C800&ssl=1&resize=350%2C200 1x, https:\/\/i0.wp.com\/noticiasribeiraopreto.com.br\/wp-content\/uploads\/2025\/01\/concurso_2025-01-07_18-14-44_jpg_2025-01-07_18-14-45.webp.webp?fit=1200%2C800&ssl=1&resize=525%2C300 1.5x, https:\/\/i0.wp.com\/noticiasribeiraopreto.com.br\/wp-content\/uploads\/2025\/01\/concurso_2025-01-07_18-14-44_jpg_2025-01-07_18-14-45.webp.webp?fit=1200%2C800&ssl=1&resize=700%2C400 2x, https:\/\/i0.wp.com\/noticiasribeiraopreto.com.br\/wp-content\/uploads\/2025\/01\/concurso_2025-01-07_18-14-44_jpg_2025-01-07_18-14-45.webp.webp?fit=1200%2C800&ssl=1&resize=1050%2C600 3x"},"classes":[]}],"jetpack_sharing_enabled":true,"jetpack_shortlink":"https:\/\/wp.me\/peQAOb-5pm","_links":{"self":[{"href":"https:\/\/noticiasribeiraopreto.com.br\/index.php\/wp-json\/wp\/v2\/posts\/20792","targetHints":{"allow":["GET"]}}],"collection":[{"href":"https:\/\/noticiasribeiraopreto.com.br\/index.php\/wp-json\/wp\/v2\/posts"}],"about":[{"href":"https:\/\/noticiasribeiraopreto.com.br\/index.php\/wp-json\/wp\/v2\/types\/post"}],"author":[{"embeddable":true,"href":"https:\/\/noticiasribeiraopreto.com.br\/index.php\/wp-json\/wp\/v2\/users\/1"}],"replies":[{"embeddable":true,"href":"https:\/\/noticiasribeiraopreto.com.br\/index.php\/wp-json\/wp\/v2\/comments?post=20792"}],"version-history":[{"count":0,"href":"https:\/\/noticiasribeiraopreto.com.br\/index.php\/wp-json\/wp\/v2\/posts\/20792\/revisions"}],"wp:featuredmedia":[{"embeddable":true,"href":"https:\/\/noticiasribeiraopreto.com.br\/index.php\/wp-json\/wp\/v2\/media\/20793"}],"wp:attachment":[{"href":"https:\/\/noticiasribeiraopreto.com.br\/index.php\/wp-json\/wp\/v2\/media?parent=20792"}],"wp:term":[{"taxonomy":"category","embeddable":true,"href":"https:\/\/noticiasribeiraopreto.com.br\/index.php\/wp-json\/wp\/v2\/categories?post=20792"},{"taxonomy":"post_tag","embeddable":true,"href":"https:\/\/noticiasribeiraopreto.com.br\/index.php\/wp-json\/wp\/v2\/tags?post=20792"}],"curies":[{"name":"wp","href":"https:\/\/api.w.org\/{rel}","templated":true}]}}