{"id":20812,"date":"2023-12-26T15:19:43","date_gmt":"2023-12-26T18:19:43","guid":{"rendered":"https:\/\/noticiasribeiraopreto.com.br\/index.php\/2023\/12\/26\/ai-tem-por-que-israel-decidiu-doar-us-32-bilhoes-para-a-intel-no-meio-da-guerra-contra-o-hamas\/"},"modified":"2023-12-26T15:19:43","modified_gmt":"2023-12-26T18:19:43","slug":"ai-tem-por-que-israel-decidiu-doar-us-32-bilhoes-para-a-intel-no-meio-da-guerra-contra-o-hamas","status":"publish","type":"post","link":"https:\/\/noticiasribeiraopreto.com.br\/index.php\/2023\/12\/26\/ai-tem-por-que-israel-decidiu-doar-us-32-bilhoes-para-a-intel-no-meio-da-guerra-contra-o-hamas\/","title":{"rendered":"A\u00ed tem? Por que Israel decidiu doar US$ 3,2 bilh\u00f5es para a Intel no meio da guerra contra o Hamas"},"content":{"rendered":"<div class='code-block code-block-1' style='margin: 8px 0 8px auto; text-align: right; display: block; clear: both;'>\n<p><a href=\"https:\/\/wa.link\/vpicfd\"><img data-recalc-dims=\"1\" class=\"wp-image-4922\" style=\"aspect-ratio: 2.0253164556962027; width: 561px; height: auto;\" src=\"https:\/\/i0.wp.com\/ismaelcolosi.com.br\/wp-content\/uploads\/2023\/11\/grupo-de-empregos-whatsapp-e-facebook-ismael-colosi-vagas.jpg?ssl=1\" alt=\"\" \/><\/a><\/p>\n<!-- \/wp:image -->\n<\/div>\n<p> <br \/>\n<\/p>\n<div id=\"js-first-letter\">\n<p>\u00c9 dif\u00edcil imaginar que <a href=\"https:\/\/www.seudinheiro.com\/2023\/internacional\/um-mes-do-ataque-a-israel-o-que-voce-precisa-saber-sobre-a-contraofensiva-que-quer-sufocar-o-hamas-ccgg\/\" target=\"_blank\" rel=\"noreferrer noopener\">um pa\u00eds no meio de uma guerra<\/a> faria uma doa\u00e7\u00e3o bilion\u00e1ria, mas foi exatamente o que <strong>Israel <\/strong>fez nesta ter\u00e7a-feira (26). O governo de <strong>Benjamin Netanyahu<\/strong> deu US$ 3,2 bilh\u00f5es para a norte-americana <strong>Intel<\/strong>.\u00a0<\/p>\n<p>A fabricante de chips deve usar o montante bilion\u00e1rio em uma nova planta or\u00e7ada em US$ 25 bilh\u00f5es que deve ser constru\u00edda no sul de Israel \u2014 no maior investimento j\u00e1 feito por uma empresa no pa\u00eds.\u00a0<\/p>\n<p>A f\u00e1brica Fab 38 dever\u00e1 ser inaugurada em 2028 e entrar em opera\u00e7\u00e3o total em 2035.<\/p>\n<p>As a\u00e7\u00f5es da Intel sobem em Nova York desde antes da abertura dos neg\u00f3cios. Por volta de 14h05, os pap\u00e9is INTC tinham alta de 4,66%, a US$ 50,23.\u00a0<a href=\"https:\/\/www.seudinheiro.com\/2023\/bolsa-dolar\/bolsas-hoje-dolar-ibovespa-261223-ccgg-lvit-rsgp-miql\/\" target=\"_blank\" rel=\"noreferrer noopener\">Acompanhe nossa cobertura ao vivo dos mercados<\/a>. <\/p>\n<h2 class=\"wp-block-heading\" id=\"h-o-investimento-da-intel-em-israel\"><strong>O investimento da Intel em Israel<\/strong><\/h2>\n<p>O plano de expans\u00e3o da Intel envolve a unidade de Kiryat Gat, que fica a 42 quil\u00f4metros de Gaza, <a href=\"https:\/\/www.seudinheiro.com\/2023\/internacional\/sem-tregua-no-conflito-israel-hamas-onu-diz-que-nao-ha-lugar-seguro-em-gaza-ccgg\/\" target=\"_blank\" rel=\"noreferrer noopener\">regi\u00e3o controlada pelo Hamas.<\/a><\/p>\n<p>Segundo a fabricante de chips, essa planta \u201c\u00e9 uma parte importante dos esfor\u00e7os da Intel para promover uma cadeia de abastecimento global mais resiliente, juntamente com os investimentos cont\u00ednuos e planeados da empresa na produ\u00e7\u00e3o na Europa e nos EUA\u201d.<\/p>\n<p>Sob o comando do CEO Pat Gelsinger, a Intel investiu bilh\u00f5es na constru\u00e7\u00e3o de f\u00e1bricas em tr\u00eas continentes para restaurar seu dom\u00ednio na fabrica\u00e7\u00e3o de chips e competir com as rivais AMD, Nvidia e Samsung.<\/p>\n<p>A nova f\u00e1brica israelense \u00e9 o mais recente investimento da fabricante de chips norte-americana nos \u00faltimos anos.<\/p>\n<h3 class=\"wp-block-heading\" id=\"h-a-dinheirista-vendi-meu-vale-alimentacao-e-agora-estou-sendo-ameacada\"><a href=\"https:\/\/www.youtube.com\/watch?v=plZodys_sF0&amp;feature=youtu.be\" target=\"_blank\" rel=\"noreferrer noopener\">A DINHEIRISTA &#8211;<\/a> VENDI MEU VALE-ALIMENTA\u00c7\u00c3O E AGORA ESTOU SENDO AMEA\u00c7ADA!<\/h3>\n<figure class=\"wp-block-embed is-type-video is-provider-youtube wp-block-embed-youtube wp-embed-aspect-16-9 wp-has-aspect-ratio\">\n<p>\n<iframe loading=\"lazy\" title=\"VENDI MEU VALE-ALIMENTA\u00c7\u00c3O E AGORA ESTOU SENDO AMEA\u00c7ADA! I A DINHEIRISTA\" width=\"500\" height=\"281\" src=\"https:\/\/www.youtube.com\/embed\/plZodys_sF0?feature=oembed\" frameborder=\"0\" allow=\"accelerometer; autoplay; clipboard-write; encrypted-media; gyroscope; picture-in-picture; web-share\" referrerpolicy=\"strict-origin-when-cross-origin\" allowfullscreen><\/iframe>\n<\/p>\n<\/figure>\n<p>Os minist\u00e9rios das Finan\u00e7as e da Economia de Israel disseram que o investimento da Intel, especialmente neste per\u00edodo e \u00e0 luz da competi\u00e7\u00e3o global para atrair investimentos significativos na \u00e1rea de chips, \u00e9 uma express\u00e3o importante de confian\u00e7a na economia de Israel.<\/p>\n<p>\u201cEste investimento, em um momento no qual Israel trava uma guerra contra a maldade total, uma guerra em que o bem deve derrotar o mal, \u00e9 um investimento nos valores certos e justos que significam progresso para a humanidade\u201d, disse o ministro das Finan\u00e7as, Bezalel Smotrich.<\/p>\n<p>Al\u00e9m da doa\u00e7\u00e3o que equivale a 12,8% do investimento total, a fabricante de chips tamb\u00e9m se comprometeu a comprar 60 bilh\u00f5es de shekels (US$ 16,6 bilh\u00f5es) em bens e servi\u00e7os de fornecedores israelenses durante a pr\u00f3xima d\u00e9cada, enquanto a nova instala\u00e7\u00e3o dever\u00e1 criar v\u00e1rios mil empregos.<\/p>\n<h2 class=\"wp-block-heading\" id=\"h-mas-o-que-esta-realmente-por-tras-dessa-doacao\"><strong>Mas o que est\u00e1 realmente por tr\u00e1s dessa doa\u00e7\u00e3o?<\/strong><\/h2>\n<p>A troca do aporte bilion\u00e1rio por bem e servi\u00e7os de fornecedores de Israel parece um bom neg\u00f3cio para um pa\u00eds cuja economia sente reflexos da guerra com o Hamas \u2014 mas n\u00e3o \u00e9 isso que est\u00e1 por tr\u00e1s desse neg\u00f3cio.\u00a0<\/p>\n<p>A not\u00edcia da doa\u00e7\u00e3o chega em um momento no qual Israel n\u00e3o d\u00e1 sinais de que vai ceder na guerra contra o grupo palestino.\u00a0<\/p>\n<p>Por isso, o aporte \u00e9 considerado uma expressiva demonstra\u00e7\u00e3o de apoio a uma grande empresa dos EUA.\u00a0<\/p>\n<p>Al\u00e9m disso, cai como uma oferta generosa do governo de Israel <a href=\"https:\/\/www.seudinheiro.com\/2023\/internacional\/biden-na-solitaria-como-os-2-meses-de-guerra-entre-israel-e-hamas-deixou-o-presidente-dos-eua-tao-isolado-quanto-putin-rsgp-ccgg\/\" target=\"_blank\" rel=\"noreferrer noopener\">em um momento em que os EUA aumentaram a press\u00e3o<\/a> sobre Tel Aviv para que tome novas medidas para minimizar os danos aos civis em Gaza.<\/p>\n<p><em>*Com informa\u00e7\u00f5es da CNBC<\/em><\/p>\n<\/div>\n<p><br \/>\n<br \/><a href=\"https:\/\/www.seudinheiro.com\/2023\/empresas\/ai-tem-por-que-israel-decidiu-doar-us-32-bilhoes-para-a-intel-no-meio-da-guerra-contra-o-hamas-ccgg\/\">Source link <\/a><\/p>\n<!-- CONTENT END 1 -->\n","protected":false},"excerpt":{"rendered":"<p>\u00c9 dif\u00edcil imaginar que um pa\u00eds no meio de uma guerra faria uma doa\u00e7\u00e3o bilion\u00e1ria, mas foi exatamente o que Israel fez nesta ter\u00e7a-feira (26)&#8230;.<\/p>\n","protected":false},"author":1,"featured_media":20813,"comment_status":"open","ping_status":"open","sticky":false,"template":"","format":"standard","meta":{"advanced_seo_description":"","jetpack_seo_html_title":"","jetpack_seo_noindex":false,"jetpack_post_was_ever_published":false,"_jetpack_newsletter_access":"","_jetpack_dont_email_post_to_subs":false,"_jetpack_newsletter_tier_id":0,"_jetpack_memberships_contains_paywalled_content":false,"_jetpack_memberships_contains_paid_content":false,"footnotes":"","jetpack_publicize_message":"","jetpack_publicize_feature_enabled":true,"jetpack_social_post_already_shared":true,"jetpack_social_options":{"image_generator_settings":{"template":"highway","default_image_id":0,"font":"","enabled":false},"version":2}},"categories":[1235],"tags":[],"class_list":["post-20812","post","type-post","status-publish","format-standard","has-post-thumbnail","hentry","category-dinheiro-e-investimento-como-fazer-como-ganhar"],"jetpack_publicize_connections":[],"jetpack_featured_media_url":"https:\/\/i0.wp.com\/noticiasribeiraopreto.com.br\/wp-content\/uploads\/2023\/12\/shutterstock_1042782061-628x353.jpg?fit=628%2C353&ssl=1","jetpack-related-posts":[{"id":35153,"url":"https:\/\/noticiasribeiraopreto.com.br\/index.php\/2024\/02\/05\/como-a-guerra-entre-israel-e-o-hamas-afetou-negativamente-as-vendas-globais-do-mcdonalds\/","url_meta":{"origin":20812,"position":0},"title":"Como a guerra entre Israel e o Hamas afetou negativamente as vendas globais do McDonald\u2019s","author":"noticiasribeiraopreto.com.br","date":"5 de February de 2024","format":false,"excerpt":"A guerra no Oriente M\u00e9dio est\u00e1 ganhando cap\u00edtulos improv\u00e1veis. N\u00e3o s\u00e3o s\u00f3 as petroleiras que sentem os impactos do conflito entre Israel e o grupo isl\u00e2mico Hamas. At\u00e9 o McDonald\u2019s teve o balan\u00e7o do quarto trimestre de 2023 afetado pelo conflito. Ap\u00f3s um ano favor\u00e1vel e lucros acima do esperado\u2026","rel":"","context":"In &quot;Dinheiro e Investimento&quot;","block_context":{"text":"Dinheiro e Investimento","link":"https:\/\/noticiasribeiraopreto.com.br\/index.php\/category\/dinheiro-e-investimento-como-fazer-como-ganhar\/"},"img":{"alt_text":"","src":"https:\/\/i0.wp.com\/noticiasribeiraopreto.com.br\/wp-content\/uploads\/2024\/02\/big-mac-cashback-mcdonalds-balanco-resultados-4t22-acoes-internacionais-CAPA-SD-628x353.jpg?fit=628%2C353&ssl=1&resize=350%2C200","width":350,"height":200,"srcset":"https:\/\/i0.wp.com\/noticiasribeiraopreto.com.br\/wp-content\/uploads\/2024\/02\/big-mac-cashback-mcdonalds-balanco-resultados-4t22-acoes-internacionais-CAPA-SD-628x353.jpg?fit=628%2C353&ssl=1&resize=350%2C200 1x, https:\/\/i0.wp.com\/noticiasribeiraopreto.com.br\/wp-content\/uploads\/2024\/02\/big-mac-cashback-mcdonalds-balanco-resultados-4t22-acoes-internacionais-CAPA-SD-628x353.jpg?fit=628%2C353&ssl=1&resize=525%2C300 1.5x"},"classes":[]},{"id":32319,"url":"https:\/\/noticiasribeiraopreto.com.br\/index.php\/2024\/01\/24\/a-escolha-de-um-bilionario-por-que-bill-ackman-decidiu-comprar-5-da-bolsa-de-valores-de-israel-durante-a-guerra\/","url_meta":{"origin":20812,"position":1},"title":"A escolha de um bilion\u00e1rio: por que Bill Ackman decidiu comprar 5% da bolsa de valores de Israel durante a guerra","author":"noticiasribeiraopreto.com.br","date":"24 de January de 2024","format":false,"excerpt":"A guerra entre o Hamas e Israel n\u00e3o afastou o interesse dos maiores investidores do mundo no mercado de a\u00e7\u00f5es do pa\u00eds. O bilion\u00e1rio de fundos de hedge Bill Ackman comprou uma participa\u00e7\u00e3o de quase 5% na Bolsa de Valores de Tel Aviv. O an\u00fancio ocorreu no momento em que\u2026","rel":"","context":"In &quot;Dinheiro e Investimento&quot;","block_context":{"text":"Dinheiro e Investimento","link":"https:\/\/noticiasribeiraopreto.com.br\/index.php\/category\/dinheiro-e-investimento-como-fazer-como-ganhar\/"},"img":{"alt_text":"","src":"https:\/\/i0.wp.com\/noticiasribeiraopreto.com.br\/wp-content\/uploads\/2024\/01\/Israel-715x402.jpg?fit=715%2C402&ssl=1&resize=350%2C200","width":350,"height":200,"srcset":"https:\/\/i0.wp.com\/noticiasribeiraopreto.com.br\/wp-content\/uploads\/2024\/01\/Israel-715x402.jpg?fit=715%2C402&ssl=1&resize=350%2C200 1x, https:\/\/i0.wp.com\/noticiasribeiraopreto.com.br\/wp-content\/uploads\/2024\/01\/Israel-715x402.jpg?fit=715%2C402&ssl=1&resize=525%2C300 1.5x, https:\/\/i0.wp.com\/noticiasribeiraopreto.com.br\/wp-content\/uploads\/2024\/01\/Israel-715x402.jpg?fit=715%2C402&ssl=1&resize=700%2C400 2x"},"classes":[]},{"id":7542,"url":"https:\/\/noticiasribeiraopreto.com.br\/index.php\/2023\/11\/28\/tregua-entre-israel-e-hamas-chega-ao-quinto-dia-e-mais-refens-devem-ser-libertados-nesta-terca\/","url_meta":{"origin":20812,"position":2},"title":"Tr\u00e9gua entre Israel e Hamas chega ao quinto dia e mais ref\u00e9ns devem ser libertados nesta ter\u00e7a","author":"noticiasribeiraopreto.com.br","date":"28 de November de 2023","format":false,"excerpt":"Entrou em vigor nesta ter\u00e7a-feira, 28, a extens\u00e3o da tr\u00e9gua entre Israel e o grupo terrorista Hamas, depois que ambos os lados concordaram em prolongar o seu cessar-fogo por mais dois dias na segunda-feira, 27. Com a medida, mais ref\u00e9ns israelenses devem ser libertados em troca de palestinos que est\u00e3o\u2026","rel":"","context":"In &quot;Not\u00edcias de Ribeir\u00e3o Preto-SP e Regi\u00e3o&quot;","block_context":{"text":"Not\u00edcias de Ribeir\u00e3o Preto-SP e Regi\u00e3o","link":"https:\/\/noticiasribeiraopreto.com.br\/index.php\/category\/noticias-de-ribeirao-preto-sp-e-regiao-ismael-colosi\/"},"img":{"alt_text":"","src":"https:\/\/i0.wp.com\/noticiasribeiraopreto.com.br\/wp-content\/uploads\/2023\/11\/familiagaza.jpg?fit=848%2C477&ssl=1&resize=350%2C200","width":350,"height":200,"srcset":"https:\/\/i0.wp.com\/noticiasribeiraopreto.com.br\/wp-content\/uploads\/2023\/11\/familiagaza.jpg?fit=848%2C477&ssl=1&resize=350%2C200 1x, https:\/\/i0.wp.com\/noticiasribeiraopreto.com.br\/wp-content\/uploads\/2023\/11\/familiagaza.jpg?fit=848%2C477&ssl=1&resize=525%2C300 1.5x, https:\/\/i0.wp.com\/noticiasribeiraopreto.com.br\/wp-content\/uploads\/2023\/11\/familiagaza.jpg?fit=848%2C477&ssl=1&resize=700%2C400 2x"},"classes":[]},{"id":35853,"url":"https:\/\/noticiasribeiraopreto.com.br\/index.php\/2024\/02\/07\/a-nova-aposta-de-bill-ackman-bilionario-revela-onde-vai-colocar-seu-dinheiro-agora-e-investidor-comum-podera-aproveitar\/","url_meta":{"origin":20812,"position":3},"title":"A nova aposta de Bill Ackman: Bilion\u00e1rio revela onde vai colocar seu dinheiro agora \u2014 e \u201cinvestidor comum\u201d poder\u00e1 aproveitar","author":"noticiasribeiraopreto.com.br","date":"7 de February de 2024","format":false,"excerpt":"Um dos maiores magnatas de fundos de investimento do mundo est\u00e1 prestes a abrir suas apostas para o mercado norte-americano para investidores comuns. Bill Ackman pretende lan\u00e7ar um novo fundo listado na bolsa de valores de Nova York (NYSE). Como fundador e CEO da Pershing Square, uma das holdings de\u2026","rel":"","context":"In &quot;Dinheiro e Investimento&quot;","block_context":{"text":"Dinheiro e Investimento","link":"https:\/\/noticiasribeiraopreto.com.br\/index.php\/category\/dinheiro-e-investimento-como-fazer-como-ganhar\/"},"img":{"alt_text":"","src":"https:\/\/i0.wp.com\/noticiasribeiraopreto.com.br\/wp-content\/uploads\/2024\/02\/Bill-Ackman-Foto-ReproducaoTwitter-715x402.jpg?fit=715%2C402&ssl=1&resize=350%2C200","width":350,"height":200,"srcset":"https:\/\/i0.wp.com\/noticiasribeiraopreto.com.br\/wp-content\/uploads\/2024\/02\/Bill-Ackman-Foto-ReproducaoTwitter-715x402.jpg?fit=715%2C402&ssl=1&resize=350%2C200 1x, https:\/\/i0.wp.com\/noticiasribeiraopreto.com.br\/wp-content\/uploads\/2024\/02\/Bill-Ackman-Foto-ReproducaoTwitter-715x402.jpg?fit=715%2C402&ssl=1&resize=525%2C300 1.5x, https:\/\/i0.wp.com\/noticiasribeiraopreto.com.br\/wp-content\/uploads\/2024\/02\/Bill-Ackman-Foto-ReproducaoTwitter-715x402.jpg?fit=715%2C402&ssl=1&resize=700%2C400 2x"},"classes":[]},{"id":34289,"url":"https:\/\/noticiasribeiraopreto.com.br\/index.php\/2024\/02\/01\/putin-vai-fazer-o-que-europa-da-empurrao-bilionario-na-maquina-de-guerra-da-ucrania-contra-a-russia\/","url_meta":{"origin":20812,"position":4},"title":"Putin vai fazer o qu\u00ea? Europa d\u00e1 empurr\u00e3o bilion\u00e1rio na m\u00e1quina de guerra da Ucr\u00e2nia contra a R\u00fassia","author":"noticiasribeiraopreto.com.br","date":"1 de February de 2024","format":false,"excerpt":"H\u00e1 quase uma semana, a Ucr\u00e2nia se viu em uma encruzilhada: precisa de mais ajuda financeira, mas os EUA \u2014 seu principal apoiador ap\u00f3s a invas\u00e3o da R\u00fassia \u2014 est\u00e3o prestes a fechar a torneira de recursos para essa guerra. De onde viriam os bilh\u00f5es de d\u00f3lares para manter os\u2026","rel":"","context":"In &quot;Dinheiro e Investimento&quot;","block_context":{"text":"Dinheiro e Investimento","link":"https:\/\/noticiasribeiraopreto.com.br\/index.php\/category\/dinheiro-e-investimento-como-fazer-como-ganhar\/"},"img":{"alt_text":"","src":"https:\/\/i0.wp.com\/noticiasribeiraopreto.com.br\/wp-content\/uploads\/2024\/02\/shutterstock_2105243978-1-628x353.jpg?fit=628%2C353&ssl=1&resize=350%2C200","width":350,"height":200,"srcset":"https:\/\/i0.wp.com\/noticiasribeiraopreto.com.br\/wp-content\/uploads\/2024\/02\/shutterstock_2105243978-1-628x353.jpg?fit=628%2C353&ssl=1&resize=350%2C200 1x, https:\/\/i0.wp.com\/noticiasribeiraopreto.com.br\/wp-content\/uploads\/2024\/02\/shutterstock_2105243978-1-628x353.jpg?fit=628%2C353&ssl=1&resize=525%2C300 1.5x"},"classes":[]},{"id":1228,"url":"https:\/\/noticiasribeiraopreto.com.br\/index.php\/2023\/11\/11\/o-brasil-deve-ser-mediador-da-paz\/","url_meta":{"origin":20812,"position":5},"title":"O Brasil deve ser mediador da paz\u00a0","author":"noticiasribeiraopreto.com.br","date":"11 de November de 2023","format":false,"excerpt":"11 de novembro de 2023 | 8:1510 de novembro de 2023 | 16:50 0Andr\u00e9 Luiz da Silva *[email\u00a0protected]H\u00e1 150 anos, em 11 de novembro de 1918, a Primeira Guerra Mundial chegava ao fim. O Armist\u00edcio de Compi\u00e8gne, assinado entre a Alemanha e os Aliados, encerrou quatro anos de guerra que\u2026","rel":"","context":"In &quot;Not\u00edcias de Ribeir\u00e3o Preto-SP e Regi\u00e3o&quot;","block_context":{"text":"Not\u00edcias de Ribeir\u00e3o Preto-SP e Regi\u00e3o","link":"https:\/\/noticiasribeiraopreto.com.br\/index.php\/category\/noticias-de-ribeirao-preto-sp-e-regiao-ismael-colosi\/"},"img":{"alt_text":"","src":"https:\/\/i0.wp.com\/noticiasribeiraopreto.com.br\/wp-content\/uploads\/2023\/11\/Andre-Luiz-da-Silva.jpg?fit=700%2C450&ssl=1&resize=350%2C200","width":350,"height":200,"srcset":"https:\/\/i0.wp.com\/noticiasribeiraopreto.com.br\/wp-content\/uploads\/2023\/11\/Andre-Luiz-da-Silva.jpg?fit=700%2C450&ssl=1&resize=350%2C200 1x, https:\/\/i0.wp.com\/noticiasribeiraopreto.com.br\/wp-content\/uploads\/2023\/11\/Andre-Luiz-da-Silva.jpg?fit=700%2C450&ssl=1&resize=525%2C300 1.5x, https:\/\/i0.wp.com\/noticiasribeiraopreto.com.br\/wp-content\/uploads\/2023\/11\/Andre-Luiz-da-Silva.jpg?fit=700%2C450&ssl=1&resize=700%2C400 2x"},"classes":[]}],"jetpack_sharing_enabled":true,"jetpack_shortlink":"https:\/\/wp.me\/peQAOb-5pG","_links":{"self":[{"href":"https:\/\/noticiasribeiraopreto.com.br\/index.php\/wp-json\/wp\/v2\/posts\/20812","targetHints":{"allow":["GET"]}}],"collection":[{"href":"https:\/\/noticiasribeiraopreto.com.br\/index.php\/wp-json\/wp\/v2\/posts"}],"about":[{"href":"https:\/\/noticiasribeiraopreto.com.br\/index.php\/wp-json\/wp\/v2\/types\/post"}],"author":[{"embeddable":true,"href":"https:\/\/noticiasribeiraopreto.com.br\/index.php\/wp-json\/wp\/v2\/users\/1"}],"replies":[{"embeddable":true,"href":"https:\/\/noticiasribeiraopreto.com.br\/index.php\/wp-json\/wp\/v2\/comments?post=20812"}],"version-history":[{"count":0,"href":"https:\/\/noticiasribeiraopreto.com.br\/index.php\/wp-json\/wp\/v2\/posts\/20812\/revisions"}],"wp:featuredmedia":[{"embeddable":true,"href":"https:\/\/noticiasribeiraopreto.com.br\/index.php\/wp-json\/wp\/v2\/media\/20813"}],"wp:attachment":[{"href":"https:\/\/noticiasribeiraopreto.com.br\/index.php\/wp-json\/wp\/v2\/media?parent=20812"}],"wp:term":[{"taxonomy":"category","embeddable":true,"href":"https:\/\/noticiasribeiraopreto.com.br\/index.php\/wp-json\/wp\/v2\/categories?post=20812"},{"taxonomy":"post_tag","embeddable":true,"href":"https:\/\/noticiasribeiraopreto.com.br\/index.php\/wp-json\/wp\/v2\/tags?post=20812"}],"curies":[{"name":"wp","href":"https:\/\/api.w.org\/{rel}","templated":true}]}}