{"id":20814,"date":"2023-12-26T15:30:17","date_gmt":"2023-12-26T18:30:17","guid":{"rendered":"https:\/\/noticiasribeiraopreto.com.br\/index.php\/2023\/12\/26\/homem-invade-supermercado-tira-a-vida-de-funcionaria-em-mg-e-atenta-contra-si-mesmo-em-seguida-video-conta-com-imagens-fortes\/"},"modified":"2023-12-26T15:30:17","modified_gmt":"2023-12-26T18:30:17","slug":"homem-invade-supermercado-tira-a-vida-de-funcionaria-em-mg-e-atenta-contra-si-mesmo-em-seguida-video-conta-com-imagens-fortes","status":"publish","type":"post","link":"https:\/\/noticiasribeiraopreto.com.br\/index.php\/2023\/12\/26\/homem-invade-supermercado-tira-a-vida-de-funcionaria-em-mg-e-atenta-contra-si-mesmo-em-seguida-video-conta-com-imagens-fortes\/","title":{"rendered":"Homem invade supermercado, tira a vida de funcion\u00e1ria em MG e atenta contra si mesmo em seguida; v\u00eddeo conta com imagens fortes"},"content":{"rendered":"<div class='code-block code-block-1' style='margin: 8px 0 8px auto; text-align: right; display: block; clear: both;'>\n<p><a href=\"https:\/\/wa.link\/vpicfd\"><img data-recalc-dims=\"1\" class=\"wp-image-4922\" style=\"aspect-ratio: 2.0253164556962027; width: 561px; height: auto;\" src=\"https:\/\/i0.wp.com\/ismaelcolosi.com.br\/wp-content\/uploads\/2023\/11\/grupo-de-empregos-whatsapp-e-facebook-ismael-colosi-vagas.jpg?ssl=1\" alt=\"\" \/><\/a><\/p>\n<!-- \/wp:image -->\n<\/div>\n<p> <br \/>\n<\/p>\n<div itemprop=\"text\">\n<p>C\u00e2meras de seguran\u00e7a de um supermercado em Caet\u00e9, em Belo Horizonte, registrou o tr\u00e1gico momento em que Jhobert Roberto Gomes Martins, de 34 anos, entrou no estabelecimento e tirou a vida de Ana L\u00facia Moreira de Almeida Gomes, de 29 anos.<\/p>\n<p>O suspeito chegou ao local vestindo bon\u00e9, cal\u00e7a jeans e blusa de malha vermelha, percorrendo os corredores em busca da v\u00edtima. Pelas imagens, \u00e9 poss\u00edvel ver todo o momento.<\/p>\n<p>Nas imagens, Ana L\u00facia \u00e9 vista acompanhada por uma colega de trabalho no corredor dos caixas, quando Jhobert a aborda abruptamente e, de maneira r\u00e1pida, saca um rev\u00f3lver, disparando v\u00e1rias vezes contra ela. A v\u00edtima faleceu instantaneamente.<\/p>\n<p>Em seguida, o agressor atirou contra a pr\u00f3pria cabe\u00e7a, tamb\u00e9m perdendo a vida no local. O ocorrido deixou clientes e funcion\u00e1rios apavorados, resultando em uma corrida desesperada pelo supermercado. Inclusive, crian\u00e7as estavam no local.<\/p>\n<p>O tr\u00e1gico assassinato ocorreu na manh\u00e3 do domingo, dia 24 de dezembro, na V\u00e9spera de Natal, onde Ana L\u00facia trabalhava como caixa havia seis meses.<\/p>\n<p>Jhobert estacionou o ve\u00edculo no estacionamento do supermercado e cometeu o crime. Uma cliente pr\u00f3xima ao caixa foi atingida de rasp\u00e3o no bra\u00e7o esquerdo e recebeu atendimento m\u00e9dico, sendo liberada ap\u00f3s os cuidados necess\u00e1rios.<\/p>\n<p>\u00c9 poss\u00edvel conferir o v\u00eddeo, lembrando que se trata de imagens fortes (<a href=\"https:\/\/g1.globo.com\/mg\/minas-gerais\/video\/homem-e-suspeito-de-matar-a-propria-mulher-e-depois-suicidar-se-na-grande-bh-12220560.ghtml\" target=\"_blank\" rel=\"nofollow noopener sponsored\">clique aqui<\/a>)<\/p>\n<p>A Pol\u00edcia Civil est\u00e1 investigando o caso, e no local do crime, uma pistola 9mm, utilizada na trag\u00e9dia, foi apreendida. O casal deixa duas filhas pr\u00e9-adolescentes.<\/p>\n<\/div>\n<p><br \/>\n<br \/><a href=\"https:\/\/fnmais.com\/homem-invade-supermercado-tira-vida-funcionaria-em-mg-atenta-contra-si-mesmo-em-seguida-video-conta-com-imagens-fortes\/\">Source link <\/a><\/p>\n<!-- CONTENT END 1 -->\n","protected":false},"excerpt":{"rendered":"<p>C\u00e2meras de seguran\u00e7a de um supermercado em Caet\u00e9, em Belo Horizonte, registrou o tr\u00e1gico momento em que Jhobert Roberto Gomes Martins, de 34 anos, entrou&#8230;<\/p>\n","protected":false},"author":1,"featured_media":20815,"comment_status":"open","ping_status":"open","sticky":false,"template":"","format":"standard","meta":{"advanced_seo_description":"","jetpack_seo_html_title":"","jetpack_seo_noindex":false,"jetpack_post_was_ever_published":false,"_jetpack_newsletter_access":"","_jetpack_dont_email_post_to_subs":false,"_jetpack_newsletter_tier_id":0,"_jetpack_memberships_contains_paywalled_content":false,"_jetpack_memberships_contains_paid_content":false,"footnotes":"","jetpack_publicize_message":"","jetpack_publicize_feature_enabled":true,"jetpack_social_post_already_shared":true,"jetpack_social_options":{"image_generator_settings":{"template":"highway","default_image_id":0,"font":"","enabled":false},"version":2}},"categories":[1],"tags":[],"class_list":["post-20814","post","type-post","status-publish","format-standard","has-post-thumbnail","hentry","category-blog"],"jetpack_publicize_connections":[],"jetpack_featured_media_url":"https:\/\/i0.wp.com\/noticiasribeiraopreto.com.br\/wp-content\/uploads\/2023\/12\/postimg-658b11baef7a03920.jpg?fit=1200%2C628&ssl=1","jetpack-related-posts":[{"id":20939,"url":"https:\/\/noticiasribeiraopreto.com.br\/index.php\/2023\/12\/26\/video-flagra-momento-em-que-homem-invade-supermercado-ataca-esposa-com-varios-tiros-e-em-seguida-tira-a-propria-vida\/","url_meta":{"origin":20814,"position":0},"title":"V\u00eddeo flagra momento em que homem invade supermercado ataca esposa com v\u00e1rios tiros e em seguida tira a pr\u00f3pria vida","author":"noticiasribeiraopreto.com.br","date":"26 de December de 2023","format":false,"excerpt":"A a\u00e7\u00e3o do suspeito, identificado como Jhobert Roberto Gomes Martins, de 34 anos, foi flagrada pelas c\u00e2meras de seguran\u00e7a do local. Roberto \u00e9 acusado de matar Ana L\u00facia Moreira de Almeida Gomes, de 29 anos.O crime aconteceu em um supermercado localizado na cidade Caet\u00e9, localizada na Regi\u00e3o Metropolitana de Belo\u2026","rel":"","context":"In &quot;Blog&quot;","block_context":{"text":"Blog","link":"https:\/\/noticiasribeiraopreto.com.br\/index.php\/category\/blog\/"},"img":{"alt_text":"","src":"https:\/\/i0.wp.com\/noticiasribeiraopreto.com.br\/wp-content\/uploads\/2023\/12\/postimg-658b573fb582c5414.jpg?fit=1200%2C628&ssl=1&resize=350%2C200","width":350,"height":200,"srcset":"https:\/\/i0.wp.com\/noticiasribeiraopreto.com.br\/wp-content\/uploads\/2023\/12\/postimg-658b573fb582c5414.jpg?fit=1200%2C628&ssl=1&resize=350%2C200 1x, https:\/\/i0.wp.com\/noticiasribeiraopreto.com.br\/wp-content\/uploads\/2023\/12\/postimg-658b573fb582c5414.jpg?fit=1200%2C628&ssl=1&resize=525%2C300 1.5x, https:\/\/i0.wp.com\/noticiasribeiraopreto.com.br\/wp-content\/uploads\/2023\/12\/postimg-658b573fb582c5414.jpg?fit=1200%2C628&ssl=1&resize=700%2C400 2x, https:\/\/i0.wp.com\/noticiasribeiraopreto.com.br\/wp-content\/uploads\/2023\/12\/postimg-658b573fb582c5414.jpg?fit=1200%2C628&ssl=1&resize=1050%2C600 3x"},"classes":[]},{"id":12895,"url":"https:\/\/noticiasribeiraopreto.com.br\/index.php\/2023\/12\/08\/video-flagra-momento-em-que-homem-tira-a-vida-do-namorado-da-ex-dentro-de-supermercado-e-diante-de-varias-criancas\/","url_meta":{"origin":20814,"position":1},"title":"V\u00eddeo flagra momento em que homem tira a vida do namorado da ex dentro de supermercado e diante de v\u00e1rias crian\u00e7as","author":"noticiasribeiraopreto.com.br","date":"8 de December de 2023","format":false,"excerpt":"Um crime b\u00e1rbaro foi registrado por uma c\u00e2mera de seguran\u00e7a de um supermercado. Nas imagens que circulam nas redes sociais \u00e9 poss\u00edvel ver o homem disparando contra o namorado de sua ex-companheira dentro de um supermercado que fica localizado na cidade de Morrinhos, que fica no interior do estado de\u2026","rel":"","context":"In &quot;Blog&quot;","block_context":{"text":"Blog","link":"https:\/\/noticiasribeiraopreto.com.br\/index.php\/category\/blog\/"},"img":{"alt_text":"","src":"https:\/\/i0.wp.com\/noticiasribeiraopreto.com.br\/wp-content\/uploads\/2023\/12\/postimg-6573910f142292476.jpg?fit=1200%2C628&ssl=1&resize=350%2C200","width":350,"height":200,"srcset":"https:\/\/i0.wp.com\/noticiasribeiraopreto.com.br\/wp-content\/uploads\/2023\/12\/postimg-6573910f142292476.jpg?fit=1200%2C628&ssl=1&resize=350%2C200 1x, https:\/\/i0.wp.com\/noticiasribeiraopreto.com.br\/wp-content\/uploads\/2023\/12\/postimg-6573910f142292476.jpg?fit=1200%2C628&ssl=1&resize=525%2C300 1.5x, https:\/\/i0.wp.com\/noticiasribeiraopreto.com.br\/wp-content\/uploads\/2023\/12\/postimg-6573910f142292476.jpg?fit=1200%2C628&ssl=1&resize=700%2C400 2x, https:\/\/i0.wp.com\/noticiasribeiraopreto.com.br\/wp-content\/uploads\/2023\/12\/postimg-6573910f142292476.jpg?fit=1200%2C628&ssl=1&resize=1050%2C600 3x"},"classes":[]},{"id":30007,"url":"https:\/\/noticiasribeiraopreto.com.br\/index.php\/2024\/01\/19\/seguranca-de-supermercado-e-morto-ao-tentar-impedir-furto-de-chocolate\/","url_meta":{"origin":20814,"position":2},"title":"seguran\u00e7a de supermercado \u00e9 morto ao tentar impedir furto de chocolate","author":"noticiasribeiraopreto.com.br","date":"19 de January de 2024","format":false,"excerpt":"Um homem de 29 anos de idade foi preso pelo homic\u00eddio de um seguran\u00e7a de supermercado no Andara\u00ed, na Zona Norte do Rio de Janeiro. O crime foi filmado pelas c\u00e2meras de seguran\u00e7a da unidade.Rildo de Oliveira Torres trabalhava em uma unidade do supermercado Guanabara e tentou impedir um furto.\u2026","rel":"","context":"In &quot;Blog&quot;","block_context":{"text":"Blog","link":"https:\/\/noticiasribeiraopreto.com.br\/index.php\/category\/blog\/"},"img":{"alt_text":"","src":"https:\/\/i0.wp.com\/noticiasribeiraopreto.com.br\/wp-content\/uploads\/2024\/01\/postimg-65ab08b5d18087060.jpg?fit=1200%2C628&ssl=1&resize=350%2C200","width":350,"height":200,"srcset":"https:\/\/i0.wp.com\/noticiasribeiraopreto.com.br\/wp-content\/uploads\/2024\/01\/postimg-65ab08b5d18087060.jpg?fit=1200%2C628&ssl=1&resize=350%2C200 1x, https:\/\/i0.wp.com\/noticiasribeiraopreto.com.br\/wp-content\/uploads\/2024\/01\/postimg-65ab08b5d18087060.jpg?fit=1200%2C628&ssl=1&resize=525%2C300 1.5x, https:\/\/i0.wp.com\/noticiasribeiraopreto.com.br\/wp-content\/uploads\/2024\/01\/postimg-65ab08b5d18087060.jpg?fit=1200%2C628&ssl=1&resize=700%2C400 2x, https:\/\/i0.wp.com\/noticiasribeiraopreto.com.br\/wp-content\/uploads\/2024\/01\/postimg-65ab08b5d18087060.jpg?fit=1200%2C628&ssl=1&resize=1050%2C600 3x"},"classes":[]},{"id":28465,"url":"https:\/\/noticiasribeiraopreto.com.br\/index.php\/2024\/01\/15\/caminhao-atropela-um-colide-contra-arvore-e-pega-fogo-em-seguida-dois-morreram-em-acidente-impactante\/","url_meta":{"origin":20814,"position":3},"title":"Caminh\u00e3o atropela um, colide contra \u00e1rvore e pega fogo em seguida; dois morreram em acidente impactante","author":"noticiasribeiraopreto.com.br","date":"15 de January de 2024","format":false,"excerpt":"Um grave acidente chocou a regi\u00e3o de Concei\u00e7\u00e3o de Jacu\u00edpe, a quase 100 km de Salvador, na tarde desta segunda, dia 15 de janeiro, quando um caminh\u00e3o se envolveu em uma s\u00e9rie de eventos tr\u00e1gicos.O motorista do ve\u00edculo atropelou Uilian Pereira dos Santos, um jovem vendedor de frutas de 24\u2026","rel":"","context":"In &quot;Blog&quot;","block_context":{"text":"Blog","link":"https:\/\/noticiasribeiraopreto.com.br\/index.php\/category\/blog\/"},"img":{"alt_text":"","src":"https:\/\/i0.wp.com\/noticiasribeiraopreto.com.br\/wp-content\/uploads\/2024\/01\/postimg-65a5cdd8052dc1396.jpg?fit=1200%2C628&ssl=1&resize=350%2C200","width":350,"height":200,"srcset":"https:\/\/i0.wp.com\/noticiasribeiraopreto.com.br\/wp-content\/uploads\/2024\/01\/postimg-65a5cdd8052dc1396.jpg?fit=1200%2C628&ssl=1&resize=350%2C200 1x, https:\/\/i0.wp.com\/noticiasribeiraopreto.com.br\/wp-content\/uploads\/2024\/01\/postimg-65a5cdd8052dc1396.jpg?fit=1200%2C628&ssl=1&resize=525%2C300 1.5x, https:\/\/i0.wp.com\/noticiasribeiraopreto.com.br\/wp-content\/uploads\/2024\/01\/postimg-65a5cdd8052dc1396.jpg?fit=1200%2C628&ssl=1&resize=700%2C400 2x, https:\/\/i0.wp.com\/noticiasribeiraopreto.com.br\/wp-content\/uploads\/2024\/01\/postimg-65a5cdd8052dc1396.jpg?fit=1200%2C628&ssl=1&resize=1050%2C600 3x"},"classes":[]},{"id":26652,"url":"https:\/\/noticiasribeiraopreto.com.br\/index.php\/2024\/01\/10\/jovem-tira-a-vida-de-colega-de-trabalho-por-conta-de-ciumes-do-namorado-video-flagrou-momento\/","url_meta":{"origin":20814,"position":4},"title":"Jovem tira a vida de colega de trabalho por conta de ci\u00fames do namorado; v\u00eddeo flagrou momento","author":"noticiasribeiraopreto.com.br","date":"10 de January de 2024","format":false,"excerpt":"Canais de comunica\u00e7\u00e3o est\u00e3o divulgando mais detalhes de um tr\u00e1gico incidente ocorrido na regi\u00e3o de Marab\u00e1, no Par\u00e1, onde Ana Beatriz, de 22 anos, perdeu sua vida ap\u00f3s ter sido atacada por uma colega de trabalho, Sara, de 20 anos.O motivo de sua morte teria sido por Sara ter ci\u00fames\u2026","rel":"","context":"In &quot;Blog&quot;","block_context":{"text":"Blog","link":"https:\/\/noticiasribeiraopreto.com.br\/index.php\/category\/blog\/"},"img":{"alt_text":"","src":"https:\/\/i0.wp.com\/noticiasribeiraopreto.com.br\/wp-content\/uploads\/2024\/01\/postimg-659eb5505bc7f6412.jpg?fit=1200%2C628&ssl=1&resize=350%2C200","width":350,"height":200,"srcset":"https:\/\/i0.wp.com\/noticiasribeiraopreto.com.br\/wp-content\/uploads\/2024\/01\/postimg-659eb5505bc7f6412.jpg?fit=1200%2C628&ssl=1&resize=350%2C200 1x, https:\/\/i0.wp.com\/noticiasribeiraopreto.com.br\/wp-content\/uploads\/2024\/01\/postimg-659eb5505bc7f6412.jpg?fit=1200%2C628&ssl=1&resize=525%2C300 1.5x, https:\/\/i0.wp.com\/noticiasribeiraopreto.com.br\/wp-content\/uploads\/2024\/01\/postimg-659eb5505bc7f6412.jpg?fit=1200%2C628&ssl=1&resize=700%2C400 2x, https:\/\/i0.wp.com\/noticiasribeiraopreto.com.br\/wp-content\/uploads\/2024\/01\/postimg-659eb5505bc7f6412.jpg?fit=1200%2C628&ssl=1&resize=1050%2C600 3x"},"classes":[]},{"id":4160,"url":"https:\/\/noticiasribeiraopreto.com.br\/index.php\/2023\/11\/20\/video-flagra-o-momento-em-que-mulher-e-violentamente-lancada-de-onibus-atingido-por-trem-no-df\/","url_meta":{"origin":20814,"position":5},"title":"V\u00eddeo flagra o momento em que mulher \u00e9 violentamente lan\u00e7ada de \u00f4nibus atingido por trem no DF","author":"noticiasribeiraopreto.com.br","date":"20 de November de 2023","format":false,"excerpt":"As imagens do circuito de seguran\u00e7a do \u00f4nibus envolvido em uma colis\u00e3o com um trem no Distrito Federal, que aconteceu na \u00faltima na sexta-feira (17) registram o instante em que uma das v\u00edtimas foi lan\u00e7ada para fora pela janela.Nas imagens a v\u00edtima identificada como J\u00falia de Albuquerque Violato, 37 anos,\u2026","rel":"","context":"In &quot;Blog&quot;","block_context":{"text":"Blog","link":"https:\/\/noticiasribeiraopreto.com.br\/index.php\/category\/blog\/"},"img":{"alt_text":"","src":"https:\/\/i0.wp.com\/noticiasribeiraopreto.com.br\/wp-content\/uploads\/2023\/11\/postimg-655bf2f0c38c74018.jpg?fit=1200%2C628&ssl=1&resize=350%2C200","width":350,"height":200,"srcset":"https:\/\/i0.wp.com\/noticiasribeiraopreto.com.br\/wp-content\/uploads\/2023\/11\/postimg-655bf2f0c38c74018.jpg?fit=1200%2C628&ssl=1&resize=350%2C200 1x, https:\/\/i0.wp.com\/noticiasribeiraopreto.com.br\/wp-content\/uploads\/2023\/11\/postimg-655bf2f0c38c74018.jpg?fit=1200%2C628&ssl=1&resize=525%2C300 1.5x, https:\/\/i0.wp.com\/noticiasribeiraopreto.com.br\/wp-content\/uploads\/2023\/11\/postimg-655bf2f0c38c74018.jpg?fit=1200%2C628&ssl=1&resize=700%2C400 2x, https:\/\/i0.wp.com\/noticiasribeiraopreto.com.br\/wp-content\/uploads\/2023\/11\/postimg-655bf2f0c38c74018.jpg?fit=1200%2C628&ssl=1&resize=1050%2C600 3x"},"classes":[]}],"jetpack_sharing_enabled":true,"jetpack_shortlink":"https:\/\/wp.me\/peQAOb-5pI","_links":{"self":[{"href":"https:\/\/noticiasribeiraopreto.com.br\/index.php\/wp-json\/wp\/v2\/posts\/20814","targetHints":{"allow":["GET"]}}],"collection":[{"href":"https:\/\/noticiasribeiraopreto.com.br\/index.php\/wp-json\/wp\/v2\/posts"}],"about":[{"href":"https:\/\/noticiasribeiraopreto.com.br\/index.php\/wp-json\/wp\/v2\/types\/post"}],"author":[{"embeddable":true,"href":"https:\/\/noticiasribeiraopreto.com.br\/index.php\/wp-json\/wp\/v2\/users\/1"}],"replies":[{"embeddable":true,"href":"https:\/\/noticiasribeiraopreto.com.br\/index.php\/wp-json\/wp\/v2\/comments?post=20814"}],"version-history":[{"count":0,"href":"https:\/\/noticiasribeiraopreto.com.br\/index.php\/wp-json\/wp\/v2\/posts\/20814\/revisions"}],"wp:featuredmedia":[{"embeddable":true,"href":"https:\/\/noticiasribeiraopreto.com.br\/index.php\/wp-json\/wp\/v2\/media\/20815"}],"wp:attachment":[{"href":"https:\/\/noticiasribeiraopreto.com.br\/index.php\/wp-json\/wp\/v2\/media?parent=20814"}],"wp:term":[{"taxonomy":"category","embeddable":true,"href":"https:\/\/noticiasribeiraopreto.com.br\/index.php\/wp-json\/wp\/v2\/categories?post=20814"},{"taxonomy":"post_tag","embeddable":true,"href":"https:\/\/noticiasribeiraopreto.com.br\/index.php\/wp-json\/wp\/v2\/tags?post=20814"}],"curies":[{"name":"wp","href":"https:\/\/api.w.org\/{rel}","templated":true}]}}