{"id":20824,"date":"2023-12-26T15:48:59","date_gmt":"2023-12-26T18:48:59","guid":{"rendered":"https:\/\/noticiasribeiraopreto.com.br\/index.php\/2023\/12\/26\/monte-verde-mg-tambem-e-opcao-de-destino-para-ir-no-verao\/"},"modified":"2023-12-26T15:48:59","modified_gmt":"2023-12-26T18:48:59","slug":"monte-verde-mg-tambem-e-opcao-de-destino-para-ir-no-verao","status":"publish","type":"post","link":"https:\/\/noticiasribeiraopreto.com.br\/index.php\/2023\/12\/26\/monte-verde-mg-tambem-e-opcao-de-destino-para-ir-no-verao\/","title":{"rendered":"Monte Verde (MG) tamb\u00e9m \u00e9 op\u00e7\u00e3o de destino para ir no ver\u00e3o"},"content":{"rendered":"<div class='code-block code-block-1' style='margin: 8px 0 8px auto; text-align: right; display: block; clear: both;'>\n<p><a href=\"https:\/\/wa.link\/vpicfd\"><img data-recalc-dims=\"1\" class=\"wp-image-4922\" style=\"aspect-ratio: 2.0253164556962027; width: 561px; height: auto;\" src=\"https:\/\/i0.wp.com\/ismaelcolosi.com.br\/wp-content\/uploads\/2023\/11\/grupo-de-empregos-whatsapp-e-facebook-ismael-colosi-vagas.jpg?ssl=1\" alt=\"\" \/><\/a><\/p>\n<!-- \/wp:image -->\n<\/div>\n<p> <br \/>\n<\/p>\n<div>\n<p>Com temperaturas amenas durante o dia e um friozinho gostoso \u00e0 noite, o charmoso vilarejo mineiro de Monte Verde tamb\u00e9m \u00e9 destino para ir no ver\u00e3o.<\/p>\n<p>Distrito do munic\u00edpio de Camanducaia, no sul de Minas Gerais, Monte Verde oferece ref\u00fagios incr\u00edveis para hospedagem, al\u00e9m de passeios e atrativos para aproveitar as f\u00e9rias longe da muvuca dos destinos de praia.<\/p>\n<div id=\"attachment_2169746\" class=\"wp-caption aligncenter\">\n<div class=\"d-flex justify-content-center\" data-attachment-id=\"2169746\">\n<div class=\"position-relative d-inline-block\"><img src=\"https:\/\/catracalivre.com.br\/viagem-livre\/monte-verde-mg-tambem-e-opcao-de-destino-para-ir-no-verao\/Divulga\u00e7\u00e3o\/Prefeitura de Camanducaia\" fetchpriority=\"high\" decoding=\"async\" class=\"wp-image-2169746 size-large\" alt=\"O centrinho de Monte Verde, no sul de Minas Gerais\" width=\"910\" height=\"610\" srcset=\"https:\/\/catracalivre.com.br\/wp-content\/uploads\/2021\/07\/monte-verde-divulgacao-pmc-910x610.jpg 910w, https:\/\/catracalivre.com.br\/wp-content\/uploads\/2021\/07\/monte-verde-divulgacao-pmc-450x302.jpg 450w, https:\/\/catracalivre.com.br\/wp-content\/uploads\/2021\/07\/monte-verde-divulgacao-pmc-768x515.jpg 768w\" sizes=\"(max-width: 910px) 100vw, 910px\"\/><\/p>\n<p>Cr\u00e9ditos: Divulga\u00e7\u00e3o\/Prefeitura de Camanducaia<\/p>\n<\/div>\n<\/div>\n<p><span class=\"post-imagem__legenda\">O centrinho de Monte Verde, no sul de Minas Gerais<\/span><\/p>\n<\/div>\n<p>Apesar do apelo de destino de inverno, com temperaturas abaixo dos 10\u00b0 C, Monte Verde \u00e9 um lugar para visitar o ano inteiro. Quem vai \u00e0 procura das op\u00e7\u00f5es de ecoturismo, pode se programar para viajar no ver\u00e3o e na primavera.<\/p>\n<h3>O\u00e1sis em meio \u00e0 natureza<\/h3>\n<p>O vilarejo mineiro \u00e9 um o\u00e1sis em meio \u00e0 natureza, com paisagens deslumbrantes cercadas pela Serra da Mantiqueira, a mais de 1.600 metros de altitude.<\/p>\n<p>Al\u00e9m de atrativos naturais, como a visita ao topo da Pedra Redonda, que proporciona uma vista de tirar o f\u00f4lego, Monte Verde oferece um centrinho charmoso com restaurantes especializados, lojas que vendem queijos, doces tradicionais mineiros e cacha\u00e7as.<\/p>\n<div id=\"attachment_2329111\" class=\"wp-caption aligncenter\">\n<div class=\"d-flex justify-content-center\" data-attachment-id=\"2329111\">\n<div class=\"position-relative d-inline-block\"><img loading=\"lazy\" src=\"https:\/\/catracalivre.com.br\/viagem-livre\/monte-verde-mg-tambem-e-opcao-de-destino-para-ir-no-verao\/Divulga\u00e7\u00e3o\/Nelson Pacheco\" decoding=\"async\" class=\"wp-image-2329111 size-full\" alt=\"Nesta \u00e9poca do ano, Monte Verde apresenta temperaturas mais amenas\" width=\"800\" height=\"800\" srcset=\"https:\/\/catracalivre.com.br\/wp-content\/uploads\/2023\/12\/unnamed-7-1.jpg 800w, https:\/\/catracalivre.com.br\/wp-content\/uploads\/2023\/12\/unnamed-7-1-450x450.jpg 450w, https:\/\/catracalivre.com.br\/wp-content\/uploads\/2023\/12\/unnamed-7-1-150x150.jpg 150w, https:\/\/catracalivre.com.br\/wp-content\/uploads\/2023\/12\/unnamed-7-1-768x768.jpg 768w\" sizes=\"auto, (max-width: 800px) 100vw, 800px\"\/><\/p>\n<p>Cr\u00e9ditos: Divulga\u00e7\u00e3o\/Nelson Pacheco<\/p>\n<\/div>\n<\/div>\n<p><span class=\"post-imagem__legenda\">Nesta \u00e9poca do ano, Monte Verde apresenta temperaturas mais amenas<\/span><\/p>\n<\/div>\n<h3>Onde se hospedar em Monte Verde<\/h3>\n<p>No quesito hospedagem, o destino, considerado um dos mais <a href=\"https:\/\/catracalivre.com.br\/viagem-livre\/monte-verde-esta-entre-os-destinos-mais-acolhedores-do-mundo\/\">hospitaleiros do pa\u00eds<\/a>, possui uma gama de hot\u00e9is e pousadas aconchegantes para aproveitar uma viagem rom\u00e2ntica ou curtir momentos especiais com a fam\u00edlia.<\/p>\n<h4>Mirante da Colyna Hotel &amp; Spa<\/h4>\n<p>Cercado por arauc\u00e1rias e muita natureza, o <a href=\"https:\/\/www.mirantedacolyna.com.br\/\" target=\"_blank\" rel=\"noopener\">Mirante da Colyna<\/a> est\u00e1 localizado em um dos pontos mais altos de Monte Verde, a 1.650 metros de altitude. Vistas privilegiadas para as montanhas, acomoda\u00e7\u00f5es charmosas e um spa hol\u00edstico s\u00e3o os grandes atrativos do empreendimento.<\/p>\n<div id=\"attachment_2273612\" class=\"wp-caption aligncenter\">\n<div class=\"d-flex justify-content-center\" data-attachment-id=\"2273612\">\n<div class=\"position-relative d-inline-block\"><img loading=\"lazy\" src=\"https:\/\/catracalivre.com.br\/viagem-livre\/monte-verde-mg-tambem-e-opcao-de-destino-para-ir-no-verao\/Divulga\u00e7\u00e3o\/Divulga\u00e7\u00e3o\/Pousada &amp; Spa Mirante da Colyna\" decoding=\"async\" class=\"size-full wp-image-2273612\" alt=\"Ofur\u00f4 do spa da pousada Mirante da Colyna com vista para as montanhas\" width=\"836\" height=\"836\" srcset=\"https:\/\/catracalivre.com.br\/wp-content\/uploads\/2023\/05\/unnamed-3.png 836w, https:\/\/catracalivre.com.br\/wp-content\/uploads\/2023\/05\/unnamed-3-450x450.png 450w, https:\/\/catracalivre.com.br\/wp-content\/uploads\/2023\/05\/unnamed-3-150x150.png 150w, https:\/\/catracalivre.com.br\/wp-content\/uploads\/2023\/05\/unnamed-3-768x768.png 768w\" sizes=\"auto, (max-width: 836px) 100vw, 836px\"\/><\/p>\n<p>Cr\u00e9ditos: Divulga\u00e7\u00e3o\/Divulga\u00e7\u00e3o\/Pousada &amp; Spa Mirante da Colyna<\/p>\n<\/div>\n<\/div>\n<p><span class=\"post-imagem__legenda\">Ofur\u00f4 do spa da pousada Mirante da Colyna com vista para as montanhas<\/span><\/p>\n<\/div>\n<p>O local \u00e9 perfeito para casais aproveitarem dias de descanso, bem-estar e romance. S\u00e3o 42 acomoda\u00e7\u00f5es distribu\u00eddas entre chal\u00e9s e sofisticados lofts de 65m\u00b2 rec\u00e9m-inaugurados. Todos com hidromassagem para duas pessoas, imensas e confort\u00e1veis camas, lareira e varanda com vista panor\u00e2mica para as montanhas.<\/p>\n<h4>Kuriuwa Hotel<\/h4>\n<p>O <a href=\"https:\/\/www.kuriuwahotel.com.br\/\" target=\"_blank\" rel=\"noopener\">Kuriuwa Hotel<\/a> tem 17 \u201cmoradas\u201d independentes e privativas em meio a um bosque nativo, todas com grandes varandas de cara para a natureza da serra.<\/p>\n<div id=\"attachment_2298221\" class=\"wp-caption aligncenter\">\n<div class=\"d-flex justify-content-center\" data-attachment-id=\"2298221\">\n<div class=\"position-relative d-inline-block\"><img src=\"https:\/\/catracalivre.com.br\/viagem-livre\/monte-verde-mg-tambem-e-opcao-de-destino-para-ir-no-verao\/Divulga\u00e7\u00e3o\" loading=\"lazy\" decoding=\"async\" class=\"size-full wp-image-2298221\" alt=\"As espa\u00e7osas acomoda\u00e7\u00f5es do Kuriuwa Hotel\" width=\"800\" height=\"600\" srcset=\"https:\/\/catracalivre.com.br\/wp-content\/uploads\/2023\/09\/kuriuwa-hotel.jpg 800w, https:\/\/catracalivre.com.br\/wp-content\/uploads\/2023\/09\/kuriuwa-hotel-450x338.jpg 450w, https:\/\/catracalivre.com.br\/wp-content\/uploads\/2023\/09\/kuriuwa-hotel-768x576.jpg 768w\" sizes=\"auto, (max-width: 800px) 100vw, 800px\"\/><\/p>\n<p>Cr\u00e9ditos: Divulga\u00e7\u00e3o<\/p>\n<\/div>\n<\/div>\n<p><span class=\"post-imagem__legenda\">As espa\u00e7osas acomoda\u00e7\u00f5es do Kuriuwa Hotel<\/span><\/p>\n<\/div>\n<p>Exclusivo para casais, o hotel \u00e9 um ref\u00fagio para uma imers\u00e3o rom\u00e2ntica, aproveitando o conforto e charme das acomoda\u00e7\u00f5es.<\/p>\n<p>Internamente elas s\u00e3o equipadas com salas de estar, banheiras de hidromassagem, lareiras, aquecimento nos quartos e banheiros, camas divinas e edredons fofinhos, entre outras comodidades.<\/p>\n<p>Algumas moradas disp\u00f5em tamb\u00e9m de grandes varandas com lareira externa, piscina privativa e chaise longue dupla para o casal se acomodar confortavelmente admirando o visual da serra ou contemplando um inesquec\u00edvel p\u00f4r do sol.<\/p>\n<h4>Pousada \u00c1guia Dourada<\/h4>\n<p>A pousada <a href=\"https:\/\/www.pousadaaguiadourada.com.br\/\" target=\"_blank\" rel=\"noopener\">\u00c1guia Dourada<\/a> \u00e9 ideal tanto para casais, quanto para quem viaja com a fam\u00edlia em busca de um lugar gostoso e aconchegante com \u00f3timo custo-benef\u00edcio.<\/p>\n<div id=\"attachment_2329110\" class=\"wp-caption aligncenter\">\n<div class=\"d-flex justify-content-center\" data-attachment-id=\"2329110\">\n<div class=\"position-relative d-inline-block\"><img src=\"https:\/\/catracalivre.com.br\/viagem-livre\/monte-verde-mg-tambem-e-opcao-de-destino-para-ir-no-verao\/Divulga\u00e7\u00e3o\" loading=\"lazy\" decoding=\"async\" class=\"size-large wp-image-2329110\" alt=\"Piscina e o fitness center da Pousada \u00c1guia Dourada\" width=\"910\" height=\"605\" srcset=\"https:\/\/catracalivre.com.br\/wp-content\/uploads\/2023\/12\/piscina-e-fitness-pousada-a-guia-dourada-910x605.jpg 910w, https:\/\/catracalivre.com.br\/wp-content\/uploads\/2023\/12\/piscina-e-fitness-pousada-a-guia-dourada-450x299.jpg 450w, https:\/\/catracalivre.com.br\/wp-content\/uploads\/2023\/12\/piscina-e-fitness-pousada-a-guia-dourada-768x511.jpg 768w\" sizes=\"auto, (max-width: 910px) 100vw, 910px\"\/><\/p>\n<p>Cr\u00e9ditos: Divulga\u00e7\u00e3o<\/p>\n<\/div>\n<\/div>\n<p><span class=\"post-imagem__legenda\">Piscina e o fitness center da Pousada \u00c1guia Dourada<\/span><\/p>\n<\/div>\n<p>Entre as acomoda\u00e7\u00f5es, cercadas por lindos jardins, est\u00e3o chal\u00e9s, su\u00edtes e apartamentos para diferentes perfis de h\u00f3spedes.\u00a0As categorias superiores oferecem lareira, hidromassagem integrada ao quarto e at\u00e9 teto de vidro, que inspiram momentos de romance.<\/p>\n<p>As mesmas comodidades est\u00e3o dispon\u00edveis nos apartamentos familiares, com uma ou duas su\u00edtes, que acomodam at\u00e9 cinco pessoas.<\/p>\n<h4>Pedras e Sonhos<\/h4>\n<p>Na pousada <a href=\"http:\/\/www.jardimdamatiqueira.com.br\" target=\"_blank\" rel=\"noopener\">Pedras e Sonhos<\/a> os h\u00f3spedes podem desfrutar de acomoda\u00e7\u00f5es confort\u00e1veis e bem decoradas, cercadas por uma vegeta\u00e7\u00e3o exuberante, criando um ambiente de tranquilidade e serenidade.<\/p>\n<div id=\"attachment_2237983\" class=\"wp-caption aligncenter\">\n<div class=\"d-flex justify-content-center\" data-attachment-id=\"2237983\">\n<div class=\"position-relative d-inline-block\"><img src=\"https:\/\/catracalivre.com.br\/viagem-livre\/monte-verde-mg-tambem-e-opcao-de-destino-para-ir-no-verao\/Tadeu Brunelli\/Divulga\u00e7\u00e3o\" loading=\"lazy\" decoding=\"async\" class=\"size-large wp-image-2237983\" alt=\"Um dos chal\u00e9s da Pousada Pedras e Sonhos, em Monte Verde\" width=\"910\" height=\"607\" srcset=\"https:\/\/catracalivre.com.br\/wp-content\/uploads\/2022\/11\/chale-pousada-pedras-e-sonhos-monte-verde-3-910x607.jpg 910w, https:\/\/catracalivre.com.br\/wp-content\/uploads\/2022\/11\/chale-pousada-pedras-e-sonhos-monte-verde-3-450x300.jpg 450w, https:\/\/catracalivre.com.br\/wp-content\/uploads\/2022\/11\/chale-pousada-pedras-e-sonhos-monte-verde-3-768x512.jpg 768w\" sizes=\"auto, (max-width: 910px) 100vw, 910px\"\/><\/p>\n<p>Cr\u00e9ditos: Tadeu Brunelli\/Divulga\u00e7\u00e3o<\/p>\n<\/div>\n<\/div>\n<p><span class=\"post-imagem__legenda\">Um dos chal\u00e9s da Pousada Pedras e Sonhos, em Monte Verde<\/span><\/p>\n<\/div>\n<p>As su\u00edtes contam com banheiras de hidromassagem e uma bela vista para as montanhas, e possuem um delicioso caf\u00e9 da manh\u00e3 incluso na di\u00e1ria.<\/p>\n<h4>Jardim da Mantiqueira<\/h4>\n<p>Outra op\u00e7\u00e3o na regi\u00e3o \u00e9 a\u00a0<a href=\"http:\/\/www.jardimdamatiqueira.com.br\" target=\"_blank\" rel=\"noopener\">Pousada Jardim da Mantiqueira<\/a>, que fica pertinho do centro, sendo poss\u00edvel chegar \u00e0 avenida principal a p\u00e9, local onde os visitantes podem apreciar a decora\u00e7\u00e3o natalina, al\u00e9m de encontrar uma variedade de lojas e restaurantes.<\/p>\n<div id=\"attachment_2216368\" class=\"wp-caption aligncenter\">\n<div class=\"d-flex justify-content-center\" data-attachment-id=\"2216368\">\n<div class=\"position-relative d-inline-block\"><img src=\"https:\/\/catracalivre.com.br\/viagem-livre\/monte-verde-mg-tambem-e-opcao-de-destino-para-ir-no-verao\/Divulga\u00e7\u00e3o\" loading=\"lazy\" decoding=\"async\" class=\"size-large wp-image-2216368\" alt=\"Interior de um dos chal\u00e9s da Pousada Jardim da Mantiqueira\" width=\"910\" height=\"606\" srcset=\"https:\/\/catracalivre.com.br\/wp-content\/uploads\/2022\/06\/pousada-jardim-da-mantiqueira-910x606.jpg 910w, https:\/\/catracalivre.com.br\/wp-content\/uploads\/2022\/06\/pousada-jardim-da-mantiqueira-450x300.jpg 450w, https:\/\/catracalivre.com.br\/wp-content\/uploads\/2022\/06\/pousada-jardim-da-mantiqueira-768x512.jpg 768w\" sizes=\"auto, (max-width: 910px) 100vw, 910px\"\/><\/p>\n<p>Cr\u00e9ditos: Divulga\u00e7\u00e3o<\/p>\n<\/div>\n<\/div>\n<p><span class=\"post-imagem__legenda\">Interior de um dos chal\u00e9s da Pousada Jardim da Mantiqueira<\/span><\/p>\n<\/div>\n<p>A pousada conta com infraestrutura completa em unidades que oferecem privacidade e conforto, um caf\u00e9 da manh\u00e3 de qualidade e atrativos como hidromassagem e um jardim repleto de \u00e1rvores.<\/p>\n<h4>Encontro da Pedra<\/h4>\n<p>Com uma atmosfera acolhedora e tranquila, essa pousada oferece um ambiente intimista, sendo ideal para escapar do agito da vida cotidiana e se reconectar com a natureza.<\/p>\n<div id=\"attachment_2312833\" class=\"wp-caption aligncenter\">\n<div class=\"d-flex justify-content-center\" data-attachment-id=\"2312833\">\n<div class=\"position-relative d-inline-block\"><img src=\"https:\/\/catracalivre.com.br\/viagem-livre\/monte-verde-mg-tambem-e-opcao-de-destino-para-ir-no-verao\/Divulga\u00e7\u00e3o\" loading=\"lazy\" decoding=\"async\" class=\"size-large wp-image-2312833\" alt=\"Uma das su\u00edtes da Pousada Encontro da Pedra, em Monte Verde (MG)\" width=\"910\" height=\"607\" srcset=\"https:\/\/catracalivre.com.br\/wp-content\/uploads\/2023\/11\/waldir-alta-910x607.jpg 910w, https:\/\/catracalivre.com.br\/wp-content\/uploads\/2023\/11\/waldir-alta-450x300.jpg 450w, https:\/\/catracalivre.com.br\/wp-content\/uploads\/2023\/11\/waldir-alta-768x512.jpg 768w\" sizes=\"auto, (max-width: 910px) 100vw, 910px\"\/><\/p>\n<p>Cr\u00e9ditos: Divulga\u00e7\u00e3o<\/p>\n<\/div>\n<\/div>\n<p><span class=\"post-imagem__legenda\">Uma das su\u00edtes da Pousada Encontro da Pedra, em Monte Verde (MG)<\/span><\/p>\n<\/div>\n<p>S\u00e3o apenas duas su\u00edtes com acomoda\u00e7\u00f5es amplas e confort\u00e1veis. Um caf\u00e9 da manh\u00e3 delicioso, hidromassagem, lareira, rede e jardim tornam a <a href=\"http:\/\/dapedra.tripcombined.com\" target=\"_blank\" rel=\"noopener\">Pousada Encontro da Pedra<\/a> um ambiente relaxante para desfrutar das festividades de Natal e R\u00e9veillon.<\/p>\n<\/div>\n<p><script>\n\t\t! function(f, b, e, v, n, t, s) {\n\t\t\tif (f.fbq) return;\n\t\t\tn = f.fbq = function() {\n\t\t\t\tn.callMethod ?\n\t\t\t\t\tn.callMethod.apply(n, arguments) : n.queue.push(arguments)\n\t\t\t};\n\t\t\tif (!f._fbq) f._fbq = n;\n\t\t\tn.push = n;\n\t\t\tn.loaded = !0;\n\t\t\tn.version = '2.0';\n\t\t\tn.queue = [];\n\t\t\tt = b.createElement(e);\n\t\t\tt.async = !0;\n\t\t\tt.src = v;\n\t\t\ts = b.getElementsByTagName(e)[0];\n\t\t\ts.parentNode.insertBefore(t, s)\n\t\t}(window, document, 'script',\n\t\t\t'https:\/\/connect.facebook.net\/en_US\/fbevents.js');\n\t\tfbq('init', '338315473262380');\n\t\tfbq('track', 'PageView');\n\t<\/script><br \/>\n<br \/><br \/>\n<br \/><a href=\"https:\/\/catracalivre.com.br\/viagem-livre\/monte-verde-mg-tambem-e-opcao-de-destino-para-ir-no-verao\/\">Source link <\/a><\/p>\n<!-- CONTENT END 1 -->\n","protected":false},"excerpt":{"rendered":"<p>Com temperaturas amenas durante o dia e um friozinho gostoso \u00e0 noite, o charmoso vilarejo mineiro de Monte Verde tamb\u00e9m \u00e9 destino para ir no&#8230;<\/p>\n","protected":false},"author":1,"featured_media":20825,"comment_status":"open","ping_status":"open","sticky":false,"template":"","format":"standard","meta":{"advanced_seo_description":"","jetpack_seo_html_title":"","jetpack_seo_noindex":false,"jetpack_post_was_ever_published":false,"_jetpack_newsletter_access":"","_jetpack_dont_email_post_to_subs":false,"_jetpack_newsletter_tier_id":0,"_jetpack_memberships_contains_paywalled_content":false,"_jetpack_memberships_contains_paid_content":false,"footnotes":"","jetpack_publicize_message":"","jetpack_publicize_feature_enabled":true,"jetpack_social_post_already_shared":true,"jetpack_social_options":{"image_generator_settings":{"template":"highway","default_image_id":0,"font":"","enabled":false},"version":2}},"categories":[19],"tags":[],"class_list":["post-20824","post","type-post","status-publish","format-standard","has-post-thumbnail","hentry","category-variedades"],"jetpack_publicize_connections":[],"jetpack_featured_media_url":"https:\/\/i0.wp.com\/noticiasribeiraopreto.com.br\/wp-content\/uploads\/2023\/12\/monte-verde-divulgacao-pmc.jpg?fit=1200%2C638&ssl=1","jetpack-related-posts":[{"id":4705,"url":"https:\/\/noticiasribeiraopreto.com.br\/index.php\/2023\/11\/22\/13-hospedagens-para-celebrar-natal-e-reveillon\/","url_meta":{"origin":20824,"position":0},"title":"13 hospedagens para celebrar Natal e R\u00e9veillon","author":"noticiasribeiraopreto.com.br","date":"22 de November de 2023","format":false,"excerpt":"Faltam pouco mais de um m\u00eas para o Natal e R\u00e9veillon e j\u00e1 \u00e9 hora de se planejar para as festividades de final de ano. Nesta \u00e9poca, os destinos se transformam em lugares deslumbrantes, decorados com luzes brilhantes e decora\u00e7\u00f5es festivas, tornando os ambientes convidativos para celebrar em fam\u00edlia ou\u2026","rel":"","context":"In &quot;Variedades&quot;","block_context":{"text":"Variedades","link":"https:\/\/noticiasribeiraopreto.com.br\/index.php\/category\/variedades\/"},"img":{"alt_text":"","src":"https:\/\/i0.wp.com\/noticiasribeiraopreto.com.br\/wp-content\/uploads\/2023\/11\/praia-bonita-resort.jpg?fit=1200%2C638&ssl=1&resize=350%2C200","width":350,"height":200,"srcset":"https:\/\/i0.wp.com\/noticiasribeiraopreto.com.br\/wp-content\/uploads\/2023\/11\/praia-bonita-resort.jpg?fit=1200%2C638&ssl=1&resize=350%2C200 1x, https:\/\/i0.wp.com\/noticiasribeiraopreto.com.br\/wp-content\/uploads\/2023\/11\/praia-bonita-resort.jpg?fit=1200%2C638&ssl=1&resize=525%2C300 1.5x, https:\/\/i0.wp.com\/noticiasribeiraopreto.com.br\/wp-content\/uploads\/2023\/11\/praia-bonita-resort.jpg?fit=1200%2C638&ssl=1&resize=700%2C400 2x, https:\/\/i0.wp.com\/noticiasribeiraopreto.com.br\/wp-content\/uploads\/2023\/11\/praia-bonita-resort.jpg?fit=1200%2C638&ssl=1&resize=1050%2C600 3x"},"classes":[]},{"id":19117,"url":"https:\/\/noticiasribeiraopreto.com.br\/index.php\/2023\/12\/21\/5-destinos-ensolarados-recomendados-para-viajar-no-verao-2024\/","url_meta":{"origin":20824,"position":1},"title":"5 destinos ensolarados recomendados para viajar no ver\u00e3o 2024","author":"noticiasribeiraopreto.com.br","date":"21 de December de 2023","format":false,"excerpt":"Apesar das altas temperaturas que v\u00eam sendo registradas h\u00e1 alguns meses no Brasil, o ver\u00e3o no hemisf\u00e9rio Sul come\u00e7a oficialmente na madrugada desta sexta-feira, 22. Com o clima quente, vale a pena se planejar para conhecer novos lugares, passear bastante para aproveitar os dias mais longos, que s\u00e3o caracter\u00edsticos da\u2026","rel":"","context":"In &quot;Variedades&quot;","block_context":{"text":"Variedades","link":"https:\/\/noticiasribeiraopreto.com.br\/index.php\/category\/variedades\/"},"img":{"alt_text":"","src":"https:\/\/i0.wp.com\/noticiasribeiraopreto.com.br\/wp-content\/uploads\/2023\/12\/pontal-de-maracaipe.jpg?fit=1200%2C638&ssl=1&resize=350%2C200","width":350,"height":200,"srcset":"https:\/\/i0.wp.com\/noticiasribeiraopreto.com.br\/wp-content\/uploads\/2023\/12\/pontal-de-maracaipe.jpg?fit=1200%2C638&ssl=1&resize=350%2C200 1x, https:\/\/i0.wp.com\/noticiasribeiraopreto.com.br\/wp-content\/uploads\/2023\/12\/pontal-de-maracaipe.jpg?fit=1200%2C638&ssl=1&resize=525%2C300 1.5x, https:\/\/i0.wp.com\/noticiasribeiraopreto.com.br\/wp-content\/uploads\/2023\/12\/pontal-de-maracaipe.jpg?fit=1200%2C638&ssl=1&resize=700%2C400 2x, https:\/\/i0.wp.com\/noticiasribeiraopreto.com.br\/wp-content\/uploads\/2023\/12\/pontal-de-maracaipe.jpg?fit=1200%2C638&ssl=1&resize=1050%2C600 3x"},"classes":[]},{"id":15199,"url":"https:\/\/noticiasribeiraopreto.com.br\/index.php\/2023\/12\/13\/10-destinos-para-curtir-os-dias-quentes-do-verao-perto-de-sp\/","url_meta":{"origin":20824,"position":2},"title":"10 destinos para curtir os dias quentes do ver\u00e3o perto de SP","author":"noticiasribeiraopreto.com.br","date":"13 de December de 2023","format":false,"excerpt":"Esta\u00e7\u00e3o mais aguardada pela maioria dos brasileiros, o ver\u00e3o come\u00e7a oficialmente no dia 22 de dezembro. Mas os dias ensolarados das \u00faltimas semanas j\u00e1 d\u00e3o uma pr\u00e9via de como ser\u00e1 a esta\u00e7\u00e3o. Para voc\u00ea que procura por op\u00e7\u00f5es para curtir as os dias ensolarados com a fam\u00edlia ou amigos perto\u2026","rel":"","context":"In &quot;Variedades&quot;","block_context":{"text":"Variedades","link":"https:\/\/noticiasribeiraopreto.com.br\/index.php\/category\/variedades\/"},"img":{"alt_text":"","src":"https:\/\/i0.wp.com\/noticiasribeiraopreto.com.br\/wp-content\/uploads\/2023\/12\/embu-das-artes-rua-scaled.jpg?fit=1200%2C638&ssl=1&resize=350%2C200","width":350,"height":200,"srcset":"https:\/\/i0.wp.com\/noticiasribeiraopreto.com.br\/wp-content\/uploads\/2023\/12\/embu-das-artes-rua-scaled.jpg?fit=1200%2C638&ssl=1&resize=350%2C200 1x, https:\/\/i0.wp.com\/noticiasribeiraopreto.com.br\/wp-content\/uploads\/2023\/12\/embu-das-artes-rua-scaled.jpg?fit=1200%2C638&ssl=1&resize=525%2C300 1.5x, https:\/\/i0.wp.com\/noticiasribeiraopreto.com.br\/wp-content\/uploads\/2023\/12\/embu-das-artes-rua-scaled.jpg?fit=1200%2C638&ssl=1&resize=700%2C400 2x, https:\/\/i0.wp.com\/noticiasribeiraopreto.com.br\/wp-content\/uploads\/2023\/12\/embu-das-artes-rua-scaled.jpg?fit=1200%2C638&ssl=1&resize=1050%2C600 3x"},"classes":[]},{"id":60384,"url":"https:\/\/noticiasribeiraopreto.com.br\/index.php\/2024\/11\/12\/aeroporto-de-ribeirao-tera-mais-voos-durante-a-madrugada-saiba-o-destino\/","url_meta":{"origin":20824,"position":3},"title":"Aeroporto de Ribeir\u00e3o ter\u00e1 mais voos durante a madrugada; Saiba o destino","author":"noticiasribeiraopreto.com.br","date":"12 de November de 2024","format":false,"excerpt":"O Minist\u00e9rio do Turismo (Mtur) anunciou, nesta segunda-feira (11), a amplia\u00e7\u00e3o do n\u00famero de voos para diversos destinos do pa\u00eds durante o ver\u00e3o. Em Ribeir\u00e3o Preto, o aeroporto Leite Lopes ter\u00e1 voos extras para Campinas \u2013 saiba mais abaixo. De acordo com o MTur, em todo o pa\u00eds ser\u00e3o 17,8\u2026","rel":"","context":"In &quot;Not\u00edcias de Ribeir\u00e3o Preto-SP e Regi\u00e3o&quot;","block_context":{"text":"Not\u00edcias de Ribeir\u00e3o Preto-SP e Regi\u00e3o","link":"https:\/\/noticiasribeiraopreto.com.br\/index.php\/category\/noticias-de-ribeirao-preto-sp-e-regiao-ismael-colosi\/"},"img":{"alt_text":"","src":"https:\/\/i0.wp.com\/noticiasribeiraopreto.com.br\/wp-content\/uploads\/2024\/11\/WhatsApp-Image-2023-09-15-at-13.19.06.jpeg?fit=1200%2C722&ssl=1&resize=350%2C200","width":350,"height":200,"srcset":"https:\/\/i0.wp.com\/noticiasribeiraopreto.com.br\/wp-content\/uploads\/2024\/11\/WhatsApp-Image-2023-09-15-at-13.19.06.jpeg?fit=1200%2C722&ssl=1&resize=350%2C200 1x, https:\/\/i0.wp.com\/noticiasribeiraopreto.com.br\/wp-content\/uploads\/2024\/11\/WhatsApp-Image-2023-09-15-at-13.19.06.jpeg?fit=1200%2C722&ssl=1&resize=525%2C300 1.5x, https:\/\/i0.wp.com\/noticiasribeiraopreto.com.br\/wp-content\/uploads\/2024\/11\/WhatsApp-Image-2023-09-15-at-13.19.06.jpeg?fit=1200%2C722&ssl=1&resize=700%2C400 2x, https:\/\/i0.wp.com\/noticiasribeiraopreto.com.br\/wp-content\/uploads\/2024\/11\/WhatsApp-Image-2023-09-15-at-13.19.06.jpeg?fit=1200%2C722&ssl=1&resize=1050%2C600 3x"},"classes":[]},{"id":22773,"url":"https:\/\/noticiasribeiraopreto.com.br\/index.php\/2023\/12\/30\/fuja-do-calor-do-verao-e-curta-destinos-de-neve-na-europa\/","url_meta":{"origin":20824,"position":4},"title":"Fuja do calor do ver\u00e3o e curta destinos de neve na Europa","author":"noticiasribeiraopreto.com.br","date":"30 de December de 2023","format":false,"excerpt":"A esta\u00e7\u00e3o mais aguardada pela maioria dos brasileiros chegou. Este ser\u00e1 o primeiro ver\u00e3o sob influ\u00eancia do El Ni\u00f1o em anos no Brasil. Segundo a meteorologia, a probabilidade do pa\u00eds ter ondas de calor \u00e9 menor ao registrado na primavera, mas a temperatura m\u00e9dia do ver\u00e3o deve aumentar. Cr\u00e9ditos: tawatchaiprakobkit\/iStockAlpes\u2026","rel":"","context":"In &quot;Variedades&quot;","block_context":{"text":"Variedades","link":"https:\/\/noticiasribeiraopreto.com.br\/index.php\/category\/variedades\/"},"img":{"alt_text":"","src":"https:\/\/i0.wp.com\/noticiasribeiraopreto.com.br\/wp-content\/uploads\/2023\/12\/istock-1756451543.jpg?fit=1200%2C638&ssl=1&resize=350%2C200","width":350,"height":200,"srcset":"https:\/\/i0.wp.com\/noticiasribeiraopreto.com.br\/wp-content\/uploads\/2023\/12\/istock-1756451543.jpg?fit=1200%2C638&ssl=1&resize=350%2C200 1x, https:\/\/i0.wp.com\/noticiasribeiraopreto.com.br\/wp-content\/uploads\/2023\/12\/istock-1756451543.jpg?fit=1200%2C638&ssl=1&resize=525%2C300 1.5x, https:\/\/i0.wp.com\/noticiasribeiraopreto.com.br\/wp-content\/uploads\/2023\/12\/istock-1756451543.jpg?fit=1200%2C638&ssl=1&resize=700%2C400 2x, https:\/\/i0.wp.com\/noticiasribeiraopreto.com.br\/wp-content\/uploads\/2023\/12\/istock-1756451543.jpg?fit=1200%2C638&ssl=1&resize=1050%2C600 3x"},"classes":[]},{"id":13403,"url":"https:\/\/noticiasribeiraopreto.com.br\/index.php\/2023\/12\/10\/conheca-a-ilha-das-couves-paraiso-imperdivel-em-ubatuba-neste-verao\/","url_meta":{"origin":20824,"position":5},"title":"Conhe\u00e7a a Ilha das Couves, para\u00edso imperd\u00edvel em Ubatuba neste ver\u00e3o","author":"noticiasribeiraopreto.com.br","date":"10 de December de 2023","format":false,"excerpt":"Com mais de 100 praias, ilhas escondidas e cachoeiras de \u00e1guas cristalinas, a cidade de Ubatuba, no litoral norte paulista, \u00e9 a uma \u00f3tima pedida para quem busca ref\u00fagio em meio \u00e0 natureza. Um desses destinos, sem d\u00favida, \u00e9 Ilha das Couves. A aventura j\u00e1 come\u00e7a no caminho, pois este\u2026","rel":"","context":"In &quot;Variedades&quot;","block_context":{"text":"Variedades","link":"https:\/\/noticiasribeiraopreto.com.br\/index.php\/category\/variedades\/"},"img":{"alt_text":"","src":"https:\/\/i0.wp.com\/noticiasribeiraopreto.com.br\/wp-content\/uploads\/2023\/12\/ilha-das-couves-ubatuba.jpg?fit=1200%2C638&ssl=1&resize=350%2C200","width":350,"height":200,"srcset":"https:\/\/i0.wp.com\/noticiasribeiraopreto.com.br\/wp-content\/uploads\/2023\/12\/ilha-das-couves-ubatuba.jpg?fit=1200%2C638&ssl=1&resize=350%2C200 1x, https:\/\/i0.wp.com\/noticiasribeiraopreto.com.br\/wp-content\/uploads\/2023\/12\/ilha-das-couves-ubatuba.jpg?fit=1200%2C638&ssl=1&resize=525%2C300 1.5x, https:\/\/i0.wp.com\/noticiasribeiraopreto.com.br\/wp-content\/uploads\/2023\/12\/ilha-das-couves-ubatuba.jpg?fit=1200%2C638&ssl=1&resize=700%2C400 2x, https:\/\/i0.wp.com\/noticiasribeiraopreto.com.br\/wp-content\/uploads\/2023\/12\/ilha-das-couves-ubatuba.jpg?fit=1200%2C638&ssl=1&resize=1050%2C600 3x"},"classes":[]}],"jetpack_sharing_enabled":true,"jetpack_shortlink":"https:\/\/wp.me\/peQAOb-5pS","_links":{"self":[{"href":"https:\/\/noticiasribeiraopreto.com.br\/index.php\/wp-json\/wp\/v2\/posts\/20824","targetHints":{"allow":["GET"]}}],"collection":[{"href":"https:\/\/noticiasribeiraopreto.com.br\/index.php\/wp-json\/wp\/v2\/posts"}],"about":[{"href":"https:\/\/noticiasribeiraopreto.com.br\/index.php\/wp-json\/wp\/v2\/types\/post"}],"author":[{"embeddable":true,"href":"https:\/\/noticiasribeiraopreto.com.br\/index.php\/wp-json\/wp\/v2\/users\/1"}],"replies":[{"embeddable":true,"href":"https:\/\/noticiasribeiraopreto.com.br\/index.php\/wp-json\/wp\/v2\/comments?post=20824"}],"version-history":[{"count":0,"href":"https:\/\/noticiasribeiraopreto.com.br\/index.php\/wp-json\/wp\/v2\/posts\/20824\/revisions"}],"wp:featuredmedia":[{"embeddable":true,"href":"https:\/\/noticiasribeiraopreto.com.br\/index.php\/wp-json\/wp\/v2\/media\/20825"}],"wp:attachment":[{"href":"https:\/\/noticiasribeiraopreto.com.br\/index.php\/wp-json\/wp\/v2\/media?parent=20824"}],"wp:term":[{"taxonomy":"category","embeddable":true,"href":"https:\/\/noticiasribeiraopreto.com.br\/index.php\/wp-json\/wp\/v2\/categories?post=20824"},{"taxonomy":"post_tag","embeddable":true,"href":"https:\/\/noticiasribeiraopreto.com.br\/index.php\/wp-json\/wp\/v2\/tags?post=20824"}],"curies":[{"name":"wp","href":"https:\/\/api.w.org\/{rel}","templated":true}]}}