{"id":20826,"date":"2023-12-26T15:52:03","date_gmt":"2023-12-26T18:52:03","guid":{"rendered":"https:\/\/noticiasribeiraopreto.com.br\/index.php\/2023\/12\/26\/carro-capota-na-sp-300-e-deixa-vitimas-fatais-uma-delas-foi-arremessada\/"},"modified":"2023-12-26T15:52:03","modified_gmt":"2023-12-26T18:52:03","slug":"carro-capota-na-sp-300-e-deixa-vitimas-fatais-uma-delas-foi-arremessada","status":"publish","type":"post","link":"https:\/\/noticiasribeiraopreto.com.br\/index.php\/2023\/12\/26\/carro-capota-na-sp-300-e-deixa-vitimas-fatais-uma-delas-foi-arremessada\/","title":{"rendered":"Carro capota na SP-300 e deixa v\u00edtimas fatais; uma delas foi arremessada"},"content":{"rendered":"<div class='code-block code-block-1' style='margin: 8px 0 8px auto; text-align: right; display: block; clear: both;'>\n<p><a href=\"https:\/\/wa.link\/vpicfd\"><img data-recalc-dims=\"1\" class=\"wp-image-4922\" style=\"aspect-ratio: 2.0253164556962027; width: 561px; height: auto;\" src=\"https:\/\/i0.wp.com\/ismaelcolosi.com.br\/wp-content\/uploads\/2023\/11\/grupo-de-empregos-whatsapp-e-facebook-ismael-colosi-vagas.jpg?ssl=1\" alt=\"\" \/><\/a><\/p>\n<!-- \/wp:image -->\n<\/div>\n<p> <br \/>\n<\/p>\n<div itemprop=\"text\">\n<p>Uma trag\u00e9dia ocorreu na madrugada desta ter\u00e7a-feira, dia 26 de dezembro, no quil\u00f4metro 174 da Rodovia Marechal Rondon (SP-300), em Laranjal Paulista, em S\u00e3o Paulo, resultando na morte de duas pessoas e ferimentos em outras duas ap\u00f3s o capotamento do ve\u00edculo em que estavam.<\/p>\n<p>Conforme informa\u00e7\u00f5es da Ag\u00eancia de Transporte do Estado de S\u00e3o Paulo (Artesp), o carro, por raz\u00f5es ainda desconhecidas, invadiu a pista contr\u00e1ria, capotou e veio a parar no acostamento.<\/p>\n<p>O impacto foi t\u00e3o severo que uma das v\u00edtimas foi arremessada para fora do ve\u00edculo, perdendo a vida no local do acidente. A segunda v\u00edtima, mesmo sendo encaminhada ao hospital, n\u00e3o resistiu aos ferimentos e veio a falecer.<\/p>\n<p>Outros dois ocupantes do ve\u00edculo foram atendidos e, ap\u00f3s avalia\u00e7\u00e3o m\u00e9dica, foram liberados. As circunst\u00e2ncias que levaram ao tr\u00e1gico acidente est\u00e3o sob investiga\u00e7\u00e3o.<\/p>\n<p>As autoridades buscam esclarecer os eventos que resultaram na perda de vidas e ferimentos. A ocorr\u00eancia serve como um lembrete tr\u00e1gico da import\u00e2ncia da prud\u00eancia ao volante e da necessidade de aten\u00e7\u00e3o constante nas estradas.<\/p>\n<p>\u00c0 medida que as investiga\u00e7\u00f5es avan\u00e7am, familiares e a comunidade local aguardam respostas sobre as causas do acidente que mudou fatalmente a vida das v\u00edtimas e de seus entes queridos.<\/p>\n<p>Infelizmente, acidentes de tr\u00e2nsito s\u00e3o muito comuns no Brasil. E com as viagens para o Natal e o Ano Novo, \u00e9 comum que ocorr\u00eancias desse tipo sejam registradas com mais frequ\u00eancias. Muitos lamentam a situa\u00e7\u00e3o.<\/p>\n<\/div>\n<p><br \/>\n<br \/><a href=\"https:\/\/fnmais.com\/carro-capota-na-sp-300-deixa-vitimas-fatais-delas-foi-arremessada\/\">Source link <\/a><\/p>\n<!-- CONTENT END 1 -->\n","protected":false},"excerpt":{"rendered":"<p>Uma trag\u00e9dia ocorreu na madrugada desta ter\u00e7a-feira, dia 26 de dezembro, no quil\u00f4metro 174 da Rodovia Marechal Rondon (SP-300), em Laranjal Paulista, em S\u00e3o Paulo,&#8230;<\/p>\n","protected":false},"author":1,"featured_media":20827,"comment_status":"open","ping_status":"open","sticky":false,"template":"","format":"standard","meta":{"advanced_seo_description":"","jetpack_seo_html_title":"","jetpack_seo_noindex":false,"jetpack_post_was_ever_published":false,"_jetpack_newsletter_access":"","_jetpack_dont_email_post_to_subs":false,"_jetpack_newsletter_tier_id":0,"_jetpack_memberships_contains_paywalled_content":false,"_jetpack_memberships_contains_paid_content":false,"footnotes":"","jetpack_publicize_message":"","jetpack_publicize_feature_enabled":true,"jetpack_social_post_already_shared":true,"jetpack_social_options":{"image_generator_settings":{"template":"highway","default_image_id":0,"font":"","enabled":false},"version":2}},"categories":[1],"tags":[],"class_list":["post-20826","post","type-post","status-publish","format-standard","has-post-thumbnail","hentry","category-blog"],"jetpack_publicize_connections":[],"jetpack_featured_media_url":"https:\/\/i0.wp.com\/noticiasribeiraopreto.com.br\/wp-content\/uploads\/2023\/12\/postimg-658b0ae1d756c8588.jpg?fit=1200%2C628&ssl=1","jetpack-related-posts":[{"id":84938,"url":"https:\/\/noticiasribeiraopreto.com.br\/index.php\/2026\/04\/18\/acidente-entre-carro-e-ambulancia-deixa-sete-feridos-em-rodovia-no-interior-de-sao-paulo\/","url_meta":{"origin":20826,"position":0},"title":"Acidente entre carro e ambul\u00e2ncia deixa sete feridos em rodovia no interior de S\u00e3o Paulo","author":"noticiasribeiraopreto.com.br","date":"18 de April de 2026","format":false,"excerpt":"Ler o resumo da not\u00edcia Na madrugada de s\u00e1bado (18), na rodovia Engenheiro Ronan Rocha (SP\u2011345), km\u202f26, em Franca (SP), um Corsa colidiu na traseira de uma ambul\u00e2ncia da Arteris Via Paulista que atendia um carro tombado. O carro que havia sa\u00eddo da pista transportava cinco ocupantes que retornavam de\u2026","rel":"","context":"In &quot;Not\u00edcias de Ribeir\u00e3o Preto-SP e Regi\u00e3o&quot;","block_context":{"text":"Not\u00edcias de Ribeir\u00e3o Preto-SP e Regi\u00e3o","link":"https:\/\/noticiasribeiraopreto.com.br\/index.php\/category\/noticias-de-ribeirao-preto-sp-e-regiao-ismael-colosi\/"},"img":{"alt_text":"","src":"https:\/\/i0.wp.com\/noticiasribeiraopreto.com.br\/wp-content\/uploads\/2026\/04\/domingo-1_2026-04-18_13-31-02.webp.webp?fit=1200%2C675&ssl=1&resize=350%2C200","width":350,"height":200,"srcset":"https:\/\/i0.wp.com\/noticiasribeiraopreto.com.br\/wp-content\/uploads\/2026\/04\/domingo-1_2026-04-18_13-31-02.webp.webp?fit=1200%2C675&ssl=1&resize=350%2C200 1x, https:\/\/i0.wp.com\/noticiasribeiraopreto.com.br\/wp-content\/uploads\/2026\/04\/domingo-1_2026-04-18_13-31-02.webp.webp?fit=1200%2C675&ssl=1&resize=525%2C300 1.5x, https:\/\/i0.wp.com\/noticiasribeiraopreto.com.br\/wp-content\/uploads\/2026\/04\/domingo-1_2026-04-18_13-31-02.webp.webp?fit=1200%2C675&ssl=1&resize=700%2C400 2x, https:\/\/i0.wp.com\/noticiasribeiraopreto.com.br\/wp-content\/uploads\/2026\/04\/domingo-1_2026-04-18_13-31-02.webp.webp?fit=1200%2C675&ssl=1&resize=1050%2C600 3x"},"classes":[]},{"id":82186,"url":"https:\/\/noticiasribeiraopreto.com.br\/index.php\/2026\/02\/06\/video-mulher-morre-em-acidente-na-regiao\/","url_meta":{"origin":20826,"position":1},"title":"V\u00cdDEO &#8211; Mulher morre em acidente na regi\u00e3o","author":"noticiasribeiraopreto.com.br","date":"6 de February de 2026","format":false,"excerpt":"\r Carro em que a v\u00edtima estava com a fam\u00edlia foi atingido por uma carreta em rodovia de pista simples que liga S\u00e3o Carlos a Porto Ferreira\r \r 6 de fevereiro de 2026 10:336 de fevereiro de 2026 10:34 \r Compartilhar2 Por: Adalberto Luque \u2013 Uma mulher morreu e outras\u2026","rel":"","context":"In &quot;Not\u00edcias de Ribeir\u00e3o Preto-SP e Regi\u00e3o&quot;","block_context":{"text":"Not\u00edcias de Ribeir\u00e3o Preto-SP e Regi\u00e3o","link":"https:\/\/noticiasribeiraopreto.com.br\/index.php\/category\/noticias-de-ribeirao-preto-sp-e-regiao-ismael-colosi\/"},"img":{"alt_text":"","src":"https:\/\/i0.wp.com\/noticiasribeiraopreto.com.br\/wp-content\/uploads\/2026\/02\/06-fev-2026-acidentedescalvado0-scaled.jpg?fit=963%2C780&ssl=1&resize=350%2C200","width":350,"height":200,"srcset":"https:\/\/i0.wp.com\/noticiasribeiraopreto.com.br\/wp-content\/uploads\/2026\/02\/06-fev-2026-acidentedescalvado0-scaled.jpg?fit=963%2C780&ssl=1&resize=350%2C200 1x, https:\/\/i0.wp.com\/noticiasribeiraopreto.com.br\/wp-content\/uploads\/2026\/02\/06-fev-2026-acidentedescalvado0-scaled.jpg?fit=963%2C780&ssl=1&resize=525%2C300 1.5x, https:\/\/i0.wp.com\/noticiasribeiraopreto.com.br\/wp-content\/uploads\/2026\/02\/06-fev-2026-acidentedescalvado0-scaled.jpg?fit=963%2C780&ssl=1&resize=700%2C400 2x"},"classes":[]},{"id":61388,"url":"https:\/\/noticiasribeiraopreto.com.br\/index.php\/2024\/12\/11\/duas-pessoas-sao-arremessadas-de-moto-apos-serem-atingidas-por-carro-em-ribeirao-video\/","url_meta":{"origin":20826,"position":2},"title":"Duas pessoas s\u00e3o arremessadas de moto ap\u00f3s serem atingidas por carro em Ribeir\u00e3o; V\u00eddeo","author":"noticiasribeiraopreto.com.br","date":"11 de December de 2024","format":false,"excerpt":"Um motociclista e a passageira que seguia na moto foram arremessados na manh\u00e3 desta quarta-feira (11), ap\u00f3s o ve\u00edculo ser atingido na traseira por um carro, na avenida Caramuru, em Ribeir\u00e3o Preto. Assista ao v\u00eddeo abaixo. Uma c\u00e2mera de seguran\u00e7a registrou o momento em que o motociclista para a moto\u2026","rel":"","context":"In &quot;Not\u00edcias de Ribeir\u00e3o Preto-SP e Regi\u00e3o&quot;","block_context":{"text":"Not\u00edcias de Ribeir\u00e3o Preto-SP e Regi\u00e3o","link":"https:\/\/noticiasribeiraopreto.com.br\/index.php\/category\/noticias-de-ribeirao-preto-sp-e-regiao-ismael-colosi\/"},"img":{"alt_text":"","src":"https:\/\/i0.wp.com\/noticiasribeiraopreto.com.br\/wp-content\/uploads\/2024\/12\/Capturar_2024-12-11_14-24-54_jpg_2024-12-11_14-24-55.webp.webp?fit=805%2C432&ssl=1&resize=350%2C200","width":350,"height":200,"srcset":"https:\/\/i0.wp.com\/noticiasribeiraopreto.com.br\/wp-content\/uploads\/2024\/12\/Capturar_2024-12-11_14-24-54_jpg_2024-12-11_14-24-55.webp.webp?fit=805%2C432&ssl=1&resize=350%2C200 1x, https:\/\/i0.wp.com\/noticiasribeiraopreto.com.br\/wp-content\/uploads\/2024\/12\/Capturar_2024-12-11_14-24-54_jpg_2024-12-11_14-24-55.webp.webp?fit=805%2C432&ssl=1&resize=525%2C300 1.5x, https:\/\/i0.wp.com\/noticiasribeiraopreto.com.br\/wp-content\/uploads\/2024\/12\/Capturar_2024-12-11_14-24-54_jpg_2024-12-11_14-24-55.webp.webp?fit=805%2C432&ssl=1&resize=700%2C400 2x"},"classes":[]},{"id":53062,"url":"https:\/\/noticiasribeiraopreto.com.br\/index.php\/2024\/06\/15\/duas-vitimas-sao-socorridas-com-ferimentos-graves-apos-acidente-com-motos-em-ribeirao\/","url_meta":{"origin":20826,"position":3},"title":"Duas v\u00edtimas s\u00e3o socorridas com ferimentos graves ap\u00f3s acidente com motos em Ribeir\u00e3o","author":"noticiasribeiraopreto.com.br","date":"15 de June de 2024","format":false,"excerpt":"Duas pessoas foram socorridas com ferimentos graves na tarde deste s\u00e1bado (15), depois de um acidente com duas motos no Distrito Empresarial de Ribeir\u00e3o Preto. Segundo ao Corpo de Bombeiros, o acidente ocorreu na rua Raphael Andreolli e as v\u00edtimas sofreram traumatismo craniano. Elas foram encaminhadas ao Hospital das Cl\u00ednicas\u2026","rel":"","context":"In &quot;Not\u00edcias de Ribeir\u00e3o Preto-SP e Regi\u00e3o&quot;","block_context":{"text":"Not\u00edcias de Ribeir\u00e3o Preto-SP e Regi\u00e3o","link":"https:\/\/noticiasribeiraopreto.com.br\/index.php\/category\/noticias-de-ribeirao-preto-sp-e-regiao-ismael-colosi\/"},"img":{"alt_text":"","src":"https:\/\/i0.wp.com\/noticiasribeiraopreto.com.br\/wp-content\/uploads\/2024\/06\/BOMBEIROS-1024x575-1_2024-05-31_13-44-44_jpg_2024-05-31_13-44-44.webp.webp?fit=1024%2C575&ssl=1&resize=350%2C200","width":350,"height":200,"srcset":"https:\/\/i0.wp.com\/noticiasribeiraopreto.com.br\/wp-content\/uploads\/2024\/06\/BOMBEIROS-1024x575-1_2024-05-31_13-44-44_jpg_2024-05-31_13-44-44.webp.webp?fit=1024%2C575&ssl=1&resize=350%2C200 1x, https:\/\/i0.wp.com\/noticiasribeiraopreto.com.br\/wp-content\/uploads\/2024\/06\/BOMBEIROS-1024x575-1_2024-05-31_13-44-44_jpg_2024-05-31_13-44-44.webp.webp?fit=1024%2C575&ssl=1&resize=525%2C300 1.5x, https:\/\/i0.wp.com\/noticiasribeiraopreto.com.br\/wp-content\/uploads\/2024\/06\/BOMBEIROS-1024x575-1_2024-05-31_13-44-44_jpg_2024-05-31_13-44-44.webp.webp?fit=1024%2C575&ssl=1&resize=700%2C400 2x"},"classes":[]},{"id":29182,"url":"https:\/\/noticiasribeiraopreto.com.br\/index.php\/2024\/01\/17\/acidente-provoca-tragedia-na-br-280-deixa-vitimas-fatais-e-cenario-de-destruicao\/","url_meta":{"origin":20826,"position":4},"title":"Acidente provoca trag\u00e9dia na BR-280, deixa v\u00edtimas fatais e cen\u00e1rio de destrui\u00e7\u00e3o","author":"noticiasribeiraopreto.com.br","date":"17 de January de 2024","format":false,"excerpt":"Um grave acidente envolvendo dois ve\u00edculos provocou uma verdadeira trag\u00e9dia que teve cen\u00e1rio a rodovia BR-280.De acordo com as primeiras informa\u00e7\u00f5es repassadas pelas autoridades locais respons\u00e1veis pelo atendimento da ocorr\u00eancia, a colis\u00e3o violenta aconteceu na altura da cidade de Canoinhas, localizada na regi\u00e3o do Planalto Norte do estado de Santa\u2026","rel":"","context":"In &quot;Blog&quot;","block_context":{"text":"Blog","link":"https:\/\/noticiasribeiraopreto.com.br\/index.php\/category\/blog\/"},"img":{"alt_text":"","src":"https:\/\/i0.wp.com\/noticiasribeiraopreto.com.br\/wp-content\/uploads\/2024\/01\/postimg-65a8304ced6827072.jpg?fit=1200%2C675&ssl=1&resize=350%2C200","width":350,"height":200,"srcset":"https:\/\/i0.wp.com\/noticiasribeiraopreto.com.br\/wp-content\/uploads\/2024\/01\/postimg-65a8304ced6827072.jpg?fit=1200%2C675&ssl=1&resize=350%2C200 1x, https:\/\/i0.wp.com\/noticiasribeiraopreto.com.br\/wp-content\/uploads\/2024\/01\/postimg-65a8304ced6827072.jpg?fit=1200%2C675&ssl=1&resize=525%2C300 1.5x, https:\/\/i0.wp.com\/noticiasribeiraopreto.com.br\/wp-content\/uploads\/2024\/01\/postimg-65a8304ced6827072.jpg?fit=1200%2C675&ssl=1&resize=700%2C400 2x, https:\/\/i0.wp.com\/noticiasribeiraopreto.com.br\/wp-content\/uploads\/2024\/01\/postimg-65a8304ced6827072.jpg?fit=1200%2C675&ssl=1&resize=1050%2C600 3x"},"classes":[]},{"id":54613,"url":"https:\/\/noticiasribeiraopreto.com.br\/index.php\/2024\/07\/14\/ciclista-morre-apos-ser-atropelado-no-anel-viario-sul-em-ribeirao-preto\/","url_meta":{"origin":20826,"position":5},"title":"Ciclista morre ap\u00f3s ser atropelado no Anel Vi\u00e1rio Sul em Ribeir\u00e3o Preto","author":"noticiasribeiraopreto.com.br","date":"14 de July de 2024","format":false,"excerpt":"Um ciclista morreu atropelado, na manh\u00e3 deste domingo (14), ap\u00f3s ser atropelado por um carro. O acidente fatal ocorreu no quil\u00f4metro 312 da rodovia Ant\u00f4nio Duarte Nogueira (SP-322), no Anel Vi\u00e1rio Sul de Ribeir\u00e3o Preto, sentido Sert\u00e3ozinho. Segundo o boletim de ocorr\u00eancia, Luciano da Silva, de 47 anos, estava em\u2026","rel":"","context":"In &quot;Not\u00edcias de Ribeir\u00e3o Preto-SP e Regi\u00e3o&quot;","block_context":{"text":"Not\u00edcias de Ribeir\u00e3o Preto-SP e Regi\u00e3o","link":"https:\/\/noticiasribeiraopreto.com.br\/index.php\/category\/noticias-de-ribeirao-preto-sp-e-regiao-ismael-colosi\/"},"img":{"alt_text":"","src":"https:\/\/i0.wp.com\/noticiasribeiraopreto.com.br\/wp-content\/uploads\/2024\/07\/Copia-de-Copia-de-TAMANHO-EXATO-PARA-FOTOS-NO-SISTEMA-NOVO-17_2024-07-14_21-25-08_jpg_2024-07-14_21-25-08.webp.webp?fit=1200%2C675&ssl=1&resize=350%2C200","width":350,"height":200,"srcset":"https:\/\/i0.wp.com\/noticiasribeiraopreto.com.br\/wp-content\/uploads\/2024\/07\/Copia-de-Copia-de-TAMANHO-EXATO-PARA-FOTOS-NO-SISTEMA-NOVO-17_2024-07-14_21-25-08_jpg_2024-07-14_21-25-08.webp.webp?fit=1200%2C675&ssl=1&resize=350%2C200 1x, https:\/\/i0.wp.com\/noticiasribeiraopreto.com.br\/wp-content\/uploads\/2024\/07\/Copia-de-Copia-de-TAMANHO-EXATO-PARA-FOTOS-NO-SISTEMA-NOVO-17_2024-07-14_21-25-08_jpg_2024-07-14_21-25-08.webp.webp?fit=1200%2C675&ssl=1&resize=525%2C300 1.5x, https:\/\/i0.wp.com\/noticiasribeiraopreto.com.br\/wp-content\/uploads\/2024\/07\/Copia-de-Copia-de-TAMANHO-EXATO-PARA-FOTOS-NO-SISTEMA-NOVO-17_2024-07-14_21-25-08_jpg_2024-07-14_21-25-08.webp.webp?fit=1200%2C675&ssl=1&resize=700%2C400 2x, https:\/\/i0.wp.com\/noticiasribeiraopreto.com.br\/wp-content\/uploads\/2024\/07\/Copia-de-Copia-de-TAMANHO-EXATO-PARA-FOTOS-NO-SISTEMA-NOVO-17_2024-07-14_21-25-08_jpg_2024-07-14_21-25-08.webp.webp?fit=1200%2C675&ssl=1&resize=1050%2C600 3x"},"classes":[]}],"jetpack_sharing_enabled":true,"jetpack_shortlink":"https:\/\/wp.me\/peQAOb-5pU","_links":{"self":[{"href":"https:\/\/noticiasribeiraopreto.com.br\/index.php\/wp-json\/wp\/v2\/posts\/20826","targetHints":{"allow":["GET"]}}],"collection":[{"href":"https:\/\/noticiasribeiraopreto.com.br\/index.php\/wp-json\/wp\/v2\/posts"}],"about":[{"href":"https:\/\/noticiasribeiraopreto.com.br\/index.php\/wp-json\/wp\/v2\/types\/post"}],"author":[{"embeddable":true,"href":"https:\/\/noticiasribeiraopreto.com.br\/index.php\/wp-json\/wp\/v2\/users\/1"}],"replies":[{"embeddable":true,"href":"https:\/\/noticiasribeiraopreto.com.br\/index.php\/wp-json\/wp\/v2\/comments?post=20826"}],"version-history":[{"count":0,"href":"https:\/\/noticiasribeiraopreto.com.br\/index.php\/wp-json\/wp\/v2\/posts\/20826\/revisions"}],"wp:featuredmedia":[{"embeddable":true,"href":"https:\/\/noticiasribeiraopreto.com.br\/index.php\/wp-json\/wp\/v2\/media\/20827"}],"wp:attachment":[{"href":"https:\/\/noticiasribeiraopreto.com.br\/index.php\/wp-json\/wp\/v2\/media?parent=20826"}],"wp:term":[{"taxonomy":"category","embeddable":true,"href":"https:\/\/noticiasribeiraopreto.com.br\/index.php\/wp-json\/wp\/v2\/categories?post=20826"},{"taxonomy":"post_tag","embeddable":true,"href":"https:\/\/noticiasribeiraopreto.com.br\/index.php\/wp-json\/wp\/v2\/tags?post=20826"}],"curies":[{"name":"wp","href":"https:\/\/api.w.org\/{rel}","templated":true}]}}