{"id":20828,"date":"2023-12-26T15:53:10","date_gmt":"2023-12-26T18:53:10","guid":{"rendered":"https:\/\/noticiasribeiraopreto.com.br\/index.php\/2023\/12\/26\/publicacao-do-edital-deve-ocorrer-em-janeiro\/"},"modified":"2023-12-26T15:53:10","modified_gmt":"2023-12-26T18:53:10","slug":"publicacao-do-edital-deve-ocorrer-em-janeiro","status":"publish","type":"post","link":"https:\/\/noticiasribeiraopreto.com.br\/index.php\/2023\/12\/26\/publicacao-do-edital-deve-ocorrer-em-janeiro\/","title":{"rendered":"publica\u00e7\u00e3o do edital deve ocorrer em janeiro"},"content":{"rendered":"<div class='code-block code-block-1' style='margin: 8px 0 8px auto; text-align: right; display: block; clear: both;'>\n<p><a href=\"https:\/\/wa.link\/vpicfd\"><img data-recalc-dims=\"1\" class=\"wp-image-4922\" style=\"aspect-ratio: 2.0253164556962027; width: 561px; height: auto;\" src=\"https:\/\/i0.wp.com\/ismaelcolosi.com.br\/wp-content\/uploads\/2023\/11\/grupo-de-empregos-whatsapp-e-facebook-ismael-colosi-vagas.jpg?ssl=1\" alt=\"\" \/><\/a><\/p>\n<!-- \/wp:image -->\n<\/div>\n<p> <br \/>\n<\/p>\n<div>\n<p><img data-recalc-dims=\"1\" decoding=\"async\" src=\"https:\/\/i0.wp.com\/jcconcursos.uol.com.br\/media\/uploads\/noticia\/concurso-cefet-rj-1.jpg?ssl=1\" class=\"lazy\" loading=\"lazy\"\/><noscript><img data-recalc-dims=\"1\" decoding=\"async\" src=\"https:\/\/i0.wp.com\/jcconcursos.uol.com.br\/media\/uploads\/noticia\/concurso-cefet-rj-1.jpg?ssl=1\"\/><\/noscript><\/p>\n<div>\n<p>A publica\u00e7\u00e3o do edital do novo<a href=\"https:\/\/jcconcursos.com.br\/concurso\/concurso-cefet-78609\" rel=\"noopener\" target=\"_blank\"> concurso Cefet RJ<\/a> (Centro Federal de Educa\u00e7\u00e3o Tecnol\u00f3gica Celso Suckow da Fonseca) est\u00e1 prevista para ocorrer em janeiro, de acordo com as \u00faltimas informa\u00e7\u00f5es da institui\u00e7\u00e3o. <a href=\"https:\/\/jcconcursos.com.br\/noticia\/concursos\/concurso-cefet-rj-definida-oferta-de-vagas-edital-iminente-veja-119878\" rel=\"noopener\" target=\"_blank\">O certame j\u00e1 conta, inclusive, com contrato assinado com a banca desde o \u00faltimo dia 4<\/a>. A escolhida \u00e9 o <a href=\"https:\/\/selecon.org.br\/\" rel=\"noopener\" target=\"_blank\">Instituto Selecon<\/a>.<\/p>\n<p>Ao todo, a <a href=\"http:\/\/www.cefet-rj.br\/\" rel=\"noopener\" target=\"_blank\">Cefet RJ<\/a> deve oferecer 92 vagas, distribu\u00eddas por diversos cargos de n\u00edveis <a href=\"https:\/\/jcconcursos.com.br\/concursos\/nivel-escolar\/medio\" rel=\"noopener\" target=\"_blank\">m\u00e9dio<\/a>, t\u00e9cnico e <a href=\"https:\/\/jcconcursos.com.br\/concursos\/nivel-escolar\/superior\" rel=\"noopener\" target=\"_blank\">superior<\/a>, com iniciais de at\u00e9 R$ 5.214,92.<\/p>\n<p>No caso de <strong>ensino m\u00e9dio<\/strong>, o concurso Cefet RJ ser\u00e1 para os seguintes cargos:<\/p>\n<ul>\n<li>assistente em administra\u00e7\u00e3o \u2013 43 vagas<\/li>\n<li>assistente de alunos \u2013 6 vagas<\/li>\n<\/ul>\n<p>Para<strong> ensino m\u00e9dio com forma\u00e7\u00e3o t\u00e9cnica<\/strong>:<\/p>\n<ul>\n<li>t\u00e9cnico de laborat\u00f3rio \u2013 6 vagas<\/li>\n<li>t\u00e9cnico em tecnologia da informa\u00e7\u00e3o \u2013 11 vagas<\/li>\n<\/ul>\n<p>Por fim, para<strong> n\u00edvel superior<\/strong>:<\/p>\n<ul>\n<li>administrador \u2013 6 vagas<\/li>\n<li>arquiteto\/urbanista \u2013 1 vaga<\/li>\n<li>bibliotec\u00e1rio \u2013 1 vaga<\/li>\n<li>contador \u2013 1 vaga<\/li>\n<li>engenheiro \u2013 1 vaga<\/li>\n<li>nutricionista \u2013 1 vaga<\/li>\n<li>pedagogo \u2013 2 vagas<\/li>\n<li>psic\u00f3logo \u2013 1 vaga<\/li>\n<li>t\u00e9cnico em assuntos educacionais \u2013 9 vagas<\/li>\n<li>tecn\u00f3logo \u2013 3 vagas<\/li>\n<\/ul>\n<p>As remunera\u00e7\u00f5es, j\u00e1 considerando o aux\u00edlio-alimenta\u00e7\u00e3o de R$ 658, s\u00e3o as seguintes:<\/p>\n<ul>\n<li>assistente de alunos \u2013 R$ 2.778,13<\/li>\n<li>cargos de n\u00edveis m\u00e9dio e t\u00e9cnico \u2013 R$ 3.325,19<\/li>\n<li>cargos de n\u00edvel superior \u2013 R$ 5.214,92<\/li>\n<\/ul>\n<h2>Saiba como foi a \u00faltima sele\u00e7\u00e3o<\/h2>\n<p>O \u00faltimo <strong>concurso Cefet RJ<\/strong> \u00e9 recente e foi realizado por meio de um processo seletivo para o preenchimento de 21 vagas para professores substitutos para contrata\u00e7\u00f5es em car\u00e1ter tempor\u00e1rio. As inscri\u00e7\u00f5es foram recebidas em abril.<\/p>\n<p>A distribui\u00e7\u00e3o de vagas por \u00e1reas foi a seguinte:<\/p>\n<ul>\n<li>administra\u00e7\u00e3o \u2013 2 vagas<\/li>\n<li>administra\u00e7\u00e3o financeira\/ contabilidade\/ administra\u00e7\u00e3o geral \u2013 1 vaga<\/li>\n<li>artes \u2013 1 vaga<\/li>\n<li>ci\u00eancia e tecnologia de alimentos \u2013 1 vaga<\/li>\n<li>contabilidade \u2013 1 vaga<\/li>\n<li>direito \u2013 1 vaga<\/li>\n<li>engenharia el\u00e9trica \u2013 1 vaga<\/li>\n<li>engenharia mec\u00e2nica \u2013 3 vagas<\/li>\n<li>engenharia metal\u00fargica \u2013 1 vaga<\/li>\n<li>engenharia de produ\u00e7\u00e3o \u2013 3 vagas<\/li>\n<li>geografia \u2013 1 vaga<\/li>\n<li>hist\u00f3ria \u2013 1 vaga<\/li>\n<li>hist\u00f3ria da arte \u2013 1 vaga<\/li>\n<li>l\u00edngua portuguesa e literatura brasileira \u2013 1 vaga<\/li>\n<li>l\u00edngua portuguesa\/l\u00edngua estrangeira \u2013 ingl\u00eas \u2013 1 vaga<\/li>\n<li>turismo \u2013 1 vaga<\/li>\n<\/ul>\n<p>Para efetivos, o \u00faltimo concurso ocorreu em 2019, quando foram oferecidas 22 vagas efetivas para cargos de magist\u00e9rio federal da carreira do ensino b\u00e1sico, t\u00e9cnico e tecnol\u00f3gico. A banca organizadora foi a pr\u00f3pria institui\u00e7\u00e3o.<\/p>\n<p>A sele\u00e7\u00e3o foi composta pelas seguintes etapas:<\/p>\n<ul>\n<li>prova escrita (eliminat\u00f3ria e classificat\u00f3ria);<\/li>\n<li>prova p\u00fablica de aula (eliminat\u00f3ria e classificat\u00f3ria);<\/li>\n<li>an\u00e1lise de t\u00edtulos (classificat\u00f3ria);<\/li>\n<li>prova p\u00fablica de argui\u00e7\u00e3o de projeto de pesquisa (eliminat\u00f3ria e classificat\u00f3ria).<\/li>\n<\/ul>\n<p><a id=\"gnews_btn\" href=\"https:\/\/news.google.com\/publications\/CAAqBwgKMOixlQswuZWrAw\" target=\"_blank\" class=\"border_jc_blue link_hover_bg_jc_blue font_85 d-block d-md-inline-block px-2 py-1 mr-0 mr-md-2 mb-3 w-100 text-center\" rel=\"noopener\"><span class=\"text_jc_blue\">Siga o <strong>JC Concursos no Google News<\/strong><\/span><\/a><span id=\"resumo\" class=\"anchor_link\"\/><a href=\"https:\/\/jcconcursos.com.br\/\" class=\"badge badge-light\">concursos<\/a><a href=\"https:\/\/jcconcursos.com.br\/concursos\/previstos\" class=\"badge badge-light\">concursos 2023<\/a><a href=\"https:\/\/jcconcursos.com.br\/concursos\/rj\" class=\"badge badge-light\">concursos rj (rio de janeiro)<\/a><a href=\"https:\/\/jcconcursos.com.br\/provas\/por-orgao\" class=\"badge badge-light\">provas anteriores<\/a><\/p>\n<\/div>\n<p><a href=\"https:\/\/jcconcursos.com.br\/noticia\/concursos\/concurso-cefet-rj-publicacao-do-edital-deve-ocorrer-em-janeiro-120383\">Source link <\/a><\/p>\n<\/p><\/div>\n<p><br \/>\n<br \/><a href=\"https:\/\/ismaelcolosi.com.br\/publicacao-do-edital-deve-ocorrer-em-janeiro\/\">Source link <\/a><\/p>\n<!-- CONTENT END 1 -->\n","protected":false},"excerpt":{"rendered":"<p>A publica\u00e7\u00e3o do edital do novo concurso Cefet RJ (Centro Federal de Educa\u00e7\u00e3o Tecnol\u00f3gica Celso Suckow da Fonseca) est\u00e1 prevista para ocorrer em janeiro, de&#8230;<\/p>\n","protected":false},"author":1,"featured_media":20829,"comment_status":"open","ping_status":"open","sticky":false,"template":"","format":"standard","meta":{"advanced_seo_description":"","jetpack_seo_html_title":"","jetpack_seo_noindex":false,"jetpack_post_was_ever_published":false,"_jetpack_newsletter_access":"","_jetpack_dont_email_post_to_subs":false,"_jetpack_newsletter_tier_id":0,"_jetpack_memberships_contains_paywalled_content":false,"_jetpack_memberships_contains_paid_content":false,"footnotes":"","jetpack_publicize_message":"","jetpack_publicize_feature_enabled":true,"jetpack_social_post_already_shared":true,"jetpack_social_options":{"image_generator_settings":{"template":"highway","default_image_id":0,"font":"","enabled":false},"version":2}},"categories":[7],"tags":[],"class_list":["post-20828","post","type-post","status-publish","format-standard","has-post-thumbnail","hentry","category-vagas-de-empregos-em-ribeirao-preto-regiao-brasil"],"jetpack_publicize_connections":[],"jetpack_featured_media_url":"https:\/\/i0.wp.com\/noticiasribeiraopreto.com.br\/wp-content\/uploads\/2023\/12\/1703616794_concurso-cefet-rj-1.jpg?fit=1920%2C1080&ssl=1","jetpack-related-posts":[{"id":12783,"url":"https:\/\/noticiasribeiraopreto.com.br\/index.php\/2023\/12\/08\/concurso-bacen-em-ajustes-finais-edital-deve-ser-publicado-ate-janeiro\/","url_meta":{"origin":20828,"position":0},"title":"Concurso Bacen; em ajustes finais, edital deve ser publicado at\u00e9 janeiro","author":"noticiasribeiraopreto.com.br","date":"8 de December de 2023","format":false,"excerpt":"A publica\u00e7\u00e3o do edital do novo concurso Bacen (Banco Central do Brasil) depende apenas de \u00faltimos ajutes que est\u00e3o sendo feito em conjunto com a banca organizadora, que ser\u00e1 o Cebraspe. O contrato j\u00e1 est\u00e1 assinado, mas ainda n\u00e3o foi oficialmente publicado no di\u00e1rio oficial, o que deve ocorrer nos\u2026","rel":"","context":"In &quot;Vagas de Emprego em Ribeir\u00e3o Preto-SP&quot;","block_context":{"text":"Vagas de Emprego em Ribeir\u00e3o Preto-SP","link":"https:\/\/noticiasribeiraopreto.com.br\/index.php\/category\/empregos-classificados-vagas-trabalho\/vagas-de-empregos-em-ribeirao-preto-regiao-brasil\/"},"img":{"alt_text":"","src":"https:\/\/i0.wp.com\/noticiasribeiraopreto.com.br\/wp-content\/uploads\/2023\/12\/1702060405_bacen_novoo.jpg?fit=1200%2C675&ssl=1&resize=350%2C200","width":350,"height":200,"srcset":"https:\/\/i0.wp.com\/noticiasribeiraopreto.com.br\/wp-content\/uploads\/2023\/12\/1702060405_bacen_novoo.jpg?fit=1200%2C675&ssl=1&resize=350%2C200 1x, https:\/\/i0.wp.com\/noticiasribeiraopreto.com.br\/wp-content\/uploads\/2023\/12\/1702060405_bacen_novoo.jpg?fit=1200%2C675&ssl=1&resize=525%2C300 1.5x, https:\/\/i0.wp.com\/noticiasribeiraopreto.com.br\/wp-content\/uploads\/2023\/12\/1702060405_bacen_novoo.jpg?fit=1200%2C675&ssl=1&resize=700%2C400 2x, https:\/\/i0.wp.com\/noticiasribeiraopreto.com.br\/wp-content\/uploads\/2023\/12\/1702060405_bacen_novoo.jpg?fit=1200%2C675&ssl=1&resize=1050%2C600 3x"},"classes":[]},{"id":16062,"url":"https:\/\/noticiasribeiraopreto.com.br\/index.php\/2023\/12\/14\/edital-para-auditor-previsto-para-sair-em-janeiro\/","url_meta":{"origin":20828,"position":1},"title":"edital para auditor previsto para sair em janeiro","author":"noticiasribeiraopreto.com.br","date":"14 de December de 2023","format":false,"excerpt":"O concurso Minist\u00e9rio da Fazenda, autorizado em 19 de julho, pela ministra da Gest\u00e3o e da Inova\u00e7\u00e3o dos Servi\u00e7os P\u00fablicos Esther Dweck, est\u00e1 em fase de defini\u00e7\u00e3o da banca organizadora, que deve ser anunciada no decorrer dos pr\u00f3ximos dias. Acontece que, de acordo com o aval, a publica\u00e7\u00e3o do edital\u2026","rel":"","context":"In &quot;Vagas de Emprego em Ribeir\u00e3o Preto-SP&quot;","block_context":{"text":"Vagas de Emprego em Ribeir\u00e3o Preto-SP","link":"https:\/\/noticiasribeiraopreto.com.br\/index.php\/category\/empregos-classificados-vagas-trabalho\/vagas-de-empregos-em-ribeirao-preto-regiao-brasil\/"},"img":{"alt_text":"","src":"https:\/\/i0.wp.com\/noticiasribeiraopreto.com.br\/wp-content\/uploads\/2023\/12\/ministerio_da_fazenda_novoo.jpg?fit=1200%2C675&ssl=1&resize=350%2C200","width":350,"height":200,"srcset":"https:\/\/i0.wp.com\/noticiasribeiraopreto.com.br\/wp-content\/uploads\/2023\/12\/ministerio_da_fazenda_novoo.jpg?fit=1200%2C675&ssl=1&resize=350%2C200 1x, https:\/\/i0.wp.com\/noticiasribeiraopreto.com.br\/wp-content\/uploads\/2023\/12\/ministerio_da_fazenda_novoo.jpg?fit=1200%2C675&ssl=1&resize=525%2C300 1.5x, https:\/\/i0.wp.com\/noticiasribeiraopreto.com.br\/wp-content\/uploads\/2023\/12\/ministerio_da_fazenda_novoo.jpg?fit=1200%2C675&ssl=1&resize=700%2C400 2x, https:\/\/i0.wp.com\/noticiasribeiraopreto.com.br\/wp-content\/uploads\/2023\/12\/ministerio_da_fazenda_novoo.jpg?fit=1200%2C675&ssl=1&resize=1050%2C600 3x"},"classes":[]},{"id":16358,"url":"https:\/\/noticiasribeiraopreto.com.br\/index.php\/2023\/12\/15\/edital-para-oficiais-deve-ser-publicado-no-inicio-de-2024\/","url_meta":{"origin":20828,"position":2},"title":"edital para oficiais deve ser publicado no in\u00edcio de 2024","author":"noticiasribeiraopreto.com.br","date":"15 de December de 2023","format":false,"excerpt":"A publica\u00e7\u00e3o do edital do novo concurso PME RJ (Pol\u00edcia Militar do Estado do Rio de Janeiro) para oficiais deve ser publicado j\u00e1 no in\u00edcio de 2024. A confirma\u00e7\u00e3o \u00e9 do secret\u00e1rio da corpora\u00e7\u00e3o, coronel Lu\u00eds Henrique, em entrevista ao podcast \u201cFala guerreiro\u201d. \u201cA previs\u00e3o \u00e9 que a gente tenha\u2026","rel":"","context":"In &quot;Vagas de Emprego em Ribeir\u00e3o Preto-SP&quot;","block_context":{"text":"Vagas de Emprego em Ribeir\u00e3o Preto-SP","link":"https:\/\/noticiasribeiraopreto.com.br\/index.php\/category\/empregos-classificados-vagas-trabalho\/vagas-de-empregos-em-ribeirao-preto-regiao-brasil\/"},"img":{"alt_text":"","src":"https:\/\/i0.wp.com\/noticiasribeiraopreto.com.br\/wp-content\/uploads\/2023\/12\/pme_rj_novo.jpg?fit=1200%2C675&ssl=1&resize=350%2C200","width":350,"height":200,"srcset":"https:\/\/i0.wp.com\/noticiasribeiraopreto.com.br\/wp-content\/uploads\/2023\/12\/pme_rj_novo.jpg?fit=1200%2C675&ssl=1&resize=350%2C200 1x, https:\/\/i0.wp.com\/noticiasribeiraopreto.com.br\/wp-content\/uploads\/2023\/12\/pme_rj_novo.jpg?fit=1200%2C675&ssl=1&resize=525%2C300 1.5x, https:\/\/i0.wp.com\/noticiasribeiraopreto.com.br\/wp-content\/uploads\/2023\/12\/pme_rj_novo.jpg?fit=1200%2C675&ssl=1&resize=700%2C400 2x, https:\/\/i0.wp.com\/noticiasribeiraopreto.com.br\/wp-content\/uploads\/2023\/12\/pme_rj_novo.jpg?fit=1200%2C675&ssl=1&resize=1050%2C600 3x"},"classes":[]},{"id":14990,"url":"https:\/\/noticiasribeiraopreto.com.br\/index.php\/2023\/12\/12\/definida-oferta-de-vagas-edital-iminente-veja\/","url_meta":{"origin":20828,"position":3},"title":"definida oferta de vagas; edital iminente, veja","author":"noticiasribeiraopreto.com.br","date":"12 de December de 2023","format":false,"excerpt":"O concurso Cefet RJ (Centro Federal de Educa\u00e7\u00e3o Tecnol\u00f3gica Celso Suckow da Fonseca) deve contar com uma oferta de 92 vagas, distribu\u00eddas por diversos cargos de n\u00edveis m\u00e9dio, t\u00e9cnico e superior, com iniciais de at\u00e9 R$ 5.214,92, de acordo com as \u00faltimas informa\u00e7\u00f5es. Vale lembrar que o certame j\u00e1 conta,\u2026","rel":"","context":"In &quot;Vagas de Emprego em Ribeir\u00e3o Preto-SP&quot;","block_context":{"text":"Vagas de Emprego em Ribeir\u00e3o Preto-SP","link":"https:\/\/noticiasribeiraopreto.com.br\/index.php\/category\/empregos-classificados-vagas-trabalho\/vagas-de-empregos-em-ribeirao-preto-regiao-brasil\/"},"img":{"alt_text":"","src":"https:\/\/i0.wp.com\/noticiasribeiraopreto.com.br\/wp-content\/uploads\/2023\/12\/concurso-cefet-rj-1.jpg?fit=1200%2C675&ssl=1&resize=350%2C200","width":350,"height":200,"srcset":"https:\/\/i0.wp.com\/noticiasribeiraopreto.com.br\/wp-content\/uploads\/2023\/12\/concurso-cefet-rj-1.jpg?fit=1200%2C675&ssl=1&resize=350%2C200 1x, https:\/\/i0.wp.com\/noticiasribeiraopreto.com.br\/wp-content\/uploads\/2023\/12\/concurso-cefet-rj-1.jpg?fit=1200%2C675&ssl=1&resize=525%2C300 1.5x, https:\/\/i0.wp.com\/noticiasribeiraopreto.com.br\/wp-content\/uploads\/2023\/12\/concurso-cefet-rj-1.jpg?fit=1200%2C675&ssl=1&resize=700%2C400 2x, https:\/\/i0.wp.com\/noticiasribeiraopreto.com.br\/wp-content\/uploads\/2023\/12\/concurso-cefet-rj-1.jpg?fit=1200%2C675&ssl=1&resize=1050%2C600 3x"},"classes":[]},{"id":21435,"url":"https:\/\/noticiasribeiraopreto.com.br\/index.php\/2023\/12\/27\/edital-para-222-vagas-e-cadastros-ate-meados-de-janeiro-2\/","url_meta":{"origin":20828,"position":4},"title":"edital para 222 vagas e cadastros at\u00e9 meados de janeiro","author":"noticiasribeiraopreto.com.br","date":"27 de December de 2023","format":false,"excerpt":"Cresce a expectativa pela publica\u00e7\u00e3o do edital do novo concurso ANTT (Ag\u00eancia Nacional de Transportes Terrestres). A sele\u00e7\u00e3o j\u00e1 conta com contrato assinado com a banca organizadora desde 11 de novembro. A escolhida \u00e9 o Cebraspe. De acordo com a autoriza\u00e7\u00e3o do Minist\u00e9rio da Gest\u00e3o e da Inova\u00e7\u00e3o dos Servi\u00e7os\u2026","rel":"","context":"In &quot;Vagas de Emprego em Ribeir\u00e3o Preto-SP&quot;","block_context":{"text":"Vagas de Emprego em Ribeir\u00e3o Preto-SP","link":"https:\/\/noticiasribeiraopreto.com.br\/index.php\/category\/empregos-classificados-vagas-trabalho\/vagas-de-empregos-em-ribeirao-preto-regiao-brasil\/"},"img":{"alt_text":"","src":"https:\/\/i0.wp.com\/noticiasribeiraopreto.com.br\/wp-content\/uploads\/2023\/12\/1703714164_antt_novoo.jpg?fit=1200%2C675&ssl=1&resize=350%2C200","width":350,"height":200,"srcset":"https:\/\/i0.wp.com\/noticiasribeiraopreto.com.br\/wp-content\/uploads\/2023\/12\/1703714164_antt_novoo.jpg?fit=1200%2C675&ssl=1&resize=350%2C200 1x, https:\/\/i0.wp.com\/noticiasribeiraopreto.com.br\/wp-content\/uploads\/2023\/12\/1703714164_antt_novoo.jpg?fit=1200%2C675&ssl=1&resize=525%2C300 1.5x, https:\/\/i0.wp.com\/noticiasribeiraopreto.com.br\/wp-content\/uploads\/2023\/12\/1703714164_antt_novoo.jpg?fit=1200%2C675&ssl=1&resize=700%2C400 2x, https:\/\/i0.wp.com\/noticiasribeiraopreto.com.br\/wp-content\/uploads\/2023\/12\/1703714164_antt_novoo.jpg?fit=1200%2C675&ssl=1&resize=1050%2C600 3x"},"classes":[]},{"id":11741,"url":"https:\/\/noticiasribeiraopreto.com.br\/index.php\/2023\/12\/06\/edital-previsto-para-ser-publicado-em-janeiro-2\/","url_meta":{"origin":20828,"position":5},"title":"edital previsto para ser publicado em janeiro","author":"noticiasribeiraopreto.com.br","date":"6 de December de 2023","format":false,"excerpt":"O edital do novo concurso Anatel (Ag\u00eancia Nacional de Telecomunica\u00e7\u00f5es) est\u00e1 previsto para ser publicado at\u00e9 meados de janeiro. Para isso, o principal entrave \u00e9 a defini\u00e7\u00e3o da banca organizadora, que deve ser anunciada no decorrer dos pr\u00f3ximos dias, ainda em dezembro. No entanto, somente ap\u00f3s a assinatura do respectivo\u2026","rel":"","context":"In &quot;Vagas de Emprego em Ribeir\u00e3o Preto-SP&quot;","block_context":{"text":"Vagas de Emprego em Ribeir\u00e3o Preto-SP","link":"https:\/\/noticiasribeiraopreto.com.br\/index.php\/category\/empregos-classificados-vagas-trabalho\/vagas-de-empregos-em-ribeirao-preto-regiao-brasil\/"},"img":{"alt_text":"","src":"https:\/\/i0.wp.com\/noticiasribeiraopreto.com.br\/wp-content\/uploads\/2023\/12\/anatel_novooo.jpg?fit=1200%2C675&ssl=1&resize=350%2C200","width":350,"height":200,"srcset":"https:\/\/i0.wp.com\/noticiasribeiraopreto.com.br\/wp-content\/uploads\/2023\/12\/anatel_novooo.jpg?fit=1200%2C675&ssl=1&resize=350%2C200 1x, https:\/\/i0.wp.com\/noticiasribeiraopreto.com.br\/wp-content\/uploads\/2023\/12\/anatel_novooo.jpg?fit=1200%2C675&ssl=1&resize=525%2C300 1.5x, https:\/\/i0.wp.com\/noticiasribeiraopreto.com.br\/wp-content\/uploads\/2023\/12\/anatel_novooo.jpg?fit=1200%2C675&ssl=1&resize=700%2C400 2x, https:\/\/i0.wp.com\/noticiasribeiraopreto.com.br\/wp-content\/uploads\/2023\/12\/anatel_novooo.jpg?fit=1200%2C675&ssl=1&resize=1050%2C600 3x"},"classes":[]}],"jetpack_sharing_enabled":true,"jetpack_shortlink":"https:\/\/wp.me\/peQAOb-5pW","_links":{"self":[{"href":"https:\/\/noticiasribeiraopreto.com.br\/index.php\/wp-json\/wp\/v2\/posts\/20828","targetHints":{"allow":["GET"]}}],"collection":[{"href":"https:\/\/noticiasribeiraopreto.com.br\/index.php\/wp-json\/wp\/v2\/posts"}],"about":[{"href":"https:\/\/noticiasribeiraopreto.com.br\/index.php\/wp-json\/wp\/v2\/types\/post"}],"author":[{"embeddable":true,"href":"https:\/\/noticiasribeiraopreto.com.br\/index.php\/wp-json\/wp\/v2\/users\/1"}],"replies":[{"embeddable":true,"href":"https:\/\/noticiasribeiraopreto.com.br\/index.php\/wp-json\/wp\/v2\/comments?post=20828"}],"version-history":[{"count":0,"href":"https:\/\/noticiasribeiraopreto.com.br\/index.php\/wp-json\/wp\/v2\/posts\/20828\/revisions"}],"wp:featuredmedia":[{"embeddable":true,"href":"https:\/\/noticiasribeiraopreto.com.br\/index.php\/wp-json\/wp\/v2\/media\/20829"}],"wp:attachment":[{"href":"https:\/\/noticiasribeiraopreto.com.br\/index.php\/wp-json\/wp\/v2\/media?parent=20828"}],"wp:term":[{"taxonomy":"category","embeddable":true,"href":"https:\/\/noticiasribeiraopreto.com.br\/index.php\/wp-json\/wp\/v2\/categories?post=20828"},{"taxonomy":"post_tag","embeddable":true,"href":"https:\/\/noticiasribeiraopreto.com.br\/index.php\/wp-json\/wp\/v2\/tags?post=20828"}],"curies":[{"name":"wp","href":"https:\/\/api.w.org\/{rel}","templated":true}]}}