{"id":20847,"date":"2023-12-26T16:32:36","date_gmt":"2023-12-26T19:32:36","guid":{"rendered":"https:\/\/noticiasribeiraopreto.com.br\/index.php\/2023\/12\/26\/twitter-violou-contrato-ao-nao-pagar-bonus-a-funcionarios\/"},"modified":"2023-12-26T16:32:36","modified_gmt":"2023-12-26T19:32:36","slug":"twitter-violou-contrato-ao-nao-pagar-bonus-a-funcionarios","status":"publish","type":"post","link":"https:\/\/noticiasribeiraopreto.com.br\/index.php\/2023\/12\/26\/twitter-violou-contrato-ao-nao-pagar-bonus-a-funcionarios\/","title":{"rendered":"Twitter violou contrato ao n\u00e3o pagar b\u00f4nus a funcion\u00e1rios"},"content":{"rendered":"<div class='code-block code-block-1' style='margin: 8px 0 8px auto; text-align: right; display: block; clear: both;'>\n<p><a href=\"https:\/\/wa.link\/vpicfd\"><img data-recalc-dims=\"1\" class=\"wp-image-4922\" style=\"aspect-ratio: 2.0253164556962027; width: 561px; height: auto;\" src=\"https:\/\/i0.wp.com\/ismaelcolosi.com.br\/wp-content\/uploads\/2023\/11\/grupo-de-empregos-whatsapp-e-facebook-ismael-colosi-vagas.jpg?ssl=1\" alt=\"\" \/><\/a><\/p>\n<!-- \/wp:image -->\n<\/div>\n<p> <br \/>\n<\/p>\n<div>\n<div id=\"attachment_575641\" class=\"wp-caption alignnone style=\" max-width:=\"\"><img data-recalc-dims=\"1\" fetchpriority=\"high\" decoding=\"async\" class=\"alignnone wp-image-575641 size-full\" src=\"https:\/\/i0.wp.com\/forbes.com.br\/wp-content\/uploads\/2023\/10\/money-x-twitter-768x512.jpg?resize=678%2C452&#038;ssl=1\" http:=\"\" alt=\"\" width=\"678\" height=\"452\" data-lazy-src=\"https:\/\/forbes.com.br\/wp-content\/uploads\/2023\/10\/money-x-twitter-768x512.jpg\"\/><noscript><img data-recalc-dims=\"1\" fetchpriority=\"high\" decoding=\"async\" class=\"alignnone wp-image-575641 size-full\" src=\"https:\/\/i0.wp.com\/forbes.com.br\/wp-content\/uploads\/2023\/10\/money-x-twitter-768x512.jpg?resize=678%2C452&#038;ssl=1\" alt=\"\" width=\"678\" height=\"452\"\/><\/noscript><\/p>\n<p class=\"wp-caption-text\">O X, ex-Twitter, \u00e9 alvo de numerosos processos de ex-funcion\u00e1rios e executivos desde que Musk comprou a companhia<\/p>\n<\/div>\n<p>O Twitter violou contratos ao n\u00e3o pagar milh\u00f5es de d\u00f3lares em b\u00f4nus que a empresa de m\u00eddia social, atualmente chamada de X Corp, havia prometido a seus funcion\u00e1rios, decidiu um juiz federal dos Estados Unidos.<\/p>\n<p>Mark Schobinger, que era diretor s\u00eanior de remunera\u00e7\u00e3o do Twitter antes de deixar a empresa de Elon Musk em maio, processou o Twitter em junho, alegando quebra de contrato.<\/p>\n<ul>\n<li>\n<h3>Siga o canal da <a href=\"https:\/\/whatsapp.com\/channel\/0029Va9gQKwBFLgM96cJnu0u\" target=\"_blank\" rel=\"noopener\">Forbes<\/a> e de <a href=\"https:\/\/whatsapp.com\/channel\/0029VaAZk57JuyA9F4UwQc2I\" target=\"_blank\" rel=\"noopener\">Forbes Money<\/a> no WhatsApp e receba as principais not\u00edcias sobre neg\u00f3cios, carreira, tecnologia e estilo de vida<\/h3>\n<\/li>\n<\/ul>\n<p>O processo de Schobinger alegou que antes e depois que o bilion\u00e1rio comprou o Twitter no ano passado, ele prometeu aos funcion\u00e1rios b\u00f4nus de metas para 2022 de 50%, mas nunca fez esses pagamentos.<\/p>\n<p>Ao negar a mo\u00e7\u00e3o do Twitter para encerrar o caso, o juiz distrital Vince Chhabria, decidiu que Schobinger declarou plausivelmente uma reivindica\u00e7\u00e3o de viola\u00e7\u00e3o de contrato e que ele estava coberto por um plano de b\u00f4nus.<\/p>\n<p>\u201cDepois que Schobinger fez o que o Twitter pediu, a proposta do Twitter de lhe pagar um b\u00f4nus em troca se tornou um contrato vinculativo sob a lei da Calif\u00f3rnia. E ao supostamente se recusar a pagar a Schobinger o b\u00f4nus prometido, o Twitter violou esse contrato\u201d, escreveu o juiz.<\/p>\n<p>Os advogados do Twitter argumentaram que a empresa fez apenas uma promessa oral, que n\u00e3o era um contrato, e que a lei do Texas deveria conduzir o caso, de acordo com o Courthouse News, que primeiro reportou a decis\u00e3o. Mas o juiz decidiu que a lei da Calif\u00f3rnia conduzir\u00e1 o caso e que \u201ctodos os argumentos contr\u00e1rios do Twitter falharam\u201d.<\/p>\n<p>A empresa de rede social \u00e9 alvo de numerosos processos de ex-funcion\u00e1rios e executivos desde que Musk comprou a companhia e na sequ\u00eancia demitiu mais de metade de sua for\u00e7a de trabalho.<\/p>\n<p>Os processos variam desde discrimina\u00e7\u00e3o contra funcion\u00e1rios mais velhos, mulheres e pessoas com defici\u00eancia a n\u00e3o cumprir aviso pr\u00e9vio no caso de demiss\u00e3o em massa.<\/p>\n<\/div>\n<p><script type=\"rocketlazyloadscript\">\n\t\t\t\t(function(d, s, id){\n\t\t\t\t\tvar js, fjs = d.getElementsByTagName(s)[0];\n\t\t\t\t\tif (d.getElementById(id)) return;\n\t\t\t\t\tjs = d.createElement(s); js.id = id;\n\t\t\t\t\tjs.src = \"\/\/connect.facebook.net\/pt_BR\/sdk.js#xfbml=1&version=v2.9\";\n\t\t\t\t\tfjs.parentNode.insertBefore(js, fjs);\n\t\t\t\t}(document, 'script', 'facebook-jssdk'));\n\t\t\t<\/script><br \/>\n<br \/><br \/>\n<br \/><a href=\"https:\/\/forbes.com.br\/carreira\/2023\/12\/twitter-violou-contrato-ao-nao-pagar-milhoes-em-bonus-a-trabalhadores-diz-juiz\/\">Source link <\/a><\/p>\n<!-- CONTENT END 1 -->\n","protected":false},"excerpt":{"rendered":"<p>O X, ex-Twitter, \u00e9 alvo de numerosos processos de ex-funcion\u00e1rios e executivos desde que Musk comprou a companhia O Twitter violou contratos ao n\u00e3o pagar&#8230;<\/p>\n","protected":false},"author":1,"featured_media":20848,"comment_status":"open","ping_status":"open","sticky":false,"template":"","format":"standard","meta":{"advanced_seo_description":"","jetpack_seo_html_title":"","jetpack_seo_noindex":false,"jetpack_post_was_ever_published":false,"_jetpack_newsletter_access":"","_jetpack_dont_email_post_to_subs":false,"_jetpack_newsletter_tier_id":0,"_jetpack_memberships_contains_paywalled_content":false,"_jetpack_memberships_contains_paid_content":false,"footnotes":"","jetpack_publicize_message":"","jetpack_publicize_feature_enabled":true,"jetpack_social_post_already_shared":true,"jetpack_social_options":{"image_generator_settings":{"template":"highway","default_image_id":0,"font":"","enabled":false},"version":2}},"categories":[1],"tags":[],"class_list":["post-20847","post","type-post","status-publish","format-standard","has-post-thumbnail","hentry","category-blog"],"jetpack_publicize_connections":[],"jetpack_featured_media_url":"https:\/\/i0.wp.com\/noticiasribeiraopreto.com.br\/wp-content\/uploads\/2023\/12\/money-x-twitter-1024x683.jpg?fit=1024%2C683&ssl=1","jetpack-related-posts":[{"id":40704,"url":"https:\/\/noticiasribeiraopreto.com.br\/index.php\/2024\/03\/05\/ex-executivos-do-twitter-processam-elon-musk\/","url_meta":{"origin":20847,"position":0},"title":"Ex-executivos do Twitter processam Elon Musk","author":"noticiasribeiraopreto.com.br","date":"5 de March de 2024","format":false,"excerpt":"Gonzalo Fuentes\/ReutersA a\u00e7\u00e3o \u00e9 a mais recente de uma s\u00e9rie de desafios legais que o bilion\u00e1rio Elon Musk enfrenta desde que adquiriu a empresa de m\u00eddia social por US$ 44 bilh\u00f5es em outubro de 2022 Quatro ex-executivos do Twitter, incluindo o ex-presidente-executivo Parag Agrawal, processaram Elon Musk por mais de\u2026","rel":"","context":"In &quot;Blog&quot;","block_context":{"text":"Blog","link":"https:\/\/noticiasribeiraopreto.com.br\/index.php\/category\/blog\/"},"img":{"alt_text":"","src":"https:\/\/i0.wp.com\/noticiasribeiraopreto.com.br\/wp-content\/uploads\/2024\/03\/carreira-elon-musk-x-twitter-1024x683.jpg?fit=1024%2C683&ssl=1&resize=350%2C200","width":350,"height":200,"srcset":"https:\/\/i0.wp.com\/noticiasribeiraopreto.com.br\/wp-content\/uploads\/2024\/03\/carreira-elon-musk-x-twitter-1024x683.jpg?fit=1024%2C683&ssl=1&resize=350%2C200 1x, https:\/\/i0.wp.com\/noticiasribeiraopreto.com.br\/wp-content\/uploads\/2024\/03\/carreira-elon-musk-x-twitter-1024x683.jpg?fit=1024%2C683&ssl=1&resize=525%2C300 1.5x, https:\/\/i0.wp.com\/noticiasribeiraopreto.com.br\/wp-content\/uploads\/2024\/03\/carreira-elon-musk-x-twitter-1024x683.jpg?fit=1024%2C683&ssl=1&resize=700%2C400 2x"},"classes":[]},{"id":16596,"url":"https:\/\/noticiasribeiraopreto.com.br\/index.php\/2023\/12\/15\/prestadora-da-usp-nao-paga-13o-dos-funcionarios-e-pede-rescisao-amigavel\/","url_meta":{"origin":20847,"position":1},"title":"Prestadora da USP n\u00e3o paga 13\u00ba dos funcion\u00e1rios e pede rescis\u00e3o amig\u00e1vel","author":"noticiasribeiraopreto.com.br","date":"15 de December de 2023","format":false,"excerpt":"Empresa alegou dificuldades financeiras e n\u00e3o saldou benef\u00edcios de funcion\u00e1rios que prestam servi\u00e7os de fiscaliza\u00e7\u00e3o das portarias de edif\u00edcios no Campus da universidade 15 de dezembro de 2023 | 16:5115 de dezembro de 2023 | 16:53 2Por: Adalberto LuqueOs funcion\u00e1rios de uma empresa terceirizada, que presta servi\u00e7o de portaria em\u2026","rel":"","context":"In &quot;Not\u00edcias de Ribeir\u00e3o Preto-SP e Regi\u00e3o&quot;","block_context":{"text":"Not\u00edcias de Ribeir\u00e3o Preto-SP e Regi\u00e3o","link":"https:\/\/noticiasribeiraopreto.com.br\/index.php\/category\/noticias-de-ribeirao-preto-sp-e-regiao-ismael-colosi\/"},"img":{"alt_text":"","src":"https:\/\/i0.wp.com\/noticiasribeiraopreto.com.br\/wp-content\/uploads\/2023\/12\/00-15-dez-2023-terceirizada-usp-calote-01-foto-alfredo-risk-scaled.jpg?fit=968%2C645&ssl=1&resize=350%2C200","width":350,"height":200,"srcset":"https:\/\/i0.wp.com\/noticiasribeiraopreto.com.br\/wp-content\/uploads\/2023\/12\/00-15-dez-2023-terceirizada-usp-calote-01-foto-alfredo-risk-scaled.jpg?fit=968%2C645&ssl=1&resize=350%2C200 1x, https:\/\/i0.wp.com\/noticiasribeiraopreto.com.br\/wp-content\/uploads\/2023\/12\/00-15-dez-2023-terceirizada-usp-calote-01-foto-alfredo-risk-scaled.jpg?fit=968%2C645&ssl=1&resize=525%2C300 1.5x, https:\/\/i0.wp.com\/noticiasribeiraopreto.com.br\/wp-content\/uploads\/2023\/12\/00-15-dez-2023-terceirizada-usp-calote-01-foto-alfredo-risk-scaled.jpg?fit=968%2C645&ssl=1&resize=700%2C400 2x"},"classes":[]},{"id":33958,"url":"https:\/\/noticiasribeiraopreto.com.br\/index.php\/2024\/01\/31\/elon-musk-quer-receber-bonus-multibilionario-da-tesla-mas-justica-dos-eua-nega-acoes-da-tesla-entram-em-queda\/","url_meta":{"origin":20847,"position":2},"title":"Elon Musk quer receber b\u00f4nus multibilion\u00e1rio da Tesla, mas Justi\u00e7a dos EUA nega; a\u00e7\u00f5es da Tesla entram em queda","author":"noticiasribeiraopreto.com.br","date":"31 de January de 2024","format":false,"excerpt":"N\u00e3o \u00e9 s\u00f3 voc\u00ea que vem pedindo um aumento de sal\u00e1rio para o chefe. O j\u00e1 bilion\u00e1rio Elon Musk vem tentando embolsar um b\u00f4nus de US$ 56 bilh\u00f5es (R$ 275 bilh\u00f5es) da Tesla desde 2018. No entanto, uma decis\u00e3o da Justi\u00e7a dos EUA em Delaware anulou o acordo de compensa\u00e7\u00e3o\u2026","rel":"","context":"In &quot;Dinheiro e Investimento&quot;","block_context":{"text":"Dinheiro e Investimento","link":"https:\/\/noticiasribeiraopreto.com.br\/index.php\/category\/dinheiro-e-investimento-como-fazer-como-ganhar\/"},"img":{"alt_text":"","src":"https:\/\/i0.wp.com\/noticiasribeiraopreto.com.br\/wp-content\/uploads\/2024\/01\/elon-musk-dolar-1800-628x353.jpg?fit=628%2C353&ssl=1&resize=350%2C200","width":350,"height":200,"srcset":"https:\/\/i0.wp.com\/noticiasribeiraopreto.com.br\/wp-content\/uploads\/2024\/01\/elon-musk-dolar-1800-628x353.jpg?fit=628%2C353&ssl=1&resize=350%2C200 1x, https:\/\/i0.wp.com\/noticiasribeiraopreto.com.br\/wp-content\/uploads\/2024\/01\/elon-musk-dolar-1800-628x353.jpg?fit=628%2C353&ssl=1&resize=525%2C300 1.5x"},"classes":[]},{"id":52800,"url":"https:\/\/noticiasribeiraopreto.com.br\/index.php\/2024\/06\/12\/posso-pedir-demissao-nas-ferias-entenda-o-que-diz-a-lei\/","url_meta":{"origin":20847,"position":3},"title":"Posso pedir demiss\u00e3o nas f\u00e9rias? Entenda o que diz a lei","author":"noticiasribeiraopreto.com.br","date":"12 de June de 2024","format":false,"excerpt":"A decis\u00e3o de pedir demiss\u00e3o deve ser feita com planejamento e organiza\u00e7\u00e3o para que o funcion\u00e1rio n\u00e3o saia prejudicado. Para isso, deve ser feito da maneira mais adequada poss\u00edvel, conhecendo os seus direitos e o que a legisla\u00e7\u00e3o trabalhista determina sobre o assunto. Ent\u00e3o, o funcion\u00e1rio pode\u00a0pedir demiss\u00e3o\u00a0durante as suas\u2026","rel":"","context":"In &quot;Blog&quot;","block_context":{"text":"Blog","link":"https:\/\/noticiasribeiraopreto.com.br\/index.php\/category\/blog\/"},"img":{"alt_text":"","src":"https:\/\/i0.wp.com\/noticiasribeiraopreto.com.br\/wp-content\/uploads\/2024\/06\/Posso-pedir-demissao-nas-ferias-.png?fit=1200%2C627&ssl=1&resize=350%2C200","width":350,"height":200,"srcset":"https:\/\/i0.wp.com\/noticiasribeiraopreto.com.br\/wp-content\/uploads\/2024\/06\/Posso-pedir-demissao-nas-ferias-.png?fit=1200%2C627&ssl=1&resize=350%2C200 1x, https:\/\/i0.wp.com\/noticiasribeiraopreto.com.br\/wp-content\/uploads\/2024\/06\/Posso-pedir-demissao-nas-ferias-.png?fit=1200%2C627&ssl=1&resize=525%2C300 1.5x, https:\/\/i0.wp.com\/noticiasribeiraopreto.com.br\/wp-content\/uploads\/2024\/06\/Posso-pedir-demissao-nas-ferias-.png?fit=1200%2C627&ssl=1&resize=700%2C400 2x, https:\/\/i0.wp.com\/noticiasribeiraopreto.com.br\/wp-content\/uploads\/2024\/06\/Posso-pedir-demissao-nas-ferias-.png?fit=1200%2C627&ssl=1&resize=1050%2C600 3x"},"classes":[]},{"id":31434,"url":"https:\/\/noticiasribeiraopreto.com.br\/index.php\/2024\/01\/22\/entenda-tudo-sobre-o-exame-demissional-o-que-e-e-importancia\/","url_meta":{"origin":20847,"position":4},"title":"Entenda tudo sobre o exame demissional: o que \u00e9 e import\u00e2ncia","author":"noticiasribeiraopreto.com.br","date":"22 de January de 2024","format":false,"excerpt":"Alguns exames s\u00e3o obrigat\u00f3rios para as empresas que contratam no regime CLT, como o exame demissional. Ao ser desligado da empresa, o funcion\u00e1rio precisa passar por uma consulta para constatar se as atividades laborativas prejudicaram a sua sa\u00fade f\u00edsica ou mental de alguma forma. \u00c9 um exame importante tanto para\u2026","rel":"","context":"In &quot;Blog&quot;","block_context":{"text":"Blog","link":"https:\/\/noticiasribeiraopreto.com.br\/index.php\/category\/blog\/"},"img":{"alt_text":"","src":"https:\/\/i0.wp.com\/noticiasribeiraopreto.com.br\/wp-content\/uploads\/2024\/01\/exame-demissional.jpg?fit=1200%2C675&ssl=1&resize=350%2C200","width":350,"height":200,"srcset":"https:\/\/i0.wp.com\/noticiasribeiraopreto.com.br\/wp-content\/uploads\/2024\/01\/exame-demissional.jpg?fit=1200%2C675&ssl=1&resize=350%2C200 1x, https:\/\/i0.wp.com\/noticiasribeiraopreto.com.br\/wp-content\/uploads\/2024\/01\/exame-demissional.jpg?fit=1200%2C675&ssl=1&resize=525%2C300 1.5x, https:\/\/i0.wp.com\/noticiasribeiraopreto.com.br\/wp-content\/uploads\/2024\/01\/exame-demissional.jpg?fit=1200%2C675&ssl=1&resize=700%2C400 2x, https:\/\/i0.wp.com\/noticiasribeiraopreto.com.br\/wp-content\/uploads\/2024\/01\/exame-demissional.jpg?fit=1200%2C675&ssl=1&resize=1050%2C600 3x"},"classes":[]},{"id":14042,"url":"https:\/\/noticiasribeiraopreto.com.br\/index.php\/2023\/12\/11\/elon-musk-ficou-r-437-bilhoes-mais-rico-em-2023-mas-as-apostas-do-bilionario-podem-colocar-o-imperio-em-risco\/","url_meta":{"origin":20847,"position":5},"title":"Elon Musk ficou R$ 437 bilh\u00f5es mais rico em 2023 \u2014 mas as apostas do bilion\u00e1rio podem colocar o imp\u00e9rio em risco","author":"noticiasribeiraopreto.com.br","date":"11 de December de 2023","format":false,"excerpt":"Elon Musk foi do inferno ao c\u00e9u nos \u00faltimos meses. Se em janeiro o dono da Tesla e do X (antigo Twitter) batia o recorde de \u201cmaior perda de fortuna pessoal da hist\u00f3ria\u201d, o bilion\u00e1rio agora caminha para encerrar o ano como a pessoa que mais ganhou dinheiro em 2023.\u2026","rel":"","context":"In &quot;Dinheiro e Investimento&quot;","block_context":{"text":"Dinheiro e Investimento","link":"https:\/\/noticiasribeiraopreto.com.br\/index.php\/category\/dinheiro-e-investimento-como-fazer-como-ganhar\/"},"img":{"alt_text":"","src":"https:\/\/i0.wp.com\/noticiasribeiraopreto.com.br\/wp-content\/uploads\/2023\/12\/shutterstock_1985005055-628x353.jpg?fit=628%2C353&ssl=1&resize=350%2C200","width":350,"height":200,"srcset":"https:\/\/i0.wp.com\/noticiasribeiraopreto.com.br\/wp-content\/uploads\/2023\/12\/shutterstock_1985005055-628x353.jpg?fit=628%2C353&ssl=1&resize=350%2C200 1x, https:\/\/i0.wp.com\/noticiasribeiraopreto.com.br\/wp-content\/uploads\/2023\/12\/shutterstock_1985005055-628x353.jpg?fit=628%2C353&ssl=1&resize=525%2C300 1.5x"},"classes":[]}],"jetpack_sharing_enabled":true,"jetpack_shortlink":"https:\/\/wp.me\/peQAOb-5qf","_links":{"self":[{"href":"https:\/\/noticiasribeiraopreto.com.br\/index.php\/wp-json\/wp\/v2\/posts\/20847","targetHints":{"allow":["GET"]}}],"collection":[{"href":"https:\/\/noticiasribeiraopreto.com.br\/index.php\/wp-json\/wp\/v2\/posts"}],"about":[{"href":"https:\/\/noticiasribeiraopreto.com.br\/index.php\/wp-json\/wp\/v2\/types\/post"}],"author":[{"embeddable":true,"href":"https:\/\/noticiasribeiraopreto.com.br\/index.php\/wp-json\/wp\/v2\/users\/1"}],"replies":[{"embeddable":true,"href":"https:\/\/noticiasribeiraopreto.com.br\/index.php\/wp-json\/wp\/v2\/comments?post=20847"}],"version-history":[{"count":0,"href":"https:\/\/noticiasribeiraopreto.com.br\/index.php\/wp-json\/wp\/v2\/posts\/20847\/revisions"}],"wp:featuredmedia":[{"embeddable":true,"href":"https:\/\/noticiasribeiraopreto.com.br\/index.php\/wp-json\/wp\/v2\/media\/20848"}],"wp:attachment":[{"href":"https:\/\/noticiasribeiraopreto.com.br\/index.php\/wp-json\/wp\/v2\/media?parent=20847"}],"wp:term":[{"taxonomy":"category","embeddable":true,"href":"https:\/\/noticiasribeiraopreto.com.br\/index.php\/wp-json\/wp\/v2\/categories?post=20847"},{"taxonomy":"post_tag","embeddable":true,"href":"https:\/\/noticiasribeiraopreto.com.br\/index.php\/wp-json\/wp\/v2\/tags?post=20847"}],"curies":[{"name":"wp","href":"https:\/\/api.w.org\/{rel}","templated":true}]}}