{"id":20849,"date":"2023-12-26T16:38:23","date_gmt":"2023-12-26T19:38:23","guid":{"rendered":"https:\/\/noticiasribeiraopreto.com.br\/index.php\/2023\/12\/26\/tipo-especifico-de-acucar-pode-levar-ao-alzheimer-alerta-estudo\/"},"modified":"2023-12-26T16:38:23","modified_gmt":"2023-12-26T19:38:23","slug":"tipo-especifico-de-acucar-pode-levar-ao-alzheimer-alerta-estudo","status":"publish","type":"post","link":"https:\/\/noticiasribeiraopreto.com.br\/index.php\/2023\/12\/26\/tipo-especifico-de-acucar-pode-levar-ao-alzheimer-alerta-estudo\/","title":{"rendered":"Tipo espec\u00edfico de a\u00e7\u00facar pode levar ao Alzheimer, alerta estudo"},"content":{"rendered":"<div class='code-block code-block-1' style='margin: 8px 0 8px auto; text-align: right; display: block; clear: both;'>\n<p><a href=\"https:\/\/wa.link\/vpicfd\"><img data-recalc-dims=\"1\" class=\"wp-image-4922\" style=\"aspect-ratio: 2.0253164556962027; width: 561px; height: auto;\" src=\"https:\/\/i0.wp.com\/ismaelcolosi.com.br\/wp-content\/uploads\/2023\/11\/grupo-de-empregos-whatsapp-e-facebook-ismael-colosi-vagas.jpg?ssl=1\" alt=\"\" \/><\/a><\/p>\n<!-- \/wp:image -->\n<\/div>\n<p> <br \/>\n<\/p>\n<div>\n<div id=\"attachment_2330436\" class=\"wp-caption alignnone\">\n<div class=\"d-flex justify-content-center\" data-attachment-id=\"2330436\">\n<div class=\"position-relative d-inline-block\"><img data-recalc-dims=\"1\" data-portal-copyright=\"Getty Images\/iStockphoto\" fetchpriority=\"high\" decoding=\"async\" class=\"wp-image-2330436 size-full\" src=\"https:\/\/i0.wp.com\/catracalivre.com.br\/wp-content\/uploads\/2023\/12\/istock-1290577323.jpg?resize=1257%2C835&#038;ssl=1\" alt=\"Frutose, a\u00e7\u00facar encontrado em diferentes tipos de frutas, provoca lacunas de mem\u00f3ria e dep\u00f3sitos de prote\u00ednas no c\u00e9rebro, t\u00edpicos da doen\u00e7a de Alzheimer \u2013 iStock\/Getty Images\" width=\"1257\" height=\"835\" srcset=\"https:\/\/catracalivre.com.br\/wp-content\/uploads\/2023\/12\/istock-1290577323.jpg 1257w, https:\/\/catracalivre.com.br\/wp-content\/uploads\/2023\/12\/istock-1290577323-450x299.jpg 450w, https:\/\/catracalivre.com.br\/wp-content\/uploads\/2023\/12\/istock-1290577323-768x510.jpg 768w\" sizes=\"(max-width: 1257px) 100vw, 1257px\"\/><\/p>\n<p>Cr\u00e9ditos: Getty Images\/iStockphoto<\/p>\n<\/div>\n<\/div>\n<p><span class=\"post-imagem__legenda\">Frutose, a\u00e7\u00facar encontrado em diferentes tipos de frutas, provoca lacunas de mem\u00f3ria e dep\u00f3sitos de prote\u00ednas no c\u00e9rebro, t\u00edpicos da doen\u00e7a de Alzheimer \u2013 iStock\/Getty Images<\/span><\/p>\n<\/div>\n<p>Durante muito tempo presumiu-se que a frutose (a\u00e7\u00facar de frutas) era mais saud\u00e1vel que a <strong><a href=\"https:\/\/aps-repo.bvs.br\/aps\/como-orientar-pacientes-diabeticos-quanto-ao-uso-do-acucar-qual-seria-a-melhor-opcao-acucar-ou-adocante\/#:~:text=Alimentos%20que%20cont%C3%AAm%20sacarose%20(a%C3%A7%C3%BAcar,de%20a%C3%A7%C3%BAcar%20de%20forma%20fracionada.\" target=\"_blank\" rel=\"noopener\">sacarose<\/a><\/strong> (a\u00e7\u00facar de mesa)\u2013 afinal, ela est\u00e1 presente naturalmente nas frutas, em alguns vegetais e no mel. Pesquisas recentes descobriram, no entanto, que a <strong><a href=\"https:\/\/catracalivre.com.br\/saude-bem-estar\/doenca-silenciosa-e-ligada-ao-consumo-de-bebida-com-este-ingrediente\/\" target=\"_blank\" rel=\"noopener\">frutose<\/a><\/strong> tamb\u00e9m pode ser prejudicial e levar ao Alzheimer.<\/p>\n<p>Esta, no entanto, n\u00e3o \u00e9 a primeira vez que pesquisadores examinam os efeitos da frutose no c\u00e9rebro.<\/p>\n<p>Segundo a literatura m\u00e9dica, quando a frutose \u00e9 consumida, ao contr\u00e1rio do a\u00e7\u00facar normal (glicose), o horm\u00f4nio da saciedade leptina n\u00e3o \u00e9 liberado.<\/p>\n<h2>Impactos da frutose<\/h2>\n<p>Embora a frutose absorva muita energia, o centro do apetite permanece ativo e voc\u00ea continua com fome. Al\u00e9m disso, uma pequena quantidade de frutose pode ser metabolizada pelo f\u00edgado, mas grandes quantidades ser\u00e3o transformadas em gordura. As consequ\u00eancias: aumento do risco de obesidade e hipertens\u00e3o \u2013 e como resultado tamb\u00e9m de diabetes e acidente vascular cerebral.<\/p>\n<p>No entanto, cientistas americanos descobriram agora outro risco que aumenta com a ingest\u00e3o de frutose: o desenvolvimento da doen\u00e7a de Alzheimer.\u00a0Mas como essa conex\u00e3o pode ser explicada?<\/p>\n<h2>Conex\u00e3o entre a\u00e7\u00facar e o Alzheimer<\/h2>\n<p>Al\u00e9m dos riscos citados anteriormente, pesquisadores da Universidade do Colorado, nos EUA, descobriram uma liga\u00e7\u00e3o entre o impulso de ca\u00e7a humano pr\u00e9-hist\u00f3rico e o desenvolvimento ou tratamento da doen\u00e7a de Alzheimer, que consiste na produ\u00e7\u00e3o de frutose.<\/p>\n<h2>Qual a explica\u00e7\u00e3o?<\/h2>\n<p>Ao contr\u00e1rio de hoje, nem sempre havia alimentos suficientes naquela \u00e9poca.\u00a0Quando a fome amea\u00e7ava, o c\u00e9rebro desenvolvia uma resposta de sobreviv\u00eancia: uma busca concentrada por comida.\u00a0O que era necess\u00e1rio era concentra\u00e7\u00e3o, impulsividade, comportamento explorat\u00f3rio e disposi\u00e7\u00e3o para correr riscos.<\/p>\n<p>Pensamentos perturbadores, preocupa\u00e7\u00f5es, mem\u00f3rias e a sensa\u00e7\u00e3o de tempo, entretanto, eram indesej\u00e1veis. \u00c9 aqui que entra a frutose \u2013 porque, segundo os pesquisadores, a frutose inibe as \u00e1reas do c\u00e9rebro respons\u00e1veis \u200b\u200bpelas distra\u00e7\u00f5es, permitindo que as pessoas se concentrem totalmente na busca por comida. N\u00e3o \u00e9 importante se a frutose foi produzida atrav\u00e9s dos alimentos ou atrav\u00e9s da produ\u00e7\u00e3o do pr\u00f3prio corpo.<\/p>\n<p>Felizmente, a procura humana de alimentos \u00e9 agora uma coisa do passado. Mas agora h\u00e1 outro problema: o excesso de oferta de alimentos. A frutose n\u00e3o \u00e9 mais absorvida apenas por frutas, vegetais e mel, mas tamb\u00e9m por produtos altamente processados, como alimentos prontos, doces e refrigerantes. Embora o mecanismo anterior da frutose n\u00e3o seja mais necess\u00e1rio, ele est\u00e1 permanentemente presente devido \u00e0 dieta rica em a\u00e7\u00facar.<\/p>\n<p>E isto tem consequ\u00eancias para a sa\u00fade do c\u00e9rebro, segundo os autores do estudo, em comunicado da universidade : \u201cAcreditamos que a redu\u00e7\u00e3o dependente da frutose no metabolismo cerebral nestas regi\u00f5es foi originalmente revers\u00edvel e deveria ser ben\u00e9fica. Mas uma redu\u00e7\u00e3o cr\u00f4nica e persistente no metabolismo cerebral causada pelo metabolismo recorrente da frutose leva \u00e0 atrofia cerebral progressiva e \u00e0 perda neuronal com todas as caracter\u00edsticas da doen\u00e7a de Alzheimer.\u201d<\/p>\n<h2>Frutose como gatilho para Alzheimer<\/h2>\n<p>Com base nos estudos existentes sobre a frutose e a doen\u00e7a de Alzheimer, a equipe concluiu que a frutose provoca lacunas de mem\u00f3ria e dep\u00f3sitos de prote\u00ednas no c\u00e9rebro, t\u00edpicos da doen\u00e7a de Alzheimer. N\u00edveis elevados de frutose tamb\u00e9m foram detectados em pessoas com esta forma de dem\u00eancia.<\/p>\n<p>A fim de conter o desenvolvimento e a progress\u00e3o da doen\u00e7a de Alzheimer no futuro, o bloqueio artificial do metabolismo da frutose poderia ser a solu\u00e7\u00e3o h\u00e1 muito esperada na investiga\u00e7\u00e3o da dem\u00eancia.\u00a0Este m\u00e9todo ser\u00e1 agora examinado em estudos posteriores.<\/p>\n<\/div>\n<p><script>\n\t\t! function(f, b, e, v, n, t, s) {\n\t\t\tif (f.fbq) return;\n\t\t\tn = f.fbq = function() {\n\t\t\t\tn.callMethod ?\n\t\t\t\t\tn.callMethod.apply(n, arguments) : n.queue.push(arguments)\n\t\t\t};\n\t\t\tif (!f._fbq) f._fbq = n;\n\t\t\tn.push = n;\n\t\t\tn.loaded = !0;\n\t\t\tn.version = '2.0';\n\t\t\tn.queue = [];\n\t\t\tt = b.createElement(e);\n\t\t\tt.async = !0;\n\t\t\tt.src = v;\n\t\t\ts = b.getElementsByTagName(e)[0];\n\t\t\ts.parentNode.insertBefore(t, s)\n\t\t}(window, document, 'script',\n\t\t\t'https:\/\/connect.facebook.net\/en_US\/fbevents.js');\n\t\tfbq('init', '338315473262380');\n\t\tfbq('track', 'PageView');\n\t<\/script><br \/>\n<br \/><br \/>\n<br \/><a href=\"https:\/\/catracalivre.com.br\/saude-bem-estar\/tipo-especifico-de-acucar-pode-levar-ao-alzheimer-alerta-estudo\/\">Source link <\/a><\/p>\n<!-- CONTENT END 1 -->\n","protected":false},"excerpt":{"rendered":"<p>Cr\u00e9ditos: Getty Images\/iStockphoto Frutose, a\u00e7\u00facar encontrado em diferentes tipos de frutas, provoca lacunas de mem\u00f3ria e dep\u00f3sitos de prote\u00ednas no c\u00e9rebro, t\u00edpicos da doen\u00e7a de&#8230;<\/p>\n","protected":false},"author":1,"featured_media":20850,"comment_status":"open","ping_status":"open","sticky":false,"template":"","format":"standard","meta":{"advanced_seo_description":"","jetpack_seo_html_title":"","jetpack_seo_noindex":false,"jetpack_post_was_ever_published":false,"_jetpack_newsletter_access":"","_jetpack_dont_email_post_to_subs":false,"_jetpack_newsletter_tier_id":0,"_jetpack_memberships_contains_paywalled_content":false,"_jetpack_memberships_contains_paid_content":false,"footnotes":"","jetpack_publicize_message":"","jetpack_publicize_feature_enabled":true,"jetpack_social_post_already_shared":true,"jetpack_social_options":{"image_generator_settings":{"template":"highway","default_image_id":0,"font":"","enabled":false},"version":2}},"categories":[19],"tags":[],"class_list":["post-20849","post","type-post","status-publish","format-standard","has-post-thumbnail","hentry","category-variedades"],"jetpack_publicize_connections":[],"jetpack_featured_media_url":"https:\/\/i0.wp.com\/noticiasribeiraopreto.com.br\/wp-content\/uploads\/2023\/12\/istock-1290577323.jpg?fit=1200%2C638&ssl=1","jetpack-related-posts":[{"id":22417,"url":"https:\/\/noticiasribeiraopreto.com.br\/index.php\/2023\/12\/29\/estudo-revela-suco-que-baixa-niveis-de-acucar-no-sangue-em-minutos\/","url_meta":{"origin":20849,"position":0},"title":"Estudo revela suco que baixa n\u00edveis de a\u00e7\u00facar no sangue em minutos","author":"noticiasribeiraopreto.com.br","date":"29 de December de 2023","format":false,"excerpt":"Cr\u00e9ditos: PeopleImages\/istockSuco desta fruta ajuda a baixar os n\u00edveis de a\u00e7\u00facar no sangue Um suco de frutas\u00a0 \u00e9 capaz de alterar os n\u00edveis de a\u00e7\u00facar no sangue de forma positiva em apenas 15 minutos, apontam resultados de um estudo publicado na revista cient\u00edfica Current Developments in Nutrition. Os pesquisadores descobriram\u2026","rel":"","context":"In &quot;Variedades&quot;","block_context":{"text":"Variedades","link":"https:\/\/noticiasribeiraopreto.com.br\/index.php\/category\/variedades\/"},"img":{"alt_text":"","src":"https:\/\/i0.wp.com\/noticiasribeiraopreto.com.br\/wp-content\/uploads\/2023\/12\/istock-502194813.jpg?fit=1200%2C638&ssl=1&resize=350%2C200","width":350,"height":200,"srcset":"https:\/\/i0.wp.com\/noticiasribeiraopreto.com.br\/wp-content\/uploads\/2023\/12\/istock-502194813.jpg?fit=1200%2C638&ssl=1&resize=350%2C200 1x, https:\/\/i0.wp.com\/noticiasribeiraopreto.com.br\/wp-content\/uploads\/2023\/12\/istock-502194813.jpg?fit=1200%2C638&ssl=1&resize=525%2C300 1.5x, https:\/\/i0.wp.com\/noticiasribeiraopreto.com.br\/wp-content\/uploads\/2023\/12\/istock-502194813.jpg?fit=1200%2C638&ssl=1&resize=700%2C400 2x, https:\/\/i0.wp.com\/noticiasribeiraopreto.com.br\/wp-content\/uploads\/2023\/12\/istock-502194813.jpg?fit=1200%2C638&ssl=1&resize=1050%2C600 3x"},"classes":[]},{"id":8695,"url":"https:\/\/noticiasribeiraopreto.com.br\/index.php\/2023\/11\/30\/as-melhores-bebidas-para-sugar-acucar-no-sangue\/","url_meta":{"origin":20849,"position":1},"title":"As melhores bebidas para sugar a\u00e7\u00facar no sangue","author":"noticiasribeiraopreto.com.br","date":"30 de November de 2023","format":false,"excerpt":"O controle do a\u00e7\u00facar no sangue ou da glicose\u00a0\u00a0\u00e9 fundamental para pessoas com diagn\u00f3stico de diabetes ou resist\u00eancia \u00e0 insulina. Isso depende quase inteiramente da dieta, por isso, \u00e9 importante saber quais alimentos e bebidas possuem um efeito positivo. No entanto, \u00e9 sempre importante consultar um profissional de sa\u00fade para\u2026","rel":"","context":"In &quot;Variedades&quot;","block_context":{"text":"Variedades","link":"https:\/\/noticiasribeiraopreto.com.br\/index.php\/category\/variedades\/"},"img":{"alt_text":"","src":"https:\/\/i0.wp.com\/noticiasribeiraopreto.com.br\/wp-content\/uploads\/2023\/11\/istock-1673610589.jpg?fit=1200%2C638&ssl=1&resize=350%2C200","width":350,"height":200,"srcset":"https:\/\/i0.wp.com\/noticiasribeiraopreto.com.br\/wp-content\/uploads\/2023\/11\/istock-1673610589.jpg?fit=1200%2C638&ssl=1&resize=350%2C200 1x, https:\/\/i0.wp.com\/noticiasribeiraopreto.com.br\/wp-content\/uploads\/2023\/11\/istock-1673610589.jpg?fit=1200%2C638&ssl=1&resize=525%2C300 1.5x, https:\/\/i0.wp.com\/noticiasribeiraopreto.com.br\/wp-content\/uploads\/2023\/11\/istock-1673610589.jpg?fit=1200%2C638&ssl=1&resize=700%2C400 2x, https:\/\/i0.wp.com\/noticiasribeiraopreto.com.br\/wp-content\/uploads\/2023\/11\/istock-1673610589.jpg?fit=1200%2C638&ssl=1&resize=1050%2C600 3x"},"classes":[]},{"id":15987,"url":"https:\/\/noticiasribeiraopreto.com.br\/index.php\/2023\/12\/14\/3-chas-acessiveis-reduzem-o-acucar-no-sangue\/","url_meta":{"origin":20849,"position":2},"title":"3 ch\u00e1s acess\u00edveis reduzem o a\u00e7\u00facar no sangue","author":"noticiasribeiraopreto.com.br","date":"14 de December de 2023","format":false,"excerpt":"Cr\u00e9ditos: Depositphotos\/digiartCh\u00e1s que ajudam a reduzir o a\u00e7\u00facar no sangue A inclus\u00e3o de ch\u00e1s medicinais pode trazer in\u00fameros benef\u00edcios para a sa\u00fade, como, por exemplo, uma ajuda no controle dos n\u00edveis de a\u00e7\u00facar no sangue. Considerando a expressiva parcela da popula\u00e7\u00e3o brasileira que sofre de diabetes, essa descoberta tem grande\u2026","rel":"","context":"In &quot;Variedades&quot;","block_context":{"text":"Variedades","link":"https:\/\/noticiasribeiraopreto.com.br\/index.php\/category\/variedades\/"},"img":{"alt_text":"","src":"https:\/\/i0.wp.com\/noticiasribeiraopreto.com.br\/wp-content\/uploads\/2023\/12\/depositphotos-16933151-xl-scaled.jpg?fit=1200%2C638&ssl=1&resize=350%2C200","width":350,"height":200,"srcset":"https:\/\/i0.wp.com\/noticiasribeiraopreto.com.br\/wp-content\/uploads\/2023\/12\/depositphotos-16933151-xl-scaled.jpg?fit=1200%2C638&ssl=1&resize=350%2C200 1x, https:\/\/i0.wp.com\/noticiasribeiraopreto.com.br\/wp-content\/uploads\/2023\/12\/depositphotos-16933151-xl-scaled.jpg?fit=1200%2C638&ssl=1&resize=525%2C300 1.5x, https:\/\/i0.wp.com\/noticiasribeiraopreto.com.br\/wp-content\/uploads\/2023\/12\/depositphotos-16933151-xl-scaled.jpg?fit=1200%2C638&ssl=1&resize=700%2C400 2x, https:\/\/i0.wp.com\/noticiasribeiraopreto.com.br\/wp-content\/uploads\/2023\/12\/depositphotos-16933151-xl-scaled.jpg?fit=1200%2C638&ssl=1&resize=1050%2C600 3x"},"classes":[]},{"id":19415,"url":"https:\/\/noticiasribeiraopreto.com.br\/index.php\/2023\/12\/22\/comer-esta-fruta-comum-antes-das-refeicoes-reduz-acucar-no-sangue\/","url_meta":{"origin":20849,"position":3},"title":"Comer esta fruta comum antes das refei\u00e7\u00f5es reduz a\u00e7\u00facar no sangue","author":"noticiasribeiraopreto.com.br","date":"22 de December de 2023","format":false,"excerpt":"Cr\u00e9ditos: iStock\/gruizzaFruta que ajuda a controlar a\u00e7\u00facar no sangue Comer uma ma\u00e7\u00e3 antes de uma refei\u00e7\u00e3o pode reduzir os n\u00edveis de a\u00e7\u00facar no sangue pela metade, de acordo com um estudo recente publicado pelo Nutrition Journal. A an\u00e1lise \u00e9 especialmente relevante para pessoas que vivem com diabetes, que precisam prestar\u2026","rel":"","context":"In &quot;Variedades&quot;","block_context":{"text":"Variedades","link":"https:\/\/noticiasribeiraopreto.com.br\/index.php\/category\/variedades\/"},"img":{"alt_text":"","src":"https:\/\/i0.wp.com\/noticiasribeiraopreto.com.br\/wp-content\/uploads\/2023\/12\/istock-831593688-1-scaled-e1700316442502.jpg?fit=1200%2C638&ssl=1&resize=350%2C200","width":350,"height":200,"srcset":"https:\/\/i0.wp.com\/noticiasribeiraopreto.com.br\/wp-content\/uploads\/2023\/12\/istock-831593688-1-scaled-e1700316442502.jpg?fit=1200%2C638&ssl=1&resize=350%2C200 1x, https:\/\/i0.wp.com\/noticiasribeiraopreto.com.br\/wp-content\/uploads\/2023\/12\/istock-831593688-1-scaled-e1700316442502.jpg?fit=1200%2C638&ssl=1&resize=525%2C300 1.5x, https:\/\/i0.wp.com\/noticiasribeiraopreto.com.br\/wp-content\/uploads\/2023\/12\/istock-831593688-1-scaled-e1700316442502.jpg?fit=1200%2C638&ssl=1&resize=700%2C400 2x, https:\/\/i0.wp.com\/noticiasribeiraopreto.com.br\/wp-content\/uploads\/2023\/12\/istock-831593688-1-scaled-e1700316442502.jpg?fit=1200%2C638&ssl=1&resize=1050%2C600 3x"},"classes":[]},{"id":17011,"url":"https:\/\/noticiasribeiraopreto.com.br\/index.php\/2023\/12\/17\/estrategia-estabiliza-niveis-de-acucar-no-sangue-indicam-especialistas\/","url_meta":{"origin":20849,"position":4},"title":"Estrat\u00e9gia estabiliza n\u00edveis de a\u00e7\u00facar no sangue, indicam especialistas","author":"noticiasribeiraopreto.com.br","date":"17 de December de 2023","format":false,"excerpt":"Cr\u00e9ditos: Getty ImagesUma caminhada r\u00e1pida ap\u00f3s as refei\u00e7\u00f5es pode ajudar a diminuir os n\u00edveis de a\u00e7\u00facar no sangue \u2013 iStock\/Getty Images Estudo publicado pela revista Sports Medicine revela que apenas 2 minutos de caminhada, ap\u00f3s comer, j\u00e1 s\u00e3o suficientes para controlar os n\u00edveis de a\u00e7\u00facar no sangue. O benef\u00edcio tamb\u00e9m\u2026","rel":"","context":"In &quot;Variedades&quot;","block_context":{"text":"Variedades","link":"https:\/\/noticiasribeiraopreto.com.br\/index.php\/category\/variedades\/"},"img":{"alt_text":"","src":"https:\/\/i0.wp.com\/noticiasribeiraopreto.com.br\/wp-content\/uploads\/2023\/12\/istock-1129413126.jpg?fit=1200%2C638&ssl=1&resize=350%2C200","width":350,"height":200,"srcset":"https:\/\/i0.wp.com\/noticiasribeiraopreto.com.br\/wp-content\/uploads\/2023\/12\/istock-1129413126.jpg?fit=1200%2C638&ssl=1&resize=350%2C200 1x, https:\/\/i0.wp.com\/noticiasribeiraopreto.com.br\/wp-content\/uploads\/2023\/12\/istock-1129413126.jpg?fit=1200%2C638&ssl=1&resize=525%2C300 1.5x, https:\/\/i0.wp.com\/noticiasribeiraopreto.com.br\/wp-content\/uploads\/2023\/12\/istock-1129413126.jpg?fit=1200%2C638&ssl=1&resize=700%2C400 2x, https:\/\/i0.wp.com\/noticiasribeiraopreto.com.br\/wp-content\/uploads\/2023\/12\/istock-1129413126.jpg?fit=1200%2C638&ssl=1&resize=1050%2C600 3x"},"classes":[]},{"id":13204,"url":"https:\/\/noticiasribeiraopreto.com.br\/index.php\/2023\/12\/09\/bebida-reduz-acucar-no-sangue-em-4-semanas-diz-estudo\/","url_meta":{"origin":20849,"position":5},"title":"Bebida reduz a\u00e7\u00facar no sangue em 4 semanas, diz estudo","author":"noticiasribeiraopreto.com.br","date":"9 de December de 2023","format":false,"excerpt":"Cr\u00e9ditos: Getty ImagesKombucha diminui os n\u00edveis de a\u00e7\u00facar no sangue, avaliam os especialistas \u2013 iStock\/Getty Images Estudo conduzido por pesquisadores da Escola de Sa\u00fade da Universidade de Georgetown, da Universidade de Nebraska-Lincoln e da MedStar Health, descobriu o poder de uma bebida saud\u00e1vel contra o diabetes tipo 2. Segundo os\u2026","rel":"","context":"In &quot;Variedades&quot;","block_context":{"text":"Variedades","link":"https:\/\/noticiasribeiraopreto.com.br\/index.php\/category\/variedades\/"},"img":{"alt_text":"","src":"https:\/\/i0.wp.com\/noticiasribeiraopreto.com.br\/wp-content\/uploads\/2023\/12\/istock-1273789061.jpg?fit=1200%2C638&ssl=1&resize=350%2C200","width":350,"height":200,"srcset":"https:\/\/i0.wp.com\/noticiasribeiraopreto.com.br\/wp-content\/uploads\/2023\/12\/istock-1273789061.jpg?fit=1200%2C638&ssl=1&resize=350%2C200 1x, https:\/\/i0.wp.com\/noticiasribeiraopreto.com.br\/wp-content\/uploads\/2023\/12\/istock-1273789061.jpg?fit=1200%2C638&ssl=1&resize=525%2C300 1.5x, https:\/\/i0.wp.com\/noticiasribeiraopreto.com.br\/wp-content\/uploads\/2023\/12\/istock-1273789061.jpg?fit=1200%2C638&ssl=1&resize=700%2C400 2x, https:\/\/i0.wp.com\/noticiasribeiraopreto.com.br\/wp-content\/uploads\/2023\/12\/istock-1273789061.jpg?fit=1200%2C638&ssl=1&resize=1050%2C600 3x"},"classes":[]}],"jetpack_sharing_enabled":true,"jetpack_shortlink":"https:\/\/wp.me\/peQAOb-5qh","_links":{"self":[{"href":"https:\/\/noticiasribeiraopreto.com.br\/index.php\/wp-json\/wp\/v2\/posts\/20849","targetHints":{"allow":["GET"]}}],"collection":[{"href":"https:\/\/noticiasribeiraopreto.com.br\/index.php\/wp-json\/wp\/v2\/posts"}],"about":[{"href":"https:\/\/noticiasribeiraopreto.com.br\/index.php\/wp-json\/wp\/v2\/types\/post"}],"author":[{"embeddable":true,"href":"https:\/\/noticiasribeiraopreto.com.br\/index.php\/wp-json\/wp\/v2\/users\/1"}],"replies":[{"embeddable":true,"href":"https:\/\/noticiasribeiraopreto.com.br\/index.php\/wp-json\/wp\/v2\/comments?post=20849"}],"version-history":[{"count":0,"href":"https:\/\/noticiasribeiraopreto.com.br\/index.php\/wp-json\/wp\/v2\/posts\/20849\/revisions"}],"wp:featuredmedia":[{"embeddable":true,"href":"https:\/\/noticiasribeiraopreto.com.br\/index.php\/wp-json\/wp\/v2\/media\/20850"}],"wp:attachment":[{"href":"https:\/\/noticiasribeiraopreto.com.br\/index.php\/wp-json\/wp\/v2\/media?parent=20849"}],"wp:term":[{"taxonomy":"category","embeddable":true,"href":"https:\/\/noticiasribeiraopreto.com.br\/index.php\/wp-json\/wp\/v2\/categories?post=20849"},{"taxonomy":"post_tag","embeddable":true,"href":"https:\/\/noticiasribeiraopreto.com.br\/index.php\/wp-json\/wp\/v2\/tags?post=20849"}],"curies":[{"name":"wp","href":"https:\/\/api.w.org\/{rel}","templated":true}]}}