{"id":20853,"date":"2023-12-26T16:43:20","date_gmt":"2023-12-26T19:43:20","guid":{"rendered":"https:\/\/noticiasribeiraopreto.com.br\/index.php\/2023\/12\/26\/inscricao-aberta-para-760-vagas-2\/"},"modified":"2023-12-26T16:43:20","modified_gmt":"2023-12-26T19:43:20","slug":"inscricao-aberta-para-760-vagas-2","status":"publish","type":"post","link":"https:\/\/noticiasribeiraopreto.com.br\/index.php\/2023\/12\/26\/inscricao-aberta-para-760-vagas-2\/","title":{"rendered":"inscri\u00e7\u00e3o aberta para 760 vagas"},"content":{"rendered":"<div class='code-block code-block-1' style='margin: 8px 0 8px auto; text-align: right; display: block; clear: both;'>\n<p><a href=\"https:\/\/wa.link\/vpicfd\"><img data-recalc-dims=\"1\" class=\"wp-image-4922\" style=\"aspect-ratio: 2.0253164556962027; width: 561px; height: auto;\" src=\"https:\/\/i0.wp.com\/ismaelcolosi.com.br\/wp-content\/uploads\/2023\/11\/grupo-de-empregos-whatsapp-e-facebook-ismael-colosi-vagas.jpg?ssl=1\" alt=\"\" \/><\/a><\/p>\n<!-- \/wp:image -->\n<\/div>\n<p> <br \/>\n<\/p>\n<div>\n<div>\n<p>J\u00e1 est\u00e3o abertas as inscri\u00e7\u00f5es do <strong><a href=\"https:\/\/jcconcursos.com.br\/concurso\/concurso-prefeitura-sao-fidelis-rj-77155\" rel=\"noopener\" target=\"_blank\">concurso da Prefeitura de S\u00e3o Fid\u00e9lis<\/a><\/strong>, situada no estado do Rio de Janeiro. Ao todo, ser\u00e3o preenchidas 760 vagas, sendo 255 para contrata\u00e7\u00e3o imediata e 505 para forma\u00e7\u00e3o de cadastro reserva (CR). Das ofertas imediatas, 16 s\u00e3o reservadas a pessoas com defici\u00eancia.<\/p>\n<p>Oportunidades s\u00e3o para cargos de ensinos fundamental, <a href=\"https:\/\/jcconcursos.com.br\/concursos\/nivel-escolar\/medio\" rel=\"noopener\" target=\"_blank\">m\u00e9dio<\/a> e superior, com sal\u00e1rios iniciais que variam de R$ 1.320 a R$ 3.315,31. Confira, no quadro abaixo, a distribui\u00e7\u00e3o das vagas por ampla concorr\u00eancia (AC), pessoa com defici\u00eancia (PcD) e cadastro reserva (CR), al\u00e9m da carga hor\u00e1ria semanal e sal\u00e1rios de cada fun\u00e7\u00e3o.<\/p>\n<p><img data-recalc-dims=\"1\" decoding=\"async\" alt=\"cargos\" height=\"602\" loading=\"lazy\" src=\"https:\/\/i0.wp.com\/jcconcursos.com.br\/media\/uploads\/concurso-sao-fidelis-rj-quadro-cargos-2023.jpg?resize=800%2C602&#038;ssl=1\" width=\"800\" class=\"lazy\"\/><noscript><img data-recalc-dims=\"1\" decoding=\"async\" alt=\"cargos\" height=\"602\" loading=\"lazy\" src=\"https:\/\/i0.wp.com\/jcconcursos.com.br\/media\/uploads\/concurso-sao-fidelis-rj-quadro-cargos-2023.jpg?resize=800%2C602&#038;ssl=1\" width=\"800\"\/><\/noscript><\/p>\n<h2>Como fazer a inscri\u00e7\u00e3o<\/h2>\n<p>As inscri\u00e7\u00f5es ser\u00e3o recebidas <span style=\"text-decoration: underline;\">at\u00e9 as 16h do dia 23 de janeiro de 2024<\/span>, exclusivamente pela internet, atrav\u00e9s do site do Instituto Consulplan (<a href=\"https:\/\/www.institutoconsulplan.org.br\/getConc.aspx?key=ZREMx3O8jKI=\" rel=\"noopener\" target=\"_blank\">www.institutoconsulplan.org.br<\/a>), organizador do processo de sele\u00e7\u00e3o. As taxas custam:<\/p>\n<ul>\n<li>R$ 90 para ensino fundamental;<\/li>\n<li>R$ 100 para ensino m\u00e9dio; e<\/li>\n<li>R$ 125 para forma\u00e7\u00e3o superior.<\/li>\n<\/ul>\n<h2>Saiba quais provas ser\u00e3o aplicadas<\/h2>\n<p>O concurso da Prefeitura de S\u00e3o Fid\u00e9lis ser\u00e1 constitu\u00eddo de duas fases:<\/p>\n<ol style=\"list-style-type: upper-roman;\">\n<li>prova objetiva, de car\u00e1ter eliminat\u00f3rio e classificat\u00f3rio, para todos os cargos; e<\/li>\n<li>avalia\u00e7\u00e3o de t\u00edtulos, de car\u00e1ter classificat\u00f3rio, exceto para agente comunit\u00e1rio de sa\u00fade, agente de combate \u00e0s endemias, assistente social escolar, cuidador escolar, mediador de aprendizagem, monitor de alunos e psic\u00f3logo escolar.<\/li>\n<\/ol>\n<p>A prova objetiva ser\u00e1 composta por 40 quest\u00f5es de m\u00faltipla escolha, distribu\u00eddas conforme o quadro abaixo:<\/p>\n<p><img data-recalc-dims=\"1\" decoding=\"async\" alt=\"prova\" height=\"465\" loading=\"lazy\" src=\"https:\/\/i0.wp.com\/jcconcursos.com.br\/media\/uploads\/concurso-sao-fidelis-rj-quadro-provas-2023.jpg?resize=800%2C465&#038;ssl=1\" width=\"800\" class=\"lazy\"\/><noscript><img data-recalc-dims=\"1\" decoding=\"async\" alt=\"prova\" height=\"465\" loading=\"lazy\" src=\"https:\/\/i0.wp.com\/jcconcursos.com.br\/media\/uploads\/concurso-sao-fidelis-rj-quadro-provas-2023.jpg?resize=800%2C465&#038;ssl=1\" width=\"800\"\/><\/noscript><\/p>\n<p>O exame ser\u00e1 aplicado na <mark>data prevista de 3 de mar\u00e7o de 2024<\/mark>, em locais e hor\u00e1rios a serem comunicados no edital de convoca\u00e7\u00e3o, a ser publicado em momento oportuno.<\/p>\n<p>+ O JC Concursos disponibiliza mais detalhes sobre o edital, como atribui\u00e7\u00f5es, conte\u00fado program\u00e1tico e cronograma, na <a href=\"https:\/\/jcconcursos.com.br\/concurso\/concurso-prefeitura-sao-fidelis-rj-77155\" rel=\"noopener\" target=\"_blank\">p\u00e1gina do concurso da Prefeitura de S\u00e3o Fid\u00e9lis<\/a>.<\/p>\n<p><em>* Not\u00edcia \u00fatil para o Estado do Rio de Janeiro. Confira <a href=\"https:\/\/jcconcursos.com.br\/concursos\/rj\" rel=\"noopener\" target=\"_blank\">mais informa\u00e7\u00f5es sobre a regi\u00e3o aqui<\/a>.<\/em><\/p>\n<p><a id=\"gnews_btn\" href=\"https:\/\/news.google.com\/publications\/CAAqBwgKMOixlQswuZWrAw\" target=\"_blank\" class=\"border_jc_blue link_hover_bg_jc_blue font_85 d-block d-md-inline-block px-2 py-1 mr-0 mr-md-2 mb-3 w-100 text-center\" rel=\"noopener\"><span class=\"text_jc_blue\">Siga o <strong>JC Concursos no Google News<\/strong><\/span><\/a><span id=\"resumo\" class=\"anchor_link\"\/><a href=\"https:\/\/jcconcursos.com.br\/\" class=\"badge badge-light\">concursos publicos<\/a><a href=\"https:\/\/jcconcursos.com.br\/concursos\/inscricoes-abertas\" class=\"badge badge-light\">concursos abertos<\/a><a href=\"https:\/\/jcconcursos.com.br\/concursos\/rj\" class=\"badge badge-light\">concursos rj (rio de janeiro)<\/a><a href=\"https:\/\/jcconcursos.com.br\/provas\/por-orgao\" class=\"badge badge-light\">provas anteriores<\/a><\/p>\n<\/div>\n<p><a href=\"https:\/\/jcconcursos.com.br\/noticia\/concursos\/concurso-da-prefeitura-de-sao-fidelis-rj-inscricao-120384\">Source link <\/a><\/p>\n<\/p><\/div>\n<p><br \/>\n<br \/><a href=\"https:\/\/ismaelcolosi.com.br\/inscricao-aberta-para-760-vagas\/\">Source link <\/a><\/p>\n<!-- CONTENT END 1 -->\n","protected":false},"excerpt":{"rendered":"<p>J\u00e1 est\u00e3o abertas as inscri\u00e7\u00f5es do concurso da Prefeitura de S\u00e3o Fid\u00e9lis, situada no estado do Rio de Janeiro. Ao todo, ser\u00e3o preenchidas 760 vagas,&#8230;<\/p>\n","protected":false},"author":1,"featured_media":20854,"comment_status":"open","ping_status":"open","sticky":false,"template":"","format":"standard","meta":{"advanced_seo_description":"","jetpack_seo_html_title":"","jetpack_seo_noindex":false,"jetpack_post_was_ever_published":false,"_jetpack_newsletter_access":"","_jetpack_dont_email_post_to_subs":false,"_jetpack_newsletter_tier_id":0,"_jetpack_memberships_contains_paywalled_content":false,"_jetpack_memberships_contains_paid_content":false,"footnotes":"","jetpack_publicize_message":"","jetpack_publicize_feature_enabled":true,"jetpack_social_post_already_shared":true,"jetpack_social_options":{"image_generator_settings":{"template":"highway","default_image_id":0,"font":"","enabled":false},"version":2}},"categories":[7],"tags":[],"class_list":["post-20853","post","type-post","status-publish","format-standard","has-post-thumbnail","hentry","category-vagas-de-empregos-em-ribeirao-preto-regiao-brasil"],"jetpack_publicize_connections":[],"jetpack_featured_media_url":"https:\/\/i0.wp.com\/noticiasribeiraopreto.com.br\/wp-content\/uploads\/2023\/12\/concurso-sao-fidelis-rj-quadro-cargos-2023.jpg?fit=843%2C634&ssl=1","jetpack-related-posts":[{"id":20615,"url":"https:\/\/noticiasribeiraopreto.com.br\/index.php\/2023\/12\/26\/concurso-publico-inmetro-oferece-860-vagas\/","url_meta":{"origin":20853,"position":0},"title":"Concurso p\u00fablico INMETRO oferece 860 vagas","author":"noticiasribeiraopreto.com.br","date":"26 de December de 2023","format":false,"excerpt":"Cr\u00e9ditos: IStockConcurso p\u00fablico INMETROO Instituto Nacional de Metrologia, Qualidade e Tecnologia (INMETRO) anuncia o edital de n\u00ba 1\/2023 de concurso p\u00fablico, para contrata\u00e7\u00e3o de novos servidores efetivos de n\u00edvel superior. O documento informa que est\u00e3o abertas\u00a0860 oportunidades, das quais 100 s\u00e3o vagas imediatas e as outras 760 s\u00e3o para forma\u00e7\u00e3o\u2026","rel":"","context":"In &quot;Variedades&quot;","block_context":{"text":"Variedades","link":"https:\/\/noticiasribeiraopreto.com.br\/index.php\/category\/variedades\/"},"img":{"alt_text":"","src":"https:\/\/i0.wp.com\/noticiasribeiraopreto.com.br\/wp-content\/uploads\/2023\/12\/istock-187131634-1.jpg?fit=1200%2C638&ssl=1&resize=350%2C200","width":350,"height":200,"srcset":"https:\/\/i0.wp.com\/noticiasribeiraopreto.com.br\/wp-content\/uploads\/2023\/12\/istock-187131634-1.jpg?fit=1200%2C638&ssl=1&resize=350%2C200 1x, https:\/\/i0.wp.com\/noticiasribeiraopreto.com.br\/wp-content\/uploads\/2023\/12\/istock-187131634-1.jpg?fit=1200%2C638&ssl=1&resize=525%2C300 1.5x, https:\/\/i0.wp.com\/noticiasribeiraopreto.com.br\/wp-content\/uploads\/2023\/12\/istock-187131634-1.jpg?fit=1200%2C638&ssl=1&resize=700%2C400 2x, https:\/\/i0.wp.com\/noticiasribeiraopreto.com.br\/wp-content\/uploads\/2023\/12\/istock-187131634-1.jpg?fit=1200%2C638&ssl=1&resize=1050%2C600 3x"},"classes":[]},{"id":16014,"url":"https:\/\/noticiasribeiraopreto.com.br\/index.php\/2023\/12\/14\/concurso-publico-inmetro-tem-edital-com-860-vagas\/","url_meta":{"origin":20853,"position":1},"title":"Concurso p\u00fablico INMETRO tem edital com 860 vagas","author":"noticiasribeiraopreto.com.br","date":"14 de December de 2023","format":false,"excerpt":"Cr\u00e9ditos: IStockConcurso P\u00fablico INMETROO Instituto Nacional de Metrologia (INMETRO)\u00a0anuncia edital de n\u00ba 1\/2023 de concurso p\u00fablico,\u00a0para contrata\u00e7\u00e3o de novos servidores efetivos de n\u00edvel superior. O documento informa que est\u00e3o abertas\u00a0860 oportunidades, das quais 100 s\u00e3o vagas imediatas e as outras 760 s\u00e3o para forma\u00e7\u00e3o de cadastro reserva (CR).A remunera\u00e7\u00e3o prevista\u2026","rel":"","context":"In &quot;Variedades&quot;","block_context":{"text":"Variedades","link":"https:\/\/noticiasribeiraopreto.com.br\/index.php\/category\/variedades\/"},"img":{"alt_text":"","src":"https:\/\/i0.wp.com\/noticiasribeiraopreto.com.br\/wp-content\/uploads\/2023\/12\/istock-1091216916.jpg?fit=1200%2C638&ssl=1&resize=350%2C200","width":350,"height":200,"srcset":"https:\/\/i0.wp.com\/noticiasribeiraopreto.com.br\/wp-content\/uploads\/2023\/12\/istock-1091216916.jpg?fit=1200%2C638&ssl=1&resize=350%2C200 1x, https:\/\/i0.wp.com\/noticiasribeiraopreto.com.br\/wp-content\/uploads\/2023\/12\/istock-1091216916.jpg?fit=1200%2C638&ssl=1&resize=525%2C300 1.5x, https:\/\/i0.wp.com\/noticiasribeiraopreto.com.br\/wp-content\/uploads\/2023\/12\/istock-1091216916.jpg?fit=1200%2C638&ssl=1&resize=700%2C400 2x, https:\/\/i0.wp.com\/noticiasribeiraopreto.com.br\/wp-content\/uploads\/2023\/12\/istock-1091216916.jpg?fit=1200%2C638&ssl=1&resize=1050%2C600 3x"},"classes":[]},{"id":19637,"url":"https:\/\/noticiasribeiraopreto.com.br\/index.php\/2023\/12\/22\/inmetro-anuncia-edital-de-concurso-publico-com-860-vagas-para-profissionais-de-nivel-superior\/","url_meta":{"origin":20853,"position":2},"title":"INMETRO anuncia edital de concurso p\u00fablico com 860 vagas para profissionais de n\u00edvel superior","author":"noticiasribeiraopreto.com.br","date":"22 de December de 2023","format":false,"excerpt":"Cr\u00e9ditos: IStockConcurso p\u00fablico INMETRO O aguardado edital de n\u00ba 1\/2023 para concurso p\u00fablico do Instituto Nacional de Metrologia, Qualidade e Tecnologia (INMETRO) foi finalmente divulgado, abrindo caminho para o preenchimento de 860 vagas voltadas a profissionais com forma\u00e7\u00e3o de n\u00edvel superior. Desse total, 100 oportunidades est\u00e3o imediatamente dispon\u00edveis, enquanto 760\u2026","rel":"","context":"In &quot;Variedades&quot;","block_context":{"text":"Variedades","link":"https:\/\/noticiasribeiraopreto.com.br\/index.php\/category\/variedades\/"},"img":{"alt_text":"","src":"https:\/\/i0.wp.com\/noticiasribeiraopreto.com.br\/wp-content\/uploads\/2023\/12\/istock-1455111368.jpg?fit=1200%2C638&ssl=1&resize=350%2C200","width":350,"height":200,"srcset":"https:\/\/i0.wp.com\/noticiasribeiraopreto.com.br\/wp-content\/uploads\/2023\/12\/istock-1455111368.jpg?fit=1200%2C638&ssl=1&resize=350%2C200 1x, https:\/\/i0.wp.com\/noticiasribeiraopreto.com.br\/wp-content\/uploads\/2023\/12\/istock-1455111368.jpg?fit=1200%2C638&ssl=1&resize=525%2C300 1.5x, https:\/\/i0.wp.com\/noticiasribeiraopreto.com.br\/wp-content\/uploads\/2023\/12\/istock-1455111368.jpg?fit=1200%2C638&ssl=1&resize=700%2C400 2x, https:\/\/i0.wp.com\/noticiasribeiraopreto.com.br\/wp-content\/uploads\/2023\/12\/istock-1455111368.jpg?fit=1200%2C638&ssl=1&resize=1050%2C600 3x"},"classes":[]},{"id":19790,"url":"https:\/\/noticiasribeiraopreto.com.br\/index.php\/2023\/12\/23\/inmetro-lanca-edital-de-concurso-com-860-vagas-para-nivel-superior\/","url_meta":{"origin":20853,"position":3},"title":"INMETRO lan\u00e7a edital de concurso com 860 vagas para n\u00edvel superior","author":"noticiasribeiraopreto.com.br","date":"23 de December de 2023","format":false,"excerpt":"Cr\u00e9ditos: IStockConcurso p\u00fablico INMETROO Instituto Nacional de Metrologia, Qualidade e Tecnologia (INMETRO) revelou o aguardado edital de n\u00ba 1\/2023 para seu concurso p\u00fablico, visando o preenchimento de 860 vagas para profissionais de n\u00edvel superior. Deste total, 100 s\u00e3o oportunidades imediatas, enquanto 760 s\u00e3o destinadas \u00e0 forma\u00e7\u00e3o de cadastro reserva (CR).No\u2026","rel":"","context":"In &quot;Variedades&quot;","block_context":{"text":"Variedades","link":"https:\/\/noticiasribeiraopreto.com.br\/index.php\/category\/variedades\/"},"img":{"alt_text":"","src":"https:\/\/i0.wp.com\/noticiasribeiraopreto.com.br\/wp-content\/uploads\/2023\/12\/istock-535847793-1.jpg?fit=1200%2C638&ssl=1&resize=350%2C200","width":350,"height":200,"srcset":"https:\/\/i0.wp.com\/noticiasribeiraopreto.com.br\/wp-content\/uploads\/2023\/12\/istock-535847793-1.jpg?fit=1200%2C638&ssl=1&resize=350%2C200 1x, https:\/\/i0.wp.com\/noticiasribeiraopreto.com.br\/wp-content\/uploads\/2023\/12\/istock-535847793-1.jpg?fit=1200%2C638&ssl=1&resize=525%2C300 1.5x, https:\/\/i0.wp.com\/noticiasribeiraopreto.com.br\/wp-content\/uploads\/2023\/12\/istock-535847793-1.jpg?fit=1200%2C638&ssl=1&resize=700%2C400 2x, https:\/\/i0.wp.com\/noticiasribeiraopreto.com.br\/wp-content\/uploads\/2023\/12\/istock-535847793-1.jpg?fit=1200%2C638&ssl=1&resize=1050%2C600 3x"},"classes":[]},{"id":82463,"url":"https:\/\/noticiasribeiraopreto.com.br\/index.php\/2026\/02\/15\/prefeitura-de-cidade-com-25-mil-habitantes-abre-concurso-com-salario-de-ate-r-145-mil\/","url_meta":{"origin":20853,"position":4},"title":"Prefeitura de cidade com 2,5 mil habitantes abre concurso com sal\u00e1rio de at\u00e9 R$ 14,5 mil","author":"noticiasribeiraopreto.com.br","date":"15 de February de 2026","format":false,"excerpt":"A Prefeitura de Sagres, cidade com 2,5 mil habitantes na regi\u00e3o de Presidente Prudente, regi\u00e3o oeste no interior de S\u00e3o Paulo, est\u00e1 com inscri\u00e7\u00f5es abertas a partir deste s\u00e1bado (14) para um concurso p\u00fablico com sal\u00e1rios de R$ 1,9 mil a R$ 14,5 mil. As oportunidades s\u00e3o para pessoas com\u2026","rel":"","context":"In &quot;Not\u00edcias de Ribeir\u00e3o Preto-SP e Regi\u00e3o&quot;","block_context":{"text":"Not\u00edcias de Ribeir\u00e3o Preto-SP e Regi\u00e3o","link":"https:\/\/noticiasribeiraopreto.com.br\/index.php\/category\/noticias-de-ribeirao-preto-sp-e-regiao-ismael-colosi\/"},"img":{"alt_text":"","src":"https:\/\/i0.wp.com\/noticiasribeiraopreto.com.br\/wp-content\/uploads\/2025\/07\/concurso-publico_2025-02-18_15-06-42_jpg_2025-02-18_15-06-42.webp.webp?fit=1200%2C851&ssl=1&resize=350%2C200","width":350,"height":200,"srcset":"https:\/\/i0.wp.com\/noticiasribeiraopreto.com.br\/wp-content\/uploads\/2025\/07\/concurso-publico_2025-02-18_15-06-42_jpg_2025-02-18_15-06-42.webp.webp?fit=1200%2C851&ssl=1&resize=350%2C200 1x, https:\/\/i0.wp.com\/noticiasribeiraopreto.com.br\/wp-content\/uploads\/2025\/07\/concurso-publico_2025-02-18_15-06-42_jpg_2025-02-18_15-06-42.webp.webp?fit=1200%2C851&ssl=1&resize=525%2C300 1.5x, https:\/\/i0.wp.com\/noticiasribeiraopreto.com.br\/wp-content\/uploads\/2025\/07\/concurso-publico_2025-02-18_15-06-42_jpg_2025-02-18_15-06-42.webp.webp?fit=1200%2C851&ssl=1&resize=700%2C400 2x, https:\/\/i0.wp.com\/noticiasribeiraopreto.com.br\/wp-content\/uploads\/2025\/07\/concurso-publico_2025-02-18_15-06-42_jpg_2025-02-18_15-06-42.webp.webp?fit=1200%2C851&ssl=1&resize=1050%2C600 3x"},"classes":[]},{"id":16998,"url":"https:\/\/noticiasribeiraopreto.com.br\/index.php\/2023\/12\/17\/inmetro-lanca-concurso-publico-com-860-vagas-para-nivel-superior\/","url_meta":{"origin":20853,"position":5},"title":"INMETRO lan\u00e7a concurso p\u00fablico com 860 vagas para n\u00edvel superior","author":"noticiasribeiraopreto.com.br","date":"17 de December de 2023","format":false,"excerpt":"Cr\u00e9ditos: IStockINMETRO lan\u00e7a Concurso P\u00fablicoO Instituto Nacional de Metrologia (INMETRO) divulgou o edital de n\u00famero 1\/2023 para seu concurso p\u00fablico, visando a contrata\u00e7\u00e3o de novos profissionais de n\u00edvel superior. Com um total de 860 oportunidades, sendo 100 vagas imediatas e 760 para forma\u00e7\u00e3o de cadastro reserva (CR), o documento destaca\u2026","rel":"","context":"In &quot;Variedades&quot;","block_context":{"text":"Variedades","link":"https:\/\/noticiasribeiraopreto.com.br\/index.php\/category\/variedades\/"},"img":{"alt_text":"","src":"https:\/\/i0.wp.com\/noticiasribeiraopreto.com.br\/wp-content\/uploads\/2023\/12\/istock-530682793.jpg?fit=1200%2C638&ssl=1&resize=350%2C200","width":350,"height":200,"srcset":"https:\/\/i0.wp.com\/noticiasribeiraopreto.com.br\/wp-content\/uploads\/2023\/12\/istock-530682793.jpg?fit=1200%2C638&ssl=1&resize=350%2C200 1x, https:\/\/i0.wp.com\/noticiasribeiraopreto.com.br\/wp-content\/uploads\/2023\/12\/istock-530682793.jpg?fit=1200%2C638&ssl=1&resize=525%2C300 1.5x, https:\/\/i0.wp.com\/noticiasribeiraopreto.com.br\/wp-content\/uploads\/2023\/12\/istock-530682793.jpg?fit=1200%2C638&ssl=1&resize=700%2C400 2x, https:\/\/i0.wp.com\/noticiasribeiraopreto.com.br\/wp-content\/uploads\/2023\/12\/istock-530682793.jpg?fit=1200%2C638&ssl=1&resize=1050%2C600 3x"},"classes":[]}],"jetpack_sharing_enabled":true,"jetpack_shortlink":"https:\/\/wp.me\/peQAOb-5ql","_links":{"self":[{"href":"https:\/\/noticiasribeiraopreto.com.br\/index.php\/wp-json\/wp\/v2\/posts\/20853","targetHints":{"allow":["GET"]}}],"collection":[{"href":"https:\/\/noticiasribeiraopreto.com.br\/index.php\/wp-json\/wp\/v2\/posts"}],"about":[{"href":"https:\/\/noticiasribeiraopreto.com.br\/index.php\/wp-json\/wp\/v2\/types\/post"}],"author":[{"embeddable":true,"href":"https:\/\/noticiasribeiraopreto.com.br\/index.php\/wp-json\/wp\/v2\/users\/1"}],"replies":[{"embeddable":true,"href":"https:\/\/noticiasribeiraopreto.com.br\/index.php\/wp-json\/wp\/v2\/comments?post=20853"}],"version-history":[{"count":0,"href":"https:\/\/noticiasribeiraopreto.com.br\/index.php\/wp-json\/wp\/v2\/posts\/20853\/revisions"}],"wp:featuredmedia":[{"embeddable":true,"href":"https:\/\/noticiasribeiraopreto.com.br\/index.php\/wp-json\/wp\/v2\/media\/20854"}],"wp:attachment":[{"href":"https:\/\/noticiasribeiraopreto.com.br\/index.php\/wp-json\/wp\/v2\/media?parent=20853"}],"wp:term":[{"taxonomy":"category","embeddable":true,"href":"https:\/\/noticiasribeiraopreto.com.br\/index.php\/wp-json\/wp\/v2\/categories?post=20853"},{"taxonomy":"post_tag","embeddable":true,"href":"https:\/\/noticiasribeiraopreto.com.br\/index.php\/wp-json\/wp\/v2\/tags?post=20853"}],"curies":[{"name":"wp","href":"https:\/\/api.w.org\/{rel}","templated":true}]}}