{"id":20855,"date":"2023-12-26T16:46:19","date_gmt":"2023-12-26T19:46:19","guid":{"rendered":"https:\/\/noticiasribeiraopreto.com.br\/index.php\/2023\/12\/26\/prefeitura-de-ribeirao-preto-abre-concurso-publico-veja-detalhes\/"},"modified":"2023-12-26T16:46:19","modified_gmt":"2023-12-26T19:46:19","slug":"prefeitura-de-ribeirao-preto-abre-concurso-publico-veja-detalhes","status":"publish","type":"post","link":"https:\/\/noticiasribeiraopreto.com.br\/index.php\/2023\/12\/26\/prefeitura-de-ribeirao-preto-abre-concurso-publico-veja-detalhes\/","title":{"rendered":"Prefeitura de Ribeir\u00e3o Preto abre concurso p\u00fablico; Veja detalhes"},"content":{"rendered":"<div class='code-block code-block-1' style='margin: 8px 0 8px auto; text-align: right; display: block; clear: both;'>\n<p><a href=\"https:\/\/wa.link\/vpicfd\"><img data-recalc-dims=\"1\" class=\"wp-image-4922\" style=\"aspect-ratio: 2.0253164556962027; width: 561px; height: auto;\" src=\"https:\/\/i0.wp.com\/ismaelcolosi.com.br\/wp-content\/uploads\/2023\/11\/grupo-de-empregos-whatsapp-e-facebook-ismael-colosi-vagas.jpg?ssl=1\" alt=\"\" \/><\/a><\/p>\n<!-- \/wp:image -->\n<\/div>\n<p> <br \/>\n<\/p>\n<p><strong>A Prefeitura de Ribeir\u00e3o Preto publicou edital abrindo concurso p\u00fablico para 12 vagas. Para ver o edital na \u00edntegra, <a href=\"\/Users\/marcelo.fontes\/Downloads\/Diario-Oficial-9314-2023-12-22.pdf\" target=\"_blank\" rel=\"noreferrer noopener\">clique aqui<\/a>.<\/strong><\/p>\n<p>As fun\u00e7\u00f5es em disputa s\u00e3o: motorista, radio-telefonista, auxiliar de sa\u00fade bucal, educador social e t\u00e9cnico em sa\u00fade bucal. <strong>Os sal\u00e1rios variam entre R$ 2.549,65 e R$ 3.555,42.<\/strong><\/p>\n<h4 class=\"wp-block-heading\"><strong>Inscri\u00e7\u00f5es<\/strong><\/h4>\n<p>As inscri\u00e7\u00f5es ser\u00e3o realizadas <a href=\"https:\/\/www.concursosrbo.com.br\/Paginas\/Projetos.aspx?id=2\" target=\"_blank\" rel=\"noreferrer noopener\">on-line (clique aqui<\/a>) entre 2 de janeiro e 2 de fevereiro de 2024. A taxa de inscri\u00e7\u00e3o varia entre R$ 25,20 e R$ 28,20.<\/p>\n<p>O concurso \u00e9 organizado pela empresa RBO Assessoria P\u00fablica. A data e os locais das provas ainda ser\u00e3o divulgados pela Prefeitura de Ribeir\u00e3o Preto.<\/p>\n<p>VEJA TAMB\u00c9M<br \/>Qual roupa usar? Veja o significado das cores na festa de Ano-Novo<\/p>\n<h4 class=\"wp-block-heading\"><strong>FIQUE ON<\/strong><\/h4>\n<p>Fique ligado em tudo que acontece em Ribeir\u00e3o Preto e regi\u00e3o. Siga os perfis do&nbsp;<strong>acidade on<\/strong>&nbsp;no&nbsp;<a href=\"https:\/\/www.instagram.com\/acidadeonribeirao\" target=\"_blank\" rel=\"noreferrer noopener\">Instagram&nbsp;<\/a>e no<a href=\"https:\/\/www.facebook.com\/acidadeonribeirao\" target=\"_blank\" rel=\"noreferrer noopener\">&nbsp;Facebook.<\/a><\/p>\n<p>Receba not\u00edcias do&nbsp;<strong>acidade on&nbsp;<\/strong>no WhatsApp.&nbsp;<a href=\"https:\/\/chat.whatsapp.com\/Bnv2w66ZT4VDyZW3oiZ69n\" target=\"_blank\" rel=\"noreferrer noopener\">Para entrar no grupo, basta clicar aqui.<\/a><\/p>\n<p>Fa\u00e7a uma den\u00fancia ou sugira uma reportagem sobre Ribeir\u00e3o Preto e regi\u00e3o pelo WhatsApp:\u00a0<strong>(16) 99117 7802.<\/strong><\/p>\n<p><a href=\"https:\/\/www.tudoep.com\/tudo-noticias\/brasil-e-mundo\/NOT,0,0,1869058,ano-novo-dia-1-de-janeiro-e-feriado-ou-ponto-facultativo.aspx\" target=\"_blank\" rel=\"noreferrer noopener\">LEIA MAIS<br \/>Ano Novo: dia 1\u00ba de janeiro \u00e9 feriado ou ponto facultativo?<\/a><\/p>\n<p>O post Prefeitura de Ribeir\u00e3o Preto abre concurso p\u00fablico; Veja detalhes apareceu primeiro em ACidade ON Ribeir\u00e3o Preto.<\/p>\n<p><script async src=\"\/\/www.instagram.com\/embed.js\"><\/script><br \/>\n<br \/><br \/>\n<br \/><a href=\"https:\/\/www.acidadeon.com\/ribeiraopreto\/economia\/prefeitura-de-ribeirao-preto-abre-concurso-publico-veja-detalhes\/\">Source link <\/a><\/p>\n<!-- CONTENT END 1 -->\n","protected":false},"excerpt":{"rendered":"<p>A Prefeitura de Ribeir\u00e3o Preto publicou edital abrindo concurso p\u00fablico para 12 vagas. Para ver o edital na \u00edntegra, clique aqui. As fun\u00e7\u00f5es em disputa&#8230;<\/p>\n","protected":false},"author":1,"featured_media":20856,"comment_status":"open","ping_status":"open","sticky":false,"template":"","format":"standard","meta":{"advanced_seo_description":"","jetpack_seo_html_title":"","jetpack_seo_noindex":false,"jetpack_post_was_ever_published":false,"_jetpack_newsletter_access":"","_jetpack_dont_email_post_to_subs":false,"_jetpack_newsletter_tier_id":0,"_jetpack_memberships_contains_paywalled_content":false,"_jetpack_memberships_contains_paid_content":false,"footnotes":"","jetpack_publicize_message":"","jetpack_publicize_feature_enabled":true,"jetpack_social_post_already_shared":true,"jetpack_social_options":{"image_generator_settings":{"template":"highway","default_image_id":0,"font":"","enabled":false},"version":2}},"categories":[11],"tags":[210,567,2681,244,27,282,26,48],"class_list":["post-20855","post","type-post","status-publish","format-standard","has-post-thumbnail","hentry","category-noticias-de-ribeirao-preto-sp-e-regiao-ismael-colosi","tag-abre","tag-concurso","tag-detalhes","tag-prefeitura","tag-preto","tag-publico","tag-ribeirao","tag-veja"],"jetpack_publicize_connections":[],"jetpack_featured_media_url":"https:\/\/i0.wp.com\/noticiasribeiraopreto.com.br\/wp-content\/uploads\/2023\/12\/predio_novo_-_foto_guilherme_sircili_2.jpg?fit=1623%2C1080&ssl=1","jetpack-related-posts":[{"id":34562,"url":"https:\/\/noticiasribeiraopreto.com.br\/index.php\/2024\/02\/02\/terminam-hoje-as-inscricoes-para-o-concurso-publico-da-prefeitura-de-ribeirao-preto\/","url_meta":{"origin":20855,"position":0},"title":"Terminam hoje as inscri\u00e7\u00f5es para o concurso p\u00fablico da Prefeitura de Ribeir\u00e3o Preto","author":"noticiasribeiraopreto.com.br","date":"2 de February de 2024","format":false,"excerpt":"O prazo para as inscri\u00e7\u00f5es do concurso p\u00fablico n\u00ba 06\/2023 da Prefeitura de Ribeir\u00e3o Preto termina nesta sexta-feira (2). Os interessados nas 12 vagas devem se inscrever pelo site. A taxa \u00e9 de R$ 25,20 para os cargos de motorista e radiotelefonista e R$ 28,20 para auxiliar de sa\u00fade bucal,\u2026","rel":"","context":"In &quot;Not\u00edcias de Ribeir\u00e3o Preto-SP e Regi\u00e3o&quot;","block_context":{"text":"Not\u00edcias de Ribeir\u00e3o Preto-SP e Regi\u00e3o","link":"https:\/\/noticiasribeiraopreto.com.br\/index.php\/category\/noticias-de-ribeirao-preto-sp-e-regiao-ismael-colosi\/"},"img":{"alt_text":"","src":"https:\/\/i0.wp.com\/noticiasribeiraopreto.com.br\/wp-content\/uploads\/2024\/02\/concurso_publico_1.jpeg?fit=1200%2C800&ssl=1&resize=350%2C200","width":350,"height":200,"srcset":"https:\/\/i0.wp.com\/noticiasribeiraopreto.com.br\/wp-content\/uploads\/2024\/02\/concurso_publico_1.jpeg?fit=1200%2C800&ssl=1&resize=350%2C200 1x, https:\/\/i0.wp.com\/noticiasribeiraopreto.com.br\/wp-content\/uploads\/2024\/02\/concurso_publico_1.jpeg?fit=1200%2C800&ssl=1&resize=525%2C300 1.5x, https:\/\/i0.wp.com\/noticiasribeiraopreto.com.br\/wp-content\/uploads\/2024\/02\/concurso_publico_1.jpeg?fit=1200%2C800&ssl=1&resize=700%2C400 2x, https:\/\/i0.wp.com\/noticiasribeiraopreto.com.br\/wp-content\/uploads\/2024\/02\/concurso_publico_1.jpeg?fit=1200%2C800&ssl=1&resize=1050%2C600 3x"},"classes":[]},{"id":25818,"url":"https:\/\/noticiasribeiraopreto.com.br\/index.php\/2024\/01\/08\/veja-como-fazer-inscricao-nos-concursos-publicos-da-prefeitura-de-ribeirao-preto\/","url_meta":{"origin":20855,"position":1},"title":"Veja como fazer a inscri\u00e7\u00e3o nos concursos p\u00fablicos da Prefeitura de Ribeir\u00e3o Preto","author":"noticiasribeiraopreto.com.br","date":"8 de January de 2024","format":false,"excerpt":"A Prefeitura de Ribeir\u00e3o Preto est\u00e1 com as inscri\u00e7\u00f5es abertas para dois concursos p\u00fablicos com 28 vagas e sal\u00e1rios entre R$ 2,5 mil e R$ 5,6 mil. Os cargos s\u00e3o de n\u00edvel fundamental, m\u00e9dio, t\u00e9cnico e superior. Para o concurso p\u00fablico do edital 06\/2023 as inscri\u00e7\u00f5es come\u00e7aram na \u00faltima ter\u00e7a-feira\u2026","rel":"","context":"In &quot;Not\u00edcias de Ribeir\u00e3o Preto-SP e Regi\u00e3o&quot;","block_context":{"text":"Not\u00edcias de Ribeir\u00e3o Preto-SP e Regi\u00e3o","link":"https:\/\/noticiasribeiraopreto.com.br\/index.php\/category\/noticias-de-ribeirao-preto-sp-e-regiao-ismael-colosi\/"},"img":{"alt_text":"","src":"https:\/\/i0.wp.com\/noticiasribeiraopreto.com.br\/wp-content\/uploads\/2024\/01\/concurso-publico.jpg?fit=1200%2C800&ssl=1&resize=350%2C200","width":350,"height":200,"srcset":"https:\/\/i0.wp.com\/noticiasribeiraopreto.com.br\/wp-content\/uploads\/2024\/01\/concurso-publico.jpg?fit=1200%2C800&ssl=1&resize=350%2C200 1x, https:\/\/i0.wp.com\/noticiasribeiraopreto.com.br\/wp-content\/uploads\/2024\/01\/concurso-publico.jpg?fit=1200%2C800&ssl=1&resize=525%2C300 1.5x, https:\/\/i0.wp.com\/noticiasribeiraopreto.com.br\/wp-content\/uploads\/2024\/01\/concurso-publico.jpg?fit=1200%2C800&ssl=1&resize=700%2C400 2x, https:\/\/i0.wp.com\/noticiasribeiraopreto.com.br\/wp-content\/uploads\/2024\/01\/concurso-publico.jpg?fit=1200%2C800&ssl=1&resize=1050%2C600 3x"},"classes":[]},{"id":25513,"url":"https:\/\/noticiasribeiraopreto.com.br\/index.php\/2024\/01\/07\/prefeitura-de-ribeirao-preto-abre-inscricoes-para-concurso-publico-nesta-segunda\/","url_meta":{"origin":20855,"position":2},"title":"Prefeitura de Ribeir\u00e3o Preto abre inscri\u00e7\u00f5es para concurso p\u00fablico nesta segunda","author":"noticiasribeiraopreto.com.br","date":"7 de January de 2024","format":false,"excerpt":"A Prefeitura de Ribeir\u00e3o Preto abre nesta segunda-feira (8) as inscri\u00e7\u00f5es do concurso p\u00fablico com vagas na Secretaria Municipal de \u00c1gua e Esgoto (Saerp). S\u00e3o 16 vagas abertas com cargos para n\u00edveis fundamental, m\u00e9dio, t\u00e9cnico e superior, com sal\u00e1rios iniciais variando entre R$ 2.250 e R$ 5.645. O edital foi\u2026","rel":"","context":"In &quot;Not\u00edcias de Ribeir\u00e3o Preto-SP e Regi\u00e3o&quot;","block_context":{"text":"Not\u00edcias de Ribeir\u00e3o Preto-SP e Regi\u00e3o","link":"https:\/\/noticiasribeiraopreto.com.br\/index.php\/category\/noticias-de-ribeirao-preto-sp-e-regiao-ismael-colosi\/"},"img":{"alt_text":"","src":"https:\/\/i0.wp.com\/noticiasribeiraopreto.com.br\/wp-content\/uploads\/2024\/01\/man-5710164_1280.jpg?fit=1200%2C800&ssl=1&resize=350%2C200","width":350,"height":200,"srcset":"https:\/\/i0.wp.com\/noticiasribeiraopreto.com.br\/wp-content\/uploads\/2024\/01\/man-5710164_1280.jpg?fit=1200%2C800&ssl=1&resize=350%2C200 1x, https:\/\/i0.wp.com\/noticiasribeiraopreto.com.br\/wp-content\/uploads\/2024\/01\/man-5710164_1280.jpg?fit=1200%2C800&ssl=1&resize=525%2C300 1.5x, https:\/\/i0.wp.com\/noticiasribeiraopreto.com.br\/wp-content\/uploads\/2024\/01\/man-5710164_1280.jpg?fit=1200%2C800&ssl=1&resize=700%2C400 2x, https:\/\/i0.wp.com\/noticiasribeiraopreto.com.br\/wp-content\/uploads\/2024\/01\/man-5710164_1280.jpg?fit=1200%2C800&ssl=1&resize=1050%2C600 3x"},"classes":[]},{"id":31203,"url":"https:\/\/noticiasribeiraopreto.com.br\/index.php\/2024\/01\/21\/ribeirao-preto-tem-38-vagas-em-concursos-publicos-com-salarios-de-ate-r-8-mil\/","url_meta":{"origin":20855,"position":3},"title":"Ribeir\u00e3o Preto tem 38 vagas em concursos p\u00fablicos com sal\u00e1rios de at\u00e9 R$ 8 mil","author":"noticiasribeiraopreto.com.br","date":"21 de January de 2024","format":false,"excerpt":"A Prefeitura de Ribeir\u00e3o Preto conta com tr\u00eas concursos p\u00fablicos com 38 vagas dispon\u00edveis de n\u00edvel fundamental, m\u00e9dio, t\u00e9cnico e superior. Os sal\u00e1rios variam entre R$ 2,4 mil e R$ 8,8 mil. Veja as vagas A Prefeitura de Ribeir\u00e3o Preto conta com 10 vagas para o cargo de fiscal fazend\u00e1rio.\u2026","rel":"","context":"In &quot;Not\u00edcias de Ribeir\u00e3o Preto-SP e Regi\u00e3o&quot;","block_context":{"text":"Not\u00edcias de Ribeir\u00e3o Preto-SP e Regi\u00e3o","link":"https:\/\/noticiasribeiraopreto.com.br\/index.php\/category\/noticias-de-ribeirao-preto-sp-e-regiao-ismael-colosi\/"},"img":{"alt_text":"","src":"https:\/\/i0.wp.com\/noticiasribeiraopreto.com.br\/wp-content\/uploads\/2024\/01\/concurso-publico-5.jpg?fit=1200%2C800&ssl=1&resize=350%2C200","width":350,"height":200,"srcset":"https:\/\/i0.wp.com\/noticiasribeiraopreto.com.br\/wp-content\/uploads\/2024\/01\/concurso-publico-5.jpg?fit=1200%2C800&ssl=1&resize=350%2C200 1x, https:\/\/i0.wp.com\/noticiasribeiraopreto.com.br\/wp-content\/uploads\/2024\/01\/concurso-publico-5.jpg?fit=1200%2C800&ssl=1&resize=525%2C300 1.5x, https:\/\/i0.wp.com\/noticiasribeiraopreto.com.br\/wp-content\/uploads\/2024\/01\/concurso-publico-5.jpg?fit=1200%2C800&ssl=1&resize=700%2C400 2x, https:\/\/i0.wp.com\/noticiasribeiraopreto.com.br\/wp-content\/uploads\/2024\/01\/concurso-publico-5.jpg?fit=1200%2C800&ssl=1&resize=1050%2C600 3x"},"classes":[]},{"id":43728,"url":"https:\/\/noticiasribeiraopreto.com.br\/index.php\/2024\/03\/22\/prefeitura-de-ribeirao-preto-abre-concurso-publico-com-salario-de-r-8-mil\/","url_meta":{"origin":20855,"position":4},"title":"Prefeitura de Ribeir\u00e3o Preto abre concurso p\u00fablico com sal\u00e1rio de R$ 8 mil","author":"noticiasribeiraopreto.com.br","date":"22 de March de 2024","format":false,"excerpt":"A Prefeitura de Ribeir\u00e3o Preto publicou no Di\u00e1rio Oficial do Munic\u00edpio desta sexta-feira (22) o edital do concurso p\u00fablico para contrata\u00e7\u00e3o de coordenador pedag\u00f3gico. As vagas s\u00e3o de n\u00edvel superior e os sal\u00e1rios para fun\u00e7\u00e3o s\u00e3o de R$ 8.586,35. As inscri\u00e7\u00f5es devem ser realizadas entre os dias 02 de abril\u2026","rel":"","context":"In &quot;Not\u00edcias de Ribeir\u00e3o Preto-SP e Regi\u00e3o&quot;","block_context":{"text":"Not\u00edcias de Ribeir\u00e3o Preto-SP e Regi\u00e3o","link":"https:\/\/noticiasribeiraopreto.com.br\/index.php\/category\/noticias-de-ribeirao-preto-sp-e-regiao-ismael-colosi\/"},"img":{"alt_text":"","src":"https:\/\/i0.wp.com\/noticiasribeiraopreto.com.br\/wp-content\/uploads\/2024\/03\/inauguracao_centro_administrativo_prefeitura_-_foto_guilherme_sircili_14.jpg?fit=1200%2C799&ssl=1&resize=350%2C200","width":350,"height":200,"srcset":"https:\/\/i0.wp.com\/noticiasribeiraopreto.com.br\/wp-content\/uploads\/2024\/03\/inauguracao_centro_administrativo_prefeitura_-_foto_guilherme_sircili_14.jpg?fit=1200%2C799&ssl=1&resize=350%2C200 1x, https:\/\/i0.wp.com\/noticiasribeiraopreto.com.br\/wp-content\/uploads\/2024\/03\/inauguracao_centro_administrativo_prefeitura_-_foto_guilherme_sircili_14.jpg?fit=1200%2C799&ssl=1&resize=525%2C300 1.5x, https:\/\/i0.wp.com\/noticiasribeiraopreto.com.br\/wp-content\/uploads\/2024\/03\/inauguracao_centro_administrativo_prefeitura_-_foto_guilherme_sircili_14.jpg?fit=1200%2C799&ssl=1&resize=700%2C400 2x, https:\/\/i0.wp.com\/noticiasribeiraopreto.com.br\/wp-content\/uploads\/2024\/03\/inauguracao_centro_administrativo_prefeitura_-_foto_guilherme_sircili_14.jpg?fit=1200%2C799&ssl=1&resize=1050%2C600 3x"},"classes":[]},{"id":21369,"url":"https:\/\/noticiasribeiraopreto.com.br\/index.php\/2023\/12\/27\/concurso-da-prefeitura-de-ribeirao-preto-sp-abre-12-vagas-para-5-cargos\/","url_meta":{"origin":20855,"position":5},"title":"Concurso da Prefeitura de Ribeir\u00e3o Preto SP abre 12 vagas para 5 cargos","author":"noticiasribeiraopreto.com.br","date":"27 de December de 2023","format":false,"excerpt":"Est\u00e1 publicado o novo edital do concurso da Prefeitura de Ribeir\u00e3o Preto, localizada no interior do estado de S\u00e3o Paulo. O certame visa ao provimento de 12 vagas imediatas, atrav\u00e9s do regime estatut\u00e1rio. Candidatos que conclu\u00edram o ensino fundamental podem se inscrever para as fun\u00e7\u00f5es de motorista CNH categoria \u201cD\u201d\u2026","rel":"","context":"In &quot;Vagas de Emprego em Ribeir\u00e3o Preto-SP&quot;","block_context":{"text":"Vagas de Emprego em Ribeir\u00e3o Preto-SP","link":"https:\/\/noticiasribeiraopreto.com.br\/index.php\/category\/empregos-classificados-vagas-trabalho\/vagas-de-empregos-em-ribeirao-preto-regiao-brasil\/"},"img":{"alt_text":"","src":"https:\/\/i0.wp.com\/noticiasribeiraopreto.com.br\/wp-content\/uploads\/2023\/12\/concurso-prefeitura-ribeirao-preto-sp-1.jpg?fit=1200%2C675&ssl=1&resize=350%2C200","width":350,"height":200,"srcset":"https:\/\/i0.wp.com\/noticiasribeiraopreto.com.br\/wp-content\/uploads\/2023\/12\/concurso-prefeitura-ribeirao-preto-sp-1.jpg?fit=1200%2C675&ssl=1&resize=350%2C200 1x, https:\/\/i0.wp.com\/noticiasribeiraopreto.com.br\/wp-content\/uploads\/2023\/12\/concurso-prefeitura-ribeirao-preto-sp-1.jpg?fit=1200%2C675&ssl=1&resize=525%2C300 1.5x, https:\/\/i0.wp.com\/noticiasribeiraopreto.com.br\/wp-content\/uploads\/2023\/12\/concurso-prefeitura-ribeirao-preto-sp-1.jpg?fit=1200%2C675&ssl=1&resize=700%2C400 2x, https:\/\/i0.wp.com\/noticiasribeiraopreto.com.br\/wp-content\/uploads\/2023\/12\/concurso-prefeitura-ribeirao-preto-sp-1.jpg?fit=1200%2C675&ssl=1&resize=1050%2C600 3x"},"classes":[]}],"jetpack_sharing_enabled":true,"jetpack_shortlink":"https:\/\/wp.me\/peQAOb-5qn","_links":{"self":[{"href":"https:\/\/noticiasribeiraopreto.com.br\/index.php\/wp-json\/wp\/v2\/posts\/20855","targetHints":{"allow":["GET"]}}],"collection":[{"href":"https:\/\/noticiasribeiraopreto.com.br\/index.php\/wp-json\/wp\/v2\/posts"}],"about":[{"href":"https:\/\/noticiasribeiraopreto.com.br\/index.php\/wp-json\/wp\/v2\/types\/post"}],"author":[{"embeddable":true,"href":"https:\/\/noticiasribeiraopreto.com.br\/index.php\/wp-json\/wp\/v2\/users\/1"}],"replies":[{"embeddable":true,"href":"https:\/\/noticiasribeiraopreto.com.br\/index.php\/wp-json\/wp\/v2\/comments?post=20855"}],"version-history":[{"count":0,"href":"https:\/\/noticiasribeiraopreto.com.br\/index.php\/wp-json\/wp\/v2\/posts\/20855\/revisions"}],"wp:featuredmedia":[{"embeddable":true,"href":"https:\/\/noticiasribeiraopreto.com.br\/index.php\/wp-json\/wp\/v2\/media\/20856"}],"wp:attachment":[{"href":"https:\/\/noticiasribeiraopreto.com.br\/index.php\/wp-json\/wp\/v2\/media?parent=20855"}],"wp:term":[{"taxonomy":"category","embeddable":true,"href":"https:\/\/noticiasribeiraopreto.com.br\/index.php\/wp-json\/wp\/v2\/categories?post=20855"},{"taxonomy":"post_tag","embeddable":true,"href":"https:\/\/noticiasribeiraopreto.com.br\/index.php\/wp-json\/wp\/v2\/tags?post=20855"}],"curies":[{"name":"wp","href":"https:\/\/api.w.org\/{rel}","templated":true}]}}