{"id":20863,"date":"2023-12-26T17:01:01","date_gmt":"2023-12-26T20:01:01","guid":{"rendered":"https:\/\/noticiasribeiraopreto.com.br\/index.php\/2023\/12\/26\/morre-pedrinho-da-musica-acorda-pedrinho-grande-sucesso-nas-paradas\/"},"modified":"2023-12-26T17:01:01","modified_gmt":"2023-12-26T20:01:01","slug":"morre-pedrinho-da-musica-acorda-pedrinho-grande-sucesso-nas-paradas","status":"publish","type":"post","link":"https:\/\/noticiasribeiraopreto.com.br\/index.php\/2023\/12\/26\/morre-pedrinho-da-musica-acorda-pedrinho-grande-sucesso-nas-paradas\/","title":{"rendered":"Morre Pedrinho, da m\u00fasica &#8216;Acorda, Pedrinho&#8217;, grande sucesso nas paradas"},"content":{"rendered":"<div class='code-block code-block-1' style='margin: 8px 0 8px auto; text-align: right; display: block; clear: both;'>\n<p><a href=\"https:\/\/wa.link\/vpicfd\"><img data-recalc-dims=\"1\" class=\"wp-image-4922\" style=\"aspect-ratio: 2.0253164556962027; width: 561px; height: auto;\" src=\"https:\/\/i0.wp.com\/ismaelcolosi.com.br\/wp-content\/uploads\/2023\/11\/grupo-de-empregos-whatsapp-e-facebook-ismael-colosi-vagas.jpg?ssl=1\" alt=\"\" \/><\/a><\/p>\n<!-- \/wp:image -->\n<\/div>\n<p> <br \/>\n<\/p>\n<div itemprop=\"text\">\n<p>Foi confirmada a morte de Pedro Domingos Prado, que foi inspira\u00e7\u00e3o para a m\u00fasica Acorda, Pedrinho, da banda Jovem Dion\u00edsio. A can\u00e7\u00e3o, para quem n\u00e3o lenbra, virou uma febre h\u00e1 um tempo no Brasil e ficou entre as mais bombadas das redes sociais e plataformas de reprodu\u00e7\u00e3o de m\u00fasicas.<\/p>\n<p>Pedro Domingos faleceu no \u00faltimo dia 25, feriado de Natal, aos 65 anos. O respons\u00e1vel por inspirar a m\u00fasica da Jovem Dion\u00edsio teve falecimento confirmado em Curitiba, no estado do Paran\u00e1.<\/p>\n<p><iframe loading=\"lazy\" title=\"Jovem Dionisio - ACORDA PEDRINHO\" width=\"500\" height=\"281\" src=\"https:\/\/www.youtube.com\/embed\/ukPO8UtBAIk?feature=oembed\" frameborder=\"0\" allow=\"accelerometer; autoplay; clipboard-write; encrypted-media; gyroscope; picture-in-picture; web-share\" referrerpolicy=\"strict-origin-when-cross-origin\" allowfullscreen><\/iframe><\/p>\n<p>Pedro trabalhou por um longo per\u00edodo como gar\u00e7om no bar Luzitano e na Pastelaria Juvev\u00ea, estabelecimentos situados no bairro Juvev\u00ea, que se destaca pela variedade gastron\u00f4mica. O homem morava no centro de Curitiba e ganhou o carinho dos moradores por sua simpatia.<\/p>\n<p><img data-recalc-dims=\"1\" decoding=\"async\" src=\"https:\/\/i0.wp.com\/fnmais.com\/wp-content\/uploads\/2023\/12\/postiimg-658b0939ca7898699.jpeg?ssl=1\" alt=\"Pedro Domingos inspirou hit Acorda Pedrinho da banda JovemDionsio\"\/><\/p>\n<p>Ao longo dos anos, Pedro fez muitas amizades no bairro Juvev\u00ea, para onde ia de \u00f4nibus todos os dias. Nas redes sociais, muitos internautas lamentaram a partida do curitibano.<\/p>\n<p><em>\u201cN\u00e3o acredito que o Pedrinho partiu, deixou legado, era daqueles \u00edcones do bairro, cidad\u00e3o honor\u00e1rio, onipresente, estava em todos os bares do juvev\u00ea ao mesmo tempo\u201d<\/em>, escreveu um admirador.<\/p>\n<p>A Prefeitura de Curitiba informou que Pedro foi encontrado sem vida dentro do quarto de hotel onde morava. A causa do \u00f3bito do morador ainda n\u00e3o foi divulgada.<\/p>\n<h3>A hist\u00f3ria do hit<\/h3>\n<p>Bernardo Pasquali (Belni), Gustavo Karam, Bernardo Hey (Ber Hey), Rafael Mendes (Fufa) e Gabriel Mendes (Mend\u00e3o), integrantes da banda Jovem Dion\u00edsio, conheceram Pedro no bar que era ponto de encontro do grupo.<\/p>\n<p>Logo surgiu uma grande amizade entre a banda e Pedro. O homem era frequentemente visto dormindo no dar e, depois da soneca, costumava jogar sinuca. A situa\u00e7\u00e3o serviu de inspira\u00e7\u00e3o para os artistas, que escreveu a m\u00fasica \u2018Acorda, Pedrinho\u2019.<\/p>\n<p>N\u00e3o demorou para que a m\u00fasica ficasse no topo Spotify Brasil. O sucesso alcan\u00e7ou milh\u00f5es de reprodu\u00e7\u00f5es.<\/p>\n<\/div>\n<p><br \/>\n<br \/><a href=\"https:\/\/fnmais.com\/morre-pedrinho-musica-acorda-pedrinho-grande-sucesso-nas-paradas\/\">Source link <\/a><\/p>\n<!-- CONTENT END 1 -->\n","protected":false},"excerpt":{"rendered":"<p>Foi confirmada a morte de Pedro Domingos Prado, que foi inspira\u00e7\u00e3o para a m\u00fasica Acorda, Pedrinho, da banda Jovem Dion\u00edsio. A can\u00e7\u00e3o, para quem n\u00e3o&#8230;<\/p>\n","protected":false},"author":1,"featured_media":20864,"comment_status":"open","ping_status":"open","sticky":false,"template":"","format":"standard","meta":{"advanced_seo_description":"","jetpack_seo_html_title":"","jetpack_seo_noindex":false,"jetpack_post_was_ever_published":false,"_jetpack_newsletter_access":"","_jetpack_dont_email_post_to_subs":false,"_jetpack_newsletter_tier_id":0,"_jetpack_memberships_contains_paywalled_content":false,"_jetpack_memberships_contains_paid_content":false,"footnotes":"","jetpack_publicize_message":"","jetpack_publicize_feature_enabled":true,"jetpack_social_post_already_shared":true,"jetpack_social_options":{"image_generator_settings":{"template":"highway","default_image_id":0,"font":"","enabled":false},"version":2}},"categories":[1],"tags":[],"class_list":["post-20863","post","type-post","status-publish","format-standard","has-post-thumbnail","hentry","category-blog"],"jetpack_publicize_connections":[],"jetpack_featured_media_url":"https:\/\/i0.wp.com\/noticiasribeiraopreto.com.br\/wp-content\/uploads\/2023\/12\/postimg-658b093bd467c5167.jpg?fit=1200%2C628&ssl=1","jetpack-related-posts":[{"id":20888,"url":"https:\/\/noticiasribeiraopreto.com.br\/index.php\/2023\/12\/26\/morre-pedro-domingos-que-inspirou-o-hit-acorda-pedrinho\/","url_meta":{"origin":20863,"position":0},"title":"Morre Pedro Domingos, que inspirou o hit &#8220;Acorda Pedrinho&#8221;","author":"noticiasribeiraopreto.com.br","date":"26 de December de 2023","format":false,"excerpt":"Pedro Domingos do Prado, a figura de inspira\u00e7\u00e3o para um dos maiores hits brasileiros de 2022, \u201cAcorda Pedrinho\u201d, faleceu aos 65 anos. A morte do personagem da cena cultural de Curitiba ocorreu nesta segunda-feira, 25, num quarto de hotel, onde morava. Cr\u00e9ditos: Reprodu\u00e7\u00e3o\/Instagram @jovemdionisio @Morre Pedro Domingos, que inspirou o\u2026","rel":"","context":"In &quot;Variedades&quot;","block_context":{"text":"Variedades","link":"https:\/\/noticiasribeiraopreto.com.br\/index.php\/category\/variedades\/"},"img":{"alt_text":"","src":"https:\/\/i0.wp.com\/noticiasribeiraopreto.com.br\/wp-content\/uploads\/2023\/12\/acorda-pedrinho.jpg?fit=1200%2C638&ssl=1&resize=350%2C200","width":350,"height":200,"srcset":"https:\/\/i0.wp.com\/noticiasribeiraopreto.com.br\/wp-content\/uploads\/2023\/12\/acorda-pedrinho.jpg?fit=1200%2C638&ssl=1&resize=350%2C200 1x, https:\/\/i0.wp.com\/noticiasribeiraopreto.com.br\/wp-content\/uploads\/2023\/12\/acorda-pedrinho.jpg?fit=1200%2C638&ssl=1&resize=525%2C300 1.5x, https:\/\/i0.wp.com\/noticiasribeiraopreto.com.br\/wp-content\/uploads\/2023\/12\/acorda-pedrinho.jpg?fit=1200%2C638&ssl=1&resize=700%2C400 2x, https:\/\/i0.wp.com\/noticiasribeiraopreto.com.br\/wp-content\/uploads\/2023\/12\/acorda-pedrinho.jpg?fit=1200%2C638&ssl=1&resize=1050%2C600 3x"},"classes":[]},{"id":74922,"url":"https:\/\/noticiasribeiraopreto.com.br\/index.php\/2025\/07\/31\/teatro-de-arena-de-ribeirao-preto-recebe-show-da-banda-jovem-dionisio-veja-quando\/","url_meta":{"origin":20863,"position":1},"title":"Teatro de Arena de Ribeir\u00e3o Preto recebe show da banda Jovem Dion\u00edsio; veja quando","author":"noticiasribeiraopreto.com.br","date":"31 de July de 2025","format":false,"excerpt":"O Teatro de Arena de Ribeir\u00e3o Preto recebe no dia 31 de agosto, \u00e0s 18h, a banda curitibana Jovem Dion\u00edsio. A venda dos ingressos come\u00e7am no dia 19 de agosto. O show promovido pelo Sesc Ribeir\u00e3o contar\u00e1 com o repert\u00f3rio do novo disco da banda \u201cOntem eu tinha Certeza (Hoje\u2026","rel":"","context":"In &quot;Not\u00edcias de Ribeir\u00e3o Preto-SP e Regi\u00e3o&quot;","block_context":{"text":"Not\u00edcias de Ribeir\u00e3o Preto-SP e Regi\u00e3o","link":"https:\/\/noticiasribeiraopreto.com.br\/index.php\/category\/noticias-de-ribeirao-preto-sp-e-regiao-ismael-colosi\/"},"img":{"alt_text":"","src":"https:\/\/i0.wp.com\/noticiasribeiraopreto.com.br\/wp-content\/uploads\/2025\/07\/jovem-dionisio-foto-1068x770-1_2025-07-31_13-42-49.webp.webp?fit=1068%2C770&ssl=1&resize=350%2C200","width":350,"height":200,"srcset":"https:\/\/i0.wp.com\/noticiasribeiraopreto.com.br\/wp-content\/uploads\/2025\/07\/jovem-dionisio-foto-1068x770-1_2025-07-31_13-42-49.webp.webp?fit=1068%2C770&ssl=1&resize=350%2C200 1x, https:\/\/i0.wp.com\/noticiasribeiraopreto.com.br\/wp-content\/uploads\/2025\/07\/jovem-dionisio-foto-1068x770-1_2025-07-31_13-42-49.webp.webp?fit=1068%2C770&ssl=1&resize=525%2C300 1.5x, https:\/\/i0.wp.com\/noticiasribeiraopreto.com.br\/wp-content\/uploads\/2025\/07\/jovem-dionisio-foto-1068x770-1_2025-07-31_13-42-49.webp.webp?fit=1068%2C770&ssl=1&resize=700%2C400 2x, https:\/\/i0.wp.com\/noticiasribeiraopreto.com.br\/wp-content\/uploads\/2025\/07\/jovem-dionisio-foto-1068x770-1_2025-07-31_13-42-49.webp.webp?fit=1068%2C770&ssl=1&resize=1050%2C600 3x"},"classes":[]},{"id":74955,"url":"https:\/\/noticiasribeiraopreto.com.br\/index.php\/2025\/07\/31\/teatro-de-arena-de-ribeirao-preto-recebe-show-da-banda-jovem-dionisio-veja-quando-2\/","url_meta":{"origin":20863,"position":2},"title":"Teatro de Arena de Ribeir\u00e3o Preto recebe show da banda Jovem Dion\u00edsio; veja quando","author":"noticiasribeiraopreto.com.br","date":"31 de July de 2025","format":false,"excerpt":"O Teatro de Arena de Ribeir\u00e3o Preto recebe no dia 31 de agosto, \u00e0s 18h, a banda curitibana Jovem Dion\u00edsio. A venda dos ingressos come\u00e7am no dia 19 de agosto. O show promovido pelo Sesc Ribeir\u00e3o contar\u00e1 com o repert\u00f3rio do novo disco da banda \u201cOntem eu tinha Certeza (Hoje\u2026","rel":"","context":"In &quot;Not\u00edcias de Ribeir\u00e3o Preto-SP e Regi\u00e3o&quot;","block_context":{"text":"Not\u00edcias de Ribeir\u00e3o Preto-SP e Regi\u00e3o","link":"https:\/\/noticiasribeiraopreto.com.br\/index.php\/category\/noticias-de-ribeirao-preto-sp-e-regiao-ismael-colosi\/"},"img":{"alt_text":"","src":"https:\/\/i0.wp.com\/noticiasribeiraopreto.com.br\/wp-content\/uploads\/2025\/07\/jovem-dionisio-banda_2025-07-31_15-17-50.webp.webp?fit=1200%2C758&ssl=1&resize=350%2C200","width":350,"height":200,"srcset":"https:\/\/i0.wp.com\/noticiasribeiraopreto.com.br\/wp-content\/uploads\/2025\/07\/jovem-dionisio-banda_2025-07-31_15-17-50.webp.webp?fit=1200%2C758&ssl=1&resize=350%2C200 1x, https:\/\/i0.wp.com\/noticiasribeiraopreto.com.br\/wp-content\/uploads\/2025\/07\/jovem-dionisio-banda_2025-07-31_15-17-50.webp.webp?fit=1200%2C758&ssl=1&resize=525%2C300 1.5x, https:\/\/i0.wp.com\/noticiasribeiraopreto.com.br\/wp-content\/uploads\/2025\/07\/jovem-dionisio-banda_2025-07-31_15-17-50.webp.webp?fit=1200%2C758&ssl=1&resize=700%2C400 2x, https:\/\/i0.wp.com\/noticiasribeiraopreto.com.br\/wp-content\/uploads\/2025\/07\/jovem-dionisio-banda_2025-07-31_15-17-50.webp.webp?fit=1200%2C758&ssl=1&resize=1050%2C600 3x"},"classes":[]},{"id":75442,"url":"https:\/\/noticiasribeiraopreto.com.br\/index.php\/2025\/08\/08\/angelica-de-la-riva-canta-com-a-osrp\/","url_meta":{"origin":20863,"position":3},"title":"Angelica de la Riva canta com a Osrp","author":"noticiasribeiraopreto.com.br","date":"8 de August de 2025","format":false,"excerpt":"S\u00e9rie Concertos Internacionais ter\u00e1 a participa\u00e7\u00e3o da soprano Angelica de la Riva no espet\u00e1culo \u201cM\u00fasica Feramente Humana\u201d A Orquestra Sinf\u00f4nica de Ribeir\u00e3o Preto voltar\u00e1 ao Theatro Pedro II nesta sexta-feira, 8 de agosto, \u00e0s 20 horas, para apresentar mais uma edi\u00e7\u00e3o especial da s\u00e9rie Concertos Internacionais, desta vez com a\u2026","rel":"","context":"In &quot;Not\u00edcias de Ribeir\u00e3o Preto-SP e Regi\u00e3o&quot;","block_context":{"text":"Not\u00edcias de Ribeir\u00e3o Preto-SP e Regi\u00e3o","link":"https:\/\/noticiasribeiraopreto.com.br\/index.php\/category\/noticias-de-ribeirao-preto-sp-e-regiao-ismael-colosi\/"},"img":{"alt_text":"","src":"https:\/\/i0.wp.com\/noticiasribeiraopreto.com.br\/wp-content\/uploads\/2025\/08\/OrqueOSRP-Riv-Divulgacao-scaled.jpg?fit=1170%2C780&ssl=1&resize=350%2C200","width":350,"height":200,"srcset":"https:\/\/i0.wp.com\/noticiasribeiraopreto.com.br\/wp-content\/uploads\/2025\/08\/OrqueOSRP-Riv-Divulgacao-scaled.jpg?fit=1170%2C780&ssl=1&resize=350%2C200 1x, https:\/\/i0.wp.com\/noticiasribeiraopreto.com.br\/wp-content\/uploads\/2025\/08\/OrqueOSRP-Riv-Divulgacao-scaled.jpg?fit=1170%2C780&ssl=1&resize=525%2C300 1.5x, https:\/\/i0.wp.com\/noticiasribeiraopreto.com.br\/wp-content\/uploads\/2025\/08\/OrqueOSRP-Riv-Divulgacao-scaled.jpg?fit=1170%2C780&ssl=1&resize=700%2C400 2x, https:\/\/i0.wp.com\/noticiasribeiraopreto.com.br\/wp-content\/uploads\/2025\/08\/OrqueOSRP-Riv-Divulgacao-scaled.jpg?fit=1170%2C780&ssl=1&resize=1050%2C600 3x"},"classes":[]},{"id":81152,"url":"https:\/\/noticiasribeiraopreto.com.br\/index.php\/2025\/12\/25\/apos-grave-acidente-pedro-severino-vive-natal-de-fe-e-superacao\/","url_meta":{"origin":20863,"position":4},"title":"Ap\u00f3s grave acidente, Pedro Severino vive Natal de f\u00e9 e supera\u00e7\u00e3o","author":"noticiasribeiraopreto.com.br","date":"25 de December de 2025","format":false,"excerpt":"O atleta de 20 anos venceu um quadro grav\u00edssimo de traumatismo craniano e interrompeu protocolos de morte cerebral ap\u00f3s um acidente de carro na Rodovia Anhanguera, em mar\u00e7o deste ano. Apontado como uma promessa do futebol, o atacante Pedro Severino, de 20 anos, comemora o primeiro Natal ao lado da\u2026","rel":"","context":"In &quot;Not\u00edcias de Ribeir\u00e3o Preto-SP e Regi\u00e3o&quot;","block_context":{"text":"Not\u00edcias de Ribeir\u00e3o Preto-SP e Regi\u00e3o","link":"https:\/\/noticiasribeiraopreto.com.br\/index.php\/category\/noticias-de-ribeirao-preto-sp-e-regiao-ismael-colosi\/"},"img":{"alt_text":"","src":"https:\/\/i0.wp.com\/noticiasribeiraopreto.com.br\/wp-content\/uploads\/2025\/12\/foto-1-familia-1-scaled.jpeg?fit=585%2C780&ssl=1&resize=350%2C200","width":350,"height":200,"srcset":"https:\/\/i0.wp.com\/noticiasribeiraopreto.com.br\/wp-content\/uploads\/2025\/12\/foto-1-familia-1-scaled.jpeg?fit=585%2C780&ssl=1&resize=350%2C200 1x, https:\/\/i0.wp.com\/noticiasribeiraopreto.com.br\/wp-content\/uploads\/2025\/12\/foto-1-familia-1-scaled.jpeg?fit=585%2C780&ssl=1&resize=525%2C300 1.5x"},"classes":[]},{"id":7424,"url":"https:\/\/noticiasribeiraopreto.com.br\/index.php\/2023\/11\/28\/concurso-publico-da-camara-de-doutor-pedrinho-oferece-vagas-para-nivel-superior-e-medio\/","url_meta":{"origin":20863,"position":5},"title":"Concurso p\u00fablico da C\u00e2mara de Doutor Pedrinho oferece vagas para n\u00edvel superior e m\u00e9dio","author":"noticiasribeiraopreto.com.br","date":"28 de November de 2023","format":false,"excerpt":"Cr\u00e9ditos: IStockConcurso P\u00fablico da C\u00e2mara de Doutor PedrinhoA C\u00e2mara de Doutor Pedrinho, no estado de\u00a0Santa Catarina, anuncia edital de n\u00ba 01\/2023 para concurso p\u00fablico, que visa o provimento de uma vaga imediata, al\u00e9m de formar cadastro reserva. As oportunidades s\u00e3o destinadas a profissionais com n\u00edvel escolaridade superior e m\u00e9dio.Assistente Administrativo:\u2026","rel":"","context":"In &quot;Variedades&quot;","block_context":{"text":"Variedades","link":"https:\/\/noticiasribeiraopreto.com.br\/index.php\/category\/variedades\/"},"img":{"alt_text":"","src":"https:\/\/i0.wp.com\/noticiasribeiraopreto.com.br\/wp-content\/uploads\/2023\/11\/istock-524069563.jpg?fit=1200%2C638&ssl=1&resize=350%2C200","width":350,"height":200,"srcset":"https:\/\/i0.wp.com\/noticiasribeiraopreto.com.br\/wp-content\/uploads\/2023\/11\/istock-524069563.jpg?fit=1200%2C638&ssl=1&resize=350%2C200 1x, https:\/\/i0.wp.com\/noticiasribeiraopreto.com.br\/wp-content\/uploads\/2023\/11\/istock-524069563.jpg?fit=1200%2C638&ssl=1&resize=525%2C300 1.5x, https:\/\/i0.wp.com\/noticiasribeiraopreto.com.br\/wp-content\/uploads\/2023\/11\/istock-524069563.jpg?fit=1200%2C638&ssl=1&resize=700%2C400 2x, https:\/\/i0.wp.com\/noticiasribeiraopreto.com.br\/wp-content\/uploads\/2023\/11\/istock-524069563.jpg?fit=1200%2C638&ssl=1&resize=1050%2C600 3x"},"classes":[]}],"jetpack_sharing_enabled":true,"jetpack_shortlink":"https:\/\/wp.me\/peQAOb-5qv","_links":{"self":[{"href":"https:\/\/noticiasribeiraopreto.com.br\/index.php\/wp-json\/wp\/v2\/posts\/20863","targetHints":{"allow":["GET"]}}],"collection":[{"href":"https:\/\/noticiasribeiraopreto.com.br\/index.php\/wp-json\/wp\/v2\/posts"}],"about":[{"href":"https:\/\/noticiasribeiraopreto.com.br\/index.php\/wp-json\/wp\/v2\/types\/post"}],"author":[{"embeddable":true,"href":"https:\/\/noticiasribeiraopreto.com.br\/index.php\/wp-json\/wp\/v2\/users\/1"}],"replies":[{"embeddable":true,"href":"https:\/\/noticiasribeiraopreto.com.br\/index.php\/wp-json\/wp\/v2\/comments?post=20863"}],"version-history":[{"count":0,"href":"https:\/\/noticiasribeiraopreto.com.br\/index.php\/wp-json\/wp\/v2\/posts\/20863\/revisions"}],"wp:featuredmedia":[{"embeddable":true,"href":"https:\/\/noticiasribeiraopreto.com.br\/index.php\/wp-json\/wp\/v2\/media\/20864"}],"wp:attachment":[{"href":"https:\/\/noticiasribeiraopreto.com.br\/index.php\/wp-json\/wp\/v2\/media?parent=20863"}],"wp:term":[{"taxonomy":"category","embeddable":true,"href":"https:\/\/noticiasribeiraopreto.com.br\/index.php\/wp-json\/wp\/v2\/categories?post=20863"},{"taxonomy":"post_tag","embeddable":true,"href":"https:\/\/noticiasribeiraopreto.com.br\/index.php\/wp-json\/wp\/v2\/tags?post=20863"}],"curies":[{"name":"wp","href":"https:\/\/api.w.org\/{rel}","templated":true}]}}